{"id":10033,"date":"2017-04-10T19:13:29","date_gmt":"2017-04-10T18:13:29","guid":{"rendered":"http:\/\/www.info-algerie.com\/actualites\/les-prochaines-elections-une-occasion-pour-une-transition-democratique-apaisee\/"},"modified":"2017-04-10T19:13:29","modified_gmt":"2017-04-10T18:13:29","slug":"les-prochaines-elections-une-occasion-pour-une-transition-democratique-apaisee","status":"publish","type":"post","link":"https:\/\/www.info-algerie.com\/actualites\/les-prochaines-elections-une-occasion-pour-une-transition-democratique-apaisee\/","title":{"rendered":"Les prochaines \u00e9lections, une occasion pour une transition d\u00e9mocratique apais\u00e9e"},"content":{"rendered":"<div class=\"K2FeedImage\"><img decoding=\"async\" src=\"https:\/\/www.info-algerie.com\/actualites\/wp-content\/uploads\/2017\/04\/b36128fdcf582b169239c8ca078a4f08_S.jpg\" alt=\"Les prochaines &#xE9;lections, une occasion pour une transition d&#xE9;mocratique apais&#xE9;e\" \/><\/div>\n<div class=\"K2FeedIntroText\"> BORDJ BOU ARRERIDJ &#8211; Le pr\u00e9sident du mouvement populaire alg\u00e9rien (MPA), Amara Benyoun\u00e8s, a estim\u00e9 lundi, \u00e0 Bordj Bou Arreridj, que les prochaines \u00e9lections l\u00e9gislatives repr\u00e9sentent \u00ab\u00a0une occasion d\u2019op\u00e9rer une transition d\u00e9mocratique apais\u00e9e\u00a0\u00bb. S\u2019exprimant au cours d\u2019une rencontre avec les repr\u00e9sentants de son parti au si\u00e8ge du MPA au chef-lieu\u2026<\/div>\n<p>&#013;<br \/>\nSource: <a href=\"http:\/\/www.aps.dz\/algerie\/55880-les-prochaines-%C3%A9lections,-une-occasion-pour-une-transition-d%C3%A9mocratique-apais%C3%A9e\" target=\"_blank\">Les prochaines \u00e9lections, une occasion pour une transition d\u00e9mocratique apais\u00e9e<\/a><\/p>\n<!--CusAds0-->\n<div style=\"font-size: 0px; height: 0px; line-height: 0px; margin: 0; padding: 0; clear: both;\"><\/div>","protected":false},"excerpt":{"rendered":"<p>BORDJ BOU ARRERIDJ &#8211; Le pr\u00e9sident du mouvement populaire alg\u00e9rien (MPA), Amara Benyoun\u00e8s, a estim\u00e9 lundi, \u00e0 Bordj Bou Arreridj, que les prochaines \u00e9lections l\u00e9gislatives repr\u00e9sentent \u00ab\u00a0une occasion d\u2019op\u00e9rer une transition d\u00e9mocratique apais\u00e9e\u00a0\u00bb. S\u2019exprimant au cours d\u2019une rencontre avec les repr\u00e9sentants de son parti au si\u00e8ge du MPA au chef-lieu\u2026 &#013; Source: Les prochaines \u00e9lections,<\/p>\n","protected":false},"author":6,"featured_media":10034,"comment_status":"open","ping_status":"open","sticky":false,"template":"","format":"standard","meta":{"footnotes":""},"categories":[22],"tags":[93],"class_list":["post-10033","post","type-post","status-publish","format-standard","has-post-thumbnail","hentry","category-infos","tag-onu"],"yoast_head":"<!-- This site is optimized with the Yoast SEO plugin v27.5 - https:\/\/yoast.com\/product\/yoast-seo-wordpress\/ -->\n<title>Les prochaines \u00e9lections, une occasion pour une transition d\u00e9mocratique apais\u00e9e - info algerie<\/title>\n<meta name=\"robots\" content=\"index, follow, max-snippet:-1, max-image-preview:large, max-video-preview:-1\" \/>\n<link rel=\"canonical\" href=\"https:\/\/www.info-algerie.com\/actualites\/les-prochaines-elections-une-occasion-pour-une-transition-democratique-apaisee\/\" \/>\n<meta property=\"og:locale\" content=\"fr_FR\" \/>\n<meta property=\"og:type\" content=\"article\" \/>\n<meta property=\"og:title\" content=\"Les prochaines \u00e9lections, une occasion pour une transition d\u00e9mocratique apais\u00e9e - info algerie\" \/>\n<meta property=\"og:description\" content=\"BORDJ BOU ARRERIDJ &#8211; Le pr\u00e9sident du mouvement populaire alg\u00e9rien (MPA), Amara Benyoun\u00e8s, a estim\u00e9 lundi, \u00e0 Bordj Bou Arreridj, que les prochaines \u00e9lections l\u00e9gislatives repr\u00e9sentent \u00ab\u00a0une occasion d\u2019op\u00e9rer une transition d\u00e9mocratique apais\u00e9e\u00a0\u00bb. S\u2019exprimant au cours d\u2019une rencontre avec les repr\u00e9sentants de son parti au si\u00e8ge du MPA au chef-lieu\u2026 &#013; Source: Les prochaines \u00e9lections,\" \/>\n<meta property=\"og:url\" content=\"https:\/\/www.info-algerie.com\/actualites\/les-prochaines-elections-une-occasion-pour-une-transition-democratique-apaisee\/\" \/>\n<meta property=\"og:site_name\" content=\"info algerie\" \/>\n<meta property=\"article:publisher\" content=\"https:\/\/www.facebook.com\/infoalgerieactu\" \/>\n<meta property=\"article:published_time\" content=\"2017-04-10T18:13:29+00:00\" \/>\n<meta property=\"og:image\" content=\"https:\/\/www.info-algerie.com\/actualites\/wp-content\/uploads\/2017\/04\/b36128fdcf582b169239c8ca078a4f08_S-1.jpg\" \/>\n\t<meta property=\"og:image:width\" content=\"150\" \/>\n\t<meta property=\"og:image:height\" content=\"85\" \/>\n\t<meta property=\"og:image:type\" content=\"image\/jpeg\" \/>\n<meta name=\"author\" content=\"La r\u00e9daction\" \/>\n<meta name=\"twitter:label1\" content=\"\u00c9crit par\" \/>\n\t<meta name=\"twitter:data1\" content=\"La r\u00e9daction\" \/>\n<script type=\"application\/ld+json\" class=\"yoast-schema-graph\">{\"@context\":\"https:\\\/\\\/schema.org\",\"@graph\":[{\"@type\":\"Article\",\"@id\":\"https:\\\/\\\/www.info-algerie.com\\\/actualites\\\/les-prochaines-elections-une-occasion-pour-une-transition-democratique-apaisee\\\/#article\",\"isPartOf\":{\"@id\":\"https:\\\/\\\/www.info-algerie.com\\\/actualites\\\/les-prochaines-elections-une-occasion-pour-une-transition-democratique-apaisee\\\/\"},\"author\":{\"name\":\"La r\u00e9daction\",\"@id\":\"https:\\\/\\\/www.info-algerie.com\\\/actualites\\\/#\\\/schema\\\/person\\\/847aaec44920825b843a08f30ec6aa1e\"},\"headline\":\"Les prochaines \u00e9lections, une occasion pour une transition d\u00e9mocratique apais\u00e9e\",\"datePublished\":\"2017-04-10T18:13:29+00:00\",\"mainEntityOfPage\":{\"@id\":\"https:\\\/\\\/www.info-algerie.com\\\/actualites\\\/les-prochaines-elections-une-occasion-pour-une-transition-democratique-apaisee\\\/\"},\"wordCount\":87,\"commentCount\":0,\"publisher\":{\"@id\":\"https:\\\/\\\/www.info-algerie.com\\\/actualites\\\/#organization\"},\"image\":{\"@id\":\"https:\\\/\\\/www.info-algerie.com\\\/actualites\\\/les-prochaines-elections-une-occasion-pour-une-transition-democratique-apaisee\\\/#primaryimage\"},\"thumbnailUrl\":\"https:\\\/\\\/www.info-algerie.com\\\/actualites\\\/wp-content\\\/uploads\\\/2017\\\/04\\\/b36128fdcf582b169239c8ca078a4f08_S-1.jpg\",\"keywords\":[\"ONU\"],\"articleSection\":[\"infos\"],\"inLanguage\":\"fr-FR\",\"potentialAction\":[{\"@type\":\"CommentAction\",\"name\":\"Comment\",\"target\":[\"https:\\\/\\\/www.info-algerie.com\\\/actualites\\\/les-prochaines-elections-une-occasion-pour-une-transition-democratique-apaisee\\\/#respond\"]}]},{\"@type\":\"WebPage\",\"@id\":\"https:\\\/\\\/www.info-algerie.com\\\/actualites\\\/les-prochaines-elections-une-occasion-pour-une-transition-democratique-apaisee\\\/\",\"url\":\"https:\\\/\\\/www.info-algerie.com\\\/actualites\\\/les-prochaines-elections-une-occasion-pour-une-transition-democratique-apaisee\\\/\",\"name\":\"Les prochaines \u00e9lections, une occasion pour une transition d\u00e9mocratique apais\u00e9e - info algerie\",\"isPartOf\":{\"@id\":\"https:\\\/\\\/www.info-algerie.com\\\/actualites\\\/#website\"},\"primaryImageOfPage\":{\"@id\":\"https:\\\/\\\/www.info-algerie.com\\\/actualites\\\/les-prochaines-elections-une-occasion-pour-une-transition-democratique-apaisee\\\/#primaryimage\"},\"image\":{\"@id\":\"https:\\\/\\\/www.info-algerie.com\\\/actualites\\\/les-prochaines-elections-une-occasion-pour-une-transition-democratique-apaisee\\\/#primaryimage\"},\"thumbnailUrl\":\"https:\\\/\\\/www.info-algerie.com\\\/actualites\\\/wp-content\\\/uploads\\\/2017\\\/04\\\/b36128fdcf582b169239c8ca078a4f08_S-1.jpg\",\"datePublished\":\"2017-04-10T18:13:29+00:00\",\"breadcrumb\":{\"@id\":\"https:\\\/\\\/www.info-algerie.com\\\/actualites\\\/les-prochaines-elections-une-occasion-pour-une-transition-democratique-apaisee\\\/#breadcrumb\"},\"inLanguage\":\"fr-FR\",\"potentialAction\":[{\"@type\":\"ReadAction\",\"target\":[\"https:\\\/\\\/www.info-algerie.com\\\/actualites\\\/les-prochaines-elections-une-occasion-pour-une-transition-democratique-apaisee\\\/\"]}]},{\"@type\":\"ImageObject\",\"inLanguage\":\"fr-FR\",\"@id\":\"https:\\\/\\\/www.info-algerie.com\\\/actualites\\\/les-prochaines-elections-une-occasion-pour-une-transition-democratique-apaisee\\\/#primaryimage\",\"url\":\"https:\\\/\\\/www.info-algerie.com\\\/actualites\\\/wp-content\\\/uploads\\\/2017\\\/04\\\/b36128fdcf582b169239c8ca078a4f08_S-1.jpg\",\"contentUrl\":\"https:\\\/\\\/www.info-algerie.com\\\/actualites\\\/wp-content\\\/uploads\\\/2017\\\/04\\\/b36128fdcf582b169239c8ca078a4f08_S-1.jpg\",\"width\":150,\"height\":85},{\"@type\":\"BreadcrumbList\",\"@id\":\"https:\\\/\\\/www.info-algerie.com\\\/actualites\\\/les-prochaines-elections-une-occasion-pour-une-transition-democratique-apaisee\\\/#breadcrumb\",\"itemListElement\":[{\"@type\":\"ListItem\",\"position\":1,\"name\":\"Accueil\",\"item\":\"https:\\\/\\\/www.info-algerie.com\\\/actualites\\\/\"},{\"@type\":\"ListItem\",\"position\":2,\"name\":\"Les prochaines \u00e9lections, une occasion pour une transition d\u00e9mocratique apais\u00e9e\"}]},{\"@type\":\"WebSite\",\"@id\":\"https:\\\/\\\/www.info-algerie.com\\\/actualites\\\/#website\",\"url\":\"https:\\\/\\\/www.info-algerie.com\\\/actualites\\\/\",\"name\":\"info algerie\",\"description\":\"Toutes les actualit\u00e9s\",\"publisher\":{\"@id\":\"https:\\\/\\\/www.info-algerie.com\\\/actualites\\\/#organization\"},\"potentialAction\":[{\"@type\":\"SearchAction\",\"target\":{\"@type\":\"EntryPoint\",\"urlTemplate\":\"https:\\\/\\\/www.info-algerie.com\\\/actualites\\\/?s={search_term_string}\"},\"query-input\":{\"@type\":\"PropertyValueSpecification\",\"valueRequired\":true,\"valueName\":\"search_term_string\"}}],\"inLanguage\":\"fr-FR\"},{\"@type\":\"Organization\",\"@id\":\"https:\\\/\\\/www.info-algerie.com\\\/actualites\\\/#organization\",\"name\":\"info algerie\",\"url\":\"https:\\\/\\\/www.info-algerie.com\\\/actualites\\\/\",\"logo\":{\"@type\":\"ImageObject\",\"inLanguage\":\"fr-FR\",\"@id\":\"https:\\\/\\\/www.info-algerie.com\\\/actualites\\\/#\\\/schema\\\/logo\\\/image\\\/\",\"url\":\"https:\\\/\\\/www.info-algerie.com\\\/actualites\\\/wp-content\\\/uploads\\\/2022\\\/07\\\/logo-ia-120.png\",\"contentUrl\":\"https:\\\/\\\/www.info-algerie.com\\\/actualites\\\/wp-content\\\/uploads\\\/2022\\\/07\\\/logo-ia-120.png\",\"width\":120,\"height\":43,\"caption\":\"info algerie\"},\"image\":{\"@id\":\"https:\\\/\\\/www.info-algerie.com\\\/actualites\\\/#\\\/schema\\\/logo\\\/image\\\/\"},\"sameAs\":[\"https:\\\/\\\/www.facebook.com\\\/infoalgerieactu\",\"https:\\\/\\\/x.com\\\/infoalgerie1\"]},{\"@type\":\"Person\",\"@id\":\"https:\\\/\\\/www.info-algerie.com\\\/actualites\\\/#\\\/schema\\\/person\\\/847aaec44920825b843a08f30ec6aa1e\",\"name\":\"La r\u00e9daction\",\"image\":{\"@type\":\"ImageObject\",\"inLanguage\":\"fr-FR\",\"@id\":\"https:\\\/\\\/secure.gravatar.com\\\/avatar\\\/769db425c6f465158149f1ffd6cf61ce7a8a879d11dfbef8288af36dfddd418c?s=96&d=mm&r=g\",\"url\":\"https:\\\/\\\/secure.gravatar.com\\\/avatar\\\/769db425c6f465158149f1ffd6cf61ce7a8a879d11dfbef8288af36dfddd418c?s=96&d=mm&r=g\",\"contentUrl\":\"https:\\\/\\\/secure.gravatar.com\\\/avatar\\\/769db425c6f465158149f1ffd6cf61ce7a8a879d11dfbef8288af36dfddd418c?s=96&d=mm&r=g\",\"caption\":\"La r\u00e9daction\"},\"sameAs\":[\"http:\\\/\\\/www.lkeria.com\\\/\"],\"url\":\"https:\\\/\\\/www.info-algerie.com\\\/actualites\\\/author\\\/chakib32\\\/\"}]}<\/script>\n<!-- \/ Yoast SEO plugin. -->","yoast_head_json":{"title":"Les prochaines \u00e9lections, une occasion pour une transition d\u00e9mocratique apais\u00e9e - info algerie","robots":{"index":"index","follow":"follow","max-snippet":"max-snippet:-1","max-image-preview":"max-image-preview:large","max-video-preview":"max-video-preview:-1"},"canonical":"https:\/\/www.info-algerie.com\/actualites\/les-prochaines-elections-une-occasion-pour-une-transition-democratique-apaisee\/","og_locale":"fr_FR","og_type":"article","og_title":"Les prochaines \u00e9lections, une occasion pour une transition d\u00e9mocratique apais\u00e9e - info algerie","og_description":"BORDJ BOU ARRERIDJ &#8211; Le pr\u00e9sident du mouvement populaire alg\u00e9rien (MPA), Amara Benyoun\u00e8s, a estim\u00e9 lundi, \u00e0 Bordj Bou Arreridj, que les prochaines \u00e9lections l\u00e9gislatives repr\u00e9sentent \u00ab\u00a0une occasion d\u2019op\u00e9rer une transition d\u00e9mocratique apais\u00e9e\u00a0\u00bb. S\u2019exprimant au cours d\u2019une rencontre avec les repr\u00e9sentants de son parti au si\u00e8ge du MPA au chef-lieu\u2026 &#013; Source: Les prochaines \u00e9lections,","og_url":"https:\/\/www.info-algerie.com\/actualites\/les-prochaines-elections-une-occasion-pour-une-transition-democratique-apaisee\/","og_site_name":"info algerie","article_publisher":"https:\/\/www.facebook.com\/infoalgerieactu","article_published_time":"2017-04-10T18:13:29+00:00","og_image":[{"width":150,"height":85,"url":"https:\/\/www.info-algerie.com\/actualites\/wp-content\/uploads\/2017\/04\/b36128fdcf582b169239c8ca078a4f08_S-1.jpg","type":"image\/jpeg"}],"author":"La r\u00e9daction","twitter_misc":{"\u00c9crit par":"La r\u00e9daction"},"schema":{"@context":"https:\/\/schema.org","@graph":[{"@type":"Article","@id":"https:\/\/www.info-algerie.com\/actualites\/les-prochaines-elections-une-occasion-pour-une-transition-democratique-apaisee\/#article","isPartOf":{"@id":"https:\/\/www.info-algerie.com\/actualites\/les-prochaines-elections-une-occasion-pour-une-transition-democratique-apaisee\/"},"author":{"name":"La r\u00e9daction","@id":"https:\/\/www.info-algerie.com\/actualites\/#\/schema\/person\/847aaec44920825b843a08f30ec6aa1e"},"headline":"Les prochaines \u00e9lections, une occasion pour une transition d\u00e9mocratique apais\u00e9e","datePublished":"2017-04-10T18:13:29+00:00","mainEntityOfPage":{"@id":"https:\/\/www.info-algerie.com\/actualites\/les-prochaines-elections-une-occasion-pour-une-transition-democratique-apaisee\/"},"wordCount":87,"commentCount":0,"publisher":{"@id":"https:\/\/www.info-algerie.com\/actualites\/#organization"},"image":{"@id":"https:\/\/www.info-algerie.com\/actualites\/les-prochaines-elections-une-occasion-pour-une-transition-democratique-apaisee\/#primaryimage"},"thumbnailUrl":"https:\/\/www.info-algerie.com\/actualites\/wp-content\/uploads\/2017\/04\/b36128fdcf582b169239c8ca078a4f08_S-1.jpg","keywords":["ONU"],"articleSection":["infos"],"inLanguage":"fr-FR","potentialAction":[{"@type":"CommentAction","name":"Comment","target":["https:\/\/www.info-algerie.com\/actualites\/les-prochaines-elections-une-occasion-pour-une-transition-democratique-apaisee\/#respond"]}]},{"@type":"WebPage","@id":"https:\/\/www.info-algerie.com\/actualites\/les-prochaines-elections-une-occasion-pour-une-transition-democratique-apaisee\/","url":"https:\/\/www.info-algerie.com\/actualites\/les-prochaines-elections-une-occasion-pour-une-transition-democratique-apaisee\/","name":"Les prochaines \u00e9lections, une occasion pour une transition d\u00e9mocratique apais\u00e9e - info algerie","isPartOf":{"@id":"https:\/\/www.info-algerie.com\/actualites\/#website"},"primaryImageOfPage":{"@id":"https:\/\/www.info-algerie.com\/actualites\/les-prochaines-elections-une-occasion-pour-une-transition-democratique-apaisee\/#primaryimage"},"image":{"@id":"https:\/\/www.info-algerie.com\/actualites\/les-prochaines-elections-une-occasion-pour-une-transition-democratique-apaisee\/#primaryimage"},"thumbnailUrl":"https:\/\/www.info-algerie.com\/actualites\/wp-content\/uploads\/2017\/04\/b36128fdcf582b169239c8ca078a4f08_S-1.jpg","datePublished":"2017-04-10T18:13:29+00:00","breadcrumb":{"@id":"https:\/\/www.info-algerie.com\/actualites\/les-prochaines-elections-une-occasion-pour-une-transition-democratique-apaisee\/#breadcrumb"},"inLanguage":"fr-FR","potentialAction":[{"@type":"ReadAction","target":["https:\/\/www.info-algerie.com\/actualites\/les-prochaines-elections-une-occasion-pour-une-transition-democratique-apaisee\/"]}]},{"@type":"ImageObject","inLanguage":"fr-FR","@id":"https:\/\/www.info-algerie.com\/actualites\/les-prochaines-elections-une-occasion-pour-une-transition-democratique-apaisee\/#primaryimage","url":"https:\/\/www.info-algerie.com\/actualites\/wp-content\/uploads\/2017\/04\/b36128fdcf582b169239c8ca078a4f08_S-1.jpg","contentUrl":"https:\/\/www.info-algerie.com\/actualites\/wp-content\/uploads\/2017\/04\/b36128fdcf582b169239c8ca078a4f08_S-1.jpg","width":150,"height":85},{"@type":"BreadcrumbList","@id":"https:\/\/www.info-algerie.com\/actualites\/les-prochaines-elections-une-occasion-pour-une-transition-democratique-apaisee\/#breadcrumb","itemListElement":[{"@type":"ListItem","position":1,"name":"Accueil","item":"https:\/\/www.info-algerie.com\/actualites\/"},{"@type":"ListItem","position":2,"name":"Les prochaines \u00e9lections, une occasion pour une transition d\u00e9mocratique apais\u00e9e"}]},{"@type":"WebSite","@id":"https:\/\/www.info-algerie.com\/actualites\/#website","url":"https:\/\/www.info-algerie.com\/actualites\/","name":"info algerie","description":"Toutes les actualit\u00e9s","publisher":{"@id":"https:\/\/www.info-algerie.com\/actualites\/#organization"},"potentialAction":[{"@type":"SearchAction","target":{"@type":"EntryPoint","urlTemplate":"https:\/\/www.info-algerie.com\/actualites\/?s={search_term_string}"},"query-input":{"@type":"PropertyValueSpecification","valueRequired":true,"valueName":"search_term_string"}}],"inLanguage":"fr-FR"},{"@type":"Organization","@id":"https:\/\/www.info-algerie.com\/actualites\/#organization","name":"info algerie","url":"https:\/\/www.info-algerie.com\/actualites\/","logo":{"@type":"ImageObject","inLanguage":"fr-FR","@id":"https:\/\/www.info-algerie.com\/actualites\/#\/schema\/logo\/image\/","url":"https:\/\/www.info-algerie.com\/actualites\/wp-content\/uploads\/2022\/07\/logo-ia-120.png","contentUrl":"https:\/\/www.info-algerie.com\/actualites\/wp-content\/uploads\/2022\/07\/logo-ia-120.png","width":120,"height":43,"caption":"info algerie"},"image":{"@id":"https:\/\/www.info-algerie.com\/actualites\/#\/schema\/logo\/image\/"},"sameAs":["https:\/\/www.facebook.com\/infoalgerieactu","https:\/\/x.com\/infoalgerie1"]},{"@type":"Person","@id":"https:\/\/www.info-algerie.com\/actualites\/#\/schema\/person\/847aaec44920825b843a08f30ec6aa1e","name":"La r\u00e9daction","image":{"@type":"ImageObject","inLanguage":"fr-FR","@id":"https:\/\/secure.gravatar.com\/avatar\/769db425c6f465158149f1ffd6cf61ce7a8a879d11dfbef8288af36dfddd418c?s=96&d=mm&r=g","url":"https:\/\/secure.gravatar.com\/avatar\/769db425c6f465158149f1ffd6cf61ce7a8a879d11dfbef8288af36dfddd418c?s=96&d=mm&r=g","contentUrl":"https:\/\/secure.gravatar.com\/avatar\/769db425c6f465158149f1ffd6cf61ce7a8a879d11dfbef8288af36dfddd418c?s=96&d=mm&r=g","caption":"La r\u00e9daction"},"sameAs":["http:\/\/www.lkeria.com\/"],"url":"https:\/\/www.info-algerie.com\/actualites\/author\/chakib32\/"}]}},"_links":{"self":[{"href":"https:\/\/www.info-algerie.com\/actualites\/wp-json\/wp\/v2\/posts\/10033","targetHints":{"allow":["GET"]}}],"collection":[{"href":"https:\/\/www.info-algerie.com\/actualites\/wp-json\/wp\/v2\/posts"}],"about":[{"href":"https:\/\/www.info-algerie.com\/actualites\/wp-json\/wp\/v2\/types\/post"}],"author":[{"embeddable":true,"href":"https:\/\/www.info-algerie.com\/actualites\/wp-json\/wp\/v2\/users\/6"}],"replies":[{"embeddable":true,"href":"https:\/\/www.info-algerie.com\/actualites\/wp-json\/wp\/v2\/comments?post=10033"}],"version-history":[{"count":0,"href":"https:\/\/www.info-algerie.com\/actualites\/wp-json\/wp\/v2\/posts\/10033\/revisions"}],"wp:featuredmedia":[{"embeddable":true,"href":"https:\/\/www.info-algerie.com\/actualites\/wp-json\/wp\/v2\/media\/10034"}],"wp:attachment":[{"href":"https:\/\/www.info-algerie.com\/actualites\/wp-json\/wp\/v2\/media?parent=10033"}],"wp:term":[{"taxonomy":"category","embeddable":true,"href":"https:\/\/www.info-algerie.com\/actualites\/wp-json\/wp\/v2\/categories?post=10033"},{"taxonomy":"post_tag","embeddable":true,"href":"https:\/\/www.info-algerie.com\/actualites\/wp-json\/wp\/v2\/tags?post=10033"}],"curies":[{"name":"wp","href":"https:\/\/api.w.org\/{rel}","templated":true}]}}