{"id":10061,"date":"2017-04-11T12:06:07","date_gmt":"2017-04-11T11:06:07","guid":{"rendered":"http:\/\/www.info-algerie.com\/actualites\/makri-appelle-les-citoyens-a-etre-fiers-de-linstitution-militaire\/"},"modified":"2017-04-11T12:06:07","modified_gmt":"2017-04-11T11:06:07","slug":"makri-appelle-les-citoyens-a-etre-fiers-de-linstitution-militaire","status":"publish","type":"post","link":"https:\/\/www.info-algerie.com\/actualites\/makri-appelle-les-citoyens-a-etre-fiers-de-linstitution-militaire\/","title":{"rendered":"Makri appelle les citoyens \u00e0 \u00eatre fiers de l\u2019institution  militaire"},"content":{"rendered":"<div class=\"K2FeedIntroText\"> ILLIZI- Le pr\u00e9sident du mouvement de la soci\u00e9t\u00e9 de la paix (MSP) Abderrazak Makri a appel\u00e9, lundi soir \u00e0 Illizi, les citoyens \u00e0 se montrer fiers de l\u2019institution militaire en tant que \u2018\u2018source de stabilit\u00e9 et de s\u00e9curit\u00e9 du pays\u2019\u2019. Animant un meeting de campagne pour les l\u00e9gislatives du 4\u2026<\/div>\n<p>&#013;<br \/>\nSource: <a href=\"http:\/\/www.aps.dz\/algerie\/55909-makri-appelle-les-citoyens-%C3%A0-%C3%AAtre-fiers-de-l%E2%80%99institution-militaire\" target=\"_blank\">Makri appelle les citoyens \u00e0 \u00eatre fiers de l\u2019institution  militaire<\/a><\/p>\n<!--CusAds0-->\n<div style=\"font-size: 0px; height: 0px; line-height: 0px; margin: 0; padding: 0; clear: both;\"><\/div>","protected":false},"excerpt":{"rendered":"<p>ILLIZI- Le pr\u00e9sident du mouvement de la soci\u00e9t\u00e9 de la paix (MSP) Abderrazak Makri a appel\u00e9, lundi soir \u00e0 Illizi, les citoyens \u00e0 se montrer fiers de l\u2019institution militaire en tant que \u2018\u2018source de stabilit\u00e9 et de s\u00e9curit\u00e9 du pays\u2019\u2019. Animant un meeting de campagne pour les l\u00e9gislatives du 4\u2026 &#013; Source: Makri appelle les<\/p>\n","protected":false},"author":6,"featured_media":0,"comment_status":"open","ping_status":"open","sticky":false,"template":"","format":"standard","meta":{"footnotes":""},"categories":[22],"tags":[93],"class_list":["post-10061","post","type-post","status-publish","format-standard","hentry","category-infos","tag-onu"],"yoast_head":"<!-- This site is optimized with the Yoast SEO plugin v27.5 - https:\/\/yoast.com\/product\/yoast-seo-wordpress\/ -->\n<title>Makri appelle les citoyens \u00e0 \u00eatre fiers de l\u2019institution militaire - info algerie<\/title>\n<meta name=\"robots\" content=\"index, follow, max-snippet:-1, max-image-preview:large, max-video-preview:-1\" \/>\n<link rel=\"canonical\" href=\"https:\/\/www.info-algerie.com\/actualites\/makri-appelle-les-citoyens-a-etre-fiers-de-linstitution-militaire\/\" \/>\n<meta property=\"og:locale\" content=\"fr_FR\" \/>\n<meta property=\"og:type\" content=\"article\" \/>\n<meta property=\"og:title\" content=\"Makri appelle les citoyens \u00e0 \u00eatre fiers de l\u2019institution militaire - info algerie\" \/>\n<meta property=\"og:description\" content=\"ILLIZI- Le pr\u00e9sident du mouvement de la soci\u00e9t\u00e9 de la paix (MSP) Abderrazak Makri a appel\u00e9, lundi soir \u00e0 Illizi, les citoyens \u00e0 se montrer fiers de l\u2019institution militaire en tant que \u2018\u2018source de stabilit\u00e9 et de s\u00e9curit\u00e9 du pays\u2019\u2019. Animant un meeting de campagne pour les l\u00e9gislatives du 4\u2026 &#013; Source: Makri appelle les\" \/>\n<meta property=\"og:url\" content=\"https:\/\/www.info-algerie.com\/actualites\/makri-appelle-les-citoyens-a-etre-fiers-de-linstitution-militaire\/\" \/>\n<meta property=\"og:site_name\" content=\"info algerie\" \/>\n<meta property=\"article:publisher\" content=\"https:\/\/www.facebook.com\/infoalgerieactu\" \/>\n<meta property=\"article:published_time\" content=\"2017-04-11T11:06:07+00:00\" \/>\n<meta name=\"author\" content=\"La r\u00e9daction\" \/>\n<meta name=\"twitter:label1\" content=\"\u00c9crit par\" \/>\n\t<meta name=\"twitter:data1\" content=\"La r\u00e9daction\" \/>\n<script type=\"application\/ld+json\" class=\"yoast-schema-graph\">{\"@context\":\"https:\\\/\\\/schema.org\",\"@graph\":[{\"@type\":\"Article\",\"@id\":\"https:\\\/\\\/www.info-algerie.com\\\/actualites\\\/makri-appelle-les-citoyens-a-etre-fiers-de-linstitution-militaire\\\/#article\",\"isPartOf\":{\"@id\":\"https:\\\/\\\/www.info-algerie.com\\\/actualites\\\/makri-appelle-les-citoyens-a-etre-fiers-de-linstitution-militaire\\\/\"},\"author\":{\"name\":\"La r\u00e9daction\",\"@id\":\"https:\\\/\\\/www.info-algerie.com\\\/actualites\\\/#\\\/schema\\\/person\\\/847aaec44920825b843a08f30ec6aa1e\"},\"headline\":\"Makri appelle les citoyens \u00e0 \u00eatre fiers de l\u2019institution militaire\",\"datePublished\":\"2017-04-11T11:06:07+00:00\",\"mainEntityOfPage\":{\"@id\":\"https:\\\/\\\/www.info-algerie.com\\\/actualites\\\/makri-appelle-les-citoyens-a-etre-fiers-de-linstitution-militaire\\\/\"},\"wordCount\":73,\"commentCount\":0,\"publisher\":{\"@id\":\"https:\\\/\\\/www.info-algerie.com\\\/actualites\\\/#organization\"},\"keywords\":[\"ONU\"],\"articleSection\":[\"infos\"],\"inLanguage\":\"fr-FR\",\"potentialAction\":[{\"@type\":\"CommentAction\",\"name\":\"Comment\",\"target\":[\"https:\\\/\\\/www.info-algerie.com\\\/actualites\\\/makri-appelle-les-citoyens-a-etre-fiers-de-linstitution-militaire\\\/#respond\"]}]},{\"@type\":\"WebPage\",\"@id\":\"https:\\\/\\\/www.info-algerie.com\\\/actualites\\\/makri-appelle-les-citoyens-a-etre-fiers-de-linstitution-militaire\\\/\",\"url\":\"https:\\\/\\\/www.info-algerie.com\\\/actualites\\\/makri-appelle-les-citoyens-a-etre-fiers-de-linstitution-militaire\\\/\",\"name\":\"Makri appelle les citoyens \u00e0 \u00eatre fiers de l\u2019institution militaire - info algerie\",\"isPartOf\":{\"@id\":\"https:\\\/\\\/www.info-algerie.com\\\/actualites\\\/#website\"},\"datePublished\":\"2017-04-11T11:06:07+00:00\",\"breadcrumb\":{\"@id\":\"https:\\\/\\\/www.info-algerie.com\\\/actualites\\\/makri-appelle-les-citoyens-a-etre-fiers-de-linstitution-militaire\\\/#breadcrumb\"},\"inLanguage\":\"fr-FR\",\"potentialAction\":[{\"@type\":\"ReadAction\",\"target\":[\"https:\\\/\\\/www.info-algerie.com\\\/actualites\\\/makri-appelle-les-citoyens-a-etre-fiers-de-linstitution-militaire\\\/\"]}]},{\"@type\":\"BreadcrumbList\",\"@id\":\"https:\\\/\\\/www.info-algerie.com\\\/actualites\\\/makri-appelle-les-citoyens-a-etre-fiers-de-linstitution-militaire\\\/#breadcrumb\",\"itemListElement\":[{\"@type\":\"ListItem\",\"position\":1,\"name\":\"Accueil\",\"item\":\"https:\\\/\\\/www.info-algerie.com\\\/actualites\\\/\"},{\"@type\":\"ListItem\",\"position\":2,\"name\":\"Makri appelle les citoyens \u00e0 \u00eatre fiers de l\u2019institution militaire\"}]},{\"@type\":\"WebSite\",\"@id\":\"https:\\\/\\\/www.info-algerie.com\\\/actualites\\\/#website\",\"url\":\"https:\\\/\\\/www.info-algerie.com\\\/actualites\\\/\",\"name\":\"info algerie\",\"description\":\"Toutes les actualit\u00e9s\",\"publisher\":{\"@id\":\"https:\\\/\\\/www.info-algerie.com\\\/actualites\\\/#organization\"},\"potentialAction\":[{\"@type\":\"SearchAction\",\"target\":{\"@type\":\"EntryPoint\",\"urlTemplate\":\"https:\\\/\\\/www.info-algerie.com\\\/actualites\\\/?s={search_term_string}\"},\"query-input\":{\"@type\":\"PropertyValueSpecification\",\"valueRequired\":true,\"valueName\":\"search_term_string\"}}],\"inLanguage\":\"fr-FR\"},{\"@type\":\"Organization\",\"@id\":\"https:\\\/\\\/www.info-algerie.com\\\/actualites\\\/#organization\",\"name\":\"info algerie\",\"url\":\"https:\\\/\\\/www.info-algerie.com\\\/actualites\\\/\",\"logo\":{\"@type\":\"ImageObject\",\"inLanguage\":\"fr-FR\",\"@id\":\"https:\\\/\\\/www.info-algerie.com\\\/actualites\\\/#\\\/schema\\\/logo\\\/image\\\/\",\"url\":\"https:\\\/\\\/www.info-algerie.com\\\/actualites\\\/wp-content\\\/uploads\\\/2022\\\/07\\\/logo-ia-120.png\",\"contentUrl\":\"https:\\\/\\\/www.info-algerie.com\\\/actualites\\\/wp-content\\\/uploads\\\/2022\\\/07\\\/logo-ia-120.png\",\"width\":120,\"height\":43,\"caption\":\"info algerie\"},\"image\":{\"@id\":\"https:\\\/\\\/www.info-algerie.com\\\/actualites\\\/#\\\/schema\\\/logo\\\/image\\\/\"},\"sameAs\":[\"https:\\\/\\\/www.facebook.com\\\/infoalgerieactu\",\"https:\\\/\\\/x.com\\\/infoalgerie1\"]},{\"@type\":\"Person\",\"@id\":\"https:\\\/\\\/www.info-algerie.com\\\/actualites\\\/#\\\/schema\\\/person\\\/847aaec44920825b843a08f30ec6aa1e\",\"name\":\"La r\u00e9daction\",\"image\":{\"@type\":\"ImageObject\",\"inLanguage\":\"fr-FR\",\"@id\":\"https:\\\/\\\/secure.gravatar.com\\\/avatar\\\/769db425c6f465158149f1ffd6cf61ce7a8a879d11dfbef8288af36dfddd418c?s=96&d=mm&r=g\",\"url\":\"https:\\\/\\\/secure.gravatar.com\\\/avatar\\\/769db425c6f465158149f1ffd6cf61ce7a8a879d11dfbef8288af36dfddd418c?s=96&d=mm&r=g\",\"contentUrl\":\"https:\\\/\\\/secure.gravatar.com\\\/avatar\\\/769db425c6f465158149f1ffd6cf61ce7a8a879d11dfbef8288af36dfddd418c?s=96&d=mm&r=g\",\"caption\":\"La r\u00e9daction\"},\"sameAs\":[\"http:\\\/\\\/www.lkeria.com\\\/\"],\"url\":\"https:\\\/\\\/www.info-algerie.com\\\/actualites\\\/author\\\/chakib32\\\/\"}]}<\/script>\n<!-- \/ Yoast SEO plugin. -->","yoast_head_json":{"title":"Makri appelle les citoyens \u00e0 \u00eatre fiers de l\u2019institution militaire - info algerie","robots":{"index":"index","follow":"follow","max-snippet":"max-snippet:-1","max-image-preview":"max-image-preview:large","max-video-preview":"max-video-preview:-1"},"canonical":"https:\/\/www.info-algerie.com\/actualites\/makri-appelle-les-citoyens-a-etre-fiers-de-linstitution-militaire\/","og_locale":"fr_FR","og_type":"article","og_title":"Makri appelle les citoyens \u00e0 \u00eatre fiers de l\u2019institution militaire - info algerie","og_description":"ILLIZI- Le pr\u00e9sident du mouvement de la soci\u00e9t\u00e9 de la paix (MSP) Abderrazak Makri a appel\u00e9, lundi soir \u00e0 Illizi, les citoyens \u00e0 se montrer fiers de l\u2019institution militaire en tant que \u2018\u2018source de stabilit\u00e9 et de s\u00e9curit\u00e9 du pays\u2019\u2019. Animant un meeting de campagne pour les l\u00e9gislatives du 4\u2026 &#013; Source: Makri appelle les","og_url":"https:\/\/www.info-algerie.com\/actualites\/makri-appelle-les-citoyens-a-etre-fiers-de-linstitution-militaire\/","og_site_name":"info algerie","article_publisher":"https:\/\/www.facebook.com\/infoalgerieactu","article_published_time":"2017-04-11T11:06:07+00:00","author":"La r\u00e9daction","twitter_misc":{"\u00c9crit par":"La r\u00e9daction"},"schema":{"@context":"https:\/\/schema.org","@graph":[{"@type":"Article","@id":"https:\/\/www.info-algerie.com\/actualites\/makri-appelle-les-citoyens-a-etre-fiers-de-linstitution-militaire\/#article","isPartOf":{"@id":"https:\/\/www.info-algerie.com\/actualites\/makri-appelle-les-citoyens-a-etre-fiers-de-linstitution-militaire\/"},"author":{"name":"La r\u00e9daction","@id":"https:\/\/www.info-algerie.com\/actualites\/#\/schema\/person\/847aaec44920825b843a08f30ec6aa1e"},"headline":"Makri appelle les citoyens \u00e0 \u00eatre fiers de l\u2019institution militaire","datePublished":"2017-04-11T11:06:07+00:00","mainEntityOfPage":{"@id":"https:\/\/www.info-algerie.com\/actualites\/makri-appelle-les-citoyens-a-etre-fiers-de-linstitution-militaire\/"},"wordCount":73,"commentCount":0,"publisher":{"@id":"https:\/\/www.info-algerie.com\/actualites\/#organization"},"keywords":["ONU"],"articleSection":["infos"],"inLanguage":"fr-FR","potentialAction":[{"@type":"CommentAction","name":"Comment","target":["https:\/\/www.info-algerie.com\/actualites\/makri-appelle-les-citoyens-a-etre-fiers-de-linstitution-militaire\/#respond"]}]},{"@type":"WebPage","@id":"https:\/\/www.info-algerie.com\/actualites\/makri-appelle-les-citoyens-a-etre-fiers-de-linstitution-militaire\/","url":"https:\/\/www.info-algerie.com\/actualites\/makri-appelle-les-citoyens-a-etre-fiers-de-linstitution-militaire\/","name":"Makri appelle les citoyens \u00e0 \u00eatre fiers de l\u2019institution militaire - info algerie","isPartOf":{"@id":"https:\/\/www.info-algerie.com\/actualites\/#website"},"datePublished":"2017-04-11T11:06:07+00:00","breadcrumb":{"@id":"https:\/\/www.info-algerie.com\/actualites\/makri-appelle-les-citoyens-a-etre-fiers-de-linstitution-militaire\/#breadcrumb"},"inLanguage":"fr-FR","potentialAction":[{"@type":"ReadAction","target":["https:\/\/www.info-algerie.com\/actualites\/makri-appelle-les-citoyens-a-etre-fiers-de-linstitution-militaire\/"]}]},{"@type":"BreadcrumbList","@id":"https:\/\/www.info-algerie.com\/actualites\/makri-appelle-les-citoyens-a-etre-fiers-de-linstitution-militaire\/#breadcrumb","itemListElement":[{"@type":"ListItem","position":1,"name":"Accueil","item":"https:\/\/www.info-algerie.com\/actualites\/"},{"@type":"ListItem","position":2,"name":"Makri appelle les citoyens \u00e0 \u00eatre fiers de l\u2019institution militaire"}]},{"@type":"WebSite","@id":"https:\/\/www.info-algerie.com\/actualites\/#website","url":"https:\/\/www.info-algerie.com\/actualites\/","name":"info algerie","description":"Toutes les actualit\u00e9s","publisher":{"@id":"https:\/\/www.info-algerie.com\/actualites\/#organization"},"potentialAction":[{"@type":"SearchAction","target":{"@type":"EntryPoint","urlTemplate":"https:\/\/www.info-algerie.com\/actualites\/?s={search_term_string}"},"query-input":{"@type":"PropertyValueSpecification","valueRequired":true,"valueName":"search_term_string"}}],"inLanguage":"fr-FR"},{"@type":"Organization","@id":"https:\/\/www.info-algerie.com\/actualites\/#organization","name":"info algerie","url":"https:\/\/www.info-algerie.com\/actualites\/","logo":{"@type":"ImageObject","inLanguage":"fr-FR","@id":"https:\/\/www.info-algerie.com\/actualites\/#\/schema\/logo\/image\/","url":"https:\/\/www.info-algerie.com\/actualites\/wp-content\/uploads\/2022\/07\/logo-ia-120.png","contentUrl":"https:\/\/www.info-algerie.com\/actualites\/wp-content\/uploads\/2022\/07\/logo-ia-120.png","width":120,"height":43,"caption":"info algerie"},"image":{"@id":"https:\/\/www.info-algerie.com\/actualites\/#\/schema\/logo\/image\/"},"sameAs":["https:\/\/www.facebook.com\/infoalgerieactu","https:\/\/x.com\/infoalgerie1"]},{"@type":"Person","@id":"https:\/\/www.info-algerie.com\/actualites\/#\/schema\/person\/847aaec44920825b843a08f30ec6aa1e","name":"La r\u00e9daction","image":{"@type":"ImageObject","inLanguage":"fr-FR","@id":"https:\/\/secure.gravatar.com\/avatar\/769db425c6f465158149f1ffd6cf61ce7a8a879d11dfbef8288af36dfddd418c?s=96&d=mm&r=g","url":"https:\/\/secure.gravatar.com\/avatar\/769db425c6f465158149f1ffd6cf61ce7a8a879d11dfbef8288af36dfddd418c?s=96&d=mm&r=g","contentUrl":"https:\/\/secure.gravatar.com\/avatar\/769db425c6f465158149f1ffd6cf61ce7a8a879d11dfbef8288af36dfddd418c?s=96&d=mm&r=g","caption":"La r\u00e9daction"},"sameAs":["http:\/\/www.lkeria.com\/"],"url":"https:\/\/www.info-algerie.com\/actualites\/author\/chakib32\/"}]}},"_links":{"self":[{"href":"https:\/\/www.info-algerie.com\/actualites\/wp-json\/wp\/v2\/posts\/10061","targetHints":{"allow":["GET"]}}],"collection":[{"href":"https:\/\/www.info-algerie.com\/actualites\/wp-json\/wp\/v2\/posts"}],"about":[{"href":"https:\/\/www.info-algerie.com\/actualites\/wp-json\/wp\/v2\/types\/post"}],"author":[{"embeddable":true,"href":"https:\/\/www.info-algerie.com\/actualites\/wp-json\/wp\/v2\/users\/6"}],"replies":[{"embeddable":true,"href":"https:\/\/www.info-algerie.com\/actualites\/wp-json\/wp\/v2\/comments?post=10061"}],"version-history":[{"count":0,"href":"https:\/\/www.info-algerie.com\/actualites\/wp-json\/wp\/v2\/posts\/10061\/revisions"}],"wp:attachment":[{"href":"https:\/\/www.info-algerie.com\/actualites\/wp-json\/wp\/v2\/media?parent=10061"}],"wp:term":[{"taxonomy":"category","embeddable":true,"href":"https:\/\/www.info-algerie.com\/actualites\/wp-json\/wp\/v2\/categories?post=10061"},{"taxonomy":"post_tag","embeddable":true,"href":"https:\/\/www.info-algerie.com\/actualites\/wp-json\/wp\/v2\/tags?post=10061"}],"curies":[{"name":"wp","href":"https:\/\/api.w.org\/{rel}","templated":true}]}}