{"id":10100,"date":"2017-04-11T20:28:37","date_gmt":"2017-04-11T19:28:37","guid":{"rendered":"http:\/\/www.info-algerie.com\/actualites\/developpement-et-justice-sociale-themes-les-plus-developpes-au-3e-jour-de-la-campagne-electorale\/"},"modified":"2017-04-11T20:28:37","modified_gmt":"2017-04-11T19:28:37","slug":"developpement-et-justice-sociale-themes-les-plus-developpes-au-3e-jour-de-la-campagne-electorale","status":"publish","type":"post","link":"https:\/\/www.info-algerie.com\/actualites\/developpement-et-justice-sociale-themes-les-plus-developpes-au-3e-jour-de-la-campagne-electorale\/","title":{"rendered":"D\u00e9veloppement et justice sociale, th\u00e8mes les plus d\u00e9velopp\u00e9s au 3e jour de la campagne \u00e9lectorale"},"content":{"rendered":"<div class=\"K2FeedImage\"><img decoding=\"async\" src=\"https:\/\/www.info-algerie.com\/actualites\/wp-content\/uploads\/2017\/04\/9f0989b415789788c86da3c90bb38afd_S.jpg\" alt=\"D&#xE9;veloppement et justice sociale, th&#xE8;mes les plus d&#xE9;velopp&#xE9;s au 3e jour de la campagne &#xE9;lectorale\" \/><\/div>\n<div class=\"K2FeedIntroText\"> ALGER &#8211; Le d\u00e9veloppement \u00e9conomique, \u00e0 travers l&rsquo;encouragement de l&rsquo;investissement, notamment industriel et agricole, et la justice sociale ont \u00e9t\u00e9 les th\u00e8mes les plus d\u00e9velopp\u00e9s par des chefs de partis politiques au troisi\u00e8me jour, mardi, de la campagne \u00e9lectorale pour les \u00e9lections l\u00e9gislatives du 4 mai prochain. Dans un meeting\u2026<\/div>\n<p>&#013;<br \/>\nSource: <a href=\"http:\/\/www.aps.dz\/algerie\/55963-d%C3%A9veloppement-et-justice-sociale,-th%C3%A8mes-les-plus-d%C3%A9velopp%C3%A9s-au-3e-jour-de-la-campagne-%C3%A9lectorale\" target=\"_blank\">D\u00e9veloppement et justice sociale, th\u00e8mes les plus d\u00e9velopp\u00e9s au 3e jour de la campagne \u00e9lectorale<\/a><\/p>\n<!--CusAds0-->\n<div style=\"font-size: 0px; height: 0px; line-height: 0px; margin: 0; padding: 0; clear: both;\"><\/div>","protected":false},"excerpt":{"rendered":"<p>ALGER &#8211; Le d\u00e9veloppement \u00e9conomique, \u00e0 travers l&rsquo;encouragement de l&rsquo;investissement, notamment industriel et agricole, et la justice sociale ont \u00e9t\u00e9 les th\u00e8mes les plus d\u00e9velopp\u00e9s par des chefs de partis politiques au troisi\u00e8me jour, mardi, de la campagne \u00e9lectorale pour les \u00e9lections l\u00e9gislatives du 4 mai prochain. Dans un meeting\u2026 &#013; Source: D\u00e9veloppement et justice<\/p>\n","protected":false},"author":6,"featured_media":10101,"comment_status":"open","ping_status":"open","sticky":false,"template":"","format":"standard","meta":{"footnotes":""},"categories":[22],"tags":[93],"class_list":["post-10100","post","type-post","status-publish","format-standard","has-post-thumbnail","hentry","category-infos","tag-onu"],"yoast_head":"<!-- This site is optimized with the Yoast SEO plugin v27.5 - https:\/\/yoast.com\/product\/yoast-seo-wordpress\/ -->\n<title>D\u00e9veloppement et justice sociale, th\u00e8mes les plus d\u00e9velopp\u00e9s au 3e jour de la campagne \u00e9lectorale - info algerie<\/title>\n<meta name=\"robots\" content=\"index, follow, max-snippet:-1, max-image-preview:large, max-video-preview:-1\" \/>\n<link rel=\"canonical\" href=\"https:\/\/www.info-algerie.com\/actualites\/developpement-et-justice-sociale-themes-les-plus-developpes-au-3e-jour-de-la-campagne-electorale\/\" \/>\n<meta property=\"og:locale\" content=\"fr_FR\" \/>\n<meta property=\"og:type\" content=\"article\" \/>\n<meta property=\"og:title\" content=\"D\u00e9veloppement et justice sociale, th\u00e8mes les plus d\u00e9velopp\u00e9s au 3e jour de la campagne \u00e9lectorale - info algerie\" \/>\n<meta property=\"og:description\" content=\"ALGER &#8211; Le d\u00e9veloppement \u00e9conomique, \u00e0 travers l&rsquo;encouragement de l&rsquo;investissement, notamment industriel et agricole, et la justice sociale ont \u00e9t\u00e9 les th\u00e8mes les plus d\u00e9velopp\u00e9s par des chefs de partis politiques au troisi\u00e8me jour, mardi, de la campagne \u00e9lectorale pour les \u00e9lections l\u00e9gislatives du 4 mai prochain. Dans un meeting\u2026 &#013; Source: D\u00e9veloppement et justice\" \/>\n<meta property=\"og:url\" content=\"https:\/\/www.info-algerie.com\/actualites\/developpement-et-justice-sociale-themes-les-plus-developpes-au-3e-jour-de-la-campagne-electorale\/\" \/>\n<meta property=\"og:site_name\" content=\"info algerie\" \/>\n<meta property=\"article:publisher\" content=\"https:\/\/www.facebook.com\/infoalgerieactu\" \/>\n<meta property=\"article:published_time\" content=\"2017-04-11T19:28:37+00:00\" \/>\n<meta property=\"og:image\" content=\"https:\/\/www.info-algerie.com\/actualites\/wp-content\/uploads\/2017\/04\/9f0989b415789788c86da3c90bb38afd_S-1.jpg\" \/>\n\t<meta property=\"og:image:width\" content=\"150\" \/>\n\t<meta property=\"og:image:height\" content=\"97\" \/>\n\t<meta property=\"og:image:type\" content=\"image\/jpeg\" \/>\n<meta name=\"author\" content=\"La r\u00e9daction\" \/>\n<meta name=\"twitter:label1\" content=\"\u00c9crit par\" \/>\n\t<meta name=\"twitter:data1\" content=\"La r\u00e9daction\" \/>\n<script type=\"application\/ld+json\" class=\"yoast-schema-graph\">{\"@context\":\"https:\\\/\\\/schema.org\",\"@graph\":[{\"@type\":\"Article\",\"@id\":\"https:\\\/\\\/www.info-algerie.com\\\/actualites\\\/developpement-et-justice-sociale-themes-les-plus-developpes-au-3e-jour-de-la-campagne-electorale\\\/#article\",\"isPartOf\":{\"@id\":\"https:\\\/\\\/www.info-algerie.com\\\/actualites\\\/developpement-et-justice-sociale-themes-les-plus-developpes-au-3e-jour-de-la-campagne-electorale\\\/\"},\"author\":{\"name\":\"La r\u00e9daction\",\"@id\":\"https:\\\/\\\/www.info-algerie.com\\\/actualites\\\/#\\\/schema\\\/person\\\/847aaec44920825b843a08f30ec6aa1e\"},\"headline\":\"D\u00e9veloppement et justice sociale, th\u00e8mes les plus d\u00e9velopp\u00e9s au 3e jour de la campagne \u00e9lectorale\",\"datePublished\":\"2017-04-11T19:28:37+00:00\",\"mainEntityOfPage\":{\"@id\":\"https:\\\/\\\/www.info-algerie.com\\\/actualites\\\/developpement-et-justice-sociale-themes-les-plus-developpes-au-3e-jour-de-la-campagne-electorale\\\/\"},\"wordCount\":95,\"commentCount\":0,\"publisher\":{\"@id\":\"https:\\\/\\\/www.info-algerie.com\\\/actualites\\\/#organization\"},\"image\":{\"@id\":\"https:\\\/\\\/www.info-algerie.com\\\/actualites\\\/developpement-et-justice-sociale-themes-les-plus-developpes-au-3e-jour-de-la-campagne-electorale\\\/#primaryimage\"},\"thumbnailUrl\":\"https:\\\/\\\/www.info-algerie.com\\\/actualites\\\/wp-content\\\/uploads\\\/2017\\\/04\\\/9f0989b415789788c86da3c90bb38afd_S-1.jpg\",\"keywords\":[\"ONU\"],\"articleSection\":[\"infos\"],\"inLanguage\":\"fr-FR\",\"potentialAction\":[{\"@type\":\"CommentAction\",\"name\":\"Comment\",\"target\":[\"https:\\\/\\\/www.info-algerie.com\\\/actualites\\\/developpement-et-justice-sociale-themes-les-plus-developpes-au-3e-jour-de-la-campagne-electorale\\\/#respond\"]}]},{\"@type\":\"WebPage\",\"@id\":\"https:\\\/\\\/www.info-algerie.com\\\/actualites\\\/developpement-et-justice-sociale-themes-les-plus-developpes-au-3e-jour-de-la-campagne-electorale\\\/\",\"url\":\"https:\\\/\\\/www.info-algerie.com\\\/actualites\\\/developpement-et-justice-sociale-themes-les-plus-developpes-au-3e-jour-de-la-campagne-electorale\\\/\",\"name\":\"D\u00e9veloppement et justice sociale, th\u00e8mes les plus d\u00e9velopp\u00e9s au 3e jour de la campagne \u00e9lectorale - info algerie\",\"isPartOf\":{\"@id\":\"https:\\\/\\\/www.info-algerie.com\\\/actualites\\\/#website\"},\"primaryImageOfPage\":{\"@id\":\"https:\\\/\\\/www.info-algerie.com\\\/actualites\\\/developpement-et-justice-sociale-themes-les-plus-developpes-au-3e-jour-de-la-campagne-electorale\\\/#primaryimage\"},\"image\":{\"@id\":\"https:\\\/\\\/www.info-algerie.com\\\/actualites\\\/developpement-et-justice-sociale-themes-les-plus-developpes-au-3e-jour-de-la-campagne-electorale\\\/#primaryimage\"},\"thumbnailUrl\":\"https:\\\/\\\/www.info-algerie.com\\\/actualites\\\/wp-content\\\/uploads\\\/2017\\\/04\\\/9f0989b415789788c86da3c90bb38afd_S-1.jpg\",\"datePublished\":\"2017-04-11T19:28:37+00:00\",\"breadcrumb\":{\"@id\":\"https:\\\/\\\/www.info-algerie.com\\\/actualites\\\/developpement-et-justice-sociale-themes-les-plus-developpes-au-3e-jour-de-la-campagne-electorale\\\/#breadcrumb\"},\"inLanguage\":\"fr-FR\",\"potentialAction\":[{\"@type\":\"ReadAction\",\"target\":[\"https:\\\/\\\/www.info-algerie.com\\\/actualites\\\/developpement-et-justice-sociale-themes-les-plus-developpes-au-3e-jour-de-la-campagne-electorale\\\/\"]}]},{\"@type\":\"ImageObject\",\"inLanguage\":\"fr-FR\",\"@id\":\"https:\\\/\\\/www.info-algerie.com\\\/actualites\\\/developpement-et-justice-sociale-themes-les-plus-developpes-au-3e-jour-de-la-campagne-electorale\\\/#primaryimage\",\"url\":\"https:\\\/\\\/www.info-algerie.com\\\/actualites\\\/wp-content\\\/uploads\\\/2017\\\/04\\\/9f0989b415789788c86da3c90bb38afd_S-1.jpg\",\"contentUrl\":\"https:\\\/\\\/www.info-algerie.com\\\/actualites\\\/wp-content\\\/uploads\\\/2017\\\/04\\\/9f0989b415789788c86da3c90bb38afd_S-1.jpg\",\"width\":150,\"height\":97},{\"@type\":\"BreadcrumbList\",\"@id\":\"https:\\\/\\\/www.info-algerie.com\\\/actualites\\\/developpement-et-justice-sociale-themes-les-plus-developpes-au-3e-jour-de-la-campagne-electorale\\\/#breadcrumb\",\"itemListElement\":[{\"@type\":\"ListItem\",\"position\":1,\"name\":\"Accueil\",\"item\":\"https:\\\/\\\/www.info-algerie.com\\\/actualites\\\/\"},{\"@type\":\"ListItem\",\"position\":2,\"name\":\"D\u00e9veloppement et justice sociale, th\u00e8mes les plus d\u00e9velopp\u00e9s au 3e jour de la campagne \u00e9lectorale\"}]},{\"@type\":\"WebSite\",\"@id\":\"https:\\\/\\\/www.info-algerie.com\\\/actualites\\\/#website\",\"url\":\"https:\\\/\\\/www.info-algerie.com\\\/actualites\\\/\",\"name\":\"info algerie\",\"description\":\"Toutes les actualit\u00e9s\",\"publisher\":{\"@id\":\"https:\\\/\\\/www.info-algerie.com\\\/actualites\\\/#organization\"},\"potentialAction\":[{\"@type\":\"SearchAction\",\"target\":{\"@type\":\"EntryPoint\",\"urlTemplate\":\"https:\\\/\\\/www.info-algerie.com\\\/actualites\\\/?s={search_term_string}\"},\"query-input\":{\"@type\":\"PropertyValueSpecification\",\"valueRequired\":true,\"valueName\":\"search_term_string\"}}],\"inLanguage\":\"fr-FR\"},{\"@type\":\"Organization\",\"@id\":\"https:\\\/\\\/www.info-algerie.com\\\/actualites\\\/#organization\",\"name\":\"info algerie\",\"url\":\"https:\\\/\\\/www.info-algerie.com\\\/actualites\\\/\",\"logo\":{\"@type\":\"ImageObject\",\"inLanguage\":\"fr-FR\",\"@id\":\"https:\\\/\\\/www.info-algerie.com\\\/actualites\\\/#\\\/schema\\\/logo\\\/image\\\/\",\"url\":\"https:\\\/\\\/www.info-algerie.com\\\/actualites\\\/wp-content\\\/uploads\\\/2022\\\/07\\\/logo-ia-120.png\",\"contentUrl\":\"https:\\\/\\\/www.info-algerie.com\\\/actualites\\\/wp-content\\\/uploads\\\/2022\\\/07\\\/logo-ia-120.png\",\"width\":120,\"height\":43,\"caption\":\"info algerie\"},\"image\":{\"@id\":\"https:\\\/\\\/www.info-algerie.com\\\/actualites\\\/#\\\/schema\\\/logo\\\/image\\\/\"},\"sameAs\":[\"https:\\\/\\\/www.facebook.com\\\/infoalgerieactu\",\"https:\\\/\\\/x.com\\\/infoalgerie1\"]},{\"@type\":\"Person\",\"@id\":\"https:\\\/\\\/www.info-algerie.com\\\/actualites\\\/#\\\/schema\\\/person\\\/847aaec44920825b843a08f30ec6aa1e\",\"name\":\"La r\u00e9daction\",\"image\":{\"@type\":\"ImageObject\",\"inLanguage\":\"fr-FR\",\"@id\":\"https:\\\/\\\/secure.gravatar.com\\\/avatar\\\/769db425c6f465158149f1ffd6cf61ce7a8a879d11dfbef8288af36dfddd418c?s=96&d=mm&r=g\",\"url\":\"https:\\\/\\\/secure.gravatar.com\\\/avatar\\\/769db425c6f465158149f1ffd6cf61ce7a8a879d11dfbef8288af36dfddd418c?s=96&d=mm&r=g\",\"contentUrl\":\"https:\\\/\\\/secure.gravatar.com\\\/avatar\\\/769db425c6f465158149f1ffd6cf61ce7a8a879d11dfbef8288af36dfddd418c?s=96&d=mm&r=g\",\"caption\":\"La r\u00e9daction\"},\"sameAs\":[\"http:\\\/\\\/www.lkeria.com\\\/\"],\"url\":\"https:\\\/\\\/www.info-algerie.com\\\/actualites\\\/author\\\/chakib32\\\/\"}]}<\/script>\n<!-- \/ Yoast SEO plugin. -->","yoast_head_json":{"title":"D\u00e9veloppement et justice sociale, th\u00e8mes les plus d\u00e9velopp\u00e9s au 3e jour de la campagne \u00e9lectorale - info algerie","robots":{"index":"index","follow":"follow","max-snippet":"max-snippet:-1","max-image-preview":"max-image-preview:large","max-video-preview":"max-video-preview:-1"},"canonical":"https:\/\/www.info-algerie.com\/actualites\/developpement-et-justice-sociale-themes-les-plus-developpes-au-3e-jour-de-la-campagne-electorale\/","og_locale":"fr_FR","og_type":"article","og_title":"D\u00e9veloppement et justice sociale, th\u00e8mes les plus d\u00e9velopp\u00e9s au 3e jour de la campagne \u00e9lectorale - info algerie","og_description":"ALGER &#8211; Le d\u00e9veloppement \u00e9conomique, \u00e0 travers l&rsquo;encouragement de l&rsquo;investissement, notamment industriel et agricole, et la justice sociale ont \u00e9t\u00e9 les th\u00e8mes les plus d\u00e9velopp\u00e9s par des chefs de partis politiques au troisi\u00e8me jour, mardi, de la campagne \u00e9lectorale pour les \u00e9lections l\u00e9gislatives du 4 mai prochain. Dans un meeting\u2026 &#013; Source: D\u00e9veloppement et justice","og_url":"https:\/\/www.info-algerie.com\/actualites\/developpement-et-justice-sociale-themes-les-plus-developpes-au-3e-jour-de-la-campagne-electorale\/","og_site_name":"info algerie","article_publisher":"https:\/\/www.facebook.com\/infoalgerieactu","article_published_time":"2017-04-11T19:28:37+00:00","og_image":[{"width":150,"height":97,"url":"https:\/\/www.info-algerie.com\/actualites\/wp-content\/uploads\/2017\/04\/9f0989b415789788c86da3c90bb38afd_S-1.jpg","type":"image\/jpeg"}],"author":"La r\u00e9daction","twitter_misc":{"\u00c9crit par":"La r\u00e9daction"},"schema":{"@context":"https:\/\/schema.org","@graph":[{"@type":"Article","@id":"https:\/\/www.info-algerie.com\/actualites\/developpement-et-justice-sociale-themes-les-plus-developpes-au-3e-jour-de-la-campagne-electorale\/#article","isPartOf":{"@id":"https:\/\/www.info-algerie.com\/actualites\/developpement-et-justice-sociale-themes-les-plus-developpes-au-3e-jour-de-la-campagne-electorale\/"},"author":{"name":"La r\u00e9daction","@id":"https:\/\/www.info-algerie.com\/actualites\/#\/schema\/person\/847aaec44920825b843a08f30ec6aa1e"},"headline":"D\u00e9veloppement et justice sociale, th\u00e8mes les plus d\u00e9velopp\u00e9s au 3e jour de la campagne \u00e9lectorale","datePublished":"2017-04-11T19:28:37+00:00","mainEntityOfPage":{"@id":"https:\/\/www.info-algerie.com\/actualites\/developpement-et-justice-sociale-themes-les-plus-developpes-au-3e-jour-de-la-campagne-electorale\/"},"wordCount":95,"commentCount":0,"publisher":{"@id":"https:\/\/www.info-algerie.com\/actualites\/#organization"},"image":{"@id":"https:\/\/www.info-algerie.com\/actualites\/developpement-et-justice-sociale-themes-les-plus-developpes-au-3e-jour-de-la-campagne-electorale\/#primaryimage"},"thumbnailUrl":"https:\/\/www.info-algerie.com\/actualites\/wp-content\/uploads\/2017\/04\/9f0989b415789788c86da3c90bb38afd_S-1.jpg","keywords":["ONU"],"articleSection":["infos"],"inLanguage":"fr-FR","potentialAction":[{"@type":"CommentAction","name":"Comment","target":["https:\/\/www.info-algerie.com\/actualites\/developpement-et-justice-sociale-themes-les-plus-developpes-au-3e-jour-de-la-campagne-electorale\/#respond"]}]},{"@type":"WebPage","@id":"https:\/\/www.info-algerie.com\/actualites\/developpement-et-justice-sociale-themes-les-plus-developpes-au-3e-jour-de-la-campagne-electorale\/","url":"https:\/\/www.info-algerie.com\/actualites\/developpement-et-justice-sociale-themes-les-plus-developpes-au-3e-jour-de-la-campagne-electorale\/","name":"D\u00e9veloppement et justice sociale, th\u00e8mes les plus d\u00e9velopp\u00e9s au 3e jour de la campagne \u00e9lectorale - info algerie","isPartOf":{"@id":"https:\/\/www.info-algerie.com\/actualites\/#website"},"primaryImageOfPage":{"@id":"https:\/\/www.info-algerie.com\/actualites\/developpement-et-justice-sociale-themes-les-plus-developpes-au-3e-jour-de-la-campagne-electorale\/#primaryimage"},"image":{"@id":"https:\/\/www.info-algerie.com\/actualites\/developpement-et-justice-sociale-themes-les-plus-developpes-au-3e-jour-de-la-campagne-electorale\/#primaryimage"},"thumbnailUrl":"https:\/\/www.info-algerie.com\/actualites\/wp-content\/uploads\/2017\/04\/9f0989b415789788c86da3c90bb38afd_S-1.jpg","datePublished":"2017-04-11T19:28:37+00:00","breadcrumb":{"@id":"https:\/\/www.info-algerie.com\/actualites\/developpement-et-justice-sociale-themes-les-plus-developpes-au-3e-jour-de-la-campagne-electorale\/#breadcrumb"},"inLanguage":"fr-FR","potentialAction":[{"@type":"ReadAction","target":["https:\/\/www.info-algerie.com\/actualites\/developpement-et-justice-sociale-themes-les-plus-developpes-au-3e-jour-de-la-campagne-electorale\/"]}]},{"@type":"ImageObject","inLanguage":"fr-FR","@id":"https:\/\/www.info-algerie.com\/actualites\/developpement-et-justice-sociale-themes-les-plus-developpes-au-3e-jour-de-la-campagne-electorale\/#primaryimage","url":"https:\/\/www.info-algerie.com\/actualites\/wp-content\/uploads\/2017\/04\/9f0989b415789788c86da3c90bb38afd_S-1.jpg","contentUrl":"https:\/\/www.info-algerie.com\/actualites\/wp-content\/uploads\/2017\/04\/9f0989b415789788c86da3c90bb38afd_S-1.jpg","width":150,"height":97},{"@type":"BreadcrumbList","@id":"https:\/\/www.info-algerie.com\/actualites\/developpement-et-justice-sociale-themes-les-plus-developpes-au-3e-jour-de-la-campagne-electorale\/#breadcrumb","itemListElement":[{"@type":"ListItem","position":1,"name":"Accueil","item":"https:\/\/www.info-algerie.com\/actualites\/"},{"@type":"ListItem","position":2,"name":"D\u00e9veloppement et justice sociale, th\u00e8mes les plus d\u00e9velopp\u00e9s au 3e jour de la campagne \u00e9lectorale"}]},{"@type":"WebSite","@id":"https:\/\/www.info-algerie.com\/actualites\/#website","url":"https:\/\/www.info-algerie.com\/actualites\/","name":"info algerie","description":"Toutes les actualit\u00e9s","publisher":{"@id":"https:\/\/www.info-algerie.com\/actualites\/#organization"},"potentialAction":[{"@type":"SearchAction","target":{"@type":"EntryPoint","urlTemplate":"https:\/\/www.info-algerie.com\/actualites\/?s={search_term_string}"},"query-input":{"@type":"PropertyValueSpecification","valueRequired":true,"valueName":"search_term_string"}}],"inLanguage":"fr-FR"},{"@type":"Organization","@id":"https:\/\/www.info-algerie.com\/actualites\/#organization","name":"info algerie","url":"https:\/\/www.info-algerie.com\/actualites\/","logo":{"@type":"ImageObject","inLanguage":"fr-FR","@id":"https:\/\/www.info-algerie.com\/actualites\/#\/schema\/logo\/image\/","url":"https:\/\/www.info-algerie.com\/actualites\/wp-content\/uploads\/2022\/07\/logo-ia-120.png","contentUrl":"https:\/\/www.info-algerie.com\/actualites\/wp-content\/uploads\/2022\/07\/logo-ia-120.png","width":120,"height":43,"caption":"info algerie"},"image":{"@id":"https:\/\/www.info-algerie.com\/actualites\/#\/schema\/logo\/image\/"},"sameAs":["https:\/\/www.facebook.com\/infoalgerieactu","https:\/\/x.com\/infoalgerie1"]},{"@type":"Person","@id":"https:\/\/www.info-algerie.com\/actualites\/#\/schema\/person\/847aaec44920825b843a08f30ec6aa1e","name":"La r\u00e9daction","image":{"@type":"ImageObject","inLanguage":"fr-FR","@id":"https:\/\/secure.gravatar.com\/avatar\/769db425c6f465158149f1ffd6cf61ce7a8a879d11dfbef8288af36dfddd418c?s=96&d=mm&r=g","url":"https:\/\/secure.gravatar.com\/avatar\/769db425c6f465158149f1ffd6cf61ce7a8a879d11dfbef8288af36dfddd418c?s=96&d=mm&r=g","contentUrl":"https:\/\/secure.gravatar.com\/avatar\/769db425c6f465158149f1ffd6cf61ce7a8a879d11dfbef8288af36dfddd418c?s=96&d=mm&r=g","caption":"La r\u00e9daction"},"sameAs":["http:\/\/www.lkeria.com\/"],"url":"https:\/\/www.info-algerie.com\/actualites\/author\/chakib32\/"}]}},"_links":{"self":[{"href":"https:\/\/www.info-algerie.com\/actualites\/wp-json\/wp\/v2\/posts\/10100","targetHints":{"allow":["GET"]}}],"collection":[{"href":"https:\/\/www.info-algerie.com\/actualites\/wp-json\/wp\/v2\/posts"}],"about":[{"href":"https:\/\/www.info-algerie.com\/actualites\/wp-json\/wp\/v2\/types\/post"}],"author":[{"embeddable":true,"href":"https:\/\/www.info-algerie.com\/actualites\/wp-json\/wp\/v2\/users\/6"}],"replies":[{"embeddable":true,"href":"https:\/\/www.info-algerie.com\/actualites\/wp-json\/wp\/v2\/comments?post=10100"}],"version-history":[{"count":0,"href":"https:\/\/www.info-algerie.com\/actualites\/wp-json\/wp\/v2\/posts\/10100\/revisions"}],"wp:featuredmedia":[{"embeddable":true,"href":"https:\/\/www.info-algerie.com\/actualites\/wp-json\/wp\/v2\/media\/10101"}],"wp:attachment":[{"href":"https:\/\/www.info-algerie.com\/actualites\/wp-json\/wp\/v2\/media?parent=10100"}],"wp:term":[{"taxonomy":"category","embeddable":true,"href":"https:\/\/www.info-algerie.com\/actualites\/wp-json\/wp\/v2\/categories?post=10100"},{"taxonomy":"post_tag","embeddable":true,"href":"https:\/\/www.info-algerie.com\/actualites\/wp-json\/wp\/v2\/tags?post=10100"}],"curies":[{"name":"wp","href":"https:\/\/api.w.org\/{rel}","templated":true}]}}