{"id":1020,"date":"2015-09-24T17:27:57","date_gmt":"2015-09-24T16:27:57","guid":{"rendered":"http:\/\/www.info-algerie.com\/actualites\/bousculade-a-mina-la-mecque-deces-de-trois-hadjis-algeriens\/"},"modified":"2015-09-25T12:22:00","modified_gmt":"2015-09-25T11:22:00","slug":"bousculade-a-mina-la-mecque-deces-de-trois-hadjis-algeriens","status":"publish","type":"post","link":"https:\/\/www.info-algerie.com\/actualites\/bousculade-a-mina-la-mecque-deces-de-trois-hadjis-algeriens\/","title":{"rendered":"Bousculade \u00e0 Mina \u00e0 la Mecque : d\u00e9c\u00e8s de trois hadjis alg\u00e9riens"},"content":{"rendered":"<div class=\"K2FeedImage\"><\/div>\n<div class=\"K2FeedIntroText\">\n<p style=\"text-align: justify;\"><a href=\"https:\/\/www.info-algerie.com\/actualites\/wp-content\/uploads\/2015\/09\/Bousculade-\u00e0-Mina-\u00e0-la-Mecque.jpg\"><img loading=\"lazy\" decoding=\"async\" class=\" wp-image-1026 alignleft\" src=\"https:\/\/www.info-algerie.com\/actualites\/wp-content\/uploads\/2015\/09\/Bousculade-\u00e0-Mina-\u00e0-la-Mecque-300x194.jpg\" alt=\"Bousculade \u00e0 Mina \u00e0 la Mecque\" width=\"192\" height=\"124\" srcset=\"https:\/\/www.info-algerie.com\/actualites\/wp-content\/uploads\/2015\/09\/Bousculade-\u00e0-Mina-\u00e0-la-Mecque-300x194.jpg 300w, https:\/\/www.info-algerie.com\/actualites\/wp-content\/uploads\/2015\/09\/Bousculade-\u00e0-Mina-\u00e0-la-Mecque.jpg 600w\" sizes=\"auto, (max-width: 192px) 100vw, 192px\" \/><\/a>Trois hadjis alg\u00e9riens (un homme et deux\u00a0 femmes, originaires de Batna) sont d\u00e9c\u00e9d\u00e9s dans la bousculade de p\u00e8lerins survenue jeudi \u00e0 Mina (pr\u00e8s de La Mecque), a indiqu\u00e9 \u00e0 l&rsquo;APS le porte-parole du minist\u00e8re des Affaires \u00e9trang\u00e8res, Abdelaziz Ben Ali Ch\u00e9rif.<\/p>\n<h2 style=\"text-align: justify;\">Bousculade \u00e0 Mina \u00e0 la Mecque<\/h2>\n<p style=\"text-align: justify;\">Six (6) autres Alg\u00e9riens, dont une femme, ont \u00e9t\u00e9 l\u00e9g\u00e8rement bless\u00e9s dans la bousculade \u00e0 Mina, a pr\u00e9cis\u00e9 la m\u00eame source.<\/p>\n<p style=\"text-align: justify;\">Cet incident a fait, selon un dernier bilan, 717 morts et plus de 800 bless\u00e9s parmi les p\u00e8lerins.<\/p>\n<p style=\"text-align: justify;\">Une cellule de crise a \u00e9t\u00e9 install\u00e9e au niveau du Minist\u00e8re des Affaires \u00c9trang\u00e8res pour \u00ab\u00a0travailler en \u00e9troite collaboration avec celle institu\u00e9e par le minist\u00e8re des Affaires religieuses et des Wakfs pour le suivi de l&rsquo;\u00e9volution de la situation\u00a0\u00bb, avait pr\u00e9cis\u00e9 un communiqu\u00e9 du minist\u00e8re.<\/p>\n<p style=\"text-align: justify;\">La mission alg\u00e9rienne est \u00ab\u00a0pleinement mobilis\u00e9e\u00a0\u00bb et travaille sous le contr\u00f4le du ministre des Affaires religieuses et des Wakfs, Mohamed Aissa, qui se trouve sur place et en coordination avec le consul g\u00e9n\u00e9ral d&rsquo;Alg\u00e9rie \u00e0 Djeddah, Abdelkader Kacimi El Hassani, et l&rsquo;\u00e9quipe m\u00e9dicale afin d&rsquo;identifier les ressortissants alg\u00e9riens qui seraient touch\u00e9s par ce drame, avait ajout\u00e9 le minist\u00e8re.<\/p>\n<\/div>\n<p>Source: <a href=\"http:\/\/www.aps.dz\/algerie\/29041-bousculade-%C3%A0-mina-la-mecque-d%C3%A9c%C3%A8s-de-trois-hadjis-alg%C3%A9riens\" target=\"_blank\">Bousculade \u00e0 Mina (La Mecque): d\u00e9c\u00e8s de trois hadjis alg\u00e9riens<\/a><\/p>\n<!--CusAds0-->\n<div style=\"font-size: 0px; height: 0px; line-height: 0px; margin: 0; padding: 0; clear: both;\"><\/div>","protected":false},"excerpt":{"rendered":"<p>Trois hadjis alg\u00e9riens (un homme et deux\u00a0 femmes, originaires de Batna) sont d\u00e9c\u00e9d\u00e9s dans la bousculade de p\u00e8lerins survenue jeudi \u00e0 Mina (pr\u00e8s de La Mecque), a indiqu\u00e9 \u00e0 l&rsquo;APS le porte-parole du minist\u00e8re des Affaires \u00e9trang\u00e8res, Abdelaziz Ben Ali Ch\u00e9rif. Bousculade \u00e0 Mina \u00e0 la Mecque Six (6) autres Alg\u00e9riens, dont une femme, ont<\/p>\n","protected":false},"author":6,"featured_media":1026,"comment_status":"open","ping_status":"open","sticky":false,"template":"","format":"standard","meta":{"footnotes":""},"categories":[22],"tags":[93],"class_list":["post-1020","post","type-post","status-publish","format-standard","has-post-thumbnail","hentry","category-infos","tag-onu"],"yoast_head":"<!-- This site is optimized with the Yoast SEO plugin v27.5 - https:\/\/yoast.com\/product\/yoast-seo-wordpress\/ -->\n<title>Bousculade \u00e0 Mina \u00e0 la Mecque : d\u00e9c\u00e8s de trois hadjis alg\u00e9riens<\/title>\n<meta name=\"description\" content=\"Bousculade \u00e0 Mina \u00e0 la Mecque : d\u00e9c\u00e8s de trois hadjis alg\u00e9riens un homme et deux femmes, originaires de la wilaya de Batna\" \/>\n<meta name=\"robots\" content=\"index, follow, max-snippet:-1, max-image-preview:large, max-video-preview:-1\" \/>\n<link rel=\"canonical\" href=\"https:\/\/www.info-algerie.com\/actualites\/bousculade-a-mina-la-mecque-deces-de-trois-hadjis-algeriens\/\" \/>\n<meta property=\"og:locale\" content=\"fr_FR\" \/>\n<meta property=\"og:type\" content=\"article\" \/>\n<meta property=\"og:title\" content=\"Bousculade \u00e0 Mina \u00e0 la Mecque : d\u00e9c\u00e8s de trois hadjis alg\u00e9riens\" \/>\n<meta property=\"og:description\" content=\"Bousculade \u00e0 Mina \u00e0 la Mecque : d\u00e9c\u00e8s de trois hadjis alg\u00e9riens un homme et deux femmes, originaires de la wilaya de Batna\" \/>\n<meta property=\"og:url\" content=\"https:\/\/www.info-algerie.com\/actualites\/bousculade-a-mina-la-mecque-deces-de-trois-hadjis-algeriens\/\" \/>\n<meta property=\"og:site_name\" content=\"info algerie\" \/>\n<meta property=\"article:publisher\" content=\"https:\/\/www.facebook.com\/infoalgerieactu\" \/>\n<meta property=\"article:published_time\" content=\"2015-09-24T16:27:57+00:00\" \/>\n<meta property=\"article:modified_time\" content=\"2015-09-25T11:22:00+00:00\" \/>\n<meta property=\"og:image\" content=\"https:\/\/www.info-algerie.com\/actualites\/wp-content\/uploads\/2015\/09\/Bousculade-\u00e0-Mina-\u00e0-la-Mecque.jpg\" \/>\n\t<meta property=\"og:image:width\" content=\"600\" \/>\n\t<meta property=\"og:image:height\" content=\"387\" \/>\n\t<meta property=\"og:image:type\" content=\"image\/jpeg\" \/>\n<meta name=\"author\" content=\"La r\u00e9daction\" \/>\n<meta name=\"twitter:label1\" content=\"\u00c9crit par\" \/>\n\t<meta name=\"twitter:data1\" content=\"La r\u00e9daction\" \/>\n\t<meta name=\"twitter:label2\" content=\"Dur\u00e9e de lecture estim\u00e9e\" \/>\n\t<meta name=\"twitter:data2\" content=\"1 minute\" \/>\n<script type=\"application\/ld+json\" class=\"yoast-schema-graph\">{\"@context\":\"https:\\\/\\\/schema.org\",\"@graph\":[{\"@type\":\"Article\",\"@id\":\"https:\\\/\\\/www.info-algerie.com\\\/actualites\\\/bousculade-a-mina-la-mecque-deces-de-trois-hadjis-algeriens\\\/#article\",\"isPartOf\":{\"@id\":\"https:\\\/\\\/www.info-algerie.com\\\/actualites\\\/bousculade-a-mina-la-mecque-deces-de-trois-hadjis-algeriens\\\/\"},\"author\":{\"name\":\"La r\u00e9daction\",\"@id\":\"https:\\\/\\\/www.info-algerie.com\\\/actualites\\\/#\\\/schema\\\/person\\\/847aaec44920825b843a08f30ec6aa1e\"},\"headline\":\"Bousculade \u00e0 Mina \u00e0 la Mecque : d\u00e9c\u00e8s de trois hadjis alg\u00e9riens\",\"datePublished\":\"2015-09-24T16:27:57+00:00\",\"dateModified\":\"2015-09-25T11:22:00+00:00\",\"mainEntityOfPage\":{\"@id\":\"https:\\\/\\\/www.info-algerie.com\\\/actualites\\\/bousculade-a-mina-la-mecque-deces-de-trois-hadjis-algeriens\\\/\"},\"wordCount\":244,\"commentCount\":0,\"publisher\":{\"@id\":\"https:\\\/\\\/www.info-algerie.com\\\/actualites\\\/#organization\"},\"image\":{\"@id\":\"https:\\\/\\\/www.info-algerie.com\\\/actualites\\\/bousculade-a-mina-la-mecque-deces-de-trois-hadjis-algeriens\\\/#primaryimage\"},\"thumbnailUrl\":\"https:\\\/\\\/www.info-algerie.com\\\/actualites\\\/wp-content\\\/uploads\\\/2015\\\/09\\\/Bousculade-\u00e0-Mina-\u00e0-la-Mecque.jpg\",\"keywords\":[\"ONU\"],\"articleSection\":[\"infos\"],\"inLanguage\":\"fr-FR\",\"potentialAction\":[{\"@type\":\"CommentAction\",\"name\":\"Comment\",\"target\":[\"https:\\\/\\\/www.info-algerie.com\\\/actualites\\\/bousculade-a-mina-la-mecque-deces-de-trois-hadjis-algeriens\\\/#respond\"]}]},{\"@type\":\"WebPage\",\"@id\":\"https:\\\/\\\/www.info-algerie.com\\\/actualites\\\/bousculade-a-mina-la-mecque-deces-de-trois-hadjis-algeriens\\\/\",\"url\":\"https:\\\/\\\/www.info-algerie.com\\\/actualites\\\/bousculade-a-mina-la-mecque-deces-de-trois-hadjis-algeriens\\\/\",\"name\":\"Bousculade \u00e0 Mina \u00e0 la Mecque : d\u00e9c\u00e8s de trois hadjis alg\u00e9riens\",\"isPartOf\":{\"@id\":\"https:\\\/\\\/www.info-algerie.com\\\/actualites\\\/#website\"},\"primaryImageOfPage\":{\"@id\":\"https:\\\/\\\/www.info-algerie.com\\\/actualites\\\/bousculade-a-mina-la-mecque-deces-de-trois-hadjis-algeriens\\\/#primaryimage\"},\"image\":{\"@id\":\"https:\\\/\\\/www.info-algerie.com\\\/actualites\\\/bousculade-a-mina-la-mecque-deces-de-trois-hadjis-algeriens\\\/#primaryimage\"},\"thumbnailUrl\":\"https:\\\/\\\/www.info-algerie.com\\\/actualites\\\/wp-content\\\/uploads\\\/2015\\\/09\\\/Bousculade-\u00e0-Mina-\u00e0-la-Mecque.jpg\",\"datePublished\":\"2015-09-24T16:27:57+00:00\",\"dateModified\":\"2015-09-25T11:22:00+00:00\",\"description\":\"Bousculade \u00e0 Mina \u00e0 la Mecque : d\u00e9c\u00e8s de trois hadjis alg\u00e9riens un homme et deux femmes, originaires de la wilaya de Batna\",\"breadcrumb\":{\"@id\":\"https:\\\/\\\/www.info-algerie.com\\\/actualites\\\/bousculade-a-mina-la-mecque-deces-de-trois-hadjis-algeriens\\\/#breadcrumb\"},\"inLanguage\":\"fr-FR\",\"potentialAction\":[{\"@type\":\"ReadAction\",\"target\":[\"https:\\\/\\\/www.info-algerie.com\\\/actualites\\\/bousculade-a-mina-la-mecque-deces-de-trois-hadjis-algeriens\\\/\"]}]},{\"@type\":\"ImageObject\",\"inLanguage\":\"fr-FR\",\"@id\":\"https:\\\/\\\/www.info-algerie.com\\\/actualites\\\/bousculade-a-mina-la-mecque-deces-de-trois-hadjis-algeriens\\\/#primaryimage\",\"url\":\"https:\\\/\\\/www.info-algerie.com\\\/actualites\\\/wp-content\\\/uploads\\\/2015\\\/09\\\/Bousculade-\u00e0-Mina-\u00e0-la-Mecque.jpg\",\"contentUrl\":\"https:\\\/\\\/www.info-algerie.com\\\/actualites\\\/wp-content\\\/uploads\\\/2015\\\/09\\\/Bousculade-\u00e0-Mina-\u00e0-la-Mecque.jpg\",\"width\":600,\"height\":387,\"caption\":\"Bousculade \u00e0 Mina \u00e0 la Mecque\"},{\"@type\":\"BreadcrumbList\",\"@id\":\"https:\\\/\\\/www.info-algerie.com\\\/actualites\\\/bousculade-a-mina-la-mecque-deces-de-trois-hadjis-algeriens\\\/#breadcrumb\",\"itemListElement\":[{\"@type\":\"ListItem\",\"position\":1,\"name\":\"Accueil\",\"item\":\"https:\\\/\\\/www.info-algerie.com\\\/actualites\\\/\"},{\"@type\":\"ListItem\",\"position\":2,\"name\":\"Bousculade \u00e0 Mina \u00e0 la Mecque : d\u00e9c\u00e8s de trois hadjis alg\u00e9riens\"}]},{\"@type\":\"WebSite\",\"@id\":\"https:\\\/\\\/www.info-algerie.com\\\/actualites\\\/#website\",\"url\":\"https:\\\/\\\/www.info-algerie.com\\\/actualites\\\/\",\"name\":\"info algerie\",\"description\":\"Toutes les actualit\u00e9s\",\"publisher\":{\"@id\":\"https:\\\/\\\/www.info-algerie.com\\\/actualites\\\/#organization\"},\"potentialAction\":[{\"@type\":\"SearchAction\",\"target\":{\"@type\":\"EntryPoint\",\"urlTemplate\":\"https:\\\/\\\/www.info-algerie.com\\\/actualites\\\/?s={search_term_string}\"},\"query-input\":{\"@type\":\"PropertyValueSpecification\",\"valueRequired\":true,\"valueName\":\"search_term_string\"}}],\"inLanguage\":\"fr-FR\"},{\"@type\":\"Organization\",\"@id\":\"https:\\\/\\\/www.info-algerie.com\\\/actualites\\\/#organization\",\"name\":\"info algerie\",\"url\":\"https:\\\/\\\/www.info-algerie.com\\\/actualites\\\/\",\"logo\":{\"@type\":\"ImageObject\",\"inLanguage\":\"fr-FR\",\"@id\":\"https:\\\/\\\/www.info-algerie.com\\\/actualites\\\/#\\\/schema\\\/logo\\\/image\\\/\",\"url\":\"https:\\\/\\\/www.info-algerie.com\\\/actualites\\\/wp-content\\\/uploads\\\/2022\\\/07\\\/logo-ia-120.png\",\"contentUrl\":\"https:\\\/\\\/www.info-algerie.com\\\/actualites\\\/wp-content\\\/uploads\\\/2022\\\/07\\\/logo-ia-120.png\",\"width\":120,\"height\":43,\"caption\":\"info algerie\"},\"image\":{\"@id\":\"https:\\\/\\\/www.info-algerie.com\\\/actualites\\\/#\\\/schema\\\/logo\\\/image\\\/\"},\"sameAs\":[\"https:\\\/\\\/www.facebook.com\\\/infoalgerieactu\",\"https:\\\/\\\/x.com\\\/infoalgerie1\"]},{\"@type\":\"Person\",\"@id\":\"https:\\\/\\\/www.info-algerie.com\\\/actualites\\\/#\\\/schema\\\/person\\\/847aaec44920825b843a08f30ec6aa1e\",\"name\":\"La r\u00e9daction\",\"image\":{\"@type\":\"ImageObject\",\"inLanguage\":\"fr-FR\",\"@id\":\"https:\\\/\\\/secure.gravatar.com\\\/avatar\\\/769db425c6f465158149f1ffd6cf61ce7a8a879d11dfbef8288af36dfddd418c?s=96&d=mm&r=g\",\"url\":\"https:\\\/\\\/secure.gravatar.com\\\/avatar\\\/769db425c6f465158149f1ffd6cf61ce7a8a879d11dfbef8288af36dfddd418c?s=96&d=mm&r=g\",\"contentUrl\":\"https:\\\/\\\/secure.gravatar.com\\\/avatar\\\/769db425c6f465158149f1ffd6cf61ce7a8a879d11dfbef8288af36dfddd418c?s=96&d=mm&r=g\",\"caption\":\"La r\u00e9daction\"},\"sameAs\":[\"http:\\\/\\\/www.lkeria.com\\\/\"],\"url\":\"https:\\\/\\\/www.info-algerie.com\\\/actualites\\\/author\\\/chakib32\\\/\"}]}<\/script>\n<!-- \/ Yoast SEO plugin. -->","yoast_head_json":{"title":"Bousculade \u00e0 Mina \u00e0 la Mecque : d\u00e9c\u00e8s de trois hadjis alg\u00e9riens","description":"Bousculade \u00e0 Mina \u00e0 la Mecque : d\u00e9c\u00e8s de trois hadjis alg\u00e9riens un homme et deux femmes, originaires de la wilaya de Batna","robots":{"index":"index","follow":"follow","max-snippet":"max-snippet:-1","max-image-preview":"max-image-preview:large","max-video-preview":"max-video-preview:-1"},"canonical":"https:\/\/www.info-algerie.com\/actualites\/bousculade-a-mina-la-mecque-deces-de-trois-hadjis-algeriens\/","og_locale":"fr_FR","og_type":"article","og_title":"Bousculade \u00e0 Mina \u00e0 la Mecque : d\u00e9c\u00e8s de trois hadjis alg\u00e9riens","og_description":"Bousculade \u00e0 Mina \u00e0 la Mecque : d\u00e9c\u00e8s de trois hadjis alg\u00e9riens un homme et deux femmes, originaires de la wilaya de Batna","og_url":"https:\/\/www.info-algerie.com\/actualites\/bousculade-a-mina-la-mecque-deces-de-trois-hadjis-algeriens\/","og_site_name":"info algerie","article_publisher":"https:\/\/www.facebook.com\/infoalgerieactu","article_published_time":"2015-09-24T16:27:57+00:00","article_modified_time":"2015-09-25T11:22:00+00:00","og_image":[{"width":600,"height":387,"url":"https:\/\/www.info-algerie.com\/actualites\/wp-content\/uploads\/2015\/09\/Bousculade-\u00e0-Mina-\u00e0-la-Mecque.jpg","type":"image\/jpeg"}],"author":"La r\u00e9daction","twitter_misc":{"\u00c9crit par":"La r\u00e9daction","Dur\u00e9e de lecture estim\u00e9e":"1 minute"},"schema":{"@context":"https:\/\/schema.org","@graph":[{"@type":"Article","@id":"https:\/\/www.info-algerie.com\/actualites\/bousculade-a-mina-la-mecque-deces-de-trois-hadjis-algeriens\/#article","isPartOf":{"@id":"https:\/\/www.info-algerie.com\/actualites\/bousculade-a-mina-la-mecque-deces-de-trois-hadjis-algeriens\/"},"author":{"name":"La r\u00e9daction","@id":"https:\/\/www.info-algerie.com\/actualites\/#\/schema\/person\/847aaec44920825b843a08f30ec6aa1e"},"headline":"Bousculade \u00e0 Mina \u00e0 la Mecque : d\u00e9c\u00e8s de trois hadjis alg\u00e9riens","datePublished":"2015-09-24T16:27:57+00:00","dateModified":"2015-09-25T11:22:00+00:00","mainEntityOfPage":{"@id":"https:\/\/www.info-algerie.com\/actualites\/bousculade-a-mina-la-mecque-deces-de-trois-hadjis-algeriens\/"},"wordCount":244,"commentCount":0,"publisher":{"@id":"https:\/\/www.info-algerie.com\/actualites\/#organization"},"image":{"@id":"https:\/\/www.info-algerie.com\/actualites\/bousculade-a-mina-la-mecque-deces-de-trois-hadjis-algeriens\/#primaryimage"},"thumbnailUrl":"https:\/\/www.info-algerie.com\/actualites\/wp-content\/uploads\/2015\/09\/Bousculade-\u00e0-Mina-\u00e0-la-Mecque.jpg","keywords":["ONU"],"articleSection":["infos"],"inLanguage":"fr-FR","potentialAction":[{"@type":"CommentAction","name":"Comment","target":["https:\/\/www.info-algerie.com\/actualites\/bousculade-a-mina-la-mecque-deces-de-trois-hadjis-algeriens\/#respond"]}]},{"@type":"WebPage","@id":"https:\/\/www.info-algerie.com\/actualites\/bousculade-a-mina-la-mecque-deces-de-trois-hadjis-algeriens\/","url":"https:\/\/www.info-algerie.com\/actualites\/bousculade-a-mina-la-mecque-deces-de-trois-hadjis-algeriens\/","name":"Bousculade \u00e0 Mina \u00e0 la Mecque : d\u00e9c\u00e8s de trois hadjis alg\u00e9riens","isPartOf":{"@id":"https:\/\/www.info-algerie.com\/actualites\/#website"},"primaryImageOfPage":{"@id":"https:\/\/www.info-algerie.com\/actualites\/bousculade-a-mina-la-mecque-deces-de-trois-hadjis-algeriens\/#primaryimage"},"image":{"@id":"https:\/\/www.info-algerie.com\/actualites\/bousculade-a-mina-la-mecque-deces-de-trois-hadjis-algeriens\/#primaryimage"},"thumbnailUrl":"https:\/\/www.info-algerie.com\/actualites\/wp-content\/uploads\/2015\/09\/Bousculade-\u00e0-Mina-\u00e0-la-Mecque.jpg","datePublished":"2015-09-24T16:27:57+00:00","dateModified":"2015-09-25T11:22:00+00:00","description":"Bousculade \u00e0 Mina \u00e0 la Mecque : d\u00e9c\u00e8s de trois hadjis alg\u00e9riens un homme et deux femmes, originaires de la wilaya de Batna","breadcrumb":{"@id":"https:\/\/www.info-algerie.com\/actualites\/bousculade-a-mina-la-mecque-deces-de-trois-hadjis-algeriens\/#breadcrumb"},"inLanguage":"fr-FR","potentialAction":[{"@type":"ReadAction","target":["https:\/\/www.info-algerie.com\/actualites\/bousculade-a-mina-la-mecque-deces-de-trois-hadjis-algeriens\/"]}]},{"@type":"ImageObject","inLanguage":"fr-FR","@id":"https:\/\/www.info-algerie.com\/actualites\/bousculade-a-mina-la-mecque-deces-de-trois-hadjis-algeriens\/#primaryimage","url":"https:\/\/www.info-algerie.com\/actualites\/wp-content\/uploads\/2015\/09\/Bousculade-\u00e0-Mina-\u00e0-la-Mecque.jpg","contentUrl":"https:\/\/www.info-algerie.com\/actualites\/wp-content\/uploads\/2015\/09\/Bousculade-\u00e0-Mina-\u00e0-la-Mecque.jpg","width":600,"height":387,"caption":"Bousculade \u00e0 Mina \u00e0 la Mecque"},{"@type":"BreadcrumbList","@id":"https:\/\/www.info-algerie.com\/actualites\/bousculade-a-mina-la-mecque-deces-de-trois-hadjis-algeriens\/#breadcrumb","itemListElement":[{"@type":"ListItem","position":1,"name":"Accueil","item":"https:\/\/www.info-algerie.com\/actualites\/"},{"@type":"ListItem","position":2,"name":"Bousculade \u00e0 Mina \u00e0 la Mecque : d\u00e9c\u00e8s de trois hadjis alg\u00e9riens"}]},{"@type":"WebSite","@id":"https:\/\/www.info-algerie.com\/actualites\/#website","url":"https:\/\/www.info-algerie.com\/actualites\/","name":"info algerie","description":"Toutes les actualit\u00e9s","publisher":{"@id":"https:\/\/www.info-algerie.com\/actualites\/#organization"},"potentialAction":[{"@type":"SearchAction","target":{"@type":"EntryPoint","urlTemplate":"https:\/\/www.info-algerie.com\/actualites\/?s={search_term_string}"},"query-input":{"@type":"PropertyValueSpecification","valueRequired":true,"valueName":"search_term_string"}}],"inLanguage":"fr-FR"},{"@type":"Organization","@id":"https:\/\/www.info-algerie.com\/actualites\/#organization","name":"info algerie","url":"https:\/\/www.info-algerie.com\/actualites\/","logo":{"@type":"ImageObject","inLanguage":"fr-FR","@id":"https:\/\/www.info-algerie.com\/actualites\/#\/schema\/logo\/image\/","url":"https:\/\/www.info-algerie.com\/actualites\/wp-content\/uploads\/2022\/07\/logo-ia-120.png","contentUrl":"https:\/\/www.info-algerie.com\/actualites\/wp-content\/uploads\/2022\/07\/logo-ia-120.png","width":120,"height":43,"caption":"info algerie"},"image":{"@id":"https:\/\/www.info-algerie.com\/actualites\/#\/schema\/logo\/image\/"},"sameAs":["https:\/\/www.facebook.com\/infoalgerieactu","https:\/\/x.com\/infoalgerie1"]},{"@type":"Person","@id":"https:\/\/www.info-algerie.com\/actualites\/#\/schema\/person\/847aaec44920825b843a08f30ec6aa1e","name":"La r\u00e9daction","image":{"@type":"ImageObject","inLanguage":"fr-FR","@id":"https:\/\/secure.gravatar.com\/avatar\/769db425c6f465158149f1ffd6cf61ce7a8a879d11dfbef8288af36dfddd418c?s=96&d=mm&r=g","url":"https:\/\/secure.gravatar.com\/avatar\/769db425c6f465158149f1ffd6cf61ce7a8a879d11dfbef8288af36dfddd418c?s=96&d=mm&r=g","contentUrl":"https:\/\/secure.gravatar.com\/avatar\/769db425c6f465158149f1ffd6cf61ce7a8a879d11dfbef8288af36dfddd418c?s=96&d=mm&r=g","caption":"La r\u00e9daction"},"sameAs":["http:\/\/www.lkeria.com\/"],"url":"https:\/\/www.info-algerie.com\/actualites\/author\/chakib32\/"}]}},"_links":{"self":[{"href":"https:\/\/www.info-algerie.com\/actualites\/wp-json\/wp\/v2\/posts\/1020","targetHints":{"allow":["GET"]}}],"collection":[{"href":"https:\/\/www.info-algerie.com\/actualites\/wp-json\/wp\/v2\/posts"}],"about":[{"href":"https:\/\/www.info-algerie.com\/actualites\/wp-json\/wp\/v2\/types\/post"}],"author":[{"embeddable":true,"href":"https:\/\/www.info-algerie.com\/actualites\/wp-json\/wp\/v2\/users\/6"}],"replies":[{"embeddable":true,"href":"https:\/\/www.info-algerie.com\/actualites\/wp-json\/wp\/v2\/comments?post=1020"}],"version-history":[{"count":3,"href":"https:\/\/www.info-algerie.com\/actualites\/wp-json\/wp\/v2\/posts\/1020\/revisions"}],"predecessor-version":[{"id":1028,"href":"https:\/\/www.info-algerie.com\/actualites\/wp-json\/wp\/v2\/posts\/1020\/revisions\/1028"}],"wp:featuredmedia":[{"embeddable":true,"href":"https:\/\/www.info-algerie.com\/actualites\/wp-json\/wp\/v2\/media\/1026"}],"wp:attachment":[{"href":"https:\/\/www.info-algerie.com\/actualites\/wp-json\/wp\/v2\/media?parent=1020"}],"wp:term":[{"taxonomy":"category","embeddable":true,"href":"https:\/\/www.info-algerie.com\/actualites\/wp-json\/wp\/v2\/categories?post=1020"},{"taxonomy":"post_tag","embeddable":true,"href":"https:\/\/www.info-algerie.com\/actualites\/wp-json\/wp\/v2\/tags?post=1020"}],"curies":[{"name":"wp","href":"https:\/\/api.w.org\/{rel}","templated":true}]}}