{"id":10226,"date":"2017-04-13T18:57:39","date_gmt":"2017-04-13T17:57:39","guid":{"rendered":"http:\/\/www.info-algerie.com\/actualites\/ghoul-souligne-linteret-a-porter-aux-couches-defavorisees-et-aux-jeunes\/"},"modified":"2017-04-13T18:57:39","modified_gmt":"2017-04-13T17:57:39","slug":"ghoul-souligne-linteret-a-porter-aux-couches-defavorisees-et-aux-jeunes","status":"publish","type":"post","link":"https:\/\/www.info-algerie.com\/actualites\/ghoul-souligne-linteret-a-porter-aux-couches-defavorisees-et-aux-jeunes\/","title":{"rendered":"Ghoul souligne l\u2019int\u00e9r\u00eat \u00e0 porter aux couches d\u00e9favoris\u00e9es et aux jeunes"},"content":{"rendered":"<div class=\"K2FeedImage\"><img decoding=\"async\" src=\"https:\/\/www.info-algerie.com\/actualites\/wp-content\/uploads\/2017\/04\/c1a594fe30696c29aefbf3bef62ee814_S.jpg\" alt=\"Ghoul souligne l&#x2019;int&#xE9;r&#xEA;t &#xE0; porter aux couches d&#xE9;favoris&#xE9;es et aux jeunes\" \/><\/div>\n<div class=\"K2FeedIntroText\"> SIDI BEL ABBES &#8211; Le pr\u00e9sident de TAJ, Amar Ghoul, a appel\u00e9 jeudi \u00e0 Sidi Bel Abb\u00e8s \u00e0 la n\u00e9cessit\u00e9 de s\u2019int\u00e9resser aux couches d\u00e9favoris\u00e9es et aux jeunes qui repr\u00e9sentent la force de la soci\u00e9t\u00e9 alg\u00e9rienne. Au cours d\u2019un meeting anim\u00e9 dans le cadre de la campagne \u00e9lectorale des prochaines\u2026<\/div>\n<p>&#013;<br \/>\nSource: <a href=\"http:\/\/www.aps.dz\/algerie\/56082-ghoul-souligne-l%E2%80%99int%C3%A9r%C3%AAt-%C3%A0-porter-aux-couches-d%C3%A9favoris%C3%A9es-et-aux-jeunes\" target=\"_blank\">Ghoul souligne l\u2019int\u00e9r\u00eat \u00e0 porter aux couches d\u00e9favoris\u00e9es et aux jeunes<\/a><\/p>\n<!--CusAds0-->\n<div style=\"font-size: 0px; height: 0px; line-height: 0px; margin: 0; padding: 0; clear: both;\"><\/div>","protected":false},"excerpt":{"rendered":"<p>SIDI BEL ABBES &#8211; Le pr\u00e9sident de TAJ, Amar Ghoul, a appel\u00e9 jeudi \u00e0 Sidi Bel Abb\u00e8s \u00e0 la n\u00e9cessit\u00e9 de s\u2019int\u00e9resser aux couches d\u00e9favoris\u00e9es et aux jeunes qui repr\u00e9sentent la force de la soci\u00e9t\u00e9 alg\u00e9rienne. Au cours d\u2019un meeting anim\u00e9 dans le cadre de la campagne \u00e9lectorale des prochaines\u2026 &#013; Source: Ghoul souligne l\u2019int\u00e9r\u00eat<\/p>\n","protected":false},"author":6,"featured_media":10227,"comment_status":"open","ping_status":"open","sticky":false,"template":"","format":"standard","meta":{"footnotes":""},"categories":[22],"tags":[93],"class_list":["post-10226","post","type-post","status-publish","format-standard","has-post-thumbnail","hentry","category-infos","tag-onu"],"yoast_head":"<!-- This site is optimized with the Yoast SEO plugin v27.5 - https:\/\/yoast.com\/product\/yoast-seo-wordpress\/ -->\n<title>Ghoul souligne l\u2019int\u00e9r\u00eat \u00e0 porter aux couches d\u00e9favoris\u00e9es et aux jeunes - info algerie<\/title>\n<meta name=\"robots\" content=\"index, follow, max-snippet:-1, max-image-preview:large, max-video-preview:-1\" \/>\n<link rel=\"canonical\" href=\"https:\/\/www.info-algerie.com\/actualites\/ghoul-souligne-linteret-a-porter-aux-couches-defavorisees-et-aux-jeunes\/\" \/>\n<meta property=\"og:locale\" content=\"fr_FR\" \/>\n<meta property=\"og:type\" content=\"article\" \/>\n<meta property=\"og:title\" content=\"Ghoul souligne l\u2019int\u00e9r\u00eat \u00e0 porter aux couches d\u00e9favoris\u00e9es et aux jeunes - info algerie\" \/>\n<meta property=\"og:description\" content=\"SIDI BEL ABBES &#8211; Le pr\u00e9sident de TAJ, Amar Ghoul, a appel\u00e9 jeudi \u00e0 Sidi Bel Abb\u00e8s \u00e0 la n\u00e9cessit\u00e9 de s\u2019int\u00e9resser aux couches d\u00e9favoris\u00e9es et aux jeunes qui repr\u00e9sentent la force de la soci\u00e9t\u00e9 alg\u00e9rienne. Au cours d\u2019un meeting anim\u00e9 dans le cadre de la campagne \u00e9lectorale des prochaines\u2026 &#013; Source: Ghoul souligne l\u2019int\u00e9r\u00eat\" \/>\n<meta property=\"og:url\" content=\"https:\/\/www.info-algerie.com\/actualites\/ghoul-souligne-linteret-a-porter-aux-couches-defavorisees-et-aux-jeunes\/\" \/>\n<meta property=\"og:site_name\" content=\"info algerie\" \/>\n<meta property=\"article:publisher\" content=\"https:\/\/www.facebook.com\/infoalgerieactu\" \/>\n<meta property=\"article:published_time\" content=\"2017-04-13T17:57:39+00:00\" \/>\n<meta property=\"og:image\" content=\"https:\/\/www.info-algerie.com\/actualites\/wp-content\/uploads\/2017\/04\/c1a594fe30696c29aefbf3bef62ee814_S-1.jpg\" \/>\n\t<meta property=\"og:image:width\" content=\"150\" \/>\n\t<meta property=\"og:image:height\" content=\"85\" \/>\n\t<meta property=\"og:image:type\" content=\"image\/jpeg\" \/>\n<meta name=\"author\" content=\"La r\u00e9daction\" \/>\n<meta name=\"twitter:label1\" content=\"\u00c9crit par\" \/>\n\t<meta name=\"twitter:data1\" content=\"La r\u00e9daction\" \/>\n<script type=\"application\/ld+json\" class=\"yoast-schema-graph\">{\"@context\":\"https:\\\/\\\/schema.org\",\"@graph\":[{\"@type\":\"Article\",\"@id\":\"https:\\\/\\\/www.info-algerie.com\\\/actualites\\\/ghoul-souligne-linteret-a-porter-aux-couches-defavorisees-et-aux-jeunes\\\/#article\",\"isPartOf\":{\"@id\":\"https:\\\/\\\/www.info-algerie.com\\\/actualites\\\/ghoul-souligne-linteret-a-porter-aux-couches-defavorisees-et-aux-jeunes\\\/\"},\"author\":{\"name\":\"La r\u00e9daction\",\"@id\":\"https:\\\/\\\/www.info-algerie.com\\\/actualites\\\/#\\\/schema\\\/person\\\/847aaec44920825b843a08f30ec6aa1e\"},\"headline\":\"Ghoul souligne l\u2019int\u00e9r\u00eat \u00e0 porter aux couches d\u00e9favoris\u00e9es et aux jeunes\",\"datePublished\":\"2017-04-13T17:57:39+00:00\",\"mainEntityOfPage\":{\"@id\":\"https:\\\/\\\/www.info-algerie.com\\\/actualites\\\/ghoul-souligne-linteret-a-porter-aux-couches-defavorisees-et-aux-jeunes\\\/\"},\"wordCount\":90,\"commentCount\":0,\"publisher\":{\"@id\":\"https:\\\/\\\/www.info-algerie.com\\\/actualites\\\/#organization\"},\"image\":{\"@id\":\"https:\\\/\\\/www.info-algerie.com\\\/actualites\\\/ghoul-souligne-linteret-a-porter-aux-couches-defavorisees-et-aux-jeunes\\\/#primaryimage\"},\"thumbnailUrl\":\"https:\\\/\\\/www.info-algerie.com\\\/actualites\\\/wp-content\\\/uploads\\\/2017\\\/04\\\/c1a594fe30696c29aefbf3bef62ee814_S-1.jpg\",\"keywords\":[\"ONU\"],\"articleSection\":[\"infos\"],\"inLanguage\":\"fr-FR\",\"potentialAction\":[{\"@type\":\"CommentAction\",\"name\":\"Comment\",\"target\":[\"https:\\\/\\\/www.info-algerie.com\\\/actualites\\\/ghoul-souligne-linteret-a-porter-aux-couches-defavorisees-et-aux-jeunes\\\/#respond\"]}]},{\"@type\":\"WebPage\",\"@id\":\"https:\\\/\\\/www.info-algerie.com\\\/actualites\\\/ghoul-souligne-linteret-a-porter-aux-couches-defavorisees-et-aux-jeunes\\\/\",\"url\":\"https:\\\/\\\/www.info-algerie.com\\\/actualites\\\/ghoul-souligne-linteret-a-porter-aux-couches-defavorisees-et-aux-jeunes\\\/\",\"name\":\"Ghoul souligne l\u2019int\u00e9r\u00eat \u00e0 porter aux couches d\u00e9favoris\u00e9es et aux jeunes - info algerie\",\"isPartOf\":{\"@id\":\"https:\\\/\\\/www.info-algerie.com\\\/actualites\\\/#website\"},\"primaryImageOfPage\":{\"@id\":\"https:\\\/\\\/www.info-algerie.com\\\/actualites\\\/ghoul-souligne-linteret-a-porter-aux-couches-defavorisees-et-aux-jeunes\\\/#primaryimage\"},\"image\":{\"@id\":\"https:\\\/\\\/www.info-algerie.com\\\/actualites\\\/ghoul-souligne-linteret-a-porter-aux-couches-defavorisees-et-aux-jeunes\\\/#primaryimage\"},\"thumbnailUrl\":\"https:\\\/\\\/www.info-algerie.com\\\/actualites\\\/wp-content\\\/uploads\\\/2017\\\/04\\\/c1a594fe30696c29aefbf3bef62ee814_S-1.jpg\",\"datePublished\":\"2017-04-13T17:57:39+00:00\",\"breadcrumb\":{\"@id\":\"https:\\\/\\\/www.info-algerie.com\\\/actualites\\\/ghoul-souligne-linteret-a-porter-aux-couches-defavorisees-et-aux-jeunes\\\/#breadcrumb\"},\"inLanguage\":\"fr-FR\",\"potentialAction\":[{\"@type\":\"ReadAction\",\"target\":[\"https:\\\/\\\/www.info-algerie.com\\\/actualites\\\/ghoul-souligne-linteret-a-porter-aux-couches-defavorisees-et-aux-jeunes\\\/\"]}]},{\"@type\":\"ImageObject\",\"inLanguage\":\"fr-FR\",\"@id\":\"https:\\\/\\\/www.info-algerie.com\\\/actualites\\\/ghoul-souligne-linteret-a-porter-aux-couches-defavorisees-et-aux-jeunes\\\/#primaryimage\",\"url\":\"https:\\\/\\\/www.info-algerie.com\\\/actualites\\\/wp-content\\\/uploads\\\/2017\\\/04\\\/c1a594fe30696c29aefbf3bef62ee814_S-1.jpg\",\"contentUrl\":\"https:\\\/\\\/www.info-algerie.com\\\/actualites\\\/wp-content\\\/uploads\\\/2017\\\/04\\\/c1a594fe30696c29aefbf3bef62ee814_S-1.jpg\",\"width\":150,\"height\":85},{\"@type\":\"BreadcrumbList\",\"@id\":\"https:\\\/\\\/www.info-algerie.com\\\/actualites\\\/ghoul-souligne-linteret-a-porter-aux-couches-defavorisees-et-aux-jeunes\\\/#breadcrumb\",\"itemListElement\":[{\"@type\":\"ListItem\",\"position\":1,\"name\":\"Accueil\",\"item\":\"https:\\\/\\\/www.info-algerie.com\\\/actualites\\\/\"},{\"@type\":\"ListItem\",\"position\":2,\"name\":\"Ghoul souligne l\u2019int\u00e9r\u00eat \u00e0 porter aux couches d\u00e9favoris\u00e9es et aux jeunes\"}]},{\"@type\":\"WebSite\",\"@id\":\"https:\\\/\\\/www.info-algerie.com\\\/actualites\\\/#website\",\"url\":\"https:\\\/\\\/www.info-algerie.com\\\/actualites\\\/\",\"name\":\"info algerie\",\"description\":\"Toutes les actualit\u00e9s\",\"publisher\":{\"@id\":\"https:\\\/\\\/www.info-algerie.com\\\/actualites\\\/#organization\"},\"potentialAction\":[{\"@type\":\"SearchAction\",\"target\":{\"@type\":\"EntryPoint\",\"urlTemplate\":\"https:\\\/\\\/www.info-algerie.com\\\/actualites\\\/?s={search_term_string}\"},\"query-input\":{\"@type\":\"PropertyValueSpecification\",\"valueRequired\":true,\"valueName\":\"search_term_string\"}}],\"inLanguage\":\"fr-FR\"},{\"@type\":\"Organization\",\"@id\":\"https:\\\/\\\/www.info-algerie.com\\\/actualites\\\/#organization\",\"name\":\"info algerie\",\"url\":\"https:\\\/\\\/www.info-algerie.com\\\/actualites\\\/\",\"logo\":{\"@type\":\"ImageObject\",\"inLanguage\":\"fr-FR\",\"@id\":\"https:\\\/\\\/www.info-algerie.com\\\/actualites\\\/#\\\/schema\\\/logo\\\/image\\\/\",\"url\":\"https:\\\/\\\/www.info-algerie.com\\\/actualites\\\/wp-content\\\/uploads\\\/2022\\\/07\\\/logo-ia-120.png\",\"contentUrl\":\"https:\\\/\\\/www.info-algerie.com\\\/actualites\\\/wp-content\\\/uploads\\\/2022\\\/07\\\/logo-ia-120.png\",\"width\":120,\"height\":43,\"caption\":\"info algerie\"},\"image\":{\"@id\":\"https:\\\/\\\/www.info-algerie.com\\\/actualites\\\/#\\\/schema\\\/logo\\\/image\\\/\"},\"sameAs\":[\"https:\\\/\\\/www.facebook.com\\\/infoalgerieactu\",\"https:\\\/\\\/x.com\\\/infoalgerie1\"]},{\"@type\":\"Person\",\"@id\":\"https:\\\/\\\/www.info-algerie.com\\\/actualites\\\/#\\\/schema\\\/person\\\/847aaec44920825b843a08f30ec6aa1e\",\"name\":\"La r\u00e9daction\",\"image\":{\"@type\":\"ImageObject\",\"inLanguage\":\"fr-FR\",\"@id\":\"https:\\\/\\\/secure.gravatar.com\\\/avatar\\\/769db425c6f465158149f1ffd6cf61ce7a8a879d11dfbef8288af36dfddd418c?s=96&d=mm&r=g\",\"url\":\"https:\\\/\\\/secure.gravatar.com\\\/avatar\\\/769db425c6f465158149f1ffd6cf61ce7a8a879d11dfbef8288af36dfddd418c?s=96&d=mm&r=g\",\"contentUrl\":\"https:\\\/\\\/secure.gravatar.com\\\/avatar\\\/769db425c6f465158149f1ffd6cf61ce7a8a879d11dfbef8288af36dfddd418c?s=96&d=mm&r=g\",\"caption\":\"La r\u00e9daction\"},\"sameAs\":[\"http:\\\/\\\/www.lkeria.com\\\/\"],\"url\":\"https:\\\/\\\/www.info-algerie.com\\\/actualites\\\/author\\\/chakib32\\\/\"}]}<\/script>\n<!-- \/ Yoast SEO plugin. -->","yoast_head_json":{"title":"Ghoul souligne l\u2019int\u00e9r\u00eat \u00e0 porter aux couches d\u00e9favoris\u00e9es et aux jeunes - info algerie","robots":{"index":"index","follow":"follow","max-snippet":"max-snippet:-1","max-image-preview":"max-image-preview:large","max-video-preview":"max-video-preview:-1"},"canonical":"https:\/\/www.info-algerie.com\/actualites\/ghoul-souligne-linteret-a-porter-aux-couches-defavorisees-et-aux-jeunes\/","og_locale":"fr_FR","og_type":"article","og_title":"Ghoul souligne l\u2019int\u00e9r\u00eat \u00e0 porter aux couches d\u00e9favoris\u00e9es et aux jeunes - info algerie","og_description":"SIDI BEL ABBES &#8211; Le pr\u00e9sident de TAJ, Amar Ghoul, a appel\u00e9 jeudi \u00e0 Sidi Bel Abb\u00e8s \u00e0 la n\u00e9cessit\u00e9 de s\u2019int\u00e9resser aux couches d\u00e9favoris\u00e9es et aux jeunes qui repr\u00e9sentent la force de la soci\u00e9t\u00e9 alg\u00e9rienne. Au cours d\u2019un meeting anim\u00e9 dans le cadre de la campagne \u00e9lectorale des prochaines\u2026 &#013; Source: Ghoul souligne l\u2019int\u00e9r\u00eat","og_url":"https:\/\/www.info-algerie.com\/actualites\/ghoul-souligne-linteret-a-porter-aux-couches-defavorisees-et-aux-jeunes\/","og_site_name":"info algerie","article_publisher":"https:\/\/www.facebook.com\/infoalgerieactu","article_published_time":"2017-04-13T17:57:39+00:00","og_image":[{"width":150,"height":85,"url":"https:\/\/www.info-algerie.com\/actualites\/wp-content\/uploads\/2017\/04\/c1a594fe30696c29aefbf3bef62ee814_S-1.jpg","type":"image\/jpeg"}],"author":"La r\u00e9daction","twitter_misc":{"\u00c9crit par":"La r\u00e9daction"},"schema":{"@context":"https:\/\/schema.org","@graph":[{"@type":"Article","@id":"https:\/\/www.info-algerie.com\/actualites\/ghoul-souligne-linteret-a-porter-aux-couches-defavorisees-et-aux-jeunes\/#article","isPartOf":{"@id":"https:\/\/www.info-algerie.com\/actualites\/ghoul-souligne-linteret-a-porter-aux-couches-defavorisees-et-aux-jeunes\/"},"author":{"name":"La r\u00e9daction","@id":"https:\/\/www.info-algerie.com\/actualites\/#\/schema\/person\/847aaec44920825b843a08f30ec6aa1e"},"headline":"Ghoul souligne l\u2019int\u00e9r\u00eat \u00e0 porter aux couches d\u00e9favoris\u00e9es et aux jeunes","datePublished":"2017-04-13T17:57:39+00:00","mainEntityOfPage":{"@id":"https:\/\/www.info-algerie.com\/actualites\/ghoul-souligne-linteret-a-porter-aux-couches-defavorisees-et-aux-jeunes\/"},"wordCount":90,"commentCount":0,"publisher":{"@id":"https:\/\/www.info-algerie.com\/actualites\/#organization"},"image":{"@id":"https:\/\/www.info-algerie.com\/actualites\/ghoul-souligne-linteret-a-porter-aux-couches-defavorisees-et-aux-jeunes\/#primaryimage"},"thumbnailUrl":"https:\/\/www.info-algerie.com\/actualites\/wp-content\/uploads\/2017\/04\/c1a594fe30696c29aefbf3bef62ee814_S-1.jpg","keywords":["ONU"],"articleSection":["infos"],"inLanguage":"fr-FR","potentialAction":[{"@type":"CommentAction","name":"Comment","target":["https:\/\/www.info-algerie.com\/actualites\/ghoul-souligne-linteret-a-porter-aux-couches-defavorisees-et-aux-jeunes\/#respond"]}]},{"@type":"WebPage","@id":"https:\/\/www.info-algerie.com\/actualites\/ghoul-souligne-linteret-a-porter-aux-couches-defavorisees-et-aux-jeunes\/","url":"https:\/\/www.info-algerie.com\/actualites\/ghoul-souligne-linteret-a-porter-aux-couches-defavorisees-et-aux-jeunes\/","name":"Ghoul souligne l\u2019int\u00e9r\u00eat \u00e0 porter aux couches d\u00e9favoris\u00e9es et aux jeunes - info algerie","isPartOf":{"@id":"https:\/\/www.info-algerie.com\/actualites\/#website"},"primaryImageOfPage":{"@id":"https:\/\/www.info-algerie.com\/actualites\/ghoul-souligne-linteret-a-porter-aux-couches-defavorisees-et-aux-jeunes\/#primaryimage"},"image":{"@id":"https:\/\/www.info-algerie.com\/actualites\/ghoul-souligne-linteret-a-porter-aux-couches-defavorisees-et-aux-jeunes\/#primaryimage"},"thumbnailUrl":"https:\/\/www.info-algerie.com\/actualites\/wp-content\/uploads\/2017\/04\/c1a594fe30696c29aefbf3bef62ee814_S-1.jpg","datePublished":"2017-04-13T17:57:39+00:00","breadcrumb":{"@id":"https:\/\/www.info-algerie.com\/actualites\/ghoul-souligne-linteret-a-porter-aux-couches-defavorisees-et-aux-jeunes\/#breadcrumb"},"inLanguage":"fr-FR","potentialAction":[{"@type":"ReadAction","target":["https:\/\/www.info-algerie.com\/actualites\/ghoul-souligne-linteret-a-porter-aux-couches-defavorisees-et-aux-jeunes\/"]}]},{"@type":"ImageObject","inLanguage":"fr-FR","@id":"https:\/\/www.info-algerie.com\/actualites\/ghoul-souligne-linteret-a-porter-aux-couches-defavorisees-et-aux-jeunes\/#primaryimage","url":"https:\/\/www.info-algerie.com\/actualites\/wp-content\/uploads\/2017\/04\/c1a594fe30696c29aefbf3bef62ee814_S-1.jpg","contentUrl":"https:\/\/www.info-algerie.com\/actualites\/wp-content\/uploads\/2017\/04\/c1a594fe30696c29aefbf3bef62ee814_S-1.jpg","width":150,"height":85},{"@type":"BreadcrumbList","@id":"https:\/\/www.info-algerie.com\/actualites\/ghoul-souligne-linteret-a-porter-aux-couches-defavorisees-et-aux-jeunes\/#breadcrumb","itemListElement":[{"@type":"ListItem","position":1,"name":"Accueil","item":"https:\/\/www.info-algerie.com\/actualites\/"},{"@type":"ListItem","position":2,"name":"Ghoul souligne l\u2019int\u00e9r\u00eat \u00e0 porter aux couches d\u00e9favoris\u00e9es et aux jeunes"}]},{"@type":"WebSite","@id":"https:\/\/www.info-algerie.com\/actualites\/#website","url":"https:\/\/www.info-algerie.com\/actualites\/","name":"info algerie","description":"Toutes les actualit\u00e9s","publisher":{"@id":"https:\/\/www.info-algerie.com\/actualites\/#organization"},"potentialAction":[{"@type":"SearchAction","target":{"@type":"EntryPoint","urlTemplate":"https:\/\/www.info-algerie.com\/actualites\/?s={search_term_string}"},"query-input":{"@type":"PropertyValueSpecification","valueRequired":true,"valueName":"search_term_string"}}],"inLanguage":"fr-FR"},{"@type":"Organization","@id":"https:\/\/www.info-algerie.com\/actualites\/#organization","name":"info algerie","url":"https:\/\/www.info-algerie.com\/actualites\/","logo":{"@type":"ImageObject","inLanguage":"fr-FR","@id":"https:\/\/www.info-algerie.com\/actualites\/#\/schema\/logo\/image\/","url":"https:\/\/www.info-algerie.com\/actualites\/wp-content\/uploads\/2022\/07\/logo-ia-120.png","contentUrl":"https:\/\/www.info-algerie.com\/actualites\/wp-content\/uploads\/2022\/07\/logo-ia-120.png","width":120,"height":43,"caption":"info algerie"},"image":{"@id":"https:\/\/www.info-algerie.com\/actualites\/#\/schema\/logo\/image\/"},"sameAs":["https:\/\/www.facebook.com\/infoalgerieactu","https:\/\/x.com\/infoalgerie1"]},{"@type":"Person","@id":"https:\/\/www.info-algerie.com\/actualites\/#\/schema\/person\/847aaec44920825b843a08f30ec6aa1e","name":"La r\u00e9daction","image":{"@type":"ImageObject","inLanguage":"fr-FR","@id":"https:\/\/secure.gravatar.com\/avatar\/769db425c6f465158149f1ffd6cf61ce7a8a879d11dfbef8288af36dfddd418c?s=96&d=mm&r=g","url":"https:\/\/secure.gravatar.com\/avatar\/769db425c6f465158149f1ffd6cf61ce7a8a879d11dfbef8288af36dfddd418c?s=96&d=mm&r=g","contentUrl":"https:\/\/secure.gravatar.com\/avatar\/769db425c6f465158149f1ffd6cf61ce7a8a879d11dfbef8288af36dfddd418c?s=96&d=mm&r=g","caption":"La r\u00e9daction"},"sameAs":["http:\/\/www.lkeria.com\/"],"url":"https:\/\/www.info-algerie.com\/actualites\/author\/chakib32\/"}]}},"_links":{"self":[{"href":"https:\/\/www.info-algerie.com\/actualites\/wp-json\/wp\/v2\/posts\/10226","targetHints":{"allow":["GET"]}}],"collection":[{"href":"https:\/\/www.info-algerie.com\/actualites\/wp-json\/wp\/v2\/posts"}],"about":[{"href":"https:\/\/www.info-algerie.com\/actualites\/wp-json\/wp\/v2\/types\/post"}],"author":[{"embeddable":true,"href":"https:\/\/www.info-algerie.com\/actualites\/wp-json\/wp\/v2\/users\/6"}],"replies":[{"embeddable":true,"href":"https:\/\/www.info-algerie.com\/actualites\/wp-json\/wp\/v2\/comments?post=10226"}],"version-history":[{"count":0,"href":"https:\/\/www.info-algerie.com\/actualites\/wp-json\/wp\/v2\/posts\/10226\/revisions"}],"wp:featuredmedia":[{"embeddable":true,"href":"https:\/\/www.info-algerie.com\/actualites\/wp-json\/wp\/v2\/media\/10227"}],"wp:attachment":[{"href":"https:\/\/www.info-algerie.com\/actualites\/wp-json\/wp\/v2\/media?parent=10226"}],"wp:term":[{"taxonomy":"category","embeddable":true,"href":"https:\/\/www.info-algerie.com\/actualites\/wp-json\/wp\/v2\/categories?post=10226"},{"taxonomy":"post_tag","embeddable":true,"href":"https:\/\/www.info-algerie.com\/actualites\/wp-json\/wp\/v2\/tags?post=10226"}],"curies":[{"name":"wp","href":"https:\/\/api.w.org\/{rel}","templated":true}]}}