{"id":10244,"date":"2017-04-13T20:38:44","date_gmt":"2017-04-13T19:38:44","guid":{"rendered":"http:\/\/www.info-algerie.com\/actualites\/toutes-les-mesures-ont-ete-prises-pour-la-prise-en-charge-de-la-famille-du-terroriste-arrete-a-skikda-mdn\/"},"modified":"2017-04-13T20:38:44","modified_gmt":"2017-04-13T19:38:44","slug":"toutes-les-mesures-ont-ete-prises-pour-la-prise-en-charge-de-la-famille-du-terroriste-arrete-a-skikda-mdn","status":"publish","type":"post","link":"https:\/\/www.info-algerie.com\/actualites\/toutes-les-mesures-ont-ete-prises-pour-la-prise-en-charge-de-la-famille-du-terroriste-arrete-a-skikda-mdn\/","title":{"rendered":"Toutes les mesures ont \u00e9t\u00e9 prises pour la prise en charge de la famille du terroriste arr\u00eat\u00e9 \u00e0 Skikda (MDN)"},"content":{"rendered":"<div class=\"K2FeedImage\"><img decoding=\"async\" src=\"https:\/\/www.info-algerie.com\/actualites\/wp-content\/uploads\/2017\/04\/c603f658734e552813d485049be5a562_S.jpg\" alt=\"Toutes les mesures ont &#xE9;t&#xE9; prises pour la prise en charge de la famille du terroriste arr&#xEA;t&#xE9; &#xE0; Skikda (MDN)\" \/><\/div>\n<div class=\"K2FeedIntroText\"> ALGER &#8211; Toutes les mesures ont \u00e9t\u00e9 prises par les services concern\u00e9s pour la prise en charge de la famille du terroriste arr\u00eat\u00e9 lundi dernier \u00e0 Skikda, indique jeudi un communiqu\u00e9 du minist\u00e8re de la D\u00e9fense nationale (MDN). \u00ab\u00a0Cette famille a \u00e9t\u00e9 retrouv\u00e9e dans une situation lamentable, notamment leur \u00e9tat\u2026<\/div>\n<p>&#013;<br \/>\nSource: <a href=\"http:\/\/www.aps.dz\/algerie\/56097-toutes-les-mesures-ont-%C3%A9t%C3%A9-prises-pour-la-prise-en-charge-de-la-famille-du-terroriste-arr%C3%AAt%C3%A9-%C3%A0-skikda-mdn\" target=\"_blank\">Toutes les mesures ont \u00e9t\u00e9 prises pour la prise en charge de la famille du terroriste arr\u00eat\u00e9 \u00e0 Skikda (MDN)<\/a><\/p>\n<!--CusAds0-->\n<div style=\"font-size: 0px; height: 0px; line-height: 0px; margin: 0; padding: 0; clear: both;\"><\/div>","protected":false},"excerpt":{"rendered":"<p>ALGER &#8211; Toutes les mesures ont \u00e9t\u00e9 prises par les services concern\u00e9s pour la prise en charge de la famille du terroriste arr\u00eat\u00e9 lundi dernier \u00e0 Skikda, indique jeudi un communiqu\u00e9 du minist\u00e8re de la D\u00e9fense nationale (MDN). \u00ab\u00a0Cette famille a \u00e9t\u00e9 retrouv\u00e9e dans une situation lamentable, notamment leur \u00e9tat\u2026 &#013; Source: Toutes les mesures<\/p>\n","protected":false},"author":6,"featured_media":10245,"comment_status":"open","ping_status":"open","sticky":false,"template":"","format":"standard","meta":{"footnotes":""},"categories":[22],"tags":[93],"class_list":["post-10244","post","type-post","status-publish","format-standard","has-post-thumbnail","hentry","category-infos","tag-onu"],"yoast_head":"<!-- This site is optimized with the Yoast SEO plugin v27.5 - https:\/\/yoast.com\/product\/yoast-seo-wordpress\/ -->\n<title>Toutes les mesures ont \u00e9t\u00e9 prises pour la prise en charge de la famille du terroriste arr\u00eat\u00e9 \u00e0 Skikda (MDN) - info algerie<\/title>\n<meta name=\"robots\" content=\"index, follow, max-snippet:-1, max-image-preview:large, max-video-preview:-1\" \/>\n<link rel=\"canonical\" href=\"https:\/\/www.info-algerie.com\/actualites\/toutes-les-mesures-ont-ete-prises-pour-la-prise-en-charge-de-la-famille-du-terroriste-arrete-a-skikda-mdn\/\" \/>\n<meta property=\"og:locale\" content=\"fr_FR\" \/>\n<meta property=\"og:type\" content=\"article\" \/>\n<meta property=\"og:title\" content=\"Toutes les mesures ont \u00e9t\u00e9 prises pour la prise en charge de la famille du terroriste arr\u00eat\u00e9 \u00e0 Skikda (MDN) - info algerie\" \/>\n<meta property=\"og:description\" content=\"ALGER &#8211; Toutes les mesures ont \u00e9t\u00e9 prises par les services concern\u00e9s pour la prise en charge de la famille du terroriste arr\u00eat\u00e9 lundi dernier \u00e0 Skikda, indique jeudi un communiqu\u00e9 du minist\u00e8re de la D\u00e9fense nationale (MDN). \u00ab\u00a0Cette famille a \u00e9t\u00e9 retrouv\u00e9e dans une situation lamentable, notamment leur \u00e9tat\u2026 &#013; Source: Toutes les mesures\" \/>\n<meta property=\"og:url\" content=\"https:\/\/www.info-algerie.com\/actualites\/toutes-les-mesures-ont-ete-prises-pour-la-prise-en-charge-de-la-famille-du-terroriste-arrete-a-skikda-mdn\/\" \/>\n<meta property=\"og:site_name\" content=\"info algerie\" \/>\n<meta property=\"article:publisher\" content=\"https:\/\/www.facebook.com\/infoalgerieactu\" \/>\n<meta property=\"article:published_time\" content=\"2017-04-13T19:38:44+00:00\" \/>\n<meta property=\"og:image\" content=\"https:\/\/www.info-algerie.com\/actualites\/wp-content\/uploads\/2017\/04\/c603f658734e552813d485049be5a562_S-1.jpg\" \/>\n\t<meta property=\"og:image:width\" content=\"150\" \/>\n\t<meta property=\"og:image:height\" content=\"85\" \/>\n\t<meta property=\"og:image:type\" content=\"image\/jpeg\" \/>\n<meta name=\"author\" content=\"La r\u00e9daction\" \/>\n<meta name=\"twitter:label1\" content=\"\u00c9crit par\" \/>\n\t<meta name=\"twitter:data1\" content=\"La r\u00e9daction\" \/>\n<script type=\"application\/ld+json\" class=\"yoast-schema-graph\">{\"@context\":\"https:\\\/\\\/schema.org\",\"@graph\":[{\"@type\":\"Article\",\"@id\":\"https:\\\/\\\/www.info-algerie.com\\\/actualites\\\/toutes-les-mesures-ont-ete-prises-pour-la-prise-en-charge-de-la-famille-du-terroriste-arrete-a-skikda-mdn\\\/#article\",\"isPartOf\":{\"@id\":\"https:\\\/\\\/www.info-algerie.com\\\/actualites\\\/toutes-les-mesures-ont-ete-prises-pour-la-prise-en-charge-de-la-famille-du-terroriste-arrete-a-skikda-mdn\\\/\"},\"author\":{\"name\":\"La r\u00e9daction\",\"@id\":\"https:\\\/\\\/www.info-algerie.com\\\/actualites\\\/#\\\/schema\\\/person\\\/847aaec44920825b843a08f30ec6aa1e\"},\"headline\":\"Toutes les mesures ont \u00e9t\u00e9 prises pour la prise en charge de la famille du terroriste arr\u00eat\u00e9 \u00e0 Skikda (MDN)\",\"datePublished\":\"2017-04-13T19:38:44+00:00\",\"mainEntityOfPage\":{\"@id\":\"https:\\\/\\\/www.info-algerie.com\\\/actualites\\\/toutes-les-mesures-ont-ete-prises-pour-la-prise-en-charge-de-la-famille-du-terroriste-arrete-a-skikda-mdn\\\/\"},\"wordCount\":95,\"commentCount\":0,\"publisher\":{\"@id\":\"https:\\\/\\\/www.info-algerie.com\\\/actualites\\\/#organization\"},\"image\":{\"@id\":\"https:\\\/\\\/www.info-algerie.com\\\/actualites\\\/toutes-les-mesures-ont-ete-prises-pour-la-prise-en-charge-de-la-famille-du-terroriste-arrete-a-skikda-mdn\\\/#primaryimage\"},\"thumbnailUrl\":\"https:\\\/\\\/www.info-algerie.com\\\/actualites\\\/wp-content\\\/uploads\\\/2017\\\/04\\\/c603f658734e552813d485049be5a562_S-1.jpg\",\"keywords\":[\"ONU\"],\"articleSection\":[\"infos\"],\"inLanguage\":\"fr-FR\",\"potentialAction\":[{\"@type\":\"CommentAction\",\"name\":\"Comment\",\"target\":[\"https:\\\/\\\/www.info-algerie.com\\\/actualites\\\/toutes-les-mesures-ont-ete-prises-pour-la-prise-en-charge-de-la-famille-du-terroriste-arrete-a-skikda-mdn\\\/#respond\"]}]},{\"@type\":\"WebPage\",\"@id\":\"https:\\\/\\\/www.info-algerie.com\\\/actualites\\\/toutes-les-mesures-ont-ete-prises-pour-la-prise-en-charge-de-la-famille-du-terroriste-arrete-a-skikda-mdn\\\/\",\"url\":\"https:\\\/\\\/www.info-algerie.com\\\/actualites\\\/toutes-les-mesures-ont-ete-prises-pour-la-prise-en-charge-de-la-famille-du-terroriste-arrete-a-skikda-mdn\\\/\",\"name\":\"Toutes les mesures ont \u00e9t\u00e9 prises pour la prise en charge de la famille du terroriste arr\u00eat\u00e9 \u00e0 Skikda (MDN) - info algerie\",\"isPartOf\":{\"@id\":\"https:\\\/\\\/www.info-algerie.com\\\/actualites\\\/#website\"},\"primaryImageOfPage\":{\"@id\":\"https:\\\/\\\/www.info-algerie.com\\\/actualites\\\/toutes-les-mesures-ont-ete-prises-pour-la-prise-en-charge-de-la-famille-du-terroriste-arrete-a-skikda-mdn\\\/#primaryimage\"},\"image\":{\"@id\":\"https:\\\/\\\/www.info-algerie.com\\\/actualites\\\/toutes-les-mesures-ont-ete-prises-pour-la-prise-en-charge-de-la-famille-du-terroriste-arrete-a-skikda-mdn\\\/#primaryimage\"},\"thumbnailUrl\":\"https:\\\/\\\/www.info-algerie.com\\\/actualites\\\/wp-content\\\/uploads\\\/2017\\\/04\\\/c603f658734e552813d485049be5a562_S-1.jpg\",\"datePublished\":\"2017-04-13T19:38:44+00:00\",\"breadcrumb\":{\"@id\":\"https:\\\/\\\/www.info-algerie.com\\\/actualites\\\/toutes-les-mesures-ont-ete-prises-pour-la-prise-en-charge-de-la-famille-du-terroriste-arrete-a-skikda-mdn\\\/#breadcrumb\"},\"inLanguage\":\"fr-FR\",\"potentialAction\":[{\"@type\":\"ReadAction\",\"target\":[\"https:\\\/\\\/www.info-algerie.com\\\/actualites\\\/toutes-les-mesures-ont-ete-prises-pour-la-prise-en-charge-de-la-famille-du-terroriste-arrete-a-skikda-mdn\\\/\"]}]},{\"@type\":\"ImageObject\",\"inLanguage\":\"fr-FR\",\"@id\":\"https:\\\/\\\/www.info-algerie.com\\\/actualites\\\/toutes-les-mesures-ont-ete-prises-pour-la-prise-en-charge-de-la-famille-du-terroriste-arrete-a-skikda-mdn\\\/#primaryimage\",\"url\":\"https:\\\/\\\/www.info-algerie.com\\\/actualites\\\/wp-content\\\/uploads\\\/2017\\\/04\\\/c603f658734e552813d485049be5a562_S-1.jpg\",\"contentUrl\":\"https:\\\/\\\/www.info-algerie.com\\\/actualites\\\/wp-content\\\/uploads\\\/2017\\\/04\\\/c603f658734e552813d485049be5a562_S-1.jpg\",\"width\":150,\"height\":85},{\"@type\":\"BreadcrumbList\",\"@id\":\"https:\\\/\\\/www.info-algerie.com\\\/actualites\\\/toutes-les-mesures-ont-ete-prises-pour-la-prise-en-charge-de-la-famille-du-terroriste-arrete-a-skikda-mdn\\\/#breadcrumb\",\"itemListElement\":[{\"@type\":\"ListItem\",\"position\":1,\"name\":\"Accueil\",\"item\":\"https:\\\/\\\/www.info-algerie.com\\\/actualites\\\/\"},{\"@type\":\"ListItem\",\"position\":2,\"name\":\"Toutes les mesures ont \u00e9t\u00e9 prises pour la prise en charge de la famille du terroriste arr\u00eat\u00e9 \u00e0 Skikda (MDN)\"}]},{\"@type\":\"WebSite\",\"@id\":\"https:\\\/\\\/www.info-algerie.com\\\/actualites\\\/#website\",\"url\":\"https:\\\/\\\/www.info-algerie.com\\\/actualites\\\/\",\"name\":\"info algerie\",\"description\":\"Toutes les actualit\u00e9s\",\"publisher\":{\"@id\":\"https:\\\/\\\/www.info-algerie.com\\\/actualites\\\/#organization\"},\"potentialAction\":[{\"@type\":\"SearchAction\",\"target\":{\"@type\":\"EntryPoint\",\"urlTemplate\":\"https:\\\/\\\/www.info-algerie.com\\\/actualites\\\/?s={search_term_string}\"},\"query-input\":{\"@type\":\"PropertyValueSpecification\",\"valueRequired\":true,\"valueName\":\"search_term_string\"}}],\"inLanguage\":\"fr-FR\"},{\"@type\":\"Organization\",\"@id\":\"https:\\\/\\\/www.info-algerie.com\\\/actualites\\\/#organization\",\"name\":\"info algerie\",\"url\":\"https:\\\/\\\/www.info-algerie.com\\\/actualites\\\/\",\"logo\":{\"@type\":\"ImageObject\",\"inLanguage\":\"fr-FR\",\"@id\":\"https:\\\/\\\/www.info-algerie.com\\\/actualites\\\/#\\\/schema\\\/logo\\\/image\\\/\",\"url\":\"https:\\\/\\\/www.info-algerie.com\\\/actualites\\\/wp-content\\\/uploads\\\/2022\\\/07\\\/logo-ia-120.png\",\"contentUrl\":\"https:\\\/\\\/www.info-algerie.com\\\/actualites\\\/wp-content\\\/uploads\\\/2022\\\/07\\\/logo-ia-120.png\",\"width\":120,\"height\":43,\"caption\":\"info algerie\"},\"image\":{\"@id\":\"https:\\\/\\\/www.info-algerie.com\\\/actualites\\\/#\\\/schema\\\/logo\\\/image\\\/\"},\"sameAs\":[\"https:\\\/\\\/www.facebook.com\\\/infoalgerieactu\",\"https:\\\/\\\/x.com\\\/infoalgerie1\"]},{\"@type\":\"Person\",\"@id\":\"https:\\\/\\\/www.info-algerie.com\\\/actualites\\\/#\\\/schema\\\/person\\\/847aaec44920825b843a08f30ec6aa1e\",\"name\":\"La r\u00e9daction\",\"image\":{\"@type\":\"ImageObject\",\"inLanguage\":\"fr-FR\",\"@id\":\"https:\\\/\\\/secure.gravatar.com\\\/avatar\\\/769db425c6f465158149f1ffd6cf61ce7a8a879d11dfbef8288af36dfddd418c?s=96&d=mm&r=g\",\"url\":\"https:\\\/\\\/secure.gravatar.com\\\/avatar\\\/769db425c6f465158149f1ffd6cf61ce7a8a879d11dfbef8288af36dfddd418c?s=96&d=mm&r=g\",\"contentUrl\":\"https:\\\/\\\/secure.gravatar.com\\\/avatar\\\/769db425c6f465158149f1ffd6cf61ce7a8a879d11dfbef8288af36dfddd418c?s=96&d=mm&r=g\",\"caption\":\"La r\u00e9daction\"},\"sameAs\":[\"http:\\\/\\\/www.lkeria.com\\\/\"],\"url\":\"https:\\\/\\\/www.info-algerie.com\\\/actualites\\\/author\\\/chakib32\\\/\"}]}<\/script>\n<!-- \/ Yoast SEO plugin. -->","yoast_head_json":{"title":"Toutes les mesures ont \u00e9t\u00e9 prises pour la prise en charge de la famille du terroriste arr\u00eat\u00e9 \u00e0 Skikda (MDN) - info algerie","robots":{"index":"index","follow":"follow","max-snippet":"max-snippet:-1","max-image-preview":"max-image-preview:large","max-video-preview":"max-video-preview:-1"},"canonical":"https:\/\/www.info-algerie.com\/actualites\/toutes-les-mesures-ont-ete-prises-pour-la-prise-en-charge-de-la-famille-du-terroriste-arrete-a-skikda-mdn\/","og_locale":"fr_FR","og_type":"article","og_title":"Toutes les mesures ont \u00e9t\u00e9 prises pour la prise en charge de la famille du terroriste arr\u00eat\u00e9 \u00e0 Skikda (MDN) - info algerie","og_description":"ALGER &#8211; Toutes les mesures ont \u00e9t\u00e9 prises par les services concern\u00e9s pour la prise en charge de la famille du terroriste arr\u00eat\u00e9 lundi dernier \u00e0 Skikda, indique jeudi un communiqu\u00e9 du minist\u00e8re de la D\u00e9fense nationale (MDN). \u00ab\u00a0Cette famille a \u00e9t\u00e9 retrouv\u00e9e dans une situation lamentable, notamment leur \u00e9tat\u2026 &#013; Source: Toutes les mesures","og_url":"https:\/\/www.info-algerie.com\/actualites\/toutes-les-mesures-ont-ete-prises-pour-la-prise-en-charge-de-la-famille-du-terroriste-arrete-a-skikda-mdn\/","og_site_name":"info algerie","article_publisher":"https:\/\/www.facebook.com\/infoalgerieactu","article_published_time":"2017-04-13T19:38:44+00:00","og_image":[{"width":150,"height":85,"url":"https:\/\/www.info-algerie.com\/actualites\/wp-content\/uploads\/2017\/04\/c603f658734e552813d485049be5a562_S-1.jpg","type":"image\/jpeg"}],"author":"La r\u00e9daction","twitter_misc":{"\u00c9crit par":"La r\u00e9daction"},"schema":{"@context":"https:\/\/schema.org","@graph":[{"@type":"Article","@id":"https:\/\/www.info-algerie.com\/actualites\/toutes-les-mesures-ont-ete-prises-pour-la-prise-en-charge-de-la-famille-du-terroriste-arrete-a-skikda-mdn\/#article","isPartOf":{"@id":"https:\/\/www.info-algerie.com\/actualites\/toutes-les-mesures-ont-ete-prises-pour-la-prise-en-charge-de-la-famille-du-terroriste-arrete-a-skikda-mdn\/"},"author":{"name":"La r\u00e9daction","@id":"https:\/\/www.info-algerie.com\/actualites\/#\/schema\/person\/847aaec44920825b843a08f30ec6aa1e"},"headline":"Toutes les mesures ont \u00e9t\u00e9 prises pour la prise en charge de la famille du terroriste arr\u00eat\u00e9 \u00e0 Skikda (MDN)","datePublished":"2017-04-13T19:38:44+00:00","mainEntityOfPage":{"@id":"https:\/\/www.info-algerie.com\/actualites\/toutes-les-mesures-ont-ete-prises-pour-la-prise-en-charge-de-la-famille-du-terroriste-arrete-a-skikda-mdn\/"},"wordCount":95,"commentCount":0,"publisher":{"@id":"https:\/\/www.info-algerie.com\/actualites\/#organization"},"image":{"@id":"https:\/\/www.info-algerie.com\/actualites\/toutes-les-mesures-ont-ete-prises-pour-la-prise-en-charge-de-la-famille-du-terroriste-arrete-a-skikda-mdn\/#primaryimage"},"thumbnailUrl":"https:\/\/www.info-algerie.com\/actualites\/wp-content\/uploads\/2017\/04\/c603f658734e552813d485049be5a562_S-1.jpg","keywords":["ONU"],"articleSection":["infos"],"inLanguage":"fr-FR","potentialAction":[{"@type":"CommentAction","name":"Comment","target":["https:\/\/www.info-algerie.com\/actualites\/toutes-les-mesures-ont-ete-prises-pour-la-prise-en-charge-de-la-famille-du-terroriste-arrete-a-skikda-mdn\/#respond"]}]},{"@type":"WebPage","@id":"https:\/\/www.info-algerie.com\/actualites\/toutes-les-mesures-ont-ete-prises-pour-la-prise-en-charge-de-la-famille-du-terroriste-arrete-a-skikda-mdn\/","url":"https:\/\/www.info-algerie.com\/actualites\/toutes-les-mesures-ont-ete-prises-pour-la-prise-en-charge-de-la-famille-du-terroriste-arrete-a-skikda-mdn\/","name":"Toutes les mesures ont \u00e9t\u00e9 prises pour la prise en charge de la famille du terroriste arr\u00eat\u00e9 \u00e0 Skikda (MDN) - info algerie","isPartOf":{"@id":"https:\/\/www.info-algerie.com\/actualites\/#website"},"primaryImageOfPage":{"@id":"https:\/\/www.info-algerie.com\/actualites\/toutes-les-mesures-ont-ete-prises-pour-la-prise-en-charge-de-la-famille-du-terroriste-arrete-a-skikda-mdn\/#primaryimage"},"image":{"@id":"https:\/\/www.info-algerie.com\/actualites\/toutes-les-mesures-ont-ete-prises-pour-la-prise-en-charge-de-la-famille-du-terroriste-arrete-a-skikda-mdn\/#primaryimage"},"thumbnailUrl":"https:\/\/www.info-algerie.com\/actualites\/wp-content\/uploads\/2017\/04\/c603f658734e552813d485049be5a562_S-1.jpg","datePublished":"2017-04-13T19:38:44+00:00","breadcrumb":{"@id":"https:\/\/www.info-algerie.com\/actualites\/toutes-les-mesures-ont-ete-prises-pour-la-prise-en-charge-de-la-famille-du-terroriste-arrete-a-skikda-mdn\/#breadcrumb"},"inLanguage":"fr-FR","potentialAction":[{"@type":"ReadAction","target":["https:\/\/www.info-algerie.com\/actualites\/toutes-les-mesures-ont-ete-prises-pour-la-prise-en-charge-de-la-famille-du-terroriste-arrete-a-skikda-mdn\/"]}]},{"@type":"ImageObject","inLanguage":"fr-FR","@id":"https:\/\/www.info-algerie.com\/actualites\/toutes-les-mesures-ont-ete-prises-pour-la-prise-en-charge-de-la-famille-du-terroriste-arrete-a-skikda-mdn\/#primaryimage","url":"https:\/\/www.info-algerie.com\/actualites\/wp-content\/uploads\/2017\/04\/c603f658734e552813d485049be5a562_S-1.jpg","contentUrl":"https:\/\/www.info-algerie.com\/actualites\/wp-content\/uploads\/2017\/04\/c603f658734e552813d485049be5a562_S-1.jpg","width":150,"height":85},{"@type":"BreadcrumbList","@id":"https:\/\/www.info-algerie.com\/actualites\/toutes-les-mesures-ont-ete-prises-pour-la-prise-en-charge-de-la-famille-du-terroriste-arrete-a-skikda-mdn\/#breadcrumb","itemListElement":[{"@type":"ListItem","position":1,"name":"Accueil","item":"https:\/\/www.info-algerie.com\/actualites\/"},{"@type":"ListItem","position":2,"name":"Toutes les mesures ont \u00e9t\u00e9 prises pour la prise en charge de la famille du terroriste arr\u00eat\u00e9 \u00e0 Skikda (MDN)"}]},{"@type":"WebSite","@id":"https:\/\/www.info-algerie.com\/actualites\/#website","url":"https:\/\/www.info-algerie.com\/actualites\/","name":"info algerie","description":"Toutes les actualit\u00e9s","publisher":{"@id":"https:\/\/www.info-algerie.com\/actualites\/#organization"},"potentialAction":[{"@type":"SearchAction","target":{"@type":"EntryPoint","urlTemplate":"https:\/\/www.info-algerie.com\/actualites\/?s={search_term_string}"},"query-input":{"@type":"PropertyValueSpecification","valueRequired":true,"valueName":"search_term_string"}}],"inLanguage":"fr-FR"},{"@type":"Organization","@id":"https:\/\/www.info-algerie.com\/actualites\/#organization","name":"info algerie","url":"https:\/\/www.info-algerie.com\/actualites\/","logo":{"@type":"ImageObject","inLanguage":"fr-FR","@id":"https:\/\/www.info-algerie.com\/actualites\/#\/schema\/logo\/image\/","url":"https:\/\/www.info-algerie.com\/actualites\/wp-content\/uploads\/2022\/07\/logo-ia-120.png","contentUrl":"https:\/\/www.info-algerie.com\/actualites\/wp-content\/uploads\/2022\/07\/logo-ia-120.png","width":120,"height":43,"caption":"info algerie"},"image":{"@id":"https:\/\/www.info-algerie.com\/actualites\/#\/schema\/logo\/image\/"},"sameAs":["https:\/\/www.facebook.com\/infoalgerieactu","https:\/\/x.com\/infoalgerie1"]},{"@type":"Person","@id":"https:\/\/www.info-algerie.com\/actualites\/#\/schema\/person\/847aaec44920825b843a08f30ec6aa1e","name":"La r\u00e9daction","image":{"@type":"ImageObject","inLanguage":"fr-FR","@id":"https:\/\/secure.gravatar.com\/avatar\/769db425c6f465158149f1ffd6cf61ce7a8a879d11dfbef8288af36dfddd418c?s=96&d=mm&r=g","url":"https:\/\/secure.gravatar.com\/avatar\/769db425c6f465158149f1ffd6cf61ce7a8a879d11dfbef8288af36dfddd418c?s=96&d=mm&r=g","contentUrl":"https:\/\/secure.gravatar.com\/avatar\/769db425c6f465158149f1ffd6cf61ce7a8a879d11dfbef8288af36dfddd418c?s=96&d=mm&r=g","caption":"La r\u00e9daction"},"sameAs":["http:\/\/www.lkeria.com\/"],"url":"https:\/\/www.info-algerie.com\/actualites\/author\/chakib32\/"}]}},"_links":{"self":[{"href":"https:\/\/www.info-algerie.com\/actualites\/wp-json\/wp\/v2\/posts\/10244","targetHints":{"allow":["GET"]}}],"collection":[{"href":"https:\/\/www.info-algerie.com\/actualites\/wp-json\/wp\/v2\/posts"}],"about":[{"href":"https:\/\/www.info-algerie.com\/actualites\/wp-json\/wp\/v2\/types\/post"}],"author":[{"embeddable":true,"href":"https:\/\/www.info-algerie.com\/actualites\/wp-json\/wp\/v2\/users\/6"}],"replies":[{"embeddable":true,"href":"https:\/\/www.info-algerie.com\/actualites\/wp-json\/wp\/v2\/comments?post=10244"}],"version-history":[{"count":0,"href":"https:\/\/www.info-algerie.com\/actualites\/wp-json\/wp\/v2\/posts\/10244\/revisions"}],"wp:featuredmedia":[{"embeddable":true,"href":"https:\/\/www.info-algerie.com\/actualites\/wp-json\/wp\/v2\/media\/10245"}],"wp:attachment":[{"href":"https:\/\/www.info-algerie.com\/actualites\/wp-json\/wp\/v2\/media?parent=10244"}],"wp:term":[{"taxonomy":"category","embeddable":true,"href":"https:\/\/www.info-algerie.com\/actualites\/wp-json\/wp\/v2\/categories?post=10244"},{"taxonomy":"post_tag","embeddable":true,"href":"https:\/\/www.info-algerie.com\/actualites\/wp-json\/wp\/v2\/tags?post=10244"}],"curies":[{"name":"wp","href":"https:\/\/api.w.org\/{rel}","templated":true}]}}