{"id":10280,"date":"2017-04-14T17:57:21","date_gmt":"2017-04-14T16:57:21","guid":{"rendered":"http:\/\/www.info-algerie.com\/actualites\/ould-abbas-plaide-pour-une-campagne-civilisee\/"},"modified":"2017-04-14T17:57:21","modified_gmt":"2017-04-14T16:57:21","slug":"ould-abbas-plaide-pour-une-campagne-civilisee","status":"publish","type":"post","link":"https:\/\/www.info-algerie.com\/actualites\/ould-abbas-plaide-pour-une-campagne-civilisee\/","title":{"rendered":"Ould Abbas plaide pour une campagne &quot;civilis\u00e9e&quot;"},"content":{"rendered":"<div class=\"K2FeedImage\"><img decoding=\"async\" src=\"https:\/\/www.info-algerie.com\/actualites\/wp-content\/uploads\/2017\/04\/2c3073850b059c174549f6e650d25b7f_S.jpg\" \/><\/div>\n<div class=\"K2FeedIntroText\"> BEJAIA &#8211; Le secr\u00e9taire g\u00e9n\u00e9ral du Front de lib\u00e9ration nationale (FLN), Djamel Ould Abbas, a plaid\u00e9 vendredi \u00e0 Bejaia pour une campagne \u00e9lectorale \u00ab\u00a0civilis\u00e9e, propre et sans invective\u00a0\u00bb, estimant que son parti fait de ce principe une r\u00e8gle de conduite fondamentale. \u00ab\u00a0Soyez offensifs mais pas agressifs\u00a0\u00bb, a-t-il exhort\u00e9 \u00e0 l\u2019occasion\u2026<\/div>\n<p>&#013;<br \/>\nSource: <a href=\"http:\/\/www.aps.dz\/algerie\/56132-ould-abbas-plaide-pour-une-campagne-civilis%C3%A9e\" target=\"_blank\">Ould Abbas plaide pour une campagne \u00ab\u00a0civilis\u00e9e\u00a0\u00bb<\/a><\/p>\n<!--CusAds0-->\n<div style=\"font-size: 0px; height: 0px; line-height: 0px; margin: 0; padding: 0; clear: both;\"><\/div>","protected":false},"excerpt":{"rendered":"<p>BEJAIA &#8211; Le secr\u00e9taire g\u00e9n\u00e9ral du Front de lib\u00e9ration nationale (FLN), Djamel Ould Abbas, a plaid\u00e9 vendredi \u00e0 Bejaia pour une campagne \u00e9lectorale \u00ab\u00a0civilis\u00e9e, propre et sans invective\u00a0\u00bb, estimant que son parti fait de ce principe une r\u00e8gle de conduite fondamentale. \u00ab\u00a0Soyez offensifs mais pas agressifs\u00a0\u00bb, a-t-il exhort\u00e9 \u00e0 l\u2019occasion\u2026 &#013; Source: Ould Abbas plaide<\/p>\n","protected":false},"author":6,"featured_media":10281,"comment_status":"open","ping_status":"open","sticky":false,"template":"","format":"standard","meta":{"footnotes":""},"categories":[22],"tags":[93],"class_list":["post-10280","post","type-post","status-publish","format-standard","has-post-thumbnail","hentry","category-infos","tag-onu"],"yoast_head":"<!-- This site is optimized with the Yoast SEO plugin v27.5 - https:\/\/yoast.com\/product\/yoast-seo-wordpress\/ -->\n<title>Ould Abbas plaide pour une campagne &quot;civilis\u00e9e&quot; - info algerie<\/title>\n<meta name=\"robots\" content=\"index, follow, max-snippet:-1, max-image-preview:large, max-video-preview:-1\" \/>\n<link rel=\"canonical\" href=\"https:\/\/www.info-algerie.com\/actualites\/ould-abbas-plaide-pour-une-campagne-civilisee\/\" \/>\n<meta property=\"og:locale\" content=\"fr_FR\" \/>\n<meta property=\"og:type\" content=\"article\" \/>\n<meta property=\"og:title\" content=\"Ould Abbas plaide pour une campagne &quot;civilis\u00e9e&quot; - info algerie\" \/>\n<meta property=\"og:description\" content=\"BEJAIA &#8211; Le secr\u00e9taire g\u00e9n\u00e9ral du Front de lib\u00e9ration nationale (FLN), Djamel Ould Abbas, a plaid\u00e9 vendredi \u00e0 Bejaia pour une campagne \u00e9lectorale \u00ab\u00a0civilis\u00e9e, propre et sans invective\u00a0\u00bb, estimant que son parti fait de ce principe une r\u00e8gle de conduite fondamentale. \u00ab\u00a0Soyez offensifs mais pas agressifs\u00a0\u00bb, a-t-il exhort\u00e9 \u00e0 l\u2019occasion\u2026 &#013; Source: Ould Abbas plaide\" \/>\n<meta property=\"og:url\" content=\"https:\/\/www.info-algerie.com\/actualites\/ould-abbas-plaide-pour-une-campagne-civilisee\/\" \/>\n<meta property=\"og:site_name\" content=\"info algerie\" \/>\n<meta property=\"article:publisher\" content=\"https:\/\/www.facebook.com\/infoalgerieactu\" \/>\n<meta property=\"article:published_time\" content=\"2017-04-14T16:57:21+00:00\" \/>\n<meta property=\"og:image\" content=\"https:\/\/www.info-algerie.com\/actualites\/wp-content\/uploads\/2017\/04\/2c3073850b059c174549f6e650d25b7f_S-1.jpg\" \/>\n\t<meta property=\"og:image:width\" content=\"150\" \/>\n\t<meta property=\"og:image:height\" content=\"85\" \/>\n\t<meta property=\"og:image:type\" content=\"image\/jpeg\" \/>\n<meta name=\"author\" content=\"La r\u00e9daction\" \/>\n<meta name=\"twitter:label1\" content=\"\u00c9crit par\" \/>\n\t<meta name=\"twitter:data1\" content=\"La r\u00e9daction\" \/>\n<script type=\"application\/ld+json\" class=\"yoast-schema-graph\">{\"@context\":\"https:\\\/\\\/schema.org\",\"@graph\":[{\"@type\":\"Article\",\"@id\":\"https:\\\/\\\/www.info-algerie.com\\\/actualites\\\/ould-abbas-plaide-pour-une-campagne-civilisee\\\/#article\",\"isPartOf\":{\"@id\":\"https:\\\/\\\/www.info-algerie.com\\\/actualites\\\/ould-abbas-plaide-pour-une-campagne-civilisee\\\/\"},\"author\":{\"name\":\"La r\u00e9daction\",\"@id\":\"https:\\\/\\\/www.info-algerie.com\\\/actualites\\\/#\\\/schema\\\/person\\\/847aaec44920825b843a08f30ec6aa1e\"},\"headline\":\"Ould Abbas plaide pour une campagne &quot;civilis\u00e9e&quot;\",\"datePublished\":\"2017-04-14T16:57:21+00:00\",\"mainEntityOfPage\":{\"@id\":\"https:\\\/\\\/www.info-algerie.com\\\/actualites\\\/ould-abbas-plaide-pour-une-campagne-civilisee\\\/\"},\"wordCount\":74,\"commentCount\":0,\"publisher\":{\"@id\":\"https:\\\/\\\/www.info-algerie.com\\\/actualites\\\/#organization\"},\"image\":{\"@id\":\"https:\\\/\\\/www.info-algerie.com\\\/actualites\\\/ould-abbas-plaide-pour-une-campagne-civilisee\\\/#primaryimage\"},\"thumbnailUrl\":\"https:\\\/\\\/www.info-algerie.com\\\/actualites\\\/wp-content\\\/uploads\\\/2017\\\/04\\\/2c3073850b059c174549f6e650d25b7f_S-1.jpg\",\"keywords\":[\"ONU\"],\"articleSection\":[\"infos\"],\"inLanguage\":\"fr-FR\",\"potentialAction\":[{\"@type\":\"CommentAction\",\"name\":\"Comment\",\"target\":[\"https:\\\/\\\/www.info-algerie.com\\\/actualites\\\/ould-abbas-plaide-pour-une-campagne-civilisee\\\/#respond\"]}]},{\"@type\":\"WebPage\",\"@id\":\"https:\\\/\\\/www.info-algerie.com\\\/actualites\\\/ould-abbas-plaide-pour-une-campagne-civilisee\\\/\",\"url\":\"https:\\\/\\\/www.info-algerie.com\\\/actualites\\\/ould-abbas-plaide-pour-une-campagne-civilisee\\\/\",\"name\":\"Ould Abbas plaide pour une campagne &quot;civilis\u00e9e&quot; - info algerie\",\"isPartOf\":{\"@id\":\"https:\\\/\\\/www.info-algerie.com\\\/actualites\\\/#website\"},\"primaryImageOfPage\":{\"@id\":\"https:\\\/\\\/www.info-algerie.com\\\/actualites\\\/ould-abbas-plaide-pour-une-campagne-civilisee\\\/#primaryimage\"},\"image\":{\"@id\":\"https:\\\/\\\/www.info-algerie.com\\\/actualites\\\/ould-abbas-plaide-pour-une-campagne-civilisee\\\/#primaryimage\"},\"thumbnailUrl\":\"https:\\\/\\\/www.info-algerie.com\\\/actualites\\\/wp-content\\\/uploads\\\/2017\\\/04\\\/2c3073850b059c174549f6e650d25b7f_S-1.jpg\",\"datePublished\":\"2017-04-14T16:57:21+00:00\",\"breadcrumb\":{\"@id\":\"https:\\\/\\\/www.info-algerie.com\\\/actualites\\\/ould-abbas-plaide-pour-une-campagne-civilisee\\\/#breadcrumb\"},\"inLanguage\":\"fr-FR\",\"potentialAction\":[{\"@type\":\"ReadAction\",\"target\":[\"https:\\\/\\\/www.info-algerie.com\\\/actualites\\\/ould-abbas-plaide-pour-une-campagne-civilisee\\\/\"]}]},{\"@type\":\"ImageObject\",\"inLanguage\":\"fr-FR\",\"@id\":\"https:\\\/\\\/www.info-algerie.com\\\/actualites\\\/ould-abbas-plaide-pour-une-campagne-civilisee\\\/#primaryimage\",\"url\":\"https:\\\/\\\/www.info-algerie.com\\\/actualites\\\/wp-content\\\/uploads\\\/2017\\\/04\\\/2c3073850b059c174549f6e650d25b7f_S-1.jpg\",\"contentUrl\":\"https:\\\/\\\/www.info-algerie.com\\\/actualites\\\/wp-content\\\/uploads\\\/2017\\\/04\\\/2c3073850b059c174549f6e650d25b7f_S-1.jpg\",\"width\":150,\"height\":85},{\"@type\":\"BreadcrumbList\",\"@id\":\"https:\\\/\\\/www.info-algerie.com\\\/actualites\\\/ould-abbas-plaide-pour-une-campagne-civilisee\\\/#breadcrumb\",\"itemListElement\":[{\"@type\":\"ListItem\",\"position\":1,\"name\":\"Accueil\",\"item\":\"https:\\\/\\\/www.info-algerie.com\\\/actualites\\\/\"},{\"@type\":\"ListItem\",\"position\":2,\"name\":\"Ould Abbas plaide pour une campagne &quot;civilis\u00e9e&quot;\"}]},{\"@type\":\"WebSite\",\"@id\":\"https:\\\/\\\/www.info-algerie.com\\\/actualites\\\/#website\",\"url\":\"https:\\\/\\\/www.info-algerie.com\\\/actualites\\\/\",\"name\":\"info algerie\",\"description\":\"Toutes les actualit\u00e9s\",\"publisher\":{\"@id\":\"https:\\\/\\\/www.info-algerie.com\\\/actualites\\\/#organization\"},\"potentialAction\":[{\"@type\":\"SearchAction\",\"target\":{\"@type\":\"EntryPoint\",\"urlTemplate\":\"https:\\\/\\\/www.info-algerie.com\\\/actualites\\\/?s={search_term_string}\"},\"query-input\":{\"@type\":\"PropertyValueSpecification\",\"valueRequired\":true,\"valueName\":\"search_term_string\"}}],\"inLanguage\":\"fr-FR\"},{\"@type\":\"Organization\",\"@id\":\"https:\\\/\\\/www.info-algerie.com\\\/actualites\\\/#organization\",\"name\":\"info algerie\",\"url\":\"https:\\\/\\\/www.info-algerie.com\\\/actualites\\\/\",\"logo\":{\"@type\":\"ImageObject\",\"inLanguage\":\"fr-FR\",\"@id\":\"https:\\\/\\\/www.info-algerie.com\\\/actualites\\\/#\\\/schema\\\/logo\\\/image\\\/\",\"url\":\"https:\\\/\\\/www.info-algerie.com\\\/actualites\\\/wp-content\\\/uploads\\\/2022\\\/07\\\/logo-ia-120.png\",\"contentUrl\":\"https:\\\/\\\/www.info-algerie.com\\\/actualites\\\/wp-content\\\/uploads\\\/2022\\\/07\\\/logo-ia-120.png\",\"width\":120,\"height\":43,\"caption\":\"info algerie\"},\"image\":{\"@id\":\"https:\\\/\\\/www.info-algerie.com\\\/actualites\\\/#\\\/schema\\\/logo\\\/image\\\/\"},\"sameAs\":[\"https:\\\/\\\/www.facebook.com\\\/infoalgerieactu\",\"https:\\\/\\\/x.com\\\/infoalgerie1\"]},{\"@type\":\"Person\",\"@id\":\"https:\\\/\\\/www.info-algerie.com\\\/actualites\\\/#\\\/schema\\\/person\\\/847aaec44920825b843a08f30ec6aa1e\",\"name\":\"La r\u00e9daction\",\"image\":{\"@type\":\"ImageObject\",\"inLanguage\":\"fr-FR\",\"@id\":\"https:\\\/\\\/secure.gravatar.com\\\/avatar\\\/769db425c6f465158149f1ffd6cf61ce7a8a879d11dfbef8288af36dfddd418c?s=96&d=mm&r=g\",\"url\":\"https:\\\/\\\/secure.gravatar.com\\\/avatar\\\/769db425c6f465158149f1ffd6cf61ce7a8a879d11dfbef8288af36dfddd418c?s=96&d=mm&r=g\",\"contentUrl\":\"https:\\\/\\\/secure.gravatar.com\\\/avatar\\\/769db425c6f465158149f1ffd6cf61ce7a8a879d11dfbef8288af36dfddd418c?s=96&d=mm&r=g\",\"caption\":\"La r\u00e9daction\"},\"sameAs\":[\"http:\\\/\\\/www.lkeria.com\\\/\"],\"url\":\"https:\\\/\\\/www.info-algerie.com\\\/actualites\\\/author\\\/chakib32\\\/\"}]}<\/script>\n<!-- \/ Yoast SEO plugin. -->","yoast_head_json":{"title":"Ould Abbas plaide pour une campagne &quot;civilis\u00e9e&quot; - info algerie","robots":{"index":"index","follow":"follow","max-snippet":"max-snippet:-1","max-image-preview":"max-image-preview:large","max-video-preview":"max-video-preview:-1"},"canonical":"https:\/\/www.info-algerie.com\/actualites\/ould-abbas-plaide-pour-une-campagne-civilisee\/","og_locale":"fr_FR","og_type":"article","og_title":"Ould Abbas plaide pour une campagne &quot;civilis\u00e9e&quot; - info algerie","og_description":"BEJAIA &#8211; Le secr\u00e9taire g\u00e9n\u00e9ral du Front de lib\u00e9ration nationale (FLN), Djamel Ould Abbas, a plaid\u00e9 vendredi \u00e0 Bejaia pour une campagne \u00e9lectorale \u00ab\u00a0civilis\u00e9e, propre et sans invective\u00a0\u00bb, estimant que son parti fait de ce principe une r\u00e8gle de conduite fondamentale. \u00ab\u00a0Soyez offensifs mais pas agressifs\u00a0\u00bb, a-t-il exhort\u00e9 \u00e0 l\u2019occasion\u2026 &#013; Source: Ould Abbas plaide","og_url":"https:\/\/www.info-algerie.com\/actualites\/ould-abbas-plaide-pour-une-campagne-civilisee\/","og_site_name":"info algerie","article_publisher":"https:\/\/www.facebook.com\/infoalgerieactu","article_published_time":"2017-04-14T16:57:21+00:00","og_image":[{"width":150,"height":85,"url":"https:\/\/www.info-algerie.com\/actualites\/wp-content\/uploads\/2017\/04\/2c3073850b059c174549f6e650d25b7f_S-1.jpg","type":"image\/jpeg"}],"author":"La r\u00e9daction","twitter_misc":{"\u00c9crit par":"La r\u00e9daction"},"schema":{"@context":"https:\/\/schema.org","@graph":[{"@type":"Article","@id":"https:\/\/www.info-algerie.com\/actualites\/ould-abbas-plaide-pour-une-campagne-civilisee\/#article","isPartOf":{"@id":"https:\/\/www.info-algerie.com\/actualites\/ould-abbas-plaide-pour-une-campagne-civilisee\/"},"author":{"name":"La r\u00e9daction","@id":"https:\/\/www.info-algerie.com\/actualites\/#\/schema\/person\/847aaec44920825b843a08f30ec6aa1e"},"headline":"Ould Abbas plaide pour une campagne &quot;civilis\u00e9e&quot;","datePublished":"2017-04-14T16:57:21+00:00","mainEntityOfPage":{"@id":"https:\/\/www.info-algerie.com\/actualites\/ould-abbas-plaide-pour-une-campagne-civilisee\/"},"wordCount":74,"commentCount":0,"publisher":{"@id":"https:\/\/www.info-algerie.com\/actualites\/#organization"},"image":{"@id":"https:\/\/www.info-algerie.com\/actualites\/ould-abbas-plaide-pour-une-campagne-civilisee\/#primaryimage"},"thumbnailUrl":"https:\/\/www.info-algerie.com\/actualites\/wp-content\/uploads\/2017\/04\/2c3073850b059c174549f6e650d25b7f_S-1.jpg","keywords":["ONU"],"articleSection":["infos"],"inLanguage":"fr-FR","potentialAction":[{"@type":"CommentAction","name":"Comment","target":["https:\/\/www.info-algerie.com\/actualites\/ould-abbas-plaide-pour-une-campagne-civilisee\/#respond"]}]},{"@type":"WebPage","@id":"https:\/\/www.info-algerie.com\/actualites\/ould-abbas-plaide-pour-une-campagne-civilisee\/","url":"https:\/\/www.info-algerie.com\/actualites\/ould-abbas-plaide-pour-une-campagne-civilisee\/","name":"Ould Abbas plaide pour une campagne &quot;civilis\u00e9e&quot; - info algerie","isPartOf":{"@id":"https:\/\/www.info-algerie.com\/actualites\/#website"},"primaryImageOfPage":{"@id":"https:\/\/www.info-algerie.com\/actualites\/ould-abbas-plaide-pour-une-campagne-civilisee\/#primaryimage"},"image":{"@id":"https:\/\/www.info-algerie.com\/actualites\/ould-abbas-plaide-pour-une-campagne-civilisee\/#primaryimage"},"thumbnailUrl":"https:\/\/www.info-algerie.com\/actualites\/wp-content\/uploads\/2017\/04\/2c3073850b059c174549f6e650d25b7f_S-1.jpg","datePublished":"2017-04-14T16:57:21+00:00","breadcrumb":{"@id":"https:\/\/www.info-algerie.com\/actualites\/ould-abbas-plaide-pour-une-campagne-civilisee\/#breadcrumb"},"inLanguage":"fr-FR","potentialAction":[{"@type":"ReadAction","target":["https:\/\/www.info-algerie.com\/actualites\/ould-abbas-plaide-pour-une-campagne-civilisee\/"]}]},{"@type":"ImageObject","inLanguage":"fr-FR","@id":"https:\/\/www.info-algerie.com\/actualites\/ould-abbas-plaide-pour-une-campagne-civilisee\/#primaryimage","url":"https:\/\/www.info-algerie.com\/actualites\/wp-content\/uploads\/2017\/04\/2c3073850b059c174549f6e650d25b7f_S-1.jpg","contentUrl":"https:\/\/www.info-algerie.com\/actualites\/wp-content\/uploads\/2017\/04\/2c3073850b059c174549f6e650d25b7f_S-1.jpg","width":150,"height":85},{"@type":"BreadcrumbList","@id":"https:\/\/www.info-algerie.com\/actualites\/ould-abbas-plaide-pour-une-campagne-civilisee\/#breadcrumb","itemListElement":[{"@type":"ListItem","position":1,"name":"Accueil","item":"https:\/\/www.info-algerie.com\/actualites\/"},{"@type":"ListItem","position":2,"name":"Ould Abbas plaide pour une campagne &quot;civilis\u00e9e&quot;"}]},{"@type":"WebSite","@id":"https:\/\/www.info-algerie.com\/actualites\/#website","url":"https:\/\/www.info-algerie.com\/actualites\/","name":"info algerie","description":"Toutes les actualit\u00e9s","publisher":{"@id":"https:\/\/www.info-algerie.com\/actualites\/#organization"},"potentialAction":[{"@type":"SearchAction","target":{"@type":"EntryPoint","urlTemplate":"https:\/\/www.info-algerie.com\/actualites\/?s={search_term_string}"},"query-input":{"@type":"PropertyValueSpecification","valueRequired":true,"valueName":"search_term_string"}}],"inLanguage":"fr-FR"},{"@type":"Organization","@id":"https:\/\/www.info-algerie.com\/actualites\/#organization","name":"info algerie","url":"https:\/\/www.info-algerie.com\/actualites\/","logo":{"@type":"ImageObject","inLanguage":"fr-FR","@id":"https:\/\/www.info-algerie.com\/actualites\/#\/schema\/logo\/image\/","url":"https:\/\/www.info-algerie.com\/actualites\/wp-content\/uploads\/2022\/07\/logo-ia-120.png","contentUrl":"https:\/\/www.info-algerie.com\/actualites\/wp-content\/uploads\/2022\/07\/logo-ia-120.png","width":120,"height":43,"caption":"info algerie"},"image":{"@id":"https:\/\/www.info-algerie.com\/actualites\/#\/schema\/logo\/image\/"},"sameAs":["https:\/\/www.facebook.com\/infoalgerieactu","https:\/\/x.com\/infoalgerie1"]},{"@type":"Person","@id":"https:\/\/www.info-algerie.com\/actualites\/#\/schema\/person\/847aaec44920825b843a08f30ec6aa1e","name":"La r\u00e9daction","image":{"@type":"ImageObject","inLanguage":"fr-FR","@id":"https:\/\/secure.gravatar.com\/avatar\/769db425c6f465158149f1ffd6cf61ce7a8a879d11dfbef8288af36dfddd418c?s=96&d=mm&r=g","url":"https:\/\/secure.gravatar.com\/avatar\/769db425c6f465158149f1ffd6cf61ce7a8a879d11dfbef8288af36dfddd418c?s=96&d=mm&r=g","contentUrl":"https:\/\/secure.gravatar.com\/avatar\/769db425c6f465158149f1ffd6cf61ce7a8a879d11dfbef8288af36dfddd418c?s=96&d=mm&r=g","caption":"La r\u00e9daction"},"sameAs":["http:\/\/www.lkeria.com\/"],"url":"https:\/\/www.info-algerie.com\/actualites\/author\/chakib32\/"}]}},"_links":{"self":[{"href":"https:\/\/www.info-algerie.com\/actualites\/wp-json\/wp\/v2\/posts\/10280","targetHints":{"allow":["GET"]}}],"collection":[{"href":"https:\/\/www.info-algerie.com\/actualites\/wp-json\/wp\/v2\/posts"}],"about":[{"href":"https:\/\/www.info-algerie.com\/actualites\/wp-json\/wp\/v2\/types\/post"}],"author":[{"embeddable":true,"href":"https:\/\/www.info-algerie.com\/actualites\/wp-json\/wp\/v2\/users\/6"}],"replies":[{"embeddable":true,"href":"https:\/\/www.info-algerie.com\/actualites\/wp-json\/wp\/v2\/comments?post=10280"}],"version-history":[{"count":0,"href":"https:\/\/www.info-algerie.com\/actualites\/wp-json\/wp\/v2\/posts\/10280\/revisions"}],"wp:featuredmedia":[{"embeddable":true,"href":"https:\/\/www.info-algerie.com\/actualites\/wp-json\/wp\/v2\/media\/10281"}],"wp:attachment":[{"href":"https:\/\/www.info-algerie.com\/actualites\/wp-json\/wp\/v2\/media?parent=10280"}],"wp:term":[{"taxonomy":"category","embeddable":true,"href":"https:\/\/www.info-algerie.com\/actualites\/wp-json\/wp\/v2\/categories?post=10280"},{"taxonomy":"post_tag","embeddable":true,"href":"https:\/\/www.info-algerie.com\/actualites\/wp-json\/wp\/v2\/tags?post=10280"}],"curies":[{"name":"wp","href":"https:\/\/api.w.org\/{rel}","templated":true}]}}