{"id":10337,"date":"2017-04-15T20:17:38","date_gmt":"2017-04-15T19:17:38","guid":{"rendered":"http:\/\/www.info-algerie.com\/actualites\/les-leaders-des-partis-politiques-pour-la-reconciliation-nationale-a-travers-le-renforcement-de-la-pratique-democratique\/"},"modified":"2017-04-15T20:17:38","modified_gmt":"2017-04-15T19:17:38","slug":"les-leaders-des-partis-politiques-pour-la-reconciliation-nationale-a-travers-le-renforcement-de-la-pratique-democratique","status":"publish","type":"post","link":"https:\/\/www.info-algerie.com\/actualites\/les-leaders-des-partis-politiques-pour-la-reconciliation-nationale-a-travers-le-renforcement-de-la-pratique-democratique\/","title":{"rendered":"Les leaders des partis politiques pour la r\u00e9conciliation nationale \u00e0 travers le renforcement de la pratique d\u00e9mocratique"},"content":{"rendered":"<div class=\"K2FeedImage\"><img decoding=\"async\" src=\"https:\/\/www.info-algerie.com\/actualites\/wp-content\/uploads\/2017\/04\/59008c8495bee2aa4a71ee00ba0d31d8_S.jpg\" alt=\"Les leaders des partis politiques pour la r&#xE9;conciliation nationale &#xE0; travers le renforcement de la pratique d&#xE9;mocratique\" \/><\/div>\n<div class=\"K2FeedIntroText\"> ALGER &#8211; Les leaders des partis politiques ont appel\u00e9 samedi \u00e0 g\u00e9n\u00e9raliser la r\u00e9conciliation nationale par le renforcement de la pratique d\u00e9mocratique dans le but de pr\u00e9server l\u2019unit\u00e9 et la stabilit\u00e9 du pays o\u00f9 r\u00e9gneront la fraternit\u00e9 et la justice. Au 7e jour de la campagne \u00e9lectorale pour les l\u00e9gislatives\u2026<\/div>\n<p>&#013;<br \/>\nSource: <a href=\"http:\/\/www.aps.dz\/algerie\/56202-les-leaders-des-partis-politiques-pour-la-r%C3%A9conciliation-nationale-%C3%A0-travers-le-renforcement-de-la-pratique-d%C3%A9mocratique\" target=\"_blank\">Les leaders des partis politiques pour la r\u00e9conciliation nationale \u00e0 travers le renforcement de la pratique d\u00e9mocratique<\/a><\/p>\n<!--CusAds0-->\n<div style=\"font-size: 0px; height: 0px; line-height: 0px; margin: 0; padding: 0; clear: both;\"><\/div>","protected":false},"excerpt":{"rendered":"<p>ALGER &#8211; Les leaders des partis politiques ont appel\u00e9 samedi \u00e0 g\u00e9n\u00e9raliser la r\u00e9conciliation nationale par le renforcement de la pratique d\u00e9mocratique dans le but de pr\u00e9server l\u2019unit\u00e9 et la stabilit\u00e9 du pays o\u00f9 r\u00e9gneront la fraternit\u00e9 et la justice. Au 7e jour de la campagne \u00e9lectorale pour les l\u00e9gislatives\u2026 &#013; Source: Les leaders des<\/p>\n","protected":false},"author":6,"featured_media":10338,"comment_status":"open","ping_status":"open","sticky":false,"template":"","format":"standard","meta":{"footnotes":""},"categories":[22],"tags":[93],"class_list":["post-10337","post","type-post","status-publish","format-standard","has-post-thumbnail","hentry","category-infos","tag-onu"],"yoast_head":"<!-- This site is optimized with the Yoast SEO plugin v27.5 - https:\/\/yoast.com\/product\/yoast-seo-wordpress\/ -->\n<title>Les leaders des partis politiques pour la r\u00e9conciliation nationale \u00e0 travers le renforcement de la pratique d\u00e9mocratique - info algerie<\/title>\n<meta name=\"robots\" content=\"index, follow, max-snippet:-1, max-image-preview:large, max-video-preview:-1\" \/>\n<link rel=\"canonical\" href=\"https:\/\/www.info-algerie.com\/actualites\/les-leaders-des-partis-politiques-pour-la-reconciliation-nationale-a-travers-le-renforcement-de-la-pratique-democratique\/\" \/>\n<meta property=\"og:locale\" content=\"fr_FR\" \/>\n<meta property=\"og:type\" content=\"article\" \/>\n<meta property=\"og:title\" content=\"Les leaders des partis politiques pour la r\u00e9conciliation nationale \u00e0 travers le renforcement de la pratique d\u00e9mocratique - info algerie\" \/>\n<meta property=\"og:description\" content=\"ALGER &#8211; Les leaders des partis politiques ont appel\u00e9 samedi \u00e0 g\u00e9n\u00e9raliser la r\u00e9conciliation nationale par le renforcement de la pratique d\u00e9mocratique dans le but de pr\u00e9server l\u2019unit\u00e9 et la stabilit\u00e9 du pays o\u00f9 r\u00e9gneront la fraternit\u00e9 et la justice. Au 7e jour de la campagne \u00e9lectorale pour les l\u00e9gislatives\u2026 &#013; Source: Les leaders des\" \/>\n<meta property=\"og:url\" content=\"https:\/\/www.info-algerie.com\/actualites\/les-leaders-des-partis-politiques-pour-la-reconciliation-nationale-a-travers-le-renforcement-de-la-pratique-democratique\/\" \/>\n<meta property=\"og:site_name\" content=\"info algerie\" \/>\n<meta property=\"article:publisher\" content=\"https:\/\/www.facebook.com\/infoalgerieactu\" \/>\n<meta property=\"article:published_time\" content=\"2017-04-15T19:17:38+00:00\" \/>\n<meta property=\"og:image\" content=\"https:\/\/www.info-algerie.com\/actualites\/wp-content\/uploads\/2017\/04\/59008c8495bee2aa4a71ee00ba0d31d8_S-1.jpg\" \/>\n\t<meta property=\"og:image:width\" content=\"150\" \/>\n\t<meta property=\"og:image:height\" content=\"82\" \/>\n\t<meta property=\"og:image:type\" content=\"image\/jpeg\" \/>\n<meta name=\"author\" content=\"La r\u00e9daction\" \/>\n<meta name=\"twitter:label1\" content=\"\u00c9crit par\" \/>\n\t<meta name=\"twitter:data1\" content=\"La r\u00e9daction\" \/>\n<script type=\"application\/ld+json\" class=\"yoast-schema-graph\">{\"@context\":\"https:\\\/\\\/schema.org\",\"@graph\":[{\"@type\":\"Article\",\"@id\":\"https:\\\/\\\/www.info-algerie.com\\\/actualites\\\/les-leaders-des-partis-politiques-pour-la-reconciliation-nationale-a-travers-le-renforcement-de-la-pratique-democratique\\\/#article\",\"isPartOf\":{\"@id\":\"https:\\\/\\\/www.info-algerie.com\\\/actualites\\\/les-leaders-des-partis-politiques-pour-la-reconciliation-nationale-a-travers-le-renforcement-de-la-pratique-democratique\\\/\"},\"author\":{\"name\":\"La r\u00e9daction\",\"@id\":\"https:\\\/\\\/www.info-algerie.com\\\/actualites\\\/#\\\/schema\\\/person\\\/847aaec44920825b843a08f30ec6aa1e\"},\"headline\":\"Les leaders des partis politiques pour la r\u00e9conciliation nationale \u00e0 travers le renforcement de la pratique d\u00e9mocratique\",\"datePublished\":\"2017-04-15T19:17:38+00:00\",\"mainEntityOfPage\":{\"@id\":\"https:\\\/\\\/www.info-algerie.com\\\/actualites\\\/les-leaders-des-partis-politiques-pour-la-reconciliation-nationale-a-travers-le-renforcement-de-la-pratique-democratique\\\/\"},\"wordCount\":94,\"commentCount\":0,\"publisher\":{\"@id\":\"https:\\\/\\\/www.info-algerie.com\\\/actualites\\\/#organization\"},\"image\":{\"@id\":\"https:\\\/\\\/www.info-algerie.com\\\/actualites\\\/les-leaders-des-partis-politiques-pour-la-reconciliation-nationale-a-travers-le-renforcement-de-la-pratique-democratique\\\/#primaryimage\"},\"thumbnailUrl\":\"https:\\\/\\\/www.info-algerie.com\\\/actualites\\\/wp-content\\\/uploads\\\/2017\\\/04\\\/59008c8495bee2aa4a71ee00ba0d31d8_S-1.jpg\",\"keywords\":[\"ONU\"],\"articleSection\":[\"infos\"],\"inLanguage\":\"fr-FR\",\"potentialAction\":[{\"@type\":\"CommentAction\",\"name\":\"Comment\",\"target\":[\"https:\\\/\\\/www.info-algerie.com\\\/actualites\\\/les-leaders-des-partis-politiques-pour-la-reconciliation-nationale-a-travers-le-renforcement-de-la-pratique-democratique\\\/#respond\"]}]},{\"@type\":\"WebPage\",\"@id\":\"https:\\\/\\\/www.info-algerie.com\\\/actualites\\\/les-leaders-des-partis-politiques-pour-la-reconciliation-nationale-a-travers-le-renforcement-de-la-pratique-democratique\\\/\",\"url\":\"https:\\\/\\\/www.info-algerie.com\\\/actualites\\\/les-leaders-des-partis-politiques-pour-la-reconciliation-nationale-a-travers-le-renforcement-de-la-pratique-democratique\\\/\",\"name\":\"Les leaders des partis politiques pour la r\u00e9conciliation nationale \u00e0 travers le renforcement de la pratique d\u00e9mocratique - info algerie\",\"isPartOf\":{\"@id\":\"https:\\\/\\\/www.info-algerie.com\\\/actualites\\\/#website\"},\"primaryImageOfPage\":{\"@id\":\"https:\\\/\\\/www.info-algerie.com\\\/actualites\\\/les-leaders-des-partis-politiques-pour-la-reconciliation-nationale-a-travers-le-renforcement-de-la-pratique-democratique\\\/#primaryimage\"},\"image\":{\"@id\":\"https:\\\/\\\/www.info-algerie.com\\\/actualites\\\/les-leaders-des-partis-politiques-pour-la-reconciliation-nationale-a-travers-le-renforcement-de-la-pratique-democratique\\\/#primaryimage\"},\"thumbnailUrl\":\"https:\\\/\\\/www.info-algerie.com\\\/actualites\\\/wp-content\\\/uploads\\\/2017\\\/04\\\/59008c8495bee2aa4a71ee00ba0d31d8_S-1.jpg\",\"datePublished\":\"2017-04-15T19:17:38+00:00\",\"breadcrumb\":{\"@id\":\"https:\\\/\\\/www.info-algerie.com\\\/actualites\\\/les-leaders-des-partis-politiques-pour-la-reconciliation-nationale-a-travers-le-renforcement-de-la-pratique-democratique\\\/#breadcrumb\"},\"inLanguage\":\"fr-FR\",\"potentialAction\":[{\"@type\":\"ReadAction\",\"target\":[\"https:\\\/\\\/www.info-algerie.com\\\/actualites\\\/les-leaders-des-partis-politiques-pour-la-reconciliation-nationale-a-travers-le-renforcement-de-la-pratique-democratique\\\/\"]}]},{\"@type\":\"ImageObject\",\"inLanguage\":\"fr-FR\",\"@id\":\"https:\\\/\\\/www.info-algerie.com\\\/actualites\\\/les-leaders-des-partis-politiques-pour-la-reconciliation-nationale-a-travers-le-renforcement-de-la-pratique-democratique\\\/#primaryimage\",\"url\":\"https:\\\/\\\/www.info-algerie.com\\\/actualites\\\/wp-content\\\/uploads\\\/2017\\\/04\\\/59008c8495bee2aa4a71ee00ba0d31d8_S-1.jpg\",\"contentUrl\":\"https:\\\/\\\/www.info-algerie.com\\\/actualites\\\/wp-content\\\/uploads\\\/2017\\\/04\\\/59008c8495bee2aa4a71ee00ba0d31d8_S-1.jpg\",\"width\":150,\"height\":82},{\"@type\":\"BreadcrumbList\",\"@id\":\"https:\\\/\\\/www.info-algerie.com\\\/actualites\\\/les-leaders-des-partis-politiques-pour-la-reconciliation-nationale-a-travers-le-renforcement-de-la-pratique-democratique\\\/#breadcrumb\",\"itemListElement\":[{\"@type\":\"ListItem\",\"position\":1,\"name\":\"Accueil\",\"item\":\"https:\\\/\\\/www.info-algerie.com\\\/actualites\\\/\"},{\"@type\":\"ListItem\",\"position\":2,\"name\":\"Les leaders des partis politiques pour la r\u00e9conciliation nationale \u00e0 travers le renforcement de la pratique d\u00e9mocratique\"}]},{\"@type\":\"WebSite\",\"@id\":\"https:\\\/\\\/www.info-algerie.com\\\/actualites\\\/#website\",\"url\":\"https:\\\/\\\/www.info-algerie.com\\\/actualites\\\/\",\"name\":\"info algerie\",\"description\":\"Toutes les actualit\u00e9s\",\"publisher\":{\"@id\":\"https:\\\/\\\/www.info-algerie.com\\\/actualites\\\/#organization\"},\"potentialAction\":[{\"@type\":\"SearchAction\",\"target\":{\"@type\":\"EntryPoint\",\"urlTemplate\":\"https:\\\/\\\/www.info-algerie.com\\\/actualites\\\/?s={search_term_string}\"},\"query-input\":{\"@type\":\"PropertyValueSpecification\",\"valueRequired\":true,\"valueName\":\"search_term_string\"}}],\"inLanguage\":\"fr-FR\"},{\"@type\":\"Organization\",\"@id\":\"https:\\\/\\\/www.info-algerie.com\\\/actualites\\\/#organization\",\"name\":\"info algerie\",\"url\":\"https:\\\/\\\/www.info-algerie.com\\\/actualites\\\/\",\"logo\":{\"@type\":\"ImageObject\",\"inLanguage\":\"fr-FR\",\"@id\":\"https:\\\/\\\/www.info-algerie.com\\\/actualites\\\/#\\\/schema\\\/logo\\\/image\\\/\",\"url\":\"https:\\\/\\\/www.info-algerie.com\\\/actualites\\\/wp-content\\\/uploads\\\/2022\\\/07\\\/logo-ia-120.png\",\"contentUrl\":\"https:\\\/\\\/www.info-algerie.com\\\/actualites\\\/wp-content\\\/uploads\\\/2022\\\/07\\\/logo-ia-120.png\",\"width\":120,\"height\":43,\"caption\":\"info algerie\"},\"image\":{\"@id\":\"https:\\\/\\\/www.info-algerie.com\\\/actualites\\\/#\\\/schema\\\/logo\\\/image\\\/\"},\"sameAs\":[\"https:\\\/\\\/www.facebook.com\\\/infoalgerieactu\",\"https:\\\/\\\/x.com\\\/infoalgerie1\"]},{\"@type\":\"Person\",\"@id\":\"https:\\\/\\\/www.info-algerie.com\\\/actualites\\\/#\\\/schema\\\/person\\\/847aaec44920825b843a08f30ec6aa1e\",\"name\":\"La r\u00e9daction\",\"image\":{\"@type\":\"ImageObject\",\"inLanguage\":\"fr-FR\",\"@id\":\"https:\\\/\\\/secure.gravatar.com\\\/avatar\\\/769db425c6f465158149f1ffd6cf61ce7a8a879d11dfbef8288af36dfddd418c?s=96&d=mm&r=g\",\"url\":\"https:\\\/\\\/secure.gravatar.com\\\/avatar\\\/769db425c6f465158149f1ffd6cf61ce7a8a879d11dfbef8288af36dfddd418c?s=96&d=mm&r=g\",\"contentUrl\":\"https:\\\/\\\/secure.gravatar.com\\\/avatar\\\/769db425c6f465158149f1ffd6cf61ce7a8a879d11dfbef8288af36dfddd418c?s=96&d=mm&r=g\",\"caption\":\"La r\u00e9daction\"},\"sameAs\":[\"http:\\\/\\\/www.lkeria.com\\\/\"],\"url\":\"https:\\\/\\\/www.info-algerie.com\\\/actualites\\\/author\\\/chakib32\\\/\"}]}<\/script>\n<!-- \/ Yoast SEO plugin. -->","yoast_head_json":{"title":"Les leaders des partis politiques pour la r\u00e9conciliation nationale \u00e0 travers le renforcement de la pratique d\u00e9mocratique - info algerie","robots":{"index":"index","follow":"follow","max-snippet":"max-snippet:-1","max-image-preview":"max-image-preview:large","max-video-preview":"max-video-preview:-1"},"canonical":"https:\/\/www.info-algerie.com\/actualites\/les-leaders-des-partis-politiques-pour-la-reconciliation-nationale-a-travers-le-renforcement-de-la-pratique-democratique\/","og_locale":"fr_FR","og_type":"article","og_title":"Les leaders des partis politiques pour la r\u00e9conciliation nationale \u00e0 travers le renforcement de la pratique d\u00e9mocratique - info algerie","og_description":"ALGER &#8211; Les leaders des partis politiques ont appel\u00e9 samedi \u00e0 g\u00e9n\u00e9raliser la r\u00e9conciliation nationale par le renforcement de la pratique d\u00e9mocratique dans le but de pr\u00e9server l\u2019unit\u00e9 et la stabilit\u00e9 du pays o\u00f9 r\u00e9gneront la fraternit\u00e9 et la justice. Au 7e jour de la campagne \u00e9lectorale pour les l\u00e9gislatives\u2026 &#013; Source: Les leaders des","og_url":"https:\/\/www.info-algerie.com\/actualites\/les-leaders-des-partis-politiques-pour-la-reconciliation-nationale-a-travers-le-renforcement-de-la-pratique-democratique\/","og_site_name":"info algerie","article_publisher":"https:\/\/www.facebook.com\/infoalgerieactu","article_published_time":"2017-04-15T19:17:38+00:00","og_image":[{"width":150,"height":82,"url":"https:\/\/www.info-algerie.com\/actualites\/wp-content\/uploads\/2017\/04\/59008c8495bee2aa4a71ee00ba0d31d8_S-1.jpg","type":"image\/jpeg"}],"author":"La r\u00e9daction","twitter_misc":{"\u00c9crit par":"La r\u00e9daction"},"schema":{"@context":"https:\/\/schema.org","@graph":[{"@type":"Article","@id":"https:\/\/www.info-algerie.com\/actualites\/les-leaders-des-partis-politiques-pour-la-reconciliation-nationale-a-travers-le-renforcement-de-la-pratique-democratique\/#article","isPartOf":{"@id":"https:\/\/www.info-algerie.com\/actualites\/les-leaders-des-partis-politiques-pour-la-reconciliation-nationale-a-travers-le-renforcement-de-la-pratique-democratique\/"},"author":{"name":"La r\u00e9daction","@id":"https:\/\/www.info-algerie.com\/actualites\/#\/schema\/person\/847aaec44920825b843a08f30ec6aa1e"},"headline":"Les leaders des partis politiques pour la r\u00e9conciliation nationale \u00e0 travers le renforcement de la pratique d\u00e9mocratique","datePublished":"2017-04-15T19:17:38+00:00","mainEntityOfPage":{"@id":"https:\/\/www.info-algerie.com\/actualites\/les-leaders-des-partis-politiques-pour-la-reconciliation-nationale-a-travers-le-renforcement-de-la-pratique-democratique\/"},"wordCount":94,"commentCount":0,"publisher":{"@id":"https:\/\/www.info-algerie.com\/actualites\/#organization"},"image":{"@id":"https:\/\/www.info-algerie.com\/actualites\/les-leaders-des-partis-politiques-pour-la-reconciliation-nationale-a-travers-le-renforcement-de-la-pratique-democratique\/#primaryimage"},"thumbnailUrl":"https:\/\/www.info-algerie.com\/actualites\/wp-content\/uploads\/2017\/04\/59008c8495bee2aa4a71ee00ba0d31d8_S-1.jpg","keywords":["ONU"],"articleSection":["infos"],"inLanguage":"fr-FR","potentialAction":[{"@type":"CommentAction","name":"Comment","target":["https:\/\/www.info-algerie.com\/actualites\/les-leaders-des-partis-politiques-pour-la-reconciliation-nationale-a-travers-le-renforcement-de-la-pratique-democratique\/#respond"]}]},{"@type":"WebPage","@id":"https:\/\/www.info-algerie.com\/actualites\/les-leaders-des-partis-politiques-pour-la-reconciliation-nationale-a-travers-le-renforcement-de-la-pratique-democratique\/","url":"https:\/\/www.info-algerie.com\/actualites\/les-leaders-des-partis-politiques-pour-la-reconciliation-nationale-a-travers-le-renforcement-de-la-pratique-democratique\/","name":"Les leaders des partis politiques pour la r\u00e9conciliation nationale \u00e0 travers le renforcement de la pratique d\u00e9mocratique - info algerie","isPartOf":{"@id":"https:\/\/www.info-algerie.com\/actualites\/#website"},"primaryImageOfPage":{"@id":"https:\/\/www.info-algerie.com\/actualites\/les-leaders-des-partis-politiques-pour-la-reconciliation-nationale-a-travers-le-renforcement-de-la-pratique-democratique\/#primaryimage"},"image":{"@id":"https:\/\/www.info-algerie.com\/actualites\/les-leaders-des-partis-politiques-pour-la-reconciliation-nationale-a-travers-le-renforcement-de-la-pratique-democratique\/#primaryimage"},"thumbnailUrl":"https:\/\/www.info-algerie.com\/actualites\/wp-content\/uploads\/2017\/04\/59008c8495bee2aa4a71ee00ba0d31d8_S-1.jpg","datePublished":"2017-04-15T19:17:38+00:00","breadcrumb":{"@id":"https:\/\/www.info-algerie.com\/actualites\/les-leaders-des-partis-politiques-pour-la-reconciliation-nationale-a-travers-le-renforcement-de-la-pratique-democratique\/#breadcrumb"},"inLanguage":"fr-FR","potentialAction":[{"@type":"ReadAction","target":["https:\/\/www.info-algerie.com\/actualites\/les-leaders-des-partis-politiques-pour-la-reconciliation-nationale-a-travers-le-renforcement-de-la-pratique-democratique\/"]}]},{"@type":"ImageObject","inLanguage":"fr-FR","@id":"https:\/\/www.info-algerie.com\/actualites\/les-leaders-des-partis-politiques-pour-la-reconciliation-nationale-a-travers-le-renforcement-de-la-pratique-democratique\/#primaryimage","url":"https:\/\/www.info-algerie.com\/actualites\/wp-content\/uploads\/2017\/04\/59008c8495bee2aa4a71ee00ba0d31d8_S-1.jpg","contentUrl":"https:\/\/www.info-algerie.com\/actualites\/wp-content\/uploads\/2017\/04\/59008c8495bee2aa4a71ee00ba0d31d8_S-1.jpg","width":150,"height":82},{"@type":"BreadcrumbList","@id":"https:\/\/www.info-algerie.com\/actualites\/les-leaders-des-partis-politiques-pour-la-reconciliation-nationale-a-travers-le-renforcement-de-la-pratique-democratique\/#breadcrumb","itemListElement":[{"@type":"ListItem","position":1,"name":"Accueil","item":"https:\/\/www.info-algerie.com\/actualites\/"},{"@type":"ListItem","position":2,"name":"Les leaders des partis politiques pour la r\u00e9conciliation nationale \u00e0 travers le renforcement de la pratique d\u00e9mocratique"}]},{"@type":"WebSite","@id":"https:\/\/www.info-algerie.com\/actualites\/#website","url":"https:\/\/www.info-algerie.com\/actualites\/","name":"info algerie","description":"Toutes les actualit\u00e9s","publisher":{"@id":"https:\/\/www.info-algerie.com\/actualites\/#organization"},"potentialAction":[{"@type":"SearchAction","target":{"@type":"EntryPoint","urlTemplate":"https:\/\/www.info-algerie.com\/actualites\/?s={search_term_string}"},"query-input":{"@type":"PropertyValueSpecification","valueRequired":true,"valueName":"search_term_string"}}],"inLanguage":"fr-FR"},{"@type":"Organization","@id":"https:\/\/www.info-algerie.com\/actualites\/#organization","name":"info algerie","url":"https:\/\/www.info-algerie.com\/actualites\/","logo":{"@type":"ImageObject","inLanguage":"fr-FR","@id":"https:\/\/www.info-algerie.com\/actualites\/#\/schema\/logo\/image\/","url":"https:\/\/www.info-algerie.com\/actualites\/wp-content\/uploads\/2022\/07\/logo-ia-120.png","contentUrl":"https:\/\/www.info-algerie.com\/actualites\/wp-content\/uploads\/2022\/07\/logo-ia-120.png","width":120,"height":43,"caption":"info algerie"},"image":{"@id":"https:\/\/www.info-algerie.com\/actualites\/#\/schema\/logo\/image\/"},"sameAs":["https:\/\/www.facebook.com\/infoalgerieactu","https:\/\/x.com\/infoalgerie1"]},{"@type":"Person","@id":"https:\/\/www.info-algerie.com\/actualites\/#\/schema\/person\/847aaec44920825b843a08f30ec6aa1e","name":"La r\u00e9daction","image":{"@type":"ImageObject","inLanguage":"fr-FR","@id":"https:\/\/secure.gravatar.com\/avatar\/769db425c6f465158149f1ffd6cf61ce7a8a879d11dfbef8288af36dfddd418c?s=96&d=mm&r=g","url":"https:\/\/secure.gravatar.com\/avatar\/769db425c6f465158149f1ffd6cf61ce7a8a879d11dfbef8288af36dfddd418c?s=96&d=mm&r=g","contentUrl":"https:\/\/secure.gravatar.com\/avatar\/769db425c6f465158149f1ffd6cf61ce7a8a879d11dfbef8288af36dfddd418c?s=96&d=mm&r=g","caption":"La r\u00e9daction"},"sameAs":["http:\/\/www.lkeria.com\/"],"url":"https:\/\/www.info-algerie.com\/actualites\/author\/chakib32\/"}]}},"_links":{"self":[{"href":"https:\/\/www.info-algerie.com\/actualites\/wp-json\/wp\/v2\/posts\/10337","targetHints":{"allow":["GET"]}}],"collection":[{"href":"https:\/\/www.info-algerie.com\/actualites\/wp-json\/wp\/v2\/posts"}],"about":[{"href":"https:\/\/www.info-algerie.com\/actualites\/wp-json\/wp\/v2\/types\/post"}],"author":[{"embeddable":true,"href":"https:\/\/www.info-algerie.com\/actualites\/wp-json\/wp\/v2\/users\/6"}],"replies":[{"embeddable":true,"href":"https:\/\/www.info-algerie.com\/actualites\/wp-json\/wp\/v2\/comments?post=10337"}],"version-history":[{"count":0,"href":"https:\/\/www.info-algerie.com\/actualites\/wp-json\/wp\/v2\/posts\/10337\/revisions"}],"wp:featuredmedia":[{"embeddable":true,"href":"https:\/\/www.info-algerie.com\/actualites\/wp-json\/wp\/v2\/media\/10338"}],"wp:attachment":[{"href":"https:\/\/www.info-algerie.com\/actualites\/wp-json\/wp\/v2\/media?parent=10337"}],"wp:term":[{"taxonomy":"category","embeddable":true,"href":"https:\/\/www.info-algerie.com\/actualites\/wp-json\/wp\/v2\/categories?post=10337"},{"taxonomy":"post_tag","embeddable":true,"href":"https:\/\/www.info-algerie.com\/actualites\/wp-json\/wp\/v2\/tags?post=10337"}],"curies":[{"name":"wp","href":"https:\/\/api.w.org\/{rel}","templated":true}]}}