{"id":10413,"date":"2017-04-17T11:16:11","date_gmt":"2017-04-17T10:16:11","guid":{"rendered":"http:\/\/www.info-algerie.com\/actualites\/la-presse-oranaise-salue-une-reorientation-de-la-campagne-vers-les-attentes-citoyennes\/"},"modified":"2017-04-17T11:16:11","modified_gmt":"2017-04-17T10:16:11","slug":"la-presse-oranaise-salue-une-reorientation-de-la-campagne-vers-les-attentes-citoyennes","status":"publish","type":"post","link":"https:\/\/www.info-algerie.com\/actualites\/la-presse-oranaise-salue-une-reorientation-de-la-campagne-vers-les-attentes-citoyennes\/","title":{"rendered":"La presse oranaise salue &quot;une r\u00e9orientation&quot; de la campagne vers les attentes citoyennes"},"content":{"rendered":"<div class=\"K2FeedImage\"><img decoding=\"async\" src=\"https:\/\/www.info-algerie.com\/actualites\/wp-content\/uploads\/2017\/04\/870ae2a990112450e230f0246b403c95_S.jpg\" \/><\/div>\n<div class=\"K2FeedIntroText\"> ORAN &#8211; Au 9\u00e8me jour de la campagne \u00e9lectorale pour les l\u00e9gislatives du 4 mai prochain, plusieurs journaux oranais s&rsquo;accordent \u00e0 \u00ab\u00a0positiver\u00a0\u00bb leurs points de vue par rapport aux efforts fournis par les candidats pour r\u00e9orienter leurs discours vers les attentes citoyennes. Ainsi, le quotidien \u00ab\u00a0Ouest Tribune\u00a0\u00bb appr\u00e9cie dans son\u2026<\/div>\n<p>&#013;<br \/>\nSource: <a href=\"http:\/\/www.aps.dz\/algerie\/56271-la-presse-oranaise-salue-une-r%C3%A9orientation-de-la-campagne-vers-les-attentes-citoyennes\" target=\"_blank\">La presse oranaise salue \u00ab\u00a0une r\u00e9orientation\u00a0\u00bb de la campagne vers les attentes citoyennes<\/a><\/p>\n<!--CusAds0-->\n<div style=\"font-size: 0px; height: 0px; line-height: 0px; margin: 0; padding: 0; clear: both;\"><\/div>","protected":false},"excerpt":{"rendered":"<p>ORAN &#8211; Au 9\u00e8me jour de la campagne \u00e9lectorale pour les l\u00e9gislatives du 4 mai prochain, plusieurs journaux oranais s&rsquo;accordent \u00e0 \u00ab\u00a0positiver\u00a0\u00bb leurs points de vue par rapport aux efforts fournis par les candidats pour r\u00e9orienter leurs discours vers les attentes citoyennes. Ainsi, le quotidien \u00ab\u00a0Ouest Tribune\u00a0\u00bb appr\u00e9cie dans son\u2026 &#013; Source: La presse oranaise<\/p>\n","protected":false},"author":6,"featured_media":10414,"comment_status":"open","ping_status":"open","sticky":false,"template":"","format":"standard","meta":{"footnotes":""},"categories":[22],"tags":[93],"class_list":["post-10413","post","type-post","status-publish","format-standard","has-post-thumbnail","hentry","category-infos","tag-onu"],"yoast_head":"<!-- This site is optimized with the Yoast SEO plugin v27.5 - https:\/\/yoast.com\/product\/yoast-seo-wordpress\/ -->\n<title>La presse oranaise salue &quot;une r\u00e9orientation&quot; de la campagne vers les attentes citoyennes - info algerie<\/title>\n<meta name=\"robots\" content=\"index, follow, max-snippet:-1, max-image-preview:large, max-video-preview:-1\" \/>\n<link rel=\"canonical\" href=\"https:\/\/www.info-algerie.com\/actualites\/la-presse-oranaise-salue-une-reorientation-de-la-campagne-vers-les-attentes-citoyennes\/\" \/>\n<meta property=\"og:locale\" content=\"fr_FR\" \/>\n<meta property=\"og:type\" content=\"article\" \/>\n<meta property=\"og:title\" content=\"La presse oranaise salue &quot;une r\u00e9orientation&quot; de la campagne vers les attentes citoyennes - info algerie\" \/>\n<meta property=\"og:description\" content=\"ORAN &#8211; Au 9\u00e8me jour de la campagne \u00e9lectorale pour les l\u00e9gislatives du 4 mai prochain, plusieurs journaux oranais s&rsquo;accordent \u00e0 \u00ab\u00a0positiver\u00a0\u00bb leurs points de vue par rapport aux efforts fournis par les candidats pour r\u00e9orienter leurs discours vers les attentes citoyennes. Ainsi, le quotidien \u00ab\u00a0Ouest Tribune\u00a0\u00bb appr\u00e9cie dans son\u2026 &#013; Source: La presse oranaise\" \/>\n<meta property=\"og:url\" content=\"https:\/\/www.info-algerie.com\/actualites\/la-presse-oranaise-salue-une-reorientation-de-la-campagne-vers-les-attentes-citoyennes\/\" \/>\n<meta property=\"og:site_name\" content=\"info algerie\" \/>\n<meta property=\"article:publisher\" content=\"https:\/\/www.facebook.com\/infoalgerieactu\" \/>\n<meta property=\"article:published_time\" content=\"2017-04-17T10:16:11+00:00\" \/>\n<meta property=\"og:image\" content=\"https:\/\/www.info-algerie.com\/actualites\/wp-content\/uploads\/2017\/04\/870ae2a990112450e230f0246b403c95_S-1.jpg\" \/>\n\t<meta property=\"og:image:width\" content=\"150\" \/>\n\t<meta property=\"og:image:height\" content=\"97\" \/>\n\t<meta property=\"og:image:type\" content=\"image\/jpeg\" \/>\n<meta name=\"author\" content=\"La r\u00e9daction\" \/>\n<meta name=\"twitter:label1\" content=\"\u00c9crit par\" \/>\n\t<meta name=\"twitter:data1\" content=\"La r\u00e9daction\" \/>\n<script type=\"application\/ld+json\" class=\"yoast-schema-graph\">{\"@context\":\"https:\\\/\\\/schema.org\",\"@graph\":[{\"@type\":\"Article\",\"@id\":\"https:\\\/\\\/www.info-algerie.com\\\/actualites\\\/la-presse-oranaise-salue-une-reorientation-de-la-campagne-vers-les-attentes-citoyennes\\\/#article\",\"isPartOf\":{\"@id\":\"https:\\\/\\\/www.info-algerie.com\\\/actualites\\\/la-presse-oranaise-salue-une-reorientation-de-la-campagne-vers-les-attentes-citoyennes\\\/\"},\"author\":{\"name\":\"La r\u00e9daction\",\"@id\":\"https:\\\/\\\/www.info-algerie.com\\\/actualites\\\/#\\\/schema\\\/person\\\/847aaec44920825b843a08f30ec6aa1e\"},\"headline\":\"La presse oranaise salue &quot;une r\u00e9orientation&quot; de la campagne vers les attentes citoyennes\",\"datePublished\":\"2017-04-17T10:16:11+00:00\",\"mainEntityOfPage\":{\"@id\":\"https:\\\/\\\/www.info-algerie.com\\\/actualites\\\/la-presse-oranaise-salue-une-reorientation-de-la-campagne-vers-les-attentes-citoyennes\\\/\"},\"wordCount\":83,\"commentCount\":0,\"publisher\":{\"@id\":\"https:\\\/\\\/www.info-algerie.com\\\/actualites\\\/#organization\"},\"image\":{\"@id\":\"https:\\\/\\\/www.info-algerie.com\\\/actualites\\\/la-presse-oranaise-salue-une-reorientation-de-la-campagne-vers-les-attentes-citoyennes\\\/#primaryimage\"},\"thumbnailUrl\":\"https:\\\/\\\/www.info-algerie.com\\\/actualites\\\/wp-content\\\/uploads\\\/2017\\\/04\\\/870ae2a990112450e230f0246b403c95_S-1.jpg\",\"keywords\":[\"ONU\"],\"articleSection\":[\"infos\"],\"inLanguage\":\"fr-FR\",\"potentialAction\":[{\"@type\":\"CommentAction\",\"name\":\"Comment\",\"target\":[\"https:\\\/\\\/www.info-algerie.com\\\/actualites\\\/la-presse-oranaise-salue-une-reorientation-de-la-campagne-vers-les-attentes-citoyennes\\\/#respond\"]}]},{\"@type\":\"WebPage\",\"@id\":\"https:\\\/\\\/www.info-algerie.com\\\/actualites\\\/la-presse-oranaise-salue-une-reorientation-de-la-campagne-vers-les-attentes-citoyennes\\\/\",\"url\":\"https:\\\/\\\/www.info-algerie.com\\\/actualites\\\/la-presse-oranaise-salue-une-reorientation-de-la-campagne-vers-les-attentes-citoyennes\\\/\",\"name\":\"La presse oranaise salue &quot;une r\u00e9orientation&quot; de la campagne vers les attentes citoyennes - info algerie\",\"isPartOf\":{\"@id\":\"https:\\\/\\\/www.info-algerie.com\\\/actualites\\\/#website\"},\"primaryImageOfPage\":{\"@id\":\"https:\\\/\\\/www.info-algerie.com\\\/actualites\\\/la-presse-oranaise-salue-une-reorientation-de-la-campagne-vers-les-attentes-citoyennes\\\/#primaryimage\"},\"image\":{\"@id\":\"https:\\\/\\\/www.info-algerie.com\\\/actualites\\\/la-presse-oranaise-salue-une-reorientation-de-la-campagne-vers-les-attentes-citoyennes\\\/#primaryimage\"},\"thumbnailUrl\":\"https:\\\/\\\/www.info-algerie.com\\\/actualites\\\/wp-content\\\/uploads\\\/2017\\\/04\\\/870ae2a990112450e230f0246b403c95_S-1.jpg\",\"datePublished\":\"2017-04-17T10:16:11+00:00\",\"breadcrumb\":{\"@id\":\"https:\\\/\\\/www.info-algerie.com\\\/actualites\\\/la-presse-oranaise-salue-une-reorientation-de-la-campagne-vers-les-attentes-citoyennes\\\/#breadcrumb\"},\"inLanguage\":\"fr-FR\",\"potentialAction\":[{\"@type\":\"ReadAction\",\"target\":[\"https:\\\/\\\/www.info-algerie.com\\\/actualites\\\/la-presse-oranaise-salue-une-reorientation-de-la-campagne-vers-les-attentes-citoyennes\\\/\"]}]},{\"@type\":\"ImageObject\",\"inLanguage\":\"fr-FR\",\"@id\":\"https:\\\/\\\/www.info-algerie.com\\\/actualites\\\/la-presse-oranaise-salue-une-reorientation-de-la-campagne-vers-les-attentes-citoyennes\\\/#primaryimage\",\"url\":\"https:\\\/\\\/www.info-algerie.com\\\/actualites\\\/wp-content\\\/uploads\\\/2017\\\/04\\\/870ae2a990112450e230f0246b403c95_S-1.jpg\",\"contentUrl\":\"https:\\\/\\\/www.info-algerie.com\\\/actualites\\\/wp-content\\\/uploads\\\/2017\\\/04\\\/870ae2a990112450e230f0246b403c95_S-1.jpg\",\"width\":150,\"height\":97},{\"@type\":\"BreadcrumbList\",\"@id\":\"https:\\\/\\\/www.info-algerie.com\\\/actualites\\\/la-presse-oranaise-salue-une-reorientation-de-la-campagne-vers-les-attentes-citoyennes\\\/#breadcrumb\",\"itemListElement\":[{\"@type\":\"ListItem\",\"position\":1,\"name\":\"Accueil\",\"item\":\"https:\\\/\\\/www.info-algerie.com\\\/actualites\\\/\"},{\"@type\":\"ListItem\",\"position\":2,\"name\":\"La presse oranaise salue &quot;une r\u00e9orientation&quot; de la campagne vers les attentes citoyennes\"}]},{\"@type\":\"WebSite\",\"@id\":\"https:\\\/\\\/www.info-algerie.com\\\/actualites\\\/#website\",\"url\":\"https:\\\/\\\/www.info-algerie.com\\\/actualites\\\/\",\"name\":\"info algerie\",\"description\":\"Toutes les actualit\u00e9s\",\"publisher\":{\"@id\":\"https:\\\/\\\/www.info-algerie.com\\\/actualites\\\/#organization\"},\"potentialAction\":[{\"@type\":\"SearchAction\",\"target\":{\"@type\":\"EntryPoint\",\"urlTemplate\":\"https:\\\/\\\/www.info-algerie.com\\\/actualites\\\/?s={search_term_string}\"},\"query-input\":{\"@type\":\"PropertyValueSpecification\",\"valueRequired\":true,\"valueName\":\"search_term_string\"}}],\"inLanguage\":\"fr-FR\"},{\"@type\":\"Organization\",\"@id\":\"https:\\\/\\\/www.info-algerie.com\\\/actualites\\\/#organization\",\"name\":\"info algerie\",\"url\":\"https:\\\/\\\/www.info-algerie.com\\\/actualites\\\/\",\"logo\":{\"@type\":\"ImageObject\",\"inLanguage\":\"fr-FR\",\"@id\":\"https:\\\/\\\/www.info-algerie.com\\\/actualites\\\/#\\\/schema\\\/logo\\\/image\\\/\",\"url\":\"https:\\\/\\\/www.info-algerie.com\\\/actualites\\\/wp-content\\\/uploads\\\/2022\\\/07\\\/logo-ia-120.png\",\"contentUrl\":\"https:\\\/\\\/www.info-algerie.com\\\/actualites\\\/wp-content\\\/uploads\\\/2022\\\/07\\\/logo-ia-120.png\",\"width\":120,\"height\":43,\"caption\":\"info algerie\"},\"image\":{\"@id\":\"https:\\\/\\\/www.info-algerie.com\\\/actualites\\\/#\\\/schema\\\/logo\\\/image\\\/\"},\"sameAs\":[\"https:\\\/\\\/www.facebook.com\\\/infoalgerieactu\",\"https:\\\/\\\/x.com\\\/infoalgerie1\"]},{\"@type\":\"Person\",\"@id\":\"https:\\\/\\\/www.info-algerie.com\\\/actualites\\\/#\\\/schema\\\/person\\\/847aaec44920825b843a08f30ec6aa1e\",\"name\":\"La r\u00e9daction\",\"image\":{\"@type\":\"ImageObject\",\"inLanguage\":\"fr-FR\",\"@id\":\"https:\\\/\\\/secure.gravatar.com\\\/avatar\\\/769db425c6f465158149f1ffd6cf61ce7a8a879d11dfbef8288af36dfddd418c?s=96&d=mm&r=g\",\"url\":\"https:\\\/\\\/secure.gravatar.com\\\/avatar\\\/769db425c6f465158149f1ffd6cf61ce7a8a879d11dfbef8288af36dfddd418c?s=96&d=mm&r=g\",\"contentUrl\":\"https:\\\/\\\/secure.gravatar.com\\\/avatar\\\/769db425c6f465158149f1ffd6cf61ce7a8a879d11dfbef8288af36dfddd418c?s=96&d=mm&r=g\",\"caption\":\"La r\u00e9daction\"},\"sameAs\":[\"http:\\\/\\\/www.lkeria.com\\\/\"],\"url\":\"https:\\\/\\\/www.info-algerie.com\\\/actualites\\\/author\\\/chakib32\\\/\"}]}<\/script>\n<!-- \/ Yoast SEO plugin. -->","yoast_head_json":{"title":"La presse oranaise salue &quot;une r\u00e9orientation&quot; de la campagne vers les attentes citoyennes - info algerie","robots":{"index":"index","follow":"follow","max-snippet":"max-snippet:-1","max-image-preview":"max-image-preview:large","max-video-preview":"max-video-preview:-1"},"canonical":"https:\/\/www.info-algerie.com\/actualites\/la-presse-oranaise-salue-une-reorientation-de-la-campagne-vers-les-attentes-citoyennes\/","og_locale":"fr_FR","og_type":"article","og_title":"La presse oranaise salue &quot;une r\u00e9orientation&quot; de la campagne vers les attentes citoyennes - info algerie","og_description":"ORAN &#8211; Au 9\u00e8me jour de la campagne \u00e9lectorale pour les l\u00e9gislatives du 4 mai prochain, plusieurs journaux oranais s&rsquo;accordent \u00e0 \u00ab\u00a0positiver\u00a0\u00bb leurs points de vue par rapport aux efforts fournis par les candidats pour r\u00e9orienter leurs discours vers les attentes citoyennes. Ainsi, le quotidien \u00ab\u00a0Ouest Tribune\u00a0\u00bb appr\u00e9cie dans son\u2026 &#013; Source: La presse oranaise","og_url":"https:\/\/www.info-algerie.com\/actualites\/la-presse-oranaise-salue-une-reorientation-de-la-campagne-vers-les-attentes-citoyennes\/","og_site_name":"info algerie","article_publisher":"https:\/\/www.facebook.com\/infoalgerieactu","article_published_time":"2017-04-17T10:16:11+00:00","og_image":[{"width":150,"height":97,"url":"https:\/\/www.info-algerie.com\/actualites\/wp-content\/uploads\/2017\/04\/870ae2a990112450e230f0246b403c95_S-1.jpg","type":"image\/jpeg"}],"author":"La r\u00e9daction","twitter_misc":{"\u00c9crit par":"La r\u00e9daction"},"schema":{"@context":"https:\/\/schema.org","@graph":[{"@type":"Article","@id":"https:\/\/www.info-algerie.com\/actualites\/la-presse-oranaise-salue-une-reorientation-de-la-campagne-vers-les-attentes-citoyennes\/#article","isPartOf":{"@id":"https:\/\/www.info-algerie.com\/actualites\/la-presse-oranaise-salue-une-reorientation-de-la-campagne-vers-les-attentes-citoyennes\/"},"author":{"name":"La r\u00e9daction","@id":"https:\/\/www.info-algerie.com\/actualites\/#\/schema\/person\/847aaec44920825b843a08f30ec6aa1e"},"headline":"La presse oranaise salue &quot;une r\u00e9orientation&quot; de la campagne vers les attentes citoyennes","datePublished":"2017-04-17T10:16:11+00:00","mainEntityOfPage":{"@id":"https:\/\/www.info-algerie.com\/actualites\/la-presse-oranaise-salue-une-reorientation-de-la-campagne-vers-les-attentes-citoyennes\/"},"wordCount":83,"commentCount":0,"publisher":{"@id":"https:\/\/www.info-algerie.com\/actualites\/#organization"},"image":{"@id":"https:\/\/www.info-algerie.com\/actualites\/la-presse-oranaise-salue-une-reorientation-de-la-campagne-vers-les-attentes-citoyennes\/#primaryimage"},"thumbnailUrl":"https:\/\/www.info-algerie.com\/actualites\/wp-content\/uploads\/2017\/04\/870ae2a990112450e230f0246b403c95_S-1.jpg","keywords":["ONU"],"articleSection":["infos"],"inLanguage":"fr-FR","potentialAction":[{"@type":"CommentAction","name":"Comment","target":["https:\/\/www.info-algerie.com\/actualites\/la-presse-oranaise-salue-une-reorientation-de-la-campagne-vers-les-attentes-citoyennes\/#respond"]}]},{"@type":"WebPage","@id":"https:\/\/www.info-algerie.com\/actualites\/la-presse-oranaise-salue-une-reorientation-de-la-campagne-vers-les-attentes-citoyennes\/","url":"https:\/\/www.info-algerie.com\/actualites\/la-presse-oranaise-salue-une-reorientation-de-la-campagne-vers-les-attentes-citoyennes\/","name":"La presse oranaise salue &quot;une r\u00e9orientation&quot; de la campagne vers les attentes citoyennes - info algerie","isPartOf":{"@id":"https:\/\/www.info-algerie.com\/actualites\/#website"},"primaryImageOfPage":{"@id":"https:\/\/www.info-algerie.com\/actualites\/la-presse-oranaise-salue-une-reorientation-de-la-campagne-vers-les-attentes-citoyennes\/#primaryimage"},"image":{"@id":"https:\/\/www.info-algerie.com\/actualites\/la-presse-oranaise-salue-une-reorientation-de-la-campagne-vers-les-attentes-citoyennes\/#primaryimage"},"thumbnailUrl":"https:\/\/www.info-algerie.com\/actualites\/wp-content\/uploads\/2017\/04\/870ae2a990112450e230f0246b403c95_S-1.jpg","datePublished":"2017-04-17T10:16:11+00:00","breadcrumb":{"@id":"https:\/\/www.info-algerie.com\/actualites\/la-presse-oranaise-salue-une-reorientation-de-la-campagne-vers-les-attentes-citoyennes\/#breadcrumb"},"inLanguage":"fr-FR","potentialAction":[{"@type":"ReadAction","target":["https:\/\/www.info-algerie.com\/actualites\/la-presse-oranaise-salue-une-reorientation-de-la-campagne-vers-les-attentes-citoyennes\/"]}]},{"@type":"ImageObject","inLanguage":"fr-FR","@id":"https:\/\/www.info-algerie.com\/actualites\/la-presse-oranaise-salue-une-reorientation-de-la-campagne-vers-les-attentes-citoyennes\/#primaryimage","url":"https:\/\/www.info-algerie.com\/actualites\/wp-content\/uploads\/2017\/04\/870ae2a990112450e230f0246b403c95_S-1.jpg","contentUrl":"https:\/\/www.info-algerie.com\/actualites\/wp-content\/uploads\/2017\/04\/870ae2a990112450e230f0246b403c95_S-1.jpg","width":150,"height":97},{"@type":"BreadcrumbList","@id":"https:\/\/www.info-algerie.com\/actualites\/la-presse-oranaise-salue-une-reorientation-de-la-campagne-vers-les-attentes-citoyennes\/#breadcrumb","itemListElement":[{"@type":"ListItem","position":1,"name":"Accueil","item":"https:\/\/www.info-algerie.com\/actualites\/"},{"@type":"ListItem","position":2,"name":"La presse oranaise salue &quot;une r\u00e9orientation&quot; de la campagne vers les attentes citoyennes"}]},{"@type":"WebSite","@id":"https:\/\/www.info-algerie.com\/actualites\/#website","url":"https:\/\/www.info-algerie.com\/actualites\/","name":"info algerie","description":"Toutes les actualit\u00e9s","publisher":{"@id":"https:\/\/www.info-algerie.com\/actualites\/#organization"},"potentialAction":[{"@type":"SearchAction","target":{"@type":"EntryPoint","urlTemplate":"https:\/\/www.info-algerie.com\/actualites\/?s={search_term_string}"},"query-input":{"@type":"PropertyValueSpecification","valueRequired":true,"valueName":"search_term_string"}}],"inLanguage":"fr-FR"},{"@type":"Organization","@id":"https:\/\/www.info-algerie.com\/actualites\/#organization","name":"info algerie","url":"https:\/\/www.info-algerie.com\/actualites\/","logo":{"@type":"ImageObject","inLanguage":"fr-FR","@id":"https:\/\/www.info-algerie.com\/actualites\/#\/schema\/logo\/image\/","url":"https:\/\/www.info-algerie.com\/actualites\/wp-content\/uploads\/2022\/07\/logo-ia-120.png","contentUrl":"https:\/\/www.info-algerie.com\/actualites\/wp-content\/uploads\/2022\/07\/logo-ia-120.png","width":120,"height":43,"caption":"info algerie"},"image":{"@id":"https:\/\/www.info-algerie.com\/actualites\/#\/schema\/logo\/image\/"},"sameAs":["https:\/\/www.facebook.com\/infoalgerieactu","https:\/\/x.com\/infoalgerie1"]},{"@type":"Person","@id":"https:\/\/www.info-algerie.com\/actualites\/#\/schema\/person\/847aaec44920825b843a08f30ec6aa1e","name":"La r\u00e9daction","image":{"@type":"ImageObject","inLanguage":"fr-FR","@id":"https:\/\/secure.gravatar.com\/avatar\/769db425c6f465158149f1ffd6cf61ce7a8a879d11dfbef8288af36dfddd418c?s=96&d=mm&r=g","url":"https:\/\/secure.gravatar.com\/avatar\/769db425c6f465158149f1ffd6cf61ce7a8a879d11dfbef8288af36dfddd418c?s=96&d=mm&r=g","contentUrl":"https:\/\/secure.gravatar.com\/avatar\/769db425c6f465158149f1ffd6cf61ce7a8a879d11dfbef8288af36dfddd418c?s=96&d=mm&r=g","caption":"La r\u00e9daction"},"sameAs":["http:\/\/www.lkeria.com\/"],"url":"https:\/\/www.info-algerie.com\/actualites\/author\/chakib32\/"}]}},"_links":{"self":[{"href":"https:\/\/www.info-algerie.com\/actualites\/wp-json\/wp\/v2\/posts\/10413","targetHints":{"allow":["GET"]}}],"collection":[{"href":"https:\/\/www.info-algerie.com\/actualites\/wp-json\/wp\/v2\/posts"}],"about":[{"href":"https:\/\/www.info-algerie.com\/actualites\/wp-json\/wp\/v2\/types\/post"}],"author":[{"embeddable":true,"href":"https:\/\/www.info-algerie.com\/actualites\/wp-json\/wp\/v2\/users\/6"}],"replies":[{"embeddable":true,"href":"https:\/\/www.info-algerie.com\/actualites\/wp-json\/wp\/v2\/comments?post=10413"}],"version-history":[{"count":0,"href":"https:\/\/www.info-algerie.com\/actualites\/wp-json\/wp\/v2\/posts\/10413\/revisions"}],"wp:featuredmedia":[{"embeddable":true,"href":"https:\/\/www.info-algerie.com\/actualites\/wp-json\/wp\/v2\/media\/10414"}],"wp:attachment":[{"href":"https:\/\/www.info-algerie.com\/actualites\/wp-json\/wp\/v2\/media?parent=10413"}],"wp:term":[{"taxonomy":"category","embeddable":true,"href":"https:\/\/www.info-algerie.com\/actualites\/wp-json\/wp\/v2\/categories?post=10413"},{"taxonomy":"post_tag","embeddable":true,"href":"https:\/\/www.info-algerie.com\/actualites\/wp-json\/wp\/v2\/tags?post=10413"}],"curies":[{"name":"wp","href":"https:\/\/api.w.org\/{rel}","templated":true}]}}