{"id":10419,"date":"2017-04-17T10:37:58","date_gmt":"2017-04-17T09:37:58","guid":{"rendered":"http:\/\/www.info-algerie.com\/actualites\/sahli-appelle-a-preserver-les-acquis-constitutionnels-et-a-defendre-les-institutions-de-la-republique\/"},"modified":"2017-04-17T10:37:58","modified_gmt":"2017-04-17T09:37:58","slug":"sahli-appelle-a-preserver-les-acquis-constitutionnels-et-a-defendre-les-institutions-de-la-republique","status":"publish","type":"post","link":"https:\/\/www.info-algerie.com\/actualites\/sahli-appelle-a-preserver-les-acquis-constitutionnels-et-a-defendre-les-institutions-de-la-republique\/","title":{"rendered":"Sahli appelle \u00e0 pr\u00e9server les acquis constitutionnels et \u00e0 d\u00e9fendre les institutions de la R\u00e9publique"},"content":{"rendered":"<div class=\"K2FeedImage\"><img decoding=\"async\" src=\"https:\/\/www.info-algerie.com\/actualites\/wp-content\/uploads\/2017\/04\/732857099352656c7c8c6beb8306f892_S.jpg\" alt=\"Sahli appelle &#xE0; pr&#xE9;server les acquis constitutionnels et &#xE0; d&#xE9;fendre les institutions de la R&#xE9;publique\" \/><\/div>\n<div class=\"K2FeedIntroText\"> TIARET &#8211; Le pr\u00e9sident de l\u2019Alliance nationale r\u00e9publicaine (ANR), Belkacem Sahli, a appel\u00e9, dimanche \u00e0 partir de Tiaret, \u00e0 pr\u00e9server les acquis constitutionnels et \u00e0 d\u00e9fendre les institutions de la R\u00e9publique. Lors d\u2019une rencontre, tenue \u00e0 Sougueur dans le cadre de la campagne \u00e9lectorale, le responsable de l\u2019ANR a estim\u00e9\u2026<\/div>\n<p>&#013;<br \/>\nSource: <a href=\"http:\/\/www.aps.dz\/algerie\/56269-sahli-appelle-%C3%A0-pr%C3%A9server-les-acquis-constitutionnels-et-%C3%A0-d%C3%A9fendre-les-institutions-de-la-r%C3%A9publique\" target=\"_blank\">Sahli appelle \u00e0 pr\u00e9server les acquis constitutionnels et \u00e0 d\u00e9fendre les institutions de la R\u00e9publique<\/a><\/p>\n<!--CusAds0-->\n<div style=\"font-size: 0px; height: 0px; line-height: 0px; margin: 0; padding: 0; clear: both;\"><\/div>","protected":false},"excerpt":{"rendered":"<p>TIARET &#8211; Le pr\u00e9sident de l\u2019Alliance nationale r\u00e9publicaine (ANR), Belkacem Sahli, a appel\u00e9, dimanche \u00e0 partir de Tiaret, \u00e0 pr\u00e9server les acquis constitutionnels et \u00e0 d\u00e9fendre les institutions de la R\u00e9publique. Lors d\u2019une rencontre, tenue \u00e0 Sougueur dans le cadre de la campagne \u00e9lectorale, le responsable de l\u2019ANR a estim\u00e9\u2026 &#013; Source: Sahli appelle \u00e0<\/p>\n","protected":false},"author":6,"featured_media":10420,"comment_status":"open","ping_status":"open","sticky":false,"template":"","format":"standard","meta":{"footnotes":""},"categories":[22],"tags":[93],"class_list":["post-10419","post","type-post","status-publish","format-standard","has-post-thumbnail","hentry","category-infos","tag-onu"],"yoast_head":"<!-- This site is optimized with the Yoast SEO plugin v27.5 - https:\/\/yoast.com\/product\/yoast-seo-wordpress\/ -->\n<title>Sahli appelle \u00e0 pr\u00e9server les acquis constitutionnels et \u00e0 d\u00e9fendre les institutions de la R\u00e9publique - info algerie<\/title>\n<meta name=\"robots\" content=\"index, follow, max-snippet:-1, max-image-preview:large, max-video-preview:-1\" \/>\n<link rel=\"canonical\" href=\"https:\/\/www.info-algerie.com\/actualites\/sahli-appelle-a-preserver-les-acquis-constitutionnels-et-a-defendre-les-institutions-de-la-republique\/\" \/>\n<meta property=\"og:locale\" content=\"fr_FR\" \/>\n<meta property=\"og:type\" content=\"article\" \/>\n<meta property=\"og:title\" content=\"Sahli appelle \u00e0 pr\u00e9server les acquis constitutionnels et \u00e0 d\u00e9fendre les institutions de la R\u00e9publique - info algerie\" \/>\n<meta property=\"og:description\" content=\"TIARET &#8211; Le pr\u00e9sident de l\u2019Alliance nationale r\u00e9publicaine (ANR), Belkacem Sahli, a appel\u00e9, dimanche \u00e0 partir de Tiaret, \u00e0 pr\u00e9server les acquis constitutionnels et \u00e0 d\u00e9fendre les institutions de la R\u00e9publique. Lors d\u2019une rencontre, tenue \u00e0 Sougueur dans le cadre de la campagne \u00e9lectorale, le responsable de l\u2019ANR a estim\u00e9\u2026 &#013; Source: Sahli appelle \u00e0\" \/>\n<meta property=\"og:url\" content=\"https:\/\/www.info-algerie.com\/actualites\/sahli-appelle-a-preserver-les-acquis-constitutionnels-et-a-defendre-les-institutions-de-la-republique\/\" \/>\n<meta property=\"og:site_name\" content=\"info algerie\" \/>\n<meta property=\"article:publisher\" content=\"https:\/\/www.facebook.com\/infoalgerieactu\" \/>\n<meta property=\"article:published_time\" content=\"2017-04-17T09:37:58+00:00\" \/>\n<meta property=\"og:image\" content=\"https:\/\/www.info-algerie.com\/actualites\/wp-content\/uploads\/2017\/04\/732857099352656c7c8c6beb8306f892_S-1.jpg\" \/>\n\t<meta property=\"og:image:width\" content=\"150\" \/>\n\t<meta property=\"og:image:height\" content=\"85\" \/>\n\t<meta property=\"og:image:type\" content=\"image\/jpeg\" \/>\n<meta name=\"author\" content=\"La r\u00e9daction\" \/>\n<meta name=\"twitter:label1\" content=\"\u00c9crit par\" \/>\n\t<meta name=\"twitter:data1\" content=\"La r\u00e9daction\" \/>\n<script type=\"application\/ld+json\" class=\"yoast-schema-graph\">{\"@context\":\"https:\\\/\\\/schema.org\",\"@graph\":[{\"@type\":\"Article\",\"@id\":\"https:\\\/\\\/www.info-algerie.com\\\/actualites\\\/sahli-appelle-a-preserver-les-acquis-constitutionnels-et-a-defendre-les-institutions-de-la-republique\\\/#article\",\"isPartOf\":{\"@id\":\"https:\\\/\\\/www.info-algerie.com\\\/actualites\\\/sahli-appelle-a-preserver-les-acquis-constitutionnels-et-a-defendre-les-institutions-de-la-republique\\\/\"},\"author\":{\"name\":\"La r\u00e9daction\",\"@id\":\"https:\\\/\\\/www.info-algerie.com\\\/actualites\\\/#\\\/schema\\\/person\\\/847aaec44920825b843a08f30ec6aa1e\"},\"headline\":\"Sahli appelle \u00e0 pr\u00e9server les acquis constitutionnels et \u00e0 d\u00e9fendre les institutions de la R\u00e9publique\",\"datePublished\":\"2017-04-17T09:37:58+00:00\",\"mainEntityOfPage\":{\"@id\":\"https:\\\/\\\/www.info-algerie.com\\\/actualites\\\/sahli-appelle-a-preserver-les-acquis-constitutionnels-et-a-defendre-les-institutions-de-la-republique\\\/\"},\"wordCount\":87,\"commentCount\":0,\"publisher\":{\"@id\":\"https:\\\/\\\/www.info-algerie.com\\\/actualites\\\/#organization\"},\"image\":{\"@id\":\"https:\\\/\\\/www.info-algerie.com\\\/actualites\\\/sahli-appelle-a-preserver-les-acquis-constitutionnels-et-a-defendre-les-institutions-de-la-republique\\\/#primaryimage\"},\"thumbnailUrl\":\"https:\\\/\\\/www.info-algerie.com\\\/actualites\\\/wp-content\\\/uploads\\\/2017\\\/04\\\/732857099352656c7c8c6beb8306f892_S-1.jpg\",\"keywords\":[\"ONU\"],\"articleSection\":[\"infos\"],\"inLanguage\":\"fr-FR\",\"potentialAction\":[{\"@type\":\"CommentAction\",\"name\":\"Comment\",\"target\":[\"https:\\\/\\\/www.info-algerie.com\\\/actualites\\\/sahli-appelle-a-preserver-les-acquis-constitutionnels-et-a-defendre-les-institutions-de-la-republique\\\/#respond\"]}]},{\"@type\":\"WebPage\",\"@id\":\"https:\\\/\\\/www.info-algerie.com\\\/actualites\\\/sahli-appelle-a-preserver-les-acquis-constitutionnels-et-a-defendre-les-institutions-de-la-republique\\\/\",\"url\":\"https:\\\/\\\/www.info-algerie.com\\\/actualites\\\/sahli-appelle-a-preserver-les-acquis-constitutionnels-et-a-defendre-les-institutions-de-la-republique\\\/\",\"name\":\"Sahli appelle \u00e0 pr\u00e9server les acquis constitutionnels et \u00e0 d\u00e9fendre les institutions de la R\u00e9publique - info algerie\",\"isPartOf\":{\"@id\":\"https:\\\/\\\/www.info-algerie.com\\\/actualites\\\/#website\"},\"primaryImageOfPage\":{\"@id\":\"https:\\\/\\\/www.info-algerie.com\\\/actualites\\\/sahli-appelle-a-preserver-les-acquis-constitutionnels-et-a-defendre-les-institutions-de-la-republique\\\/#primaryimage\"},\"image\":{\"@id\":\"https:\\\/\\\/www.info-algerie.com\\\/actualites\\\/sahli-appelle-a-preserver-les-acquis-constitutionnels-et-a-defendre-les-institutions-de-la-republique\\\/#primaryimage\"},\"thumbnailUrl\":\"https:\\\/\\\/www.info-algerie.com\\\/actualites\\\/wp-content\\\/uploads\\\/2017\\\/04\\\/732857099352656c7c8c6beb8306f892_S-1.jpg\",\"datePublished\":\"2017-04-17T09:37:58+00:00\",\"breadcrumb\":{\"@id\":\"https:\\\/\\\/www.info-algerie.com\\\/actualites\\\/sahli-appelle-a-preserver-les-acquis-constitutionnels-et-a-defendre-les-institutions-de-la-republique\\\/#breadcrumb\"},\"inLanguage\":\"fr-FR\",\"potentialAction\":[{\"@type\":\"ReadAction\",\"target\":[\"https:\\\/\\\/www.info-algerie.com\\\/actualites\\\/sahli-appelle-a-preserver-les-acquis-constitutionnels-et-a-defendre-les-institutions-de-la-republique\\\/\"]}]},{\"@type\":\"ImageObject\",\"inLanguage\":\"fr-FR\",\"@id\":\"https:\\\/\\\/www.info-algerie.com\\\/actualites\\\/sahli-appelle-a-preserver-les-acquis-constitutionnels-et-a-defendre-les-institutions-de-la-republique\\\/#primaryimage\",\"url\":\"https:\\\/\\\/www.info-algerie.com\\\/actualites\\\/wp-content\\\/uploads\\\/2017\\\/04\\\/732857099352656c7c8c6beb8306f892_S-1.jpg\",\"contentUrl\":\"https:\\\/\\\/www.info-algerie.com\\\/actualites\\\/wp-content\\\/uploads\\\/2017\\\/04\\\/732857099352656c7c8c6beb8306f892_S-1.jpg\",\"width\":150,\"height\":85},{\"@type\":\"BreadcrumbList\",\"@id\":\"https:\\\/\\\/www.info-algerie.com\\\/actualites\\\/sahli-appelle-a-preserver-les-acquis-constitutionnels-et-a-defendre-les-institutions-de-la-republique\\\/#breadcrumb\",\"itemListElement\":[{\"@type\":\"ListItem\",\"position\":1,\"name\":\"Accueil\",\"item\":\"https:\\\/\\\/www.info-algerie.com\\\/actualites\\\/\"},{\"@type\":\"ListItem\",\"position\":2,\"name\":\"Sahli appelle \u00e0 pr\u00e9server les acquis constitutionnels et \u00e0 d\u00e9fendre les institutions de la R\u00e9publique\"}]},{\"@type\":\"WebSite\",\"@id\":\"https:\\\/\\\/www.info-algerie.com\\\/actualites\\\/#website\",\"url\":\"https:\\\/\\\/www.info-algerie.com\\\/actualites\\\/\",\"name\":\"info algerie\",\"description\":\"Toutes les actualit\u00e9s\",\"publisher\":{\"@id\":\"https:\\\/\\\/www.info-algerie.com\\\/actualites\\\/#organization\"},\"potentialAction\":[{\"@type\":\"SearchAction\",\"target\":{\"@type\":\"EntryPoint\",\"urlTemplate\":\"https:\\\/\\\/www.info-algerie.com\\\/actualites\\\/?s={search_term_string}\"},\"query-input\":{\"@type\":\"PropertyValueSpecification\",\"valueRequired\":true,\"valueName\":\"search_term_string\"}}],\"inLanguage\":\"fr-FR\"},{\"@type\":\"Organization\",\"@id\":\"https:\\\/\\\/www.info-algerie.com\\\/actualites\\\/#organization\",\"name\":\"info algerie\",\"url\":\"https:\\\/\\\/www.info-algerie.com\\\/actualites\\\/\",\"logo\":{\"@type\":\"ImageObject\",\"inLanguage\":\"fr-FR\",\"@id\":\"https:\\\/\\\/www.info-algerie.com\\\/actualites\\\/#\\\/schema\\\/logo\\\/image\\\/\",\"url\":\"https:\\\/\\\/www.info-algerie.com\\\/actualites\\\/wp-content\\\/uploads\\\/2022\\\/07\\\/logo-ia-120.png\",\"contentUrl\":\"https:\\\/\\\/www.info-algerie.com\\\/actualites\\\/wp-content\\\/uploads\\\/2022\\\/07\\\/logo-ia-120.png\",\"width\":120,\"height\":43,\"caption\":\"info algerie\"},\"image\":{\"@id\":\"https:\\\/\\\/www.info-algerie.com\\\/actualites\\\/#\\\/schema\\\/logo\\\/image\\\/\"},\"sameAs\":[\"https:\\\/\\\/www.facebook.com\\\/infoalgerieactu\",\"https:\\\/\\\/x.com\\\/infoalgerie1\"]},{\"@type\":\"Person\",\"@id\":\"https:\\\/\\\/www.info-algerie.com\\\/actualites\\\/#\\\/schema\\\/person\\\/847aaec44920825b843a08f30ec6aa1e\",\"name\":\"La r\u00e9daction\",\"image\":{\"@type\":\"ImageObject\",\"inLanguage\":\"fr-FR\",\"@id\":\"https:\\\/\\\/secure.gravatar.com\\\/avatar\\\/769db425c6f465158149f1ffd6cf61ce7a8a879d11dfbef8288af36dfddd418c?s=96&d=mm&r=g\",\"url\":\"https:\\\/\\\/secure.gravatar.com\\\/avatar\\\/769db425c6f465158149f1ffd6cf61ce7a8a879d11dfbef8288af36dfddd418c?s=96&d=mm&r=g\",\"contentUrl\":\"https:\\\/\\\/secure.gravatar.com\\\/avatar\\\/769db425c6f465158149f1ffd6cf61ce7a8a879d11dfbef8288af36dfddd418c?s=96&d=mm&r=g\",\"caption\":\"La r\u00e9daction\"},\"sameAs\":[\"http:\\\/\\\/www.lkeria.com\\\/\"],\"url\":\"https:\\\/\\\/www.info-algerie.com\\\/actualites\\\/author\\\/chakib32\\\/\"}]}<\/script>\n<!-- \/ Yoast SEO plugin. -->","yoast_head_json":{"title":"Sahli appelle \u00e0 pr\u00e9server les acquis constitutionnels et \u00e0 d\u00e9fendre les institutions de la R\u00e9publique - info algerie","robots":{"index":"index","follow":"follow","max-snippet":"max-snippet:-1","max-image-preview":"max-image-preview:large","max-video-preview":"max-video-preview:-1"},"canonical":"https:\/\/www.info-algerie.com\/actualites\/sahli-appelle-a-preserver-les-acquis-constitutionnels-et-a-defendre-les-institutions-de-la-republique\/","og_locale":"fr_FR","og_type":"article","og_title":"Sahli appelle \u00e0 pr\u00e9server les acquis constitutionnels et \u00e0 d\u00e9fendre les institutions de la R\u00e9publique - info algerie","og_description":"TIARET &#8211; Le pr\u00e9sident de l\u2019Alliance nationale r\u00e9publicaine (ANR), Belkacem Sahli, a appel\u00e9, dimanche \u00e0 partir de Tiaret, \u00e0 pr\u00e9server les acquis constitutionnels et \u00e0 d\u00e9fendre les institutions de la R\u00e9publique. Lors d\u2019une rencontre, tenue \u00e0 Sougueur dans le cadre de la campagne \u00e9lectorale, le responsable de l\u2019ANR a estim\u00e9\u2026 &#013; Source: Sahli appelle \u00e0","og_url":"https:\/\/www.info-algerie.com\/actualites\/sahli-appelle-a-preserver-les-acquis-constitutionnels-et-a-defendre-les-institutions-de-la-republique\/","og_site_name":"info algerie","article_publisher":"https:\/\/www.facebook.com\/infoalgerieactu","article_published_time":"2017-04-17T09:37:58+00:00","og_image":[{"width":150,"height":85,"url":"https:\/\/www.info-algerie.com\/actualites\/wp-content\/uploads\/2017\/04\/732857099352656c7c8c6beb8306f892_S-1.jpg","type":"image\/jpeg"}],"author":"La r\u00e9daction","twitter_misc":{"\u00c9crit par":"La r\u00e9daction"},"schema":{"@context":"https:\/\/schema.org","@graph":[{"@type":"Article","@id":"https:\/\/www.info-algerie.com\/actualites\/sahli-appelle-a-preserver-les-acquis-constitutionnels-et-a-defendre-les-institutions-de-la-republique\/#article","isPartOf":{"@id":"https:\/\/www.info-algerie.com\/actualites\/sahli-appelle-a-preserver-les-acquis-constitutionnels-et-a-defendre-les-institutions-de-la-republique\/"},"author":{"name":"La r\u00e9daction","@id":"https:\/\/www.info-algerie.com\/actualites\/#\/schema\/person\/847aaec44920825b843a08f30ec6aa1e"},"headline":"Sahli appelle \u00e0 pr\u00e9server les acquis constitutionnels et \u00e0 d\u00e9fendre les institutions de la R\u00e9publique","datePublished":"2017-04-17T09:37:58+00:00","mainEntityOfPage":{"@id":"https:\/\/www.info-algerie.com\/actualites\/sahli-appelle-a-preserver-les-acquis-constitutionnels-et-a-defendre-les-institutions-de-la-republique\/"},"wordCount":87,"commentCount":0,"publisher":{"@id":"https:\/\/www.info-algerie.com\/actualites\/#organization"},"image":{"@id":"https:\/\/www.info-algerie.com\/actualites\/sahli-appelle-a-preserver-les-acquis-constitutionnels-et-a-defendre-les-institutions-de-la-republique\/#primaryimage"},"thumbnailUrl":"https:\/\/www.info-algerie.com\/actualites\/wp-content\/uploads\/2017\/04\/732857099352656c7c8c6beb8306f892_S-1.jpg","keywords":["ONU"],"articleSection":["infos"],"inLanguage":"fr-FR","potentialAction":[{"@type":"CommentAction","name":"Comment","target":["https:\/\/www.info-algerie.com\/actualites\/sahli-appelle-a-preserver-les-acquis-constitutionnels-et-a-defendre-les-institutions-de-la-republique\/#respond"]}]},{"@type":"WebPage","@id":"https:\/\/www.info-algerie.com\/actualites\/sahli-appelle-a-preserver-les-acquis-constitutionnels-et-a-defendre-les-institutions-de-la-republique\/","url":"https:\/\/www.info-algerie.com\/actualites\/sahli-appelle-a-preserver-les-acquis-constitutionnels-et-a-defendre-les-institutions-de-la-republique\/","name":"Sahli appelle \u00e0 pr\u00e9server les acquis constitutionnels et \u00e0 d\u00e9fendre les institutions de la R\u00e9publique - info algerie","isPartOf":{"@id":"https:\/\/www.info-algerie.com\/actualites\/#website"},"primaryImageOfPage":{"@id":"https:\/\/www.info-algerie.com\/actualites\/sahli-appelle-a-preserver-les-acquis-constitutionnels-et-a-defendre-les-institutions-de-la-republique\/#primaryimage"},"image":{"@id":"https:\/\/www.info-algerie.com\/actualites\/sahli-appelle-a-preserver-les-acquis-constitutionnels-et-a-defendre-les-institutions-de-la-republique\/#primaryimage"},"thumbnailUrl":"https:\/\/www.info-algerie.com\/actualites\/wp-content\/uploads\/2017\/04\/732857099352656c7c8c6beb8306f892_S-1.jpg","datePublished":"2017-04-17T09:37:58+00:00","breadcrumb":{"@id":"https:\/\/www.info-algerie.com\/actualites\/sahli-appelle-a-preserver-les-acquis-constitutionnels-et-a-defendre-les-institutions-de-la-republique\/#breadcrumb"},"inLanguage":"fr-FR","potentialAction":[{"@type":"ReadAction","target":["https:\/\/www.info-algerie.com\/actualites\/sahli-appelle-a-preserver-les-acquis-constitutionnels-et-a-defendre-les-institutions-de-la-republique\/"]}]},{"@type":"ImageObject","inLanguage":"fr-FR","@id":"https:\/\/www.info-algerie.com\/actualites\/sahli-appelle-a-preserver-les-acquis-constitutionnels-et-a-defendre-les-institutions-de-la-republique\/#primaryimage","url":"https:\/\/www.info-algerie.com\/actualites\/wp-content\/uploads\/2017\/04\/732857099352656c7c8c6beb8306f892_S-1.jpg","contentUrl":"https:\/\/www.info-algerie.com\/actualites\/wp-content\/uploads\/2017\/04\/732857099352656c7c8c6beb8306f892_S-1.jpg","width":150,"height":85},{"@type":"BreadcrumbList","@id":"https:\/\/www.info-algerie.com\/actualites\/sahli-appelle-a-preserver-les-acquis-constitutionnels-et-a-defendre-les-institutions-de-la-republique\/#breadcrumb","itemListElement":[{"@type":"ListItem","position":1,"name":"Accueil","item":"https:\/\/www.info-algerie.com\/actualites\/"},{"@type":"ListItem","position":2,"name":"Sahli appelle \u00e0 pr\u00e9server les acquis constitutionnels et \u00e0 d\u00e9fendre les institutions de la R\u00e9publique"}]},{"@type":"WebSite","@id":"https:\/\/www.info-algerie.com\/actualites\/#website","url":"https:\/\/www.info-algerie.com\/actualites\/","name":"info algerie","description":"Toutes les actualit\u00e9s","publisher":{"@id":"https:\/\/www.info-algerie.com\/actualites\/#organization"},"potentialAction":[{"@type":"SearchAction","target":{"@type":"EntryPoint","urlTemplate":"https:\/\/www.info-algerie.com\/actualites\/?s={search_term_string}"},"query-input":{"@type":"PropertyValueSpecification","valueRequired":true,"valueName":"search_term_string"}}],"inLanguage":"fr-FR"},{"@type":"Organization","@id":"https:\/\/www.info-algerie.com\/actualites\/#organization","name":"info algerie","url":"https:\/\/www.info-algerie.com\/actualites\/","logo":{"@type":"ImageObject","inLanguage":"fr-FR","@id":"https:\/\/www.info-algerie.com\/actualites\/#\/schema\/logo\/image\/","url":"https:\/\/www.info-algerie.com\/actualites\/wp-content\/uploads\/2022\/07\/logo-ia-120.png","contentUrl":"https:\/\/www.info-algerie.com\/actualites\/wp-content\/uploads\/2022\/07\/logo-ia-120.png","width":120,"height":43,"caption":"info algerie"},"image":{"@id":"https:\/\/www.info-algerie.com\/actualites\/#\/schema\/logo\/image\/"},"sameAs":["https:\/\/www.facebook.com\/infoalgerieactu","https:\/\/x.com\/infoalgerie1"]},{"@type":"Person","@id":"https:\/\/www.info-algerie.com\/actualites\/#\/schema\/person\/847aaec44920825b843a08f30ec6aa1e","name":"La r\u00e9daction","image":{"@type":"ImageObject","inLanguage":"fr-FR","@id":"https:\/\/secure.gravatar.com\/avatar\/769db425c6f465158149f1ffd6cf61ce7a8a879d11dfbef8288af36dfddd418c?s=96&d=mm&r=g","url":"https:\/\/secure.gravatar.com\/avatar\/769db425c6f465158149f1ffd6cf61ce7a8a879d11dfbef8288af36dfddd418c?s=96&d=mm&r=g","contentUrl":"https:\/\/secure.gravatar.com\/avatar\/769db425c6f465158149f1ffd6cf61ce7a8a879d11dfbef8288af36dfddd418c?s=96&d=mm&r=g","caption":"La r\u00e9daction"},"sameAs":["http:\/\/www.lkeria.com\/"],"url":"https:\/\/www.info-algerie.com\/actualites\/author\/chakib32\/"}]}},"_links":{"self":[{"href":"https:\/\/www.info-algerie.com\/actualites\/wp-json\/wp\/v2\/posts\/10419","targetHints":{"allow":["GET"]}}],"collection":[{"href":"https:\/\/www.info-algerie.com\/actualites\/wp-json\/wp\/v2\/posts"}],"about":[{"href":"https:\/\/www.info-algerie.com\/actualites\/wp-json\/wp\/v2\/types\/post"}],"author":[{"embeddable":true,"href":"https:\/\/www.info-algerie.com\/actualites\/wp-json\/wp\/v2\/users\/6"}],"replies":[{"embeddable":true,"href":"https:\/\/www.info-algerie.com\/actualites\/wp-json\/wp\/v2\/comments?post=10419"}],"version-history":[{"count":0,"href":"https:\/\/www.info-algerie.com\/actualites\/wp-json\/wp\/v2\/posts\/10419\/revisions"}],"wp:featuredmedia":[{"embeddable":true,"href":"https:\/\/www.info-algerie.com\/actualites\/wp-json\/wp\/v2\/media\/10420"}],"wp:attachment":[{"href":"https:\/\/www.info-algerie.com\/actualites\/wp-json\/wp\/v2\/media?parent=10419"}],"wp:term":[{"taxonomy":"category","embeddable":true,"href":"https:\/\/www.info-algerie.com\/actualites\/wp-json\/wp\/v2\/categories?post=10419"},{"taxonomy":"post_tag","embeddable":true,"href":"https:\/\/www.info-algerie.com\/actualites\/wp-json\/wp\/v2\/tags?post=10419"}],"curies":[{"name":"wp","href":"https:\/\/api.w.org\/{rel}","templated":true}]}}