{"id":10435,"date":"2017-04-17T15:24:48","date_gmt":"2017-04-17T14:24:48","guid":{"rendered":"http:\/\/www.info-algerie.com\/actualites\/legislatives-2017-en-espagne-les-candidats-privilegient-le-contact-direct-avec-la-communaute\/"},"modified":"2017-04-17T15:24:48","modified_gmt":"2017-04-17T14:24:48","slug":"legislatives-2017-en-espagne-les-candidats-privilegient-le-contact-direct-avec-la-communaute","status":"publish","type":"post","link":"https:\/\/www.info-algerie.com\/actualites\/legislatives-2017-en-espagne-les-candidats-privilegient-le-contact-direct-avec-la-communaute\/","title":{"rendered":"L\u00e9gislatives 2017 en Espagne: Les candidats privil\u00e9gient le contact direct  avec la communaut\u00e9"},"content":{"rendered":"<div class=\"K2FeedImage\"><img decoding=\"async\" src=\"https:\/\/www.info-algerie.com\/actualites\/wp-content\/uploads\/2017\/04\/35096b732f154b788a644e4e90694a9c_S.jpg\" alt=\"L&#xE9;gislatives 2017 en Espagne: Les candidats privil&#xE9;gient le contact direct  avec la communaut&#xE9;\" \/><\/div>\n<div class=\"K2FeedIntroText\"> MADRID- La campagne \u00e9lectorale pour les \u00e9lections l\u00e9gislatives du 4 mai prochain se poursuit en Espagne \u00e0 rythme plus soutenu que lors de sa premi\u00e8re semaine \u00e0 travers les sorties des candidats qui pr\u00e9f\u00e8rent avoir un contact direct avec les membres de la communaut\u00e9 nationale. Les trois candidats, t\u00eate de\u2026<\/div>\n<p>&#013;<br \/>\nSource: <a href=\"http:\/\/www.aps.dz\/algerie\/56295-l%C3%A9gislatives-2017-en-espagne-les-candidats-privil%C3%A9gient-le-contact-direct-avec-la-communaut%C3%A9\" target=\"_blank\">L\u00e9gislatives 2017 en Espagne: Les candidats privil\u00e9gient le contact direct  avec la communaut\u00e9<\/a><\/p>\n<!--CusAds0-->\n<div style=\"font-size: 0px; height: 0px; line-height: 0px; margin: 0; padding: 0; clear: both;\"><\/div>","protected":false},"excerpt":{"rendered":"<p>MADRID- La campagne \u00e9lectorale pour les \u00e9lections l\u00e9gislatives du 4 mai prochain se poursuit en Espagne \u00e0 rythme plus soutenu que lors de sa premi\u00e8re semaine \u00e0 travers les sorties des candidats qui pr\u00e9f\u00e8rent avoir un contact direct avec les membres de la communaut\u00e9 nationale. Les trois candidats, t\u00eate de\u2026 &#013; Source: L\u00e9gislatives 2017 en<\/p>\n","protected":false},"author":6,"featured_media":10436,"comment_status":"open","ping_status":"open","sticky":false,"template":"","format":"standard","meta":{"footnotes":""},"categories":[22],"tags":[93],"class_list":["post-10435","post","type-post","status-publish","format-standard","has-post-thumbnail","hentry","category-infos","tag-onu"],"yoast_head":"<!-- This site is optimized with the Yoast SEO plugin v27.5 - https:\/\/yoast.com\/product\/yoast-seo-wordpress\/ -->\n<title>L\u00e9gislatives 2017 en Espagne: Les candidats privil\u00e9gient le contact direct avec la communaut\u00e9 - info algerie<\/title>\n<meta name=\"robots\" content=\"index, follow, max-snippet:-1, max-image-preview:large, max-video-preview:-1\" \/>\n<link rel=\"canonical\" href=\"https:\/\/www.info-algerie.com\/actualites\/legislatives-2017-en-espagne-les-candidats-privilegient-le-contact-direct-avec-la-communaute\/\" \/>\n<meta property=\"og:locale\" content=\"fr_FR\" \/>\n<meta property=\"og:type\" content=\"article\" \/>\n<meta property=\"og:title\" content=\"L\u00e9gislatives 2017 en Espagne: Les candidats privil\u00e9gient le contact direct avec la communaut\u00e9 - info algerie\" \/>\n<meta property=\"og:description\" content=\"MADRID- La campagne \u00e9lectorale pour les \u00e9lections l\u00e9gislatives du 4 mai prochain se poursuit en Espagne \u00e0 rythme plus soutenu que lors de sa premi\u00e8re semaine \u00e0 travers les sorties des candidats qui pr\u00e9f\u00e8rent avoir un contact direct avec les membres de la communaut\u00e9 nationale. Les trois candidats, t\u00eate de\u2026 &#013; Source: L\u00e9gislatives 2017 en\" \/>\n<meta property=\"og:url\" content=\"https:\/\/www.info-algerie.com\/actualites\/legislatives-2017-en-espagne-les-candidats-privilegient-le-contact-direct-avec-la-communaute\/\" \/>\n<meta property=\"og:site_name\" content=\"info algerie\" \/>\n<meta property=\"article:publisher\" content=\"https:\/\/www.facebook.com\/infoalgerieactu\" \/>\n<meta property=\"article:published_time\" content=\"2017-04-17T14:24:48+00:00\" \/>\n<meta property=\"og:image\" content=\"https:\/\/www.info-algerie.com\/actualites\/wp-content\/uploads\/2017\/04\/35096b732f154b788a644e4e90694a9c_S-1.jpg\" \/>\n\t<meta property=\"og:image:width\" content=\"150\" \/>\n\t<meta property=\"og:image:height\" content=\"100\" \/>\n\t<meta property=\"og:image:type\" content=\"image\/jpeg\" \/>\n<meta name=\"author\" content=\"La r\u00e9daction\" \/>\n<meta name=\"twitter:label1\" content=\"\u00c9crit par\" \/>\n\t<meta name=\"twitter:data1\" content=\"La r\u00e9daction\" \/>\n<script type=\"application\/ld+json\" class=\"yoast-schema-graph\">{\"@context\":\"https:\\\/\\\/schema.org\",\"@graph\":[{\"@type\":\"Article\",\"@id\":\"https:\\\/\\\/www.info-algerie.com\\\/actualites\\\/legislatives-2017-en-espagne-les-candidats-privilegient-le-contact-direct-avec-la-communaute\\\/#article\",\"isPartOf\":{\"@id\":\"https:\\\/\\\/www.info-algerie.com\\\/actualites\\\/legislatives-2017-en-espagne-les-candidats-privilegient-le-contact-direct-avec-la-communaute\\\/\"},\"author\":{\"name\":\"La r\u00e9daction\",\"@id\":\"https:\\\/\\\/www.info-algerie.com\\\/actualites\\\/#\\\/schema\\\/person\\\/847aaec44920825b843a08f30ec6aa1e\"},\"headline\":\"L\u00e9gislatives 2017 en Espagne: Les candidats privil\u00e9gient le contact direct avec la communaut\u00e9\",\"datePublished\":\"2017-04-17T14:24:48+00:00\",\"mainEntityOfPage\":{\"@id\":\"https:\\\/\\\/www.info-algerie.com\\\/actualites\\\/legislatives-2017-en-espagne-les-candidats-privilegient-le-contact-direct-avec-la-communaute\\\/\"},\"wordCount\":81,\"commentCount\":0,\"publisher\":{\"@id\":\"https:\\\/\\\/www.info-algerie.com\\\/actualites\\\/#organization\"},\"image\":{\"@id\":\"https:\\\/\\\/www.info-algerie.com\\\/actualites\\\/legislatives-2017-en-espagne-les-candidats-privilegient-le-contact-direct-avec-la-communaute\\\/#primaryimage\"},\"thumbnailUrl\":\"https:\\\/\\\/www.info-algerie.com\\\/actualites\\\/wp-content\\\/uploads\\\/2017\\\/04\\\/35096b732f154b788a644e4e90694a9c_S-1.jpg\",\"keywords\":[\"ONU\"],\"articleSection\":[\"infos\"],\"inLanguage\":\"fr-FR\",\"potentialAction\":[{\"@type\":\"CommentAction\",\"name\":\"Comment\",\"target\":[\"https:\\\/\\\/www.info-algerie.com\\\/actualites\\\/legislatives-2017-en-espagne-les-candidats-privilegient-le-contact-direct-avec-la-communaute\\\/#respond\"]}]},{\"@type\":\"WebPage\",\"@id\":\"https:\\\/\\\/www.info-algerie.com\\\/actualites\\\/legislatives-2017-en-espagne-les-candidats-privilegient-le-contact-direct-avec-la-communaute\\\/\",\"url\":\"https:\\\/\\\/www.info-algerie.com\\\/actualites\\\/legislatives-2017-en-espagne-les-candidats-privilegient-le-contact-direct-avec-la-communaute\\\/\",\"name\":\"L\u00e9gislatives 2017 en Espagne: Les candidats privil\u00e9gient le contact direct avec la communaut\u00e9 - info algerie\",\"isPartOf\":{\"@id\":\"https:\\\/\\\/www.info-algerie.com\\\/actualites\\\/#website\"},\"primaryImageOfPage\":{\"@id\":\"https:\\\/\\\/www.info-algerie.com\\\/actualites\\\/legislatives-2017-en-espagne-les-candidats-privilegient-le-contact-direct-avec-la-communaute\\\/#primaryimage\"},\"image\":{\"@id\":\"https:\\\/\\\/www.info-algerie.com\\\/actualites\\\/legislatives-2017-en-espagne-les-candidats-privilegient-le-contact-direct-avec-la-communaute\\\/#primaryimage\"},\"thumbnailUrl\":\"https:\\\/\\\/www.info-algerie.com\\\/actualites\\\/wp-content\\\/uploads\\\/2017\\\/04\\\/35096b732f154b788a644e4e90694a9c_S-1.jpg\",\"datePublished\":\"2017-04-17T14:24:48+00:00\",\"breadcrumb\":{\"@id\":\"https:\\\/\\\/www.info-algerie.com\\\/actualites\\\/legislatives-2017-en-espagne-les-candidats-privilegient-le-contact-direct-avec-la-communaute\\\/#breadcrumb\"},\"inLanguage\":\"fr-FR\",\"potentialAction\":[{\"@type\":\"ReadAction\",\"target\":[\"https:\\\/\\\/www.info-algerie.com\\\/actualites\\\/legislatives-2017-en-espagne-les-candidats-privilegient-le-contact-direct-avec-la-communaute\\\/\"]}]},{\"@type\":\"ImageObject\",\"inLanguage\":\"fr-FR\",\"@id\":\"https:\\\/\\\/www.info-algerie.com\\\/actualites\\\/legislatives-2017-en-espagne-les-candidats-privilegient-le-contact-direct-avec-la-communaute\\\/#primaryimage\",\"url\":\"https:\\\/\\\/www.info-algerie.com\\\/actualites\\\/wp-content\\\/uploads\\\/2017\\\/04\\\/35096b732f154b788a644e4e90694a9c_S-1.jpg\",\"contentUrl\":\"https:\\\/\\\/www.info-algerie.com\\\/actualites\\\/wp-content\\\/uploads\\\/2017\\\/04\\\/35096b732f154b788a644e4e90694a9c_S-1.jpg\",\"width\":150,\"height\":100},{\"@type\":\"BreadcrumbList\",\"@id\":\"https:\\\/\\\/www.info-algerie.com\\\/actualites\\\/legislatives-2017-en-espagne-les-candidats-privilegient-le-contact-direct-avec-la-communaute\\\/#breadcrumb\",\"itemListElement\":[{\"@type\":\"ListItem\",\"position\":1,\"name\":\"Accueil\",\"item\":\"https:\\\/\\\/www.info-algerie.com\\\/actualites\\\/\"},{\"@type\":\"ListItem\",\"position\":2,\"name\":\"L\u00e9gislatives 2017 en Espagne: Les candidats privil\u00e9gient le contact direct avec la communaut\u00e9\"}]},{\"@type\":\"WebSite\",\"@id\":\"https:\\\/\\\/www.info-algerie.com\\\/actualites\\\/#website\",\"url\":\"https:\\\/\\\/www.info-algerie.com\\\/actualites\\\/\",\"name\":\"info algerie\",\"description\":\"Toutes les actualit\u00e9s\",\"publisher\":{\"@id\":\"https:\\\/\\\/www.info-algerie.com\\\/actualites\\\/#organization\"},\"potentialAction\":[{\"@type\":\"SearchAction\",\"target\":{\"@type\":\"EntryPoint\",\"urlTemplate\":\"https:\\\/\\\/www.info-algerie.com\\\/actualites\\\/?s={search_term_string}\"},\"query-input\":{\"@type\":\"PropertyValueSpecification\",\"valueRequired\":true,\"valueName\":\"search_term_string\"}}],\"inLanguage\":\"fr-FR\"},{\"@type\":\"Organization\",\"@id\":\"https:\\\/\\\/www.info-algerie.com\\\/actualites\\\/#organization\",\"name\":\"info algerie\",\"url\":\"https:\\\/\\\/www.info-algerie.com\\\/actualites\\\/\",\"logo\":{\"@type\":\"ImageObject\",\"inLanguage\":\"fr-FR\",\"@id\":\"https:\\\/\\\/www.info-algerie.com\\\/actualites\\\/#\\\/schema\\\/logo\\\/image\\\/\",\"url\":\"https:\\\/\\\/www.info-algerie.com\\\/actualites\\\/wp-content\\\/uploads\\\/2022\\\/07\\\/logo-ia-120.png\",\"contentUrl\":\"https:\\\/\\\/www.info-algerie.com\\\/actualites\\\/wp-content\\\/uploads\\\/2022\\\/07\\\/logo-ia-120.png\",\"width\":120,\"height\":43,\"caption\":\"info algerie\"},\"image\":{\"@id\":\"https:\\\/\\\/www.info-algerie.com\\\/actualites\\\/#\\\/schema\\\/logo\\\/image\\\/\"},\"sameAs\":[\"https:\\\/\\\/www.facebook.com\\\/infoalgerieactu\",\"https:\\\/\\\/x.com\\\/infoalgerie1\"]},{\"@type\":\"Person\",\"@id\":\"https:\\\/\\\/www.info-algerie.com\\\/actualites\\\/#\\\/schema\\\/person\\\/847aaec44920825b843a08f30ec6aa1e\",\"name\":\"La r\u00e9daction\",\"image\":{\"@type\":\"ImageObject\",\"inLanguage\":\"fr-FR\",\"@id\":\"https:\\\/\\\/secure.gravatar.com\\\/avatar\\\/769db425c6f465158149f1ffd6cf61ce7a8a879d11dfbef8288af36dfddd418c?s=96&d=mm&r=g\",\"url\":\"https:\\\/\\\/secure.gravatar.com\\\/avatar\\\/769db425c6f465158149f1ffd6cf61ce7a8a879d11dfbef8288af36dfddd418c?s=96&d=mm&r=g\",\"contentUrl\":\"https:\\\/\\\/secure.gravatar.com\\\/avatar\\\/769db425c6f465158149f1ffd6cf61ce7a8a879d11dfbef8288af36dfddd418c?s=96&d=mm&r=g\",\"caption\":\"La r\u00e9daction\"},\"sameAs\":[\"http:\\\/\\\/www.lkeria.com\\\/\"],\"url\":\"https:\\\/\\\/www.info-algerie.com\\\/actualites\\\/author\\\/chakib32\\\/\"}]}<\/script>\n<!-- \/ Yoast SEO plugin. -->","yoast_head_json":{"title":"L\u00e9gislatives 2017 en Espagne: Les candidats privil\u00e9gient le contact direct avec la communaut\u00e9 - info algerie","robots":{"index":"index","follow":"follow","max-snippet":"max-snippet:-1","max-image-preview":"max-image-preview:large","max-video-preview":"max-video-preview:-1"},"canonical":"https:\/\/www.info-algerie.com\/actualites\/legislatives-2017-en-espagne-les-candidats-privilegient-le-contact-direct-avec-la-communaute\/","og_locale":"fr_FR","og_type":"article","og_title":"L\u00e9gislatives 2017 en Espagne: Les candidats privil\u00e9gient le contact direct avec la communaut\u00e9 - info algerie","og_description":"MADRID- La campagne \u00e9lectorale pour les \u00e9lections l\u00e9gislatives du 4 mai prochain se poursuit en Espagne \u00e0 rythme plus soutenu que lors de sa premi\u00e8re semaine \u00e0 travers les sorties des candidats qui pr\u00e9f\u00e8rent avoir un contact direct avec les membres de la communaut\u00e9 nationale. Les trois candidats, t\u00eate de\u2026 &#013; Source: L\u00e9gislatives 2017 en","og_url":"https:\/\/www.info-algerie.com\/actualites\/legislatives-2017-en-espagne-les-candidats-privilegient-le-contact-direct-avec-la-communaute\/","og_site_name":"info algerie","article_publisher":"https:\/\/www.facebook.com\/infoalgerieactu","article_published_time":"2017-04-17T14:24:48+00:00","og_image":[{"width":150,"height":100,"url":"https:\/\/www.info-algerie.com\/actualites\/wp-content\/uploads\/2017\/04\/35096b732f154b788a644e4e90694a9c_S-1.jpg","type":"image\/jpeg"}],"author":"La r\u00e9daction","twitter_misc":{"\u00c9crit par":"La r\u00e9daction"},"schema":{"@context":"https:\/\/schema.org","@graph":[{"@type":"Article","@id":"https:\/\/www.info-algerie.com\/actualites\/legislatives-2017-en-espagne-les-candidats-privilegient-le-contact-direct-avec-la-communaute\/#article","isPartOf":{"@id":"https:\/\/www.info-algerie.com\/actualites\/legislatives-2017-en-espagne-les-candidats-privilegient-le-contact-direct-avec-la-communaute\/"},"author":{"name":"La r\u00e9daction","@id":"https:\/\/www.info-algerie.com\/actualites\/#\/schema\/person\/847aaec44920825b843a08f30ec6aa1e"},"headline":"L\u00e9gislatives 2017 en Espagne: Les candidats privil\u00e9gient le contact direct avec la communaut\u00e9","datePublished":"2017-04-17T14:24:48+00:00","mainEntityOfPage":{"@id":"https:\/\/www.info-algerie.com\/actualites\/legislatives-2017-en-espagne-les-candidats-privilegient-le-contact-direct-avec-la-communaute\/"},"wordCount":81,"commentCount":0,"publisher":{"@id":"https:\/\/www.info-algerie.com\/actualites\/#organization"},"image":{"@id":"https:\/\/www.info-algerie.com\/actualites\/legislatives-2017-en-espagne-les-candidats-privilegient-le-contact-direct-avec-la-communaute\/#primaryimage"},"thumbnailUrl":"https:\/\/www.info-algerie.com\/actualites\/wp-content\/uploads\/2017\/04\/35096b732f154b788a644e4e90694a9c_S-1.jpg","keywords":["ONU"],"articleSection":["infos"],"inLanguage":"fr-FR","potentialAction":[{"@type":"CommentAction","name":"Comment","target":["https:\/\/www.info-algerie.com\/actualites\/legislatives-2017-en-espagne-les-candidats-privilegient-le-contact-direct-avec-la-communaute\/#respond"]}]},{"@type":"WebPage","@id":"https:\/\/www.info-algerie.com\/actualites\/legislatives-2017-en-espagne-les-candidats-privilegient-le-contact-direct-avec-la-communaute\/","url":"https:\/\/www.info-algerie.com\/actualites\/legislatives-2017-en-espagne-les-candidats-privilegient-le-contact-direct-avec-la-communaute\/","name":"L\u00e9gislatives 2017 en Espagne: Les candidats privil\u00e9gient le contact direct avec la communaut\u00e9 - info algerie","isPartOf":{"@id":"https:\/\/www.info-algerie.com\/actualites\/#website"},"primaryImageOfPage":{"@id":"https:\/\/www.info-algerie.com\/actualites\/legislatives-2017-en-espagne-les-candidats-privilegient-le-contact-direct-avec-la-communaute\/#primaryimage"},"image":{"@id":"https:\/\/www.info-algerie.com\/actualites\/legislatives-2017-en-espagne-les-candidats-privilegient-le-contact-direct-avec-la-communaute\/#primaryimage"},"thumbnailUrl":"https:\/\/www.info-algerie.com\/actualites\/wp-content\/uploads\/2017\/04\/35096b732f154b788a644e4e90694a9c_S-1.jpg","datePublished":"2017-04-17T14:24:48+00:00","breadcrumb":{"@id":"https:\/\/www.info-algerie.com\/actualites\/legislatives-2017-en-espagne-les-candidats-privilegient-le-contact-direct-avec-la-communaute\/#breadcrumb"},"inLanguage":"fr-FR","potentialAction":[{"@type":"ReadAction","target":["https:\/\/www.info-algerie.com\/actualites\/legislatives-2017-en-espagne-les-candidats-privilegient-le-contact-direct-avec-la-communaute\/"]}]},{"@type":"ImageObject","inLanguage":"fr-FR","@id":"https:\/\/www.info-algerie.com\/actualites\/legislatives-2017-en-espagne-les-candidats-privilegient-le-contact-direct-avec-la-communaute\/#primaryimage","url":"https:\/\/www.info-algerie.com\/actualites\/wp-content\/uploads\/2017\/04\/35096b732f154b788a644e4e90694a9c_S-1.jpg","contentUrl":"https:\/\/www.info-algerie.com\/actualites\/wp-content\/uploads\/2017\/04\/35096b732f154b788a644e4e90694a9c_S-1.jpg","width":150,"height":100},{"@type":"BreadcrumbList","@id":"https:\/\/www.info-algerie.com\/actualites\/legislatives-2017-en-espagne-les-candidats-privilegient-le-contact-direct-avec-la-communaute\/#breadcrumb","itemListElement":[{"@type":"ListItem","position":1,"name":"Accueil","item":"https:\/\/www.info-algerie.com\/actualites\/"},{"@type":"ListItem","position":2,"name":"L\u00e9gislatives 2017 en Espagne: Les candidats privil\u00e9gient le contact direct avec la communaut\u00e9"}]},{"@type":"WebSite","@id":"https:\/\/www.info-algerie.com\/actualites\/#website","url":"https:\/\/www.info-algerie.com\/actualites\/","name":"info algerie","description":"Toutes les actualit\u00e9s","publisher":{"@id":"https:\/\/www.info-algerie.com\/actualites\/#organization"},"potentialAction":[{"@type":"SearchAction","target":{"@type":"EntryPoint","urlTemplate":"https:\/\/www.info-algerie.com\/actualites\/?s={search_term_string}"},"query-input":{"@type":"PropertyValueSpecification","valueRequired":true,"valueName":"search_term_string"}}],"inLanguage":"fr-FR"},{"@type":"Organization","@id":"https:\/\/www.info-algerie.com\/actualites\/#organization","name":"info algerie","url":"https:\/\/www.info-algerie.com\/actualites\/","logo":{"@type":"ImageObject","inLanguage":"fr-FR","@id":"https:\/\/www.info-algerie.com\/actualites\/#\/schema\/logo\/image\/","url":"https:\/\/www.info-algerie.com\/actualites\/wp-content\/uploads\/2022\/07\/logo-ia-120.png","contentUrl":"https:\/\/www.info-algerie.com\/actualites\/wp-content\/uploads\/2022\/07\/logo-ia-120.png","width":120,"height":43,"caption":"info algerie"},"image":{"@id":"https:\/\/www.info-algerie.com\/actualites\/#\/schema\/logo\/image\/"},"sameAs":["https:\/\/www.facebook.com\/infoalgerieactu","https:\/\/x.com\/infoalgerie1"]},{"@type":"Person","@id":"https:\/\/www.info-algerie.com\/actualites\/#\/schema\/person\/847aaec44920825b843a08f30ec6aa1e","name":"La r\u00e9daction","image":{"@type":"ImageObject","inLanguage":"fr-FR","@id":"https:\/\/secure.gravatar.com\/avatar\/769db425c6f465158149f1ffd6cf61ce7a8a879d11dfbef8288af36dfddd418c?s=96&d=mm&r=g","url":"https:\/\/secure.gravatar.com\/avatar\/769db425c6f465158149f1ffd6cf61ce7a8a879d11dfbef8288af36dfddd418c?s=96&d=mm&r=g","contentUrl":"https:\/\/secure.gravatar.com\/avatar\/769db425c6f465158149f1ffd6cf61ce7a8a879d11dfbef8288af36dfddd418c?s=96&d=mm&r=g","caption":"La r\u00e9daction"},"sameAs":["http:\/\/www.lkeria.com\/"],"url":"https:\/\/www.info-algerie.com\/actualites\/author\/chakib32\/"}]}},"_links":{"self":[{"href":"https:\/\/www.info-algerie.com\/actualites\/wp-json\/wp\/v2\/posts\/10435","targetHints":{"allow":["GET"]}}],"collection":[{"href":"https:\/\/www.info-algerie.com\/actualites\/wp-json\/wp\/v2\/posts"}],"about":[{"href":"https:\/\/www.info-algerie.com\/actualites\/wp-json\/wp\/v2\/types\/post"}],"author":[{"embeddable":true,"href":"https:\/\/www.info-algerie.com\/actualites\/wp-json\/wp\/v2\/users\/6"}],"replies":[{"embeddable":true,"href":"https:\/\/www.info-algerie.com\/actualites\/wp-json\/wp\/v2\/comments?post=10435"}],"version-history":[{"count":0,"href":"https:\/\/www.info-algerie.com\/actualites\/wp-json\/wp\/v2\/posts\/10435\/revisions"}],"wp:featuredmedia":[{"embeddable":true,"href":"https:\/\/www.info-algerie.com\/actualites\/wp-json\/wp\/v2\/media\/10436"}],"wp:attachment":[{"href":"https:\/\/www.info-algerie.com\/actualites\/wp-json\/wp\/v2\/media?parent=10435"}],"wp:term":[{"taxonomy":"category","embeddable":true,"href":"https:\/\/www.info-algerie.com\/actualites\/wp-json\/wp\/v2\/categories?post=10435"},{"taxonomy":"post_tag","embeddable":true,"href":"https:\/\/www.info-algerie.com\/actualites\/wp-json\/wp\/v2\/tags?post=10435"}],"curies":[{"name":"wp","href":"https:\/\/api.w.org\/{rel}","templated":true}]}}