{"id":1063,"date":"2015-09-26T09:58:57","date_gmt":"2015-09-26T08:58:57","guid":{"rendered":"http:\/\/www.info-algerie.com\/actualites\/bousculade-a-mina-la-mecque-le-deces-de-quatre-ressortissants-algeriens-confirme\/"},"modified":"2015-09-26T14:59:16","modified_gmt":"2015-09-26T13:59:16","slug":"bousculade-a-mina-la-mecque-le-deces-de-quatre-ressortissants-algeriens-confirme","status":"publish","type":"post","link":"https:\/\/www.info-algerie.com\/actualites\/bousculade-a-mina-la-mecque-le-deces-de-quatre-ressortissants-algeriens-confirme\/","title":{"rendered":"d\u00e9c\u00e8s de quatre ressortissants alg\u00e9riens \u00e0 la bousculade de Mina"},"content":{"rendered":"<div class=\"K2FeedImage\"><\/div>\n<div class=\"K2FeedIntroText\">\n<p style=\"text-align: justify;\"><a href=\"https:\/\/www.info-algerie.com\/actualites\/wp-content\/uploads\/2015\/09\/d\u00e9c\u00e8s-de-quatre-ressortissants-alg\u00e9riens-\u00e0-Mina.jpg\"><img loading=\"lazy\" decoding=\"async\" class=\" wp-image-1071 alignleft\" src=\"https:\/\/www.info-algerie.com\/actualites\/wp-content\/uploads\/2015\/09\/d\u00e9c\u00e8s-de-quatre-ressortissants-alg\u00e9riens-\u00e0-Mina-300x170.jpg\" alt=\"d\u00e9c\u00e8s de quatre ressortissants alg\u00e9riens \u00e0 Mina\" width=\"229\" height=\"130\" srcset=\"https:\/\/www.info-algerie.com\/actualites\/wp-content\/uploads\/2015\/09\/d\u00e9c\u00e8s-de-quatre-ressortissants-alg\u00e9riens-\u00e0-Mina-300x170.jpg 300w, https:\/\/www.info-algerie.com\/actualites\/wp-content\/uploads\/2015\/09\/d\u00e9c\u00e8s-de-quatre-ressortissants-alg\u00e9riens-\u00e0-Mina.jpg 600w\" sizes=\"auto, (max-width: 229px) 100vw, 229px\" \/><\/a>Le consulat g\u00e9n\u00e9ral d&rsquo;Alg\u00e9rie \u00e0 Djeddah, en liaison avec la mission m\u00e9dicale alg\u00e9rienne, confirme, \u00e0 ce stade, le d\u00e9c\u00e8s de quatre ressortissants alg\u00e9riens lors de la trag\u00e9die survenue jeudi \u00e0 Mina (Mecque), indique vendredi un communiqu\u00e9 du minist\u00e8re des Affaires \u00e9trang\u00e8res.<\/p>\n<p style=\"text-align: justify;\">Il a s&rsquo;agit, a pr\u00e9cis\u00e9 le minist\u00e8re, de Betta Zohra, \u00e2g\u00e9e de 70 ans, originaire de Batna, Taghlabet Messaouda, 65 ans, originaire de la wilaya de Batna, Berkane Djamila, 55 ans, originaire de Skikda et Benkenyou Saliha, 60 ans, originaire de Skikda.<\/p>\n<p style=\"text-align: justify;\">\u00ab\u00a0Les \u00e9quipes m\u00e9dicales alg\u00e9riennes sont en train de visiter les h\u00f4pitaux et cliniques de la Mecque, Djeddah et Taef o\u00f9 sont regroup\u00e9es les victimes de la catastrophe\u00a0\u00bb, selon la m\u00eame source, qui ajoute qu\u00a0\u00bb&lsquo;un \u00e9tat exhaustif du nombre et de l&rsquo;\u00e9tat des bless\u00e9s alg\u00e9riens sera \u00e9tabli une fois l&rsquo;op\u00e9ration de recensement termin\u00e9e\u00a0\u00bb.<\/p>\n<p style=\"text-align: justify;\">\u00ab\u00a0Ces \u00e9quipes ont, \u00e0 ce stade, localis\u00e9 et identifi\u00e9 une quinzaine de hadjis bless\u00e9s dont l&rsquo;\u00e9tat de sant\u00e9 n&rsquo;inspire aucune inqui\u00e9tude\u00a0\u00bb.<\/p>\n<p style=\"text-align: justify;\">La Baatha est en contact avec les missions de plusieurs pays o\u00f9 r\u00e9side une importante communaut\u00e9 alg\u00e9rien, indique encore le minist\u00e8re des Affaires \u00e9trang\u00e8res qui rappelle que la cellule de crise mise en place au niveau du minist\u00e8re continue de suivre l&rsquo;\u00e9volution de la situation des p\u00e8lerins alg\u00e9riens aux Lieux Saints.<\/p>\n<\/div>\n<p style=\"text-align: justify;\">Source: <a href=\"http:\/\/www.aps.dz\/algerie\/29057-bousculade-%C3%A0-mina-la-mecque-le-d%C3%A9c%C3%A8s-de-quatre-ressortissants-alg%C3%A9riens-confirm%C3%A9s\" target=\"_blank\">Bousculade \u00e0 Mina (La Mecque): le d\u00e9c\u00e8s de quatre ressortissants alg\u00e9riens confirm\u00e9<\/a><\/p>\n<!--CusAds0-->\n<div style=\"font-size: 0px; height: 0px; line-height: 0px; margin: 0; padding: 0; clear: both;\"><\/div>","protected":false},"excerpt":{"rendered":"<p>Le consulat g\u00e9n\u00e9ral d&rsquo;Alg\u00e9rie \u00e0 Djeddah, en liaison avec la mission m\u00e9dicale alg\u00e9rienne, confirme, \u00e0 ce stade, le d\u00e9c\u00e8s de quatre ressortissants alg\u00e9riens lors de la trag\u00e9die survenue jeudi \u00e0 Mina (Mecque), indique vendredi un communiqu\u00e9 du minist\u00e8re des Affaires \u00e9trang\u00e8res. Il a s&rsquo;agit, a pr\u00e9cis\u00e9 le minist\u00e8re, de Betta Zohra, \u00e2g\u00e9e de 70 ans,<\/p>\n","protected":false},"author":6,"featured_media":1071,"comment_status":"open","ping_status":"open","sticky":false,"template":"","format":"standard","meta":{"footnotes":""},"categories":[22],"tags":[109,108],"class_list":["post-1063","post","type-post","status-publish","format-standard","has-post-thumbnail","hentry","category-infos","tag-bousculade","tag-mina"],"yoast_head":"<!-- This site is optimized with the Yoast SEO plugin v27.5 - https:\/\/yoast.com\/product\/yoast-seo-wordpress\/ -->\n<title>d\u00e9c\u00e8s de quatre ressortissants alg\u00e9riens \u00e0 Mina<\/title>\n<meta name=\"description\" content=\"d\u00e9c\u00e8s de quatre ressortissants alg\u00e9riens \u00e0 la bousculade de Mina selon le dernier bilan du consulat g\u00e9n\u00e9ral d&#039;Alg\u00e9rie \u00e0 Djeddah\" \/>\n<meta name=\"robots\" content=\"index, follow, max-snippet:-1, max-image-preview:large, max-video-preview:-1\" \/>\n<link rel=\"canonical\" href=\"https:\/\/www.info-algerie.com\/actualites\/bousculade-a-mina-la-mecque-le-deces-de-quatre-ressortissants-algeriens-confirme\/\" \/>\n<meta property=\"og:locale\" content=\"fr_FR\" \/>\n<meta property=\"og:type\" content=\"article\" \/>\n<meta property=\"og:title\" content=\"d\u00e9c\u00e8s de quatre ressortissants alg\u00e9riens \u00e0 Mina\" \/>\n<meta property=\"og:description\" content=\"d\u00e9c\u00e8s de quatre ressortissants alg\u00e9riens \u00e0 la bousculade de Mina selon le dernier bilan du consulat g\u00e9n\u00e9ral d&#039;Alg\u00e9rie \u00e0 Djeddah\" \/>\n<meta property=\"og:url\" content=\"https:\/\/www.info-algerie.com\/actualites\/bousculade-a-mina-la-mecque-le-deces-de-quatre-ressortissants-algeriens-confirme\/\" \/>\n<meta property=\"og:site_name\" content=\"info algerie\" \/>\n<meta property=\"article:publisher\" content=\"https:\/\/www.facebook.com\/infoalgerieactu\" \/>\n<meta property=\"article:published_time\" content=\"2015-09-26T08:58:57+00:00\" \/>\n<meta property=\"article:modified_time\" content=\"2015-09-26T13:59:16+00:00\" \/>\n<meta property=\"og:image\" content=\"https:\/\/www.info-algerie.com\/actualites\/wp-content\/uploads\/2015\/09\/d\u00e9c\u00e8s-de-quatre-ressortissants-alg\u00e9riens-\u00e0-Mina.jpg\" \/>\n\t<meta property=\"og:image:width\" content=\"600\" \/>\n\t<meta property=\"og:image:height\" content=\"339\" \/>\n\t<meta property=\"og:image:type\" content=\"image\/jpeg\" \/>\n<meta name=\"author\" content=\"La r\u00e9daction\" \/>\n<meta name=\"twitter:label1\" content=\"\u00c9crit par\" \/>\n\t<meta name=\"twitter:data1\" content=\"La r\u00e9daction\" \/>\n\t<meta name=\"twitter:label2\" content=\"Dur\u00e9e de lecture estim\u00e9e\" \/>\n\t<meta name=\"twitter:data2\" content=\"1 minute\" \/>\n<script type=\"application\/ld+json\" class=\"yoast-schema-graph\">{\"@context\":\"https:\\\/\\\/schema.org\",\"@graph\":[{\"@type\":\"Article\",\"@id\":\"https:\\\/\\\/www.info-algerie.com\\\/actualites\\\/bousculade-a-mina-la-mecque-le-deces-de-quatre-ressortissants-algeriens-confirme\\\/#article\",\"isPartOf\":{\"@id\":\"https:\\\/\\\/www.info-algerie.com\\\/actualites\\\/bousculade-a-mina-la-mecque-le-deces-de-quatre-ressortissants-algeriens-confirme\\\/\"},\"author\":{\"name\":\"La r\u00e9daction\",\"@id\":\"https:\\\/\\\/www.info-algerie.com\\\/actualites\\\/#\\\/schema\\\/person\\\/847aaec44920825b843a08f30ec6aa1e\"},\"headline\":\"d\u00e9c\u00e8s de quatre ressortissants alg\u00e9riens \u00e0 la bousculade de Mina\",\"datePublished\":\"2015-09-26T08:58:57+00:00\",\"dateModified\":\"2015-09-26T13:59:16+00:00\",\"mainEntityOfPage\":{\"@id\":\"https:\\\/\\\/www.info-algerie.com\\\/actualites\\\/bousculade-a-mina-la-mecque-le-deces-de-quatre-ressortissants-algeriens-confirme\\\/\"},\"wordCount\":266,\"commentCount\":0,\"publisher\":{\"@id\":\"https:\\\/\\\/www.info-algerie.com\\\/actualites\\\/#organization\"},\"image\":{\"@id\":\"https:\\\/\\\/www.info-algerie.com\\\/actualites\\\/bousculade-a-mina-la-mecque-le-deces-de-quatre-ressortissants-algeriens-confirme\\\/#primaryimage\"},\"thumbnailUrl\":\"https:\\\/\\\/www.info-algerie.com\\\/actualites\\\/wp-content\\\/uploads\\\/2015\\\/09\\\/d\u00e9c\u00e8s-de-quatre-ressortissants-alg\u00e9riens-\u00e0-Mina.jpg\",\"keywords\":[\"bousculade\",\"Mina\"],\"articleSection\":[\"infos\"],\"inLanguage\":\"fr-FR\",\"potentialAction\":[{\"@type\":\"CommentAction\",\"name\":\"Comment\",\"target\":[\"https:\\\/\\\/www.info-algerie.com\\\/actualites\\\/bousculade-a-mina-la-mecque-le-deces-de-quatre-ressortissants-algeriens-confirme\\\/#respond\"]}]},{\"@type\":\"WebPage\",\"@id\":\"https:\\\/\\\/www.info-algerie.com\\\/actualites\\\/bousculade-a-mina-la-mecque-le-deces-de-quatre-ressortissants-algeriens-confirme\\\/\",\"url\":\"https:\\\/\\\/www.info-algerie.com\\\/actualites\\\/bousculade-a-mina-la-mecque-le-deces-de-quatre-ressortissants-algeriens-confirme\\\/\",\"name\":\"d\u00e9c\u00e8s de quatre ressortissants alg\u00e9riens \u00e0 Mina\",\"isPartOf\":{\"@id\":\"https:\\\/\\\/www.info-algerie.com\\\/actualites\\\/#website\"},\"primaryImageOfPage\":{\"@id\":\"https:\\\/\\\/www.info-algerie.com\\\/actualites\\\/bousculade-a-mina-la-mecque-le-deces-de-quatre-ressortissants-algeriens-confirme\\\/#primaryimage\"},\"image\":{\"@id\":\"https:\\\/\\\/www.info-algerie.com\\\/actualites\\\/bousculade-a-mina-la-mecque-le-deces-de-quatre-ressortissants-algeriens-confirme\\\/#primaryimage\"},\"thumbnailUrl\":\"https:\\\/\\\/www.info-algerie.com\\\/actualites\\\/wp-content\\\/uploads\\\/2015\\\/09\\\/d\u00e9c\u00e8s-de-quatre-ressortissants-alg\u00e9riens-\u00e0-Mina.jpg\",\"datePublished\":\"2015-09-26T08:58:57+00:00\",\"dateModified\":\"2015-09-26T13:59:16+00:00\",\"description\":\"d\u00e9c\u00e8s de quatre ressortissants alg\u00e9riens \u00e0 la bousculade de Mina selon le dernier bilan du consulat g\u00e9n\u00e9ral d'Alg\u00e9rie \u00e0 Djeddah\",\"breadcrumb\":{\"@id\":\"https:\\\/\\\/www.info-algerie.com\\\/actualites\\\/bousculade-a-mina-la-mecque-le-deces-de-quatre-ressortissants-algeriens-confirme\\\/#breadcrumb\"},\"inLanguage\":\"fr-FR\",\"potentialAction\":[{\"@type\":\"ReadAction\",\"target\":[\"https:\\\/\\\/www.info-algerie.com\\\/actualites\\\/bousculade-a-mina-la-mecque-le-deces-de-quatre-ressortissants-algeriens-confirme\\\/\"]}]},{\"@type\":\"ImageObject\",\"inLanguage\":\"fr-FR\",\"@id\":\"https:\\\/\\\/www.info-algerie.com\\\/actualites\\\/bousculade-a-mina-la-mecque-le-deces-de-quatre-ressortissants-algeriens-confirme\\\/#primaryimage\",\"url\":\"https:\\\/\\\/www.info-algerie.com\\\/actualites\\\/wp-content\\\/uploads\\\/2015\\\/09\\\/d\u00e9c\u00e8s-de-quatre-ressortissants-alg\u00e9riens-\u00e0-Mina.jpg\",\"contentUrl\":\"https:\\\/\\\/www.info-algerie.com\\\/actualites\\\/wp-content\\\/uploads\\\/2015\\\/09\\\/d\u00e9c\u00e8s-de-quatre-ressortissants-alg\u00e9riens-\u00e0-Mina.jpg\",\"width\":600,\"height\":339,\"caption\":\"d\u00e9c\u00e8s de quatre ressortissants alg\u00e9riens \u00e0 Mina\"},{\"@type\":\"BreadcrumbList\",\"@id\":\"https:\\\/\\\/www.info-algerie.com\\\/actualites\\\/bousculade-a-mina-la-mecque-le-deces-de-quatre-ressortissants-algeriens-confirme\\\/#breadcrumb\",\"itemListElement\":[{\"@type\":\"ListItem\",\"position\":1,\"name\":\"Accueil\",\"item\":\"https:\\\/\\\/www.info-algerie.com\\\/actualites\\\/\"},{\"@type\":\"ListItem\",\"position\":2,\"name\":\"d\u00e9c\u00e8s de quatre ressortissants alg\u00e9riens \u00e0 la bousculade de Mina\"}]},{\"@type\":\"WebSite\",\"@id\":\"https:\\\/\\\/www.info-algerie.com\\\/actualites\\\/#website\",\"url\":\"https:\\\/\\\/www.info-algerie.com\\\/actualites\\\/\",\"name\":\"info algerie\",\"description\":\"Toutes les actualit\u00e9s\",\"publisher\":{\"@id\":\"https:\\\/\\\/www.info-algerie.com\\\/actualites\\\/#organization\"},\"potentialAction\":[{\"@type\":\"SearchAction\",\"target\":{\"@type\":\"EntryPoint\",\"urlTemplate\":\"https:\\\/\\\/www.info-algerie.com\\\/actualites\\\/?s={search_term_string}\"},\"query-input\":{\"@type\":\"PropertyValueSpecification\",\"valueRequired\":true,\"valueName\":\"search_term_string\"}}],\"inLanguage\":\"fr-FR\"},{\"@type\":\"Organization\",\"@id\":\"https:\\\/\\\/www.info-algerie.com\\\/actualites\\\/#organization\",\"name\":\"info algerie\",\"url\":\"https:\\\/\\\/www.info-algerie.com\\\/actualites\\\/\",\"logo\":{\"@type\":\"ImageObject\",\"inLanguage\":\"fr-FR\",\"@id\":\"https:\\\/\\\/www.info-algerie.com\\\/actualites\\\/#\\\/schema\\\/logo\\\/image\\\/\",\"url\":\"https:\\\/\\\/www.info-algerie.com\\\/actualites\\\/wp-content\\\/uploads\\\/2022\\\/07\\\/logo-ia-120.png\",\"contentUrl\":\"https:\\\/\\\/www.info-algerie.com\\\/actualites\\\/wp-content\\\/uploads\\\/2022\\\/07\\\/logo-ia-120.png\",\"width\":120,\"height\":43,\"caption\":\"info algerie\"},\"image\":{\"@id\":\"https:\\\/\\\/www.info-algerie.com\\\/actualites\\\/#\\\/schema\\\/logo\\\/image\\\/\"},\"sameAs\":[\"https:\\\/\\\/www.facebook.com\\\/infoalgerieactu\",\"https:\\\/\\\/x.com\\\/infoalgerie1\"]},{\"@type\":\"Person\",\"@id\":\"https:\\\/\\\/www.info-algerie.com\\\/actualites\\\/#\\\/schema\\\/person\\\/847aaec44920825b843a08f30ec6aa1e\",\"name\":\"La r\u00e9daction\",\"image\":{\"@type\":\"ImageObject\",\"inLanguage\":\"fr-FR\",\"@id\":\"https:\\\/\\\/secure.gravatar.com\\\/avatar\\\/769db425c6f465158149f1ffd6cf61ce7a8a879d11dfbef8288af36dfddd418c?s=96&d=mm&r=g\",\"url\":\"https:\\\/\\\/secure.gravatar.com\\\/avatar\\\/769db425c6f465158149f1ffd6cf61ce7a8a879d11dfbef8288af36dfddd418c?s=96&d=mm&r=g\",\"contentUrl\":\"https:\\\/\\\/secure.gravatar.com\\\/avatar\\\/769db425c6f465158149f1ffd6cf61ce7a8a879d11dfbef8288af36dfddd418c?s=96&d=mm&r=g\",\"caption\":\"La r\u00e9daction\"},\"sameAs\":[\"http:\\\/\\\/www.lkeria.com\\\/\"],\"url\":\"https:\\\/\\\/www.info-algerie.com\\\/actualites\\\/author\\\/chakib32\\\/\"}]}<\/script>\n<!-- \/ Yoast SEO plugin. -->","yoast_head_json":{"title":"d\u00e9c\u00e8s de quatre ressortissants alg\u00e9riens \u00e0 Mina","description":"d\u00e9c\u00e8s de quatre ressortissants alg\u00e9riens \u00e0 la bousculade de Mina selon le dernier bilan du consulat g\u00e9n\u00e9ral d'Alg\u00e9rie \u00e0 Djeddah","robots":{"index":"index","follow":"follow","max-snippet":"max-snippet:-1","max-image-preview":"max-image-preview:large","max-video-preview":"max-video-preview:-1"},"canonical":"https:\/\/www.info-algerie.com\/actualites\/bousculade-a-mina-la-mecque-le-deces-de-quatre-ressortissants-algeriens-confirme\/","og_locale":"fr_FR","og_type":"article","og_title":"d\u00e9c\u00e8s de quatre ressortissants alg\u00e9riens \u00e0 Mina","og_description":"d\u00e9c\u00e8s de quatre ressortissants alg\u00e9riens \u00e0 la bousculade de Mina selon le dernier bilan du consulat g\u00e9n\u00e9ral d'Alg\u00e9rie \u00e0 Djeddah","og_url":"https:\/\/www.info-algerie.com\/actualites\/bousculade-a-mina-la-mecque-le-deces-de-quatre-ressortissants-algeriens-confirme\/","og_site_name":"info algerie","article_publisher":"https:\/\/www.facebook.com\/infoalgerieactu","article_published_time":"2015-09-26T08:58:57+00:00","article_modified_time":"2015-09-26T13:59:16+00:00","og_image":[{"width":600,"height":339,"url":"https:\/\/www.info-algerie.com\/actualites\/wp-content\/uploads\/2015\/09\/d\u00e9c\u00e8s-de-quatre-ressortissants-alg\u00e9riens-\u00e0-Mina.jpg","type":"image\/jpeg"}],"author":"La r\u00e9daction","twitter_misc":{"\u00c9crit par":"La r\u00e9daction","Dur\u00e9e de lecture estim\u00e9e":"1 minute"},"schema":{"@context":"https:\/\/schema.org","@graph":[{"@type":"Article","@id":"https:\/\/www.info-algerie.com\/actualites\/bousculade-a-mina-la-mecque-le-deces-de-quatre-ressortissants-algeriens-confirme\/#article","isPartOf":{"@id":"https:\/\/www.info-algerie.com\/actualites\/bousculade-a-mina-la-mecque-le-deces-de-quatre-ressortissants-algeriens-confirme\/"},"author":{"name":"La r\u00e9daction","@id":"https:\/\/www.info-algerie.com\/actualites\/#\/schema\/person\/847aaec44920825b843a08f30ec6aa1e"},"headline":"d\u00e9c\u00e8s de quatre ressortissants alg\u00e9riens \u00e0 la bousculade de Mina","datePublished":"2015-09-26T08:58:57+00:00","dateModified":"2015-09-26T13:59:16+00:00","mainEntityOfPage":{"@id":"https:\/\/www.info-algerie.com\/actualites\/bousculade-a-mina-la-mecque-le-deces-de-quatre-ressortissants-algeriens-confirme\/"},"wordCount":266,"commentCount":0,"publisher":{"@id":"https:\/\/www.info-algerie.com\/actualites\/#organization"},"image":{"@id":"https:\/\/www.info-algerie.com\/actualites\/bousculade-a-mina-la-mecque-le-deces-de-quatre-ressortissants-algeriens-confirme\/#primaryimage"},"thumbnailUrl":"https:\/\/www.info-algerie.com\/actualites\/wp-content\/uploads\/2015\/09\/d\u00e9c\u00e8s-de-quatre-ressortissants-alg\u00e9riens-\u00e0-Mina.jpg","keywords":["bousculade","Mina"],"articleSection":["infos"],"inLanguage":"fr-FR","potentialAction":[{"@type":"CommentAction","name":"Comment","target":["https:\/\/www.info-algerie.com\/actualites\/bousculade-a-mina-la-mecque-le-deces-de-quatre-ressortissants-algeriens-confirme\/#respond"]}]},{"@type":"WebPage","@id":"https:\/\/www.info-algerie.com\/actualites\/bousculade-a-mina-la-mecque-le-deces-de-quatre-ressortissants-algeriens-confirme\/","url":"https:\/\/www.info-algerie.com\/actualites\/bousculade-a-mina-la-mecque-le-deces-de-quatre-ressortissants-algeriens-confirme\/","name":"d\u00e9c\u00e8s de quatre ressortissants alg\u00e9riens \u00e0 Mina","isPartOf":{"@id":"https:\/\/www.info-algerie.com\/actualites\/#website"},"primaryImageOfPage":{"@id":"https:\/\/www.info-algerie.com\/actualites\/bousculade-a-mina-la-mecque-le-deces-de-quatre-ressortissants-algeriens-confirme\/#primaryimage"},"image":{"@id":"https:\/\/www.info-algerie.com\/actualites\/bousculade-a-mina-la-mecque-le-deces-de-quatre-ressortissants-algeriens-confirme\/#primaryimage"},"thumbnailUrl":"https:\/\/www.info-algerie.com\/actualites\/wp-content\/uploads\/2015\/09\/d\u00e9c\u00e8s-de-quatre-ressortissants-alg\u00e9riens-\u00e0-Mina.jpg","datePublished":"2015-09-26T08:58:57+00:00","dateModified":"2015-09-26T13:59:16+00:00","description":"d\u00e9c\u00e8s de quatre ressortissants alg\u00e9riens \u00e0 la bousculade de Mina selon le dernier bilan du consulat g\u00e9n\u00e9ral d'Alg\u00e9rie \u00e0 Djeddah","breadcrumb":{"@id":"https:\/\/www.info-algerie.com\/actualites\/bousculade-a-mina-la-mecque-le-deces-de-quatre-ressortissants-algeriens-confirme\/#breadcrumb"},"inLanguage":"fr-FR","potentialAction":[{"@type":"ReadAction","target":["https:\/\/www.info-algerie.com\/actualites\/bousculade-a-mina-la-mecque-le-deces-de-quatre-ressortissants-algeriens-confirme\/"]}]},{"@type":"ImageObject","inLanguage":"fr-FR","@id":"https:\/\/www.info-algerie.com\/actualites\/bousculade-a-mina-la-mecque-le-deces-de-quatre-ressortissants-algeriens-confirme\/#primaryimage","url":"https:\/\/www.info-algerie.com\/actualites\/wp-content\/uploads\/2015\/09\/d\u00e9c\u00e8s-de-quatre-ressortissants-alg\u00e9riens-\u00e0-Mina.jpg","contentUrl":"https:\/\/www.info-algerie.com\/actualites\/wp-content\/uploads\/2015\/09\/d\u00e9c\u00e8s-de-quatre-ressortissants-alg\u00e9riens-\u00e0-Mina.jpg","width":600,"height":339,"caption":"d\u00e9c\u00e8s de quatre ressortissants alg\u00e9riens \u00e0 Mina"},{"@type":"BreadcrumbList","@id":"https:\/\/www.info-algerie.com\/actualites\/bousculade-a-mina-la-mecque-le-deces-de-quatre-ressortissants-algeriens-confirme\/#breadcrumb","itemListElement":[{"@type":"ListItem","position":1,"name":"Accueil","item":"https:\/\/www.info-algerie.com\/actualites\/"},{"@type":"ListItem","position":2,"name":"d\u00e9c\u00e8s de quatre ressortissants alg\u00e9riens \u00e0 la bousculade de Mina"}]},{"@type":"WebSite","@id":"https:\/\/www.info-algerie.com\/actualites\/#website","url":"https:\/\/www.info-algerie.com\/actualites\/","name":"info algerie","description":"Toutes les actualit\u00e9s","publisher":{"@id":"https:\/\/www.info-algerie.com\/actualites\/#organization"},"potentialAction":[{"@type":"SearchAction","target":{"@type":"EntryPoint","urlTemplate":"https:\/\/www.info-algerie.com\/actualites\/?s={search_term_string}"},"query-input":{"@type":"PropertyValueSpecification","valueRequired":true,"valueName":"search_term_string"}}],"inLanguage":"fr-FR"},{"@type":"Organization","@id":"https:\/\/www.info-algerie.com\/actualites\/#organization","name":"info algerie","url":"https:\/\/www.info-algerie.com\/actualites\/","logo":{"@type":"ImageObject","inLanguage":"fr-FR","@id":"https:\/\/www.info-algerie.com\/actualites\/#\/schema\/logo\/image\/","url":"https:\/\/www.info-algerie.com\/actualites\/wp-content\/uploads\/2022\/07\/logo-ia-120.png","contentUrl":"https:\/\/www.info-algerie.com\/actualites\/wp-content\/uploads\/2022\/07\/logo-ia-120.png","width":120,"height":43,"caption":"info algerie"},"image":{"@id":"https:\/\/www.info-algerie.com\/actualites\/#\/schema\/logo\/image\/"},"sameAs":["https:\/\/www.facebook.com\/infoalgerieactu","https:\/\/x.com\/infoalgerie1"]},{"@type":"Person","@id":"https:\/\/www.info-algerie.com\/actualites\/#\/schema\/person\/847aaec44920825b843a08f30ec6aa1e","name":"La r\u00e9daction","image":{"@type":"ImageObject","inLanguage":"fr-FR","@id":"https:\/\/secure.gravatar.com\/avatar\/769db425c6f465158149f1ffd6cf61ce7a8a879d11dfbef8288af36dfddd418c?s=96&d=mm&r=g","url":"https:\/\/secure.gravatar.com\/avatar\/769db425c6f465158149f1ffd6cf61ce7a8a879d11dfbef8288af36dfddd418c?s=96&d=mm&r=g","contentUrl":"https:\/\/secure.gravatar.com\/avatar\/769db425c6f465158149f1ffd6cf61ce7a8a879d11dfbef8288af36dfddd418c?s=96&d=mm&r=g","caption":"La r\u00e9daction"},"sameAs":["http:\/\/www.lkeria.com\/"],"url":"https:\/\/www.info-algerie.com\/actualites\/author\/chakib32\/"}]}},"_links":{"self":[{"href":"https:\/\/www.info-algerie.com\/actualites\/wp-json\/wp\/v2\/posts\/1063","targetHints":{"allow":["GET"]}}],"collection":[{"href":"https:\/\/www.info-algerie.com\/actualites\/wp-json\/wp\/v2\/posts"}],"about":[{"href":"https:\/\/www.info-algerie.com\/actualites\/wp-json\/wp\/v2\/types\/post"}],"author":[{"embeddable":true,"href":"https:\/\/www.info-algerie.com\/actualites\/wp-json\/wp\/v2\/users\/6"}],"replies":[{"embeddable":true,"href":"https:\/\/www.info-algerie.com\/actualites\/wp-json\/wp\/v2\/comments?post=1063"}],"version-history":[{"count":3,"href":"https:\/\/www.info-algerie.com\/actualites\/wp-json\/wp\/v2\/posts\/1063\/revisions"}],"predecessor-version":[{"id":1073,"href":"https:\/\/www.info-algerie.com\/actualites\/wp-json\/wp\/v2\/posts\/1063\/revisions\/1073"}],"wp:featuredmedia":[{"embeddable":true,"href":"https:\/\/www.info-algerie.com\/actualites\/wp-json\/wp\/v2\/media\/1071"}],"wp:attachment":[{"href":"https:\/\/www.info-algerie.com\/actualites\/wp-json\/wp\/v2\/media?parent=1063"}],"wp:term":[{"taxonomy":"category","embeddable":true,"href":"https:\/\/www.info-algerie.com\/actualites\/wp-json\/wp\/v2\/categories?post=1063"},{"taxonomy":"post_tag","embeddable":true,"href":"https:\/\/www.info-algerie.com\/actualites\/wp-json\/wp\/v2\/tags?post=1063"}],"curies":[{"name":"wp","href":"https:\/\/api.w.org\/{rel}","templated":true}]}}