{"id":10729,"date":"2017-04-22T11:50:44","date_gmt":"2017-04-22T10:50:44","guid":{"rendered":"http:\/\/www.info-algerie.com\/actualites\/lunion-en-nahda-adala-bina-douibi-et-djaballah-appellent-au-changement-pacifique\/"},"modified":"2017-04-22T11:50:44","modified_gmt":"2017-04-22T10:50:44","slug":"lunion-en-nahda-adala-bina-douibi-et-djaballah-appellent-au-changement-pacifique","status":"publish","type":"post","link":"https:\/\/www.info-algerie.com\/actualites\/lunion-en-nahda-adala-bina-douibi-et-djaballah-appellent-au-changement-pacifique\/","title":{"rendered":"L\u2019Union En-Nahda-Adala-Bina: Douibi et Djaballah appellent au \u2018\u2018changement pacifique\u2019\u2019"},"content":{"rendered":"<div class=\"K2FeedImage\"><img decoding=\"async\" src=\"https:\/\/www.info-algerie.com\/actualites\/wp-content\/uploads\/2017\/04\/4a18bce4993a1ade3fd91ea086ecc37a_S.jpg\" alt=\"L&#x2019;Union En-Nahda-Adala-Bina: Douibi et Djaballah appellent au &#x2018;&#x2018;changement pacifique&#x2019;&#x2019;\" \/><\/div>\n<div class=\"K2FeedIntroText\"> OUM EL BOUAGHI &#8211; Les repr\u00e9sentants du mouvement de L\u2019union En-Nahda-Adala-Bina Mohamed Douibi et Abdallah Djaballah ont appel\u00e9 vendredi \u00e0 Ain El Beida (wilaya d\u2019Oum El Bouaghi) \u00e0 la n\u00e9cessit\u00e9 \u2018\u2018d\u2019op\u00e9rer le changement pacifique voulu \u2018\u2018 lors des prochaines \u00e9lections l\u00e9gislatives. Animant un meeting populaire au th\u00e9\u00e2tre r\u00e9gional d\u2019Ain Beida,\u2026<\/div>\n<p>&#013;<br \/>\nSource: <a href=\"http:\/\/www.aps.dz\/algerie\/56606-l%E2%80%99union-en-nahda-adala-bina-mohamed-douibi-et-abdallah-djaballah-appellent-au-%E2%80%98%E2%80%98changement-pacifique%E2%80%99%E2%80%99\" target=\"_blank\">L\u2019Union En-Nahda-Adala-Bina: Douibi et Djaballah appellent au \u2018\u2018changement pacifique\u2019\u2019<\/a><\/p>\n<!--CusAds0-->\n<div style=\"font-size: 0px; height: 0px; line-height: 0px; margin: 0; padding: 0; clear: both;\"><\/div>","protected":false},"excerpt":{"rendered":"<p>OUM EL BOUAGHI &#8211; Les repr\u00e9sentants du mouvement de L\u2019union En-Nahda-Adala-Bina Mohamed Douibi et Abdallah Djaballah ont appel\u00e9 vendredi \u00e0 Ain El Beida (wilaya d\u2019Oum El Bouaghi) \u00e0 la n\u00e9cessit\u00e9 \u2018\u2018d\u2019op\u00e9rer le changement pacifique voulu \u2018\u2018 lors des prochaines \u00e9lections l\u00e9gislatives. Animant un meeting populaire au th\u00e9\u00e2tre r\u00e9gional d\u2019Ain Beida,\u2026 &#013; Source: L\u2019Union En-Nahda-Adala-Bina: Douibi<\/p>\n","protected":false},"author":6,"featured_media":10730,"comment_status":"open","ping_status":"open","sticky":false,"template":"","format":"standard","meta":{"footnotes":""},"categories":[22],"tags":[93],"class_list":["post-10729","post","type-post","status-publish","format-standard","has-post-thumbnail","hentry","category-infos","tag-onu"],"yoast_head":"<!-- This site is optimized with the Yoast SEO plugin v27.5 - https:\/\/yoast.com\/product\/yoast-seo-wordpress\/ -->\n<title>L\u2019Union En-Nahda-Adala-Bina: Douibi et Djaballah appellent au \u2018\u2018changement pacifique\u2019\u2019 - info algerie<\/title>\n<meta name=\"robots\" content=\"index, follow, max-snippet:-1, max-image-preview:large, max-video-preview:-1\" \/>\n<link rel=\"canonical\" href=\"https:\/\/www.info-algerie.com\/actualites\/lunion-en-nahda-adala-bina-douibi-et-djaballah-appellent-au-changement-pacifique\/\" \/>\n<meta property=\"og:locale\" content=\"fr_FR\" \/>\n<meta property=\"og:type\" content=\"article\" \/>\n<meta property=\"og:title\" content=\"L\u2019Union En-Nahda-Adala-Bina: Douibi et Djaballah appellent au \u2018\u2018changement pacifique\u2019\u2019 - info algerie\" \/>\n<meta property=\"og:description\" content=\"OUM EL BOUAGHI &#8211; Les repr\u00e9sentants du mouvement de L\u2019union En-Nahda-Adala-Bina Mohamed Douibi et Abdallah Djaballah ont appel\u00e9 vendredi \u00e0 Ain El Beida (wilaya d\u2019Oum El Bouaghi) \u00e0 la n\u00e9cessit\u00e9 \u2018\u2018d\u2019op\u00e9rer le changement pacifique voulu \u2018\u2018 lors des prochaines \u00e9lections l\u00e9gislatives. Animant un meeting populaire au th\u00e9\u00e2tre r\u00e9gional d\u2019Ain Beida,\u2026 &#013; Source: L\u2019Union En-Nahda-Adala-Bina: Douibi\" \/>\n<meta property=\"og:url\" content=\"https:\/\/www.info-algerie.com\/actualites\/lunion-en-nahda-adala-bina-douibi-et-djaballah-appellent-au-changement-pacifique\/\" \/>\n<meta property=\"og:site_name\" content=\"info algerie\" \/>\n<meta property=\"article:publisher\" content=\"https:\/\/www.facebook.com\/infoalgerieactu\" \/>\n<meta property=\"article:published_time\" content=\"2017-04-22T10:50:44+00:00\" \/>\n<meta property=\"og:image\" content=\"https:\/\/www.info-algerie.com\/actualites\/wp-content\/uploads\/2017\/04\/4a18bce4993a1ade3fd91ea086ecc37a_S-1.jpg\" \/>\n\t<meta property=\"og:image:width\" content=\"150\" \/>\n\t<meta property=\"og:image:height\" content=\"85\" \/>\n\t<meta property=\"og:image:type\" content=\"image\/jpeg\" \/>\n<meta name=\"author\" content=\"La r\u00e9daction\" \/>\n<meta name=\"twitter:label1\" content=\"\u00c9crit par\" \/>\n\t<meta name=\"twitter:data1\" content=\"La r\u00e9daction\" \/>\n<script type=\"application\/ld+json\" class=\"yoast-schema-graph\">{\"@context\":\"https:\\\/\\\/schema.org\",\"@graph\":[{\"@type\":\"Article\",\"@id\":\"https:\\\/\\\/www.info-algerie.com\\\/actualites\\\/lunion-en-nahda-adala-bina-douibi-et-djaballah-appellent-au-changement-pacifique\\\/#article\",\"isPartOf\":{\"@id\":\"https:\\\/\\\/www.info-algerie.com\\\/actualites\\\/lunion-en-nahda-adala-bina-douibi-et-djaballah-appellent-au-changement-pacifique\\\/\"},\"author\":{\"name\":\"La r\u00e9daction\",\"@id\":\"https:\\\/\\\/www.info-algerie.com\\\/actualites\\\/#\\\/schema\\\/person\\\/847aaec44920825b843a08f30ec6aa1e\"},\"headline\":\"L\u2019Union En-Nahda-Adala-Bina: Douibi et Djaballah appellent au \u2018\u2018changement pacifique\u2019\u2019\",\"datePublished\":\"2017-04-22T10:50:44+00:00\",\"mainEntityOfPage\":{\"@id\":\"https:\\\/\\\/www.info-algerie.com\\\/actualites\\\/lunion-en-nahda-adala-bina-douibi-et-djaballah-appellent-au-changement-pacifique\\\/\"},\"wordCount\":78,\"commentCount\":0,\"publisher\":{\"@id\":\"https:\\\/\\\/www.info-algerie.com\\\/actualites\\\/#organization\"},\"image\":{\"@id\":\"https:\\\/\\\/www.info-algerie.com\\\/actualites\\\/lunion-en-nahda-adala-bina-douibi-et-djaballah-appellent-au-changement-pacifique\\\/#primaryimage\"},\"thumbnailUrl\":\"https:\\\/\\\/www.info-algerie.com\\\/actualites\\\/wp-content\\\/uploads\\\/2017\\\/04\\\/4a18bce4993a1ade3fd91ea086ecc37a_S-1.jpg\",\"keywords\":[\"ONU\"],\"articleSection\":[\"infos\"],\"inLanguage\":\"fr-FR\",\"potentialAction\":[{\"@type\":\"CommentAction\",\"name\":\"Comment\",\"target\":[\"https:\\\/\\\/www.info-algerie.com\\\/actualites\\\/lunion-en-nahda-adala-bina-douibi-et-djaballah-appellent-au-changement-pacifique\\\/#respond\"]}]},{\"@type\":\"WebPage\",\"@id\":\"https:\\\/\\\/www.info-algerie.com\\\/actualites\\\/lunion-en-nahda-adala-bina-douibi-et-djaballah-appellent-au-changement-pacifique\\\/\",\"url\":\"https:\\\/\\\/www.info-algerie.com\\\/actualites\\\/lunion-en-nahda-adala-bina-douibi-et-djaballah-appellent-au-changement-pacifique\\\/\",\"name\":\"L\u2019Union En-Nahda-Adala-Bina: Douibi et Djaballah appellent au \u2018\u2018changement pacifique\u2019\u2019 - info algerie\",\"isPartOf\":{\"@id\":\"https:\\\/\\\/www.info-algerie.com\\\/actualites\\\/#website\"},\"primaryImageOfPage\":{\"@id\":\"https:\\\/\\\/www.info-algerie.com\\\/actualites\\\/lunion-en-nahda-adala-bina-douibi-et-djaballah-appellent-au-changement-pacifique\\\/#primaryimage\"},\"image\":{\"@id\":\"https:\\\/\\\/www.info-algerie.com\\\/actualites\\\/lunion-en-nahda-adala-bina-douibi-et-djaballah-appellent-au-changement-pacifique\\\/#primaryimage\"},\"thumbnailUrl\":\"https:\\\/\\\/www.info-algerie.com\\\/actualites\\\/wp-content\\\/uploads\\\/2017\\\/04\\\/4a18bce4993a1ade3fd91ea086ecc37a_S-1.jpg\",\"datePublished\":\"2017-04-22T10:50:44+00:00\",\"breadcrumb\":{\"@id\":\"https:\\\/\\\/www.info-algerie.com\\\/actualites\\\/lunion-en-nahda-adala-bina-douibi-et-djaballah-appellent-au-changement-pacifique\\\/#breadcrumb\"},\"inLanguage\":\"fr-FR\",\"potentialAction\":[{\"@type\":\"ReadAction\",\"target\":[\"https:\\\/\\\/www.info-algerie.com\\\/actualites\\\/lunion-en-nahda-adala-bina-douibi-et-djaballah-appellent-au-changement-pacifique\\\/\"]}]},{\"@type\":\"ImageObject\",\"inLanguage\":\"fr-FR\",\"@id\":\"https:\\\/\\\/www.info-algerie.com\\\/actualites\\\/lunion-en-nahda-adala-bina-douibi-et-djaballah-appellent-au-changement-pacifique\\\/#primaryimage\",\"url\":\"https:\\\/\\\/www.info-algerie.com\\\/actualites\\\/wp-content\\\/uploads\\\/2017\\\/04\\\/4a18bce4993a1ade3fd91ea086ecc37a_S-1.jpg\",\"contentUrl\":\"https:\\\/\\\/www.info-algerie.com\\\/actualites\\\/wp-content\\\/uploads\\\/2017\\\/04\\\/4a18bce4993a1ade3fd91ea086ecc37a_S-1.jpg\",\"width\":150,\"height\":85},{\"@type\":\"BreadcrumbList\",\"@id\":\"https:\\\/\\\/www.info-algerie.com\\\/actualites\\\/lunion-en-nahda-adala-bina-douibi-et-djaballah-appellent-au-changement-pacifique\\\/#breadcrumb\",\"itemListElement\":[{\"@type\":\"ListItem\",\"position\":1,\"name\":\"Accueil\",\"item\":\"https:\\\/\\\/www.info-algerie.com\\\/actualites\\\/\"},{\"@type\":\"ListItem\",\"position\":2,\"name\":\"L\u2019Union En-Nahda-Adala-Bina: Douibi et Djaballah appellent au \u2018\u2018changement pacifique\u2019\u2019\"}]},{\"@type\":\"WebSite\",\"@id\":\"https:\\\/\\\/www.info-algerie.com\\\/actualites\\\/#website\",\"url\":\"https:\\\/\\\/www.info-algerie.com\\\/actualites\\\/\",\"name\":\"info algerie\",\"description\":\"Toutes les actualit\u00e9s\",\"publisher\":{\"@id\":\"https:\\\/\\\/www.info-algerie.com\\\/actualites\\\/#organization\"},\"potentialAction\":[{\"@type\":\"SearchAction\",\"target\":{\"@type\":\"EntryPoint\",\"urlTemplate\":\"https:\\\/\\\/www.info-algerie.com\\\/actualites\\\/?s={search_term_string}\"},\"query-input\":{\"@type\":\"PropertyValueSpecification\",\"valueRequired\":true,\"valueName\":\"search_term_string\"}}],\"inLanguage\":\"fr-FR\"},{\"@type\":\"Organization\",\"@id\":\"https:\\\/\\\/www.info-algerie.com\\\/actualites\\\/#organization\",\"name\":\"info algerie\",\"url\":\"https:\\\/\\\/www.info-algerie.com\\\/actualites\\\/\",\"logo\":{\"@type\":\"ImageObject\",\"inLanguage\":\"fr-FR\",\"@id\":\"https:\\\/\\\/www.info-algerie.com\\\/actualites\\\/#\\\/schema\\\/logo\\\/image\\\/\",\"url\":\"https:\\\/\\\/www.info-algerie.com\\\/actualites\\\/wp-content\\\/uploads\\\/2022\\\/07\\\/logo-ia-120.png\",\"contentUrl\":\"https:\\\/\\\/www.info-algerie.com\\\/actualites\\\/wp-content\\\/uploads\\\/2022\\\/07\\\/logo-ia-120.png\",\"width\":120,\"height\":43,\"caption\":\"info algerie\"},\"image\":{\"@id\":\"https:\\\/\\\/www.info-algerie.com\\\/actualites\\\/#\\\/schema\\\/logo\\\/image\\\/\"},\"sameAs\":[\"https:\\\/\\\/www.facebook.com\\\/infoalgerieactu\",\"https:\\\/\\\/x.com\\\/infoalgerie1\"]},{\"@type\":\"Person\",\"@id\":\"https:\\\/\\\/www.info-algerie.com\\\/actualites\\\/#\\\/schema\\\/person\\\/847aaec44920825b843a08f30ec6aa1e\",\"name\":\"La r\u00e9daction\",\"image\":{\"@type\":\"ImageObject\",\"inLanguage\":\"fr-FR\",\"@id\":\"https:\\\/\\\/secure.gravatar.com\\\/avatar\\\/769db425c6f465158149f1ffd6cf61ce7a8a879d11dfbef8288af36dfddd418c?s=96&d=mm&r=g\",\"url\":\"https:\\\/\\\/secure.gravatar.com\\\/avatar\\\/769db425c6f465158149f1ffd6cf61ce7a8a879d11dfbef8288af36dfddd418c?s=96&d=mm&r=g\",\"contentUrl\":\"https:\\\/\\\/secure.gravatar.com\\\/avatar\\\/769db425c6f465158149f1ffd6cf61ce7a8a879d11dfbef8288af36dfddd418c?s=96&d=mm&r=g\",\"caption\":\"La r\u00e9daction\"},\"sameAs\":[\"http:\\\/\\\/www.lkeria.com\\\/\"],\"url\":\"https:\\\/\\\/www.info-algerie.com\\\/actualites\\\/author\\\/chakib32\\\/\"}]}<\/script>\n<!-- \/ Yoast SEO plugin. -->","yoast_head_json":{"title":"L\u2019Union En-Nahda-Adala-Bina: Douibi et Djaballah appellent au \u2018\u2018changement pacifique\u2019\u2019 - info algerie","robots":{"index":"index","follow":"follow","max-snippet":"max-snippet:-1","max-image-preview":"max-image-preview:large","max-video-preview":"max-video-preview:-1"},"canonical":"https:\/\/www.info-algerie.com\/actualites\/lunion-en-nahda-adala-bina-douibi-et-djaballah-appellent-au-changement-pacifique\/","og_locale":"fr_FR","og_type":"article","og_title":"L\u2019Union En-Nahda-Adala-Bina: Douibi et Djaballah appellent au \u2018\u2018changement pacifique\u2019\u2019 - info algerie","og_description":"OUM EL BOUAGHI &#8211; Les repr\u00e9sentants du mouvement de L\u2019union En-Nahda-Adala-Bina Mohamed Douibi et Abdallah Djaballah ont appel\u00e9 vendredi \u00e0 Ain El Beida (wilaya d\u2019Oum El Bouaghi) \u00e0 la n\u00e9cessit\u00e9 \u2018\u2018d\u2019op\u00e9rer le changement pacifique voulu \u2018\u2018 lors des prochaines \u00e9lections l\u00e9gislatives. Animant un meeting populaire au th\u00e9\u00e2tre r\u00e9gional d\u2019Ain Beida,\u2026 &#013; Source: L\u2019Union En-Nahda-Adala-Bina: Douibi","og_url":"https:\/\/www.info-algerie.com\/actualites\/lunion-en-nahda-adala-bina-douibi-et-djaballah-appellent-au-changement-pacifique\/","og_site_name":"info algerie","article_publisher":"https:\/\/www.facebook.com\/infoalgerieactu","article_published_time":"2017-04-22T10:50:44+00:00","og_image":[{"width":150,"height":85,"url":"https:\/\/www.info-algerie.com\/actualites\/wp-content\/uploads\/2017\/04\/4a18bce4993a1ade3fd91ea086ecc37a_S-1.jpg","type":"image\/jpeg"}],"author":"La r\u00e9daction","twitter_misc":{"\u00c9crit par":"La r\u00e9daction"},"schema":{"@context":"https:\/\/schema.org","@graph":[{"@type":"Article","@id":"https:\/\/www.info-algerie.com\/actualites\/lunion-en-nahda-adala-bina-douibi-et-djaballah-appellent-au-changement-pacifique\/#article","isPartOf":{"@id":"https:\/\/www.info-algerie.com\/actualites\/lunion-en-nahda-adala-bina-douibi-et-djaballah-appellent-au-changement-pacifique\/"},"author":{"name":"La r\u00e9daction","@id":"https:\/\/www.info-algerie.com\/actualites\/#\/schema\/person\/847aaec44920825b843a08f30ec6aa1e"},"headline":"L\u2019Union En-Nahda-Adala-Bina: Douibi et Djaballah appellent au \u2018\u2018changement pacifique\u2019\u2019","datePublished":"2017-04-22T10:50:44+00:00","mainEntityOfPage":{"@id":"https:\/\/www.info-algerie.com\/actualites\/lunion-en-nahda-adala-bina-douibi-et-djaballah-appellent-au-changement-pacifique\/"},"wordCount":78,"commentCount":0,"publisher":{"@id":"https:\/\/www.info-algerie.com\/actualites\/#organization"},"image":{"@id":"https:\/\/www.info-algerie.com\/actualites\/lunion-en-nahda-adala-bina-douibi-et-djaballah-appellent-au-changement-pacifique\/#primaryimage"},"thumbnailUrl":"https:\/\/www.info-algerie.com\/actualites\/wp-content\/uploads\/2017\/04\/4a18bce4993a1ade3fd91ea086ecc37a_S-1.jpg","keywords":["ONU"],"articleSection":["infos"],"inLanguage":"fr-FR","potentialAction":[{"@type":"CommentAction","name":"Comment","target":["https:\/\/www.info-algerie.com\/actualites\/lunion-en-nahda-adala-bina-douibi-et-djaballah-appellent-au-changement-pacifique\/#respond"]}]},{"@type":"WebPage","@id":"https:\/\/www.info-algerie.com\/actualites\/lunion-en-nahda-adala-bina-douibi-et-djaballah-appellent-au-changement-pacifique\/","url":"https:\/\/www.info-algerie.com\/actualites\/lunion-en-nahda-adala-bina-douibi-et-djaballah-appellent-au-changement-pacifique\/","name":"L\u2019Union En-Nahda-Adala-Bina: Douibi et Djaballah appellent au \u2018\u2018changement pacifique\u2019\u2019 - info algerie","isPartOf":{"@id":"https:\/\/www.info-algerie.com\/actualites\/#website"},"primaryImageOfPage":{"@id":"https:\/\/www.info-algerie.com\/actualites\/lunion-en-nahda-adala-bina-douibi-et-djaballah-appellent-au-changement-pacifique\/#primaryimage"},"image":{"@id":"https:\/\/www.info-algerie.com\/actualites\/lunion-en-nahda-adala-bina-douibi-et-djaballah-appellent-au-changement-pacifique\/#primaryimage"},"thumbnailUrl":"https:\/\/www.info-algerie.com\/actualites\/wp-content\/uploads\/2017\/04\/4a18bce4993a1ade3fd91ea086ecc37a_S-1.jpg","datePublished":"2017-04-22T10:50:44+00:00","breadcrumb":{"@id":"https:\/\/www.info-algerie.com\/actualites\/lunion-en-nahda-adala-bina-douibi-et-djaballah-appellent-au-changement-pacifique\/#breadcrumb"},"inLanguage":"fr-FR","potentialAction":[{"@type":"ReadAction","target":["https:\/\/www.info-algerie.com\/actualites\/lunion-en-nahda-adala-bina-douibi-et-djaballah-appellent-au-changement-pacifique\/"]}]},{"@type":"ImageObject","inLanguage":"fr-FR","@id":"https:\/\/www.info-algerie.com\/actualites\/lunion-en-nahda-adala-bina-douibi-et-djaballah-appellent-au-changement-pacifique\/#primaryimage","url":"https:\/\/www.info-algerie.com\/actualites\/wp-content\/uploads\/2017\/04\/4a18bce4993a1ade3fd91ea086ecc37a_S-1.jpg","contentUrl":"https:\/\/www.info-algerie.com\/actualites\/wp-content\/uploads\/2017\/04\/4a18bce4993a1ade3fd91ea086ecc37a_S-1.jpg","width":150,"height":85},{"@type":"BreadcrumbList","@id":"https:\/\/www.info-algerie.com\/actualites\/lunion-en-nahda-adala-bina-douibi-et-djaballah-appellent-au-changement-pacifique\/#breadcrumb","itemListElement":[{"@type":"ListItem","position":1,"name":"Accueil","item":"https:\/\/www.info-algerie.com\/actualites\/"},{"@type":"ListItem","position":2,"name":"L\u2019Union En-Nahda-Adala-Bina: Douibi et Djaballah appellent au \u2018\u2018changement pacifique\u2019\u2019"}]},{"@type":"WebSite","@id":"https:\/\/www.info-algerie.com\/actualites\/#website","url":"https:\/\/www.info-algerie.com\/actualites\/","name":"info algerie","description":"Toutes les actualit\u00e9s","publisher":{"@id":"https:\/\/www.info-algerie.com\/actualites\/#organization"},"potentialAction":[{"@type":"SearchAction","target":{"@type":"EntryPoint","urlTemplate":"https:\/\/www.info-algerie.com\/actualites\/?s={search_term_string}"},"query-input":{"@type":"PropertyValueSpecification","valueRequired":true,"valueName":"search_term_string"}}],"inLanguage":"fr-FR"},{"@type":"Organization","@id":"https:\/\/www.info-algerie.com\/actualites\/#organization","name":"info algerie","url":"https:\/\/www.info-algerie.com\/actualites\/","logo":{"@type":"ImageObject","inLanguage":"fr-FR","@id":"https:\/\/www.info-algerie.com\/actualites\/#\/schema\/logo\/image\/","url":"https:\/\/www.info-algerie.com\/actualites\/wp-content\/uploads\/2022\/07\/logo-ia-120.png","contentUrl":"https:\/\/www.info-algerie.com\/actualites\/wp-content\/uploads\/2022\/07\/logo-ia-120.png","width":120,"height":43,"caption":"info algerie"},"image":{"@id":"https:\/\/www.info-algerie.com\/actualites\/#\/schema\/logo\/image\/"},"sameAs":["https:\/\/www.facebook.com\/infoalgerieactu","https:\/\/x.com\/infoalgerie1"]},{"@type":"Person","@id":"https:\/\/www.info-algerie.com\/actualites\/#\/schema\/person\/847aaec44920825b843a08f30ec6aa1e","name":"La r\u00e9daction","image":{"@type":"ImageObject","inLanguage":"fr-FR","@id":"https:\/\/secure.gravatar.com\/avatar\/769db425c6f465158149f1ffd6cf61ce7a8a879d11dfbef8288af36dfddd418c?s=96&d=mm&r=g","url":"https:\/\/secure.gravatar.com\/avatar\/769db425c6f465158149f1ffd6cf61ce7a8a879d11dfbef8288af36dfddd418c?s=96&d=mm&r=g","contentUrl":"https:\/\/secure.gravatar.com\/avatar\/769db425c6f465158149f1ffd6cf61ce7a8a879d11dfbef8288af36dfddd418c?s=96&d=mm&r=g","caption":"La r\u00e9daction"},"sameAs":["http:\/\/www.lkeria.com\/"],"url":"https:\/\/www.info-algerie.com\/actualites\/author\/chakib32\/"}]}},"_links":{"self":[{"href":"https:\/\/www.info-algerie.com\/actualites\/wp-json\/wp\/v2\/posts\/10729","targetHints":{"allow":["GET"]}}],"collection":[{"href":"https:\/\/www.info-algerie.com\/actualites\/wp-json\/wp\/v2\/posts"}],"about":[{"href":"https:\/\/www.info-algerie.com\/actualites\/wp-json\/wp\/v2\/types\/post"}],"author":[{"embeddable":true,"href":"https:\/\/www.info-algerie.com\/actualites\/wp-json\/wp\/v2\/users\/6"}],"replies":[{"embeddable":true,"href":"https:\/\/www.info-algerie.com\/actualites\/wp-json\/wp\/v2\/comments?post=10729"}],"version-history":[{"count":0,"href":"https:\/\/www.info-algerie.com\/actualites\/wp-json\/wp\/v2\/posts\/10729\/revisions"}],"wp:featuredmedia":[{"embeddable":true,"href":"https:\/\/www.info-algerie.com\/actualites\/wp-json\/wp\/v2\/media\/10730"}],"wp:attachment":[{"href":"https:\/\/www.info-algerie.com\/actualites\/wp-json\/wp\/v2\/media?parent=10729"}],"wp:term":[{"taxonomy":"category","embeddable":true,"href":"https:\/\/www.info-algerie.com\/actualites\/wp-json\/wp\/v2\/categories?post=10729"},{"taxonomy":"post_tag","embeddable":true,"href":"https:\/\/www.info-algerie.com\/actualites\/wp-json\/wp\/v2\/tags?post=10729"}],"curies":[{"name":"wp","href":"https:\/\/api.w.org\/{rel}","templated":true}]}}