{"id":1076,"date":"2015-09-26T14:34:12","date_gmt":"2015-09-26T13:34:12","guid":{"rendered":"http:\/\/www.info-algerie.com\/actualites\/bousculade-a-mina-la-mecque-3-nouveaux-deces-algeriens-enregistres-mae\/"},"modified":"2015-09-26T14:34:12","modified_gmt":"2015-09-26T13:34:12","slug":"bousculade-a-mina-la-mecque-3-nouveaux-deces-algeriens-enregistres-mae","status":"publish","type":"post","link":"https:\/\/www.info-algerie.com\/actualites\/bousculade-a-mina-la-mecque-3-nouveaux-deces-algeriens-enregistres-mae\/","title":{"rendered":"Bousculade \u00e0 Mina (La Mecque): 3 nouveaux d\u00e9c\u00e8s alg\u00e9riens enregistr\u00e9s (MAE)"},"content":{"rendered":"<div class=\"K2FeedImage\"><img decoding=\"async\" src=\"\" alt=\"Bousculade &#xE0; Mina (La Mecque): 3 nouveaux d&#xE9;c&#xE8;s alg&#xE9;riens enregistr&#xE9;s (MAE)\" \/><\/div>\n<div class=\"K2FeedIntroText\"> ALGER &#8211; Trois (3) nouveaux d\u00e9c\u00e8s alg\u00e9riens ont \u00e9t\u00e9 enregistr\u00e9s lors de la bousculade survenue jeudi \u00e0 Mina (Mecque), portant ainsi le nombre de morts alg\u00e9riens \u00e0 sept (7), indique samedi un communiqu\u00e9 du minist\u00e8re des Affaires \u00e9trang\u00e8res. Il s&rsquo;agit de Ouled Abdelkader Lakhdar, Chena Afrou Kada (originaire de la\u2026<\/div>\n<p>&#013;<br \/>\nSource: <a href=\"http:\/\/www.aps.dz\/algerie\/29079-bousculade-%C3%A0-mina-la-mecque-3-nouveaux-d%C3%A9c%C3%A8s-alg%C3%A9riens-enregistr%C3%A9s-mae\" target=\"_blank\">Bousculade \u00e0 Mina (La Mecque): 3 nouveaux d\u00e9c\u00e8s alg\u00e9riens enregistr\u00e9s (MAE)<\/a><\/p>\n<!--CusAds0-->\n<div style=\"font-size: 0px; height: 0px; line-height: 0px; margin: 0; padding: 0; clear: both;\"><\/div>","protected":false},"excerpt":{"rendered":"<p>ALGER &#8211; Trois (3) nouveaux d\u00e9c\u00e8s alg\u00e9riens ont \u00e9t\u00e9 enregistr\u00e9s lors de la bousculade survenue jeudi \u00e0 Mina (Mecque), portant ainsi le nombre de morts alg\u00e9riens \u00e0 sept (7), indique samedi un communiqu\u00e9 du minist\u00e8re des Affaires \u00e9trang\u00e8res. Il s&rsquo;agit de Ouled Abdelkader Lakhdar, Chena Afrou Kada (originaire de la\u2026 &#013; Source: Bousculade \u00e0 Mina<\/p>\n","protected":false},"author":6,"featured_media":0,"comment_status":"open","ping_status":"open","sticky":false,"template":"","format":"standard","meta":{"footnotes":""},"categories":[22],"tags":[93],"class_list":["post-1076","post","type-post","status-publish","format-standard","hentry","category-infos","tag-onu"],"yoast_head":"<!-- This site is optimized with the Yoast SEO plugin v27.5 - https:\/\/yoast.com\/product\/yoast-seo-wordpress\/ -->\n<title>Bousculade \u00e0 Mina (La Mecque): 3 nouveaux d\u00e9c\u00e8s alg\u00e9riens enregistr\u00e9s (MAE) - info algerie<\/title>\n<meta name=\"robots\" content=\"index, follow, max-snippet:-1, max-image-preview:large, max-video-preview:-1\" \/>\n<link rel=\"canonical\" href=\"https:\/\/www.info-algerie.com\/actualites\/bousculade-a-mina-la-mecque-3-nouveaux-deces-algeriens-enregistres-mae\/\" \/>\n<meta property=\"og:locale\" content=\"fr_FR\" \/>\n<meta property=\"og:type\" content=\"article\" \/>\n<meta property=\"og:title\" content=\"Bousculade \u00e0 Mina (La Mecque): 3 nouveaux d\u00e9c\u00e8s alg\u00e9riens enregistr\u00e9s (MAE) - info algerie\" \/>\n<meta property=\"og:description\" content=\"ALGER &#8211; Trois (3) nouveaux d\u00e9c\u00e8s alg\u00e9riens ont \u00e9t\u00e9 enregistr\u00e9s lors de la bousculade survenue jeudi \u00e0 Mina (Mecque), portant ainsi le nombre de morts alg\u00e9riens \u00e0 sept (7), indique samedi un communiqu\u00e9 du minist\u00e8re des Affaires \u00e9trang\u00e8res. Il s&rsquo;agit de Ouled Abdelkader Lakhdar, Chena Afrou Kada (originaire de la\u2026 &#013; Source: Bousculade \u00e0 Mina\" \/>\n<meta property=\"og:url\" content=\"https:\/\/www.info-algerie.com\/actualites\/bousculade-a-mina-la-mecque-3-nouveaux-deces-algeriens-enregistres-mae\/\" \/>\n<meta property=\"og:site_name\" content=\"info algerie\" \/>\n<meta property=\"article:publisher\" content=\"https:\/\/www.facebook.com\/infoalgerieactu\" \/>\n<meta property=\"article:published_time\" content=\"2015-09-26T13:34:12+00:00\" \/>\n<meta name=\"author\" content=\"La r\u00e9daction\" \/>\n<meta name=\"twitter:label1\" content=\"\u00c9crit par\" \/>\n\t<meta name=\"twitter:data1\" content=\"La r\u00e9daction\" \/>\n<script type=\"application\/ld+json\" class=\"yoast-schema-graph\">{\"@context\":\"https:\\\/\\\/schema.org\",\"@graph\":[{\"@type\":\"Article\",\"@id\":\"https:\\\/\\\/www.info-algerie.com\\\/actualites\\\/bousculade-a-mina-la-mecque-3-nouveaux-deces-algeriens-enregistres-mae\\\/#article\",\"isPartOf\":{\"@id\":\"https:\\\/\\\/www.info-algerie.com\\\/actualites\\\/bousculade-a-mina-la-mecque-3-nouveaux-deces-algeriens-enregistres-mae\\\/\"},\"author\":{\"name\":\"La r\u00e9daction\",\"@id\":\"https:\\\/\\\/www.info-algerie.com\\\/actualites\\\/#\\\/schema\\\/person\\\/847aaec44920825b843a08f30ec6aa1e\"},\"headline\":\"Bousculade \u00e0 Mina (La Mecque): 3 nouveaux d\u00e9c\u00e8s alg\u00e9riens enregistr\u00e9s (MAE)\",\"datePublished\":\"2015-09-26T13:34:12+00:00\",\"mainEntityOfPage\":{\"@id\":\"https:\\\/\\\/www.info-algerie.com\\\/actualites\\\/bousculade-a-mina-la-mecque-3-nouveaux-deces-algeriens-enregistres-mae\\\/\"},\"wordCount\":81,\"commentCount\":0,\"publisher\":{\"@id\":\"https:\\\/\\\/www.info-algerie.com\\\/actualites\\\/#organization\"},\"keywords\":[\"ONU\"],\"articleSection\":[\"infos\"],\"inLanguage\":\"fr-FR\",\"potentialAction\":[{\"@type\":\"CommentAction\",\"name\":\"Comment\",\"target\":[\"https:\\\/\\\/www.info-algerie.com\\\/actualites\\\/bousculade-a-mina-la-mecque-3-nouveaux-deces-algeriens-enregistres-mae\\\/#respond\"]}]},{\"@type\":\"WebPage\",\"@id\":\"https:\\\/\\\/www.info-algerie.com\\\/actualites\\\/bousculade-a-mina-la-mecque-3-nouveaux-deces-algeriens-enregistres-mae\\\/\",\"url\":\"https:\\\/\\\/www.info-algerie.com\\\/actualites\\\/bousculade-a-mina-la-mecque-3-nouveaux-deces-algeriens-enregistres-mae\\\/\",\"name\":\"Bousculade \u00e0 Mina (La Mecque): 3 nouveaux d\u00e9c\u00e8s alg\u00e9riens enregistr\u00e9s (MAE) - info algerie\",\"isPartOf\":{\"@id\":\"https:\\\/\\\/www.info-algerie.com\\\/actualites\\\/#website\"},\"datePublished\":\"2015-09-26T13:34:12+00:00\",\"breadcrumb\":{\"@id\":\"https:\\\/\\\/www.info-algerie.com\\\/actualites\\\/bousculade-a-mina-la-mecque-3-nouveaux-deces-algeriens-enregistres-mae\\\/#breadcrumb\"},\"inLanguage\":\"fr-FR\",\"potentialAction\":[{\"@type\":\"ReadAction\",\"target\":[\"https:\\\/\\\/www.info-algerie.com\\\/actualites\\\/bousculade-a-mina-la-mecque-3-nouveaux-deces-algeriens-enregistres-mae\\\/\"]}]},{\"@type\":\"BreadcrumbList\",\"@id\":\"https:\\\/\\\/www.info-algerie.com\\\/actualites\\\/bousculade-a-mina-la-mecque-3-nouveaux-deces-algeriens-enregistres-mae\\\/#breadcrumb\",\"itemListElement\":[{\"@type\":\"ListItem\",\"position\":1,\"name\":\"Accueil\",\"item\":\"https:\\\/\\\/www.info-algerie.com\\\/actualites\\\/\"},{\"@type\":\"ListItem\",\"position\":2,\"name\":\"Bousculade \u00e0 Mina (La Mecque): 3 nouveaux d\u00e9c\u00e8s alg\u00e9riens enregistr\u00e9s (MAE)\"}]},{\"@type\":\"WebSite\",\"@id\":\"https:\\\/\\\/www.info-algerie.com\\\/actualites\\\/#website\",\"url\":\"https:\\\/\\\/www.info-algerie.com\\\/actualites\\\/\",\"name\":\"info algerie\",\"description\":\"Toutes les actualit\u00e9s\",\"publisher\":{\"@id\":\"https:\\\/\\\/www.info-algerie.com\\\/actualites\\\/#organization\"},\"potentialAction\":[{\"@type\":\"SearchAction\",\"target\":{\"@type\":\"EntryPoint\",\"urlTemplate\":\"https:\\\/\\\/www.info-algerie.com\\\/actualites\\\/?s={search_term_string}\"},\"query-input\":{\"@type\":\"PropertyValueSpecification\",\"valueRequired\":true,\"valueName\":\"search_term_string\"}}],\"inLanguage\":\"fr-FR\"},{\"@type\":\"Organization\",\"@id\":\"https:\\\/\\\/www.info-algerie.com\\\/actualites\\\/#organization\",\"name\":\"info algerie\",\"url\":\"https:\\\/\\\/www.info-algerie.com\\\/actualites\\\/\",\"logo\":{\"@type\":\"ImageObject\",\"inLanguage\":\"fr-FR\",\"@id\":\"https:\\\/\\\/www.info-algerie.com\\\/actualites\\\/#\\\/schema\\\/logo\\\/image\\\/\",\"url\":\"https:\\\/\\\/www.info-algerie.com\\\/actualites\\\/wp-content\\\/uploads\\\/2022\\\/07\\\/logo-ia-120.png\",\"contentUrl\":\"https:\\\/\\\/www.info-algerie.com\\\/actualites\\\/wp-content\\\/uploads\\\/2022\\\/07\\\/logo-ia-120.png\",\"width\":120,\"height\":43,\"caption\":\"info algerie\"},\"image\":{\"@id\":\"https:\\\/\\\/www.info-algerie.com\\\/actualites\\\/#\\\/schema\\\/logo\\\/image\\\/\"},\"sameAs\":[\"https:\\\/\\\/www.facebook.com\\\/infoalgerieactu\",\"https:\\\/\\\/x.com\\\/infoalgerie1\"]},{\"@type\":\"Person\",\"@id\":\"https:\\\/\\\/www.info-algerie.com\\\/actualites\\\/#\\\/schema\\\/person\\\/847aaec44920825b843a08f30ec6aa1e\",\"name\":\"La r\u00e9daction\",\"image\":{\"@type\":\"ImageObject\",\"inLanguage\":\"fr-FR\",\"@id\":\"https:\\\/\\\/secure.gravatar.com\\\/avatar\\\/769db425c6f465158149f1ffd6cf61ce7a8a879d11dfbef8288af36dfddd418c?s=96&d=mm&r=g\",\"url\":\"https:\\\/\\\/secure.gravatar.com\\\/avatar\\\/769db425c6f465158149f1ffd6cf61ce7a8a879d11dfbef8288af36dfddd418c?s=96&d=mm&r=g\",\"contentUrl\":\"https:\\\/\\\/secure.gravatar.com\\\/avatar\\\/769db425c6f465158149f1ffd6cf61ce7a8a879d11dfbef8288af36dfddd418c?s=96&d=mm&r=g\",\"caption\":\"La r\u00e9daction\"},\"sameAs\":[\"http:\\\/\\\/www.lkeria.com\\\/\"],\"url\":\"https:\\\/\\\/www.info-algerie.com\\\/actualites\\\/author\\\/chakib32\\\/\"}]}<\/script>\n<!-- \/ Yoast SEO plugin. -->","yoast_head_json":{"title":"Bousculade \u00e0 Mina (La Mecque): 3 nouveaux d\u00e9c\u00e8s alg\u00e9riens enregistr\u00e9s (MAE) - info algerie","robots":{"index":"index","follow":"follow","max-snippet":"max-snippet:-1","max-image-preview":"max-image-preview:large","max-video-preview":"max-video-preview:-1"},"canonical":"https:\/\/www.info-algerie.com\/actualites\/bousculade-a-mina-la-mecque-3-nouveaux-deces-algeriens-enregistres-mae\/","og_locale":"fr_FR","og_type":"article","og_title":"Bousculade \u00e0 Mina (La Mecque): 3 nouveaux d\u00e9c\u00e8s alg\u00e9riens enregistr\u00e9s (MAE) - info algerie","og_description":"ALGER &#8211; Trois (3) nouveaux d\u00e9c\u00e8s alg\u00e9riens ont \u00e9t\u00e9 enregistr\u00e9s lors de la bousculade survenue jeudi \u00e0 Mina (Mecque), portant ainsi le nombre de morts alg\u00e9riens \u00e0 sept (7), indique samedi un communiqu\u00e9 du minist\u00e8re des Affaires \u00e9trang\u00e8res. Il s&rsquo;agit de Ouled Abdelkader Lakhdar, Chena Afrou Kada (originaire de la\u2026 &#013; Source: Bousculade \u00e0 Mina","og_url":"https:\/\/www.info-algerie.com\/actualites\/bousculade-a-mina-la-mecque-3-nouveaux-deces-algeriens-enregistres-mae\/","og_site_name":"info algerie","article_publisher":"https:\/\/www.facebook.com\/infoalgerieactu","article_published_time":"2015-09-26T13:34:12+00:00","author":"La r\u00e9daction","twitter_misc":{"\u00c9crit par":"La r\u00e9daction"},"schema":{"@context":"https:\/\/schema.org","@graph":[{"@type":"Article","@id":"https:\/\/www.info-algerie.com\/actualites\/bousculade-a-mina-la-mecque-3-nouveaux-deces-algeriens-enregistres-mae\/#article","isPartOf":{"@id":"https:\/\/www.info-algerie.com\/actualites\/bousculade-a-mina-la-mecque-3-nouveaux-deces-algeriens-enregistres-mae\/"},"author":{"name":"La r\u00e9daction","@id":"https:\/\/www.info-algerie.com\/actualites\/#\/schema\/person\/847aaec44920825b843a08f30ec6aa1e"},"headline":"Bousculade \u00e0 Mina (La Mecque): 3 nouveaux d\u00e9c\u00e8s alg\u00e9riens enregistr\u00e9s (MAE)","datePublished":"2015-09-26T13:34:12+00:00","mainEntityOfPage":{"@id":"https:\/\/www.info-algerie.com\/actualites\/bousculade-a-mina-la-mecque-3-nouveaux-deces-algeriens-enregistres-mae\/"},"wordCount":81,"commentCount":0,"publisher":{"@id":"https:\/\/www.info-algerie.com\/actualites\/#organization"},"keywords":["ONU"],"articleSection":["infos"],"inLanguage":"fr-FR","potentialAction":[{"@type":"CommentAction","name":"Comment","target":["https:\/\/www.info-algerie.com\/actualites\/bousculade-a-mina-la-mecque-3-nouveaux-deces-algeriens-enregistres-mae\/#respond"]}]},{"@type":"WebPage","@id":"https:\/\/www.info-algerie.com\/actualites\/bousculade-a-mina-la-mecque-3-nouveaux-deces-algeriens-enregistres-mae\/","url":"https:\/\/www.info-algerie.com\/actualites\/bousculade-a-mina-la-mecque-3-nouveaux-deces-algeriens-enregistres-mae\/","name":"Bousculade \u00e0 Mina (La Mecque): 3 nouveaux d\u00e9c\u00e8s alg\u00e9riens enregistr\u00e9s (MAE) - info algerie","isPartOf":{"@id":"https:\/\/www.info-algerie.com\/actualites\/#website"},"datePublished":"2015-09-26T13:34:12+00:00","breadcrumb":{"@id":"https:\/\/www.info-algerie.com\/actualites\/bousculade-a-mina-la-mecque-3-nouveaux-deces-algeriens-enregistres-mae\/#breadcrumb"},"inLanguage":"fr-FR","potentialAction":[{"@type":"ReadAction","target":["https:\/\/www.info-algerie.com\/actualites\/bousculade-a-mina-la-mecque-3-nouveaux-deces-algeriens-enregistres-mae\/"]}]},{"@type":"BreadcrumbList","@id":"https:\/\/www.info-algerie.com\/actualites\/bousculade-a-mina-la-mecque-3-nouveaux-deces-algeriens-enregistres-mae\/#breadcrumb","itemListElement":[{"@type":"ListItem","position":1,"name":"Accueil","item":"https:\/\/www.info-algerie.com\/actualites\/"},{"@type":"ListItem","position":2,"name":"Bousculade \u00e0 Mina (La Mecque): 3 nouveaux d\u00e9c\u00e8s alg\u00e9riens enregistr\u00e9s (MAE)"}]},{"@type":"WebSite","@id":"https:\/\/www.info-algerie.com\/actualites\/#website","url":"https:\/\/www.info-algerie.com\/actualites\/","name":"info algerie","description":"Toutes les actualit\u00e9s","publisher":{"@id":"https:\/\/www.info-algerie.com\/actualites\/#organization"},"potentialAction":[{"@type":"SearchAction","target":{"@type":"EntryPoint","urlTemplate":"https:\/\/www.info-algerie.com\/actualites\/?s={search_term_string}"},"query-input":{"@type":"PropertyValueSpecification","valueRequired":true,"valueName":"search_term_string"}}],"inLanguage":"fr-FR"},{"@type":"Organization","@id":"https:\/\/www.info-algerie.com\/actualites\/#organization","name":"info algerie","url":"https:\/\/www.info-algerie.com\/actualites\/","logo":{"@type":"ImageObject","inLanguage":"fr-FR","@id":"https:\/\/www.info-algerie.com\/actualites\/#\/schema\/logo\/image\/","url":"https:\/\/www.info-algerie.com\/actualites\/wp-content\/uploads\/2022\/07\/logo-ia-120.png","contentUrl":"https:\/\/www.info-algerie.com\/actualites\/wp-content\/uploads\/2022\/07\/logo-ia-120.png","width":120,"height":43,"caption":"info algerie"},"image":{"@id":"https:\/\/www.info-algerie.com\/actualites\/#\/schema\/logo\/image\/"},"sameAs":["https:\/\/www.facebook.com\/infoalgerieactu","https:\/\/x.com\/infoalgerie1"]},{"@type":"Person","@id":"https:\/\/www.info-algerie.com\/actualites\/#\/schema\/person\/847aaec44920825b843a08f30ec6aa1e","name":"La r\u00e9daction","image":{"@type":"ImageObject","inLanguage":"fr-FR","@id":"https:\/\/secure.gravatar.com\/avatar\/769db425c6f465158149f1ffd6cf61ce7a8a879d11dfbef8288af36dfddd418c?s=96&d=mm&r=g","url":"https:\/\/secure.gravatar.com\/avatar\/769db425c6f465158149f1ffd6cf61ce7a8a879d11dfbef8288af36dfddd418c?s=96&d=mm&r=g","contentUrl":"https:\/\/secure.gravatar.com\/avatar\/769db425c6f465158149f1ffd6cf61ce7a8a879d11dfbef8288af36dfddd418c?s=96&d=mm&r=g","caption":"La r\u00e9daction"},"sameAs":["http:\/\/www.lkeria.com\/"],"url":"https:\/\/www.info-algerie.com\/actualites\/author\/chakib32\/"}]}},"_links":{"self":[{"href":"https:\/\/www.info-algerie.com\/actualites\/wp-json\/wp\/v2\/posts\/1076","targetHints":{"allow":["GET"]}}],"collection":[{"href":"https:\/\/www.info-algerie.com\/actualites\/wp-json\/wp\/v2\/posts"}],"about":[{"href":"https:\/\/www.info-algerie.com\/actualites\/wp-json\/wp\/v2\/types\/post"}],"author":[{"embeddable":true,"href":"https:\/\/www.info-algerie.com\/actualites\/wp-json\/wp\/v2\/users\/6"}],"replies":[{"embeddable":true,"href":"https:\/\/www.info-algerie.com\/actualites\/wp-json\/wp\/v2\/comments?post=1076"}],"version-history":[{"count":0,"href":"https:\/\/www.info-algerie.com\/actualites\/wp-json\/wp\/v2\/posts\/1076\/revisions"}],"wp:attachment":[{"href":"https:\/\/www.info-algerie.com\/actualites\/wp-json\/wp\/v2\/media?parent=1076"}],"wp:term":[{"taxonomy":"category","embeddable":true,"href":"https:\/\/www.info-algerie.com\/actualites\/wp-json\/wp\/v2\/categories?post=1076"},{"taxonomy":"post_tag","embeddable":true,"href":"https:\/\/www.info-algerie.com\/actualites\/wp-json\/wp\/v2\/tags?post=1076"}],"curies":[{"name":"wp","href":"https:\/\/api.w.org\/{rel}","templated":true}]}}