{"id":10770,"date":"2017-04-22T17:07:56","date_gmt":"2017-04-22T16:07:56","guid":{"rendered":"http:\/\/www.info-algerie.com\/actualites\/mobilisation-de-tous-les-algeriens-pour-faire-face-aux-defis-actuels-benbaibeche\/"},"modified":"2017-04-22T17:07:56","modified_gmt":"2017-04-22T16:07:56","slug":"mobilisation-de-tous-les-algeriens-pour-faire-face-aux-defis-actuels-benbaibeche","status":"publish","type":"post","link":"https:\/\/www.info-algerie.com\/actualites\/mobilisation-de-tous-les-algeriens-pour-faire-face-aux-defis-actuels-benbaibeche\/","title":{"rendered":"Mobilisation de tous les Alg\u00e9riens pour faire face aux d\u00e9fis actuels (Benba\u00efbeche)"},"content":{"rendered":"<div class=\"K2FeedIntroText\"> ADRAR &#8211; Le secr\u00e9taire g\u00e9n\u00e9ral du parti El-Fadjr El-Djadid, Tahar Benba\u00efbeche, a appel\u00e9 samedi depuis Adrar tous les Alg\u00e9riens \u00e0 se mobiliser pour faire face aux d\u00e9fis actuels. S\u2019exprimant lors d\u2019un meeting populaire tenu dans le cadre du 14\u00e8me jour de la campagne \u00e9lectorale pour les prochaines l\u00e9gislatives, M. Benba\u00efbeche\u2026<\/div>\n<p>&#013;<br \/>\nSource: <a href=\"http:\/\/www.aps.dz\/algerie\/56646-mobilisation-de-tous-les-alg%C3%A9riens-pour-faire-face-aux-d%C3%A9fis-actuels-benba%C3%AFbeche\" target=\"_blank\">Mobilisation de tous les Alg\u00e9riens pour faire face aux d\u00e9fis actuels (Benba\u00efbeche)<\/a><\/p>\n<!--CusAds0-->\n<div style=\"font-size: 0px; height: 0px; line-height: 0px; margin: 0; padding: 0; clear: both;\"><\/div>","protected":false},"excerpt":{"rendered":"<p>ADRAR &#8211; Le secr\u00e9taire g\u00e9n\u00e9ral du parti El-Fadjr El-Djadid, Tahar Benba\u00efbeche, a appel\u00e9 samedi depuis Adrar tous les Alg\u00e9riens \u00e0 se mobiliser pour faire face aux d\u00e9fis actuels. S\u2019exprimant lors d\u2019un meeting populaire tenu dans le cadre du 14\u00e8me jour de la campagne \u00e9lectorale pour les prochaines l\u00e9gislatives, M. Benba\u00efbeche\u2026 &#013; Source: Mobilisation de tous<\/p>\n","protected":false},"author":6,"featured_media":0,"comment_status":"open","ping_status":"open","sticky":false,"template":"","format":"standard","meta":{"footnotes":""},"categories":[22],"tags":[93],"class_list":["post-10770","post","type-post","status-publish","format-standard","hentry","category-infos","tag-onu"],"yoast_head":"<!-- This site is optimized with the Yoast SEO plugin v27.5 - https:\/\/yoast.com\/product\/yoast-seo-wordpress\/ -->\n<title>Mobilisation de tous les Alg\u00e9riens pour faire face aux d\u00e9fis actuels (Benba\u00efbeche) - info algerie<\/title>\n<meta name=\"robots\" content=\"index, follow, max-snippet:-1, max-image-preview:large, max-video-preview:-1\" \/>\n<link rel=\"canonical\" href=\"https:\/\/www.info-algerie.com\/actualites\/mobilisation-de-tous-les-algeriens-pour-faire-face-aux-defis-actuels-benbaibeche\/\" \/>\n<meta property=\"og:locale\" content=\"fr_FR\" \/>\n<meta property=\"og:type\" content=\"article\" \/>\n<meta property=\"og:title\" content=\"Mobilisation de tous les Alg\u00e9riens pour faire face aux d\u00e9fis actuels (Benba\u00efbeche) - info algerie\" \/>\n<meta property=\"og:description\" content=\"ADRAR &#8211; Le secr\u00e9taire g\u00e9n\u00e9ral du parti El-Fadjr El-Djadid, Tahar Benba\u00efbeche, a appel\u00e9 samedi depuis Adrar tous les Alg\u00e9riens \u00e0 se mobiliser pour faire face aux d\u00e9fis actuels. S\u2019exprimant lors d\u2019un meeting populaire tenu dans le cadre du 14\u00e8me jour de la campagne \u00e9lectorale pour les prochaines l\u00e9gislatives, M. Benba\u00efbeche\u2026 &#013; Source: Mobilisation de tous\" \/>\n<meta property=\"og:url\" content=\"https:\/\/www.info-algerie.com\/actualites\/mobilisation-de-tous-les-algeriens-pour-faire-face-aux-defis-actuels-benbaibeche\/\" \/>\n<meta property=\"og:site_name\" content=\"info algerie\" \/>\n<meta property=\"article:publisher\" content=\"https:\/\/www.facebook.com\/infoalgerieactu\" \/>\n<meta property=\"article:published_time\" content=\"2017-04-22T16:07:56+00:00\" \/>\n<meta name=\"author\" content=\"La r\u00e9daction\" \/>\n<meta name=\"twitter:label1\" content=\"\u00c9crit par\" \/>\n\t<meta name=\"twitter:data1\" content=\"La r\u00e9daction\" \/>\n<script type=\"application\/ld+json\" class=\"yoast-schema-graph\">{\"@context\":\"https:\\\/\\\/schema.org\",\"@graph\":[{\"@type\":\"Article\",\"@id\":\"https:\\\/\\\/www.info-algerie.com\\\/actualites\\\/mobilisation-de-tous-les-algeriens-pour-faire-face-aux-defis-actuels-benbaibeche\\\/#article\",\"isPartOf\":{\"@id\":\"https:\\\/\\\/www.info-algerie.com\\\/actualites\\\/mobilisation-de-tous-les-algeriens-pour-faire-face-aux-defis-actuels-benbaibeche\\\/\"},\"author\":{\"name\":\"La r\u00e9daction\",\"@id\":\"https:\\\/\\\/www.info-algerie.com\\\/actualites\\\/#\\\/schema\\\/person\\\/847aaec44920825b843a08f30ec6aa1e\"},\"headline\":\"Mobilisation de tous les Alg\u00e9riens pour faire face aux d\u00e9fis actuels (Benba\u00efbeche)\",\"datePublished\":\"2017-04-22T16:07:56+00:00\",\"mainEntityOfPage\":{\"@id\":\"https:\\\/\\\/www.info-algerie.com\\\/actualites\\\/mobilisation-de-tous-les-algeriens-pour-faire-face-aux-defis-actuels-benbaibeche\\\/\"},\"wordCount\":90,\"commentCount\":0,\"publisher\":{\"@id\":\"https:\\\/\\\/www.info-algerie.com\\\/actualites\\\/#organization\"},\"keywords\":[\"ONU\"],\"articleSection\":[\"infos\"],\"inLanguage\":\"fr-FR\",\"potentialAction\":[{\"@type\":\"CommentAction\",\"name\":\"Comment\",\"target\":[\"https:\\\/\\\/www.info-algerie.com\\\/actualites\\\/mobilisation-de-tous-les-algeriens-pour-faire-face-aux-defis-actuels-benbaibeche\\\/#respond\"]}]},{\"@type\":\"WebPage\",\"@id\":\"https:\\\/\\\/www.info-algerie.com\\\/actualites\\\/mobilisation-de-tous-les-algeriens-pour-faire-face-aux-defis-actuels-benbaibeche\\\/\",\"url\":\"https:\\\/\\\/www.info-algerie.com\\\/actualites\\\/mobilisation-de-tous-les-algeriens-pour-faire-face-aux-defis-actuels-benbaibeche\\\/\",\"name\":\"Mobilisation de tous les Alg\u00e9riens pour faire face aux d\u00e9fis actuels (Benba\u00efbeche) - info algerie\",\"isPartOf\":{\"@id\":\"https:\\\/\\\/www.info-algerie.com\\\/actualites\\\/#website\"},\"datePublished\":\"2017-04-22T16:07:56+00:00\",\"breadcrumb\":{\"@id\":\"https:\\\/\\\/www.info-algerie.com\\\/actualites\\\/mobilisation-de-tous-les-algeriens-pour-faire-face-aux-defis-actuels-benbaibeche\\\/#breadcrumb\"},\"inLanguage\":\"fr-FR\",\"potentialAction\":[{\"@type\":\"ReadAction\",\"target\":[\"https:\\\/\\\/www.info-algerie.com\\\/actualites\\\/mobilisation-de-tous-les-algeriens-pour-faire-face-aux-defis-actuels-benbaibeche\\\/\"]}]},{\"@type\":\"BreadcrumbList\",\"@id\":\"https:\\\/\\\/www.info-algerie.com\\\/actualites\\\/mobilisation-de-tous-les-algeriens-pour-faire-face-aux-defis-actuels-benbaibeche\\\/#breadcrumb\",\"itemListElement\":[{\"@type\":\"ListItem\",\"position\":1,\"name\":\"Accueil\",\"item\":\"https:\\\/\\\/www.info-algerie.com\\\/actualites\\\/\"},{\"@type\":\"ListItem\",\"position\":2,\"name\":\"Mobilisation de tous les Alg\u00e9riens pour faire face aux d\u00e9fis actuels (Benba\u00efbeche)\"}]},{\"@type\":\"WebSite\",\"@id\":\"https:\\\/\\\/www.info-algerie.com\\\/actualites\\\/#website\",\"url\":\"https:\\\/\\\/www.info-algerie.com\\\/actualites\\\/\",\"name\":\"info algerie\",\"description\":\"Toutes les actualit\u00e9s\",\"publisher\":{\"@id\":\"https:\\\/\\\/www.info-algerie.com\\\/actualites\\\/#organization\"},\"potentialAction\":[{\"@type\":\"SearchAction\",\"target\":{\"@type\":\"EntryPoint\",\"urlTemplate\":\"https:\\\/\\\/www.info-algerie.com\\\/actualites\\\/?s={search_term_string}\"},\"query-input\":{\"@type\":\"PropertyValueSpecification\",\"valueRequired\":true,\"valueName\":\"search_term_string\"}}],\"inLanguage\":\"fr-FR\"},{\"@type\":\"Organization\",\"@id\":\"https:\\\/\\\/www.info-algerie.com\\\/actualites\\\/#organization\",\"name\":\"info algerie\",\"url\":\"https:\\\/\\\/www.info-algerie.com\\\/actualites\\\/\",\"logo\":{\"@type\":\"ImageObject\",\"inLanguage\":\"fr-FR\",\"@id\":\"https:\\\/\\\/www.info-algerie.com\\\/actualites\\\/#\\\/schema\\\/logo\\\/image\\\/\",\"url\":\"https:\\\/\\\/www.info-algerie.com\\\/actualites\\\/wp-content\\\/uploads\\\/2022\\\/07\\\/logo-ia-120.png\",\"contentUrl\":\"https:\\\/\\\/www.info-algerie.com\\\/actualites\\\/wp-content\\\/uploads\\\/2022\\\/07\\\/logo-ia-120.png\",\"width\":120,\"height\":43,\"caption\":\"info algerie\"},\"image\":{\"@id\":\"https:\\\/\\\/www.info-algerie.com\\\/actualites\\\/#\\\/schema\\\/logo\\\/image\\\/\"},\"sameAs\":[\"https:\\\/\\\/www.facebook.com\\\/infoalgerieactu\",\"https:\\\/\\\/x.com\\\/infoalgerie1\"]},{\"@type\":\"Person\",\"@id\":\"https:\\\/\\\/www.info-algerie.com\\\/actualites\\\/#\\\/schema\\\/person\\\/847aaec44920825b843a08f30ec6aa1e\",\"name\":\"La r\u00e9daction\",\"image\":{\"@type\":\"ImageObject\",\"inLanguage\":\"fr-FR\",\"@id\":\"https:\\\/\\\/secure.gravatar.com\\\/avatar\\\/769db425c6f465158149f1ffd6cf61ce7a8a879d11dfbef8288af36dfddd418c?s=96&d=mm&r=g\",\"url\":\"https:\\\/\\\/secure.gravatar.com\\\/avatar\\\/769db425c6f465158149f1ffd6cf61ce7a8a879d11dfbef8288af36dfddd418c?s=96&d=mm&r=g\",\"contentUrl\":\"https:\\\/\\\/secure.gravatar.com\\\/avatar\\\/769db425c6f465158149f1ffd6cf61ce7a8a879d11dfbef8288af36dfddd418c?s=96&d=mm&r=g\",\"caption\":\"La r\u00e9daction\"},\"sameAs\":[\"http:\\\/\\\/www.lkeria.com\\\/\"],\"url\":\"https:\\\/\\\/www.info-algerie.com\\\/actualites\\\/author\\\/chakib32\\\/\"}]}<\/script>\n<!-- \/ Yoast SEO plugin. -->","yoast_head_json":{"title":"Mobilisation de tous les Alg\u00e9riens pour faire face aux d\u00e9fis actuels (Benba\u00efbeche) - info algerie","robots":{"index":"index","follow":"follow","max-snippet":"max-snippet:-1","max-image-preview":"max-image-preview:large","max-video-preview":"max-video-preview:-1"},"canonical":"https:\/\/www.info-algerie.com\/actualites\/mobilisation-de-tous-les-algeriens-pour-faire-face-aux-defis-actuels-benbaibeche\/","og_locale":"fr_FR","og_type":"article","og_title":"Mobilisation de tous les Alg\u00e9riens pour faire face aux d\u00e9fis actuels (Benba\u00efbeche) - info algerie","og_description":"ADRAR &#8211; Le secr\u00e9taire g\u00e9n\u00e9ral du parti El-Fadjr El-Djadid, Tahar Benba\u00efbeche, a appel\u00e9 samedi depuis Adrar tous les Alg\u00e9riens \u00e0 se mobiliser pour faire face aux d\u00e9fis actuels. S\u2019exprimant lors d\u2019un meeting populaire tenu dans le cadre du 14\u00e8me jour de la campagne \u00e9lectorale pour les prochaines l\u00e9gislatives, M. Benba\u00efbeche\u2026 &#013; Source: Mobilisation de tous","og_url":"https:\/\/www.info-algerie.com\/actualites\/mobilisation-de-tous-les-algeriens-pour-faire-face-aux-defis-actuels-benbaibeche\/","og_site_name":"info algerie","article_publisher":"https:\/\/www.facebook.com\/infoalgerieactu","article_published_time":"2017-04-22T16:07:56+00:00","author":"La r\u00e9daction","twitter_misc":{"\u00c9crit par":"La r\u00e9daction"},"schema":{"@context":"https:\/\/schema.org","@graph":[{"@type":"Article","@id":"https:\/\/www.info-algerie.com\/actualites\/mobilisation-de-tous-les-algeriens-pour-faire-face-aux-defis-actuels-benbaibeche\/#article","isPartOf":{"@id":"https:\/\/www.info-algerie.com\/actualites\/mobilisation-de-tous-les-algeriens-pour-faire-face-aux-defis-actuels-benbaibeche\/"},"author":{"name":"La r\u00e9daction","@id":"https:\/\/www.info-algerie.com\/actualites\/#\/schema\/person\/847aaec44920825b843a08f30ec6aa1e"},"headline":"Mobilisation de tous les Alg\u00e9riens pour faire face aux d\u00e9fis actuels (Benba\u00efbeche)","datePublished":"2017-04-22T16:07:56+00:00","mainEntityOfPage":{"@id":"https:\/\/www.info-algerie.com\/actualites\/mobilisation-de-tous-les-algeriens-pour-faire-face-aux-defis-actuels-benbaibeche\/"},"wordCount":90,"commentCount":0,"publisher":{"@id":"https:\/\/www.info-algerie.com\/actualites\/#organization"},"keywords":["ONU"],"articleSection":["infos"],"inLanguage":"fr-FR","potentialAction":[{"@type":"CommentAction","name":"Comment","target":["https:\/\/www.info-algerie.com\/actualites\/mobilisation-de-tous-les-algeriens-pour-faire-face-aux-defis-actuels-benbaibeche\/#respond"]}]},{"@type":"WebPage","@id":"https:\/\/www.info-algerie.com\/actualites\/mobilisation-de-tous-les-algeriens-pour-faire-face-aux-defis-actuels-benbaibeche\/","url":"https:\/\/www.info-algerie.com\/actualites\/mobilisation-de-tous-les-algeriens-pour-faire-face-aux-defis-actuels-benbaibeche\/","name":"Mobilisation de tous les Alg\u00e9riens pour faire face aux d\u00e9fis actuels (Benba\u00efbeche) - info algerie","isPartOf":{"@id":"https:\/\/www.info-algerie.com\/actualites\/#website"},"datePublished":"2017-04-22T16:07:56+00:00","breadcrumb":{"@id":"https:\/\/www.info-algerie.com\/actualites\/mobilisation-de-tous-les-algeriens-pour-faire-face-aux-defis-actuels-benbaibeche\/#breadcrumb"},"inLanguage":"fr-FR","potentialAction":[{"@type":"ReadAction","target":["https:\/\/www.info-algerie.com\/actualites\/mobilisation-de-tous-les-algeriens-pour-faire-face-aux-defis-actuels-benbaibeche\/"]}]},{"@type":"BreadcrumbList","@id":"https:\/\/www.info-algerie.com\/actualites\/mobilisation-de-tous-les-algeriens-pour-faire-face-aux-defis-actuels-benbaibeche\/#breadcrumb","itemListElement":[{"@type":"ListItem","position":1,"name":"Accueil","item":"https:\/\/www.info-algerie.com\/actualites\/"},{"@type":"ListItem","position":2,"name":"Mobilisation de tous les Alg\u00e9riens pour faire face aux d\u00e9fis actuels (Benba\u00efbeche)"}]},{"@type":"WebSite","@id":"https:\/\/www.info-algerie.com\/actualites\/#website","url":"https:\/\/www.info-algerie.com\/actualites\/","name":"info algerie","description":"Toutes les actualit\u00e9s","publisher":{"@id":"https:\/\/www.info-algerie.com\/actualites\/#organization"},"potentialAction":[{"@type":"SearchAction","target":{"@type":"EntryPoint","urlTemplate":"https:\/\/www.info-algerie.com\/actualites\/?s={search_term_string}"},"query-input":{"@type":"PropertyValueSpecification","valueRequired":true,"valueName":"search_term_string"}}],"inLanguage":"fr-FR"},{"@type":"Organization","@id":"https:\/\/www.info-algerie.com\/actualites\/#organization","name":"info algerie","url":"https:\/\/www.info-algerie.com\/actualites\/","logo":{"@type":"ImageObject","inLanguage":"fr-FR","@id":"https:\/\/www.info-algerie.com\/actualites\/#\/schema\/logo\/image\/","url":"https:\/\/www.info-algerie.com\/actualites\/wp-content\/uploads\/2022\/07\/logo-ia-120.png","contentUrl":"https:\/\/www.info-algerie.com\/actualites\/wp-content\/uploads\/2022\/07\/logo-ia-120.png","width":120,"height":43,"caption":"info algerie"},"image":{"@id":"https:\/\/www.info-algerie.com\/actualites\/#\/schema\/logo\/image\/"},"sameAs":["https:\/\/www.facebook.com\/infoalgerieactu","https:\/\/x.com\/infoalgerie1"]},{"@type":"Person","@id":"https:\/\/www.info-algerie.com\/actualites\/#\/schema\/person\/847aaec44920825b843a08f30ec6aa1e","name":"La r\u00e9daction","image":{"@type":"ImageObject","inLanguage":"fr-FR","@id":"https:\/\/secure.gravatar.com\/avatar\/769db425c6f465158149f1ffd6cf61ce7a8a879d11dfbef8288af36dfddd418c?s=96&d=mm&r=g","url":"https:\/\/secure.gravatar.com\/avatar\/769db425c6f465158149f1ffd6cf61ce7a8a879d11dfbef8288af36dfddd418c?s=96&d=mm&r=g","contentUrl":"https:\/\/secure.gravatar.com\/avatar\/769db425c6f465158149f1ffd6cf61ce7a8a879d11dfbef8288af36dfddd418c?s=96&d=mm&r=g","caption":"La r\u00e9daction"},"sameAs":["http:\/\/www.lkeria.com\/"],"url":"https:\/\/www.info-algerie.com\/actualites\/author\/chakib32\/"}]}},"_links":{"self":[{"href":"https:\/\/www.info-algerie.com\/actualites\/wp-json\/wp\/v2\/posts\/10770","targetHints":{"allow":["GET"]}}],"collection":[{"href":"https:\/\/www.info-algerie.com\/actualites\/wp-json\/wp\/v2\/posts"}],"about":[{"href":"https:\/\/www.info-algerie.com\/actualites\/wp-json\/wp\/v2\/types\/post"}],"author":[{"embeddable":true,"href":"https:\/\/www.info-algerie.com\/actualites\/wp-json\/wp\/v2\/users\/6"}],"replies":[{"embeddable":true,"href":"https:\/\/www.info-algerie.com\/actualites\/wp-json\/wp\/v2\/comments?post=10770"}],"version-history":[{"count":0,"href":"https:\/\/www.info-algerie.com\/actualites\/wp-json\/wp\/v2\/posts\/10770\/revisions"}],"wp:attachment":[{"href":"https:\/\/www.info-algerie.com\/actualites\/wp-json\/wp\/v2\/media?parent=10770"}],"wp:term":[{"taxonomy":"category","embeddable":true,"href":"https:\/\/www.info-algerie.com\/actualites\/wp-json\/wp\/v2\/categories?post=10770"},{"taxonomy":"post_tag","embeddable":true,"href":"https:\/\/www.info-algerie.com\/actualites\/wp-json\/wp\/v2\/tags?post=10770"}],"curies":[{"name":"wp","href":"https:\/\/api.w.org\/{rel}","templated":true}]}}