{"id":10795,"date":"2017-04-23T09:23:50","date_gmt":"2017-04-23T08:23:50","guid":{"rendered":"http:\/\/www.info-algerie.com\/actualites\/ladhesion-de-lalgerie-a-lomc-est-inevitable-benyounes\/"},"modified":"2017-04-23T09:23:50","modified_gmt":"2017-04-23T08:23:50","slug":"ladhesion-de-lalgerie-a-lomc-est-inevitable-benyounes","status":"publish","type":"post","link":"https:\/\/www.info-algerie.com\/actualites\/ladhesion-de-lalgerie-a-lomc-est-inevitable-benyounes\/","title":{"rendered":"L\u2019adh\u00e9sion de l\u2019Alg\u00e9rie \u00e0 l\u2019OMC est in\u00e9vitable (Benyoun\u00e8s)"},"content":{"rendered":"<div class=\"K2FeedIntroText\"> RELIZANE- Le pr\u00e9sident du Mouvement populaire alg\u00e9rien (MPA), Amara Benyoun\u00e8s, a consid\u00e9r\u00e9 samedi, \u00e0 Relizane, que l\u2019adh\u00e9sion de l\u2019Alg\u00e9rie \u00e0 l\u2019Organisation mondiale du commerce est in\u00e9vitable. Lors de son meeting anim\u00e9 \u00e0 Relizane, au 14\u00e8me jour de la campagne \u00e9lectorale des l\u00e9gislatives, Amara Benyoun\u00e8s a expliqu\u00e9 que l\u2019\u00e9conomie nationale n\u00e9cessite\u2026<\/div>\n<p>&#013;<br \/>\nSource: <a href=\"http:\/\/www.aps.dz\/algerie\/56670-l%E2%80%99adh%C3%A9sion-de-l%E2%80%99alg%C3%A9rie-%C3%A0-l%E2%80%99omc-est-in%C3%A9vitable-benyoun%C3%A8s\" target=\"_blank\">L\u2019adh\u00e9sion de l\u2019Alg\u00e9rie \u00e0 l\u2019OMC est in\u00e9vitable (Benyoun\u00e8s)<\/a><\/p>\n<!--CusAds0-->\n<div style=\"font-size: 0px; height: 0px; line-height: 0px; margin: 0; padding: 0; clear: both;\"><\/div>","protected":false},"excerpt":{"rendered":"<p>RELIZANE- Le pr\u00e9sident du Mouvement populaire alg\u00e9rien (MPA), Amara Benyoun\u00e8s, a consid\u00e9r\u00e9 samedi, \u00e0 Relizane, que l\u2019adh\u00e9sion de l\u2019Alg\u00e9rie \u00e0 l\u2019Organisation mondiale du commerce est in\u00e9vitable. Lors de son meeting anim\u00e9 \u00e0 Relizane, au 14\u00e8me jour de la campagne \u00e9lectorale des l\u00e9gislatives, Amara Benyoun\u00e8s a expliqu\u00e9 que l\u2019\u00e9conomie nationale n\u00e9cessite\u2026 &#013; Source: L\u2019adh\u00e9sion de l\u2019Alg\u00e9rie<\/p>\n","protected":false},"author":6,"featured_media":0,"comment_status":"open","ping_status":"open","sticky":false,"template":"","format":"standard","meta":{"footnotes":""},"categories":[22],"tags":[93],"class_list":["post-10795","post","type-post","status-publish","format-standard","hentry","category-infos","tag-onu"],"yoast_head":"<!-- This site is optimized with the Yoast SEO plugin v27.5 - https:\/\/yoast.com\/product\/yoast-seo-wordpress\/ -->\n<title>L\u2019adh\u00e9sion de l\u2019Alg\u00e9rie \u00e0 l\u2019OMC est in\u00e9vitable (Benyoun\u00e8s) - info algerie<\/title>\n<meta name=\"robots\" content=\"index, follow, max-snippet:-1, max-image-preview:large, max-video-preview:-1\" \/>\n<link rel=\"canonical\" href=\"https:\/\/www.info-algerie.com\/actualites\/ladhesion-de-lalgerie-a-lomc-est-inevitable-benyounes\/\" \/>\n<meta property=\"og:locale\" content=\"fr_FR\" \/>\n<meta property=\"og:type\" content=\"article\" \/>\n<meta property=\"og:title\" content=\"L\u2019adh\u00e9sion de l\u2019Alg\u00e9rie \u00e0 l\u2019OMC est in\u00e9vitable (Benyoun\u00e8s) - info algerie\" \/>\n<meta property=\"og:description\" content=\"RELIZANE- Le pr\u00e9sident du Mouvement populaire alg\u00e9rien (MPA), Amara Benyoun\u00e8s, a consid\u00e9r\u00e9 samedi, \u00e0 Relizane, que l\u2019adh\u00e9sion de l\u2019Alg\u00e9rie \u00e0 l\u2019Organisation mondiale du commerce est in\u00e9vitable. Lors de son meeting anim\u00e9 \u00e0 Relizane, au 14\u00e8me jour de la campagne \u00e9lectorale des l\u00e9gislatives, Amara Benyoun\u00e8s a expliqu\u00e9 que l\u2019\u00e9conomie nationale n\u00e9cessite\u2026 &#013; Source: L\u2019adh\u00e9sion de l\u2019Alg\u00e9rie\" \/>\n<meta property=\"og:url\" content=\"https:\/\/www.info-algerie.com\/actualites\/ladhesion-de-lalgerie-a-lomc-est-inevitable-benyounes\/\" \/>\n<meta property=\"og:site_name\" content=\"info algerie\" \/>\n<meta property=\"article:publisher\" content=\"https:\/\/www.facebook.com\/infoalgerieactu\" \/>\n<meta property=\"article:published_time\" content=\"2017-04-23T08:23:50+00:00\" \/>\n<meta name=\"author\" content=\"La r\u00e9daction\" \/>\n<meta name=\"twitter:label1\" content=\"\u00c9crit par\" \/>\n\t<meta name=\"twitter:data1\" content=\"La r\u00e9daction\" \/>\n<script type=\"application\/ld+json\" class=\"yoast-schema-graph\">{\"@context\":\"https:\\\/\\\/schema.org\",\"@graph\":[{\"@type\":\"Article\",\"@id\":\"https:\\\/\\\/www.info-algerie.com\\\/actualites\\\/ladhesion-de-lalgerie-a-lomc-est-inevitable-benyounes\\\/#article\",\"isPartOf\":{\"@id\":\"https:\\\/\\\/www.info-algerie.com\\\/actualites\\\/ladhesion-de-lalgerie-a-lomc-est-inevitable-benyounes\\\/\"},\"author\":{\"name\":\"La r\u00e9daction\",\"@id\":\"https:\\\/\\\/www.info-algerie.com\\\/actualites\\\/#\\\/schema\\\/person\\\/847aaec44920825b843a08f30ec6aa1e\"},\"headline\":\"L\u2019adh\u00e9sion de l\u2019Alg\u00e9rie \u00e0 l\u2019OMC est in\u00e9vitable (Benyoun\u00e8s)\",\"datePublished\":\"2017-04-23T08:23:50+00:00\",\"mainEntityOfPage\":{\"@id\":\"https:\\\/\\\/www.info-algerie.com\\\/actualites\\\/ladhesion-de-lalgerie-a-lomc-est-inevitable-benyounes\\\/\"},\"wordCount\":90,\"commentCount\":0,\"publisher\":{\"@id\":\"https:\\\/\\\/www.info-algerie.com\\\/actualites\\\/#organization\"},\"keywords\":[\"ONU\"],\"articleSection\":[\"infos\"],\"inLanguage\":\"fr-FR\",\"potentialAction\":[{\"@type\":\"CommentAction\",\"name\":\"Comment\",\"target\":[\"https:\\\/\\\/www.info-algerie.com\\\/actualites\\\/ladhesion-de-lalgerie-a-lomc-est-inevitable-benyounes\\\/#respond\"]}]},{\"@type\":\"WebPage\",\"@id\":\"https:\\\/\\\/www.info-algerie.com\\\/actualites\\\/ladhesion-de-lalgerie-a-lomc-est-inevitable-benyounes\\\/\",\"url\":\"https:\\\/\\\/www.info-algerie.com\\\/actualites\\\/ladhesion-de-lalgerie-a-lomc-est-inevitable-benyounes\\\/\",\"name\":\"L\u2019adh\u00e9sion de l\u2019Alg\u00e9rie \u00e0 l\u2019OMC est in\u00e9vitable (Benyoun\u00e8s) - info algerie\",\"isPartOf\":{\"@id\":\"https:\\\/\\\/www.info-algerie.com\\\/actualites\\\/#website\"},\"datePublished\":\"2017-04-23T08:23:50+00:00\",\"breadcrumb\":{\"@id\":\"https:\\\/\\\/www.info-algerie.com\\\/actualites\\\/ladhesion-de-lalgerie-a-lomc-est-inevitable-benyounes\\\/#breadcrumb\"},\"inLanguage\":\"fr-FR\",\"potentialAction\":[{\"@type\":\"ReadAction\",\"target\":[\"https:\\\/\\\/www.info-algerie.com\\\/actualites\\\/ladhesion-de-lalgerie-a-lomc-est-inevitable-benyounes\\\/\"]}]},{\"@type\":\"BreadcrumbList\",\"@id\":\"https:\\\/\\\/www.info-algerie.com\\\/actualites\\\/ladhesion-de-lalgerie-a-lomc-est-inevitable-benyounes\\\/#breadcrumb\",\"itemListElement\":[{\"@type\":\"ListItem\",\"position\":1,\"name\":\"Accueil\",\"item\":\"https:\\\/\\\/www.info-algerie.com\\\/actualites\\\/\"},{\"@type\":\"ListItem\",\"position\":2,\"name\":\"L\u2019adh\u00e9sion de l\u2019Alg\u00e9rie \u00e0 l\u2019OMC est in\u00e9vitable (Benyoun\u00e8s)\"}]},{\"@type\":\"WebSite\",\"@id\":\"https:\\\/\\\/www.info-algerie.com\\\/actualites\\\/#website\",\"url\":\"https:\\\/\\\/www.info-algerie.com\\\/actualites\\\/\",\"name\":\"info algerie\",\"description\":\"Toutes les actualit\u00e9s\",\"publisher\":{\"@id\":\"https:\\\/\\\/www.info-algerie.com\\\/actualites\\\/#organization\"},\"potentialAction\":[{\"@type\":\"SearchAction\",\"target\":{\"@type\":\"EntryPoint\",\"urlTemplate\":\"https:\\\/\\\/www.info-algerie.com\\\/actualites\\\/?s={search_term_string}\"},\"query-input\":{\"@type\":\"PropertyValueSpecification\",\"valueRequired\":true,\"valueName\":\"search_term_string\"}}],\"inLanguage\":\"fr-FR\"},{\"@type\":\"Organization\",\"@id\":\"https:\\\/\\\/www.info-algerie.com\\\/actualites\\\/#organization\",\"name\":\"info algerie\",\"url\":\"https:\\\/\\\/www.info-algerie.com\\\/actualites\\\/\",\"logo\":{\"@type\":\"ImageObject\",\"inLanguage\":\"fr-FR\",\"@id\":\"https:\\\/\\\/www.info-algerie.com\\\/actualites\\\/#\\\/schema\\\/logo\\\/image\\\/\",\"url\":\"https:\\\/\\\/www.info-algerie.com\\\/actualites\\\/wp-content\\\/uploads\\\/2022\\\/07\\\/logo-ia-120.png\",\"contentUrl\":\"https:\\\/\\\/www.info-algerie.com\\\/actualites\\\/wp-content\\\/uploads\\\/2022\\\/07\\\/logo-ia-120.png\",\"width\":120,\"height\":43,\"caption\":\"info algerie\"},\"image\":{\"@id\":\"https:\\\/\\\/www.info-algerie.com\\\/actualites\\\/#\\\/schema\\\/logo\\\/image\\\/\"},\"sameAs\":[\"https:\\\/\\\/www.facebook.com\\\/infoalgerieactu\",\"https:\\\/\\\/x.com\\\/infoalgerie1\"]},{\"@type\":\"Person\",\"@id\":\"https:\\\/\\\/www.info-algerie.com\\\/actualites\\\/#\\\/schema\\\/person\\\/847aaec44920825b843a08f30ec6aa1e\",\"name\":\"La r\u00e9daction\",\"image\":{\"@type\":\"ImageObject\",\"inLanguage\":\"fr-FR\",\"@id\":\"https:\\\/\\\/secure.gravatar.com\\\/avatar\\\/769db425c6f465158149f1ffd6cf61ce7a8a879d11dfbef8288af36dfddd418c?s=96&d=mm&r=g\",\"url\":\"https:\\\/\\\/secure.gravatar.com\\\/avatar\\\/769db425c6f465158149f1ffd6cf61ce7a8a879d11dfbef8288af36dfddd418c?s=96&d=mm&r=g\",\"contentUrl\":\"https:\\\/\\\/secure.gravatar.com\\\/avatar\\\/769db425c6f465158149f1ffd6cf61ce7a8a879d11dfbef8288af36dfddd418c?s=96&d=mm&r=g\",\"caption\":\"La r\u00e9daction\"},\"sameAs\":[\"http:\\\/\\\/www.lkeria.com\\\/\"],\"url\":\"https:\\\/\\\/www.info-algerie.com\\\/actualites\\\/author\\\/chakib32\\\/\"}]}<\/script>\n<!-- \/ Yoast SEO plugin. -->","yoast_head_json":{"title":"L\u2019adh\u00e9sion de l\u2019Alg\u00e9rie \u00e0 l\u2019OMC est in\u00e9vitable (Benyoun\u00e8s) - info algerie","robots":{"index":"index","follow":"follow","max-snippet":"max-snippet:-1","max-image-preview":"max-image-preview:large","max-video-preview":"max-video-preview:-1"},"canonical":"https:\/\/www.info-algerie.com\/actualites\/ladhesion-de-lalgerie-a-lomc-est-inevitable-benyounes\/","og_locale":"fr_FR","og_type":"article","og_title":"L\u2019adh\u00e9sion de l\u2019Alg\u00e9rie \u00e0 l\u2019OMC est in\u00e9vitable (Benyoun\u00e8s) - info algerie","og_description":"RELIZANE- Le pr\u00e9sident du Mouvement populaire alg\u00e9rien (MPA), Amara Benyoun\u00e8s, a consid\u00e9r\u00e9 samedi, \u00e0 Relizane, que l\u2019adh\u00e9sion de l\u2019Alg\u00e9rie \u00e0 l\u2019Organisation mondiale du commerce est in\u00e9vitable. Lors de son meeting anim\u00e9 \u00e0 Relizane, au 14\u00e8me jour de la campagne \u00e9lectorale des l\u00e9gislatives, Amara Benyoun\u00e8s a expliqu\u00e9 que l\u2019\u00e9conomie nationale n\u00e9cessite\u2026 &#013; Source: L\u2019adh\u00e9sion de l\u2019Alg\u00e9rie","og_url":"https:\/\/www.info-algerie.com\/actualites\/ladhesion-de-lalgerie-a-lomc-est-inevitable-benyounes\/","og_site_name":"info algerie","article_publisher":"https:\/\/www.facebook.com\/infoalgerieactu","article_published_time":"2017-04-23T08:23:50+00:00","author":"La r\u00e9daction","twitter_misc":{"\u00c9crit par":"La r\u00e9daction"},"schema":{"@context":"https:\/\/schema.org","@graph":[{"@type":"Article","@id":"https:\/\/www.info-algerie.com\/actualites\/ladhesion-de-lalgerie-a-lomc-est-inevitable-benyounes\/#article","isPartOf":{"@id":"https:\/\/www.info-algerie.com\/actualites\/ladhesion-de-lalgerie-a-lomc-est-inevitable-benyounes\/"},"author":{"name":"La r\u00e9daction","@id":"https:\/\/www.info-algerie.com\/actualites\/#\/schema\/person\/847aaec44920825b843a08f30ec6aa1e"},"headline":"L\u2019adh\u00e9sion de l\u2019Alg\u00e9rie \u00e0 l\u2019OMC est in\u00e9vitable (Benyoun\u00e8s)","datePublished":"2017-04-23T08:23:50+00:00","mainEntityOfPage":{"@id":"https:\/\/www.info-algerie.com\/actualites\/ladhesion-de-lalgerie-a-lomc-est-inevitable-benyounes\/"},"wordCount":90,"commentCount":0,"publisher":{"@id":"https:\/\/www.info-algerie.com\/actualites\/#organization"},"keywords":["ONU"],"articleSection":["infos"],"inLanguage":"fr-FR","potentialAction":[{"@type":"CommentAction","name":"Comment","target":["https:\/\/www.info-algerie.com\/actualites\/ladhesion-de-lalgerie-a-lomc-est-inevitable-benyounes\/#respond"]}]},{"@type":"WebPage","@id":"https:\/\/www.info-algerie.com\/actualites\/ladhesion-de-lalgerie-a-lomc-est-inevitable-benyounes\/","url":"https:\/\/www.info-algerie.com\/actualites\/ladhesion-de-lalgerie-a-lomc-est-inevitable-benyounes\/","name":"L\u2019adh\u00e9sion de l\u2019Alg\u00e9rie \u00e0 l\u2019OMC est in\u00e9vitable (Benyoun\u00e8s) - info algerie","isPartOf":{"@id":"https:\/\/www.info-algerie.com\/actualites\/#website"},"datePublished":"2017-04-23T08:23:50+00:00","breadcrumb":{"@id":"https:\/\/www.info-algerie.com\/actualites\/ladhesion-de-lalgerie-a-lomc-est-inevitable-benyounes\/#breadcrumb"},"inLanguage":"fr-FR","potentialAction":[{"@type":"ReadAction","target":["https:\/\/www.info-algerie.com\/actualites\/ladhesion-de-lalgerie-a-lomc-est-inevitable-benyounes\/"]}]},{"@type":"BreadcrumbList","@id":"https:\/\/www.info-algerie.com\/actualites\/ladhesion-de-lalgerie-a-lomc-est-inevitable-benyounes\/#breadcrumb","itemListElement":[{"@type":"ListItem","position":1,"name":"Accueil","item":"https:\/\/www.info-algerie.com\/actualites\/"},{"@type":"ListItem","position":2,"name":"L\u2019adh\u00e9sion de l\u2019Alg\u00e9rie \u00e0 l\u2019OMC est in\u00e9vitable (Benyoun\u00e8s)"}]},{"@type":"WebSite","@id":"https:\/\/www.info-algerie.com\/actualites\/#website","url":"https:\/\/www.info-algerie.com\/actualites\/","name":"info algerie","description":"Toutes les actualit\u00e9s","publisher":{"@id":"https:\/\/www.info-algerie.com\/actualites\/#organization"},"potentialAction":[{"@type":"SearchAction","target":{"@type":"EntryPoint","urlTemplate":"https:\/\/www.info-algerie.com\/actualites\/?s={search_term_string}"},"query-input":{"@type":"PropertyValueSpecification","valueRequired":true,"valueName":"search_term_string"}}],"inLanguage":"fr-FR"},{"@type":"Organization","@id":"https:\/\/www.info-algerie.com\/actualites\/#organization","name":"info algerie","url":"https:\/\/www.info-algerie.com\/actualites\/","logo":{"@type":"ImageObject","inLanguage":"fr-FR","@id":"https:\/\/www.info-algerie.com\/actualites\/#\/schema\/logo\/image\/","url":"https:\/\/www.info-algerie.com\/actualites\/wp-content\/uploads\/2022\/07\/logo-ia-120.png","contentUrl":"https:\/\/www.info-algerie.com\/actualites\/wp-content\/uploads\/2022\/07\/logo-ia-120.png","width":120,"height":43,"caption":"info algerie"},"image":{"@id":"https:\/\/www.info-algerie.com\/actualites\/#\/schema\/logo\/image\/"},"sameAs":["https:\/\/www.facebook.com\/infoalgerieactu","https:\/\/x.com\/infoalgerie1"]},{"@type":"Person","@id":"https:\/\/www.info-algerie.com\/actualites\/#\/schema\/person\/847aaec44920825b843a08f30ec6aa1e","name":"La r\u00e9daction","image":{"@type":"ImageObject","inLanguage":"fr-FR","@id":"https:\/\/secure.gravatar.com\/avatar\/769db425c6f465158149f1ffd6cf61ce7a8a879d11dfbef8288af36dfddd418c?s=96&d=mm&r=g","url":"https:\/\/secure.gravatar.com\/avatar\/769db425c6f465158149f1ffd6cf61ce7a8a879d11dfbef8288af36dfddd418c?s=96&d=mm&r=g","contentUrl":"https:\/\/secure.gravatar.com\/avatar\/769db425c6f465158149f1ffd6cf61ce7a8a879d11dfbef8288af36dfddd418c?s=96&d=mm&r=g","caption":"La r\u00e9daction"},"sameAs":["http:\/\/www.lkeria.com\/"],"url":"https:\/\/www.info-algerie.com\/actualites\/author\/chakib32\/"}]}},"_links":{"self":[{"href":"https:\/\/www.info-algerie.com\/actualites\/wp-json\/wp\/v2\/posts\/10795","targetHints":{"allow":["GET"]}}],"collection":[{"href":"https:\/\/www.info-algerie.com\/actualites\/wp-json\/wp\/v2\/posts"}],"about":[{"href":"https:\/\/www.info-algerie.com\/actualites\/wp-json\/wp\/v2\/types\/post"}],"author":[{"embeddable":true,"href":"https:\/\/www.info-algerie.com\/actualites\/wp-json\/wp\/v2\/users\/6"}],"replies":[{"embeddable":true,"href":"https:\/\/www.info-algerie.com\/actualites\/wp-json\/wp\/v2\/comments?post=10795"}],"version-history":[{"count":0,"href":"https:\/\/www.info-algerie.com\/actualites\/wp-json\/wp\/v2\/posts\/10795\/revisions"}],"wp:attachment":[{"href":"https:\/\/www.info-algerie.com\/actualites\/wp-json\/wp\/v2\/media?parent=10795"}],"wp:term":[{"taxonomy":"category","embeddable":true,"href":"https:\/\/www.info-algerie.com\/actualites\/wp-json\/wp\/v2\/categories?post=10795"},{"taxonomy":"post_tag","embeddable":true,"href":"https:\/\/www.info-algerie.com\/actualites\/wp-json\/wp\/v2\/tags?post=10795"}],"curies":[{"name":"wp","href":"https:\/\/api.w.org\/{rel}","templated":true}]}}