{"id":1086,"date":"2015-09-27T13:21:00","date_gmt":"2015-09-27T12:21:00","guid":{"rendered":"http:\/\/www.info-algerie.com\/actualites\/ali-haroun-face-a-yves-bonnet-et-ghaleb-bencheikh\/"},"modified":"2022-02-11T10:43:42","modified_gmt":"2022-02-11T09:43:42","slug":"ali-haroun-face-a-yves-bonnet-et-ghaleb-bencheikh","status":"publish","type":"post","link":"https:\/\/www.info-algerie.com\/actualites\/ali-haroun-face-a-yves-bonnet-et-ghaleb-bencheikh\/","title":{"rendered":"Ali Haroun face \u00e0 Yves Bonnet et Ghaleb Bencheikh"},"content":{"rendered":"<p style=\"text-align: justify;\">A l&rsquo;occasion de la comm\u00e9moration du 17 octobre 1961<a href=\"http:\/\/www.liberte-algerie.com\/radar\/un-appel-pour-linstitutionnalisation-du-17-octobre-1961-213326\" target=\"_blank\" rel=\"noopener\">\u00a0<\/a>\u00e0 Marseille (France), une conf\u00e9rence d\u00e9bat est pr\u00e9vue le 10 octobre prochain. Elle est organis\u00e9e par l&rsquo;union des Universitaires Alg\u00e9riens et franco-alg\u00e9riens(UFAC).<\/p>\n<p style=\"text-align: justify;\">L&rsquo;invit\u00e9 d&rsquo;honneur est Ali Haroun, l&rsquo;ex-membre du HCE, et \u00e9galement ex-responsable de la f\u00e9d\u00e9ration de France du FLN (1954-1962).<\/p>\n<p style=\"text-align: justify;\">Parmi les intervenants il est \u00e0 noter la pr\u00e9sence de l&rsquo;ancien directeur de la DST (un service de renseignements du minist\u00e8re de l&rsquo;Int\u00e9rieur\u00a0fran\u00e7ais),Yves Bonnet,ainsi que celle de Ghaleb Bencheikh.<\/p>\n<p style=\"text-align: justify;\">Ce dernier sera \u00e0 Marseille\u00a0en tant que pr\u00e9sident de la conf\u00e9rence mondiale des Religions pour la Paix.<\/p>\n<p>Source: <a href=\"http:\/\/www.liberte-algerie.com\/evenement\/ali-haroun-face-a-yves-bonnet-et-ghaleb-bencheikh-233457\" target=\"_blank\" rel=\"noopener\">Ali Haroun face \u00e0 Yves Bonnet et Ghaleb Bencheikh<\/a><\/p>\n<!--CusAds0-->\n<div style=\"font-size: 0px; height: 0px; line-height: 0px; margin: 0; padding: 0; clear: both;\"><\/div>","protected":false},"excerpt":{"rendered":"<p>A l&rsquo;occasion de la comm\u00e9moration du 17 octobre 1961\u00a0\u00e0 Marseille (France), une conf\u00e9rence d\u00e9bat est pr\u00e9vue le 10 octobre prochain. Elle est organis\u00e9e par l&rsquo;union des Universitaires Alg\u00e9riens et franco-alg\u00e9riens(UFAC). L&rsquo;invit\u00e9 d&rsquo;honneur est Ali Haroun, l&rsquo;ex-membre du HCE, et \u00e9galement ex-responsable de la f\u00e9d\u00e9ration de France du FLN (1954-1962). Parmi les intervenants il est \u00e0<\/p>\n","protected":false},"author":6,"featured_media":26884,"comment_status":"open","ping_status":"open","sticky":false,"template":"","format":"standard","meta":{"footnotes":""},"categories":[9,22],"tags":[184,186,185],"class_list":["post-1086","post","type-post","status-publish","format-standard","has-post-thumbnail","hentry","category-culture-sante","category-infos","tag-ali-haroun","tag-ghaleb-bencheikh","tag-yves-bonnet"],"yoast_head":"<!-- This site is optimized with the Yoast SEO plugin v27.5 - https:\/\/yoast.com\/product\/yoast-seo-wordpress\/ -->\n<title>Ali Haroun face \u00e0 Yves Bonnet et Ghaleb Bencheikh<\/title>\n<meta name=\"description\" content=\"Ali Haroun face \u00e0 Yves Bonnet et Ghaleb Bencheikh\" \/>\n<meta name=\"robots\" content=\"index, follow, max-snippet:-1, max-image-preview:large, max-video-preview:-1\" \/>\n<link rel=\"canonical\" href=\"https:\/\/www.info-algerie.com\/actualites\/ali-haroun-face-a-yves-bonnet-et-ghaleb-bencheikh\/\" \/>\n<meta property=\"og:locale\" content=\"fr_FR\" \/>\n<meta property=\"og:type\" content=\"article\" \/>\n<meta property=\"og:title\" content=\"Ali Haroun face \u00e0 Yves Bonnet et Ghaleb Bencheikh\" \/>\n<meta property=\"og:description\" content=\"Ali Haroun face \u00e0 Yves Bonnet et Ghaleb Bencheikh\" \/>\n<meta property=\"og:url\" content=\"https:\/\/www.info-algerie.com\/actualites\/ali-haroun-face-a-yves-bonnet-et-ghaleb-bencheikh\/\" \/>\n<meta property=\"og:site_name\" content=\"info algerie\" \/>\n<meta property=\"article:publisher\" content=\"https:\/\/www.facebook.com\/infoalgerieactu\" \/>\n<meta property=\"article:published_time\" content=\"2015-09-27T12:21:00+00:00\" \/>\n<meta property=\"article:modified_time\" content=\"2022-02-11T09:43:42+00:00\" \/>\n<meta property=\"og:image\" content=\"https:\/\/www.info-algerie.com\/actualites\/wp-content\/uploads\/2015\/09\/Ali-Haroun-face-\u00e0-Yves-Bonnet-et-Ghaleb-Bencheikh.jpg\" \/>\n\t<meta property=\"og:image:width\" content=\"1200\" \/>\n\t<meta property=\"og:image:height\" content=\"675\" \/>\n\t<meta property=\"og:image:type\" content=\"image\/jpeg\" \/>\n<meta name=\"author\" content=\"La r\u00e9daction\" \/>\n<meta name=\"twitter:label1\" content=\"\u00c9crit par\" \/>\n\t<meta name=\"twitter:data1\" content=\"La r\u00e9daction\" \/>\n\t<meta name=\"twitter:label2\" content=\"Dur\u00e9e de lecture estim\u00e9e\" \/>\n\t<meta name=\"twitter:data2\" content=\"1 minute\" \/>\n<script type=\"application\/ld+json\" class=\"yoast-schema-graph\">{\"@context\":\"https:\\\/\\\/schema.org\",\"@graph\":[{\"@type\":\"Article\",\"@id\":\"https:\\\/\\\/www.info-algerie.com\\\/actualites\\\/ali-haroun-face-a-yves-bonnet-et-ghaleb-bencheikh\\\/#article\",\"isPartOf\":{\"@id\":\"https:\\\/\\\/www.info-algerie.com\\\/actualites\\\/ali-haroun-face-a-yves-bonnet-et-ghaleb-bencheikh\\\/\"},\"author\":{\"name\":\"La r\u00e9daction\",\"@id\":\"https:\\\/\\\/www.info-algerie.com\\\/actualites\\\/#\\\/schema\\\/person\\\/847aaec44920825b843a08f30ec6aa1e\"},\"headline\":\"Ali Haroun face \u00e0 Yves Bonnet et Ghaleb Bencheikh\",\"datePublished\":\"2015-09-27T12:21:00+00:00\",\"dateModified\":\"2022-02-11T09:43:42+00:00\",\"mainEntityOfPage\":{\"@id\":\"https:\\\/\\\/www.info-algerie.com\\\/actualites\\\/ali-haroun-face-a-yves-bonnet-et-ghaleb-bencheikh\\\/\"},\"wordCount\":134,\"commentCount\":0,\"publisher\":{\"@id\":\"https:\\\/\\\/www.info-algerie.com\\\/actualites\\\/#organization\"},\"image\":{\"@id\":\"https:\\\/\\\/www.info-algerie.com\\\/actualites\\\/ali-haroun-face-a-yves-bonnet-et-ghaleb-bencheikh\\\/#primaryimage\"},\"thumbnailUrl\":\"https:\\\/\\\/www.info-algerie.com\\\/actualites\\\/wp-content\\\/uploads\\\/2015\\\/09\\\/Ali-Haroun-face-\u00e0-Yves-Bonnet-et-Ghaleb-Bencheikh.jpg\",\"keywords\":[\"Ali haroun\",\"Ghaleb Bencheikh\",\"Yves Bonnet\"],\"articleSection\":[\"culture sant\u00e9\",\"infos\"],\"inLanguage\":\"fr-FR\",\"potentialAction\":[{\"@type\":\"CommentAction\",\"name\":\"Comment\",\"target\":[\"https:\\\/\\\/www.info-algerie.com\\\/actualites\\\/ali-haroun-face-a-yves-bonnet-et-ghaleb-bencheikh\\\/#respond\"]}]},{\"@type\":\"WebPage\",\"@id\":\"https:\\\/\\\/www.info-algerie.com\\\/actualites\\\/ali-haroun-face-a-yves-bonnet-et-ghaleb-bencheikh\\\/\",\"url\":\"https:\\\/\\\/www.info-algerie.com\\\/actualites\\\/ali-haroun-face-a-yves-bonnet-et-ghaleb-bencheikh\\\/\",\"name\":\"Ali Haroun face \u00e0 Yves Bonnet et Ghaleb Bencheikh\",\"isPartOf\":{\"@id\":\"https:\\\/\\\/www.info-algerie.com\\\/actualites\\\/#website\"},\"primaryImageOfPage\":{\"@id\":\"https:\\\/\\\/www.info-algerie.com\\\/actualites\\\/ali-haroun-face-a-yves-bonnet-et-ghaleb-bencheikh\\\/#primaryimage\"},\"image\":{\"@id\":\"https:\\\/\\\/www.info-algerie.com\\\/actualites\\\/ali-haroun-face-a-yves-bonnet-et-ghaleb-bencheikh\\\/#primaryimage\"},\"thumbnailUrl\":\"https:\\\/\\\/www.info-algerie.com\\\/actualites\\\/wp-content\\\/uploads\\\/2015\\\/09\\\/Ali-Haroun-face-\u00e0-Yves-Bonnet-et-Ghaleb-Bencheikh.jpg\",\"datePublished\":\"2015-09-27T12:21:00+00:00\",\"dateModified\":\"2022-02-11T09:43:42+00:00\",\"description\":\"Ali Haroun face \u00e0 Yves Bonnet et Ghaleb Bencheikh\",\"breadcrumb\":{\"@id\":\"https:\\\/\\\/www.info-algerie.com\\\/actualites\\\/ali-haroun-face-a-yves-bonnet-et-ghaleb-bencheikh\\\/#breadcrumb\"},\"inLanguage\":\"fr-FR\",\"potentialAction\":[{\"@type\":\"ReadAction\",\"target\":[\"https:\\\/\\\/www.info-algerie.com\\\/actualites\\\/ali-haroun-face-a-yves-bonnet-et-ghaleb-bencheikh\\\/\"]}]},{\"@type\":\"ImageObject\",\"inLanguage\":\"fr-FR\",\"@id\":\"https:\\\/\\\/www.info-algerie.com\\\/actualites\\\/ali-haroun-face-a-yves-bonnet-et-ghaleb-bencheikh\\\/#primaryimage\",\"url\":\"https:\\\/\\\/www.info-algerie.com\\\/actualites\\\/wp-content\\\/uploads\\\/2015\\\/09\\\/Ali-Haroun-face-\u00e0-Yves-Bonnet-et-Ghaleb-Bencheikh.jpg\",\"contentUrl\":\"https:\\\/\\\/www.info-algerie.com\\\/actualites\\\/wp-content\\\/uploads\\\/2015\\\/09\\\/Ali-Haroun-face-\u00e0-Yves-Bonnet-et-Ghaleb-Bencheikh.jpg\",\"width\":1200,\"height\":675,\"caption\":\"Ali Haroun face \u00e0 Yves Bonnet et Ghaleb Bencheikh\"},{\"@type\":\"BreadcrumbList\",\"@id\":\"https:\\\/\\\/www.info-algerie.com\\\/actualites\\\/ali-haroun-face-a-yves-bonnet-et-ghaleb-bencheikh\\\/#breadcrumb\",\"itemListElement\":[{\"@type\":\"ListItem\",\"position\":1,\"name\":\"Accueil\",\"item\":\"https:\\\/\\\/www.info-algerie.com\\\/actualites\\\/\"},{\"@type\":\"ListItem\",\"position\":2,\"name\":\"Ali Haroun face \u00e0 Yves Bonnet et Ghaleb Bencheikh\"}]},{\"@type\":\"WebSite\",\"@id\":\"https:\\\/\\\/www.info-algerie.com\\\/actualites\\\/#website\",\"url\":\"https:\\\/\\\/www.info-algerie.com\\\/actualites\\\/\",\"name\":\"info algerie\",\"description\":\"Toutes les actualit\u00e9s\",\"publisher\":{\"@id\":\"https:\\\/\\\/www.info-algerie.com\\\/actualites\\\/#organization\"},\"potentialAction\":[{\"@type\":\"SearchAction\",\"target\":{\"@type\":\"EntryPoint\",\"urlTemplate\":\"https:\\\/\\\/www.info-algerie.com\\\/actualites\\\/?s={search_term_string}\"},\"query-input\":{\"@type\":\"PropertyValueSpecification\",\"valueRequired\":true,\"valueName\":\"search_term_string\"}}],\"inLanguage\":\"fr-FR\"},{\"@type\":\"Organization\",\"@id\":\"https:\\\/\\\/www.info-algerie.com\\\/actualites\\\/#organization\",\"name\":\"info algerie\",\"url\":\"https:\\\/\\\/www.info-algerie.com\\\/actualites\\\/\",\"logo\":{\"@type\":\"ImageObject\",\"inLanguage\":\"fr-FR\",\"@id\":\"https:\\\/\\\/www.info-algerie.com\\\/actualites\\\/#\\\/schema\\\/logo\\\/image\\\/\",\"url\":\"https:\\\/\\\/www.info-algerie.com\\\/actualites\\\/wp-content\\\/uploads\\\/2022\\\/07\\\/logo-ia-120.png\",\"contentUrl\":\"https:\\\/\\\/www.info-algerie.com\\\/actualites\\\/wp-content\\\/uploads\\\/2022\\\/07\\\/logo-ia-120.png\",\"width\":120,\"height\":43,\"caption\":\"info algerie\"},\"image\":{\"@id\":\"https:\\\/\\\/www.info-algerie.com\\\/actualites\\\/#\\\/schema\\\/logo\\\/image\\\/\"},\"sameAs\":[\"https:\\\/\\\/www.facebook.com\\\/infoalgerieactu\",\"https:\\\/\\\/x.com\\\/infoalgerie1\"]},{\"@type\":\"Person\",\"@id\":\"https:\\\/\\\/www.info-algerie.com\\\/actualites\\\/#\\\/schema\\\/person\\\/847aaec44920825b843a08f30ec6aa1e\",\"name\":\"La r\u00e9daction\",\"image\":{\"@type\":\"ImageObject\",\"inLanguage\":\"fr-FR\",\"@id\":\"https:\\\/\\\/secure.gravatar.com\\\/avatar\\\/769db425c6f465158149f1ffd6cf61ce7a8a879d11dfbef8288af36dfddd418c?s=96&d=mm&r=g\",\"url\":\"https:\\\/\\\/secure.gravatar.com\\\/avatar\\\/769db425c6f465158149f1ffd6cf61ce7a8a879d11dfbef8288af36dfddd418c?s=96&d=mm&r=g\",\"contentUrl\":\"https:\\\/\\\/secure.gravatar.com\\\/avatar\\\/769db425c6f465158149f1ffd6cf61ce7a8a879d11dfbef8288af36dfddd418c?s=96&d=mm&r=g\",\"caption\":\"La r\u00e9daction\"},\"sameAs\":[\"http:\\\/\\\/www.lkeria.com\\\/\"],\"url\":\"https:\\\/\\\/www.info-algerie.com\\\/actualites\\\/author\\\/chakib32\\\/\"}]}<\/script>\n<!-- \/ Yoast SEO plugin. -->","yoast_head_json":{"title":"Ali Haroun face \u00e0 Yves Bonnet et Ghaleb Bencheikh","description":"Ali Haroun face \u00e0 Yves Bonnet et Ghaleb Bencheikh","robots":{"index":"index","follow":"follow","max-snippet":"max-snippet:-1","max-image-preview":"max-image-preview:large","max-video-preview":"max-video-preview:-1"},"canonical":"https:\/\/www.info-algerie.com\/actualites\/ali-haroun-face-a-yves-bonnet-et-ghaleb-bencheikh\/","og_locale":"fr_FR","og_type":"article","og_title":"Ali Haroun face \u00e0 Yves Bonnet et Ghaleb Bencheikh","og_description":"Ali Haroun face \u00e0 Yves Bonnet et Ghaleb Bencheikh","og_url":"https:\/\/www.info-algerie.com\/actualites\/ali-haroun-face-a-yves-bonnet-et-ghaleb-bencheikh\/","og_site_name":"info algerie","article_publisher":"https:\/\/www.facebook.com\/infoalgerieactu","article_published_time":"2015-09-27T12:21:00+00:00","article_modified_time":"2022-02-11T09:43:42+00:00","og_image":[{"width":1200,"height":675,"url":"https:\/\/www.info-algerie.com\/actualites\/wp-content\/uploads\/2015\/09\/Ali-Haroun-face-\u00e0-Yves-Bonnet-et-Ghaleb-Bencheikh.jpg","type":"image\/jpeg"}],"author":"La r\u00e9daction","twitter_misc":{"\u00c9crit par":"La r\u00e9daction","Dur\u00e9e de lecture estim\u00e9e":"1 minute"},"schema":{"@context":"https:\/\/schema.org","@graph":[{"@type":"Article","@id":"https:\/\/www.info-algerie.com\/actualites\/ali-haroun-face-a-yves-bonnet-et-ghaleb-bencheikh\/#article","isPartOf":{"@id":"https:\/\/www.info-algerie.com\/actualites\/ali-haroun-face-a-yves-bonnet-et-ghaleb-bencheikh\/"},"author":{"name":"La r\u00e9daction","@id":"https:\/\/www.info-algerie.com\/actualites\/#\/schema\/person\/847aaec44920825b843a08f30ec6aa1e"},"headline":"Ali Haroun face \u00e0 Yves Bonnet et Ghaleb Bencheikh","datePublished":"2015-09-27T12:21:00+00:00","dateModified":"2022-02-11T09:43:42+00:00","mainEntityOfPage":{"@id":"https:\/\/www.info-algerie.com\/actualites\/ali-haroun-face-a-yves-bonnet-et-ghaleb-bencheikh\/"},"wordCount":134,"commentCount":0,"publisher":{"@id":"https:\/\/www.info-algerie.com\/actualites\/#organization"},"image":{"@id":"https:\/\/www.info-algerie.com\/actualites\/ali-haroun-face-a-yves-bonnet-et-ghaleb-bencheikh\/#primaryimage"},"thumbnailUrl":"https:\/\/www.info-algerie.com\/actualites\/wp-content\/uploads\/2015\/09\/Ali-Haroun-face-\u00e0-Yves-Bonnet-et-Ghaleb-Bencheikh.jpg","keywords":["Ali haroun","Ghaleb Bencheikh","Yves Bonnet"],"articleSection":["culture sant\u00e9","infos"],"inLanguage":"fr-FR","potentialAction":[{"@type":"CommentAction","name":"Comment","target":["https:\/\/www.info-algerie.com\/actualites\/ali-haroun-face-a-yves-bonnet-et-ghaleb-bencheikh\/#respond"]}]},{"@type":"WebPage","@id":"https:\/\/www.info-algerie.com\/actualites\/ali-haroun-face-a-yves-bonnet-et-ghaleb-bencheikh\/","url":"https:\/\/www.info-algerie.com\/actualites\/ali-haroun-face-a-yves-bonnet-et-ghaleb-bencheikh\/","name":"Ali Haroun face \u00e0 Yves Bonnet et Ghaleb Bencheikh","isPartOf":{"@id":"https:\/\/www.info-algerie.com\/actualites\/#website"},"primaryImageOfPage":{"@id":"https:\/\/www.info-algerie.com\/actualites\/ali-haroun-face-a-yves-bonnet-et-ghaleb-bencheikh\/#primaryimage"},"image":{"@id":"https:\/\/www.info-algerie.com\/actualites\/ali-haroun-face-a-yves-bonnet-et-ghaleb-bencheikh\/#primaryimage"},"thumbnailUrl":"https:\/\/www.info-algerie.com\/actualites\/wp-content\/uploads\/2015\/09\/Ali-Haroun-face-\u00e0-Yves-Bonnet-et-Ghaleb-Bencheikh.jpg","datePublished":"2015-09-27T12:21:00+00:00","dateModified":"2022-02-11T09:43:42+00:00","description":"Ali Haroun face \u00e0 Yves Bonnet et Ghaleb Bencheikh","breadcrumb":{"@id":"https:\/\/www.info-algerie.com\/actualites\/ali-haroun-face-a-yves-bonnet-et-ghaleb-bencheikh\/#breadcrumb"},"inLanguage":"fr-FR","potentialAction":[{"@type":"ReadAction","target":["https:\/\/www.info-algerie.com\/actualites\/ali-haroun-face-a-yves-bonnet-et-ghaleb-bencheikh\/"]}]},{"@type":"ImageObject","inLanguage":"fr-FR","@id":"https:\/\/www.info-algerie.com\/actualites\/ali-haroun-face-a-yves-bonnet-et-ghaleb-bencheikh\/#primaryimage","url":"https:\/\/www.info-algerie.com\/actualites\/wp-content\/uploads\/2015\/09\/Ali-Haroun-face-\u00e0-Yves-Bonnet-et-Ghaleb-Bencheikh.jpg","contentUrl":"https:\/\/www.info-algerie.com\/actualites\/wp-content\/uploads\/2015\/09\/Ali-Haroun-face-\u00e0-Yves-Bonnet-et-Ghaleb-Bencheikh.jpg","width":1200,"height":675,"caption":"Ali Haroun face \u00e0 Yves Bonnet et Ghaleb Bencheikh"},{"@type":"BreadcrumbList","@id":"https:\/\/www.info-algerie.com\/actualites\/ali-haroun-face-a-yves-bonnet-et-ghaleb-bencheikh\/#breadcrumb","itemListElement":[{"@type":"ListItem","position":1,"name":"Accueil","item":"https:\/\/www.info-algerie.com\/actualites\/"},{"@type":"ListItem","position":2,"name":"Ali Haroun face \u00e0 Yves Bonnet et Ghaleb Bencheikh"}]},{"@type":"WebSite","@id":"https:\/\/www.info-algerie.com\/actualites\/#website","url":"https:\/\/www.info-algerie.com\/actualites\/","name":"info algerie","description":"Toutes les actualit\u00e9s","publisher":{"@id":"https:\/\/www.info-algerie.com\/actualites\/#organization"},"potentialAction":[{"@type":"SearchAction","target":{"@type":"EntryPoint","urlTemplate":"https:\/\/www.info-algerie.com\/actualites\/?s={search_term_string}"},"query-input":{"@type":"PropertyValueSpecification","valueRequired":true,"valueName":"search_term_string"}}],"inLanguage":"fr-FR"},{"@type":"Organization","@id":"https:\/\/www.info-algerie.com\/actualites\/#organization","name":"info algerie","url":"https:\/\/www.info-algerie.com\/actualites\/","logo":{"@type":"ImageObject","inLanguage":"fr-FR","@id":"https:\/\/www.info-algerie.com\/actualites\/#\/schema\/logo\/image\/","url":"https:\/\/www.info-algerie.com\/actualites\/wp-content\/uploads\/2022\/07\/logo-ia-120.png","contentUrl":"https:\/\/www.info-algerie.com\/actualites\/wp-content\/uploads\/2022\/07\/logo-ia-120.png","width":120,"height":43,"caption":"info algerie"},"image":{"@id":"https:\/\/www.info-algerie.com\/actualites\/#\/schema\/logo\/image\/"},"sameAs":["https:\/\/www.facebook.com\/infoalgerieactu","https:\/\/x.com\/infoalgerie1"]},{"@type":"Person","@id":"https:\/\/www.info-algerie.com\/actualites\/#\/schema\/person\/847aaec44920825b843a08f30ec6aa1e","name":"La r\u00e9daction","image":{"@type":"ImageObject","inLanguage":"fr-FR","@id":"https:\/\/secure.gravatar.com\/avatar\/769db425c6f465158149f1ffd6cf61ce7a8a879d11dfbef8288af36dfddd418c?s=96&d=mm&r=g","url":"https:\/\/secure.gravatar.com\/avatar\/769db425c6f465158149f1ffd6cf61ce7a8a879d11dfbef8288af36dfddd418c?s=96&d=mm&r=g","contentUrl":"https:\/\/secure.gravatar.com\/avatar\/769db425c6f465158149f1ffd6cf61ce7a8a879d11dfbef8288af36dfddd418c?s=96&d=mm&r=g","caption":"La r\u00e9daction"},"sameAs":["http:\/\/www.lkeria.com\/"],"url":"https:\/\/www.info-algerie.com\/actualites\/author\/chakib32\/"}]}},"_links":{"self":[{"href":"https:\/\/www.info-algerie.com\/actualites\/wp-json\/wp\/v2\/posts\/1086","targetHints":{"allow":["GET"]}}],"collection":[{"href":"https:\/\/www.info-algerie.com\/actualites\/wp-json\/wp\/v2\/posts"}],"about":[{"href":"https:\/\/www.info-algerie.com\/actualites\/wp-json\/wp\/v2\/types\/post"}],"author":[{"embeddable":true,"href":"https:\/\/www.info-algerie.com\/actualites\/wp-json\/wp\/v2\/users\/6"}],"replies":[{"embeddable":true,"href":"https:\/\/www.info-algerie.com\/actualites\/wp-json\/wp\/v2\/comments?post=1086"}],"version-history":[{"count":3,"href":"https:\/\/www.info-algerie.com\/actualites\/wp-json\/wp\/v2\/posts\/1086\/revisions"}],"predecessor-version":[{"id":26886,"href":"https:\/\/www.info-algerie.com\/actualites\/wp-json\/wp\/v2\/posts\/1086\/revisions\/26886"}],"wp:featuredmedia":[{"embeddable":true,"href":"https:\/\/www.info-algerie.com\/actualites\/wp-json\/wp\/v2\/media\/26884"}],"wp:attachment":[{"href":"https:\/\/www.info-algerie.com\/actualites\/wp-json\/wp\/v2\/media?parent=1086"}],"wp:term":[{"taxonomy":"category","embeddable":true,"href":"https:\/\/www.info-algerie.com\/actualites\/wp-json\/wp\/v2\/categories?post=1086"},{"taxonomy":"post_tag","embeddable":true,"href":"https:\/\/www.info-algerie.com\/actualites\/wp-json\/wp\/v2\/tags?post=1086"}],"curies":[{"name":"wp","href":"https:\/\/api.w.org\/{rel}","templated":true}]}}