{"id":11082,"date":"2017-04-27T20:47:41","date_gmt":"2017-04-27T19:47:41","guid":{"rendered":"http:\/\/www.info-algerie.com\/actualites\/la-question-securitaire-en-tete-des-priorites-sellal\/"},"modified":"2017-04-27T20:47:41","modified_gmt":"2017-04-27T19:47:41","slug":"la-question-securitaire-en-tete-des-priorites-sellal","status":"publish","type":"post","link":"https:\/\/www.info-algerie.com\/actualites\/la-question-securitaire-en-tete-des-priorites-sellal\/","title":{"rendered":"La question s\u00e9curitaire &quot;en t\u00eate des priorit\u00e9s&quot; (Sellal)"},"content":{"rendered":"<div class=\"K2FeedImage\"><img decoding=\"async\" src=\"https:\/\/www.info-algerie.com\/actualites\/wp-content\/uploads\/2017\/04\/d1e98fa2230925f5645b0f23e33389a7_S.jpg\" \/><\/div>\n<div class=\"K2FeedIntroText\"> TAMANRASSET &#8211; Le Premier ministre, Abdelmalek Sellal, a mis l\u2019accent, jeudi \u00e0 Tamanrasset, sur la question s\u00e9curitaire qui vient \u00ab\u00a0en t\u00eate des priorit\u00e9s en Alg\u00e9rie\u00a0\u00bb. Intervenant lors d\u2019une rencontre avec la soci\u00e9t\u00e9 civile, au terme d\u2019une visite de travail dans la wilaya, M. Sellal a indiqu\u00e9 que la stabilit\u00e9 constituait\u2026<\/div>\n<p>&#013;<br \/>\nSource: <a href=\"http:\/\/www.aps.dz\/algerie\/56992-la-question-s%C3%A9curitaire-en-t%C3%AAte-des-priorit%C3%A9s-sellal\" target=\"_blank\">La question s\u00e9curitaire \u00ab\u00a0en t\u00eate des priorit\u00e9s\u00a0\u00bb (Sellal)<\/a><\/p>\n<!--CusAds0-->\n<div style=\"font-size: 0px; height: 0px; line-height: 0px; margin: 0; padding: 0; clear: both;\"><\/div>","protected":false},"excerpt":{"rendered":"<p>TAMANRASSET &#8211; Le Premier ministre, Abdelmalek Sellal, a mis l\u2019accent, jeudi \u00e0 Tamanrasset, sur la question s\u00e9curitaire qui vient \u00ab\u00a0en t\u00eate des priorit\u00e9s en Alg\u00e9rie\u00a0\u00bb. Intervenant lors d\u2019une rencontre avec la soci\u00e9t\u00e9 civile, au terme d\u2019une visite de travail dans la wilaya, M. Sellal a indiqu\u00e9 que la stabilit\u00e9 constituait\u2026 &#013; Source: La question s\u00e9curitaire<\/p>\n","protected":false},"author":6,"featured_media":11083,"comment_status":"open","ping_status":"open","sticky":false,"template":"","format":"standard","meta":{"footnotes":""},"categories":[22],"tags":[93],"class_list":["post-11082","post","type-post","status-publish","format-standard","has-post-thumbnail","hentry","category-infos","tag-onu"],"yoast_head":"<!-- This site is optimized with the Yoast SEO plugin v27.5 - https:\/\/yoast.com\/product\/yoast-seo-wordpress\/ -->\n<title>La question s\u00e9curitaire &quot;en t\u00eate des priorit\u00e9s&quot; (Sellal) - info algerie<\/title>\n<meta name=\"robots\" content=\"index, follow, max-snippet:-1, max-image-preview:large, max-video-preview:-1\" \/>\n<link rel=\"canonical\" href=\"https:\/\/www.info-algerie.com\/actualites\/la-question-securitaire-en-tete-des-priorites-sellal\/\" \/>\n<meta property=\"og:locale\" content=\"fr_FR\" \/>\n<meta property=\"og:type\" content=\"article\" \/>\n<meta property=\"og:title\" content=\"La question s\u00e9curitaire &quot;en t\u00eate des priorit\u00e9s&quot; (Sellal) - info algerie\" \/>\n<meta property=\"og:description\" content=\"TAMANRASSET &#8211; Le Premier ministre, Abdelmalek Sellal, a mis l\u2019accent, jeudi \u00e0 Tamanrasset, sur la question s\u00e9curitaire qui vient \u00ab\u00a0en t\u00eate des priorit\u00e9s en Alg\u00e9rie\u00a0\u00bb. Intervenant lors d\u2019une rencontre avec la soci\u00e9t\u00e9 civile, au terme d\u2019une visite de travail dans la wilaya, M. Sellal a indiqu\u00e9 que la stabilit\u00e9 constituait\u2026 &#013; Source: La question s\u00e9curitaire\" \/>\n<meta property=\"og:url\" content=\"https:\/\/www.info-algerie.com\/actualites\/la-question-securitaire-en-tete-des-priorites-sellal\/\" \/>\n<meta property=\"og:site_name\" content=\"info algerie\" \/>\n<meta property=\"article:publisher\" content=\"https:\/\/www.facebook.com\/infoalgerieactu\" \/>\n<meta property=\"article:published_time\" content=\"2017-04-27T19:47:41+00:00\" \/>\n<meta property=\"og:image\" content=\"https:\/\/www.info-algerie.com\/actualites\/wp-content\/uploads\/2017\/04\/d1e98fa2230925f5645b0f23e33389a7_S-1.jpg\" \/>\n\t<meta property=\"og:image:width\" content=\"150\" \/>\n\t<meta property=\"og:image:height\" content=\"97\" \/>\n\t<meta property=\"og:image:type\" content=\"image\/jpeg\" \/>\n<meta name=\"author\" content=\"La r\u00e9daction\" \/>\n<meta name=\"twitter:label1\" content=\"\u00c9crit par\" \/>\n\t<meta name=\"twitter:data1\" content=\"La r\u00e9daction\" \/>\n<script type=\"application\/ld+json\" class=\"yoast-schema-graph\">{\"@context\":\"https:\\\/\\\/schema.org\",\"@graph\":[{\"@type\":\"Article\",\"@id\":\"https:\\\/\\\/www.info-algerie.com\\\/actualites\\\/la-question-securitaire-en-tete-des-priorites-sellal\\\/#article\",\"isPartOf\":{\"@id\":\"https:\\\/\\\/www.info-algerie.com\\\/actualites\\\/la-question-securitaire-en-tete-des-priorites-sellal\\\/\"},\"author\":{\"name\":\"La r\u00e9daction\",\"@id\":\"https:\\\/\\\/www.info-algerie.com\\\/actualites\\\/#\\\/schema\\\/person\\\/847aaec44920825b843a08f30ec6aa1e\"},\"headline\":\"La question s\u00e9curitaire &quot;en t\u00eate des priorit\u00e9s&quot; (Sellal)\",\"datePublished\":\"2017-04-27T19:47:41+00:00\",\"mainEntityOfPage\":{\"@id\":\"https:\\\/\\\/www.info-algerie.com\\\/actualites\\\/la-question-securitaire-en-tete-des-priorites-sellal\\\/\"},\"wordCount\":82,\"commentCount\":0,\"publisher\":{\"@id\":\"https:\\\/\\\/www.info-algerie.com\\\/actualites\\\/#organization\"},\"image\":{\"@id\":\"https:\\\/\\\/www.info-algerie.com\\\/actualites\\\/la-question-securitaire-en-tete-des-priorites-sellal\\\/#primaryimage\"},\"thumbnailUrl\":\"https:\\\/\\\/www.info-algerie.com\\\/actualites\\\/wp-content\\\/uploads\\\/2017\\\/04\\\/d1e98fa2230925f5645b0f23e33389a7_S-1.jpg\",\"keywords\":[\"ONU\"],\"articleSection\":[\"infos\"],\"inLanguage\":\"fr-FR\",\"potentialAction\":[{\"@type\":\"CommentAction\",\"name\":\"Comment\",\"target\":[\"https:\\\/\\\/www.info-algerie.com\\\/actualites\\\/la-question-securitaire-en-tete-des-priorites-sellal\\\/#respond\"]}]},{\"@type\":\"WebPage\",\"@id\":\"https:\\\/\\\/www.info-algerie.com\\\/actualites\\\/la-question-securitaire-en-tete-des-priorites-sellal\\\/\",\"url\":\"https:\\\/\\\/www.info-algerie.com\\\/actualites\\\/la-question-securitaire-en-tete-des-priorites-sellal\\\/\",\"name\":\"La question s\u00e9curitaire &quot;en t\u00eate des priorit\u00e9s&quot; (Sellal) - info algerie\",\"isPartOf\":{\"@id\":\"https:\\\/\\\/www.info-algerie.com\\\/actualites\\\/#website\"},\"primaryImageOfPage\":{\"@id\":\"https:\\\/\\\/www.info-algerie.com\\\/actualites\\\/la-question-securitaire-en-tete-des-priorites-sellal\\\/#primaryimage\"},\"image\":{\"@id\":\"https:\\\/\\\/www.info-algerie.com\\\/actualites\\\/la-question-securitaire-en-tete-des-priorites-sellal\\\/#primaryimage\"},\"thumbnailUrl\":\"https:\\\/\\\/www.info-algerie.com\\\/actualites\\\/wp-content\\\/uploads\\\/2017\\\/04\\\/d1e98fa2230925f5645b0f23e33389a7_S-1.jpg\",\"datePublished\":\"2017-04-27T19:47:41+00:00\",\"breadcrumb\":{\"@id\":\"https:\\\/\\\/www.info-algerie.com\\\/actualites\\\/la-question-securitaire-en-tete-des-priorites-sellal\\\/#breadcrumb\"},\"inLanguage\":\"fr-FR\",\"potentialAction\":[{\"@type\":\"ReadAction\",\"target\":[\"https:\\\/\\\/www.info-algerie.com\\\/actualites\\\/la-question-securitaire-en-tete-des-priorites-sellal\\\/\"]}]},{\"@type\":\"ImageObject\",\"inLanguage\":\"fr-FR\",\"@id\":\"https:\\\/\\\/www.info-algerie.com\\\/actualites\\\/la-question-securitaire-en-tete-des-priorites-sellal\\\/#primaryimage\",\"url\":\"https:\\\/\\\/www.info-algerie.com\\\/actualites\\\/wp-content\\\/uploads\\\/2017\\\/04\\\/d1e98fa2230925f5645b0f23e33389a7_S-1.jpg\",\"contentUrl\":\"https:\\\/\\\/www.info-algerie.com\\\/actualites\\\/wp-content\\\/uploads\\\/2017\\\/04\\\/d1e98fa2230925f5645b0f23e33389a7_S-1.jpg\",\"width\":150,\"height\":97},{\"@type\":\"BreadcrumbList\",\"@id\":\"https:\\\/\\\/www.info-algerie.com\\\/actualites\\\/la-question-securitaire-en-tete-des-priorites-sellal\\\/#breadcrumb\",\"itemListElement\":[{\"@type\":\"ListItem\",\"position\":1,\"name\":\"Accueil\",\"item\":\"https:\\\/\\\/www.info-algerie.com\\\/actualites\\\/\"},{\"@type\":\"ListItem\",\"position\":2,\"name\":\"La question s\u00e9curitaire &quot;en t\u00eate des priorit\u00e9s&quot; (Sellal)\"}]},{\"@type\":\"WebSite\",\"@id\":\"https:\\\/\\\/www.info-algerie.com\\\/actualites\\\/#website\",\"url\":\"https:\\\/\\\/www.info-algerie.com\\\/actualites\\\/\",\"name\":\"info algerie\",\"description\":\"Toutes les actualit\u00e9s\",\"publisher\":{\"@id\":\"https:\\\/\\\/www.info-algerie.com\\\/actualites\\\/#organization\"},\"potentialAction\":[{\"@type\":\"SearchAction\",\"target\":{\"@type\":\"EntryPoint\",\"urlTemplate\":\"https:\\\/\\\/www.info-algerie.com\\\/actualites\\\/?s={search_term_string}\"},\"query-input\":{\"@type\":\"PropertyValueSpecification\",\"valueRequired\":true,\"valueName\":\"search_term_string\"}}],\"inLanguage\":\"fr-FR\"},{\"@type\":\"Organization\",\"@id\":\"https:\\\/\\\/www.info-algerie.com\\\/actualites\\\/#organization\",\"name\":\"info algerie\",\"url\":\"https:\\\/\\\/www.info-algerie.com\\\/actualites\\\/\",\"logo\":{\"@type\":\"ImageObject\",\"inLanguage\":\"fr-FR\",\"@id\":\"https:\\\/\\\/www.info-algerie.com\\\/actualites\\\/#\\\/schema\\\/logo\\\/image\\\/\",\"url\":\"https:\\\/\\\/www.info-algerie.com\\\/actualites\\\/wp-content\\\/uploads\\\/2022\\\/07\\\/logo-ia-120.png\",\"contentUrl\":\"https:\\\/\\\/www.info-algerie.com\\\/actualites\\\/wp-content\\\/uploads\\\/2022\\\/07\\\/logo-ia-120.png\",\"width\":120,\"height\":43,\"caption\":\"info algerie\"},\"image\":{\"@id\":\"https:\\\/\\\/www.info-algerie.com\\\/actualites\\\/#\\\/schema\\\/logo\\\/image\\\/\"},\"sameAs\":[\"https:\\\/\\\/www.facebook.com\\\/infoalgerieactu\",\"https:\\\/\\\/x.com\\\/infoalgerie1\"]},{\"@type\":\"Person\",\"@id\":\"https:\\\/\\\/www.info-algerie.com\\\/actualites\\\/#\\\/schema\\\/person\\\/847aaec44920825b843a08f30ec6aa1e\",\"name\":\"La r\u00e9daction\",\"image\":{\"@type\":\"ImageObject\",\"inLanguage\":\"fr-FR\",\"@id\":\"https:\\\/\\\/secure.gravatar.com\\\/avatar\\\/769db425c6f465158149f1ffd6cf61ce7a8a879d11dfbef8288af36dfddd418c?s=96&d=mm&r=g\",\"url\":\"https:\\\/\\\/secure.gravatar.com\\\/avatar\\\/769db425c6f465158149f1ffd6cf61ce7a8a879d11dfbef8288af36dfddd418c?s=96&d=mm&r=g\",\"contentUrl\":\"https:\\\/\\\/secure.gravatar.com\\\/avatar\\\/769db425c6f465158149f1ffd6cf61ce7a8a879d11dfbef8288af36dfddd418c?s=96&d=mm&r=g\",\"caption\":\"La r\u00e9daction\"},\"sameAs\":[\"http:\\\/\\\/www.lkeria.com\\\/\"],\"url\":\"https:\\\/\\\/www.info-algerie.com\\\/actualites\\\/author\\\/chakib32\\\/\"}]}<\/script>\n<!-- \/ Yoast SEO plugin. -->","yoast_head_json":{"title":"La question s\u00e9curitaire &quot;en t\u00eate des priorit\u00e9s&quot; (Sellal) - info algerie","robots":{"index":"index","follow":"follow","max-snippet":"max-snippet:-1","max-image-preview":"max-image-preview:large","max-video-preview":"max-video-preview:-1"},"canonical":"https:\/\/www.info-algerie.com\/actualites\/la-question-securitaire-en-tete-des-priorites-sellal\/","og_locale":"fr_FR","og_type":"article","og_title":"La question s\u00e9curitaire &quot;en t\u00eate des priorit\u00e9s&quot; (Sellal) - info algerie","og_description":"TAMANRASSET &#8211; Le Premier ministre, Abdelmalek Sellal, a mis l\u2019accent, jeudi \u00e0 Tamanrasset, sur la question s\u00e9curitaire qui vient \u00ab\u00a0en t\u00eate des priorit\u00e9s en Alg\u00e9rie\u00a0\u00bb. Intervenant lors d\u2019une rencontre avec la soci\u00e9t\u00e9 civile, au terme d\u2019une visite de travail dans la wilaya, M. Sellal a indiqu\u00e9 que la stabilit\u00e9 constituait\u2026 &#013; Source: La question s\u00e9curitaire","og_url":"https:\/\/www.info-algerie.com\/actualites\/la-question-securitaire-en-tete-des-priorites-sellal\/","og_site_name":"info algerie","article_publisher":"https:\/\/www.facebook.com\/infoalgerieactu","article_published_time":"2017-04-27T19:47:41+00:00","og_image":[{"width":150,"height":97,"url":"https:\/\/www.info-algerie.com\/actualites\/wp-content\/uploads\/2017\/04\/d1e98fa2230925f5645b0f23e33389a7_S-1.jpg","type":"image\/jpeg"}],"author":"La r\u00e9daction","twitter_misc":{"\u00c9crit par":"La r\u00e9daction"},"schema":{"@context":"https:\/\/schema.org","@graph":[{"@type":"Article","@id":"https:\/\/www.info-algerie.com\/actualites\/la-question-securitaire-en-tete-des-priorites-sellal\/#article","isPartOf":{"@id":"https:\/\/www.info-algerie.com\/actualites\/la-question-securitaire-en-tete-des-priorites-sellal\/"},"author":{"name":"La r\u00e9daction","@id":"https:\/\/www.info-algerie.com\/actualites\/#\/schema\/person\/847aaec44920825b843a08f30ec6aa1e"},"headline":"La question s\u00e9curitaire &quot;en t\u00eate des priorit\u00e9s&quot; (Sellal)","datePublished":"2017-04-27T19:47:41+00:00","mainEntityOfPage":{"@id":"https:\/\/www.info-algerie.com\/actualites\/la-question-securitaire-en-tete-des-priorites-sellal\/"},"wordCount":82,"commentCount":0,"publisher":{"@id":"https:\/\/www.info-algerie.com\/actualites\/#organization"},"image":{"@id":"https:\/\/www.info-algerie.com\/actualites\/la-question-securitaire-en-tete-des-priorites-sellal\/#primaryimage"},"thumbnailUrl":"https:\/\/www.info-algerie.com\/actualites\/wp-content\/uploads\/2017\/04\/d1e98fa2230925f5645b0f23e33389a7_S-1.jpg","keywords":["ONU"],"articleSection":["infos"],"inLanguage":"fr-FR","potentialAction":[{"@type":"CommentAction","name":"Comment","target":["https:\/\/www.info-algerie.com\/actualites\/la-question-securitaire-en-tete-des-priorites-sellal\/#respond"]}]},{"@type":"WebPage","@id":"https:\/\/www.info-algerie.com\/actualites\/la-question-securitaire-en-tete-des-priorites-sellal\/","url":"https:\/\/www.info-algerie.com\/actualites\/la-question-securitaire-en-tete-des-priorites-sellal\/","name":"La question s\u00e9curitaire &quot;en t\u00eate des priorit\u00e9s&quot; (Sellal) - info algerie","isPartOf":{"@id":"https:\/\/www.info-algerie.com\/actualites\/#website"},"primaryImageOfPage":{"@id":"https:\/\/www.info-algerie.com\/actualites\/la-question-securitaire-en-tete-des-priorites-sellal\/#primaryimage"},"image":{"@id":"https:\/\/www.info-algerie.com\/actualites\/la-question-securitaire-en-tete-des-priorites-sellal\/#primaryimage"},"thumbnailUrl":"https:\/\/www.info-algerie.com\/actualites\/wp-content\/uploads\/2017\/04\/d1e98fa2230925f5645b0f23e33389a7_S-1.jpg","datePublished":"2017-04-27T19:47:41+00:00","breadcrumb":{"@id":"https:\/\/www.info-algerie.com\/actualites\/la-question-securitaire-en-tete-des-priorites-sellal\/#breadcrumb"},"inLanguage":"fr-FR","potentialAction":[{"@type":"ReadAction","target":["https:\/\/www.info-algerie.com\/actualites\/la-question-securitaire-en-tete-des-priorites-sellal\/"]}]},{"@type":"ImageObject","inLanguage":"fr-FR","@id":"https:\/\/www.info-algerie.com\/actualites\/la-question-securitaire-en-tete-des-priorites-sellal\/#primaryimage","url":"https:\/\/www.info-algerie.com\/actualites\/wp-content\/uploads\/2017\/04\/d1e98fa2230925f5645b0f23e33389a7_S-1.jpg","contentUrl":"https:\/\/www.info-algerie.com\/actualites\/wp-content\/uploads\/2017\/04\/d1e98fa2230925f5645b0f23e33389a7_S-1.jpg","width":150,"height":97},{"@type":"BreadcrumbList","@id":"https:\/\/www.info-algerie.com\/actualites\/la-question-securitaire-en-tete-des-priorites-sellal\/#breadcrumb","itemListElement":[{"@type":"ListItem","position":1,"name":"Accueil","item":"https:\/\/www.info-algerie.com\/actualites\/"},{"@type":"ListItem","position":2,"name":"La question s\u00e9curitaire &quot;en t\u00eate des priorit\u00e9s&quot; (Sellal)"}]},{"@type":"WebSite","@id":"https:\/\/www.info-algerie.com\/actualites\/#website","url":"https:\/\/www.info-algerie.com\/actualites\/","name":"info algerie","description":"Toutes les actualit\u00e9s","publisher":{"@id":"https:\/\/www.info-algerie.com\/actualites\/#organization"},"potentialAction":[{"@type":"SearchAction","target":{"@type":"EntryPoint","urlTemplate":"https:\/\/www.info-algerie.com\/actualites\/?s={search_term_string}"},"query-input":{"@type":"PropertyValueSpecification","valueRequired":true,"valueName":"search_term_string"}}],"inLanguage":"fr-FR"},{"@type":"Organization","@id":"https:\/\/www.info-algerie.com\/actualites\/#organization","name":"info algerie","url":"https:\/\/www.info-algerie.com\/actualites\/","logo":{"@type":"ImageObject","inLanguage":"fr-FR","@id":"https:\/\/www.info-algerie.com\/actualites\/#\/schema\/logo\/image\/","url":"https:\/\/www.info-algerie.com\/actualites\/wp-content\/uploads\/2022\/07\/logo-ia-120.png","contentUrl":"https:\/\/www.info-algerie.com\/actualites\/wp-content\/uploads\/2022\/07\/logo-ia-120.png","width":120,"height":43,"caption":"info algerie"},"image":{"@id":"https:\/\/www.info-algerie.com\/actualites\/#\/schema\/logo\/image\/"},"sameAs":["https:\/\/www.facebook.com\/infoalgerieactu","https:\/\/x.com\/infoalgerie1"]},{"@type":"Person","@id":"https:\/\/www.info-algerie.com\/actualites\/#\/schema\/person\/847aaec44920825b843a08f30ec6aa1e","name":"La r\u00e9daction","image":{"@type":"ImageObject","inLanguage":"fr-FR","@id":"https:\/\/secure.gravatar.com\/avatar\/769db425c6f465158149f1ffd6cf61ce7a8a879d11dfbef8288af36dfddd418c?s=96&d=mm&r=g","url":"https:\/\/secure.gravatar.com\/avatar\/769db425c6f465158149f1ffd6cf61ce7a8a879d11dfbef8288af36dfddd418c?s=96&d=mm&r=g","contentUrl":"https:\/\/secure.gravatar.com\/avatar\/769db425c6f465158149f1ffd6cf61ce7a8a879d11dfbef8288af36dfddd418c?s=96&d=mm&r=g","caption":"La r\u00e9daction"},"sameAs":["http:\/\/www.lkeria.com\/"],"url":"https:\/\/www.info-algerie.com\/actualites\/author\/chakib32\/"}]}},"_links":{"self":[{"href":"https:\/\/www.info-algerie.com\/actualites\/wp-json\/wp\/v2\/posts\/11082","targetHints":{"allow":["GET"]}}],"collection":[{"href":"https:\/\/www.info-algerie.com\/actualites\/wp-json\/wp\/v2\/posts"}],"about":[{"href":"https:\/\/www.info-algerie.com\/actualites\/wp-json\/wp\/v2\/types\/post"}],"author":[{"embeddable":true,"href":"https:\/\/www.info-algerie.com\/actualites\/wp-json\/wp\/v2\/users\/6"}],"replies":[{"embeddable":true,"href":"https:\/\/www.info-algerie.com\/actualites\/wp-json\/wp\/v2\/comments?post=11082"}],"version-history":[{"count":0,"href":"https:\/\/www.info-algerie.com\/actualites\/wp-json\/wp\/v2\/posts\/11082\/revisions"}],"wp:featuredmedia":[{"embeddable":true,"href":"https:\/\/www.info-algerie.com\/actualites\/wp-json\/wp\/v2\/media\/11083"}],"wp:attachment":[{"href":"https:\/\/www.info-algerie.com\/actualites\/wp-json\/wp\/v2\/media?parent=11082"}],"wp:term":[{"taxonomy":"category","embeddable":true,"href":"https:\/\/www.info-algerie.com\/actualites\/wp-json\/wp\/v2\/categories?post=11082"},{"taxonomy":"post_tag","embeddable":true,"href":"https:\/\/www.info-algerie.com\/actualites\/wp-json\/wp\/v2\/tags?post=11082"}],"curies":[{"name":"wp","href":"https:\/\/api.w.org\/{rel}","templated":true}]}}