{"id":1111,"date":"2015-09-28T09:15:49","date_gmt":"2015-09-28T08:15:49","guid":{"rendered":"http:\/\/www.info-algerie.com\/actualites\/comite-intergouvernemental-de-haut-niveau-algero-francais-deuxieme-reunion-du-comite-de-suivi-mardi-a-paris\/"},"modified":"2015-09-28T09:15:49","modified_gmt":"2015-09-28T08:15:49","slug":"comite-intergouvernemental-de-haut-niveau-algero-francais-deuxieme-reunion-du-comite-de-suivi-mardi-a-paris","status":"publish","type":"post","link":"https:\/\/www.info-algerie.com\/actualites\/comite-intergouvernemental-de-haut-niveau-algero-francais-deuxieme-reunion-du-comite-de-suivi-mardi-a-paris\/","title":{"rendered":"Comit\u00e9 intergouvernemental de haut niveau alg\u00e9ro-fran\u00e7ais: deuxi\u00e8me r\u00e9union du comit\u00e9 de suivi mardi \u00e0 Paris"},"content":{"rendered":"<div class=\"K2FeedImage\"><img decoding=\"async\" src=\"\" alt=\"Comit&#xE9; intergouvernemental de haut niveau alg&#xE9;ro-fran&#xE7;ais: deuxi&#xE8;me r&#xE9;union du comit&#xE9; de suivi mardi &#xE0; Paris\" \/><\/div>\n<div class=\"K2FeedIntroText\"> ALGER-La deuxi\u00e8me r\u00e9union du Comit\u00e9 de suivi du Comit\u00e9 intergouvernemental de haut niveau (CIHN) alg\u00e9ro-fran\u00e7ais et du dialogue strat\u00e9gique bilat\u00e9ral, se tiendra demain mardi \u00e0 Paris, indique lundi un communiqu\u00e9 du minist\u00e8re des Affaires \u00e9trang\u00e8res (MAE). Les travaux de la rencontre se tiendront sous la copr\u00e9sidence du secr\u00e9taire g\u00e9n\u00e9ral du\u2026<\/div>\n<p>&#013;<br \/>\nSource: <a href=\"http:\/\/www.aps.dz\/algerie\/29141-comit%C3%A9-intergouvernemental-de-haut-niveau-alg%C3%A9ro-fran%C3%A7ais-deuxi%C3%A8me-r%C3%A9union-du-comit%C3%A9-de-suivi-mardi-%C3%A0-paris\" target=\"_blank\">Comit\u00e9 intergouvernemental de haut niveau alg\u00e9ro-fran\u00e7ais: deuxi\u00e8me r\u00e9union du comit\u00e9 de suivi mardi \u00e0 Paris<\/a><\/p>\n<!--CusAds0-->\n<div style=\"font-size: 0px; height: 0px; line-height: 0px; margin: 0; padding: 0; clear: both;\"><\/div>","protected":false},"excerpt":{"rendered":"<p>ALGER-La deuxi\u00e8me r\u00e9union du Comit\u00e9 de suivi du Comit\u00e9 intergouvernemental de haut niveau (CIHN) alg\u00e9ro-fran\u00e7ais et du dialogue strat\u00e9gique bilat\u00e9ral, se tiendra demain mardi \u00e0 Paris, indique lundi un communiqu\u00e9 du minist\u00e8re des Affaires \u00e9trang\u00e8res (MAE). Les travaux de la rencontre se tiendront sous la copr\u00e9sidence du secr\u00e9taire g\u00e9n\u00e9ral du\u2026 &#013; Source: Comit\u00e9 intergouvernemental de<\/p>\n","protected":false},"author":6,"featured_media":0,"comment_status":"open","ping_status":"open","sticky":false,"template":"","format":"standard","meta":{"footnotes":""},"categories":[22],"tags":[93],"class_list":["post-1111","post","type-post","status-publish","format-standard","hentry","category-infos","tag-onu"],"yoast_head":"<!-- This site is optimized with the Yoast SEO plugin v27.5 - https:\/\/yoast.com\/product\/yoast-seo-wordpress\/ -->\n<title>Comit\u00e9 intergouvernemental de haut niveau alg\u00e9ro-fran\u00e7ais: deuxi\u00e8me r\u00e9union du comit\u00e9 de suivi mardi \u00e0 Paris - info algerie<\/title>\n<meta name=\"robots\" content=\"index, follow, max-snippet:-1, max-image-preview:large, max-video-preview:-1\" \/>\n<link rel=\"canonical\" href=\"https:\/\/www.info-algerie.com\/actualites\/comite-intergouvernemental-de-haut-niveau-algero-francais-deuxieme-reunion-du-comite-de-suivi-mardi-a-paris\/\" \/>\n<meta property=\"og:locale\" content=\"fr_FR\" \/>\n<meta property=\"og:type\" content=\"article\" \/>\n<meta property=\"og:title\" content=\"Comit\u00e9 intergouvernemental de haut niveau alg\u00e9ro-fran\u00e7ais: deuxi\u00e8me r\u00e9union du comit\u00e9 de suivi mardi \u00e0 Paris - info algerie\" \/>\n<meta property=\"og:description\" content=\"ALGER-La deuxi\u00e8me r\u00e9union du Comit\u00e9 de suivi du Comit\u00e9 intergouvernemental de haut niveau (CIHN) alg\u00e9ro-fran\u00e7ais et du dialogue strat\u00e9gique bilat\u00e9ral, se tiendra demain mardi \u00e0 Paris, indique lundi un communiqu\u00e9 du minist\u00e8re des Affaires \u00e9trang\u00e8res (MAE). Les travaux de la rencontre se tiendront sous la copr\u00e9sidence du secr\u00e9taire g\u00e9n\u00e9ral du\u2026 &#013; Source: Comit\u00e9 intergouvernemental de\" \/>\n<meta property=\"og:url\" content=\"https:\/\/www.info-algerie.com\/actualites\/comite-intergouvernemental-de-haut-niveau-algero-francais-deuxieme-reunion-du-comite-de-suivi-mardi-a-paris\/\" \/>\n<meta property=\"og:site_name\" content=\"info algerie\" \/>\n<meta property=\"article:publisher\" content=\"https:\/\/www.facebook.com\/infoalgerieactu\" \/>\n<meta property=\"article:published_time\" content=\"2015-09-28T08:15:49+00:00\" \/>\n<meta name=\"author\" content=\"La r\u00e9daction\" \/>\n<meta name=\"twitter:label1\" content=\"\u00c9crit par\" \/>\n\t<meta name=\"twitter:data1\" content=\"La r\u00e9daction\" \/>\n<script type=\"application\/ld+json\" class=\"yoast-schema-graph\">{\"@context\":\"https:\\\/\\\/schema.org\",\"@graph\":[{\"@type\":\"Article\",\"@id\":\"https:\\\/\\\/www.info-algerie.com\\\/actualites\\\/comite-intergouvernemental-de-haut-niveau-algero-francais-deuxieme-reunion-du-comite-de-suivi-mardi-a-paris\\\/#article\",\"isPartOf\":{\"@id\":\"https:\\\/\\\/www.info-algerie.com\\\/actualites\\\/comite-intergouvernemental-de-haut-niveau-algero-francais-deuxieme-reunion-du-comite-de-suivi-mardi-a-paris\\\/\"},\"author\":{\"name\":\"La r\u00e9daction\",\"@id\":\"https:\\\/\\\/www.info-algerie.com\\\/actualites\\\/#\\\/schema\\\/person\\\/847aaec44920825b843a08f30ec6aa1e\"},\"headline\":\"Comit\u00e9 intergouvernemental de haut niveau alg\u00e9ro-fran\u00e7ais: deuxi\u00e8me r\u00e9union du comit\u00e9 de suivi mardi \u00e0 Paris\",\"datePublished\":\"2015-09-28T08:15:49+00:00\",\"mainEntityOfPage\":{\"@id\":\"https:\\\/\\\/www.info-algerie.com\\\/actualites\\\/comite-intergouvernemental-de-haut-niveau-algero-francais-deuxieme-reunion-du-comite-de-suivi-mardi-a-paris\\\/\"},\"wordCount\":98,\"commentCount\":0,\"publisher\":{\"@id\":\"https:\\\/\\\/www.info-algerie.com\\\/actualites\\\/#organization\"},\"keywords\":[\"ONU\"],\"articleSection\":[\"infos\"],\"inLanguage\":\"fr-FR\",\"potentialAction\":[{\"@type\":\"CommentAction\",\"name\":\"Comment\",\"target\":[\"https:\\\/\\\/www.info-algerie.com\\\/actualites\\\/comite-intergouvernemental-de-haut-niveau-algero-francais-deuxieme-reunion-du-comite-de-suivi-mardi-a-paris\\\/#respond\"]}]},{\"@type\":\"WebPage\",\"@id\":\"https:\\\/\\\/www.info-algerie.com\\\/actualites\\\/comite-intergouvernemental-de-haut-niveau-algero-francais-deuxieme-reunion-du-comite-de-suivi-mardi-a-paris\\\/\",\"url\":\"https:\\\/\\\/www.info-algerie.com\\\/actualites\\\/comite-intergouvernemental-de-haut-niveau-algero-francais-deuxieme-reunion-du-comite-de-suivi-mardi-a-paris\\\/\",\"name\":\"Comit\u00e9 intergouvernemental de haut niveau alg\u00e9ro-fran\u00e7ais: deuxi\u00e8me r\u00e9union du comit\u00e9 de suivi mardi \u00e0 Paris - info algerie\",\"isPartOf\":{\"@id\":\"https:\\\/\\\/www.info-algerie.com\\\/actualites\\\/#website\"},\"datePublished\":\"2015-09-28T08:15:49+00:00\",\"breadcrumb\":{\"@id\":\"https:\\\/\\\/www.info-algerie.com\\\/actualites\\\/comite-intergouvernemental-de-haut-niveau-algero-francais-deuxieme-reunion-du-comite-de-suivi-mardi-a-paris\\\/#breadcrumb\"},\"inLanguage\":\"fr-FR\",\"potentialAction\":[{\"@type\":\"ReadAction\",\"target\":[\"https:\\\/\\\/www.info-algerie.com\\\/actualites\\\/comite-intergouvernemental-de-haut-niveau-algero-francais-deuxieme-reunion-du-comite-de-suivi-mardi-a-paris\\\/\"]}]},{\"@type\":\"BreadcrumbList\",\"@id\":\"https:\\\/\\\/www.info-algerie.com\\\/actualites\\\/comite-intergouvernemental-de-haut-niveau-algero-francais-deuxieme-reunion-du-comite-de-suivi-mardi-a-paris\\\/#breadcrumb\",\"itemListElement\":[{\"@type\":\"ListItem\",\"position\":1,\"name\":\"Accueil\",\"item\":\"https:\\\/\\\/www.info-algerie.com\\\/actualites\\\/\"},{\"@type\":\"ListItem\",\"position\":2,\"name\":\"Comit\u00e9 intergouvernemental de haut niveau alg\u00e9ro-fran\u00e7ais: deuxi\u00e8me r\u00e9union du comit\u00e9 de suivi mardi \u00e0 Paris\"}]},{\"@type\":\"WebSite\",\"@id\":\"https:\\\/\\\/www.info-algerie.com\\\/actualites\\\/#website\",\"url\":\"https:\\\/\\\/www.info-algerie.com\\\/actualites\\\/\",\"name\":\"info algerie\",\"description\":\"Toutes les actualit\u00e9s\",\"publisher\":{\"@id\":\"https:\\\/\\\/www.info-algerie.com\\\/actualites\\\/#organization\"},\"potentialAction\":[{\"@type\":\"SearchAction\",\"target\":{\"@type\":\"EntryPoint\",\"urlTemplate\":\"https:\\\/\\\/www.info-algerie.com\\\/actualites\\\/?s={search_term_string}\"},\"query-input\":{\"@type\":\"PropertyValueSpecification\",\"valueRequired\":true,\"valueName\":\"search_term_string\"}}],\"inLanguage\":\"fr-FR\"},{\"@type\":\"Organization\",\"@id\":\"https:\\\/\\\/www.info-algerie.com\\\/actualites\\\/#organization\",\"name\":\"info algerie\",\"url\":\"https:\\\/\\\/www.info-algerie.com\\\/actualites\\\/\",\"logo\":{\"@type\":\"ImageObject\",\"inLanguage\":\"fr-FR\",\"@id\":\"https:\\\/\\\/www.info-algerie.com\\\/actualites\\\/#\\\/schema\\\/logo\\\/image\\\/\",\"url\":\"https:\\\/\\\/www.info-algerie.com\\\/actualites\\\/wp-content\\\/uploads\\\/2022\\\/07\\\/logo-ia-120.png\",\"contentUrl\":\"https:\\\/\\\/www.info-algerie.com\\\/actualites\\\/wp-content\\\/uploads\\\/2022\\\/07\\\/logo-ia-120.png\",\"width\":120,\"height\":43,\"caption\":\"info algerie\"},\"image\":{\"@id\":\"https:\\\/\\\/www.info-algerie.com\\\/actualites\\\/#\\\/schema\\\/logo\\\/image\\\/\"},\"sameAs\":[\"https:\\\/\\\/www.facebook.com\\\/infoalgerieactu\",\"https:\\\/\\\/x.com\\\/infoalgerie1\"]},{\"@type\":\"Person\",\"@id\":\"https:\\\/\\\/www.info-algerie.com\\\/actualites\\\/#\\\/schema\\\/person\\\/847aaec44920825b843a08f30ec6aa1e\",\"name\":\"La r\u00e9daction\",\"image\":{\"@type\":\"ImageObject\",\"inLanguage\":\"fr-FR\",\"@id\":\"https:\\\/\\\/secure.gravatar.com\\\/avatar\\\/769db425c6f465158149f1ffd6cf61ce7a8a879d11dfbef8288af36dfddd418c?s=96&d=mm&r=g\",\"url\":\"https:\\\/\\\/secure.gravatar.com\\\/avatar\\\/769db425c6f465158149f1ffd6cf61ce7a8a879d11dfbef8288af36dfddd418c?s=96&d=mm&r=g\",\"contentUrl\":\"https:\\\/\\\/secure.gravatar.com\\\/avatar\\\/769db425c6f465158149f1ffd6cf61ce7a8a879d11dfbef8288af36dfddd418c?s=96&d=mm&r=g\",\"caption\":\"La r\u00e9daction\"},\"sameAs\":[\"http:\\\/\\\/www.lkeria.com\\\/\"],\"url\":\"https:\\\/\\\/www.info-algerie.com\\\/actualites\\\/author\\\/chakib32\\\/\"}]}<\/script>\n<!-- \/ Yoast SEO plugin. -->","yoast_head_json":{"title":"Comit\u00e9 intergouvernemental de haut niveau alg\u00e9ro-fran\u00e7ais: deuxi\u00e8me r\u00e9union du comit\u00e9 de suivi mardi \u00e0 Paris - info algerie","robots":{"index":"index","follow":"follow","max-snippet":"max-snippet:-1","max-image-preview":"max-image-preview:large","max-video-preview":"max-video-preview:-1"},"canonical":"https:\/\/www.info-algerie.com\/actualites\/comite-intergouvernemental-de-haut-niveau-algero-francais-deuxieme-reunion-du-comite-de-suivi-mardi-a-paris\/","og_locale":"fr_FR","og_type":"article","og_title":"Comit\u00e9 intergouvernemental de haut niveau alg\u00e9ro-fran\u00e7ais: deuxi\u00e8me r\u00e9union du comit\u00e9 de suivi mardi \u00e0 Paris - info algerie","og_description":"ALGER-La deuxi\u00e8me r\u00e9union du Comit\u00e9 de suivi du Comit\u00e9 intergouvernemental de haut niveau (CIHN) alg\u00e9ro-fran\u00e7ais et du dialogue strat\u00e9gique bilat\u00e9ral, se tiendra demain mardi \u00e0 Paris, indique lundi un communiqu\u00e9 du minist\u00e8re des Affaires \u00e9trang\u00e8res (MAE). Les travaux de la rencontre se tiendront sous la copr\u00e9sidence du secr\u00e9taire g\u00e9n\u00e9ral du\u2026 &#013; Source: Comit\u00e9 intergouvernemental de","og_url":"https:\/\/www.info-algerie.com\/actualites\/comite-intergouvernemental-de-haut-niveau-algero-francais-deuxieme-reunion-du-comite-de-suivi-mardi-a-paris\/","og_site_name":"info algerie","article_publisher":"https:\/\/www.facebook.com\/infoalgerieactu","article_published_time":"2015-09-28T08:15:49+00:00","author":"La r\u00e9daction","twitter_misc":{"\u00c9crit par":"La r\u00e9daction"},"schema":{"@context":"https:\/\/schema.org","@graph":[{"@type":"Article","@id":"https:\/\/www.info-algerie.com\/actualites\/comite-intergouvernemental-de-haut-niveau-algero-francais-deuxieme-reunion-du-comite-de-suivi-mardi-a-paris\/#article","isPartOf":{"@id":"https:\/\/www.info-algerie.com\/actualites\/comite-intergouvernemental-de-haut-niveau-algero-francais-deuxieme-reunion-du-comite-de-suivi-mardi-a-paris\/"},"author":{"name":"La r\u00e9daction","@id":"https:\/\/www.info-algerie.com\/actualites\/#\/schema\/person\/847aaec44920825b843a08f30ec6aa1e"},"headline":"Comit\u00e9 intergouvernemental de haut niveau alg\u00e9ro-fran\u00e7ais: deuxi\u00e8me r\u00e9union du comit\u00e9 de suivi mardi \u00e0 Paris","datePublished":"2015-09-28T08:15:49+00:00","mainEntityOfPage":{"@id":"https:\/\/www.info-algerie.com\/actualites\/comite-intergouvernemental-de-haut-niveau-algero-francais-deuxieme-reunion-du-comite-de-suivi-mardi-a-paris\/"},"wordCount":98,"commentCount":0,"publisher":{"@id":"https:\/\/www.info-algerie.com\/actualites\/#organization"},"keywords":["ONU"],"articleSection":["infos"],"inLanguage":"fr-FR","potentialAction":[{"@type":"CommentAction","name":"Comment","target":["https:\/\/www.info-algerie.com\/actualites\/comite-intergouvernemental-de-haut-niveau-algero-francais-deuxieme-reunion-du-comite-de-suivi-mardi-a-paris\/#respond"]}]},{"@type":"WebPage","@id":"https:\/\/www.info-algerie.com\/actualites\/comite-intergouvernemental-de-haut-niveau-algero-francais-deuxieme-reunion-du-comite-de-suivi-mardi-a-paris\/","url":"https:\/\/www.info-algerie.com\/actualites\/comite-intergouvernemental-de-haut-niveau-algero-francais-deuxieme-reunion-du-comite-de-suivi-mardi-a-paris\/","name":"Comit\u00e9 intergouvernemental de haut niveau alg\u00e9ro-fran\u00e7ais: deuxi\u00e8me r\u00e9union du comit\u00e9 de suivi mardi \u00e0 Paris - info algerie","isPartOf":{"@id":"https:\/\/www.info-algerie.com\/actualites\/#website"},"datePublished":"2015-09-28T08:15:49+00:00","breadcrumb":{"@id":"https:\/\/www.info-algerie.com\/actualites\/comite-intergouvernemental-de-haut-niveau-algero-francais-deuxieme-reunion-du-comite-de-suivi-mardi-a-paris\/#breadcrumb"},"inLanguage":"fr-FR","potentialAction":[{"@type":"ReadAction","target":["https:\/\/www.info-algerie.com\/actualites\/comite-intergouvernemental-de-haut-niveau-algero-francais-deuxieme-reunion-du-comite-de-suivi-mardi-a-paris\/"]}]},{"@type":"BreadcrumbList","@id":"https:\/\/www.info-algerie.com\/actualites\/comite-intergouvernemental-de-haut-niveau-algero-francais-deuxieme-reunion-du-comite-de-suivi-mardi-a-paris\/#breadcrumb","itemListElement":[{"@type":"ListItem","position":1,"name":"Accueil","item":"https:\/\/www.info-algerie.com\/actualites\/"},{"@type":"ListItem","position":2,"name":"Comit\u00e9 intergouvernemental de haut niveau alg\u00e9ro-fran\u00e7ais: deuxi\u00e8me r\u00e9union du comit\u00e9 de suivi mardi \u00e0 Paris"}]},{"@type":"WebSite","@id":"https:\/\/www.info-algerie.com\/actualites\/#website","url":"https:\/\/www.info-algerie.com\/actualites\/","name":"info algerie","description":"Toutes les actualit\u00e9s","publisher":{"@id":"https:\/\/www.info-algerie.com\/actualites\/#organization"},"potentialAction":[{"@type":"SearchAction","target":{"@type":"EntryPoint","urlTemplate":"https:\/\/www.info-algerie.com\/actualites\/?s={search_term_string}"},"query-input":{"@type":"PropertyValueSpecification","valueRequired":true,"valueName":"search_term_string"}}],"inLanguage":"fr-FR"},{"@type":"Organization","@id":"https:\/\/www.info-algerie.com\/actualites\/#organization","name":"info algerie","url":"https:\/\/www.info-algerie.com\/actualites\/","logo":{"@type":"ImageObject","inLanguage":"fr-FR","@id":"https:\/\/www.info-algerie.com\/actualites\/#\/schema\/logo\/image\/","url":"https:\/\/www.info-algerie.com\/actualites\/wp-content\/uploads\/2022\/07\/logo-ia-120.png","contentUrl":"https:\/\/www.info-algerie.com\/actualites\/wp-content\/uploads\/2022\/07\/logo-ia-120.png","width":120,"height":43,"caption":"info algerie"},"image":{"@id":"https:\/\/www.info-algerie.com\/actualites\/#\/schema\/logo\/image\/"},"sameAs":["https:\/\/www.facebook.com\/infoalgerieactu","https:\/\/x.com\/infoalgerie1"]},{"@type":"Person","@id":"https:\/\/www.info-algerie.com\/actualites\/#\/schema\/person\/847aaec44920825b843a08f30ec6aa1e","name":"La r\u00e9daction","image":{"@type":"ImageObject","inLanguage":"fr-FR","@id":"https:\/\/secure.gravatar.com\/avatar\/769db425c6f465158149f1ffd6cf61ce7a8a879d11dfbef8288af36dfddd418c?s=96&d=mm&r=g","url":"https:\/\/secure.gravatar.com\/avatar\/769db425c6f465158149f1ffd6cf61ce7a8a879d11dfbef8288af36dfddd418c?s=96&d=mm&r=g","contentUrl":"https:\/\/secure.gravatar.com\/avatar\/769db425c6f465158149f1ffd6cf61ce7a8a879d11dfbef8288af36dfddd418c?s=96&d=mm&r=g","caption":"La r\u00e9daction"},"sameAs":["http:\/\/www.lkeria.com\/"],"url":"https:\/\/www.info-algerie.com\/actualites\/author\/chakib32\/"}]}},"_links":{"self":[{"href":"https:\/\/www.info-algerie.com\/actualites\/wp-json\/wp\/v2\/posts\/1111","targetHints":{"allow":["GET"]}}],"collection":[{"href":"https:\/\/www.info-algerie.com\/actualites\/wp-json\/wp\/v2\/posts"}],"about":[{"href":"https:\/\/www.info-algerie.com\/actualites\/wp-json\/wp\/v2\/types\/post"}],"author":[{"embeddable":true,"href":"https:\/\/www.info-algerie.com\/actualites\/wp-json\/wp\/v2\/users\/6"}],"replies":[{"embeddable":true,"href":"https:\/\/www.info-algerie.com\/actualites\/wp-json\/wp\/v2\/comments?post=1111"}],"version-history":[{"count":0,"href":"https:\/\/www.info-algerie.com\/actualites\/wp-json\/wp\/v2\/posts\/1111\/revisions"}],"wp:attachment":[{"href":"https:\/\/www.info-algerie.com\/actualites\/wp-json\/wp\/v2\/media?parent=1111"}],"wp:term":[{"taxonomy":"category","embeddable":true,"href":"https:\/\/www.info-algerie.com\/actualites\/wp-json\/wp\/v2\/categories?post=1111"},{"taxonomy":"post_tag","embeddable":true,"href":"https:\/\/www.info-algerie.com\/actualites\/wp-json\/wp\/v2\/tags?post=1111"}],"curies":[{"name":"wp","href":"https:\/\/api.w.org\/{rel}","templated":true}]}}