{"id":11133,"date":"2017-04-29T08:14:57","date_gmt":"2017-04-29T07:14:57","guid":{"rendered":"http:\/\/www.info-algerie.com\/actualites\/necessite-dameliorer-le-climat-de-linvestissement-pour-renforcer-leconomie-nationale-sahli\/"},"modified":"2017-04-29T08:14:57","modified_gmt":"2017-04-29T07:14:57","slug":"necessite-dameliorer-le-climat-de-linvestissement-pour-renforcer-leconomie-nationale-sahli","status":"publish","type":"post","link":"https:\/\/www.info-algerie.com\/actualites\/necessite-dameliorer-le-climat-de-linvestissement-pour-renforcer-leconomie-nationale-sahli\/","title":{"rendered":"N\u00e9cessit\u00e9 d\u2019am\u00e9liorer le climat de l\u2019investissement  pour renforcer l\u2019\u00e9conomie nationale (Sahli)"},"content":{"rendered":"<div class=\"K2FeedIntroText\"> BATNA &#8211; Le secr\u00e9taire g\u00e9n\u00e9ral du mouvement de l\u2019Alliance nationale r\u00e9publicaine (ANR), Belkacem Sahli, a plaid\u00e9 vendredi \u00e0 Barika (Batna), pour \u00ab\u00a0l\u2019am\u00e9lioration du climat de l\u2019investissement afin de renforcer l\u2019\u00e9conomie nationale\u00a0\u00bb. Animant un meeting populaire au centre culturel de cette ville, dans le cadre de la campagne \u00e9lectorale pour les\u2026<\/div>\n<p>&#013;<br \/>\nSource: <a href=\"http:\/\/www.aps.dz\/algerie\/57057-n%C3%A9cessit%C3%A9-d%E2%80%99am%C3%A9liorer-le-climat-de-l%E2%80%99investissement-pour-renforcer-l%E2%80%99%C3%A9conomie-nationale-sahli\" target=\"_blank\">N\u00e9cessit\u00e9 d\u2019am\u00e9liorer le climat de l\u2019investissement  pour renforcer l\u2019\u00e9conomie nationale (Sahli)<\/a><\/p>\n<!--CusAds0-->\n<div style=\"font-size: 0px; height: 0px; line-height: 0px; margin: 0; padding: 0; clear: both;\"><\/div>","protected":false},"excerpt":{"rendered":"<p>BATNA &#8211; Le secr\u00e9taire g\u00e9n\u00e9ral du mouvement de l\u2019Alliance nationale r\u00e9publicaine (ANR), Belkacem Sahli, a plaid\u00e9 vendredi \u00e0 Barika (Batna), pour \u00ab\u00a0l\u2019am\u00e9lioration du climat de l\u2019investissement afin de renforcer l\u2019\u00e9conomie nationale\u00a0\u00bb. Animant un meeting populaire au centre culturel de cette ville, dans le cadre de la campagne \u00e9lectorale pour les\u2026 &#013; Source: N\u00e9cessit\u00e9 d\u2019am\u00e9liorer le<\/p>\n","protected":false},"author":6,"featured_media":0,"comment_status":"open","ping_status":"open","sticky":false,"template":"","format":"standard","meta":{"footnotes":""},"categories":[22],"tags":[93],"class_list":["post-11133","post","type-post","status-publish","format-standard","hentry","category-infos","tag-onu"],"yoast_head":"<!-- This site is optimized with the Yoast SEO plugin v27.5 - https:\/\/yoast.com\/product\/yoast-seo-wordpress\/ -->\n<title>N\u00e9cessit\u00e9 d\u2019am\u00e9liorer le climat de l\u2019investissement pour renforcer l\u2019\u00e9conomie nationale (Sahli) - info algerie<\/title>\n<meta name=\"robots\" content=\"index, follow, max-snippet:-1, max-image-preview:large, max-video-preview:-1\" \/>\n<link rel=\"canonical\" href=\"https:\/\/www.info-algerie.com\/actualites\/necessite-dameliorer-le-climat-de-linvestissement-pour-renforcer-leconomie-nationale-sahli\/\" \/>\n<meta property=\"og:locale\" content=\"fr_FR\" \/>\n<meta property=\"og:type\" content=\"article\" \/>\n<meta property=\"og:title\" content=\"N\u00e9cessit\u00e9 d\u2019am\u00e9liorer le climat de l\u2019investissement pour renforcer l\u2019\u00e9conomie nationale (Sahli) - info algerie\" \/>\n<meta property=\"og:description\" content=\"BATNA &#8211; Le secr\u00e9taire g\u00e9n\u00e9ral du mouvement de l\u2019Alliance nationale r\u00e9publicaine (ANR), Belkacem Sahli, a plaid\u00e9 vendredi \u00e0 Barika (Batna), pour \u00ab\u00a0l\u2019am\u00e9lioration du climat de l\u2019investissement afin de renforcer l\u2019\u00e9conomie nationale\u00a0\u00bb. Animant un meeting populaire au centre culturel de cette ville, dans le cadre de la campagne \u00e9lectorale pour les\u2026 &#013; Source: N\u00e9cessit\u00e9 d\u2019am\u00e9liorer le\" \/>\n<meta property=\"og:url\" content=\"https:\/\/www.info-algerie.com\/actualites\/necessite-dameliorer-le-climat-de-linvestissement-pour-renforcer-leconomie-nationale-sahli\/\" \/>\n<meta property=\"og:site_name\" content=\"info algerie\" \/>\n<meta property=\"article:publisher\" content=\"https:\/\/www.facebook.com\/infoalgerieactu\" \/>\n<meta property=\"article:published_time\" content=\"2017-04-29T07:14:57+00:00\" \/>\n<meta name=\"author\" content=\"La r\u00e9daction\" \/>\n<meta name=\"twitter:label1\" content=\"\u00c9crit par\" \/>\n\t<meta name=\"twitter:data1\" content=\"La r\u00e9daction\" \/>\n<script type=\"application\/ld+json\" class=\"yoast-schema-graph\">{\"@context\":\"https:\\\/\\\/schema.org\",\"@graph\":[{\"@type\":\"Article\",\"@id\":\"https:\\\/\\\/www.info-algerie.com\\\/actualites\\\/necessite-dameliorer-le-climat-de-linvestissement-pour-renforcer-leconomie-nationale-sahli\\\/#article\",\"isPartOf\":{\"@id\":\"https:\\\/\\\/www.info-algerie.com\\\/actualites\\\/necessite-dameliorer-le-climat-de-linvestissement-pour-renforcer-leconomie-nationale-sahli\\\/\"},\"author\":{\"name\":\"La r\u00e9daction\",\"@id\":\"https:\\\/\\\/www.info-algerie.com\\\/actualites\\\/#\\\/schema\\\/person\\\/847aaec44920825b843a08f30ec6aa1e\"},\"headline\":\"N\u00e9cessit\u00e9 d\u2019am\u00e9liorer le climat de l\u2019investissement pour renforcer l\u2019\u00e9conomie nationale (Sahli)\",\"datePublished\":\"2017-04-29T07:14:57+00:00\",\"mainEntityOfPage\":{\"@id\":\"https:\\\/\\\/www.info-algerie.com\\\/actualites\\\/necessite-dameliorer-le-climat-de-linvestissement-pour-renforcer-leconomie-nationale-sahli\\\/\"},\"wordCount\":91,\"commentCount\":0,\"publisher\":{\"@id\":\"https:\\\/\\\/www.info-algerie.com\\\/actualites\\\/#organization\"},\"keywords\":[\"ONU\"],\"articleSection\":[\"infos\"],\"inLanguage\":\"fr-FR\",\"potentialAction\":[{\"@type\":\"CommentAction\",\"name\":\"Comment\",\"target\":[\"https:\\\/\\\/www.info-algerie.com\\\/actualites\\\/necessite-dameliorer-le-climat-de-linvestissement-pour-renforcer-leconomie-nationale-sahli\\\/#respond\"]}]},{\"@type\":\"WebPage\",\"@id\":\"https:\\\/\\\/www.info-algerie.com\\\/actualites\\\/necessite-dameliorer-le-climat-de-linvestissement-pour-renforcer-leconomie-nationale-sahli\\\/\",\"url\":\"https:\\\/\\\/www.info-algerie.com\\\/actualites\\\/necessite-dameliorer-le-climat-de-linvestissement-pour-renforcer-leconomie-nationale-sahli\\\/\",\"name\":\"N\u00e9cessit\u00e9 d\u2019am\u00e9liorer le climat de l\u2019investissement pour renforcer l\u2019\u00e9conomie nationale (Sahli) - info algerie\",\"isPartOf\":{\"@id\":\"https:\\\/\\\/www.info-algerie.com\\\/actualites\\\/#website\"},\"datePublished\":\"2017-04-29T07:14:57+00:00\",\"breadcrumb\":{\"@id\":\"https:\\\/\\\/www.info-algerie.com\\\/actualites\\\/necessite-dameliorer-le-climat-de-linvestissement-pour-renforcer-leconomie-nationale-sahli\\\/#breadcrumb\"},\"inLanguage\":\"fr-FR\",\"potentialAction\":[{\"@type\":\"ReadAction\",\"target\":[\"https:\\\/\\\/www.info-algerie.com\\\/actualites\\\/necessite-dameliorer-le-climat-de-linvestissement-pour-renforcer-leconomie-nationale-sahli\\\/\"]}]},{\"@type\":\"BreadcrumbList\",\"@id\":\"https:\\\/\\\/www.info-algerie.com\\\/actualites\\\/necessite-dameliorer-le-climat-de-linvestissement-pour-renforcer-leconomie-nationale-sahli\\\/#breadcrumb\",\"itemListElement\":[{\"@type\":\"ListItem\",\"position\":1,\"name\":\"Accueil\",\"item\":\"https:\\\/\\\/www.info-algerie.com\\\/actualites\\\/\"},{\"@type\":\"ListItem\",\"position\":2,\"name\":\"N\u00e9cessit\u00e9 d\u2019am\u00e9liorer le climat de l\u2019investissement pour renforcer l\u2019\u00e9conomie nationale (Sahli)\"}]},{\"@type\":\"WebSite\",\"@id\":\"https:\\\/\\\/www.info-algerie.com\\\/actualites\\\/#website\",\"url\":\"https:\\\/\\\/www.info-algerie.com\\\/actualites\\\/\",\"name\":\"info algerie\",\"description\":\"Toutes les actualit\u00e9s\",\"publisher\":{\"@id\":\"https:\\\/\\\/www.info-algerie.com\\\/actualites\\\/#organization\"},\"potentialAction\":[{\"@type\":\"SearchAction\",\"target\":{\"@type\":\"EntryPoint\",\"urlTemplate\":\"https:\\\/\\\/www.info-algerie.com\\\/actualites\\\/?s={search_term_string}\"},\"query-input\":{\"@type\":\"PropertyValueSpecification\",\"valueRequired\":true,\"valueName\":\"search_term_string\"}}],\"inLanguage\":\"fr-FR\"},{\"@type\":\"Organization\",\"@id\":\"https:\\\/\\\/www.info-algerie.com\\\/actualites\\\/#organization\",\"name\":\"info algerie\",\"url\":\"https:\\\/\\\/www.info-algerie.com\\\/actualites\\\/\",\"logo\":{\"@type\":\"ImageObject\",\"inLanguage\":\"fr-FR\",\"@id\":\"https:\\\/\\\/www.info-algerie.com\\\/actualites\\\/#\\\/schema\\\/logo\\\/image\\\/\",\"url\":\"https:\\\/\\\/www.info-algerie.com\\\/actualites\\\/wp-content\\\/uploads\\\/2022\\\/07\\\/logo-ia-120.png\",\"contentUrl\":\"https:\\\/\\\/www.info-algerie.com\\\/actualites\\\/wp-content\\\/uploads\\\/2022\\\/07\\\/logo-ia-120.png\",\"width\":120,\"height\":43,\"caption\":\"info algerie\"},\"image\":{\"@id\":\"https:\\\/\\\/www.info-algerie.com\\\/actualites\\\/#\\\/schema\\\/logo\\\/image\\\/\"},\"sameAs\":[\"https:\\\/\\\/www.facebook.com\\\/infoalgerieactu\",\"https:\\\/\\\/x.com\\\/infoalgerie1\"]},{\"@type\":\"Person\",\"@id\":\"https:\\\/\\\/www.info-algerie.com\\\/actualites\\\/#\\\/schema\\\/person\\\/847aaec44920825b843a08f30ec6aa1e\",\"name\":\"La r\u00e9daction\",\"image\":{\"@type\":\"ImageObject\",\"inLanguage\":\"fr-FR\",\"@id\":\"https:\\\/\\\/secure.gravatar.com\\\/avatar\\\/769db425c6f465158149f1ffd6cf61ce7a8a879d11dfbef8288af36dfddd418c?s=96&d=mm&r=g\",\"url\":\"https:\\\/\\\/secure.gravatar.com\\\/avatar\\\/769db425c6f465158149f1ffd6cf61ce7a8a879d11dfbef8288af36dfddd418c?s=96&d=mm&r=g\",\"contentUrl\":\"https:\\\/\\\/secure.gravatar.com\\\/avatar\\\/769db425c6f465158149f1ffd6cf61ce7a8a879d11dfbef8288af36dfddd418c?s=96&d=mm&r=g\",\"caption\":\"La r\u00e9daction\"},\"sameAs\":[\"http:\\\/\\\/www.lkeria.com\\\/\"],\"url\":\"https:\\\/\\\/www.info-algerie.com\\\/actualites\\\/author\\\/chakib32\\\/\"}]}<\/script>\n<!-- \/ Yoast SEO plugin. -->","yoast_head_json":{"title":"N\u00e9cessit\u00e9 d\u2019am\u00e9liorer le climat de l\u2019investissement pour renforcer l\u2019\u00e9conomie nationale (Sahli) - info algerie","robots":{"index":"index","follow":"follow","max-snippet":"max-snippet:-1","max-image-preview":"max-image-preview:large","max-video-preview":"max-video-preview:-1"},"canonical":"https:\/\/www.info-algerie.com\/actualites\/necessite-dameliorer-le-climat-de-linvestissement-pour-renforcer-leconomie-nationale-sahli\/","og_locale":"fr_FR","og_type":"article","og_title":"N\u00e9cessit\u00e9 d\u2019am\u00e9liorer le climat de l\u2019investissement pour renforcer l\u2019\u00e9conomie nationale (Sahli) - info algerie","og_description":"BATNA &#8211; Le secr\u00e9taire g\u00e9n\u00e9ral du mouvement de l\u2019Alliance nationale r\u00e9publicaine (ANR), Belkacem Sahli, a plaid\u00e9 vendredi \u00e0 Barika (Batna), pour \u00ab\u00a0l\u2019am\u00e9lioration du climat de l\u2019investissement afin de renforcer l\u2019\u00e9conomie nationale\u00a0\u00bb. Animant un meeting populaire au centre culturel de cette ville, dans le cadre de la campagne \u00e9lectorale pour les\u2026 &#013; Source: N\u00e9cessit\u00e9 d\u2019am\u00e9liorer le","og_url":"https:\/\/www.info-algerie.com\/actualites\/necessite-dameliorer-le-climat-de-linvestissement-pour-renforcer-leconomie-nationale-sahli\/","og_site_name":"info algerie","article_publisher":"https:\/\/www.facebook.com\/infoalgerieactu","article_published_time":"2017-04-29T07:14:57+00:00","author":"La r\u00e9daction","twitter_misc":{"\u00c9crit par":"La r\u00e9daction"},"schema":{"@context":"https:\/\/schema.org","@graph":[{"@type":"Article","@id":"https:\/\/www.info-algerie.com\/actualites\/necessite-dameliorer-le-climat-de-linvestissement-pour-renforcer-leconomie-nationale-sahli\/#article","isPartOf":{"@id":"https:\/\/www.info-algerie.com\/actualites\/necessite-dameliorer-le-climat-de-linvestissement-pour-renforcer-leconomie-nationale-sahli\/"},"author":{"name":"La r\u00e9daction","@id":"https:\/\/www.info-algerie.com\/actualites\/#\/schema\/person\/847aaec44920825b843a08f30ec6aa1e"},"headline":"N\u00e9cessit\u00e9 d\u2019am\u00e9liorer le climat de l\u2019investissement pour renforcer l\u2019\u00e9conomie nationale (Sahli)","datePublished":"2017-04-29T07:14:57+00:00","mainEntityOfPage":{"@id":"https:\/\/www.info-algerie.com\/actualites\/necessite-dameliorer-le-climat-de-linvestissement-pour-renforcer-leconomie-nationale-sahli\/"},"wordCount":91,"commentCount":0,"publisher":{"@id":"https:\/\/www.info-algerie.com\/actualites\/#organization"},"keywords":["ONU"],"articleSection":["infos"],"inLanguage":"fr-FR","potentialAction":[{"@type":"CommentAction","name":"Comment","target":["https:\/\/www.info-algerie.com\/actualites\/necessite-dameliorer-le-climat-de-linvestissement-pour-renforcer-leconomie-nationale-sahli\/#respond"]}]},{"@type":"WebPage","@id":"https:\/\/www.info-algerie.com\/actualites\/necessite-dameliorer-le-climat-de-linvestissement-pour-renforcer-leconomie-nationale-sahli\/","url":"https:\/\/www.info-algerie.com\/actualites\/necessite-dameliorer-le-climat-de-linvestissement-pour-renforcer-leconomie-nationale-sahli\/","name":"N\u00e9cessit\u00e9 d\u2019am\u00e9liorer le climat de l\u2019investissement pour renforcer l\u2019\u00e9conomie nationale (Sahli) - info algerie","isPartOf":{"@id":"https:\/\/www.info-algerie.com\/actualites\/#website"},"datePublished":"2017-04-29T07:14:57+00:00","breadcrumb":{"@id":"https:\/\/www.info-algerie.com\/actualites\/necessite-dameliorer-le-climat-de-linvestissement-pour-renforcer-leconomie-nationale-sahli\/#breadcrumb"},"inLanguage":"fr-FR","potentialAction":[{"@type":"ReadAction","target":["https:\/\/www.info-algerie.com\/actualites\/necessite-dameliorer-le-climat-de-linvestissement-pour-renforcer-leconomie-nationale-sahli\/"]}]},{"@type":"BreadcrumbList","@id":"https:\/\/www.info-algerie.com\/actualites\/necessite-dameliorer-le-climat-de-linvestissement-pour-renforcer-leconomie-nationale-sahli\/#breadcrumb","itemListElement":[{"@type":"ListItem","position":1,"name":"Accueil","item":"https:\/\/www.info-algerie.com\/actualites\/"},{"@type":"ListItem","position":2,"name":"N\u00e9cessit\u00e9 d\u2019am\u00e9liorer le climat de l\u2019investissement pour renforcer l\u2019\u00e9conomie nationale (Sahli)"}]},{"@type":"WebSite","@id":"https:\/\/www.info-algerie.com\/actualites\/#website","url":"https:\/\/www.info-algerie.com\/actualites\/","name":"info algerie","description":"Toutes les actualit\u00e9s","publisher":{"@id":"https:\/\/www.info-algerie.com\/actualites\/#organization"},"potentialAction":[{"@type":"SearchAction","target":{"@type":"EntryPoint","urlTemplate":"https:\/\/www.info-algerie.com\/actualites\/?s={search_term_string}"},"query-input":{"@type":"PropertyValueSpecification","valueRequired":true,"valueName":"search_term_string"}}],"inLanguage":"fr-FR"},{"@type":"Organization","@id":"https:\/\/www.info-algerie.com\/actualites\/#organization","name":"info algerie","url":"https:\/\/www.info-algerie.com\/actualites\/","logo":{"@type":"ImageObject","inLanguage":"fr-FR","@id":"https:\/\/www.info-algerie.com\/actualites\/#\/schema\/logo\/image\/","url":"https:\/\/www.info-algerie.com\/actualites\/wp-content\/uploads\/2022\/07\/logo-ia-120.png","contentUrl":"https:\/\/www.info-algerie.com\/actualites\/wp-content\/uploads\/2022\/07\/logo-ia-120.png","width":120,"height":43,"caption":"info algerie"},"image":{"@id":"https:\/\/www.info-algerie.com\/actualites\/#\/schema\/logo\/image\/"},"sameAs":["https:\/\/www.facebook.com\/infoalgerieactu","https:\/\/x.com\/infoalgerie1"]},{"@type":"Person","@id":"https:\/\/www.info-algerie.com\/actualites\/#\/schema\/person\/847aaec44920825b843a08f30ec6aa1e","name":"La r\u00e9daction","image":{"@type":"ImageObject","inLanguage":"fr-FR","@id":"https:\/\/secure.gravatar.com\/avatar\/769db425c6f465158149f1ffd6cf61ce7a8a879d11dfbef8288af36dfddd418c?s=96&d=mm&r=g","url":"https:\/\/secure.gravatar.com\/avatar\/769db425c6f465158149f1ffd6cf61ce7a8a879d11dfbef8288af36dfddd418c?s=96&d=mm&r=g","contentUrl":"https:\/\/secure.gravatar.com\/avatar\/769db425c6f465158149f1ffd6cf61ce7a8a879d11dfbef8288af36dfddd418c?s=96&d=mm&r=g","caption":"La r\u00e9daction"},"sameAs":["http:\/\/www.lkeria.com\/"],"url":"https:\/\/www.info-algerie.com\/actualites\/author\/chakib32\/"}]}},"_links":{"self":[{"href":"https:\/\/www.info-algerie.com\/actualites\/wp-json\/wp\/v2\/posts\/11133","targetHints":{"allow":["GET"]}}],"collection":[{"href":"https:\/\/www.info-algerie.com\/actualites\/wp-json\/wp\/v2\/posts"}],"about":[{"href":"https:\/\/www.info-algerie.com\/actualites\/wp-json\/wp\/v2\/types\/post"}],"author":[{"embeddable":true,"href":"https:\/\/www.info-algerie.com\/actualites\/wp-json\/wp\/v2\/users\/6"}],"replies":[{"embeddable":true,"href":"https:\/\/www.info-algerie.com\/actualites\/wp-json\/wp\/v2\/comments?post=11133"}],"version-history":[{"count":0,"href":"https:\/\/www.info-algerie.com\/actualites\/wp-json\/wp\/v2\/posts\/11133\/revisions"}],"wp:attachment":[{"href":"https:\/\/www.info-algerie.com\/actualites\/wp-json\/wp\/v2\/media?parent=11133"}],"wp:term":[{"taxonomy":"category","embeddable":true,"href":"https:\/\/www.info-algerie.com\/actualites\/wp-json\/wp\/v2\/categories?post=11133"},{"taxonomy":"post_tag","embeddable":true,"href":"https:\/\/www.info-algerie.com\/actualites\/wp-json\/wp\/v2\/tags?post=11133"}],"curies":[{"name":"wp","href":"https:\/\/api.w.org\/{rel}","templated":true}]}}