{"id":11139,"date":"2017-04-29T11:04:01","date_gmt":"2017-04-29T10:04:01","guid":{"rendered":"http:\/\/www.info-algerie.com\/actualites\/les-declarations-de-sellal-sur-les-legislatives-du-4-mai-a-la-une-de-la-presse-nationale\/"},"modified":"2017-04-29T11:04:01","modified_gmt":"2017-04-29T10:04:01","slug":"les-declarations-de-sellal-sur-les-legislatives-du-4-mai-a-la-une-de-la-presse-nationale","status":"publish","type":"post","link":"https:\/\/www.info-algerie.com\/actualites\/les-declarations-de-sellal-sur-les-legislatives-du-4-mai-a-la-une-de-la-presse-nationale\/","title":{"rendered":"Les d\u00e9clarations de Sellal sur les l\u00e9gislatives du 4 mai \u00e0 la Une de la  presse nationale"},"content":{"rendered":"<div class=\"K2FeedImage\"><img decoding=\"async\" src=\"https:\/\/www.info-algerie.com\/actualites\/wp-content\/uploads\/2017\/04\/3901f10aa3d81afbcddcd7e69463fa36_S.jpg\" alt=\"Les d&#xE9;clarations de Sellal sur les l&#xE9;gislatives du 4 mai &#xE0; la Une de la  presse nationale\" \/><\/div>\n<div class=\"K2FeedIntroText\"> ALGER- Les d\u00e9clarations du Premier ministre, Abdelamalek Sellal, sur les \u00e9lections l\u00e9gislatives du 4 mai, lors de sa visite de travail \u00e0 Tamanrasset, et le d\u00e9but des op\u00e9rations de vote pour la communaut\u00e9 nationale \u00e9tablie \u00e0 l\u2019\u00e9tranger ont fait la Une des journaux de samedi. Le Soir d&rsquo;Alg\u00e9rie rel\u00e8ve, ainsi,\u2026<\/div>\n<p>&#013;<br \/>\nSource: <a href=\"http:\/\/www.aps.dz\/algerie\/57063-les-d%C3%A9clarations-de-sellal-sur-les-l%C3%A9gislatives-du-4-mai-%C3%A0-la-une-de-la-presse-nationale\" target=\"_blank\">Les d\u00e9clarations de Sellal sur les l\u00e9gislatives du 4 mai \u00e0 la Une de la  presse nationale<\/a><\/p>\n<!--CusAds0-->\n<div style=\"font-size: 0px; height: 0px; line-height: 0px; margin: 0; padding: 0; clear: both;\"><\/div>","protected":false},"excerpt":{"rendered":"<p>ALGER- Les d\u00e9clarations du Premier ministre, Abdelamalek Sellal, sur les \u00e9lections l\u00e9gislatives du 4 mai, lors de sa visite de travail \u00e0 Tamanrasset, et le d\u00e9but des op\u00e9rations de vote pour la communaut\u00e9 nationale \u00e9tablie \u00e0 l\u2019\u00e9tranger ont fait la Une des journaux de samedi. Le Soir d&rsquo;Alg\u00e9rie rel\u00e8ve, ainsi,\u2026 &#013; Source: Les d\u00e9clarations de<\/p>\n","protected":false},"author":6,"featured_media":11140,"comment_status":"open","ping_status":"open","sticky":false,"template":"","format":"standard","meta":{"footnotes":""},"categories":[22],"tags":[93],"class_list":["post-11139","post","type-post","status-publish","format-standard","has-post-thumbnail","hentry","category-infos","tag-onu"],"yoast_head":"<!-- This site is optimized with the Yoast SEO plugin v27.5 - https:\/\/yoast.com\/product\/yoast-seo-wordpress\/ -->\n<title>Les d\u00e9clarations de Sellal sur les l\u00e9gislatives du 4 mai \u00e0 la Une de la presse nationale - info algerie<\/title>\n<meta name=\"robots\" content=\"index, follow, max-snippet:-1, max-image-preview:large, max-video-preview:-1\" \/>\n<link rel=\"canonical\" href=\"https:\/\/www.info-algerie.com\/actualites\/les-declarations-de-sellal-sur-les-legislatives-du-4-mai-a-la-une-de-la-presse-nationale\/\" \/>\n<meta property=\"og:locale\" content=\"fr_FR\" \/>\n<meta property=\"og:type\" content=\"article\" \/>\n<meta property=\"og:title\" content=\"Les d\u00e9clarations de Sellal sur les l\u00e9gislatives du 4 mai \u00e0 la Une de la presse nationale - info algerie\" \/>\n<meta property=\"og:description\" content=\"ALGER- Les d\u00e9clarations du Premier ministre, Abdelamalek Sellal, sur les \u00e9lections l\u00e9gislatives du 4 mai, lors de sa visite de travail \u00e0 Tamanrasset, et le d\u00e9but des op\u00e9rations de vote pour la communaut\u00e9 nationale \u00e9tablie \u00e0 l\u2019\u00e9tranger ont fait la Une des journaux de samedi. Le Soir d&rsquo;Alg\u00e9rie rel\u00e8ve, ainsi,\u2026 &#013; Source: Les d\u00e9clarations de\" \/>\n<meta property=\"og:url\" content=\"https:\/\/www.info-algerie.com\/actualites\/les-declarations-de-sellal-sur-les-legislatives-du-4-mai-a-la-une-de-la-presse-nationale\/\" \/>\n<meta property=\"og:site_name\" content=\"info algerie\" \/>\n<meta property=\"article:publisher\" content=\"https:\/\/www.facebook.com\/infoalgerieactu\" \/>\n<meta property=\"article:published_time\" content=\"2017-04-29T10:04:01+00:00\" \/>\n<meta property=\"og:image\" content=\"https:\/\/www.info-algerie.com\/actualites\/wp-content\/uploads\/2017\/04\/3901f10aa3d81afbcddcd7e69463fa36_S-1.jpg\" \/>\n\t<meta property=\"og:image:width\" content=\"150\" \/>\n\t<meta property=\"og:image:height\" content=\"84\" \/>\n\t<meta property=\"og:image:type\" content=\"image\/jpeg\" \/>\n<meta name=\"author\" content=\"La r\u00e9daction\" \/>\n<meta name=\"twitter:label1\" content=\"\u00c9crit par\" \/>\n\t<meta name=\"twitter:data1\" content=\"La r\u00e9daction\" \/>\n<script type=\"application\/ld+json\" class=\"yoast-schema-graph\">{\"@context\":\"https:\\\/\\\/schema.org\",\"@graph\":[{\"@type\":\"Article\",\"@id\":\"https:\\\/\\\/www.info-algerie.com\\\/actualites\\\/les-declarations-de-sellal-sur-les-legislatives-du-4-mai-a-la-une-de-la-presse-nationale\\\/#article\",\"isPartOf\":{\"@id\":\"https:\\\/\\\/www.info-algerie.com\\\/actualites\\\/les-declarations-de-sellal-sur-les-legislatives-du-4-mai-a-la-une-de-la-presse-nationale\\\/\"},\"author\":{\"name\":\"La r\u00e9daction\",\"@id\":\"https:\\\/\\\/www.info-algerie.com\\\/actualites\\\/#\\\/schema\\\/person\\\/847aaec44920825b843a08f30ec6aa1e\"},\"headline\":\"Les d\u00e9clarations de Sellal sur les l\u00e9gislatives du 4 mai \u00e0 la Une de la presse nationale\",\"datePublished\":\"2017-04-29T10:04:01+00:00\",\"mainEntityOfPage\":{\"@id\":\"https:\\\/\\\/www.info-algerie.com\\\/actualites\\\/les-declarations-de-sellal-sur-les-legislatives-du-4-mai-a-la-une-de-la-presse-nationale\\\/\"},\"wordCount\":90,\"commentCount\":0,\"publisher\":{\"@id\":\"https:\\\/\\\/www.info-algerie.com\\\/actualites\\\/#organization\"},\"image\":{\"@id\":\"https:\\\/\\\/www.info-algerie.com\\\/actualites\\\/les-declarations-de-sellal-sur-les-legislatives-du-4-mai-a-la-une-de-la-presse-nationale\\\/#primaryimage\"},\"thumbnailUrl\":\"https:\\\/\\\/www.info-algerie.com\\\/actualites\\\/wp-content\\\/uploads\\\/2017\\\/04\\\/3901f10aa3d81afbcddcd7e69463fa36_S-1.jpg\",\"keywords\":[\"ONU\"],\"articleSection\":[\"infos\"],\"inLanguage\":\"fr-FR\",\"potentialAction\":[{\"@type\":\"CommentAction\",\"name\":\"Comment\",\"target\":[\"https:\\\/\\\/www.info-algerie.com\\\/actualites\\\/les-declarations-de-sellal-sur-les-legislatives-du-4-mai-a-la-une-de-la-presse-nationale\\\/#respond\"]}]},{\"@type\":\"WebPage\",\"@id\":\"https:\\\/\\\/www.info-algerie.com\\\/actualites\\\/les-declarations-de-sellal-sur-les-legislatives-du-4-mai-a-la-une-de-la-presse-nationale\\\/\",\"url\":\"https:\\\/\\\/www.info-algerie.com\\\/actualites\\\/les-declarations-de-sellal-sur-les-legislatives-du-4-mai-a-la-une-de-la-presse-nationale\\\/\",\"name\":\"Les d\u00e9clarations de Sellal sur les l\u00e9gislatives du 4 mai \u00e0 la Une de la presse nationale - info algerie\",\"isPartOf\":{\"@id\":\"https:\\\/\\\/www.info-algerie.com\\\/actualites\\\/#website\"},\"primaryImageOfPage\":{\"@id\":\"https:\\\/\\\/www.info-algerie.com\\\/actualites\\\/les-declarations-de-sellal-sur-les-legislatives-du-4-mai-a-la-une-de-la-presse-nationale\\\/#primaryimage\"},\"image\":{\"@id\":\"https:\\\/\\\/www.info-algerie.com\\\/actualites\\\/les-declarations-de-sellal-sur-les-legislatives-du-4-mai-a-la-une-de-la-presse-nationale\\\/#primaryimage\"},\"thumbnailUrl\":\"https:\\\/\\\/www.info-algerie.com\\\/actualites\\\/wp-content\\\/uploads\\\/2017\\\/04\\\/3901f10aa3d81afbcddcd7e69463fa36_S-1.jpg\",\"datePublished\":\"2017-04-29T10:04:01+00:00\",\"breadcrumb\":{\"@id\":\"https:\\\/\\\/www.info-algerie.com\\\/actualites\\\/les-declarations-de-sellal-sur-les-legislatives-du-4-mai-a-la-une-de-la-presse-nationale\\\/#breadcrumb\"},\"inLanguage\":\"fr-FR\",\"potentialAction\":[{\"@type\":\"ReadAction\",\"target\":[\"https:\\\/\\\/www.info-algerie.com\\\/actualites\\\/les-declarations-de-sellal-sur-les-legislatives-du-4-mai-a-la-une-de-la-presse-nationale\\\/\"]}]},{\"@type\":\"ImageObject\",\"inLanguage\":\"fr-FR\",\"@id\":\"https:\\\/\\\/www.info-algerie.com\\\/actualites\\\/les-declarations-de-sellal-sur-les-legislatives-du-4-mai-a-la-une-de-la-presse-nationale\\\/#primaryimage\",\"url\":\"https:\\\/\\\/www.info-algerie.com\\\/actualites\\\/wp-content\\\/uploads\\\/2017\\\/04\\\/3901f10aa3d81afbcddcd7e69463fa36_S-1.jpg\",\"contentUrl\":\"https:\\\/\\\/www.info-algerie.com\\\/actualites\\\/wp-content\\\/uploads\\\/2017\\\/04\\\/3901f10aa3d81afbcddcd7e69463fa36_S-1.jpg\",\"width\":150,\"height\":84},{\"@type\":\"BreadcrumbList\",\"@id\":\"https:\\\/\\\/www.info-algerie.com\\\/actualites\\\/les-declarations-de-sellal-sur-les-legislatives-du-4-mai-a-la-une-de-la-presse-nationale\\\/#breadcrumb\",\"itemListElement\":[{\"@type\":\"ListItem\",\"position\":1,\"name\":\"Accueil\",\"item\":\"https:\\\/\\\/www.info-algerie.com\\\/actualites\\\/\"},{\"@type\":\"ListItem\",\"position\":2,\"name\":\"Les d\u00e9clarations de Sellal sur les l\u00e9gislatives du 4 mai \u00e0 la Une de la presse nationale\"}]},{\"@type\":\"WebSite\",\"@id\":\"https:\\\/\\\/www.info-algerie.com\\\/actualites\\\/#website\",\"url\":\"https:\\\/\\\/www.info-algerie.com\\\/actualites\\\/\",\"name\":\"info algerie\",\"description\":\"Toutes les actualit\u00e9s\",\"publisher\":{\"@id\":\"https:\\\/\\\/www.info-algerie.com\\\/actualites\\\/#organization\"},\"potentialAction\":[{\"@type\":\"SearchAction\",\"target\":{\"@type\":\"EntryPoint\",\"urlTemplate\":\"https:\\\/\\\/www.info-algerie.com\\\/actualites\\\/?s={search_term_string}\"},\"query-input\":{\"@type\":\"PropertyValueSpecification\",\"valueRequired\":true,\"valueName\":\"search_term_string\"}}],\"inLanguage\":\"fr-FR\"},{\"@type\":\"Organization\",\"@id\":\"https:\\\/\\\/www.info-algerie.com\\\/actualites\\\/#organization\",\"name\":\"info algerie\",\"url\":\"https:\\\/\\\/www.info-algerie.com\\\/actualites\\\/\",\"logo\":{\"@type\":\"ImageObject\",\"inLanguage\":\"fr-FR\",\"@id\":\"https:\\\/\\\/www.info-algerie.com\\\/actualites\\\/#\\\/schema\\\/logo\\\/image\\\/\",\"url\":\"https:\\\/\\\/www.info-algerie.com\\\/actualites\\\/wp-content\\\/uploads\\\/2022\\\/07\\\/logo-ia-120.png\",\"contentUrl\":\"https:\\\/\\\/www.info-algerie.com\\\/actualites\\\/wp-content\\\/uploads\\\/2022\\\/07\\\/logo-ia-120.png\",\"width\":120,\"height\":43,\"caption\":\"info algerie\"},\"image\":{\"@id\":\"https:\\\/\\\/www.info-algerie.com\\\/actualites\\\/#\\\/schema\\\/logo\\\/image\\\/\"},\"sameAs\":[\"https:\\\/\\\/www.facebook.com\\\/infoalgerieactu\",\"https:\\\/\\\/x.com\\\/infoalgerie1\"]},{\"@type\":\"Person\",\"@id\":\"https:\\\/\\\/www.info-algerie.com\\\/actualites\\\/#\\\/schema\\\/person\\\/847aaec44920825b843a08f30ec6aa1e\",\"name\":\"La r\u00e9daction\",\"image\":{\"@type\":\"ImageObject\",\"inLanguage\":\"fr-FR\",\"@id\":\"https:\\\/\\\/secure.gravatar.com\\\/avatar\\\/769db425c6f465158149f1ffd6cf61ce7a8a879d11dfbef8288af36dfddd418c?s=96&d=mm&r=g\",\"url\":\"https:\\\/\\\/secure.gravatar.com\\\/avatar\\\/769db425c6f465158149f1ffd6cf61ce7a8a879d11dfbef8288af36dfddd418c?s=96&d=mm&r=g\",\"contentUrl\":\"https:\\\/\\\/secure.gravatar.com\\\/avatar\\\/769db425c6f465158149f1ffd6cf61ce7a8a879d11dfbef8288af36dfddd418c?s=96&d=mm&r=g\",\"caption\":\"La r\u00e9daction\"},\"sameAs\":[\"http:\\\/\\\/www.lkeria.com\\\/\"],\"url\":\"https:\\\/\\\/www.info-algerie.com\\\/actualites\\\/author\\\/chakib32\\\/\"}]}<\/script>\n<!-- \/ Yoast SEO plugin. -->","yoast_head_json":{"title":"Les d\u00e9clarations de Sellal sur les l\u00e9gislatives du 4 mai \u00e0 la Une de la presse nationale - info algerie","robots":{"index":"index","follow":"follow","max-snippet":"max-snippet:-1","max-image-preview":"max-image-preview:large","max-video-preview":"max-video-preview:-1"},"canonical":"https:\/\/www.info-algerie.com\/actualites\/les-declarations-de-sellal-sur-les-legislatives-du-4-mai-a-la-une-de-la-presse-nationale\/","og_locale":"fr_FR","og_type":"article","og_title":"Les d\u00e9clarations de Sellal sur les l\u00e9gislatives du 4 mai \u00e0 la Une de la presse nationale - info algerie","og_description":"ALGER- Les d\u00e9clarations du Premier ministre, Abdelamalek Sellal, sur les \u00e9lections l\u00e9gislatives du 4 mai, lors de sa visite de travail \u00e0 Tamanrasset, et le d\u00e9but des op\u00e9rations de vote pour la communaut\u00e9 nationale \u00e9tablie \u00e0 l\u2019\u00e9tranger ont fait la Une des journaux de samedi. Le Soir d&rsquo;Alg\u00e9rie rel\u00e8ve, ainsi,\u2026 &#013; Source: Les d\u00e9clarations de","og_url":"https:\/\/www.info-algerie.com\/actualites\/les-declarations-de-sellal-sur-les-legislatives-du-4-mai-a-la-une-de-la-presse-nationale\/","og_site_name":"info algerie","article_publisher":"https:\/\/www.facebook.com\/infoalgerieactu","article_published_time":"2017-04-29T10:04:01+00:00","og_image":[{"width":150,"height":84,"url":"https:\/\/www.info-algerie.com\/actualites\/wp-content\/uploads\/2017\/04\/3901f10aa3d81afbcddcd7e69463fa36_S-1.jpg","type":"image\/jpeg"}],"author":"La r\u00e9daction","twitter_misc":{"\u00c9crit par":"La r\u00e9daction"},"schema":{"@context":"https:\/\/schema.org","@graph":[{"@type":"Article","@id":"https:\/\/www.info-algerie.com\/actualites\/les-declarations-de-sellal-sur-les-legislatives-du-4-mai-a-la-une-de-la-presse-nationale\/#article","isPartOf":{"@id":"https:\/\/www.info-algerie.com\/actualites\/les-declarations-de-sellal-sur-les-legislatives-du-4-mai-a-la-une-de-la-presse-nationale\/"},"author":{"name":"La r\u00e9daction","@id":"https:\/\/www.info-algerie.com\/actualites\/#\/schema\/person\/847aaec44920825b843a08f30ec6aa1e"},"headline":"Les d\u00e9clarations de Sellal sur les l\u00e9gislatives du 4 mai \u00e0 la Une de la presse nationale","datePublished":"2017-04-29T10:04:01+00:00","mainEntityOfPage":{"@id":"https:\/\/www.info-algerie.com\/actualites\/les-declarations-de-sellal-sur-les-legislatives-du-4-mai-a-la-une-de-la-presse-nationale\/"},"wordCount":90,"commentCount":0,"publisher":{"@id":"https:\/\/www.info-algerie.com\/actualites\/#organization"},"image":{"@id":"https:\/\/www.info-algerie.com\/actualites\/les-declarations-de-sellal-sur-les-legislatives-du-4-mai-a-la-une-de-la-presse-nationale\/#primaryimage"},"thumbnailUrl":"https:\/\/www.info-algerie.com\/actualites\/wp-content\/uploads\/2017\/04\/3901f10aa3d81afbcddcd7e69463fa36_S-1.jpg","keywords":["ONU"],"articleSection":["infos"],"inLanguage":"fr-FR","potentialAction":[{"@type":"CommentAction","name":"Comment","target":["https:\/\/www.info-algerie.com\/actualites\/les-declarations-de-sellal-sur-les-legislatives-du-4-mai-a-la-une-de-la-presse-nationale\/#respond"]}]},{"@type":"WebPage","@id":"https:\/\/www.info-algerie.com\/actualites\/les-declarations-de-sellal-sur-les-legislatives-du-4-mai-a-la-une-de-la-presse-nationale\/","url":"https:\/\/www.info-algerie.com\/actualites\/les-declarations-de-sellal-sur-les-legislatives-du-4-mai-a-la-une-de-la-presse-nationale\/","name":"Les d\u00e9clarations de Sellal sur les l\u00e9gislatives du 4 mai \u00e0 la Une de la presse nationale - info algerie","isPartOf":{"@id":"https:\/\/www.info-algerie.com\/actualites\/#website"},"primaryImageOfPage":{"@id":"https:\/\/www.info-algerie.com\/actualites\/les-declarations-de-sellal-sur-les-legislatives-du-4-mai-a-la-une-de-la-presse-nationale\/#primaryimage"},"image":{"@id":"https:\/\/www.info-algerie.com\/actualites\/les-declarations-de-sellal-sur-les-legislatives-du-4-mai-a-la-une-de-la-presse-nationale\/#primaryimage"},"thumbnailUrl":"https:\/\/www.info-algerie.com\/actualites\/wp-content\/uploads\/2017\/04\/3901f10aa3d81afbcddcd7e69463fa36_S-1.jpg","datePublished":"2017-04-29T10:04:01+00:00","breadcrumb":{"@id":"https:\/\/www.info-algerie.com\/actualites\/les-declarations-de-sellal-sur-les-legislatives-du-4-mai-a-la-une-de-la-presse-nationale\/#breadcrumb"},"inLanguage":"fr-FR","potentialAction":[{"@type":"ReadAction","target":["https:\/\/www.info-algerie.com\/actualites\/les-declarations-de-sellal-sur-les-legislatives-du-4-mai-a-la-une-de-la-presse-nationale\/"]}]},{"@type":"ImageObject","inLanguage":"fr-FR","@id":"https:\/\/www.info-algerie.com\/actualites\/les-declarations-de-sellal-sur-les-legislatives-du-4-mai-a-la-une-de-la-presse-nationale\/#primaryimage","url":"https:\/\/www.info-algerie.com\/actualites\/wp-content\/uploads\/2017\/04\/3901f10aa3d81afbcddcd7e69463fa36_S-1.jpg","contentUrl":"https:\/\/www.info-algerie.com\/actualites\/wp-content\/uploads\/2017\/04\/3901f10aa3d81afbcddcd7e69463fa36_S-1.jpg","width":150,"height":84},{"@type":"BreadcrumbList","@id":"https:\/\/www.info-algerie.com\/actualites\/les-declarations-de-sellal-sur-les-legislatives-du-4-mai-a-la-une-de-la-presse-nationale\/#breadcrumb","itemListElement":[{"@type":"ListItem","position":1,"name":"Accueil","item":"https:\/\/www.info-algerie.com\/actualites\/"},{"@type":"ListItem","position":2,"name":"Les d\u00e9clarations de Sellal sur les l\u00e9gislatives du 4 mai \u00e0 la Une de la presse nationale"}]},{"@type":"WebSite","@id":"https:\/\/www.info-algerie.com\/actualites\/#website","url":"https:\/\/www.info-algerie.com\/actualites\/","name":"info algerie","description":"Toutes les actualit\u00e9s","publisher":{"@id":"https:\/\/www.info-algerie.com\/actualites\/#organization"},"potentialAction":[{"@type":"SearchAction","target":{"@type":"EntryPoint","urlTemplate":"https:\/\/www.info-algerie.com\/actualites\/?s={search_term_string}"},"query-input":{"@type":"PropertyValueSpecification","valueRequired":true,"valueName":"search_term_string"}}],"inLanguage":"fr-FR"},{"@type":"Organization","@id":"https:\/\/www.info-algerie.com\/actualites\/#organization","name":"info algerie","url":"https:\/\/www.info-algerie.com\/actualites\/","logo":{"@type":"ImageObject","inLanguage":"fr-FR","@id":"https:\/\/www.info-algerie.com\/actualites\/#\/schema\/logo\/image\/","url":"https:\/\/www.info-algerie.com\/actualites\/wp-content\/uploads\/2022\/07\/logo-ia-120.png","contentUrl":"https:\/\/www.info-algerie.com\/actualites\/wp-content\/uploads\/2022\/07\/logo-ia-120.png","width":120,"height":43,"caption":"info algerie"},"image":{"@id":"https:\/\/www.info-algerie.com\/actualites\/#\/schema\/logo\/image\/"},"sameAs":["https:\/\/www.facebook.com\/infoalgerieactu","https:\/\/x.com\/infoalgerie1"]},{"@type":"Person","@id":"https:\/\/www.info-algerie.com\/actualites\/#\/schema\/person\/847aaec44920825b843a08f30ec6aa1e","name":"La r\u00e9daction","image":{"@type":"ImageObject","inLanguage":"fr-FR","@id":"https:\/\/secure.gravatar.com\/avatar\/769db425c6f465158149f1ffd6cf61ce7a8a879d11dfbef8288af36dfddd418c?s=96&d=mm&r=g","url":"https:\/\/secure.gravatar.com\/avatar\/769db425c6f465158149f1ffd6cf61ce7a8a879d11dfbef8288af36dfddd418c?s=96&d=mm&r=g","contentUrl":"https:\/\/secure.gravatar.com\/avatar\/769db425c6f465158149f1ffd6cf61ce7a8a879d11dfbef8288af36dfddd418c?s=96&d=mm&r=g","caption":"La r\u00e9daction"},"sameAs":["http:\/\/www.lkeria.com\/"],"url":"https:\/\/www.info-algerie.com\/actualites\/author\/chakib32\/"}]}},"_links":{"self":[{"href":"https:\/\/www.info-algerie.com\/actualites\/wp-json\/wp\/v2\/posts\/11139","targetHints":{"allow":["GET"]}}],"collection":[{"href":"https:\/\/www.info-algerie.com\/actualites\/wp-json\/wp\/v2\/posts"}],"about":[{"href":"https:\/\/www.info-algerie.com\/actualites\/wp-json\/wp\/v2\/types\/post"}],"author":[{"embeddable":true,"href":"https:\/\/www.info-algerie.com\/actualites\/wp-json\/wp\/v2\/users\/6"}],"replies":[{"embeddable":true,"href":"https:\/\/www.info-algerie.com\/actualites\/wp-json\/wp\/v2\/comments?post=11139"}],"version-history":[{"count":0,"href":"https:\/\/www.info-algerie.com\/actualites\/wp-json\/wp\/v2\/posts\/11139\/revisions"}],"wp:featuredmedia":[{"embeddable":true,"href":"https:\/\/www.info-algerie.com\/actualites\/wp-json\/wp\/v2\/media\/11140"}],"wp:attachment":[{"href":"https:\/\/www.info-algerie.com\/actualites\/wp-json\/wp\/v2\/media?parent=11139"}],"wp:term":[{"taxonomy":"category","embeddable":true,"href":"https:\/\/www.info-algerie.com\/actualites\/wp-json\/wp\/v2\/categories?post=11139"},{"taxonomy":"post_tag","embeddable":true,"href":"https:\/\/www.info-algerie.com\/actualites\/wp-json\/wp\/v2\/tags?post=11139"}],"curies":[{"name":"wp","href":"https:\/\/api.w.org\/{rel}","templated":true}]}}