{"id":11172,"date":"2017-04-29T18:45:31","date_gmt":"2017-04-29T17:45:31","guid":{"rendered":"http:\/\/www.info-algerie.com\/actualites\/sellal-le-developpement-reste-denue-de-sens-si-la-classe-moyenne-venait-a-etre-destabilisee\/"},"modified":"2017-04-29T18:45:31","modified_gmt":"2017-04-29T17:45:31","slug":"sellal-le-developpement-reste-denue-de-sens-si-la-classe-moyenne-venait-a-etre-destabilisee","status":"publish","type":"post","link":"https:\/\/www.info-algerie.com\/actualites\/sellal-le-developpement-reste-denue-de-sens-si-la-classe-moyenne-venait-a-etre-destabilisee\/","title":{"rendered":"Sellal: le d\u00e9veloppement reste d\u00e9nu\u00e9 de sens si la classe moyenne venait \u00e0 \u00eatre d\u00e9stabilis\u00e9e&quot;"},"content":{"rendered":"<div class=\"K2FeedImage\"><img decoding=\"async\" src=\"https:\/\/www.info-algerie.com\/actualites\/wp-content\/uploads\/2017\/04\/93ec7998a198cd86cb81a6b2b008bfd9_S.jpg\" \/><\/div>\n<div class=\"K2FeedIntroText\"> MEDEA &#8211; Le Premier ministre, Abdelmalek Sellal, a affirm\u00e9 samedi, lors d&rsquo;une rencontre avec les autorit\u00e9s locales et les repr\u00e9sentants de la soci\u00e9t\u00e9 civile de la wilaya de M\u00e9d\u00e9a, que \u00ab\u00a0le d\u00e9veloppement reste d\u00e9nu\u00e9 de sens si la classe moyenne venait \u00e0 \u00eatre d\u00e9stabilis\u00e9e\u00a0\u00bb, rappelant les efforts de l&rsquo;Etat pour\u2026<\/div>\n<p>&#013;<br \/>\nSource: <a href=\"http:\/\/www.aps.dz\/algerie\/57109-sellal-le-d%C3%A9veloppement-reste-d%C3%A9nu%C3%A9-de-sens-si-la-classe-moyenne-venait-%C3%A0-%C3%AAtre-d%C3%A9stabilis%C3%A9e\" target=\"_blank\">Sellal: le d\u00e9veloppement reste d\u00e9nu\u00e9 de sens si la classe moyenne venait \u00e0 \u00eatre d\u00e9stabilis\u00e9e\u00a0\u00bb<\/a><\/p>\n<!--CusAds0-->\n<div style=\"font-size: 0px; height: 0px; line-height: 0px; margin: 0; padding: 0; clear: both;\"><\/div>","protected":false},"excerpt":{"rendered":"<p>MEDEA &#8211; Le Premier ministre, Abdelmalek Sellal, a affirm\u00e9 samedi, lors d&rsquo;une rencontre avec les autorit\u00e9s locales et les repr\u00e9sentants de la soci\u00e9t\u00e9 civile de la wilaya de M\u00e9d\u00e9a, que \u00ab\u00a0le d\u00e9veloppement reste d\u00e9nu\u00e9 de sens si la classe moyenne venait \u00e0 \u00eatre d\u00e9stabilis\u00e9e\u00a0\u00bb, rappelant les efforts de l&rsquo;Etat pour\u2026 &#013; Source: Sellal: le d\u00e9veloppement<\/p>\n","protected":false},"author":6,"featured_media":11173,"comment_status":"open","ping_status":"open","sticky":false,"template":"","format":"standard","meta":{"footnotes":""},"categories":[22],"tags":[93],"class_list":["post-11172","post","type-post","status-publish","format-standard","has-post-thumbnail","hentry","category-infos","tag-onu"],"yoast_head":"<!-- This site is optimized with the Yoast SEO plugin v27.5 - https:\/\/yoast.com\/product\/yoast-seo-wordpress\/ -->\n<title>Sellal: le d\u00e9veloppement reste d\u00e9nu\u00e9 de sens si la classe moyenne venait \u00e0 \u00eatre d\u00e9stabilis\u00e9e&quot; - info algerie<\/title>\n<meta name=\"robots\" content=\"index, follow, max-snippet:-1, max-image-preview:large, max-video-preview:-1\" \/>\n<link rel=\"canonical\" href=\"https:\/\/www.info-algerie.com\/actualites\/sellal-le-developpement-reste-denue-de-sens-si-la-classe-moyenne-venait-a-etre-destabilisee\/\" \/>\n<meta property=\"og:locale\" content=\"fr_FR\" \/>\n<meta property=\"og:type\" content=\"article\" \/>\n<meta property=\"og:title\" content=\"Sellal: le d\u00e9veloppement reste d\u00e9nu\u00e9 de sens si la classe moyenne venait \u00e0 \u00eatre d\u00e9stabilis\u00e9e&quot; - info algerie\" \/>\n<meta property=\"og:description\" content=\"MEDEA &#8211; Le Premier ministre, Abdelmalek Sellal, a affirm\u00e9 samedi, lors d&rsquo;une rencontre avec les autorit\u00e9s locales et les repr\u00e9sentants de la soci\u00e9t\u00e9 civile de la wilaya de M\u00e9d\u00e9a, que \u00ab\u00a0le d\u00e9veloppement reste d\u00e9nu\u00e9 de sens si la classe moyenne venait \u00e0 \u00eatre d\u00e9stabilis\u00e9e\u00a0\u00bb, rappelant les efforts de l&rsquo;Etat pour\u2026 &#013; Source: Sellal: le d\u00e9veloppement\" \/>\n<meta property=\"og:url\" content=\"https:\/\/www.info-algerie.com\/actualites\/sellal-le-developpement-reste-denue-de-sens-si-la-classe-moyenne-venait-a-etre-destabilisee\/\" \/>\n<meta property=\"og:site_name\" content=\"info algerie\" \/>\n<meta property=\"article:publisher\" content=\"https:\/\/www.facebook.com\/infoalgerieactu\" \/>\n<meta property=\"article:published_time\" content=\"2017-04-29T17:45:31+00:00\" \/>\n<meta property=\"og:image\" content=\"https:\/\/www.info-algerie.com\/actualites\/wp-content\/uploads\/2017\/04\/93ec7998a198cd86cb81a6b2b008bfd9_S-1.jpg\" \/>\n\t<meta property=\"og:image:width\" content=\"150\" \/>\n\t<meta property=\"og:image:height\" content=\"91\" \/>\n\t<meta property=\"og:image:type\" content=\"image\/jpeg\" \/>\n<meta name=\"author\" content=\"La r\u00e9daction\" \/>\n<meta name=\"twitter:label1\" content=\"\u00c9crit par\" \/>\n\t<meta name=\"twitter:data1\" content=\"La r\u00e9daction\" \/>\n<script type=\"application\/ld+json\" class=\"yoast-schema-graph\">{\"@context\":\"https:\\\/\\\/schema.org\",\"@graph\":[{\"@type\":\"Article\",\"@id\":\"https:\\\/\\\/www.info-algerie.com\\\/actualites\\\/sellal-le-developpement-reste-denue-de-sens-si-la-classe-moyenne-venait-a-etre-destabilisee\\\/#article\",\"isPartOf\":{\"@id\":\"https:\\\/\\\/www.info-algerie.com\\\/actualites\\\/sellal-le-developpement-reste-denue-de-sens-si-la-classe-moyenne-venait-a-etre-destabilisee\\\/\"},\"author\":{\"name\":\"La r\u00e9daction\",\"@id\":\"https:\\\/\\\/www.info-algerie.com\\\/actualites\\\/#\\\/schema\\\/person\\\/847aaec44920825b843a08f30ec6aa1e\"},\"headline\":\"Sellal: le d\u00e9veloppement reste d\u00e9nu\u00e9 de sens si la classe moyenne venait \u00e0 \u00eatre d\u00e9stabilis\u00e9e&quot;\",\"datePublished\":\"2017-04-29T17:45:31+00:00\",\"mainEntityOfPage\":{\"@id\":\"https:\\\/\\\/www.info-algerie.com\\\/actualites\\\/sellal-le-developpement-reste-denue-de-sens-si-la-classe-moyenne-venait-a-etre-destabilisee\\\/\"},\"wordCount\":98,\"commentCount\":0,\"publisher\":{\"@id\":\"https:\\\/\\\/www.info-algerie.com\\\/actualites\\\/#organization\"},\"image\":{\"@id\":\"https:\\\/\\\/www.info-algerie.com\\\/actualites\\\/sellal-le-developpement-reste-denue-de-sens-si-la-classe-moyenne-venait-a-etre-destabilisee\\\/#primaryimage\"},\"thumbnailUrl\":\"https:\\\/\\\/www.info-algerie.com\\\/actualites\\\/wp-content\\\/uploads\\\/2017\\\/04\\\/93ec7998a198cd86cb81a6b2b008bfd9_S-1.jpg\",\"keywords\":[\"ONU\"],\"articleSection\":[\"infos\"],\"inLanguage\":\"fr-FR\",\"potentialAction\":[{\"@type\":\"CommentAction\",\"name\":\"Comment\",\"target\":[\"https:\\\/\\\/www.info-algerie.com\\\/actualites\\\/sellal-le-developpement-reste-denue-de-sens-si-la-classe-moyenne-venait-a-etre-destabilisee\\\/#respond\"]}]},{\"@type\":\"WebPage\",\"@id\":\"https:\\\/\\\/www.info-algerie.com\\\/actualites\\\/sellal-le-developpement-reste-denue-de-sens-si-la-classe-moyenne-venait-a-etre-destabilisee\\\/\",\"url\":\"https:\\\/\\\/www.info-algerie.com\\\/actualites\\\/sellal-le-developpement-reste-denue-de-sens-si-la-classe-moyenne-venait-a-etre-destabilisee\\\/\",\"name\":\"Sellal: le d\u00e9veloppement reste d\u00e9nu\u00e9 de sens si la classe moyenne venait \u00e0 \u00eatre d\u00e9stabilis\u00e9e&quot; - info algerie\",\"isPartOf\":{\"@id\":\"https:\\\/\\\/www.info-algerie.com\\\/actualites\\\/#website\"},\"primaryImageOfPage\":{\"@id\":\"https:\\\/\\\/www.info-algerie.com\\\/actualites\\\/sellal-le-developpement-reste-denue-de-sens-si-la-classe-moyenne-venait-a-etre-destabilisee\\\/#primaryimage\"},\"image\":{\"@id\":\"https:\\\/\\\/www.info-algerie.com\\\/actualites\\\/sellal-le-developpement-reste-denue-de-sens-si-la-classe-moyenne-venait-a-etre-destabilisee\\\/#primaryimage\"},\"thumbnailUrl\":\"https:\\\/\\\/www.info-algerie.com\\\/actualites\\\/wp-content\\\/uploads\\\/2017\\\/04\\\/93ec7998a198cd86cb81a6b2b008bfd9_S-1.jpg\",\"datePublished\":\"2017-04-29T17:45:31+00:00\",\"breadcrumb\":{\"@id\":\"https:\\\/\\\/www.info-algerie.com\\\/actualites\\\/sellal-le-developpement-reste-denue-de-sens-si-la-classe-moyenne-venait-a-etre-destabilisee\\\/#breadcrumb\"},\"inLanguage\":\"fr-FR\",\"potentialAction\":[{\"@type\":\"ReadAction\",\"target\":[\"https:\\\/\\\/www.info-algerie.com\\\/actualites\\\/sellal-le-developpement-reste-denue-de-sens-si-la-classe-moyenne-venait-a-etre-destabilisee\\\/\"]}]},{\"@type\":\"ImageObject\",\"inLanguage\":\"fr-FR\",\"@id\":\"https:\\\/\\\/www.info-algerie.com\\\/actualites\\\/sellal-le-developpement-reste-denue-de-sens-si-la-classe-moyenne-venait-a-etre-destabilisee\\\/#primaryimage\",\"url\":\"https:\\\/\\\/www.info-algerie.com\\\/actualites\\\/wp-content\\\/uploads\\\/2017\\\/04\\\/93ec7998a198cd86cb81a6b2b008bfd9_S-1.jpg\",\"contentUrl\":\"https:\\\/\\\/www.info-algerie.com\\\/actualites\\\/wp-content\\\/uploads\\\/2017\\\/04\\\/93ec7998a198cd86cb81a6b2b008bfd9_S-1.jpg\",\"width\":150,\"height\":91},{\"@type\":\"BreadcrumbList\",\"@id\":\"https:\\\/\\\/www.info-algerie.com\\\/actualites\\\/sellal-le-developpement-reste-denue-de-sens-si-la-classe-moyenne-venait-a-etre-destabilisee\\\/#breadcrumb\",\"itemListElement\":[{\"@type\":\"ListItem\",\"position\":1,\"name\":\"Accueil\",\"item\":\"https:\\\/\\\/www.info-algerie.com\\\/actualites\\\/\"},{\"@type\":\"ListItem\",\"position\":2,\"name\":\"Sellal: le d\u00e9veloppement reste d\u00e9nu\u00e9 de sens si la classe moyenne venait \u00e0 \u00eatre d\u00e9stabilis\u00e9e&quot;\"}]},{\"@type\":\"WebSite\",\"@id\":\"https:\\\/\\\/www.info-algerie.com\\\/actualites\\\/#website\",\"url\":\"https:\\\/\\\/www.info-algerie.com\\\/actualites\\\/\",\"name\":\"info algerie\",\"description\":\"Toutes les actualit\u00e9s\",\"publisher\":{\"@id\":\"https:\\\/\\\/www.info-algerie.com\\\/actualites\\\/#organization\"},\"potentialAction\":[{\"@type\":\"SearchAction\",\"target\":{\"@type\":\"EntryPoint\",\"urlTemplate\":\"https:\\\/\\\/www.info-algerie.com\\\/actualites\\\/?s={search_term_string}\"},\"query-input\":{\"@type\":\"PropertyValueSpecification\",\"valueRequired\":true,\"valueName\":\"search_term_string\"}}],\"inLanguage\":\"fr-FR\"},{\"@type\":\"Organization\",\"@id\":\"https:\\\/\\\/www.info-algerie.com\\\/actualites\\\/#organization\",\"name\":\"info algerie\",\"url\":\"https:\\\/\\\/www.info-algerie.com\\\/actualites\\\/\",\"logo\":{\"@type\":\"ImageObject\",\"inLanguage\":\"fr-FR\",\"@id\":\"https:\\\/\\\/www.info-algerie.com\\\/actualites\\\/#\\\/schema\\\/logo\\\/image\\\/\",\"url\":\"https:\\\/\\\/www.info-algerie.com\\\/actualites\\\/wp-content\\\/uploads\\\/2022\\\/07\\\/logo-ia-120.png\",\"contentUrl\":\"https:\\\/\\\/www.info-algerie.com\\\/actualites\\\/wp-content\\\/uploads\\\/2022\\\/07\\\/logo-ia-120.png\",\"width\":120,\"height\":43,\"caption\":\"info algerie\"},\"image\":{\"@id\":\"https:\\\/\\\/www.info-algerie.com\\\/actualites\\\/#\\\/schema\\\/logo\\\/image\\\/\"},\"sameAs\":[\"https:\\\/\\\/www.facebook.com\\\/infoalgerieactu\",\"https:\\\/\\\/x.com\\\/infoalgerie1\"]},{\"@type\":\"Person\",\"@id\":\"https:\\\/\\\/www.info-algerie.com\\\/actualites\\\/#\\\/schema\\\/person\\\/847aaec44920825b843a08f30ec6aa1e\",\"name\":\"La r\u00e9daction\",\"image\":{\"@type\":\"ImageObject\",\"inLanguage\":\"fr-FR\",\"@id\":\"https:\\\/\\\/secure.gravatar.com\\\/avatar\\\/769db425c6f465158149f1ffd6cf61ce7a8a879d11dfbef8288af36dfddd418c?s=96&d=mm&r=g\",\"url\":\"https:\\\/\\\/secure.gravatar.com\\\/avatar\\\/769db425c6f465158149f1ffd6cf61ce7a8a879d11dfbef8288af36dfddd418c?s=96&d=mm&r=g\",\"contentUrl\":\"https:\\\/\\\/secure.gravatar.com\\\/avatar\\\/769db425c6f465158149f1ffd6cf61ce7a8a879d11dfbef8288af36dfddd418c?s=96&d=mm&r=g\",\"caption\":\"La r\u00e9daction\"},\"sameAs\":[\"http:\\\/\\\/www.lkeria.com\\\/\"],\"url\":\"https:\\\/\\\/www.info-algerie.com\\\/actualites\\\/author\\\/chakib32\\\/\"}]}<\/script>\n<!-- \/ Yoast SEO plugin. -->","yoast_head_json":{"title":"Sellal: le d\u00e9veloppement reste d\u00e9nu\u00e9 de sens si la classe moyenne venait \u00e0 \u00eatre d\u00e9stabilis\u00e9e&quot; - info algerie","robots":{"index":"index","follow":"follow","max-snippet":"max-snippet:-1","max-image-preview":"max-image-preview:large","max-video-preview":"max-video-preview:-1"},"canonical":"https:\/\/www.info-algerie.com\/actualites\/sellal-le-developpement-reste-denue-de-sens-si-la-classe-moyenne-venait-a-etre-destabilisee\/","og_locale":"fr_FR","og_type":"article","og_title":"Sellal: le d\u00e9veloppement reste d\u00e9nu\u00e9 de sens si la classe moyenne venait \u00e0 \u00eatre d\u00e9stabilis\u00e9e&quot; - info algerie","og_description":"MEDEA &#8211; Le Premier ministre, Abdelmalek Sellal, a affirm\u00e9 samedi, lors d&rsquo;une rencontre avec les autorit\u00e9s locales et les repr\u00e9sentants de la soci\u00e9t\u00e9 civile de la wilaya de M\u00e9d\u00e9a, que \u00ab\u00a0le d\u00e9veloppement reste d\u00e9nu\u00e9 de sens si la classe moyenne venait \u00e0 \u00eatre d\u00e9stabilis\u00e9e\u00a0\u00bb, rappelant les efforts de l&rsquo;Etat pour\u2026 &#013; Source: Sellal: le d\u00e9veloppement","og_url":"https:\/\/www.info-algerie.com\/actualites\/sellal-le-developpement-reste-denue-de-sens-si-la-classe-moyenne-venait-a-etre-destabilisee\/","og_site_name":"info algerie","article_publisher":"https:\/\/www.facebook.com\/infoalgerieactu","article_published_time":"2017-04-29T17:45:31+00:00","og_image":[{"width":150,"height":91,"url":"https:\/\/www.info-algerie.com\/actualites\/wp-content\/uploads\/2017\/04\/93ec7998a198cd86cb81a6b2b008bfd9_S-1.jpg","type":"image\/jpeg"}],"author":"La r\u00e9daction","twitter_misc":{"\u00c9crit par":"La r\u00e9daction"},"schema":{"@context":"https:\/\/schema.org","@graph":[{"@type":"Article","@id":"https:\/\/www.info-algerie.com\/actualites\/sellal-le-developpement-reste-denue-de-sens-si-la-classe-moyenne-venait-a-etre-destabilisee\/#article","isPartOf":{"@id":"https:\/\/www.info-algerie.com\/actualites\/sellal-le-developpement-reste-denue-de-sens-si-la-classe-moyenne-venait-a-etre-destabilisee\/"},"author":{"name":"La r\u00e9daction","@id":"https:\/\/www.info-algerie.com\/actualites\/#\/schema\/person\/847aaec44920825b843a08f30ec6aa1e"},"headline":"Sellal: le d\u00e9veloppement reste d\u00e9nu\u00e9 de sens si la classe moyenne venait \u00e0 \u00eatre d\u00e9stabilis\u00e9e&quot;","datePublished":"2017-04-29T17:45:31+00:00","mainEntityOfPage":{"@id":"https:\/\/www.info-algerie.com\/actualites\/sellal-le-developpement-reste-denue-de-sens-si-la-classe-moyenne-venait-a-etre-destabilisee\/"},"wordCount":98,"commentCount":0,"publisher":{"@id":"https:\/\/www.info-algerie.com\/actualites\/#organization"},"image":{"@id":"https:\/\/www.info-algerie.com\/actualites\/sellal-le-developpement-reste-denue-de-sens-si-la-classe-moyenne-venait-a-etre-destabilisee\/#primaryimage"},"thumbnailUrl":"https:\/\/www.info-algerie.com\/actualites\/wp-content\/uploads\/2017\/04\/93ec7998a198cd86cb81a6b2b008bfd9_S-1.jpg","keywords":["ONU"],"articleSection":["infos"],"inLanguage":"fr-FR","potentialAction":[{"@type":"CommentAction","name":"Comment","target":["https:\/\/www.info-algerie.com\/actualites\/sellal-le-developpement-reste-denue-de-sens-si-la-classe-moyenne-venait-a-etre-destabilisee\/#respond"]}]},{"@type":"WebPage","@id":"https:\/\/www.info-algerie.com\/actualites\/sellal-le-developpement-reste-denue-de-sens-si-la-classe-moyenne-venait-a-etre-destabilisee\/","url":"https:\/\/www.info-algerie.com\/actualites\/sellal-le-developpement-reste-denue-de-sens-si-la-classe-moyenne-venait-a-etre-destabilisee\/","name":"Sellal: le d\u00e9veloppement reste d\u00e9nu\u00e9 de sens si la classe moyenne venait \u00e0 \u00eatre d\u00e9stabilis\u00e9e&quot; - info algerie","isPartOf":{"@id":"https:\/\/www.info-algerie.com\/actualites\/#website"},"primaryImageOfPage":{"@id":"https:\/\/www.info-algerie.com\/actualites\/sellal-le-developpement-reste-denue-de-sens-si-la-classe-moyenne-venait-a-etre-destabilisee\/#primaryimage"},"image":{"@id":"https:\/\/www.info-algerie.com\/actualites\/sellal-le-developpement-reste-denue-de-sens-si-la-classe-moyenne-venait-a-etre-destabilisee\/#primaryimage"},"thumbnailUrl":"https:\/\/www.info-algerie.com\/actualites\/wp-content\/uploads\/2017\/04\/93ec7998a198cd86cb81a6b2b008bfd9_S-1.jpg","datePublished":"2017-04-29T17:45:31+00:00","breadcrumb":{"@id":"https:\/\/www.info-algerie.com\/actualites\/sellal-le-developpement-reste-denue-de-sens-si-la-classe-moyenne-venait-a-etre-destabilisee\/#breadcrumb"},"inLanguage":"fr-FR","potentialAction":[{"@type":"ReadAction","target":["https:\/\/www.info-algerie.com\/actualites\/sellal-le-developpement-reste-denue-de-sens-si-la-classe-moyenne-venait-a-etre-destabilisee\/"]}]},{"@type":"ImageObject","inLanguage":"fr-FR","@id":"https:\/\/www.info-algerie.com\/actualites\/sellal-le-developpement-reste-denue-de-sens-si-la-classe-moyenne-venait-a-etre-destabilisee\/#primaryimage","url":"https:\/\/www.info-algerie.com\/actualites\/wp-content\/uploads\/2017\/04\/93ec7998a198cd86cb81a6b2b008bfd9_S-1.jpg","contentUrl":"https:\/\/www.info-algerie.com\/actualites\/wp-content\/uploads\/2017\/04\/93ec7998a198cd86cb81a6b2b008bfd9_S-1.jpg","width":150,"height":91},{"@type":"BreadcrumbList","@id":"https:\/\/www.info-algerie.com\/actualites\/sellal-le-developpement-reste-denue-de-sens-si-la-classe-moyenne-venait-a-etre-destabilisee\/#breadcrumb","itemListElement":[{"@type":"ListItem","position":1,"name":"Accueil","item":"https:\/\/www.info-algerie.com\/actualites\/"},{"@type":"ListItem","position":2,"name":"Sellal: le d\u00e9veloppement reste d\u00e9nu\u00e9 de sens si la classe moyenne venait \u00e0 \u00eatre d\u00e9stabilis\u00e9e&quot;"}]},{"@type":"WebSite","@id":"https:\/\/www.info-algerie.com\/actualites\/#website","url":"https:\/\/www.info-algerie.com\/actualites\/","name":"info algerie","description":"Toutes les actualit\u00e9s","publisher":{"@id":"https:\/\/www.info-algerie.com\/actualites\/#organization"},"potentialAction":[{"@type":"SearchAction","target":{"@type":"EntryPoint","urlTemplate":"https:\/\/www.info-algerie.com\/actualites\/?s={search_term_string}"},"query-input":{"@type":"PropertyValueSpecification","valueRequired":true,"valueName":"search_term_string"}}],"inLanguage":"fr-FR"},{"@type":"Organization","@id":"https:\/\/www.info-algerie.com\/actualites\/#organization","name":"info algerie","url":"https:\/\/www.info-algerie.com\/actualites\/","logo":{"@type":"ImageObject","inLanguage":"fr-FR","@id":"https:\/\/www.info-algerie.com\/actualites\/#\/schema\/logo\/image\/","url":"https:\/\/www.info-algerie.com\/actualites\/wp-content\/uploads\/2022\/07\/logo-ia-120.png","contentUrl":"https:\/\/www.info-algerie.com\/actualites\/wp-content\/uploads\/2022\/07\/logo-ia-120.png","width":120,"height":43,"caption":"info algerie"},"image":{"@id":"https:\/\/www.info-algerie.com\/actualites\/#\/schema\/logo\/image\/"},"sameAs":["https:\/\/www.facebook.com\/infoalgerieactu","https:\/\/x.com\/infoalgerie1"]},{"@type":"Person","@id":"https:\/\/www.info-algerie.com\/actualites\/#\/schema\/person\/847aaec44920825b843a08f30ec6aa1e","name":"La r\u00e9daction","image":{"@type":"ImageObject","inLanguage":"fr-FR","@id":"https:\/\/secure.gravatar.com\/avatar\/769db425c6f465158149f1ffd6cf61ce7a8a879d11dfbef8288af36dfddd418c?s=96&d=mm&r=g","url":"https:\/\/secure.gravatar.com\/avatar\/769db425c6f465158149f1ffd6cf61ce7a8a879d11dfbef8288af36dfddd418c?s=96&d=mm&r=g","contentUrl":"https:\/\/secure.gravatar.com\/avatar\/769db425c6f465158149f1ffd6cf61ce7a8a879d11dfbef8288af36dfddd418c?s=96&d=mm&r=g","caption":"La r\u00e9daction"},"sameAs":["http:\/\/www.lkeria.com\/"],"url":"https:\/\/www.info-algerie.com\/actualites\/author\/chakib32\/"}]}},"_links":{"self":[{"href":"https:\/\/www.info-algerie.com\/actualites\/wp-json\/wp\/v2\/posts\/11172","targetHints":{"allow":["GET"]}}],"collection":[{"href":"https:\/\/www.info-algerie.com\/actualites\/wp-json\/wp\/v2\/posts"}],"about":[{"href":"https:\/\/www.info-algerie.com\/actualites\/wp-json\/wp\/v2\/types\/post"}],"author":[{"embeddable":true,"href":"https:\/\/www.info-algerie.com\/actualites\/wp-json\/wp\/v2\/users\/6"}],"replies":[{"embeddable":true,"href":"https:\/\/www.info-algerie.com\/actualites\/wp-json\/wp\/v2\/comments?post=11172"}],"version-history":[{"count":0,"href":"https:\/\/www.info-algerie.com\/actualites\/wp-json\/wp\/v2\/posts\/11172\/revisions"}],"wp:featuredmedia":[{"embeddable":true,"href":"https:\/\/www.info-algerie.com\/actualites\/wp-json\/wp\/v2\/media\/11173"}],"wp:attachment":[{"href":"https:\/\/www.info-algerie.com\/actualites\/wp-json\/wp\/v2\/media?parent=11172"}],"wp:term":[{"taxonomy":"category","embeddable":true,"href":"https:\/\/www.info-algerie.com\/actualites\/wp-json\/wp\/v2\/categories?post=11172"},{"taxonomy":"post_tag","embeddable":true,"href":"https:\/\/www.info-algerie.com\/actualites\/wp-json\/wp\/v2\/tags?post=11172"}],"curies":[{"name":"wp","href":"https:\/\/api.w.org\/{rel}","templated":true}]}}