{"id":11248,"date":"2017-04-30T16:42:57","date_gmt":"2017-04-30T15:42:57","guid":{"rendered":"http:\/\/www.info-algerie.com\/actualites\/bouchafa-plaide-pour-un-consensus-national-populaire-a-meme-de-regler-les-problemes-socioeconomiques\/"},"modified":"2017-04-30T16:42:57","modified_gmt":"2017-04-30T15:42:57","slug":"bouchafa-plaide-pour-un-consensus-national-populaire-a-meme-de-regler-les-problemes-socioeconomiques","status":"publish","type":"post","link":"https:\/\/www.info-algerie.com\/actualites\/bouchafa-plaide-pour-un-consensus-national-populaire-a-meme-de-regler-les-problemes-socioeconomiques\/","title":{"rendered":"Bouchafa plaide pour un consensus national &quot;populaire&quot;  \u00e0 m\u00eame de r\u00e9gler les probl\u00e8mes socio\u00e9conomiques"},"content":{"rendered":"<div class=\"K2FeedIntroText\"> CHLEF &#8211; Le premier secr\u00e9taire national du Front des forces socialistes (FFS), Abdelmalek Bouchafa a plaid\u00e9, dimanche \u00e0 partir de Chlef, pour un consensus national \u00ab\u00a0populaire\u00a0\u00bb en vue du r\u00e8glement des probl\u00e8mes socio\u00e9conomiques du pays. Animant un meeting populaire au mus\u00e9e public de Chlef, pour le compte de la derni\u00e8re\u2026<\/div>\n<p>&#013;<br \/>\nSource: <a href=\"http:\/\/www.aps.dz\/algerie\/57173-bouchafa-plaide-pour-un-consensus-national-populaire-%C3%A0-m%C3%AAme-de-r%C3%A9gler-les-probl%C3%A8mes-socio%C3%A9conomiques\" target=\"_blank\">Bouchafa plaide pour un consensus national \u00ab\u00a0populaire\u00a0\u00bb  \u00e0 m\u00eame de r\u00e9gler les probl\u00e8mes socio\u00e9conomiques<\/a><\/p>\n<!--CusAds0-->\n<div style=\"font-size: 0px; height: 0px; line-height: 0px; margin: 0; padding: 0; clear: both;\"><\/div>","protected":false},"excerpt":{"rendered":"<p>CHLEF &#8211; Le premier secr\u00e9taire national du Front des forces socialistes (FFS), Abdelmalek Bouchafa a plaid\u00e9, dimanche \u00e0 partir de Chlef, pour un consensus national \u00ab\u00a0populaire\u00a0\u00bb en vue du r\u00e8glement des probl\u00e8mes socio\u00e9conomiques du pays. Animant un meeting populaire au mus\u00e9e public de Chlef, pour le compte de la derni\u00e8re\u2026 &#013; Source: Bouchafa plaide pour<\/p>\n","protected":false},"author":6,"featured_media":0,"comment_status":"open","ping_status":"open","sticky":false,"template":"","format":"standard","meta":{"footnotes":""},"categories":[22],"tags":[93],"class_list":["post-11248","post","type-post","status-publish","format-standard","hentry","category-infos","tag-onu"],"yoast_head":"<!-- This site is optimized with the Yoast SEO plugin v27.5 - https:\/\/yoast.com\/product\/yoast-seo-wordpress\/ -->\n<title>Bouchafa plaide pour un consensus national &quot;populaire&quot; \u00e0 m\u00eame de r\u00e9gler les probl\u00e8mes socio\u00e9conomiques - info algerie<\/title>\n<meta name=\"robots\" content=\"index, follow, max-snippet:-1, max-image-preview:large, max-video-preview:-1\" \/>\n<link rel=\"canonical\" href=\"https:\/\/www.info-algerie.com\/actualites\/bouchafa-plaide-pour-un-consensus-national-populaire-a-meme-de-regler-les-problemes-socioeconomiques\/\" \/>\n<meta property=\"og:locale\" content=\"fr_FR\" \/>\n<meta property=\"og:type\" content=\"article\" \/>\n<meta property=\"og:title\" content=\"Bouchafa plaide pour un consensus national &quot;populaire&quot; \u00e0 m\u00eame de r\u00e9gler les probl\u00e8mes socio\u00e9conomiques - info algerie\" \/>\n<meta property=\"og:description\" content=\"CHLEF &#8211; Le premier secr\u00e9taire national du Front des forces socialistes (FFS), Abdelmalek Bouchafa a plaid\u00e9, dimanche \u00e0 partir de Chlef, pour un consensus national \u00ab\u00a0populaire\u00a0\u00bb en vue du r\u00e8glement des probl\u00e8mes socio\u00e9conomiques du pays. Animant un meeting populaire au mus\u00e9e public de Chlef, pour le compte de la derni\u00e8re\u2026 &#013; Source: Bouchafa plaide pour\" \/>\n<meta property=\"og:url\" content=\"https:\/\/www.info-algerie.com\/actualites\/bouchafa-plaide-pour-un-consensus-national-populaire-a-meme-de-regler-les-problemes-socioeconomiques\/\" \/>\n<meta property=\"og:site_name\" content=\"info algerie\" \/>\n<meta property=\"article:publisher\" content=\"https:\/\/www.facebook.com\/infoalgerieactu\" \/>\n<meta property=\"article:published_time\" content=\"2017-04-30T15:42:57+00:00\" \/>\n<meta name=\"author\" content=\"La r\u00e9daction\" \/>\n<meta name=\"twitter:label1\" content=\"\u00c9crit par\" \/>\n\t<meta name=\"twitter:data1\" content=\"La r\u00e9daction\" \/>\n<script type=\"application\/ld+json\" class=\"yoast-schema-graph\">{\"@context\":\"https:\\\/\\\/schema.org\",\"@graph\":[{\"@type\":\"Article\",\"@id\":\"https:\\\/\\\/www.info-algerie.com\\\/actualites\\\/bouchafa-plaide-pour-un-consensus-national-populaire-a-meme-de-regler-les-problemes-socioeconomiques\\\/#article\",\"isPartOf\":{\"@id\":\"https:\\\/\\\/www.info-algerie.com\\\/actualites\\\/bouchafa-plaide-pour-un-consensus-national-populaire-a-meme-de-regler-les-problemes-socioeconomiques\\\/\"},\"author\":{\"name\":\"La r\u00e9daction\",\"@id\":\"https:\\\/\\\/www.info-algerie.com\\\/actualites\\\/#\\\/schema\\\/person\\\/847aaec44920825b843a08f30ec6aa1e\"},\"headline\":\"Bouchafa plaide pour un consensus national &quot;populaire&quot; \u00e0 m\u00eame de r\u00e9gler les probl\u00e8mes socio\u00e9conomiques\",\"datePublished\":\"2017-04-30T15:42:57+00:00\",\"mainEntityOfPage\":{\"@id\":\"https:\\\/\\\/www.info-algerie.com\\\/actualites\\\/bouchafa-plaide-pour-un-consensus-national-populaire-a-meme-de-regler-les-problemes-socioeconomiques\\\/\"},\"wordCount\":92,\"commentCount\":0,\"publisher\":{\"@id\":\"https:\\\/\\\/www.info-algerie.com\\\/actualites\\\/#organization\"},\"keywords\":[\"ONU\"],\"articleSection\":[\"infos\"],\"inLanguage\":\"fr-FR\",\"potentialAction\":[{\"@type\":\"CommentAction\",\"name\":\"Comment\",\"target\":[\"https:\\\/\\\/www.info-algerie.com\\\/actualites\\\/bouchafa-plaide-pour-un-consensus-national-populaire-a-meme-de-regler-les-problemes-socioeconomiques\\\/#respond\"]}]},{\"@type\":\"WebPage\",\"@id\":\"https:\\\/\\\/www.info-algerie.com\\\/actualites\\\/bouchafa-plaide-pour-un-consensus-national-populaire-a-meme-de-regler-les-problemes-socioeconomiques\\\/\",\"url\":\"https:\\\/\\\/www.info-algerie.com\\\/actualites\\\/bouchafa-plaide-pour-un-consensus-national-populaire-a-meme-de-regler-les-problemes-socioeconomiques\\\/\",\"name\":\"Bouchafa plaide pour un consensus national &quot;populaire&quot; \u00e0 m\u00eame de r\u00e9gler les probl\u00e8mes socio\u00e9conomiques - info algerie\",\"isPartOf\":{\"@id\":\"https:\\\/\\\/www.info-algerie.com\\\/actualites\\\/#website\"},\"datePublished\":\"2017-04-30T15:42:57+00:00\",\"breadcrumb\":{\"@id\":\"https:\\\/\\\/www.info-algerie.com\\\/actualites\\\/bouchafa-plaide-pour-un-consensus-national-populaire-a-meme-de-regler-les-problemes-socioeconomiques\\\/#breadcrumb\"},\"inLanguage\":\"fr-FR\",\"potentialAction\":[{\"@type\":\"ReadAction\",\"target\":[\"https:\\\/\\\/www.info-algerie.com\\\/actualites\\\/bouchafa-plaide-pour-un-consensus-national-populaire-a-meme-de-regler-les-problemes-socioeconomiques\\\/\"]}]},{\"@type\":\"BreadcrumbList\",\"@id\":\"https:\\\/\\\/www.info-algerie.com\\\/actualites\\\/bouchafa-plaide-pour-un-consensus-national-populaire-a-meme-de-regler-les-problemes-socioeconomiques\\\/#breadcrumb\",\"itemListElement\":[{\"@type\":\"ListItem\",\"position\":1,\"name\":\"Accueil\",\"item\":\"https:\\\/\\\/www.info-algerie.com\\\/actualites\\\/\"},{\"@type\":\"ListItem\",\"position\":2,\"name\":\"Bouchafa plaide pour un consensus national &quot;populaire&quot; \u00e0 m\u00eame de r\u00e9gler les probl\u00e8mes socio\u00e9conomiques\"}]},{\"@type\":\"WebSite\",\"@id\":\"https:\\\/\\\/www.info-algerie.com\\\/actualites\\\/#website\",\"url\":\"https:\\\/\\\/www.info-algerie.com\\\/actualites\\\/\",\"name\":\"info algerie\",\"description\":\"Toutes les actualit\u00e9s\",\"publisher\":{\"@id\":\"https:\\\/\\\/www.info-algerie.com\\\/actualites\\\/#organization\"},\"potentialAction\":[{\"@type\":\"SearchAction\",\"target\":{\"@type\":\"EntryPoint\",\"urlTemplate\":\"https:\\\/\\\/www.info-algerie.com\\\/actualites\\\/?s={search_term_string}\"},\"query-input\":{\"@type\":\"PropertyValueSpecification\",\"valueRequired\":true,\"valueName\":\"search_term_string\"}}],\"inLanguage\":\"fr-FR\"},{\"@type\":\"Organization\",\"@id\":\"https:\\\/\\\/www.info-algerie.com\\\/actualites\\\/#organization\",\"name\":\"info algerie\",\"url\":\"https:\\\/\\\/www.info-algerie.com\\\/actualites\\\/\",\"logo\":{\"@type\":\"ImageObject\",\"inLanguage\":\"fr-FR\",\"@id\":\"https:\\\/\\\/www.info-algerie.com\\\/actualites\\\/#\\\/schema\\\/logo\\\/image\\\/\",\"url\":\"https:\\\/\\\/www.info-algerie.com\\\/actualites\\\/wp-content\\\/uploads\\\/2022\\\/07\\\/logo-ia-120.png\",\"contentUrl\":\"https:\\\/\\\/www.info-algerie.com\\\/actualites\\\/wp-content\\\/uploads\\\/2022\\\/07\\\/logo-ia-120.png\",\"width\":120,\"height\":43,\"caption\":\"info algerie\"},\"image\":{\"@id\":\"https:\\\/\\\/www.info-algerie.com\\\/actualites\\\/#\\\/schema\\\/logo\\\/image\\\/\"},\"sameAs\":[\"https:\\\/\\\/www.facebook.com\\\/infoalgerieactu\",\"https:\\\/\\\/x.com\\\/infoalgerie1\"]},{\"@type\":\"Person\",\"@id\":\"https:\\\/\\\/www.info-algerie.com\\\/actualites\\\/#\\\/schema\\\/person\\\/847aaec44920825b843a08f30ec6aa1e\",\"name\":\"La r\u00e9daction\",\"image\":{\"@type\":\"ImageObject\",\"inLanguage\":\"fr-FR\",\"@id\":\"https:\\\/\\\/secure.gravatar.com\\\/avatar\\\/769db425c6f465158149f1ffd6cf61ce7a8a879d11dfbef8288af36dfddd418c?s=96&d=mm&r=g\",\"url\":\"https:\\\/\\\/secure.gravatar.com\\\/avatar\\\/769db425c6f465158149f1ffd6cf61ce7a8a879d11dfbef8288af36dfddd418c?s=96&d=mm&r=g\",\"contentUrl\":\"https:\\\/\\\/secure.gravatar.com\\\/avatar\\\/769db425c6f465158149f1ffd6cf61ce7a8a879d11dfbef8288af36dfddd418c?s=96&d=mm&r=g\",\"caption\":\"La r\u00e9daction\"},\"sameAs\":[\"http:\\\/\\\/www.lkeria.com\\\/\"],\"url\":\"https:\\\/\\\/www.info-algerie.com\\\/actualites\\\/author\\\/chakib32\\\/\"}]}<\/script>\n<!-- \/ Yoast SEO plugin. -->","yoast_head_json":{"title":"Bouchafa plaide pour un consensus national &quot;populaire&quot; \u00e0 m\u00eame de r\u00e9gler les probl\u00e8mes socio\u00e9conomiques - info algerie","robots":{"index":"index","follow":"follow","max-snippet":"max-snippet:-1","max-image-preview":"max-image-preview:large","max-video-preview":"max-video-preview:-1"},"canonical":"https:\/\/www.info-algerie.com\/actualites\/bouchafa-plaide-pour-un-consensus-national-populaire-a-meme-de-regler-les-problemes-socioeconomiques\/","og_locale":"fr_FR","og_type":"article","og_title":"Bouchafa plaide pour un consensus national &quot;populaire&quot; \u00e0 m\u00eame de r\u00e9gler les probl\u00e8mes socio\u00e9conomiques - info algerie","og_description":"CHLEF &#8211; Le premier secr\u00e9taire national du Front des forces socialistes (FFS), Abdelmalek Bouchafa a plaid\u00e9, dimanche \u00e0 partir de Chlef, pour un consensus national \u00ab\u00a0populaire\u00a0\u00bb en vue du r\u00e8glement des probl\u00e8mes socio\u00e9conomiques du pays. Animant un meeting populaire au mus\u00e9e public de Chlef, pour le compte de la derni\u00e8re\u2026 &#013; Source: Bouchafa plaide pour","og_url":"https:\/\/www.info-algerie.com\/actualites\/bouchafa-plaide-pour-un-consensus-national-populaire-a-meme-de-regler-les-problemes-socioeconomiques\/","og_site_name":"info algerie","article_publisher":"https:\/\/www.facebook.com\/infoalgerieactu","article_published_time":"2017-04-30T15:42:57+00:00","author":"La r\u00e9daction","twitter_misc":{"\u00c9crit par":"La r\u00e9daction"},"schema":{"@context":"https:\/\/schema.org","@graph":[{"@type":"Article","@id":"https:\/\/www.info-algerie.com\/actualites\/bouchafa-plaide-pour-un-consensus-national-populaire-a-meme-de-regler-les-problemes-socioeconomiques\/#article","isPartOf":{"@id":"https:\/\/www.info-algerie.com\/actualites\/bouchafa-plaide-pour-un-consensus-national-populaire-a-meme-de-regler-les-problemes-socioeconomiques\/"},"author":{"name":"La r\u00e9daction","@id":"https:\/\/www.info-algerie.com\/actualites\/#\/schema\/person\/847aaec44920825b843a08f30ec6aa1e"},"headline":"Bouchafa plaide pour un consensus national &quot;populaire&quot; \u00e0 m\u00eame de r\u00e9gler les probl\u00e8mes socio\u00e9conomiques","datePublished":"2017-04-30T15:42:57+00:00","mainEntityOfPage":{"@id":"https:\/\/www.info-algerie.com\/actualites\/bouchafa-plaide-pour-un-consensus-national-populaire-a-meme-de-regler-les-problemes-socioeconomiques\/"},"wordCount":92,"commentCount":0,"publisher":{"@id":"https:\/\/www.info-algerie.com\/actualites\/#organization"},"keywords":["ONU"],"articleSection":["infos"],"inLanguage":"fr-FR","potentialAction":[{"@type":"CommentAction","name":"Comment","target":["https:\/\/www.info-algerie.com\/actualites\/bouchafa-plaide-pour-un-consensus-national-populaire-a-meme-de-regler-les-problemes-socioeconomiques\/#respond"]}]},{"@type":"WebPage","@id":"https:\/\/www.info-algerie.com\/actualites\/bouchafa-plaide-pour-un-consensus-national-populaire-a-meme-de-regler-les-problemes-socioeconomiques\/","url":"https:\/\/www.info-algerie.com\/actualites\/bouchafa-plaide-pour-un-consensus-national-populaire-a-meme-de-regler-les-problemes-socioeconomiques\/","name":"Bouchafa plaide pour un consensus national &quot;populaire&quot; \u00e0 m\u00eame de r\u00e9gler les probl\u00e8mes socio\u00e9conomiques - info algerie","isPartOf":{"@id":"https:\/\/www.info-algerie.com\/actualites\/#website"},"datePublished":"2017-04-30T15:42:57+00:00","breadcrumb":{"@id":"https:\/\/www.info-algerie.com\/actualites\/bouchafa-plaide-pour-un-consensus-national-populaire-a-meme-de-regler-les-problemes-socioeconomiques\/#breadcrumb"},"inLanguage":"fr-FR","potentialAction":[{"@type":"ReadAction","target":["https:\/\/www.info-algerie.com\/actualites\/bouchafa-plaide-pour-un-consensus-national-populaire-a-meme-de-regler-les-problemes-socioeconomiques\/"]}]},{"@type":"BreadcrumbList","@id":"https:\/\/www.info-algerie.com\/actualites\/bouchafa-plaide-pour-un-consensus-national-populaire-a-meme-de-regler-les-problemes-socioeconomiques\/#breadcrumb","itemListElement":[{"@type":"ListItem","position":1,"name":"Accueil","item":"https:\/\/www.info-algerie.com\/actualites\/"},{"@type":"ListItem","position":2,"name":"Bouchafa plaide pour un consensus national &quot;populaire&quot; \u00e0 m\u00eame de r\u00e9gler les probl\u00e8mes socio\u00e9conomiques"}]},{"@type":"WebSite","@id":"https:\/\/www.info-algerie.com\/actualites\/#website","url":"https:\/\/www.info-algerie.com\/actualites\/","name":"info algerie","description":"Toutes les actualit\u00e9s","publisher":{"@id":"https:\/\/www.info-algerie.com\/actualites\/#organization"},"potentialAction":[{"@type":"SearchAction","target":{"@type":"EntryPoint","urlTemplate":"https:\/\/www.info-algerie.com\/actualites\/?s={search_term_string}"},"query-input":{"@type":"PropertyValueSpecification","valueRequired":true,"valueName":"search_term_string"}}],"inLanguage":"fr-FR"},{"@type":"Organization","@id":"https:\/\/www.info-algerie.com\/actualites\/#organization","name":"info algerie","url":"https:\/\/www.info-algerie.com\/actualites\/","logo":{"@type":"ImageObject","inLanguage":"fr-FR","@id":"https:\/\/www.info-algerie.com\/actualites\/#\/schema\/logo\/image\/","url":"https:\/\/www.info-algerie.com\/actualites\/wp-content\/uploads\/2022\/07\/logo-ia-120.png","contentUrl":"https:\/\/www.info-algerie.com\/actualites\/wp-content\/uploads\/2022\/07\/logo-ia-120.png","width":120,"height":43,"caption":"info algerie"},"image":{"@id":"https:\/\/www.info-algerie.com\/actualites\/#\/schema\/logo\/image\/"},"sameAs":["https:\/\/www.facebook.com\/infoalgerieactu","https:\/\/x.com\/infoalgerie1"]},{"@type":"Person","@id":"https:\/\/www.info-algerie.com\/actualites\/#\/schema\/person\/847aaec44920825b843a08f30ec6aa1e","name":"La r\u00e9daction","image":{"@type":"ImageObject","inLanguage":"fr-FR","@id":"https:\/\/secure.gravatar.com\/avatar\/769db425c6f465158149f1ffd6cf61ce7a8a879d11dfbef8288af36dfddd418c?s=96&d=mm&r=g","url":"https:\/\/secure.gravatar.com\/avatar\/769db425c6f465158149f1ffd6cf61ce7a8a879d11dfbef8288af36dfddd418c?s=96&d=mm&r=g","contentUrl":"https:\/\/secure.gravatar.com\/avatar\/769db425c6f465158149f1ffd6cf61ce7a8a879d11dfbef8288af36dfddd418c?s=96&d=mm&r=g","caption":"La r\u00e9daction"},"sameAs":["http:\/\/www.lkeria.com\/"],"url":"https:\/\/www.info-algerie.com\/actualites\/author\/chakib32\/"}]}},"_links":{"self":[{"href":"https:\/\/www.info-algerie.com\/actualites\/wp-json\/wp\/v2\/posts\/11248","targetHints":{"allow":["GET"]}}],"collection":[{"href":"https:\/\/www.info-algerie.com\/actualites\/wp-json\/wp\/v2\/posts"}],"about":[{"href":"https:\/\/www.info-algerie.com\/actualites\/wp-json\/wp\/v2\/types\/post"}],"author":[{"embeddable":true,"href":"https:\/\/www.info-algerie.com\/actualites\/wp-json\/wp\/v2\/users\/6"}],"replies":[{"embeddable":true,"href":"https:\/\/www.info-algerie.com\/actualites\/wp-json\/wp\/v2\/comments?post=11248"}],"version-history":[{"count":0,"href":"https:\/\/www.info-algerie.com\/actualites\/wp-json\/wp\/v2\/posts\/11248\/revisions"}],"wp:attachment":[{"href":"https:\/\/www.info-algerie.com\/actualites\/wp-json\/wp\/v2\/media?parent=11248"}],"wp:term":[{"taxonomy":"category","embeddable":true,"href":"https:\/\/www.info-algerie.com\/actualites\/wp-json\/wp\/v2\/categories?post=11248"},{"taxonomy":"post_tag","embeddable":true,"href":"https:\/\/www.info-algerie.com\/actualites\/wp-json\/wp\/v2\/tags?post=11248"}],"curies":[{"name":"wp","href":"https:\/\/api.w.org\/{rel}","templated":true}]}}