{"id":11279,"date":"2017-05-01T12:12:16","date_gmt":"2017-05-01T11:12:16","guid":{"rendered":"http:\/\/www.info-algerie.com\/actualites\/prise-en-charge-des-preoccupations-des-zones-frontalieres-pour-lutter-contre-le-chomage-et-la-contrebande-benhamou\/"},"modified":"2017-05-01T12:12:16","modified_gmt":"2017-05-01T11:12:16","slug":"prise-en-charge-des-preoccupations-des-zones-frontalieres-pour-lutter-contre-le-chomage-et-la-contrebande-benhamou","status":"publish","type":"post","link":"https:\/\/www.info-algerie.com\/actualites\/prise-en-charge-des-preoccupations-des-zones-frontalieres-pour-lutter-contre-le-chomage-et-la-contrebande-benhamou\/","title":{"rendered":"Prise en charge des pr\u00e9occupations des zones frontali\u00e8res pour lutter contre le ch\u00f4mage et la contrebande (Benhamou)"},"content":{"rendered":"<div class=\"K2FeedIntroText\">\n<p>TLEMCEN &#8211; Le pr\u00e9sident du parti d\u2019El Karama, Mohamed Benhamou, a estim\u00e9 dimanche \u00e0 Tounane dans la wilaya de Tlemcen, que la prise en charge des pr\u00e9occupations des zones frontali\u00e8res contribuera \u00e0 la r\u00e9sorption du ch\u00f4mage et la lutte contre la contrebande.<\/p>\n<p>&#013;\n<\/p><\/div>\n<div class=\"K2FeedFullText\">&#013;<\/p>\n<p>Lors d\u2019une rencontre anim\u00e9e au dernier jour de la campagne \u00e9lectorale, Mohamed Benhamou a soulign\u00e9 que les opportunit\u00e9s de travail sont disponibles au profit des jeunes de ces zones frontali\u00e8res sensibles \u00e0 l\u2019instar du restant des r\u00e9gions pour atteindre un \u00e9quilibre de d\u00e9veloppement entre toutes les r\u00e9gions du pays.<\/p>\n<p>&#013;<\/p>\n<p>L\u2019intervenant a soulign\u00e9 que sa formation politique accorde un int\u00e9r\u00eat particulier au d\u00e9veloppement des wilayas frontali\u00e8res pour les aider \u00e0 faire face au ph\u00e9nom\u00e8ne de la contrebande qui paralysie leur croissance.<\/p>\n<p>&#013;<\/p>\n<p>Benhamou estime que les solutions r\u00e9sident dans l\u2019encouragement de l\u2019investissement, g\u00e9n\u00e9rant des emplois et des entreprises productives. Il a \u00e9galement mis en exergue les d\u00e9fis que doit relever le pays face \u00e0 la crise \u00e9conomique mondiale et la chute des cours des hydrocarbures.<\/p>\n<p>&#013;<\/p>\n<p>\u00a0<\/p>\n<p>&#013;<\/p>\n<p class=\"MsoNormal\">Benhamou a pr\u00e9conis\u00e9 des solutions alternatives en investissant dans les secteurs de l\u2019agriculture, du tourisme et des \u00e9nergies renouvelables, avant d\u2019appeler l\u2019assistance \u00e0 voter le 4 mai massivement pour choisir des candidats d\u00e9sirant \u00eatre au service du pays.<\/p>\n<\/div>\n<p>&#013;<br \/>\nSource: <a href=\"http:\/\/www.aps.dz\/algerie\/56785-prise-en-charge-des-preoccupations-des-zones-frontalieres-pour-lutter-contre-le-chomage-et-la-contrebande-benhamou\" target=\"_blank\">Prise en charge des pr\u00e9occupations des zones frontali\u00e8res pour lutter contre le ch\u00f4mage et la contrebande (Benhamou)<\/a><\/p>\n<!--CusAds0-->\n<div style=\"font-size: 0px; height: 0px; line-height: 0px; margin: 0; padding: 0; clear: both;\"><\/div>","protected":false},"excerpt":{"rendered":"<p>TLEMCEN &#8211; Le pr\u00e9sident du parti d\u2019El Karama, Mohamed Benhamou, a estim\u00e9 dimanche \u00e0 Tounane dans la wilaya de Tlemcen, que la prise en charge des pr\u00e9occupations des zones frontali\u00e8res contribuera \u00e0 la r\u00e9sorption du ch\u00f4mage et la lutte contre la contrebande. &#013; &#013; Lors d\u2019une rencontre anim\u00e9e au dernier jour de la campagne \u00e9lectorale,<\/p>\n","protected":false},"author":6,"featured_media":0,"comment_status":"open","ping_status":"open","sticky":false,"template":"","format":"standard","meta":{"footnotes":""},"categories":[22],"tags":[93],"class_list":["post-11279","post","type-post","status-publish","format-standard","hentry","category-infos","tag-onu"],"yoast_head":"<!-- This site is optimized with the Yoast SEO plugin v27.5 - https:\/\/yoast.com\/product\/yoast-seo-wordpress\/ -->\n<title>Prise en charge des pr\u00e9occupations des zones frontali\u00e8res pour lutter contre le ch\u00f4mage et la contrebande (Benhamou) - info algerie<\/title>\n<meta name=\"robots\" content=\"index, follow, max-snippet:-1, max-image-preview:large, max-video-preview:-1\" \/>\n<link rel=\"canonical\" href=\"https:\/\/www.info-algerie.com\/actualites\/prise-en-charge-des-preoccupations-des-zones-frontalieres-pour-lutter-contre-le-chomage-et-la-contrebande-benhamou\/\" \/>\n<meta property=\"og:locale\" content=\"fr_FR\" \/>\n<meta property=\"og:type\" content=\"article\" \/>\n<meta property=\"og:title\" content=\"Prise en charge des pr\u00e9occupations des zones frontali\u00e8res pour lutter contre le ch\u00f4mage et la contrebande (Benhamou) - info algerie\" \/>\n<meta property=\"og:description\" content=\"TLEMCEN &#8211; Le pr\u00e9sident du parti d\u2019El Karama, Mohamed Benhamou, a estim\u00e9 dimanche \u00e0 Tounane dans la wilaya de Tlemcen, que la prise en charge des pr\u00e9occupations des zones frontali\u00e8res contribuera \u00e0 la r\u00e9sorption du ch\u00f4mage et la lutte contre la contrebande. &#013; &#013; Lors d\u2019une rencontre anim\u00e9e au dernier jour de la campagne \u00e9lectorale,\" \/>\n<meta property=\"og:url\" content=\"https:\/\/www.info-algerie.com\/actualites\/prise-en-charge-des-preoccupations-des-zones-frontalieres-pour-lutter-contre-le-chomage-et-la-contrebande-benhamou\/\" \/>\n<meta property=\"og:site_name\" content=\"info algerie\" \/>\n<meta property=\"article:publisher\" content=\"https:\/\/www.facebook.com\/infoalgerieactu\" \/>\n<meta property=\"article:published_time\" content=\"2017-05-01T11:12:16+00:00\" \/>\n<meta name=\"author\" content=\"La r\u00e9daction\" \/>\n<meta name=\"twitter:label1\" content=\"\u00c9crit par\" \/>\n\t<meta name=\"twitter:data1\" content=\"La r\u00e9daction\" \/>\n\t<meta name=\"twitter:label2\" content=\"Dur\u00e9e de lecture estim\u00e9e\" \/>\n\t<meta name=\"twitter:data2\" content=\"1 minute\" \/>\n<script type=\"application\/ld+json\" class=\"yoast-schema-graph\">{\"@context\":\"https:\\\/\\\/schema.org\",\"@graph\":[{\"@type\":\"Article\",\"@id\":\"https:\\\/\\\/www.info-algerie.com\\\/actualites\\\/prise-en-charge-des-preoccupations-des-zones-frontalieres-pour-lutter-contre-le-chomage-et-la-contrebande-benhamou\\\/#article\",\"isPartOf\":{\"@id\":\"https:\\\/\\\/www.info-algerie.com\\\/actualites\\\/prise-en-charge-des-preoccupations-des-zones-frontalieres-pour-lutter-contre-le-chomage-et-la-contrebande-benhamou\\\/\"},\"author\":{\"name\":\"La r\u00e9daction\",\"@id\":\"https:\\\/\\\/www.info-algerie.com\\\/actualites\\\/#\\\/schema\\\/person\\\/847aaec44920825b843a08f30ec6aa1e\"},\"headline\":\"Prise en charge des pr\u00e9occupations des zones frontali\u00e8res pour lutter contre le ch\u00f4mage et la contrebande (Benhamou)\",\"datePublished\":\"2017-05-01T11:12:16+00:00\",\"mainEntityOfPage\":{\"@id\":\"https:\\\/\\\/www.info-algerie.com\\\/actualites\\\/prise-en-charge-des-preoccupations-des-zones-frontalieres-pour-lutter-contre-le-chomage-et-la-contrebande-benhamou\\\/\"},\"wordCount\":269,\"commentCount\":0,\"publisher\":{\"@id\":\"https:\\\/\\\/www.info-algerie.com\\\/actualites\\\/#organization\"},\"keywords\":[\"ONU\"],\"articleSection\":[\"infos\"],\"inLanguage\":\"fr-FR\",\"potentialAction\":[{\"@type\":\"CommentAction\",\"name\":\"Comment\",\"target\":[\"https:\\\/\\\/www.info-algerie.com\\\/actualites\\\/prise-en-charge-des-preoccupations-des-zones-frontalieres-pour-lutter-contre-le-chomage-et-la-contrebande-benhamou\\\/#respond\"]}]},{\"@type\":\"WebPage\",\"@id\":\"https:\\\/\\\/www.info-algerie.com\\\/actualites\\\/prise-en-charge-des-preoccupations-des-zones-frontalieres-pour-lutter-contre-le-chomage-et-la-contrebande-benhamou\\\/\",\"url\":\"https:\\\/\\\/www.info-algerie.com\\\/actualites\\\/prise-en-charge-des-preoccupations-des-zones-frontalieres-pour-lutter-contre-le-chomage-et-la-contrebande-benhamou\\\/\",\"name\":\"Prise en charge des pr\u00e9occupations des zones frontali\u00e8res pour lutter contre le ch\u00f4mage et la contrebande (Benhamou) - info algerie\",\"isPartOf\":{\"@id\":\"https:\\\/\\\/www.info-algerie.com\\\/actualites\\\/#website\"},\"datePublished\":\"2017-05-01T11:12:16+00:00\",\"breadcrumb\":{\"@id\":\"https:\\\/\\\/www.info-algerie.com\\\/actualites\\\/prise-en-charge-des-preoccupations-des-zones-frontalieres-pour-lutter-contre-le-chomage-et-la-contrebande-benhamou\\\/#breadcrumb\"},\"inLanguage\":\"fr-FR\",\"potentialAction\":[{\"@type\":\"ReadAction\",\"target\":[\"https:\\\/\\\/www.info-algerie.com\\\/actualites\\\/prise-en-charge-des-preoccupations-des-zones-frontalieres-pour-lutter-contre-le-chomage-et-la-contrebande-benhamou\\\/\"]}]},{\"@type\":\"BreadcrumbList\",\"@id\":\"https:\\\/\\\/www.info-algerie.com\\\/actualites\\\/prise-en-charge-des-preoccupations-des-zones-frontalieres-pour-lutter-contre-le-chomage-et-la-contrebande-benhamou\\\/#breadcrumb\",\"itemListElement\":[{\"@type\":\"ListItem\",\"position\":1,\"name\":\"Accueil\",\"item\":\"https:\\\/\\\/www.info-algerie.com\\\/actualites\\\/\"},{\"@type\":\"ListItem\",\"position\":2,\"name\":\"Prise en charge des pr\u00e9occupations des zones frontali\u00e8res pour lutter contre le ch\u00f4mage et la contrebande (Benhamou)\"}]},{\"@type\":\"WebSite\",\"@id\":\"https:\\\/\\\/www.info-algerie.com\\\/actualites\\\/#website\",\"url\":\"https:\\\/\\\/www.info-algerie.com\\\/actualites\\\/\",\"name\":\"info algerie\",\"description\":\"Toutes les actualit\u00e9s\",\"publisher\":{\"@id\":\"https:\\\/\\\/www.info-algerie.com\\\/actualites\\\/#organization\"},\"potentialAction\":[{\"@type\":\"SearchAction\",\"target\":{\"@type\":\"EntryPoint\",\"urlTemplate\":\"https:\\\/\\\/www.info-algerie.com\\\/actualites\\\/?s={search_term_string}\"},\"query-input\":{\"@type\":\"PropertyValueSpecification\",\"valueRequired\":true,\"valueName\":\"search_term_string\"}}],\"inLanguage\":\"fr-FR\"},{\"@type\":\"Organization\",\"@id\":\"https:\\\/\\\/www.info-algerie.com\\\/actualites\\\/#organization\",\"name\":\"info algerie\",\"url\":\"https:\\\/\\\/www.info-algerie.com\\\/actualites\\\/\",\"logo\":{\"@type\":\"ImageObject\",\"inLanguage\":\"fr-FR\",\"@id\":\"https:\\\/\\\/www.info-algerie.com\\\/actualites\\\/#\\\/schema\\\/logo\\\/image\\\/\",\"url\":\"https:\\\/\\\/www.info-algerie.com\\\/actualites\\\/wp-content\\\/uploads\\\/2022\\\/07\\\/logo-ia-120.png\",\"contentUrl\":\"https:\\\/\\\/www.info-algerie.com\\\/actualites\\\/wp-content\\\/uploads\\\/2022\\\/07\\\/logo-ia-120.png\",\"width\":120,\"height\":43,\"caption\":\"info algerie\"},\"image\":{\"@id\":\"https:\\\/\\\/www.info-algerie.com\\\/actualites\\\/#\\\/schema\\\/logo\\\/image\\\/\"},\"sameAs\":[\"https:\\\/\\\/www.facebook.com\\\/infoalgerieactu\",\"https:\\\/\\\/x.com\\\/infoalgerie1\"]},{\"@type\":\"Person\",\"@id\":\"https:\\\/\\\/www.info-algerie.com\\\/actualites\\\/#\\\/schema\\\/person\\\/847aaec44920825b843a08f30ec6aa1e\",\"name\":\"La r\u00e9daction\",\"image\":{\"@type\":\"ImageObject\",\"inLanguage\":\"fr-FR\",\"@id\":\"https:\\\/\\\/secure.gravatar.com\\\/avatar\\\/769db425c6f465158149f1ffd6cf61ce7a8a879d11dfbef8288af36dfddd418c?s=96&d=mm&r=g\",\"url\":\"https:\\\/\\\/secure.gravatar.com\\\/avatar\\\/769db425c6f465158149f1ffd6cf61ce7a8a879d11dfbef8288af36dfddd418c?s=96&d=mm&r=g\",\"contentUrl\":\"https:\\\/\\\/secure.gravatar.com\\\/avatar\\\/769db425c6f465158149f1ffd6cf61ce7a8a879d11dfbef8288af36dfddd418c?s=96&d=mm&r=g\",\"caption\":\"La r\u00e9daction\"},\"sameAs\":[\"http:\\\/\\\/www.lkeria.com\\\/\"],\"url\":\"https:\\\/\\\/www.info-algerie.com\\\/actualites\\\/author\\\/chakib32\\\/\"}]}<\/script>\n<!-- \/ Yoast SEO plugin. -->","yoast_head_json":{"title":"Prise en charge des pr\u00e9occupations des zones frontali\u00e8res pour lutter contre le ch\u00f4mage et la contrebande (Benhamou) - info algerie","robots":{"index":"index","follow":"follow","max-snippet":"max-snippet:-1","max-image-preview":"max-image-preview:large","max-video-preview":"max-video-preview:-1"},"canonical":"https:\/\/www.info-algerie.com\/actualites\/prise-en-charge-des-preoccupations-des-zones-frontalieres-pour-lutter-contre-le-chomage-et-la-contrebande-benhamou\/","og_locale":"fr_FR","og_type":"article","og_title":"Prise en charge des pr\u00e9occupations des zones frontali\u00e8res pour lutter contre le ch\u00f4mage et la contrebande (Benhamou) - info algerie","og_description":"TLEMCEN &#8211; Le pr\u00e9sident du parti d\u2019El Karama, Mohamed Benhamou, a estim\u00e9 dimanche \u00e0 Tounane dans la wilaya de Tlemcen, que la prise en charge des pr\u00e9occupations des zones frontali\u00e8res contribuera \u00e0 la r\u00e9sorption du ch\u00f4mage et la lutte contre la contrebande. &#013; &#013; Lors d\u2019une rencontre anim\u00e9e au dernier jour de la campagne \u00e9lectorale,","og_url":"https:\/\/www.info-algerie.com\/actualites\/prise-en-charge-des-preoccupations-des-zones-frontalieres-pour-lutter-contre-le-chomage-et-la-contrebande-benhamou\/","og_site_name":"info algerie","article_publisher":"https:\/\/www.facebook.com\/infoalgerieactu","article_published_time":"2017-05-01T11:12:16+00:00","author":"La r\u00e9daction","twitter_misc":{"\u00c9crit par":"La r\u00e9daction","Dur\u00e9e de lecture estim\u00e9e":"1 minute"},"schema":{"@context":"https:\/\/schema.org","@graph":[{"@type":"Article","@id":"https:\/\/www.info-algerie.com\/actualites\/prise-en-charge-des-preoccupations-des-zones-frontalieres-pour-lutter-contre-le-chomage-et-la-contrebande-benhamou\/#article","isPartOf":{"@id":"https:\/\/www.info-algerie.com\/actualites\/prise-en-charge-des-preoccupations-des-zones-frontalieres-pour-lutter-contre-le-chomage-et-la-contrebande-benhamou\/"},"author":{"name":"La r\u00e9daction","@id":"https:\/\/www.info-algerie.com\/actualites\/#\/schema\/person\/847aaec44920825b843a08f30ec6aa1e"},"headline":"Prise en charge des pr\u00e9occupations des zones frontali\u00e8res pour lutter contre le ch\u00f4mage et la contrebande (Benhamou)","datePublished":"2017-05-01T11:12:16+00:00","mainEntityOfPage":{"@id":"https:\/\/www.info-algerie.com\/actualites\/prise-en-charge-des-preoccupations-des-zones-frontalieres-pour-lutter-contre-le-chomage-et-la-contrebande-benhamou\/"},"wordCount":269,"commentCount":0,"publisher":{"@id":"https:\/\/www.info-algerie.com\/actualites\/#organization"},"keywords":["ONU"],"articleSection":["infos"],"inLanguage":"fr-FR","potentialAction":[{"@type":"CommentAction","name":"Comment","target":["https:\/\/www.info-algerie.com\/actualites\/prise-en-charge-des-preoccupations-des-zones-frontalieres-pour-lutter-contre-le-chomage-et-la-contrebande-benhamou\/#respond"]}]},{"@type":"WebPage","@id":"https:\/\/www.info-algerie.com\/actualites\/prise-en-charge-des-preoccupations-des-zones-frontalieres-pour-lutter-contre-le-chomage-et-la-contrebande-benhamou\/","url":"https:\/\/www.info-algerie.com\/actualites\/prise-en-charge-des-preoccupations-des-zones-frontalieres-pour-lutter-contre-le-chomage-et-la-contrebande-benhamou\/","name":"Prise en charge des pr\u00e9occupations des zones frontali\u00e8res pour lutter contre le ch\u00f4mage et la contrebande (Benhamou) - info algerie","isPartOf":{"@id":"https:\/\/www.info-algerie.com\/actualites\/#website"},"datePublished":"2017-05-01T11:12:16+00:00","breadcrumb":{"@id":"https:\/\/www.info-algerie.com\/actualites\/prise-en-charge-des-preoccupations-des-zones-frontalieres-pour-lutter-contre-le-chomage-et-la-contrebande-benhamou\/#breadcrumb"},"inLanguage":"fr-FR","potentialAction":[{"@type":"ReadAction","target":["https:\/\/www.info-algerie.com\/actualites\/prise-en-charge-des-preoccupations-des-zones-frontalieres-pour-lutter-contre-le-chomage-et-la-contrebande-benhamou\/"]}]},{"@type":"BreadcrumbList","@id":"https:\/\/www.info-algerie.com\/actualites\/prise-en-charge-des-preoccupations-des-zones-frontalieres-pour-lutter-contre-le-chomage-et-la-contrebande-benhamou\/#breadcrumb","itemListElement":[{"@type":"ListItem","position":1,"name":"Accueil","item":"https:\/\/www.info-algerie.com\/actualites\/"},{"@type":"ListItem","position":2,"name":"Prise en charge des pr\u00e9occupations des zones frontali\u00e8res pour lutter contre le ch\u00f4mage et la contrebande (Benhamou)"}]},{"@type":"WebSite","@id":"https:\/\/www.info-algerie.com\/actualites\/#website","url":"https:\/\/www.info-algerie.com\/actualites\/","name":"info algerie","description":"Toutes les actualit\u00e9s","publisher":{"@id":"https:\/\/www.info-algerie.com\/actualites\/#organization"},"potentialAction":[{"@type":"SearchAction","target":{"@type":"EntryPoint","urlTemplate":"https:\/\/www.info-algerie.com\/actualites\/?s={search_term_string}"},"query-input":{"@type":"PropertyValueSpecification","valueRequired":true,"valueName":"search_term_string"}}],"inLanguage":"fr-FR"},{"@type":"Organization","@id":"https:\/\/www.info-algerie.com\/actualites\/#organization","name":"info algerie","url":"https:\/\/www.info-algerie.com\/actualites\/","logo":{"@type":"ImageObject","inLanguage":"fr-FR","@id":"https:\/\/www.info-algerie.com\/actualites\/#\/schema\/logo\/image\/","url":"https:\/\/www.info-algerie.com\/actualites\/wp-content\/uploads\/2022\/07\/logo-ia-120.png","contentUrl":"https:\/\/www.info-algerie.com\/actualites\/wp-content\/uploads\/2022\/07\/logo-ia-120.png","width":120,"height":43,"caption":"info algerie"},"image":{"@id":"https:\/\/www.info-algerie.com\/actualites\/#\/schema\/logo\/image\/"},"sameAs":["https:\/\/www.facebook.com\/infoalgerieactu","https:\/\/x.com\/infoalgerie1"]},{"@type":"Person","@id":"https:\/\/www.info-algerie.com\/actualites\/#\/schema\/person\/847aaec44920825b843a08f30ec6aa1e","name":"La r\u00e9daction","image":{"@type":"ImageObject","inLanguage":"fr-FR","@id":"https:\/\/secure.gravatar.com\/avatar\/769db425c6f465158149f1ffd6cf61ce7a8a879d11dfbef8288af36dfddd418c?s=96&d=mm&r=g","url":"https:\/\/secure.gravatar.com\/avatar\/769db425c6f465158149f1ffd6cf61ce7a8a879d11dfbef8288af36dfddd418c?s=96&d=mm&r=g","contentUrl":"https:\/\/secure.gravatar.com\/avatar\/769db425c6f465158149f1ffd6cf61ce7a8a879d11dfbef8288af36dfddd418c?s=96&d=mm&r=g","caption":"La r\u00e9daction"},"sameAs":["http:\/\/www.lkeria.com\/"],"url":"https:\/\/www.info-algerie.com\/actualites\/author\/chakib32\/"}]}},"_links":{"self":[{"href":"https:\/\/www.info-algerie.com\/actualites\/wp-json\/wp\/v2\/posts\/11279","targetHints":{"allow":["GET"]}}],"collection":[{"href":"https:\/\/www.info-algerie.com\/actualites\/wp-json\/wp\/v2\/posts"}],"about":[{"href":"https:\/\/www.info-algerie.com\/actualites\/wp-json\/wp\/v2\/types\/post"}],"author":[{"embeddable":true,"href":"https:\/\/www.info-algerie.com\/actualites\/wp-json\/wp\/v2\/users\/6"}],"replies":[{"embeddable":true,"href":"https:\/\/www.info-algerie.com\/actualites\/wp-json\/wp\/v2\/comments?post=11279"}],"version-history":[{"count":0,"href":"https:\/\/www.info-algerie.com\/actualites\/wp-json\/wp\/v2\/posts\/11279\/revisions"}],"wp:attachment":[{"href":"https:\/\/www.info-algerie.com\/actualites\/wp-json\/wp\/v2\/media?parent=11279"}],"wp:term":[{"taxonomy":"category","embeddable":true,"href":"https:\/\/www.info-algerie.com\/actualites\/wp-json\/wp\/v2\/categories?post=11279"},{"taxonomy":"post_tag","embeddable":true,"href":"https:\/\/www.info-algerie.com\/actualites\/wp-json\/wp\/v2\/tags?post=11279"}],"curies":[{"name":"wp","href":"https:\/\/api.w.org\/{rel}","templated":true}]}}