{"id":11285,"date":"2017-05-01T14:14:07","date_gmt":"2017-05-01T13:14:07","guid":{"rendered":"http:\/\/www.info-algerie.com\/actualites\/fete-du-travail-le-president-bouteflika-salue-les-sacrifices-des-travailleurs-algeriens-et-loue-le-dialogue-social\/"},"modified":"2017-05-01T14:14:07","modified_gmt":"2017-05-01T13:14:07","slug":"fete-du-travail-le-president-bouteflika-salue-les-sacrifices-des-travailleurs-algeriens-et-loue-le-dialogue-social","status":"publish","type":"post","link":"https:\/\/www.info-algerie.com\/actualites\/fete-du-travail-le-president-bouteflika-salue-les-sacrifices-des-travailleurs-algeriens-et-loue-le-dialogue-social\/","title":{"rendered":"F\u00eate du travail: le pr\u00e9sident Bouteflika salue les sacrifices des travailleurs alg\u00e9riens et loue le dialogue social"},"content":{"rendered":"<div class=\"K2FeedImage\"><img decoding=\"async\" src=\"https:\/\/www.info-algerie.com\/actualites\/wp-content\/uploads\/2017\/05\/eec8086928098417496bfa61b9b8c7ba_S.jpg\" alt=\"F&#xEA;te du travail: le pr&#xE9;sident Bouteflika salue les sacrifices des travailleurs alg&#xE9;riens et loue le dialogue social\" \/><\/div>\n<div class=\"K2FeedIntroText\">\n<p>TIARET &#8211; Le pr\u00e9sident de la R\u00e9publique, Abdelaziz Bouteflika, a salu\u00e9 lundi les sacrifices des travailleurs alg\u00e9riens dans les diff\u00e9rentes \u00e9tapes travers\u00e9es par le pays, mettant en \u00e9vidence les progr\u00e8s r\u00e9alis\u00e9s dans la prise en charge des attentes des travailleurs ainsi que les vertus du dialogue social.<\/p>\n<p>&#013;\n<\/p><\/div>\n<div class=\"K2FeedFullText\">&#013;<\/p>\n<p>Dans un message adress\u00e9 aux travailleurs alg\u00e9riens \u00e0 l&rsquo;occasion de la f\u00eate internationale du Travail, lu en son nom par le ministre de la Culture, Azzedine Mihoubi, lors des festivit\u00e9s officielles de c\u00e9l\u00e9bration de cette journ\u00e9e \u00e0 Tiaret, le Pr\u00e9sident Bouteflika a relev\u00e9 que \u00ab\u00a0les travailleurs ont pris une part active \u00e0 la lutte de lib\u00e9ration nationale, pour laquelle\u00a0 ils se sont fortement mobilis\u00e9s au sein de l&rsquo;Union g\u00e9n\u00e9rale des travailleurs alg\u00e9riens, dont des dizaines de milliers d&rsquo;adh\u00e9rents sont tomb\u00e9s en martyrs pour notre ind\u00e9pendance, parmi eux Aissat Idir, son Secr\u00e9taire G\u00e9n\u00e9ral\u00a0\u00bb.<\/p>\n<p>&#013;<\/p>\n<p>Il a soulign\u00e9, dans ce sens, que \u00ab\u00a0les travailleurs font d&rsquo;ailleurs partie des ultimes martyrs de notre ind\u00e9pendance, \u00e0 l&rsquo;image de dizaines d&rsquo;humbles dockers assassin\u00e9s d&rsquo;une mani\u00e8re barbare le 2 mai 1962, apr\u00e8s le cessez-le-feu et \u00e0 la veille de la restauration de notre Etat, par les escadrons de la mort de l&rsquo;Organisation arm\u00e9e secr\u00e8te\u00a0\u00bb.<\/p>\n<p>&#013;<\/p>\n<p>Au lendemain de ind\u00e9pendance de l&rsquo;Alg\u00e9rie, \u00ab\u00a0les travailleurs se sont d&#8217;embl\u00e9e mobilis\u00e9s pour la reconstruction d&rsquo;une patrie sinistr\u00e9e par la barbarie coloniale\u00a0\u00bb, note M. Bouteflika, indiquant que \u00ab\u00a0ann\u00e9e apr\u00e8s ann\u00e9e, les travailleurs et leurs familles ont b\u00e9n\u00e9fici\u00e9 des fruits du d\u00e9veloppement du pays, en scolarit\u00e9, en sant\u00e9, en logements et autres progr\u00e8s r\u00e9alis\u00e9s\u00a0\u00bb.<\/p>\n<p>&#013;<\/p>\n<p>Indiquant que \u00ab\u00a0la c\u00e9l\u00e9bration de la f\u00eate du travail comm\u00e9more souvent, \u00e0 travers le monde, les luttes des travailleurs pour leurs droits, et elle s&rsquo;accompagne aujourd&rsquo;hui encore, dans plusieurs pays, de manifestations et de marches pour revendiquer des droits sociaux\u00a0\u00bb, M. Bouteflika a not\u00e9 que \u00ab\u00a0cela ne fut jamais le cas pour nos travailleurs dans l&rsquo;Alg\u00e9rie\u00a0 ind\u00e9pendante et cela est d\u00fb au statut de partenaires \u00e0 part enti\u00e8re d\u00e9volu \u00e0 nos travailleurs\u00a0\u00bb.<\/p>\n<p>&#013;<\/p>\n<p>Il a soulign\u00e9, \u00e0 cet \u00e9gard, que \u00ab\u00a0les choix sociaux de l&rsquo;Alg\u00e9rie souveraine ont pris en charge les attentes des travailleurs, en mati\u00e8re de r\u00e9mun\u00e9ration, de protection et d&rsquo;autres droits sociaux, et les Organisations internationales du travail sont l\u00e0 pour en t\u00e9moigner\u00a0\u00bb, estimant que \u00ab\u00a0ces m\u00eames organisations internationales t\u00e9moigneront aussi que, d\u00e8s l&rsquo;ind\u00e9pendance, notre l\u00e9gislation a instaur\u00e9 l&rsquo;\u00e9galit\u00e9 salariale entre travailleurs et travailleuses, un acquis dans notre pays qui demeure encore un objectif dans plusieurs pays d\u00e9velopp\u00e9s\u00a0\u00bb.<\/p>\n<p>&#013;<\/p>\n<p>Le pr\u00e9sident Bouteflika a ajout\u00e9, que \u00ab\u00a0confront\u00e9s \u00e0 la crise \u00e9conomique qui a frapp\u00e9 le pays dans les ann\u00e9es 1990 du fait de la chute des prix des hydrocarbures, les travailleurs, le patronat et le gouvernement ont solidairement fait face \u00e0 cette situation difficile, par la voie du dialogue, de la concertation et de la n\u00e9gociation au sein de la Tripartite qui est un mod\u00e8le salu\u00e9 mondialement par\u00a0 l&rsquo;Organisation Internationale du Travail\u00a0\u00bb.<\/p>\n<p>&#013;<\/p>\n<p>\u00ab\u00a0Je rends hommage aujourd&rsquo;hui encore \u00e0 nos travailleurs alg\u00e9riens pour l&rsquo;esprit de sacrifice avec lequel ils ont r\u00e9sist\u00e9 durant la trag\u00e9die nationale, face \u00e0 la barbarie du terrorisme destructeur qui a d\u00e9truit des dizaines d&rsquo;usines et fauch\u00e9 des centaines de martyrs du devoir national dans les rangs de la classe ouvri\u00e8re, parmi eux, le chahid Abdelhak Benhamouda, Secr\u00e9taire G\u00e9n\u00e9ral de l&rsquo;UGTA\u00a0\u00bb, a indiqu\u00e9 le pr\u00e9sident de la R\u00e9publique.<\/p>\n<p>&#013;<\/p>\n<p>Saluant les travailleurs pour \u00ab\u00a0l&rsquo;esprit patriotique avec lequel ils ont v\u00e9cu les mesures socialement douloureuses impos\u00e9es \u00e0 notre pays par le programme d&rsquo;ajustement structurel\u00a0\u00bb, M. Bouteflika a relev\u00e9 que \u00ab\u00a0ces sacrifices restent inscrits \u00e0 la gloire de nos travailleurs qui ont eu la satisfaction de voir leurs droits sociaux respect\u00e9s et consacr\u00e9s de nouveau dans la paix restaur\u00e9e et dans le d\u00e9veloppement relanc\u00e9\u00a0\u00bb.<\/p>\n<p>&#013;<\/p>\n<p>\u00a0<\/p>\n<p>&#013;<\/p>\n<p class=\"MsoNormal\">Pour M. Bouteflika, \u00ab\u00a0le syst\u00e8me des conventions de branches, les \u00e9volutions du salaire minimum garanti, la r\u00e9vision du statut g\u00e9n\u00e9ral de la Fonction publique ainsi que sa grille salariale, les avanc\u00e9es enregistr\u00e9es par la m\u00e9decine du travail, et tant d&rsquo;autres progr\u00e8s survenus au b\u00e9n\u00e9fice de nos travailleurs et de nos retrait\u00e9s, sont de surcro\u00eet les fruits du\u00a0 dialogue et de la concertation dans le cadre de la Tripartite qui vient de tenir avec succ\u00e8s, sa 20\u00e8me session, en mars dernier \u00e0 Annaba\u00a0\u00bb.<\/p>\n<\/div>\n<p>&#013;<br \/>\nSource: <a href=\"http:\/\/www.aps.dz\/algerie\/56806-fete-du-travail-le-president-bouteflika-salue-les-sacrifices-des-travailleurs-algeriens-et-loue-le-dialogue-social\" target=\"_blank\">F\u00eate du travail: le pr\u00e9sident Bouteflika salue les sacrifices des travailleurs alg\u00e9riens et loue le dialogue social<\/a><\/p>\n<!--CusAds0-->\n<div style=\"font-size: 0px; height: 0px; line-height: 0px; margin: 0; padding: 0; clear: both;\"><\/div>","protected":false},"excerpt":{"rendered":"<p>TIARET &#8211; Le pr\u00e9sident de la R\u00e9publique, Abdelaziz Bouteflika, a salu\u00e9 lundi les sacrifices des travailleurs alg\u00e9riens dans les diff\u00e9rentes \u00e9tapes travers\u00e9es par le pays, mettant en \u00e9vidence les progr\u00e8s r\u00e9alis\u00e9s dans la prise en charge des attentes des travailleurs ainsi que les vertus du dialogue social. &#013; &#013; Dans un message adress\u00e9 aux travailleurs<\/p>\n","protected":false},"author":6,"featured_media":11286,"comment_status":"open","ping_status":"open","sticky":false,"template":"","format":"standard","meta":{"footnotes":""},"categories":[22],"tags":[93],"class_list":["post-11285","post","type-post","status-publish","format-standard","has-post-thumbnail","hentry","category-infos","tag-onu"],"yoast_head":"<!-- This site is optimized with the Yoast SEO plugin v27.5 - https:\/\/yoast.com\/product\/yoast-seo-wordpress\/ -->\n<title>F\u00eate du travail: le pr\u00e9sident Bouteflika salue les sacrifices des travailleurs alg\u00e9riens et loue le dialogue social - info algerie<\/title>\n<meta name=\"robots\" content=\"index, follow, max-snippet:-1, max-image-preview:large, max-video-preview:-1\" \/>\n<link rel=\"canonical\" href=\"https:\/\/www.info-algerie.com\/actualites\/fete-du-travail-le-president-bouteflika-salue-les-sacrifices-des-travailleurs-algeriens-et-loue-le-dialogue-social\/\" \/>\n<meta property=\"og:locale\" content=\"fr_FR\" \/>\n<meta property=\"og:type\" content=\"article\" \/>\n<meta property=\"og:title\" content=\"F\u00eate du travail: le pr\u00e9sident Bouteflika salue les sacrifices des travailleurs alg\u00e9riens et loue le dialogue social - info algerie\" \/>\n<meta property=\"og:description\" content=\"TIARET &#8211; Le pr\u00e9sident de la R\u00e9publique, Abdelaziz Bouteflika, a salu\u00e9 lundi les sacrifices des travailleurs alg\u00e9riens dans les diff\u00e9rentes \u00e9tapes travers\u00e9es par le pays, mettant en \u00e9vidence les progr\u00e8s r\u00e9alis\u00e9s dans la prise en charge des attentes des travailleurs ainsi que les vertus du dialogue social. &#013; &#013; Dans un message adress\u00e9 aux travailleurs\" \/>\n<meta property=\"og:url\" content=\"https:\/\/www.info-algerie.com\/actualites\/fete-du-travail-le-president-bouteflika-salue-les-sacrifices-des-travailleurs-algeriens-et-loue-le-dialogue-social\/\" \/>\n<meta property=\"og:site_name\" content=\"info algerie\" \/>\n<meta property=\"article:publisher\" content=\"https:\/\/www.facebook.com\/infoalgerieactu\" \/>\n<meta property=\"article:published_time\" content=\"2017-05-01T13:14:07+00:00\" \/>\n<meta property=\"og:image\" content=\"https:\/\/www.info-algerie.com\/actualites\/wp-content\/uploads\/2017\/05\/eec8086928098417496bfa61b9b8c7ba_S-1.jpg\" \/>\n\t<meta property=\"og:image:width\" content=\"280\" \/>\n\t<meta property=\"og:image:height\" content=\"169\" \/>\n\t<meta property=\"og:image:type\" content=\"image\/jpeg\" \/>\n<meta name=\"author\" content=\"La r\u00e9daction\" \/>\n<meta name=\"twitter:label1\" content=\"\u00c9crit par\" \/>\n\t<meta name=\"twitter:data1\" content=\"La r\u00e9daction\" \/>\n\t<meta name=\"twitter:label2\" content=\"Dur\u00e9e de lecture estim\u00e9e\" \/>\n\t<meta name=\"twitter:data2\" content=\"4 minutes\" \/>\n<script type=\"application\/ld+json\" class=\"yoast-schema-graph\">{\"@context\":\"https:\\\/\\\/schema.org\",\"@graph\":[{\"@type\":\"Article\",\"@id\":\"https:\\\/\\\/www.info-algerie.com\\\/actualites\\\/fete-du-travail-le-president-bouteflika-salue-les-sacrifices-des-travailleurs-algeriens-et-loue-le-dialogue-social\\\/#article\",\"isPartOf\":{\"@id\":\"https:\\\/\\\/www.info-algerie.com\\\/actualites\\\/fete-du-travail-le-president-bouteflika-salue-les-sacrifices-des-travailleurs-algeriens-et-loue-le-dialogue-social\\\/\"},\"author\":{\"name\":\"La r\u00e9daction\",\"@id\":\"https:\\\/\\\/www.info-algerie.com\\\/actualites\\\/#\\\/schema\\\/person\\\/847aaec44920825b843a08f30ec6aa1e\"},\"headline\":\"F\u00eate du travail: le pr\u00e9sident Bouteflika salue les sacrifices des travailleurs alg\u00e9riens et loue le dialogue social\",\"datePublished\":\"2017-05-01T13:14:07+00:00\",\"mainEntityOfPage\":{\"@id\":\"https:\\\/\\\/www.info-algerie.com\\\/actualites\\\/fete-du-travail-le-president-bouteflika-salue-les-sacrifices-des-travailleurs-algeriens-et-loue-le-dialogue-social\\\/\"},\"wordCount\":829,\"commentCount\":0,\"publisher\":{\"@id\":\"https:\\\/\\\/www.info-algerie.com\\\/actualites\\\/#organization\"},\"image\":{\"@id\":\"https:\\\/\\\/www.info-algerie.com\\\/actualites\\\/fete-du-travail-le-president-bouteflika-salue-les-sacrifices-des-travailleurs-algeriens-et-loue-le-dialogue-social\\\/#primaryimage\"},\"thumbnailUrl\":\"https:\\\/\\\/www.info-algerie.com\\\/actualites\\\/wp-content\\\/uploads\\\/2017\\\/05\\\/eec8086928098417496bfa61b9b8c7ba_S-1.jpg\",\"keywords\":[\"ONU\"],\"articleSection\":[\"infos\"],\"inLanguage\":\"fr-FR\",\"potentialAction\":[{\"@type\":\"CommentAction\",\"name\":\"Comment\",\"target\":[\"https:\\\/\\\/www.info-algerie.com\\\/actualites\\\/fete-du-travail-le-president-bouteflika-salue-les-sacrifices-des-travailleurs-algeriens-et-loue-le-dialogue-social\\\/#respond\"]}]},{\"@type\":\"WebPage\",\"@id\":\"https:\\\/\\\/www.info-algerie.com\\\/actualites\\\/fete-du-travail-le-president-bouteflika-salue-les-sacrifices-des-travailleurs-algeriens-et-loue-le-dialogue-social\\\/\",\"url\":\"https:\\\/\\\/www.info-algerie.com\\\/actualites\\\/fete-du-travail-le-president-bouteflika-salue-les-sacrifices-des-travailleurs-algeriens-et-loue-le-dialogue-social\\\/\",\"name\":\"F\u00eate du travail: le pr\u00e9sident Bouteflika salue les sacrifices des travailleurs alg\u00e9riens et loue le dialogue social - info algerie\",\"isPartOf\":{\"@id\":\"https:\\\/\\\/www.info-algerie.com\\\/actualites\\\/#website\"},\"primaryImageOfPage\":{\"@id\":\"https:\\\/\\\/www.info-algerie.com\\\/actualites\\\/fete-du-travail-le-president-bouteflika-salue-les-sacrifices-des-travailleurs-algeriens-et-loue-le-dialogue-social\\\/#primaryimage\"},\"image\":{\"@id\":\"https:\\\/\\\/www.info-algerie.com\\\/actualites\\\/fete-du-travail-le-president-bouteflika-salue-les-sacrifices-des-travailleurs-algeriens-et-loue-le-dialogue-social\\\/#primaryimage\"},\"thumbnailUrl\":\"https:\\\/\\\/www.info-algerie.com\\\/actualites\\\/wp-content\\\/uploads\\\/2017\\\/05\\\/eec8086928098417496bfa61b9b8c7ba_S-1.jpg\",\"datePublished\":\"2017-05-01T13:14:07+00:00\",\"breadcrumb\":{\"@id\":\"https:\\\/\\\/www.info-algerie.com\\\/actualites\\\/fete-du-travail-le-president-bouteflika-salue-les-sacrifices-des-travailleurs-algeriens-et-loue-le-dialogue-social\\\/#breadcrumb\"},\"inLanguage\":\"fr-FR\",\"potentialAction\":[{\"@type\":\"ReadAction\",\"target\":[\"https:\\\/\\\/www.info-algerie.com\\\/actualites\\\/fete-du-travail-le-president-bouteflika-salue-les-sacrifices-des-travailleurs-algeriens-et-loue-le-dialogue-social\\\/\"]}]},{\"@type\":\"ImageObject\",\"inLanguage\":\"fr-FR\",\"@id\":\"https:\\\/\\\/www.info-algerie.com\\\/actualites\\\/fete-du-travail-le-president-bouteflika-salue-les-sacrifices-des-travailleurs-algeriens-et-loue-le-dialogue-social\\\/#primaryimage\",\"url\":\"https:\\\/\\\/www.info-algerie.com\\\/actualites\\\/wp-content\\\/uploads\\\/2017\\\/05\\\/eec8086928098417496bfa61b9b8c7ba_S-1.jpg\",\"contentUrl\":\"https:\\\/\\\/www.info-algerie.com\\\/actualites\\\/wp-content\\\/uploads\\\/2017\\\/05\\\/eec8086928098417496bfa61b9b8c7ba_S-1.jpg\",\"width\":280,\"height\":169},{\"@type\":\"BreadcrumbList\",\"@id\":\"https:\\\/\\\/www.info-algerie.com\\\/actualites\\\/fete-du-travail-le-president-bouteflika-salue-les-sacrifices-des-travailleurs-algeriens-et-loue-le-dialogue-social\\\/#breadcrumb\",\"itemListElement\":[{\"@type\":\"ListItem\",\"position\":1,\"name\":\"Accueil\",\"item\":\"https:\\\/\\\/www.info-algerie.com\\\/actualites\\\/\"},{\"@type\":\"ListItem\",\"position\":2,\"name\":\"F\u00eate du travail: le pr\u00e9sident Bouteflika salue les sacrifices des travailleurs alg\u00e9riens et loue le dialogue social\"}]},{\"@type\":\"WebSite\",\"@id\":\"https:\\\/\\\/www.info-algerie.com\\\/actualites\\\/#website\",\"url\":\"https:\\\/\\\/www.info-algerie.com\\\/actualites\\\/\",\"name\":\"info algerie\",\"description\":\"Toutes les actualit\u00e9s\",\"publisher\":{\"@id\":\"https:\\\/\\\/www.info-algerie.com\\\/actualites\\\/#organization\"},\"potentialAction\":[{\"@type\":\"SearchAction\",\"target\":{\"@type\":\"EntryPoint\",\"urlTemplate\":\"https:\\\/\\\/www.info-algerie.com\\\/actualites\\\/?s={search_term_string}\"},\"query-input\":{\"@type\":\"PropertyValueSpecification\",\"valueRequired\":true,\"valueName\":\"search_term_string\"}}],\"inLanguage\":\"fr-FR\"},{\"@type\":\"Organization\",\"@id\":\"https:\\\/\\\/www.info-algerie.com\\\/actualites\\\/#organization\",\"name\":\"info algerie\",\"url\":\"https:\\\/\\\/www.info-algerie.com\\\/actualites\\\/\",\"logo\":{\"@type\":\"ImageObject\",\"inLanguage\":\"fr-FR\",\"@id\":\"https:\\\/\\\/www.info-algerie.com\\\/actualites\\\/#\\\/schema\\\/logo\\\/image\\\/\",\"url\":\"https:\\\/\\\/www.info-algerie.com\\\/actualites\\\/wp-content\\\/uploads\\\/2022\\\/07\\\/logo-ia-120.png\",\"contentUrl\":\"https:\\\/\\\/www.info-algerie.com\\\/actualites\\\/wp-content\\\/uploads\\\/2022\\\/07\\\/logo-ia-120.png\",\"width\":120,\"height\":43,\"caption\":\"info algerie\"},\"image\":{\"@id\":\"https:\\\/\\\/www.info-algerie.com\\\/actualites\\\/#\\\/schema\\\/logo\\\/image\\\/\"},\"sameAs\":[\"https:\\\/\\\/www.facebook.com\\\/infoalgerieactu\",\"https:\\\/\\\/x.com\\\/infoalgerie1\"]},{\"@type\":\"Person\",\"@id\":\"https:\\\/\\\/www.info-algerie.com\\\/actualites\\\/#\\\/schema\\\/person\\\/847aaec44920825b843a08f30ec6aa1e\",\"name\":\"La r\u00e9daction\",\"image\":{\"@type\":\"ImageObject\",\"inLanguage\":\"fr-FR\",\"@id\":\"https:\\\/\\\/secure.gravatar.com\\\/avatar\\\/769db425c6f465158149f1ffd6cf61ce7a8a879d11dfbef8288af36dfddd418c?s=96&d=mm&r=g\",\"url\":\"https:\\\/\\\/secure.gravatar.com\\\/avatar\\\/769db425c6f465158149f1ffd6cf61ce7a8a879d11dfbef8288af36dfddd418c?s=96&d=mm&r=g\",\"contentUrl\":\"https:\\\/\\\/secure.gravatar.com\\\/avatar\\\/769db425c6f465158149f1ffd6cf61ce7a8a879d11dfbef8288af36dfddd418c?s=96&d=mm&r=g\",\"caption\":\"La r\u00e9daction\"},\"sameAs\":[\"http:\\\/\\\/www.lkeria.com\\\/\"],\"url\":\"https:\\\/\\\/www.info-algerie.com\\\/actualites\\\/author\\\/chakib32\\\/\"}]}<\/script>\n<!-- \/ Yoast SEO plugin. -->","yoast_head_json":{"title":"F\u00eate du travail: le pr\u00e9sident Bouteflika salue les sacrifices des travailleurs alg\u00e9riens et loue le dialogue social - info algerie","robots":{"index":"index","follow":"follow","max-snippet":"max-snippet:-1","max-image-preview":"max-image-preview:large","max-video-preview":"max-video-preview:-1"},"canonical":"https:\/\/www.info-algerie.com\/actualites\/fete-du-travail-le-president-bouteflika-salue-les-sacrifices-des-travailleurs-algeriens-et-loue-le-dialogue-social\/","og_locale":"fr_FR","og_type":"article","og_title":"F\u00eate du travail: le pr\u00e9sident Bouteflika salue les sacrifices des travailleurs alg\u00e9riens et loue le dialogue social - info algerie","og_description":"TIARET &#8211; Le pr\u00e9sident de la R\u00e9publique, Abdelaziz Bouteflika, a salu\u00e9 lundi les sacrifices des travailleurs alg\u00e9riens dans les diff\u00e9rentes \u00e9tapes travers\u00e9es par le pays, mettant en \u00e9vidence les progr\u00e8s r\u00e9alis\u00e9s dans la prise en charge des attentes des travailleurs ainsi que les vertus du dialogue social. &#013; &#013; Dans un message adress\u00e9 aux travailleurs","og_url":"https:\/\/www.info-algerie.com\/actualites\/fete-du-travail-le-president-bouteflika-salue-les-sacrifices-des-travailleurs-algeriens-et-loue-le-dialogue-social\/","og_site_name":"info algerie","article_publisher":"https:\/\/www.facebook.com\/infoalgerieactu","article_published_time":"2017-05-01T13:14:07+00:00","og_image":[{"width":280,"height":169,"url":"https:\/\/www.info-algerie.com\/actualites\/wp-content\/uploads\/2017\/05\/eec8086928098417496bfa61b9b8c7ba_S-1.jpg","type":"image\/jpeg"}],"author":"La r\u00e9daction","twitter_misc":{"\u00c9crit par":"La r\u00e9daction","Dur\u00e9e de lecture estim\u00e9e":"4 minutes"},"schema":{"@context":"https:\/\/schema.org","@graph":[{"@type":"Article","@id":"https:\/\/www.info-algerie.com\/actualites\/fete-du-travail-le-president-bouteflika-salue-les-sacrifices-des-travailleurs-algeriens-et-loue-le-dialogue-social\/#article","isPartOf":{"@id":"https:\/\/www.info-algerie.com\/actualites\/fete-du-travail-le-president-bouteflika-salue-les-sacrifices-des-travailleurs-algeriens-et-loue-le-dialogue-social\/"},"author":{"name":"La r\u00e9daction","@id":"https:\/\/www.info-algerie.com\/actualites\/#\/schema\/person\/847aaec44920825b843a08f30ec6aa1e"},"headline":"F\u00eate du travail: le pr\u00e9sident Bouteflika salue les sacrifices des travailleurs alg\u00e9riens et loue le dialogue social","datePublished":"2017-05-01T13:14:07+00:00","mainEntityOfPage":{"@id":"https:\/\/www.info-algerie.com\/actualites\/fete-du-travail-le-president-bouteflika-salue-les-sacrifices-des-travailleurs-algeriens-et-loue-le-dialogue-social\/"},"wordCount":829,"commentCount":0,"publisher":{"@id":"https:\/\/www.info-algerie.com\/actualites\/#organization"},"image":{"@id":"https:\/\/www.info-algerie.com\/actualites\/fete-du-travail-le-president-bouteflika-salue-les-sacrifices-des-travailleurs-algeriens-et-loue-le-dialogue-social\/#primaryimage"},"thumbnailUrl":"https:\/\/www.info-algerie.com\/actualites\/wp-content\/uploads\/2017\/05\/eec8086928098417496bfa61b9b8c7ba_S-1.jpg","keywords":["ONU"],"articleSection":["infos"],"inLanguage":"fr-FR","potentialAction":[{"@type":"CommentAction","name":"Comment","target":["https:\/\/www.info-algerie.com\/actualites\/fete-du-travail-le-president-bouteflika-salue-les-sacrifices-des-travailleurs-algeriens-et-loue-le-dialogue-social\/#respond"]}]},{"@type":"WebPage","@id":"https:\/\/www.info-algerie.com\/actualites\/fete-du-travail-le-president-bouteflika-salue-les-sacrifices-des-travailleurs-algeriens-et-loue-le-dialogue-social\/","url":"https:\/\/www.info-algerie.com\/actualites\/fete-du-travail-le-president-bouteflika-salue-les-sacrifices-des-travailleurs-algeriens-et-loue-le-dialogue-social\/","name":"F\u00eate du travail: le pr\u00e9sident Bouteflika salue les sacrifices des travailleurs alg\u00e9riens et loue le dialogue social - info algerie","isPartOf":{"@id":"https:\/\/www.info-algerie.com\/actualites\/#website"},"primaryImageOfPage":{"@id":"https:\/\/www.info-algerie.com\/actualites\/fete-du-travail-le-president-bouteflika-salue-les-sacrifices-des-travailleurs-algeriens-et-loue-le-dialogue-social\/#primaryimage"},"image":{"@id":"https:\/\/www.info-algerie.com\/actualites\/fete-du-travail-le-president-bouteflika-salue-les-sacrifices-des-travailleurs-algeriens-et-loue-le-dialogue-social\/#primaryimage"},"thumbnailUrl":"https:\/\/www.info-algerie.com\/actualites\/wp-content\/uploads\/2017\/05\/eec8086928098417496bfa61b9b8c7ba_S-1.jpg","datePublished":"2017-05-01T13:14:07+00:00","breadcrumb":{"@id":"https:\/\/www.info-algerie.com\/actualites\/fete-du-travail-le-president-bouteflika-salue-les-sacrifices-des-travailleurs-algeriens-et-loue-le-dialogue-social\/#breadcrumb"},"inLanguage":"fr-FR","potentialAction":[{"@type":"ReadAction","target":["https:\/\/www.info-algerie.com\/actualites\/fete-du-travail-le-president-bouteflika-salue-les-sacrifices-des-travailleurs-algeriens-et-loue-le-dialogue-social\/"]}]},{"@type":"ImageObject","inLanguage":"fr-FR","@id":"https:\/\/www.info-algerie.com\/actualites\/fete-du-travail-le-president-bouteflika-salue-les-sacrifices-des-travailleurs-algeriens-et-loue-le-dialogue-social\/#primaryimage","url":"https:\/\/www.info-algerie.com\/actualites\/wp-content\/uploads\/2017\/05\/eec8086928098417496bfa61b9b8c7ba_S-1.jpg","contentUrl":"https:\/\/www.info-algerie.com\/actualites\/wp-content\/uploads\/2017\/05\/eec8086928098417496bfa61b9b8c7ba_S-1.jpg","width":280,"height":169},{"@type":"BreadcrumbList","@id":"https:\/\/www.info-algerie.com\/actualites\/fete-du-travail-le-president-bouteflika-salue-les-sacrifices-des-travailleurs-algeriens-et-loue-le-dialogue-social\/#breadcrumb","itemListElement":[{"@type":"ListItem","position":1,"name":"Accueil","item":"https:\/\/www.info-algerie.com\/actualites\/"},{"@type":"ListItem","position":2,"name":"F\u00eate du travail: le pr\u00e9sident Bouteflika salue les sacrifices des travailleurs alg\u00e9riens et loue le dialogue social"}]},{"@type":"WebSite","@id":"https:\/\/www.info-algerie.com\/actualites\/#website","url":"https:\/\/www.info-algerie.com\/actualites\/","name":"info algerie","description":"Toutes les actualit\u00e9s","publisher":{"@id":"https:\/\/www.info-algerie.com\/actualites\/#organization"},"potentialAction":[{"@type":"SearchAction","target":{"@type":"EntryPoint","urlTemplate":"https:\/\/www.info-algerie.com\/actualites\/?s={search_term_string}"},"query-input":{"@type":"PropertyValueSpecification","valueRequired":true,"valueName":"search_term_string"}}],"inLanguage":"fr-FR"},{"@type":"Organization","@id":"https:\/\/www.info-algerie.com\/actualites\/#organization","name":"info algerie","url":"https:\/\/www.info-algerie.com\/actualites\/","logo":{"@type":"ImageObject","inLanguage":"fr-FR","@id":"https:\/\/www.info-algerie.com\/actualites\/#\/schema\/logo\/image\/","url":"https:\/\/www.info-algerie.com\/actualites\/wp-content\/uploads\/2022\/07\/logo-ia-120.png","contentUrl":"https:\/\/www.info-algerie.com\/actualites\/wp-content\/uploads\/2022\/07\/logo-ia-120.png","width":120,"height":43,"caption":"info algerie"},"image":{"@id":"https:\/\/www.info-algerie.com\/actualites\/#\/schema\/logo\/image\/"},"sameAs":["https:\/\/www.facebook.com\/infoalgerieactu","https:\/\/x.com\/infoalgerie1"]},{"@type":"Person","@id":"https:\/\/www.info-algerie.com\/actualites\/#\/schema\/person\/847aaec44920825b843a08f30ec6aa1e","name":"La r\u00e9daction","image":{"@type":"ImageObject","inLanguage":"fr-FR","@id":"https:\/\/secure.gravatar.com\/avatar\/769db425c6f465158149f1ffd6cf61ce7a8a879d11dfbef8288af36dfddd418c?s=96&d=mm&r=g","url":"https:\/\/secure.gravatar.com\/avatar\/769db425c6f465158149f1ffd6cf61ce7a8a879d11dfbef8288af36dfddd418c?s=96&d=mm&r=g","contentUrl":"https:\/\/secure.gravatar.com\/avatar\/769db425c6f465158149f1ffd6cf61ce7a8a879d11dfbef8288af36dfddd418c?s=96&d=mm&r=g","caption":"La r\u00e9daction"},"sameAs":["http:\/\/www.lkeria.com\/"],"url":"https:\/\/www.info-algerie.com\/actualites\/author\/chakib32\/"}]}},"_links":{"self":[{"href":"https:\/\/www.info-algerie.com\/actualites\/wp-json\/wp\/v2\/posts\/11285","targetHints":{"allow":["GET"]}}],"collection":[{"href":"https:\/\/www.info-algerie.com\/actualites\/wp-json\/wp\/v2\/posts"}],"about":[{"href":"https:\/\/www.info-algerie.com\/actualites\/wp-json\/wp\/v2\/types\/post"}],"author":[{"embeddable":true,"href":"https:\/\/www.info-algerie.com\/actualites\/wp-json\/wp\/v2\/users\/6"}],"replies":[{"embeddable":true,"href":"https:\/\/www.info-algerie.com\/actualites\/wp-json\/wp\/v2\/comments?post=11285"}],"version-history":[{"count":0,"href":"https:\/\/www.info-algerie.com\/actualites\/wp-json\/wp\/v2\/posts\/11285\/revisions"}],"wp:featuredmedia":[{"embeddable":true,"href":"https:\/\/www.info-algerie.com\/actualites\/wp-json\/wp\/v2\/media\/11286"}],"wp:attachment":[{"href":"https:\/\/www.info-algerie.com\/actualites\/wp-json\/wp\/v2\/media?parent=11285"}],"wp:term":[{"taxonomy":"category","embeddable":true,"href":"https:\/\/www.info-algerie.com\/actualites\/wp-json\/wp\/v2\/categories?post=11285"},{"taxonomy":"post_tag","embeddable":true,"href":"https:\/\/www.info-algerie.com\/actualites\/wp-json\/wp\/v2\/tags?post=11285"}],"curies":[{"name":"wp","href":"https:\/\/api.w.org\/{rel}","templated":true}]}}