{"id":11292,"date":"2017-05-01T14:49:54","date_gmt":"2017-05-01T13:49:54","guid":{"rendered":"http:\/\/www.info-algerie.com\/actualites\/message-du-president-bouteflika-a-loccasion-de-la-fete-internationale-du-travail\/"},"modified":"2017-05-01T14:49:54","modified_gmt":"2017-05-01T13:49:54","slug":"message-du-president-bouteflika-a-loccasion-de-la-fete-internationale-du-travail","status":"publish","type":"post","link":"https:\/\/www.info-algerie.com\/actualites\/message-du-president-bouteflika-a-loccasion-de-la-fete-internationale-du-travail\/","title":{"rendered":"Message du Pr\u00e9sident Bouteflika \u00e0 l&#039;occasion de la F\u00eate internationale du  travail"},"content":{"rendered":"<div class=\"K2FeedImage\"><img decoding=\"async\" src=\"https:\/\/www.info-algerie.com\/actualites\/wp-content\/uploads\/2017\/05\/c6c30fdd979e257ec902dd9f6bc84f50_S.jpg\" alt=\"Message du Pr&#xE9;sident Bouteflika &#xE0; l'occasion de la F&#xEA;te internationale du  travail\" \/><\/div>\n<div class=\"K2FeedIntroText\">\n<p>TIARET- Le pr\u00e9sident de la R\u00e9publique, Abdelaziz\u00a0 Bouteflika, a adress\u00e9, lundi, un message aux travailleurs alg\u00e9riens \u00e0\u00a0 l&rsquo;occasion du 1er mai, F\u00eate internationale du travail, dont voici le texte int\u00e9gral:<\/p>\n<p>&#013;\n<\/p><\/div>\n<div class=\"K2FeedFullText\">&#013;<\/p>\n<p>\u00a0<\/p>\n<p>&#013;<\/p>\n<p><strong>\u00ab\u00a0Mesdames, Messieurs,\u00a0<\/strong><\/p>\n<p>&#013;<\/p>\n<p>\u00a0<\/p>\n<p>&#013;<\/p>\n<p>La c\u00e9l\u00e9bration de la F\u00eate internationale du Travail m&rsquo;offre l&rsquo;agr\u00e9able\u00a0 occasion d&rsquo;adresser mes chaleureuses f\u00e9licitations aux travailleurs et aux\u00a0 travailleuses de notre pays. C&rsquo;est aussi pour moi, l&rsquo;occasion de\u00a0 m&rsquo;incliner, une nouvelle fois, au nom du peuple et en mon nom personnel, \u00e0\u00a0 la m\u00e9moire des chouhada de la Glorieuse R\u00e9volution de Novembre, parmi\u00a0 lesquels furent nombreux nos travailleurs tomb\u00e9s en Alg\u00e9rie ou dans les\u00a0 rangs de notre \u00e9migration.\u00a0\u00a0<\/p>\n<p>&#013;<\/p>\n<p>De fait, les travailleurs ont pris une part active \u00e0 la lutte de\u00a0 lib\u00e9ration nationale, pour laquelle ils se sont fortement mobilis\u00e9s au sein\u00a0 de l&rsquo;Union G\u00e9n\u00e9rale des Travailleurs Alg\u00e9riens, dont des dizaines de milliers d&rsquo;adh\u00e9rents sont tomb\u00e9s en martyrs pour notre ind\u00e9pendance, parmi\u00a0 eux AISSAT IDIR, son Secr\u00e9taire G\u00e9n\u00e9ral.<\/p>\n<p>&#013;<\/p>\n<p>\u00a0Les travailleurs font d&rsquo;ailleurs partie des ultimes martyrs de notre\u00a0 ind\u00e9pendance, \u00e0 l&rsquo;image de dizaines d&rsquo;humbles dockers assassin\u00e9s d&rsquo;une\u00a0 mani\u00e8re barbare le 2 Mai 1962, apr\u00e8s le cessez-le-feu et \u00e0 la veille de la\u00a0 restauration de notre Etat, par les escadrons de la mort de l&rsquo;Organisation\u00a0 arm\u00e9e secr\u00e8te.\u00a0<\/p>\n<p>&#013;<\/p>\n<p>\u00a0<\/p>\n<p>&#013;<\/p>\n<p><strong>Mesdames, Messieurs,\u00a0<\/strong><\/p>\n<p>&#013;<\/p>\n<p>\u00a0<\/p>\n<p>&#013;<\/p>\n<p>La c\u00e9l\u00e9bration de la F\u00eate du Travail comm\u00e9more souvent, \u00e0 travers le\u00a0 monde, les luttes des travailleurs pour leurs droits, et elle s&rsquo;accompagne\u00a0 aujourd&rsquo;hui encore, dans plusieurs pays, de manifestations ou de marches\u00a0 pour revendiquer des droits sociaux.\u00a0<\/p>\n<p>&#013;<\/p>\n<p>Cela ne fut jamais le cas pour nos travailleurs dans l&rsquo;Alg\u00e9rie\u00a0 ind\u00e9pendante et cela est d\u00fb au statut de partenaires \u00e0 part enti\u00e8re d\u00e9volu\u00a0 \u00e0 nos travailleurs.\u00a0<\/p>\n<p>&#013;<\/p>\n<p>En effet, les travailleurs se sont d&#8217;embl\u00e9e mobilis\u00e9s pour la\u00a0 reconstruction d&rsquo;une patrie sinistr\u00e9e par la barbarie coloniale.<\/p>\n<p>&#013;<\/p>\n<p>Ann\u00e9e\u00a0 apr\u00e8s ann\u00e9e, les travailleurs et leurs familles ont b\u00e9n\u00e9fici\u00e9 des fruits du\u00a0 d\u00e9veloppement du pays, en scolarit\u00e9, en sant\u00e9, en logements et autres\u00a0 progr\u00e8s r\u00e9alis\u00e9s.\u00a0<\/p>\n<p>&#013;<\/p>\n<p>Parall\u00e8lement, les choix sociaux de l&rsquo;Alg\u00e9rie souveraine ont pris en\u00a0 charge les attentes des travailleurs, en mati\u00e8re de r\u00e9mun\u00e9ration, de\u00a0 protection et d&rsquo;autres droits sociaux, et les Organisations internationales\u00a0 du travail sont l\u00e0 pour en t\u00e9moigner.\u00a0<\/p>\n<p>&#013;<\/p>\n<p>Ces m\u00eames organisations internationales t\u00e9moigneront aussi que, d\u00e8s\u00a0 l&rsquo;ind\u00e9pendance, notre l\u00e9gislation a instaur\u00e9 l&rsquo;\u00e9galit\u00e9 salariale entre\u00a0 travailleurs et travailleuses, un acquis dans notre pays qui demeure encore\u00a0 un objectif dans plusieurs pays d\u00e9velopp\u00e9s.\u00a0\u00a0<\/p>\n<p>&#013;<\/p>\n<p>\u00a0Confront\u00e9s \u00e0 la crise \u00e9conomique qui a frapp\u00e9 le pays dans les ann\u00e9es\u00a0 1990 du fait de la chute des prix des hydrocarbures, les travailleurs, le\u00a0 patronat et le gouvernement ont solidairement fait face \u00e0 cette situation\u00a0 difficile, par la voie du dialogue, de la concertation et de la n\u00e9gociation\u00a0 au sein de la Tripartite qui est un mod\u00e8le salu\u00e9 mondialement par\u00a0 l&rsquo;Organisation Internationale du Travail.<\/p>\n<p>&#013;<\/p>\n<p>\u00a0Je rends hommage aujourd&rsquo;hui encore \u00e0 nos travailleurs alg\u00e9riens pour\u00a0 l&rsquo;esprit de sacrifice avec lequel ils ont r\u00e9sist\u00e9 durant la Trag\u00e9die\u00a0 nationale, face \u00e0 la barbarie du terrorisme destructeur qui a d\u00e9truit des\u00a0 dizaines d&rsquo;usines et fauch\u00e9 des centaines de martyrs du devoir national\u00a0 dans les rangs de la classe ouvri\u00e8re, parmi eux, le chahid Abdelhak\u00a0 BENHAMOUDA, Secr\u00e9taire G\u00e9n\u00e9ral de l&rsquo;UGTA.\u00a0<\/p>\n<p>&#013;<\/p>\n<p>Je salue \u00e9galement nos travailleurs pour l&rsquo;esprit patriotique avec lequel\u00a0 ils ont v\u00e9cu les mesures socialement douloureuses impos\u00e9es \u00e0 notre pays par\u00a0 le programme d&rsquo;ajustement structurel. Ces sacrifices restent inscrits \u00e0 la\u00a0 gloire de nos travailleurs qui ont eu la satisfaction de voir leurs droits sociaux respect\u00e9s et consacr\u00e9s de nouveau dans la paix restaur\u00e9e et dans le\u00a0 d\u00e9veloppement relanc\u00e9.\u00a0\u00a0<\/p>\n<p>&#013;<\/p>\n<p>En effet, le syst\u00e8me des conventions de branches, les \u00e9volutions du\u00a0 salaire minimum garanti, la r\u00e9vision du statut g\u00e9n\u00e9ral de la Fonction\u00a0 publique ainsi que sa grille salariale, les avanc\u00e9es enregistr\u00e9es par la\u00a0 m\u00e9decine du travail, et tant d&rsquo;autres progr\u00e8s survenus au b\u00e9n\u00e9fice de nos travailleurs et de nos retrait\u00e9s, sont de surcro\u00eet les fruits du dialogue\u00a0 et de la concertation dans le cadre de la Tripartite qui vient de tenir\u00a0 avec succ\u00e8s, sa 20\u00e8me session, le mois dernier \u00e0 Annaba.\u00a0<\/p>\n<p>&#013;<\/p>\n<p>\u00a0<\/p>\n<p>&#013;<\/p>\n<p><strong>Mesdames, Messieurs,\u00a0<\/strong><\/p>\n<p>&#013;<\/p>\n<p>\u00a0<\/p>\n<p>&#013;<\/p>\n<p>Je voudrais saluer le choix fait par l&rsquo;Union G\u00e9n\u00e9rale des Travailleurs\u00a0 Alg\u00e9riens de c\u00e9l\u00e9brer cette ann\u00e9e la F\u00eate du Travail, dans la ville de\u00a0 Tiaret. Cette ville a \u00e9t\u00e9 un haut lieu du Mouvement national. Elle a donn\u00e9\u00a0 aussi son propre cort\u00e8ge de grands dirigeants et de glorieux martyrs de la\u00a0 R\u00e9volution de Novembre.\u00a0<\/p>\n<p>&#013;<\/p>\n<p>Tiaret est \u00e9galement un symbole de l&rsquo;Alg\u00e9rie renaissante qui avance sur la\u00a0 voie du d\u00e9veloppement et du bien-\u00eatre. En effet, comme les autres contr\u00e9es\u00a0 de notre pays, la Wilaya de Tiaret a b\u00e9n\u00e9fici\u00e9 de son lot de r\u00e9alisations\u00a0 publiques dans tous les domaines du d\u00e9veloppement humain, m\u00eame si, sans doute, les demandes ne sont pas totalement satisfaites encore, comme dans\u00a0 le reste du territoire national.\u00a0<\/p>\n<p>&#013;<\/p>\n<p>Mais c&rsquo;est en mati\u00e8re de d\u00e9veloppement \u00e9conomique que Tiaret est un\u00a0 exemple des avanc\u00e9es r\u00e9alis\u00e9es ces derni\u00e8res ann\u00e9es, tout comme cette\u00a0 contr\u00e9e est un motif de validation de nos esp\u00e9rances nationales en ce qui\u00a0 concerne la croissance et le d\u00e9veloppement. De fait, la mise en valeur par\u00a0 nos paysans des terres g\u00e9n\u00e9reuses de la wilaya de Tiaret apporte le\u00a0 t\u00e9moignage de la pertinence du programme national de soutien \u00e0\u00a0 l&rsquo;agriculture que j&rsquo;ai annonc\u00e9 \u00e0 Biskra en f\u00e9vrier 2009, et dont le\u00a0 gouvernement doit pr\u00e9server le contenu, en d\u00e9pit des contraintes\u00a0 budg\u00e9taires, pour ne pas remettre en cause le renouveau agricole en\u00a0 expansion dans tout le pays.\u00a0<\/p>\n<p>&#013;<\/p>\n<p>Mieux encore, Tiaret est \u00e9galement devenue une nouvelle citadelle\u00a0 industrielle, gr\u00e2ce \u00e0 la conjonction des capacit\u00e9s du secteur public\u00a0 \u00e9conomique, de la puissance publique repr\u00e9sent\u00e9e par l&rsquo;Arm\u00e9e Nationale\u00a0 Populaire ainsi que des partenaires \u00e9trangers de grandes r\u00e9f\u00e9rences.\u00a0<\/p>\n<p>&#013;<\/p>\n<p>D&rsquo;ailleurs, le p\u00f4le m\u00e9canique de BOUCHEKIF se d\u00e9veloppera davantage gr\u00e2ce\u00a0 \u00e0 l&rsquo;apport d&rsquo;autres partenariats conclus et parfois m\u00eame d\u00e9j\u00e0 lanc\u00e9s, par\u00a0 des investisseurs priv\u00e9s nationaux avec des partenaires \u00e9trangers. En\u00a0 outre, Tiaret sera renforc\u00e9e, \u00e0 court terme, par l&rsquo;apport d&rsquo;une raffinerie\u00a0 d&rsquo;hydrocarbures.\u00a0<\/p>\n<p>&#013;<\/p>\n<p>Toutes ces r\u00e9alisations rentabiliseront davantage l&rsquo;important r\u00e9seau\u00a0 d&rsquo;infrastructures routi\u00e8res et ferroviaires qui d\u00e9bouchent dans la wilaya\u00a0 de Tiaret, \u00e0 l&rsquo;image de la rocade et de la voie ferr\u00e9e des Hauts Plateaux,\u00a0 de l&rsquo;a\u00e9roport, et des p\u00e9n\u00e9trantes ferroviaires et autorouti\u00e8res vers nos\u00a0 ports.\u00a0<\/p>\n<p>&#013;<\/p>\n<p>\u00a0<\/p>\n<p>&#013;<\/p>\n<p><strong>Mesdames, Messieurs,\u00a0<\/strong><\/p>\n<p>&#013;<\/p>\n<p>\u00a0<\/p>\n<p>&#013;<\/p>\n<p>Les avanc\u00e9es enregistr\u00e9es \u00e0 Tiaret dans tous les domaines du d\u00e9veloppement\u00a0 ne sont qu&rsquo;un exemple de tout ce qui se r\u00e9alise, ann\u00e9e apr\u00e8s ann\u00e9e \u00e0\u00a0 travers toutes les autres wilayas du pays, et vous, les travailleurs, avez\u00a0 \u00e9t\u00e9 les t\u00e9moins car ces avanc\u00e9es sont le fruit de votre labeur.\u00a0<\/p>\n<p>&#013;<\/p>\n<p>Ces progr\u00e8s, certes encore insuffisants, sont une source d&rsquo;espoir pour\u00a0 tout notre peuple, de courage pour redoubler d&rsquo;efforts afin de surmonter la\u00a0 nouvelle crise financi\u00e8re induite par la chute des prix du p\u00e9trole, et pour\u00a0 rejoindre le peloton des pays \u00e9mergents.<\/p>\n<p>&#013;<\/p>\n<p>\u00a0L&rsquo;Alg\u00e9rie poss\u00e8de les moyens des avanc\u00e9es qu&rsquo;elle doit encore accomplir,\u00a0 et je l&rsquo;ai souvent r\u00e9p\u00e9t\u00e9 ces derniers temps. L&rsquo;Alg\u00e9rie interpelle ses\u00a0 enfants pour mettre davantage en valeur ses atouts r\u00e9els, et les\u00a0 travailleurs et les travailleuses sont de nouveau interpell\u00e9s par ce\u00a0 nouveau d\u00e9fi.\u00a0<\/p>\n<p>&#013;<\/p>\n<p>Ce d\u00e9fi exige la pr\u00e9servation de la paix sociale dans les entreprises et\u00a0 dans tous les espaces de travail afin que les efforts investis produisent\u00a0 tous leurs r\u00e9sultats en modernisation de l&rsquo;outil de production et en\u00a0 progr\u00e8s dans les r\u00e9formes de l&rsquo;environnement \u00e9conomique.\u00a0<\/p>\n<p>&#013;<\/p>\n<p>Ce d\u00e9fi exige aussi l&rsquo;am\u00e9lioration de notre productivit\u00e9 et de notre\u00a0 comp\u00e9titivit\u00e9 \u00e9conomique de sorte que nos entreprises r\u00e9sistent localement\u00a0 \u00e0 la concurrence ext\u00e9rieure et que notre production parte \u00e0 la conqu\u00eate de\u00a0 march\u00e9s ext\u00e9rieurs.\u00a0<\/p>\n<p>&#013;<\/p>\n<p>Ce d\u00e9fi exige \u00e9galement du patronat local de se mobiliser, aujourd&rsquo;hui\u00a0 plus que jamais, pour accro\u00eetre l&rsquo;investissement dans tous les secteurs et\u00a0 le d\u00e9ployer ainsi, \u00e0 travers tout le territoire national.\u00a0<\/p>\n<p>&#013;<\/p>\n<p>L&rsquo;Etat est d\u00e9termin\u00e9 \u00e0 accompagner la promotion de l&rsquo;investissement\u00a0 national, et en partenariat par son soutien multiforme et par\u00a0 l&rsquo;am\u00e9lioration de l&rsquo;environnement \u00e9conomique.\u00a0<\/p>\n<p>&#013;<\/p>\n<p>Ce d\u00e9fi exige enfin que les pouvoirs publics pr\u00e9servent le pouvoir d&rsquo;achat\u00a0 des citoyens par une action r\u00e9solue contre toutes les formes de sp\u00e9culation\u00a0 qui se manifestent sur le march\u00e9. C&rsquo;est donc sur cette note d&rsquo;espoir\u00a0 l\u00e9gitime que je conclue ce message en renouvelant mes f\u00e9licitations aux\u00a0 travailleurs et aux travailleuses.\u00a0<\/p>\n<p>&#013;<\/p>\n<p>Je vous remercie\u00a0\u00bb.<\/p>\n<\/div>\n<p>&#013;<br \/>\nSource: <a href=\"http:\/\/www.aps.dz\/algerie\/56811-message-du-president-bouteflika-a-l-occasion-de-la-fete-internationale-du-travail\" target=\"_blank\">Message du Pr\u00e9sident Bouteflika \u00e0 l&rsquo;occasion de la F\u00eate internationale du  travail<\/a><\/p>\n<!--CusAds0-->\n<div style=\"font-size: 0px; height: 0px; line-height: 0px; margin: 0; padding: 0; clear: both;\"><\/div>","protected":false},"excerpt":{"rendered":"<p>TIARET- Le pr\u00e9sident de la R\u00e9publique, Abdelaziz\u00a0 Bouteflika, a adress\u00e9, lundi, un message aux travailleurs alg\u00e9riens \u00e0\u00a0 l&rsquo;occasion du 1er mai, F\u00eate internationale du travail, dont voici le texte int\u00e9gral: &#013; &#013; \u00a0 &#013; \u00ab\u00a0Mesdames, Messieurs,\u00a0 &#013; \u00a0 &#013; La c\u00e9l\u00e9bration de la F\u00eate internationale du Travail m&rsquo;offre l&rsquo;agr\u00e9able\u00a0 occasion d&rsquo;adresser mes chaleureuses f\u00e9licitations aux<\/p>\n","protected":false},"author":6,"featured_media":11293,"comment_status":"open","ping_status":"open","sticky":false,"template":"","format":"standard","meta":{"footnotes":""},"categories":[22],"tags":[93],"class_list":["post-11292","post","type-post","status-publish","format-standard","has-post-thumbnail","hentry","category-infos","tag-onu"],"yoast_head":"<!-- This site is optimized with the Yoast SEO plugin v27.5 - https:\/\/yoast.com\/product\/yoast-seo-wordpress\/ -->\n<title>Message du Pr\u00e9sident Bouteflika \u00e0 l&#039;occasion de la F\u00eate internationale du travail - info algerie<\/title>\n<meta name=\"robots\" content=\"index, follow, max-snippet:-1, max-image-preview:large, max-video-preview:-1\" \/>\n<link rel=\"canonical\" href=\"https:\/\/www.info-algerie.com\/actualites\/message-du-president-bouteflika-a-loccasion-de-la-fete-internationale-du-travail\/\" \/>\n<meta property=\"og:locale\" content=\"fr_FR\" \/>\n<meta property=\"og:type\" content=\"article\" \/>\n<meta property=\"og:title\" content=\"Message du Pr\u00e9sident Bouteflika \u00e0 l&#039;occasion de la F\u00eate internationale du travail - info algerie\" \/>\n<meta property=\"og:description\" content=\"TIARET- Le pr\u00e9sident de la R\u00e9publique, Abdelaziz\u00a0 Bouteflika, a adress\u00e9, lundi, un message aux travailleurs alg\u00e9riens \u00e0\u00a0 l&rsquo;occasion du 1er mai, F\u00eate internationale du travail, dont voici le texte int\u00e9gral: &#013; &#013; \u00a0 &#013; \u00ab\u00a0Mesdames, Messieurs,\u00a0 &#013; \u00a0 &#013; La c\u00e9l\u00e9bration de la F\u00eate internationale du Travail m&rsquo;offre l&rsquo;agr\u00e9able\u00a0 occasion d&rsquo;adresser mes chaleureuses f\u00e9licitations aux\" \/>\n<meta property=\"og:url\" content=\"https:\/\/www.info-algerie.com\/actualites\/message-du-president-bouteflika-a-loccasion-de-la-fete-internationale-du-travail\/\" \/>\n<meta property=\"og:site_name\" content=\"info algerie\" \/>\n<meta property=\"article:publisher\" content=\"https:\/\/www.facebook.com\/infoalgerieactu\" \/>\n<meta property=\"article:published_time\" content=\"2017-05-01T13:49:54+00:00\" \/>\n<meta property=\"og:image\" content=\"https:\/\/www.info-algerie.com\/actualites\/wp-content\/uploads\/2017\/05\/c6c30fdd979e257ec902dd9f6bc84f50_S-1.jpg\" \/>\n\t<meta property=\"og:image:width\" content=\"280\" \/>\n\t<meta property=\"og:image:height\" content=\"172\" \/>\n\t<meta property=\"og:image:type\" content=\"image\/jpeg\" \/>\n<meta name=\"author\" content=\"La r\u00e9daction\" \/>\n<meta name=\"twitter:label1\" content=\"\u00c9crit par\" \/>\n\t<meta name=\"twitter:data1\" content=\"La r\u00e9daction\" \/>\n\t<meta name=\"twitter:label2\" content=\"Dur\u00e9e de lecture estim\u00e9e\" \/>\n\t<meta name=\"twitter:data2\" content=\"8 minutes\" \/>\n<script type=\"application\/ld+json\" class=\"yoast-schema-graph\">{\"@context\":\"https:\\\/\\\/schema.org\",\"@graph\":[{\"@type\":\"Article\",\"@id\":\"https:\\\/\\\/www.info-algerie.com\\\/actualites\\\/message-du-president-bouteflika-a-loccasion-de-la-fete-internationale-du-travail\\\/#article\",\"isPartOf\":{\"@id\":\"https:\\\/\\\/www.info-algerie.com\\\/actualites\\\/message-du-president-bouteflika-a-loccasion-de-la-fete-internationale-du-travail\\\/\"},\"author\":{\"name\":\"La r\u00e9daction\",\"@id\":\"https:\\\/\\\/www.info-algerie.com\\\/actualites\\\/#\\\/schema\\\/person\\\/847aaec44920825b843a08f30ec6aa1e\"},\"headline\":\"Message du Pr\u00e9sident Bouteflika \u00e0 l&#039;occasion de la F\u00eate internationale du travail\",\"datePublished\":\"2017-05-01T13:49:54+00:00\",\"mainEntityOfPage\":{\"@id\":\"https:\\\/\\\/www.info-algerie.com\\\/actualites\\\/message-du-president-bouteflika-a-loccasion-de-la-fete-internationale-du-travail\\\/\"},\"wordCount\":1581,\"commentCount\":0,\"publisher\":{\"@id\":\"https:\\\/\\\/www.info-algerie.com\\\/actualites\\\/#organization\"},\"image\":{\"@id\":\"https:\\\/\\\/www.info-algerie.com\\\/actualites\\\/message-du-president-bouteflika-a-loccasion-de-la-fete-internationale-du-travail\\\/#primaryimage\"},\"thumbnailUrl\":\"https:\\\/\\\/www.info-algerie.com\\\/actualites\\\/wp-content\\\/uploads\\\/2017\\\/05\\\/c6c30fdd979e257ec902dd9f6bc84f50_S-1.jpg\",\"keywords\":[\"ONU\"],\"articleSection\":[\"infos\"],\"inLanguage\":\"fr-FR\",\"potentialAction\":[{\"@type\":\"CommentAction\",\"name\":\"Comment\",\"target\":[\"https:\\\/\\\/www.info-algerie.com\\\/actualites\\\/message-du-president-bouteflika-a-loccasion-de-la-fete-internationale-du-travail\\\/#respond\"]}]},{\"@type\":\"WebPage\",\"@id\":\"https:\\\/\\\/www.info-algerie.com\\\/actualites\\\/message-du-president-bouteflika-a-loccasion-de-la-fete-internationale-du-travail\\\/\",\"url\":\"https:\\\/\\\/www.info-algerie.com\\\/actualites\\\/message-du-president-bouteflika-a-loccasion-de-la-fete-internationale-du-travail\\\/\",\"name\":\"Message du Pr\u00e9sident Bouteflika \u00e0 l&#039;occasion de la F\u00eate internationale du travail - info algerie\",\"isPartOf\":{\"@id\":\"https:\\\/\\\/www.info-algerie.com\\\/actualites\\\/#website\"},\"primaryImageOfPage\":{\"@id\":\"https:\\\/\\\/www.info-algerie.com\\\/actualites\\\/message-du-president-bouteflika-a-loccasion-de-la-fete-internationale-du-travail\\\/#primaryimage\"},\"image\":{\"@id\":\"https:\\\/\\\/www.info-algerie.com\\\/actualites\\\/message-du-president-bouteflika-a-loccasion-de-la-fete-internationale-du-travail\\\/#primaryimage\"},\"thumbnailUrl\":\"https:\\\/\\\/www.info-algerie.com\\\/actualites\\\/wp-content\\\/uploads\\\/2017\\\/05\\\/c6c30fdd979e257ec902dd9f6bc84f50_S-1.jpg\",\"datePublished\":\"2017-05-01T13:49:54+00:00\",\"breadcrumb\":{\"@id\":\"https:\\\/\\\/www.info-algerie.com\\\/actualites\\\/message-du-president-bouteflika-a-loccasion-de-la-fete-internationale-du-travail\\\/#breadcrumb\"},\"inLanguage\":\"fr-FR\",\"potentialAction\":[{\"@type\":\"ReadAction\",\"target\":[\"https:\\\/\\\/www.info-algerie.com\\\/actualites\\\/message-du-president-bouteflika-a-loccasion-de-la-fete-internationale-du-travail\\\/\"]}]},{\"@type\":\"ImageObject\",\"inLanguage\":\"fr-FR\",\"@id\":\"https:\\\/\\\/www.info-algerie.com\\\/actualites\\\/message-du-president-bouteflika-a-loccasion-de-la-fete-internationale-du-travail\\\/#primaryimage\",\"url\":\"https:\\\/\\\/www.info-algerie.com\\\/actualites\\\/wp-content\\\/uploads\\\/2017\\\/05\\\/c6c30fdd979e257ec902dd9f6bc84f50_S-1.jpg\",\"contentUrl\":\"https:\\\/\\\/www.info-algerie.com\\\/actualites\\\/wp-content\\\/uploads\\\/2017\\\/05\\\/c6c30fdd979e257ec902dd9f6bc84f50_S-1.jpg\",\"width\":280,\"height\":172},{\"@type\":\"BreadcrumbList\",\"@id\":\"https:\\\/\\\/www.info-algerie.com\\\/actualites\\\/message-du-president-bouteflika-a-loccasion-de-la-fete-internationale-du-travail\\\/#breadcrumb\",\"itemListElement\":[{\"@type\":\"ListItem\",\"position\":1,\"name\":\"Accueil\",\"item\":\"https:\\\/\\\/www.info-algerie.com\\\/actualites\\\/\"},{\"@type\":\"ListItem\",\"position\":2,\"name\":\"Message du Pr\u00e9sident Bouteflika \u00e0 l&#039;occasion de la F\u00eate internationale du travail\"}]},{\"@type\":\"WebSite\",\"@id\":\"https:\\\/\\\/www.info-algerie.com\\\/actualites\\\/#website\",\"url\":\"https:\\\/\\\/www.info-algerie.com\\\/actualites\\\/\",\"name\":\"info algerie\",\"description\":\"Toutes les actualit\u00e9s\",\"publisher\":{\"@id\":\"https:\\\/\\\/www.info-algerie.com\\\/actualites\\\/#organization\"},\"potentialAction\":[{\"@type\":\"SearchAction\",\"target\":{\"@type\":\"EntryPoint\",\"urlTemplate\":\"https:\\\/\\\/www.info-algerie.com\\\/actualites\\\/?s={search_term_string}\"},\"query-input\":{\"@type\":\"PropertyValueSpecification\",\"valueRequired\":true,\"valueName\":\"search_term_string\"}}],\"inLanguage\":\"fr-FR\"},{\"@type\":\"Organization\",\"@id\":\"https:\\\/\\\/www.info-algerie.com\\\/actualites\\\/#organization\",\"name\":\"info algerie\",\"url\":\"https:\\\/\\\/www.info-algerie.com\\\/actualites\\\/\",\"logo\":{\"@type\":\"ImageObject\",\"inLanguage\":\"fr-FR\",\"@id\":\"https:\\\/\\\/www.info-algerie.com\\\/actualites\\\/#\\\/schema\\\/logo\\\/image\\\/\",\"url\":\"https:\\\/\\\/www.info-algerie.com\\\/actualites\\\/wp-content\\\/uploads\\\/2022\\\/07\\\/logo-ia-120.png\",\"contentUrl\":\"https:\\\/\\\/www.info-algerie.com\\\/actualites\\\/wp-content\\\/uploads\\\/2022\\\/07\\\/logo-ia-120.png\",\"width\":120,\"height\":43,\"caption\":\"info algerie\"},\"image\":{\"@id\":\"https:\\\/\\\/www.info-algerie.com\\\/actualites\\\/#\\\/schema\\\/logo\\\/image\\\/\"},\"sameAs\":[\"https:\\\/\\\/www.facebook.com\\\/infoalgerieactu\",\"https:\\\/\\\/x.com\\\/infoalgerie1\"]},{\"@type\":\"Person\",\"@id\":\"https:\\\/\\\/www.info-algerie.com\\\/actualites\\\/#\\\/schema\\\/person\\\/847aaec44920825b843a08f30ec6aa1e\",\"name\":\"La r\u00e9daction\",\"image\":{\"@type\":\"ImageObject\",\"inLanguage\":\"fr-FR\",\"@id\":\"https:\\\/\\\/secure.gravatar.com\\\/avatar\\\/769db425c6f465158149f1ffd6cf61ce7a8a879d11dfbef8288af36dfddd418c?s=96&d=mm&r=g\",\"url\":\"https:\\\/\\\/secure.gravatar.com\\\/avatar\\\/769db425c6f465158149f1ffd6cf61ce7a8a879d11dfbef8288af36dfddd418c?s=96&d=mm&r=g\",\"contentUrl\":\"https:\\\/\\\/secure.gravatar.com\\\/avatar\\\/769db425c6f465158149f1ffd6cf61ce7a8a879d11dfbef8288af36dfddd418c?s=96&d=mm&r=g\",\"caption\":\"La r\u00e9daction\"},\"sameAs\":[\"http:\\\/\\\/www.lkeria.com\\\/\"],\"url\":\"https:\\\/\\\/www.info-algerie.com\\\/actualites\\\/author\\\/chakib32\\\/\"}]}<\/script>\n<!-- \/ Yoast SEO plugin. -->","yoast_head_json":{"title":"Message du Pr\u00e9sident Bouteflika \u00e0 l&#039;occasion de la F\u00eate internationale du travail - info algerie","robots":{"index":"index","follow":"follow","max-snippet":"max-snippet:-1","max-image-preview":"max-image-preview:large","max-video-preview":"max-video-preview:-1"},"canonical":"https:\/\/www.info-algerie.com\/actualites\/message-du-president-bouteflika-a-loccasion-de-la-fete-internationale-du-travail\/","og_locale":"fr_FR","og_type":"article","og_title":"Message du Pr\u00e9sident Bouteflika \u00e0 l&#039;occasion de la F\u00eate internationale du travail - info algerie","og_description":"TIARET- Le pr\u00e9sident de la R\u00e9publique, Abdelaziz\u00a0 Bouteflika, a adress\u00e9, lundi, un message aux travailleurs alg\u00e9riens \u00e0\u00a0 l&rsquo;occasion du 1er mai, F\u00eate internationale du travail, dont voici le texte int\u00e9gral: &#013; &#013; \u00a0 &#013; \u00ab\u00a0Mesdames, Messieurs,\u00a0 &#013; \u00a0 &#013; La c\u00e9l\u00e9bration de la F\u00eate internationale du Travail m&rsquo;offre l&rsquo;agr\u00e9able\u00a0 occasion d&rsquo;adresser mes chaleureuses f\u00e9licitations aux","og_url":"https:\/\/www.info-algerie.com\/actualites\/message-du-president-bouteflika-a-loccasion-de-la-fete-internationale-du-travail\/","og_site_name":"info algerie","article_publisher":"https:\/\/www.facebook.com\/infoalgerieactu","article_published_time":"2017-05-01T13:49:54+00:00","og_image":[{"width":280,"height":172,"url":"https:\/\/www.info-algerie.com\/actualites\/wp-content\/uploads\/2017\/05\/c6c30fdd979e257ec902dd9f6bc84f50_S-1.jpg","type":"image\/jpeg"}],"author":"La r\u00e9daction","twitter_misc":{"\u00c9crit par":"La r\u00e9daction","Dur\u00e9e de lecture estim\u00e9e":"8 minutes"},"schema":{"@context":"https:\/\/schema.org","@graph":[{"@type":"Article","@id":"https:\/\/www.info-algerie.com\/actualites\/message-du-president-bouteflika-a-loccasion-de-la-fete-internationale-du-travail\/#article","isPartOf":{"@id":"https:\/\/www.info-algerie.com\/actualites\/message-du-president-bouteflika-a-loccasion-de-la-fete-internationale-du-travail\/"},"author":{"name":"La r\u00e9daction","@id":"https:\/\/www.info-algerie.com\/actualites\/#\/schema\/person\/847aaec44920825b843a08f30ec6aa1e"},"headline":"Message du Pr\u00e9sident Bouteflika \u00e0 l&#039;occasion de la F\u00eate internationale du travail","datePublished":"2017-05-01T13:49:54+00:00","mainEntityOfPage":{"@id":"https:\/\/www.info-algerie.com\/actualites\/message-du-president-bouteflika-a-loccasion-de-la-fete-internationale-du-travail\/"},"wordCount":1581,"commentCount":0,"publisher":{"@id":"https:\/\/www.info-algerie.com\/actualites\/#organization"},"image":{"@id":"https:\/\/www.info-algerie.com\/actualites\/message-du-president-bouteflika-a-loccasion-de-la-fete-internationale-du-travail\/#primaryimage"},"thumbnailUrl":"https:\/\/www.info-algerie.com\/actualites\/wp-content\/uploads\/2017\/05\/c6c30fdd979e257ec902dd9f6bc84f50_S-1.jpg","keywords":["ONU"],"articleSection":["infos"],"inLanguage":"fr-FR","potentialAction":[{"@type":"CommentAction","name":"Comment","target":["https:\/\/www.info-algerie.com\/actualites\/message-du-president-bouteflika-a-loccasion-de-la-fete-internationale-du-travail\/#respond"]}]},{"@type":"WebPage","@id":"https:\/\/www.info-algerie.com\/actualites\/message-du-president-bouteflika-a-loccasion-de-la-fete-internationale-du-travail\/","url":"https:\/\/www.info-algerie.com\/actualites\/message-du-president-bouteflika-a-loccasion-de-la-fete-internationale-du-travail\/","name":"Message du Pr\u00e9sident Bouteflika \u00e0 l&#039;occasion de la F\u00eate internationale du travail - info algerie","isPartOf":{"@id":"https:\/\/www.info-algerie.com\/actualites\/#website"},"primaryImageOfPage":{"@id":"https:\/\/www.info-algerie.com\/actualites\/message-du-president-bouteflika-a-loccasion-de-la-fete-internationale-du-travail\/#primaryimage"},"image":{"@id":"https:\/\/www.info-algerie.com\/actualites\/message-du-president-bouteflika-a-loccasion-de-la-fete-internationale-du-travail\/#primaryimage"},"thumbnailUrl":"https:\/\/www.info-algerie.com\/actualites\/wp-content\/uploads\/2017\/05\/c6c30fdd979e257ec902dd9f6bc84f50_S-1.jpg","datePublished":"2017-05-01T13:49:54+00:00","breadcrumb":{"@id":"https:\/\/www.info-algerie.com\/actualites\/message-du-president-bouteflika-a-loccasion-de-la-fete-internationale-du-travail\/#breadcrumb"},"inLanguage":"fr-FR","potentialAction":[{"@type":"ReadAction","target":["https:\/\/www.info-algerie.com\/actualites\/message-du-president-bouteflika-a-loccasion-de-la-fete-internationale-du-travail\/"]}]},{"@type":"ImageObject","inLanguage":"fr-FR","@id":"https:\/\/www.info-algerie.com\/actualites\/message-du-president-bouteflika-a-loccasion-de-la-fete-internationale-du-travail\/#primaryimage","url":"https:\/\/www.info-algerie.com\/actualites\/wp-content\/uploads\/2017\/05\/c6c30fdd979e257ec902dd9f6bc84f50_S-1.jpg","contentUrl":"https:\/\/www.info-algerie.com\/actualites\/wp-content\/uploads\/2017\/05\/c6c30fdd979e257ec902dd9f6bc84f50_S-1.jpg","width":280,"height":172},{"@type":"BreadcrumbList","@id":"https:\/\/www.info-algerie.com\/actualites\/message-du-president-bouteflika-a-loccasion-de-la-fete-internationale-du-travail\/#breadcrumb","itemListElement":[{"@type":"ListItem","position":1,"name":"Accueil","item":"https:\/\/www.info-algerie.com\/actualites\/"},{"@type":"ListItem","position":2,"name":"Message du Pr\u00e9sident Bouteflika \u00e0 l&#039;occasion de la F\u00eate internationale du travail"}]},{"@type":"WebSite","@id":"https:\/\/www.info-algerie.com\/actualites\/#website","url":"https:\/\/www.info-algerie.com\/actualites\/","name":"info algerie","description":"Toutes les actualit\u00e9s","publisher":{"@id":"https:\/\/www.info-algerie.com\/actualites\/#organization"},"potentialAction":[{"@type":"SearchAction","target":{"@type":"EntryPoint","urlTemplate":"https:\/\/www.info-algerie.com\/actualites\/?s={search_term_string}"},"query-input":{"@type":"PropertyValueSpecification","valueRequired":true,"valueName":"search_term_string"}}],"inLanguage":"fr-FR"},{"@type":"Organization","@id":"https:\/\/www.info-algerie.com\/actualites\/#organization","name":"info algerie","url":"https:\/\/www.info-algerie.com\/actualites\/","logo":{"@type":"ImageObject","inLanguage":"fr-FR","@id":"https:\/\/www.info-algerie.com\/actualites\/#\/schema\/logo\/image\/","url":"https:\/\/www.info-algerie.com\/actualites\/wp-content\/uploads\/2022\/07\/logo-ia-120.png","contentUrl":"https:\/\/www.info-algerie.com\/actualites\/wp-content\/uploads\/2022\/07\/logo-ia-120.png","width":120,"height":43,"caption":"info algerie"},"image":{"@id":"https:\/\/www.info-algerie.com\/actualites\/#\/schema\/logo\/image\/"},"sameAs":["https:\/\/www.facebook.com\/infoalgerieactu","https:\/\/x.com\/infoalgerie1"]},{"@type":"Person","@id":"https:\/\/www.info-algerie.com\/actualites\/#\/schema\/person\/847aaec44920825b843a08f30ec6aa1e","name":"La r\u00e9daction","image":{"@type":"ImageObject","inLanguage":"fr-FR","@id":"https:\/\/secure.gravatar.com\/avatar\/769db425c6f465158149f1ffd6cf61ce7a8a879d11dfbef8288af36dfddd418c?s=96&d=mm&r=g","url":"https:\/\/secure.gravatar.com\/avatar\/769db425c6f465158149f1ffd6cf61ce7a8a879d11dfbef8288af36dfddd418c?s=96&d=mm&r=g","contentUrl":"https:\/\/secure.gravatar.com\/avatar\/769db425c6f465158149f1ffd6cf61ce7a8a879d11dfbef8288af36dfddd418c?s=96&d=mm&r=g","caption":"La r\u00e9daction"},"sameAs":["http:\/\/www.lkeria.com\/"],"url":"https:\/\/www.info-algerie.com\/actualites\/author\/chakib32\/"}]}},"_links":{"self":[{"href":"https:\/\/www.info-algerie.com\/actualites\/wp-json\/wp\/v2\/posts\/11292","targetHints":{"allow":["GET"]}}],"collection":[{"href":"https:\/\/www.info-algerie.com\/actualites\/wp-json\/wp\/v2\/posts"}],"about":[{"href":"https:\/\/www.info-algerie.com\/actualites\/wp-json\/wp\/v2\/types\/post"}],"author":[{"embeddable":true,"href":"https:\/\/www.info-algerie.com\/actualites\/wp-json\/wp\/v2\/users\/6"}],"replies":[{"embeddable":true,"href":"https:\/\/www.info-algerie.com\/actualites\/wp-json\/wp\/v2\/comments?post=11292"}],"version-history":[{"count":0,"href":"https:\/\/www.info-algerie.com\/actualites\/wp-json\/wp\/v2\/posts\/11292\/revisions"}],"wp:featuredmedia":[{"embeddable":true,"href":"https:\/\/www.info-algerie.com\/actualites\/wp-json\/wp\/v2\/media\/11293"}],"wp:attachment":[{"href":"https:\/\/www.info-algerie.com\/actualites\/wp-json\/wp\/v2\/media?parent=11292"}],"wp:term":[{"taxonomy":"category","embeddable":true,"href":"https:\/\/www.info-algerie.com\/actualites\/wp-json\/wp\/v2\/categories?post=11292"},{"taxonomy":"post_tag","embeddable":true,"href":"https:\/\/www.info-algerie.com\/actualites\/wp-json\/wp\/v2\/tags?post=11292"}],"curies":[{"name":"wp","href":"https:\/\/api.w.org\/{rel}","templated":true}]}}