{"id":11298,"date":"2017-05-01T15:47:30","date_gmt":"2017-05-01T14:47:30","guid":{"rendered":"http:\/\/www.info-algerie.com\/actualites\/les-algeriens-de-belgique-esperent-faire-un-bon-choix\/"},"modified":"2017-05-01T15:47:30","modified_gmt":"2017-05-01T14:47:30","slug":"les-algeriens-de-belgique-esperent-faire-un-bon-choix","status":"publish","type":"post","link":"https:\/\/www.info-algerie.com\/actualites\/les-algeriens-de-belgique-esperent-faire-un-bon-choix\/","title":{"rendered":"Les Alg\u00e9riens de Belgique esp\u00e8rent faire &quot;un bon choix&quot;"},"content":{"rendered":"<div class=\"K2FeedIntroText\">\n<p>BRUXELLES- Les Alg\u00e9riens de Belgique ont continu\u00e9 lundi\u00a0 d&rsquo;affluer aux six bureaux de vote ouverts pour recueillir les suffrages des\u00a0 17.298 \u00e9lecteurs que compte la circonscription consulaire avec l&rsquo;espoir de\u00a0 \u00ab\u00a0faire le bon choix\u00a0\u00bb pour \u00e9lire leurs repr\u00e9sentants \u00e0 l&rsquo;Assembl\u00e9e populaire\u00a0 nationale.<\/p>\n<p>&#013;\n<\/p><\/div>\n<div class=\"K2FeedFullText\">&#013;<\/p>\n<p>D\u00e9\u00e7us d&rsquo;une campagne \u00e9lectorale quasi-absente, les Alg\u00e9riens install\u00e9s en\u00a0 Belgique et au Grand Duch\u00e9 du Luxembourg ont cherch\u00e9 surtout \u00e0 \u00ab\u00a0\u00e9viter de\u00a0 faire le mauvais le choix\u00a0\u00bb en accordant leur voix \u00e0 \u00ab\u00a0un inconnu\u00a0\u00bb.<\/p>\n<p>&#013;<\/p>\n<p>\u00ab\u00a0Faute d&rsquo;avoir rencontr\u00e9 les candidats qui ont pr\u00e9f\u00e9r\u00e9 mener leur campagne\u00a0 \u00e0 travers les r\u00e9seaux sociaux et autres moyens de communications\u00a0 qu&rsquo;offrent, aujourd&rsquo;hui, les nouvelles technologies, j&rsquo;ai d\u00e9cid\u00e9 de\u00a0 r\u00e9colter le maximum d&rsquo;informations sur chacun d&rsquo;eux pour ne pas avoir \u00e0\u00a0 choisir au pile au face\u00a0\u00bb,\u00a0 a expliqu\u00e9 Abdelkader Djabri \u00e0 sa sortie du\u00a0 bureau de vote de Charleroi, le deuxi\u00e8me le plus important de Belgique.<\/p>\n<p>&#013;<\/p>\n<p>Abondant dans le m\u00eame sens, Mahieddine Saifi, un oranais expatri\u00e9 dans la\u00a0 capitale belge a confi\u00e9, lui aussi, redouter de \u00ab\u00a0voter mal\u00a0\u00bb, soulignant que\u00a0 la campagne ne l&rsquo;a gu\u00e8re passionn\u00e9.<\/p>\n<p>&#013;<\/p>\n<p>\u00ab\u00a0Nous n&rsquo;avons pas eu l&rsquo;occasion de rencontrer les candidats, de d\u00e9battre\u00a0 avec eux pour conna\u00eetre leurs propositions et leurs exposer nos dol\u00e9ances.\u00a0 La plupart des candidats ne sont pas issus de notre communaut\u00e9 ici en\u00a0 Belgique d&rsquo;o\u00f9 la difficult\u00e9 de faire un choix\u00a0\u00bb, a-t-il argument\u00e9.\u00a0<\/p>\n<p>&#013;<\/p>\n<p>Branch\u00e9e sur les chaines de radio communautaires et connect\u00e9e constamment\u00a0 sur les r\u00e9seaux sociaux, Soulaf Saadi, 45 ans, aide soignante dans une\u00a0 maison de repos, a \u00e9t\u00e9 elle \u00ab\u00a0ind\u00e9cise jusqu&rsquo;\u00e0 la derni\u00e8re minute\u00a0\u00bb.<\/p>\n<p>&#013;<\/p>\n<p>\u00ab\u00a0J&rsquo;ai eu beaucoup de mal \u00e0 d\u00e9cider. Pourtant, j&rsquo;ai suivi la campagne de la\u00a0 plupart des candidats sur le net\u00a0\u00bb, a-t-elle reconnu.<\/p>\n<p>&#013;<\/p>\n<p>Les files d&rsquo;attente commen\u00e7aient \u00e0 s&rsquo;allonger lundi en fin de matin\u00e9e dans\u00a0 les bureaux de vote install\u00e9s dans les principales villes de Belgique, pour\u00a0 permettre aux ressortissants alg\u00e9riens d\u2019accomplir leur devoir civique,\u00a0 a-t-on constat\u00e9 sur place.<\/p>\n<p>&#013;<\/p>\n<p>Les op\u00e9rations de vote pour les l\u00e9gislatives 2017 se poursuivaient \u00e0 un\u00a0 rythme soutenu dans la plupart des 6 bureaux ouverts dans cette\u00a0 circonscription consulaire. Au troisi\u00e8me et dernier jour de vote au niveau\u00a0 des bureaux de Charleroi, Li\u00e8ge, Mons, Gand et Luxembourg, ils sont\u00a0 nombreux \u00e0 se rendre aux urnes pour r\u00e9pondre \u00e0 l\u2019appel du devoir\u00a0 constitutionnel.<\/p>\n<p>&#013;<\/p>\n<p>\u00a0 Ils sont plus nombreux au dernier jour de vote au niveau des bureaux\u00a0 d\u00e9localis\u00e9s \u00ab\u00a0Ils sont nombreux \u00e0 profiter de ce jour f\u00e9ri\u00e9 pour se pr\u00e9senter aux\u00a0 urnes. Aujourd\u2019hui, ils sont un peu plus nombreux car ils savent que s&rsquo;ils\u00a0 ne votent pas avant la fin de la journ\u00e9e, ils vont devoir se d\u00e9placer \u00e0\u00a0 Bruxelles pour le faire. D\u00e8s ce soir toutes les urnes seront rapatri\u00e9es au\u00a0 Consulat g\u00e9n\u00e9ral \u00e0 Bruxelles o\u00f9 les op\u00e9rations de vote se poursuivront\u00a0 jusqu&rsquo;\u00e0 jeudi\u00a0\u00bb, a expliqu\u00e9 le responsable du bureau de vote de Charleroi.<\/p>\n<p>&#013;<\/p>\n<p>Le flux de votants \u00e0 ce bureau de vote \u00e9tait important et incessant mais\u00a0 bien organis\u00e9, de l&rsquo;entr\u00e9e du bureau jusqu&rsquo;\u00e0 l&rsquo;urne transparente, par les\u00a0 nombreux b\u00e9n\u00e9voles mobilis\u00e9s \u00e0 cette occasion par les services consulaires.<\/p>\n<p>&#013;<\/p>\n<p>Dans le bureau de vote de Mons une file d&rsquo;attente commence \u00e0 se former \u00e0\u00a0 la mi-journ\u00e9e sous une pluie fine, alors que le premier chiffre de\u00a0 participation avanc\u00e9 par le responsable du bureau laisse entrevoir un taux\u00a0 de participation \u00e0 ce scrutin \u00ab\u00a0assez appr\u00e9ciable\u00a0\u00bb, dissipant \u00e0 priori les\u00a0 craintes d&rsquo;une forte abstention. Selon ce responsable, pr\u00e8s de la moiti\u00e9 des 2.497 \u00e9lecteurs inscrits \u00e0 ce\u00a0 bureau, install\u00e9 \u00e0 la salle communale de la ville, ont d\u00e9j\u00e0 accompli leur\u00a0 devoir civique.<\/p>\n<p>&#013;<\/p>\n<p>\u00ab\u00a0Nous n&rsquo;avons pas d&rsquo;excuses pour ne pas voter d&rsquo;autant que l&rsquo;op\u00e9ration se\u00a0 d\u00e9roule pendant un week-end prolong\u00e9\u00a0\u00bb, a estim\u00e9 Khadidja Benslimane qui\u00a0 attendait son tour dans la file, accompagn\u00e9 de sa fille Nesrine venue voter\u00a0 pour la premi\u00e8re fois.<\/p>\n<p>&#013;<\/p>\n<p>Beaucoup d&rsquo;\u00e9lecteurs se sont pr\u00e9sent\u00e9s sans carte de vote mais n&rsquo;ont eu\u00a0 aucune difficult\u00e9 \u00e0 voter, a fait remarquer un agent de ce bureau de vote.\u00a0 \u00ab\u00a0Du moment qu&rsquo;ils sont d\u00fbment inscrits sur les listes \u00e9lectorales, le\u00a0 probl\u00e8me ne se pose m\u00eame pas. Il suffit juste de pr\u00e9senter n&rsquo;importe quelle\u00a0 pi\u00e8ce d&rsquo;identit\u00e9\u00a0\u00bb, a-t-il ajout\u00e9.<\/p>\n<p>&#013;<\/p>\n<p>Afin de permettre aux ressortissants alg\u00e9riens d\u00e9sireux d&rsquo;exercer leur\u00a0 droit de vote par procuration conform\u00e9ment \u00e0 l&rsquo;article 53 de la loi\u00a0 organique n 16-10 relative au r\u00e9gime \u00e9lectoral, le Consulat g\u00e9n\u00e9ral\u00a0 d&rsquo;Alg\u00e9rie \u00e0 Bruxelles a permis, durant la p\u00e9riode allant du 19 f\u00e9vrier au\u00a0 30 avril 2017, d&rsquo;\u00e9tablir des procurations.<\/p>\n<p>&#013;<\/p>\n<p>Les dispositions r\u00e9glementaires r\u00e9gissant le vote par procuration ont fait\u00a0 l&rsquo;objet d&rsquo;une large diffusion aupr\u00e8s de la communaut\u00e9 alg\u00e9rienne \u00e9tablie en\u00a0 Belgique et au Grand Duch\u00e9 du Luxembourg.<\/p>\n<p>&#013;<\/p>\n<p>Cependant, \u00ab\u00a0des cas rares de vote par procuration ont \u00e9t\u00e9 enregistr\u00e9s\u00a0 depuis le d\u00e9but des op\u00e9rations de vote. Les \u00e9lecteurs pr\u00e9f\u00e8rent exercer ce\u00a0 droit eux-m\u00eames\u00a0\u00bb, a-t-on indiqu\u00e9 au Consulat.<\/p>\n<\/div>\n<p>&#013;<br \/>\nSource: <a href=\"http:\/\/www.aps.dz\/algerie\/56812-les-algeriens-de-belgique-esperent-faire-un-bon-choix\" target=\"_blank\">Les Alg\u00e9riens de Belgique esp\u00e8rent faire \u00ab\u00a0un bon choix\u00a0\u00bb<\/a><\/p>\n<!--CusAds0-->\n<div style=\"font-size: 0px; height: 0px; line-height: 0px; margin: 0; padding: 0; clear: both;\"><\/div>","protected":false},"excerpt":{"rendered":"<p>BRUXELLES- Les Alg\u00e9riens de Belgique ont continu\u00e9 lundi\u00a0 d&rsquo;affluer aux six bureaux de vote ouverts pour recueillir les suffrages des\u00a0 17.298 \u00e9lecteurs que compte la circonscription consulaire avec l&rsquo;espoir de\u00a0 \u00ab\u00a0faire le bon choix\u00a0\u00bb pour \u00e9lire leurs repr\u00e9sentants \u00e0 l&rsquo;Assembl\u00e9e populaire\u00a0 nationale. &#013; &#013; D\u00e9\u00e7us d&rsquo;une campagne \u00e9lectorale quasi-absente, les Alg\u00e9riens install\u00e9s en\u00a0 Belgique et<\/p>\n","protected":false},"author":6,"featured_media":0,"comment_status":"open","ping_status":"open","sticky":false,"template":"","format":"standard","meta":{"footnotes":""},"categories":[22],"tags":[93],"class_list":["post-11298","post","type-post","status-publish","format-standard","hentry","category-infos","tag-onu"],"yoast_head":"<!-- This site is optimized with the Yoast SEO plugin v27.5 - https:\/\/yoast.com\/product\/yoast-seo-wordpress\/ -->\n<title>Les Alg\u00e9riens de Belgique esp\u00e8rent faire &quot;un bon choix&quot; - info algerie<\/title>\n<meta name=\"robots\" content=\"index, follow, max-snippet:-1, max-image-preview:large, max-video-preview:-1\" \/>\n<link rel=\"canonical\" href=\"https:\/\/www.info-algerie.com\/actualites\/les-algeriens-de-belgique-esperent-faire-un-bon-choix\/\" \/>\n<meta property=\"og:locale\" content=\"fr_FR\" \/>\n<meta property=\"og:type\" content=\"article\" \/>\n<meta property=\"og:title\" content=\"Les Alg\u00e9riens de Belgique esp\u00e8rent faire &quot;un bon choix&quot; - info algerie\" \/>\n<meta property=\"og:description\" content=\"BRUXELLES- Les Alg\u00e9riens de Belgique ont continu\u00e9 lundi\u00a0 d&rsquo;affluer aux six bureaux de vote ouverts pour recueillir les suffrages des\u00a0 17.298 \u00e9lecteurs que compte la circonscription consulaire avec l&rsquo;espoir de\u00a0 \u00ab\u00a0faire le bon choix\u00a0\u00bb pour \u00e9lire leurs repr\u00e9sentants \u00e0 l&rsquo;Assembl\u00e9e populaire\u00a0 nationale. &#013; &#013; D\u00e9\u00e7us d&rsquo;une campagne \u00e9lectorale quasi-absente, les Alg\u00e9riens install\u00e9s en\u00a0 Belgique et\" \/>\n<meta property=\"og:url\" content=\"https:\/\/www.info-algerie.com\/actualites\/les-algeriens-de-belgique-esperent-faire-un-bon-choix\/\" \/>\n<meta property=\"og:site_name\" content=\"info algerie\" \/>\n<meta property=\"article:publisher\" content=\"https:\/\/www.facebook.com\/infoalgerieactu\" \/>\n<meta property=\"article:published_time\" content=\"2017-05-01T14:47:30+00:00\" \/>\n<meta name=\"author\" content=\"La r\u00e9daction\" \/>\n<meta name=\"twitter:label1\" content=\"\u00c9crit par\" \/>\n\t<meta name=\"twitter:data1\" content=\"La r\u00e9daction\" \/>\n\t<meta name=\"twitter:label2\" content=\"Dur\u00e9e de lecture estim\u00e9e\" \/>\n\t<meta name=\"twitter:data2\" content=\"4 minutes\" \/>\n<script type=\"application\/ld+json\" class=\"yoast-schema-graph\">{\"@context\":\"https:\\\/\\\/schema.org\",\"@graph\":[{\"@type\":\"Article\",\"@id\":\"https:\\\/\\\/www.info-algerie.com\\\/actualites\\\/les-algeriens-de-belgique-esperent-faire-un-bon-choix\\\/#article\",\"isPartOf\":{\"@id\":\"https:\\\/\\\/www.info-algerie.com\\\/actualites\\\/les-algeriens-de-belgique-esperent-faire-un-bon-choix\\\/\"},\"author\":{\"name\":\"La r\u00e9daction\",\"@id\":\"https:\\\/\\\/www.info-algerie.com\\\/actualites\\\/#\\\/schema\\\/person\\\/847aaec44920825b843a08f30ec6aa1e\"},\"headline\":\"Les Alg\u00e9riens de Belgique esp\u00e8rent faire &quot;un bon choix&quot;\",\"datePublished\":\"2017-05-01T14:47:30+00:00\",\"mainEntityOfPage\":{\"@id\":\"https:\\\/\\\/www.info-algerie.com\\\/actualites\\\/les-algeriens-de-belgique-esperent-faire-un-bon-choix\\\/\"},\"wordCount\":885,\"commentCount\":0,\"publisher\":{\"@id\":\"https:\\\/\\\/www.info-algerie.com\\\/actualites\\\/#organization\"},\"keywords\":[\"ONU\"],\"articleSection\":[\"infos\"],\"inLanguage\":\"fr-FR\",\"potentialAction\":[{\"@type\":\"CommentAction\",\"name\":\"Comment\",\"target\":[\"https:\\\/\\\/www.info-algerie.com\\\/actualites\\\/les-algeriens-de-belgique-esperent-faire-un-bon-choix\\\/#respond\"]}]},{\"@type\":\"WebPage\",\"@id\":\"https:\\\/\\\/www.info-algerie.com\\\/actualites\\\/les-algeriens-de-belgique-esperent-faire-un-bon-choix\\\/\",\"url\":\"https:\\\/\\\/www.info-algerie.com\\\/actualites\\\/les-algeriens-de-belgique-esperent-faire-un-bon-choix\\\/\",\"name\":\"Les Alg\u00e9riens de Belgique esp\u00e8rent faire &quot;un bon choix&quot; - info algerie\",\"isPartOf\":{\"@id\":\"https:\\\/\\\/www.info-algerie.com\\\/actualites\\\/#website\"},\"datePublished\":\"2017-05-01T14:47:30+00:00\",\"breadcrumb\":{\"@id\":\"https:\\\/\\\/www.info-algerie.com\\\/actualites\\\/les-algeriens-de-belgique-esperent-faire-un-bon-choix\\\/#breadcrumb\"},\"inLanguage\":\"fr-FR\",\"potentialAction\":[{\"@type\":\"ReadAction\",\"target\":[\"https:\\\/\\\/www.info-algerie.com\\\/actualites\\\/les-algeriens-de-belgique-esperent-faire-un-bon-choix\\\/\"]}]},{\"@type\":\"BreadcrumbList\",\"@id\":\"https:\\\/\\\/www.info-algerie.com\\\/actualites\\\/les-algeriens-de-belgique-esperent-faire-un-bon-choix\\\/#breadcrumb\",\"itemListElement\":[{\"@type\":\"ListItem\",\"position\":1,\"name\":\"Accueil\",\"item\":\"https:\\\/\\\/www.info-algerie.com\\\/actualites\\\/\"},{\"@type\":\"ListItem\",\"position\":2,\"name\":\"Les Alg\u00e9riens de Belgique esp\u00e8rent faire &quot;un bon choix&quot;\"}]},{\"@type\":\"WebSite\",\"@id\":\"https:\\\/\\\/www.info-algerie.com\\\/actualites\\\/#website\",\"url\":\"https:\\\/\\\/www.info-algerie.com\\\/actualites\\\/\",\"name\":\"info algerie\",\"description\":\"Toutes les actualit\u00e9s\",\"publisher\":{\"@id\":\"https:\\\/\\\/www.info-algerie.com\\\/actualites\\\/#organization\"},\"potentialAction\":[{\"@type\":\"SearchAction\",\"target\":{\"@type\":\"EntryPoint\",\"urlTemplate\":\"https:\\\/\\\/www.info-algerie.com\\\/actualites\\\/?s={search_term_string}\"},\"query-input\":{\"@type\":\"PropertyValueSpecification\",\"valueRequired\":true,\"valueName\":\"search_term_string\"}}],\"inLanguage\":\"fr-FR\"},{\"@type\":\"Organization\",\"@id\":\"https:\\\/\\\/www.info-algerie.com\\\/actualites\\\/#organization\",\"name\":\"info algerie\",\"url\":\"https:\\\/\\\/www.info-algerie.com\\\/actualites\\\/\",\"logo\":{\"@type\":\"ImageObject\",\"inLanguage\":\"fr-FR\",\"@id\":\"https:\\\/\\\/www.info-algerie.com\\\/actualites\\\/#\\\/schema\\\/logo\\\/image\\\/\",\"url\":\"https:\\\/\\\/www.info-algerie.com\\\/actualites\\\/wp-content\\\/uploads\\\/2022\\\/07\\\/logo-ia-120.png\",\"contentUrl\":\"https:\\\/\\\/www.info-algerie.com\\\/actualites\\\/wp-content\\\/uploads\\\/2022\\\/07\\\/logo-ia-120.png\",\"width\":120,\"height\":43,\"caption\":\"info algerie\"},\"image\":{\"@id\":\"https:\\\/\\\/www.info-algerie.com\\\/actualites\\\/#\\\/schema\\\/logo\\\/image\\\/\"},\"sameAs\":[\"https:\\\/\\\/www.facebook.com\\\/infoalgerieactu\",\"https:\\\/\\\/x.com\\\/infoalgerie1\"]},{\"@type\":\"Person\",\"@id\":\"https:\\\/\\\/www.info-algerie.com\\\/actualites\\\/#\\\/schema\\\/person\\\/847aaec44920825b843a08f30ec6aa1e\",\"name\":\"La r\u00e9daction\",\"image\":{\"@type\":\"ImageObject\",\"inLanguage\":\"fr-FR\",\"@id\":\"https:\\\/\\\/secure.gravatar.com\\\/avatar\\\/769db425c6f465158149f1ffd6cf61ce7a8a879d11dfbef8288af36dfddd418c?s=96&d=mm&r=g\",\"url\":\"https:\\\/\\\/secure.gravatar.com\\\/avatar\\\/769db425c6f465158149f1ffd6cf61ce7a8a879d11dfbef8288af36dfddd418c?s=96&d=mm&r=g\",\"contentUrl\":\"https:\\\/\\\/secure.gravatar.com\\\/avatar\\\/769db425c6f465158149f1ffd6cf61ce7a8a879d11dfbef8288af36dfddd418c?s=96&d=mm&r=g\",\"caption\":\"La r\u00e9daction\"},\"sameAs\":[\"http:\\\/\\\/www.lkeria.com\\\/\"],\"url\":\"https:\\\/\\\/www.info-algerie.com\\\/actualites\\\/author\\\/chakib32\\\/\"}]}<\/script>\n<!-- \/ Yoast SEO plugin. -->","yoast_head_json":{"title":"Les Alg\u00e9riens de Belgique esp\u00e8rent faire &quot;un bon choix&quot; - info algerie","robots":{"index":"index","follow":"follow","max-snippet":"max-snippet:-1","max-image-preview":"max-image-preview:large","max-video-preview":"max-video-preview:-1"},"canonical":"https:\/\/www.info-algerie.com\/actualites\/les-algeriens-de-belgique-esperent-faire-un-bon-choix\/","og_locale":"fr_FR","og_type":"article","og_title":"Les Alg\u00e9riens de Belgique esp\u00e8rent faire &quot;un bon choix&quot; - info algerie","og_description":"BRUXELLES- Les Alg\u00e9riens de Belgique ont continu\u00e9 lundi\u00a0 d&rsquo;affluer aux six bureaux de vote ouverts pour recueillir les suffrages des\u00a0 17.298 \u00e9lecteurs que compte la circonscription consulaire avec l&rsquo;espoir de\u00a0 \u00ab\u00a0faire le bon choix\u00a0\u00bb pour \u00e9lire leurs repr\u00e9sentants \u00e0 l&rsquo;Assembl\u00e9e populaire\u00a0 nationale. &#013; &#013; D\u00e9\u00e7us d&rsquo;une campagne \u00e9lectorale quasi-absente, les Alg\u00e9riens install\u00e9s en\u00a0 Belgique et","og_url":"https:\/\/www.info-algerie.com\/actualites\/les-algeriens-de-belgique-esperent-faire-un-bon-choix\/","og_site_name":"info algerie","article_publisher":"https:\/\/www.facebook.com\/infoalgerieactu","article_published_time":"2017-05-01T14:47:30+00:00","author":"La r\u00e9daction","twitter_misc":{"\u00c9crit par":"La r\u00e9daction","Dur\u00e9e de lecture estim\u00e9e":"4 minutes"},"schema":{"@context":"https:\/\/schema.org","@graph":[{"@type":"Article","@id":"https:\/\/www.info-algerie.com\/actualites\/les-algeriens-de-belgique-esperent-faire-un-bon-choix\/#article","isPartOf":{"@id":"https:\/\/www.info-algerie.com\/actualites\/les-algeriens-de-belgique-esperent-faire-un-bon-choix\/"},"author":{"name":"La r\u00e9daction","@id":"https:\/\/www.info-algerie.com\/actualites\/#\/schema\/person\/847aaec44920825b843a08f30ec6aa1e"},"headline":"Les Alg\u00e9riens de Belgique esp\u00e8rent faire &quot;un bon choix&quot;","datePublished":"2017-05-01T14:47:30+00:00","mainEntityOfPage":{"@id":"https:\/\/www.info-algerie.com\/actualites\/les-algeriens-de-belgique-esperent-faire-un-bon-choix\/"},"wordCount":885,"commentCount":0,"publisher":{"@id":"https:\/\/www.info-algerie.com\/actualites\/#organization"},"keywords":["ONU"],"articleSection":["infos"],"inLanguage":"fr-FR","potentialAction":[{"@type":"CommentAction","name":"Comment","target":["https:\/\/www.info-algerie.com\/actualites\/les-algeriens-de-belgique-esperent-faire-un-bon-choix\/#respond"]}]},{"@type":"WebPage","@id":"https:\/\/www.info-algerie.com\/actualites\/les-algeriens-de-belgique-esperent-faire-un-bon-choix\/","url":"https:\/\/www.info-algerie.com\/actualites\/les-algeriens-de-belgique-esperent-faire-un-bon-choix\/","name":"Les Alg\u00e9riens de Belgique esp\u00e8rent faire &quot;un bon choix&quot; - info algerie","isPartOf":{"@id":"https:\/\/www.info-algerie.com\/actualites\/#website"},"datePublished":"2017-05-01T14:47:30+00:00","breadcrumb":{"@id":"https:\/\/www.info-algerie.com\/actualites\/les-algeriens-de-belgique-esperent-faire-un-bon-choix\/#breadcrumb"},"inLanguage":"fr-FR","potentialAction":[{"@type":"ReadAction","target":["https:\/\/www.info-algerie.com\/actualites\/les-algeriens-de-belgique-esperent-faire-un-bon-choix\/"]}]},{"@type":"BreadcrumbList","@id":"https:\/\/www.info-algerie.com\/actualites\/les-algeriens-de-belgique-esperent-faire-un-bon-choix\/#breadcrumb","itemListElement":[{"@type":"ListItem","position":1,"name":"Accueil","item":"https:\/\/www.info-algerie.com\/actualites\/"},{"@type":"ListItem","position":2,"name":"Les Alg\u00e9riens de Belgique esp\u00e8rent faire &quot;un bon choix&quot;"}]},{"@type":"WebSite","@id":"https:\/\/www.info-algerie.com\/actualites\/#website","url":"https:\/\/www.info-algerie.com\/actualites\/","name":"info algerie","description":"Toutes les actualit\u00e9s","publisher":{"@id":"https:\/\/www.info-algerie.com\/actualites\/#organization"},"potentialAction":[{"@type":"SearchAction","target":{"@type":"EntryPoint","urlTemplate":"https:\/\/www.info-algerie.com\/actualites\/?s={search_term_string}"},"query-input":{"@type":"PropertyValueSpecification","valueRequired":true,"valueName":"search_term_string"}}],"inLanguage":"fr-FR"},{"@type":"Organization","@id":"https:\/\/www.info-algerie.com\/actualites\/#organization","name":"info algerie","url":"https:\/\/www.info-algerie.com\/actualites\/","logo":{"@type":"ImageObject","inLanguage":"fr-FR","@id":"https:\/\/www.info-algerie.com\/actualites\/#\/schema\/logo\/image\/","url":"https:\/\/www.info-algerie.com\/actualites\/wp-content\/uploads\/2022\/07\/logo-ia-120.png","contentUrl":"https:\/\/www.info-algerie.com\/actualites\/wp-content\/uploads\/2022\/07\/logo-ia-120.png","width":120,"height":43,"caption":"info algerie"},"image":{"@id":"https:\/\/www.info-algerie.com\/actualites\/#\/schema\/logo\/image\/"},"sameAs":["https:\/\/www.facebook.com\/infoalgerieactu","https:\/\/x.com\/infoalgerie1"]},{"@type":"Person","@id":"https:\/\/www.info-algerie.com\/actualites\/#\/schema\/person\/847aaec44920825b843a08f30ec6aa1e","name":"La r\u00e9daction","image":{"@type":"ImageObject","inLanguage":"fr-FR","@id":"https:\/\/secure.gravatar.com\/avatar\/769db425c6f465158149f1ffd6cf61ce7a8a879d11dfbef8288af36dfddd418c?s=96&d=mm&r=g","url":"https:\/\/secure.gravatar.com\/avatar\/769db425c6f465158149f1ffd6cf61ce7a8a879d11dfbef8288af36dfddd418c?s=96&d=mm&r=g","contentUrl":"https:\/\/secure.gravatar.com\/avatar\/769db425c6f465158149f1ffd6cf61ce7a8a879d11dfbef8288af36dfddd418c?s=96&d=mm&r=g","caption":"La r\u00e9daction"},"sameAs":["http:\/\/www.lkeria.com\/"],"url":"https:\/\/www.info-algerie.com\/actualites\/author\/chakib32\/"}]}},"_links":{"self":[{"href":"https:\/\/www.info-algerie.com\/actualites\/wp-json\/wp\/v2\/posts\/11298","targetHints":{"allow":["GET"]}}],"collection":[{"href":"https:\/\/www.info-algerie.com\/actualites\/wp-json\/wp\/v2\/posts"}],"about":[{"href":"https:\/\/www.info-algerie.com\/actualites\/wp-json\/wp\/v2\/types\/post"}],"author":[{"embeddable":true,"href":"https:\/\/www.info-algerie.com\/actualites\/wp-json\/wp\/v2\/users\/6"}],"replies":[{"embeddable":true,"href":"https:\/\/www.info-algerie.com\/actualites\/wp-json\/wp\/v2\/comments?post=11298"}],"version-history":[{"count":0,"href":"https:\/\/www.info-algerie.com\/actualites\/wp-json\/wp\/v2\/posts\/11298\/revisions"}],"wp:attachment":[{"href":"https:\/\/www.info-algerie.com\/actualites\/wp-json\/wp\/v2\/media?parent=11298"}],"wp:term":[{"taxonomy":"category","embeddable":true,"href":"https:\/\/www.info-algerie.com\/actualites\/wp-json\/wp\/v2\/categories?post=11298"},{"taxonomy":"post_tag","embeddable":true,"href":"https:\/\/www.info-algerie.com\/actualites\/wp-json\/wp\/v2\/tags?post=11298"}],"curies":[{"name":"wp","href":"https:\/\/api.w.org\/{rel}","templated":true}]}}