{"id":11316,"date":"2017-05-02T10:40:14","date_gmt":"2017-05-02T09:40:14","guid":{"rendered":"http:\/\/www.info-algerie.com\/actualites\/la-presse-nationale-traite-levaluation-de-la-campagne-electorale-etablie-par-le-ministre-de-la-justice-et-le-president-de-la-hiise\/"},"modified":"2017-05-02T10:40:14","modified_gmt":"2017-05-02T09:40:14","slug":"la-presse-nationale-traite-levaluation-de-la-campagne-electorale-etablie-par-le-ministre-de-la-justice-et-le-president-de-la-hiise","status":"publish","type":"post","link":"https:\/\/www.info-algerie.com\/actualites\/la-presse-nationale-traite-levaluation-de-la-campagne-electorale-etablie-par-le-ministre-de-la-justice-et-le-president-de-la-hiise\/","title":{"rendered":"La presse nationale traite l&#039;\u00e9valuation de la campagne \u00e9lectorale \u00e9tablie par le ministre de la Justice et le pr\u00e9sident de la HIISE"},"content":{"rendered":"<div class=\"K2FeedImage\"><img decoding=\"async\" src=\"https:\/\/www.info-algerie.com\/actualites\/wp-content\/uploads\/2017\/05\/213f473a5cd1c97e9ee0f7bcc7d4bde7_S.jpg\" alt=\"La presse nationale traite l'&#xE9;valuation de la campagne &#xE9;lectorale &#xE9;tablie par le ministre de la Justice et le pr&#xE9;sident de la HIISE\" \/><\/div>\n<div class=\"K2FeedIntroText\">\n<p>ALGER &#8211; La presse nationale paraissant mardi a largement trait\u00e9 l&rsquo;\u00e9valuation \u00e9tablie par le ministre de la Justice, garde des sceaux, Tayeb Louh, et du pr\u00e9sident de la Haute instance ind\u00e9pendante de surveillance des \u00e9lections, Abdelouahab Derbal, sur le d\u00e9roulement de la campagne \u00e9lectorale des l\u00e9gislatives du 4 mai, cl\u00f4tur\u00e9e dimanche, ainsi que la d\u00e9claration du G\u00e9n\u00e9ral de corps d&rsquo;arm\u00e9e, Ahmed Gaid Salah, vice-ministre de la D\u00e9fense nationale, chef d&rsquo;\u00e9tat-major de l&rsquo;Arm\u00e9e nationale populaire sur les mesures prises pour un bon d\u00e9roulement du scrutin.<\/p>\n<p>&#013;\n<\/p><\/div>\n<div class=\"K2FeedFullText\">&#013;<\/p>\n<p>Le quotidien Horizons reprend les propos de M. Louh qui a indiqu\u00e9 \u00e0 Tlemcen que \u00ab\u00a0la campagne s&rsquo;est d\u00e9roul\u00e9e dans de bonnes conditions\u00a0\u00bb, ajoutant que \u00a0\u00bb les \u00e9lections se d\u00e9rouleront sous la surveillance de magistrats qui garantiront la transparence et la cr\u00e9dibilit\u00e9 du scrutin\u00a0\u00bb.<\/p>\n<p>&#013;<\/p>\n<p>La m\u00eame parution soulign\u00e9 que 190 saisines ont \u00e9t\u00e9 enregistr\u00e9es durant la campagne \u00e9lectorale, selon M. Derbal, qui expliqu\u00e9 que \u00ab\u00a0135 notifications ont \u00e9t\u00e9 accept\u00e9es alors que le reste a \u00e9t\u00e9 rejet\u00e9 et leurs auteurs ont \u00e9t\u00e9 inform\u00e9s des motifs du rejet\u00a0\u00bb.<\/p>\n<p>&#013;<\/p>\n<p>Reporters a abord\u00e9 le m\u00eame sujet, relevant que des d\u00e9passements minimes ont \u00e9t\u00e9 relev\u00e9s durant la campagne \u00e9lectorale, annon\u00e7ant par ailleurs le d\u00e9but des op\u00e9rations\u00a0 de vote dans certaines zones enclav\u00e9es du sud pays.<\/p>\n<p>&#013;<\/p>\n<p>Le m\u00eame titre a not\u00e9, que pr\u00e8s de 45 000 agents de s\u00e9curit\u00e9 sont mobilis\u00e9s pour garantir la s\u00e9curit\u00e9 du scrutin, selon le sous-directeur de la voie publique \u00e0 la Direction g\u00e9n\u00e9rale de la suret\u00e9 nationale.<\/p>\n<p>&#013;<\/p>\n<p>El Watan fait \u00e9tat, dans un reportage, de la place de l&rsquo;argent sale, de la contrebande et du trafic de tout genre dans ces \u00e9lections \u00e0 T\u00e9bessa, estimant que \u00ab\u00a0non seulement il y a eu perversion des m\u0153urs politiques par la promotion de l&rsquo;incomp\u00e9tence et des trafiquants, mais il y a eu \u00e9galement un basculement de l&rsquo;\u00e9quilibre de la repr\u00e9sentation des tribus\u00a0\u00bb.<\/p>\n<p>&#013;<\/p>\n<p>La Tribune qui a repris les d\u00e9clarations du Premier ministre, Abdelmalek lors de sa visite \u00e0 S\u00e9tif, dans lesquelles il a appel\u00e9 les Alg\u00e9riens \u00e0 \u00ab\u00a0voter en force\u00a0\u00bb, souligne, que l&rsquo;abstention hante les partis et le gouvernement compte tenu d&rsquo;une campagne \u00e9lectorale \u00ab\u00a0plate et insipide\u00a0\u00bb, durant laquelle les sorties de proximit\u00e9 se sont av\u00e9r\u00e9es comme la\u00a0 \u00ab\u00a0nouvelle\u00a0\u00bb arme des candidats.<\/p>\n<p>&#013;<\/p>\n<p>L&rsquo;Expression note, de son cot\u00e9, que l&rsquo;angoisse des urnes gagne les partis et les 12 000 candidats en lice\u00a0 apr\u00e8s la fin de la campagne, alors que le professeur Chems Eddine Chitour, s&rsquo;interroge, dans la parution, si les l\u00e9gislatives du 4 mai constituent-elles un non-\u00e9venement ou un nouveau d\u00e9part.<\/p>\n<p>&#013;<\/p>\n<p>El Moudjahid note, pour sa part, qu&rsquo;aucun \u00ab\u00a0dysfonctionnement majeur n&rsquo;a \u00e9t\u00e9 relev\u00e9\u00a0\u00bb par l&rsquo;Autorit\u00e9 de r\u00e9gulation de l&rsquo;audiovisuel (ARAV), dont le pr\u00e9sident, Zouaoui Benhamadi, avait re\u00e7u dimanche, une d\u00e9l\u00e9gations des observateurs de l&rsquo;Union africaine.<\/p>\n<p>&#013;<\/p>\n<p>Pour le ministre d&rsquo;Etat, ministre des affaires \u00e9trang\u00e8res et de la coop\u00e9ration internationale, Ramtane Lamamra, souligne la m\u00eame parution, l&rsquo;Alg\u00e9rie va r\u00e9unir toutes les conditions pour faciliter le travail des observateurs internationaux de l&rsquo;Union africaine, de l&rsquo;Organisation des nations Unies et de la Ligue des Etats arabes et de l&rsquo;Union europ\u00e9enne dans le cadre des l\u00e9gislatives de jeudi prochain.<\/p>\n<p>&#013;<\/p>\n<p>Le quotidien El Khabar a repris M. Gaid Salah affirmant le vote des membres de l&rsquo;ANP en dehors des casernes ainsi que les mesures prises pour assurer un bon d\u00e9roulement du scrutin.<\/p>\n<p>&#013;<\/p>\n<p>De son cot\u00e9, Echaab est revenu sur l&rsquo;appel lanc\u00e9 par M. Sellal \u00e0 partir de S\u00e9tif, invitant les Alg\u00e9riens \u00e0 voter en force et en faveur de candidats comp\u00e9tents en mesure d&rsquo;assumer leurs responsabilit\u00e9s.<\/p>\n<p>&#013;<\/p>\n<p>\u00a0<\/p>\n<p>&#013;<\/p>\n<p class=\"MsoNormal\">Le quotidien Ennahar a \u00e9voqu\u00e9\u00a0 les mesures de s\u00e9curit\u00e9 annonc\u00e9es par la DGSN et l&rsquo;ANP afin de garantir un bon d\u00e9roulement du rendez-vous \u00e9lectoral du 4 mai alors que le quotidien\u00a0 El Youm souligne, quant \u00e0 lui,\u00a0 que l&rsquo;Alg\u00e9rie va faciliter le travail des observateurs internationaux.<\/p>\n<\/div>\n<p>&#013;<br \/>\nSource: <a href=\"http:\/\/www.aps.dz\/algerie\/56847-la-presse-nationale-traite-l-evaluation-de-la-campagne-electorale-etablie-par-le-ministre-de-la-justice-et-le-president-de-la-hiise\" target=\"_blank\">La presse nationale traite l&rsquo;\u00e9valuation de la campagne \u00e9lectorale \u00e9tablie par le ministre de la Justice et le pr\u00e9sident de la HIISE<\/a><\/p>\n<!--CusAds0-->\n<div style=\"font-size: 0px; height: 0px; line-height: 0px; margin: 0; padding: 0; clear: both;\"><\/div>","protected":false},"excerpt":{"rendered":"<p>ALGER &#8211; La presse nationale paraissant mardi a largement trait\u00e9 l&rsquo;\u00e9valuation \u00e9tablie par le ministre de la Justice, garde des sceaux, Tayeb Louh, et du pr\u00e9sident de la Haute instance ind\u00e9pendante de surveillance des \u00e9lections, Abdelouahab Derbal, sur le d\u00e9roulement de la campagne \u00e9lectorale des l\u00e9gislatives du 4 mai, cl\u00f4tur\u00e9e dimanche, ainsi que la d\u00e9claration<\/p>\n","protected":false},"author":6,"featured_media":11317,"comment_status":"open","ping_status":"open","sticky":false,"template":"","format":"standard","meta":{"footnotes":""},"categories":[22],"tags":[93],"class_list":["post-11316","post","type-post","status-publish","format-standard","has-post-thumbnail","hentry","category-infos","tag-onu"],"yoast_head":"<!-- This site is optimized with the Yoast SEO plugin v27.5 - https:\/\/yoast.com\/product\/yoast-seo-wordpress\/ -->\n<title>La presse nationale traite l&#039;\u00e9valuation de la campagne \u00e9lectorale \u00e9tablie par le ministre de la Justice et le pr\u00e9sident de la HIISE - info algerie<\/title>\n<meta name=\"robots\" content=\"index, follow, max-snippet:-1, max-image-preview:large, max-video-preview:-1\" \/>\n<link rel=\"canonical\" href=\"https:\/\/www.info-algerie.com\/actualites\/la-presse-nationale-traite-levaluation-de-la-campagne-electorale-etablie-par-le-ministre-de-la-justice-et-le-president-de-la-hiise\/\" \/>\n<meta property=\"og:locale\" content=\"fr_FR\" \/>\n<meta property=\"og:type\" content=\"article\" \/>\n<meta property=\"og:title\" content=\"La presse nationale traite l&#039;\u00e9valuation de la campagne \u00e9lectorale \u00e9tablie par le ministre de la Justice et le pr\u00e9sident de la HIISE - info algerie\" \/>\n<meta property=\"og:description\" content=\"ALGER &#8211; La presse nationale paraissant mardi a largement trait\u00e9 l&rsquo;\u00e9valuation \u00e9tablie par le ministre de la Justice, garde des sceaux, Tayeb Louh, et du pr\u00e9sident de la Haute instance ind\u00e9pendante de surveillance des \u00e9lections, Abdelouahab Derbal, sur le d\u00e9roulement de la campagne \u00e9lectorale des l\u00e9gislatives du 4 mai, cl\u00f4tur\u00e9e dimanche, ainsi que la d\u00e9claration\" \/>\n<meta property=\"og:url\" content=\"https:\/\/www.info-algerie.com\/actualites\/la-presse-nationale-traite-levaluation-de-la-campagne-electorale-etablie-par-le-ministre-de-la-justice-et-le-president-de-la-hiise\/\" \/>\n<meta property=\"og:site_name\" content=\"info algerie\" \/>\n<meta property=\"article:publisher\" content=\"https:\/\/www.facebook.com\/infoalgerieactu\" \/>\n<meta property=\"article:published_time\" content=\"2017-05-02T09:40:14+00:00\" \/>\n<meta property=\"og:image\" content=\"https:\/\/www.info-algerie.com\/actualites\/wp-content\/uploads\/2017\/05\/213f473a5cd1c97e9ee0f7bcc7d4bde7_S-1.jpg\" \/>\n\t<meta property=\"og:image:width\" content=\"280\" \/>\n\t<meta property=\"og:image:height\" content=\"169\" \/>\n\t<meta property=\"og:image:type\" content=\"image\/jpeg\" \/>\n<meta name=\"author\" content=\"La r\u00e9daction\" \/>\n<meta name=\"twitter:label1\" content=\"\u00c9crit par\" \/>\n\t<meta name=\"twitter:data1\" content=\"La r\u00e9daction\" \/>\n\t<meta name=\"twitter:label2\" content=\"Dur\u00e9e de lecture estim\u00e9e\" \/>\n\t<meta name=\"twitter:data2\" content=\"3 minutes\" \/>\n<script type=\"application\/ld+json\" class=\"yoast-schema-graph\">{\"@context\":\"https:\\\/\\\/schema.org\",\"@graph\":[{\"@type\":\"Article\",\"@id\":\"https:\\\/\\\/www.info-algerie.com\\\/actualites\\\/la-presse-nationale-traite-levaluation-de-la-campagne-electorale-etablie-par-le-ministre-de-la-justice-et-le-president-de-la-hiise\\\/#article\",\"isPartOf\":{\"@id\":\"https:\\\/\\\/www.info-algerie.com\\\/actualites\\\/la-presse-nationale-traite-levaluation-de-la-campagne-electorale-etablie-par-le-ministre-de-la-justice-et-le-president-de-la-hiise\\\/\"},\"author\":{\"name\":\"La r\u00e9daction\",\"@id\":\"https:\\\/\\\/www.info-algerie.com\\\/actualites\\\/#\\\/schema\\\/person\\\/847aaec44920825b843a08f30ec6aa1e\"},\"headline\":\"La presse nationale traite l&#039;\u00e9valuation de la campagne \u00e9lectorale \u00e9tablie par le ministre de la Justice et le pr\u00e9sident de la HIISE\",\"datePublished\":\"2017-05-02T09:40:14+00:00\",\"mainEntityOfPage\":{\"@id\":\"https:\\\/\\\/www.info-algerie.com\\\/actualites\\\/la-presse-nationale-traite-levaluation-de-la-campagne-electorale-etablie-par-le-ministre-de-la-justice-et-le-president-de-la-hiise\\\/\"},\"wordCount\":744,\"commentCount\":0,\"publisher\":{\"@id\":\"https:\\\/\\\/www.info-algerie.com\\\/actualites\\\/#organization\"},\"image\":{\"@id\":\"https:\\\/\\\/www.info-algerie.com\\\/actualites\\\/la-presse-nationale-traite-levaluation-de-la-campagne-electorale-etablie-par-le-ministre-de-la-justice-et-le-president-de-la-hiise\\\/#primaryimage\"},\"thumbnailUrl\":\"https:\\\/\\\/www.info-algerie.com\\\/actualites\\\/wp-content\\\/uploads\\\/2017\\\/05\\\/213f473a5cd1c97e9ee0f7bcc7d4bde7_S-1.jpg\",\"keywords\":[\"ONU\"],\"articleSection\":[\"infos\"],\"inLanguage\":\"fr-FR\",\"potentialAction\":[{\"@type\":\"CommentAction\",\"name\":\"Comment\",\"target\":[\"https:\\\/\\\/www.info-algerie.com\\\/actualites\\\/la-presse-nationale-traite-levaluation-de-la-campagne-electorale-etablie-par-le-ministre-de-la-justice-et-le-president-de-la-hiise\\\/#respond\"]}]},{\"@type\":\"WebPage\",\"@id\":\"https:\\\/\\\/www.info-algerie.com\\\/actualites\\\/la-presse-nationale-traite-levaluation-de-la-campagne-electorale-etablie-par-le-ministre-de-la-justice-et-le-president-de-la-hiise\\\/\",\"url\":\"https:\\\/\\\/www.info-algerie.com\\\/actualites\\\/la-presse-nationale-traite-levaluation-de-la-campagne-electorale-etablie-par-le-ministre-de-la-justice-et-le-president-de-la-hiise\\\/\",\"name\":\"La presse nationale traite l&#039;\u00e9valuation de la campagne \u00e9lectorale \u00e9tablie par le ministre de la Justice et le pr\u00e9sident de la HIISE - info algerie\",\"isPartOf\":{\"@id\":\"https:\\\/\\\/www.info-algerie.com\\\/actualites\\\/#website\"},\"primaryImageOfPage\":{\"@id\":\"https:\\\/\\\/www.info-algerie.com\\\/actualites\\\/la-presse-nationale-traite-levaluation-de-la-campagne-electorale-etablie-par-le-ministre-de-la-justice-et-le-president-de-la-hiise\\\/#primaryimage\"},\"image\":{\"@id\":\"https:\\\/\\\/www.info-algerie.com\\\/actualites\\\/la-presse-nationale-traite-levaluation-de-la-campagne-electorale-etablie-par-le-ministre-de-la-justice-et-le-president-de-la-hiise\\\/#primaryimage\"},\"thumbnailUrl\":\"https:\\\/\\\/www.info-algerie.com\\\/actualites\\\/wp-content\\\/uploads\\\/2017\\\/05\\\/213f473a5cd1c97e9ee0f7bcc7d4bde7_S-1.jpg\",\"datePublished\":\"2017-05-02T09:40:14+00:00\",\"breadcrumb\":{\"@id\":\"https:\\\/\\\/www.info-algerie.com\\\/actualites\\\/la-presse-nationale-traite-levaluation-de-la-campagne-electorale-etablie-par-le-ministre-de-la-justice-et-le-president-de-la-hiise\\\/#breadcrumb\"},\"inLanguage\":\"fr-FR\",\"potentialAction\":[{\"@type\":\"ReadAction\",\"target\":[\"https:\\\/\\\/www.info-algerie.com\\\/actualites\\\/la-presse-nationale-traite-levaluation-de-la-campagne-electorale-etablie-par-le-ministre-de-la-justice-et-le-president-de-la-hiise\\\/\"]}]},{\"@type\":\"ImageObject\",\"inLanguage\":\"fr-FR\",\"@id\":\"https:\\\/\\\/www.info-algerie.com\\\/actualites\\\/la-presse-nationale-traite-levaluation-de-la-campagne-electorale-etablie-par-le-ministre-de-la-justice-et-le-president-de-la-hiise\\\/#primaryimage\",\"url\":\"https:\\\/\\\/www.info-algerie.com\\\/actualites\\\/wp-content\\\/uploads\\\/2017\\\/05\\\/213f473a5cd1c97e9ee0f7bcc7d4bde7_S-1.jpg\",\"contentUrl\":\"https:\\\/\\\/www.info-algerie.com\\\/actualites\\\/wp-content\\\/uploads\\\/2017\\\/05\\\/213f473a5cd1c97e9ee0f7bcc7d4bde7_S-1.jpg\",\"width\":280,\"height\":169},{\"@type\":\"BreadcrumbList\",\"@id\":\"https:\\\/\\\/www.info-algerie.com\\\/actualites\\\/la-presse-nationale-traite-levaluation-de-la-campagne-electorale-etablie-par-le-ministre-de-la-justice-et-le-president-de-la-hiise\\\/#breadcrumb\",\"itemListElement\":[{\"@type\":\"ListItem\",\"position\":1,\"name\":\"Accueil\",\"item\":\"https:\\\/\\\/www.info-algerie.com\\\/actualites\\\/\"},{\"@type\":\"ListItem\",\"position\":2,\"name\":\"La presse nationale traite l&#039;\u00e9valuation de la campagne \u00e9lectorale \u00e9tablie par le ministre de la Justice et le pr\u00e9sident de la HIISE\"}]},{\"@type\":\"WebSite\",\"@id\":\"https:\\\/\\\/www.info-algerie.com\\\/actualites\\\/#website\",\"url\":\"https:\\\/\\\/www.info-algerie.com\\\/actualites\\\/\",\"name\":\"info algerie\",\"description\":\"Toutes les actualit\u00e9s\",\"publisher\":{\"@id\":\"https:\\\/\\\/www.info-algerie.com\\\/actualites\\\/#organization\"},\"potentialAction\":[{\"@type\":\"SearchAction\",\"target\":{\"@type\":\"EntryPoint\",\"urlTemplate\":\"https:\\\/\\\/www.info-algerie.com\\\/actualites\\\/?s={search_term_string}\"},\"query-input\":{\"@type\":\"PropertyValueSpecification\",\"valueRequired\":true,\"valueName\":\"search_term_string\"}}],\"inLanguage\":\"fr-FR\"},{\"@type\":\"Organization\",\"@id\":\"https:\\\/\\\/www.info-algerie.com\\\/actualites\\\/#organization\",\"name\":\"info algerie\",\"url\":\"https:\\\/\\\/www.info-algerie.com\\\/actualites\\\/\",\"logo\":{\"@type\":\"ImageObject\",\"inLanguage\":\"fr-FR\",\"@id\":\"https:\\\/\\\/www.info-algerie.com\\\/actualites\\\/#\\\/schema\\\/logo\\\/image\\\/\",\"url\":\"https:\\\/\\\/www.info-algerie.com\\\/actualites\\\/wp-content\\\/uploads\\\/2022\\\/07\\\/logo-ia-120.png\",\"contentUrl\":\"https:\\\/\\\/www.info-algerie.com\\\/actualites\\\/wp-content\\\/uploads\\\/2022\\\/07\\\/logo-ia-120.png\",\"width\":120,\"height\":43,\"caption\":\"info algerie\"},\"image\":{\"@id\":\"https:\\\/\\\/www.info-algerie.com\\\/actualites\\\/#\\\/schema\\\/logo\\\/image\\\/\"},\"sameAs\":[\"https:\\\/\\\/www.facebook.com\\\/infoalgerieactu\",\"https:\\\/\\\/x.com\\\/infoalgerie1\"]},{\"@type\":\"Person\",\"@id\":\"https:\\\/\\\/www.info-algerie.com\\\/actualites\\\/#\\\/schema\\\/person\\\/847aaec44920825b843a08f30ec6aa1e\",\"name\":\"La r\u00e9daction\",\"image\":{\"@type\":\"ImageObject\",\"inLanguage\":\"fr-FR\",\"@id\":\"https:\\\/\\\/secure.gravatar.com\\\/avatar\\\/769db425c6f465158149f1ffd6cf61ce7a8a879d11dfbef8288af36dfddd418c?s=96&d=mm&r=g\",\"url\":\"https:\\\/\\\/secure.gravatar.com\\\/avatar\\\/769db425c6f465158149f1ffd6cf61ce7a8a879d11dfbef8288af36dfddd418c?s=96&d=mm&r=g\",\"contentUrl\":\"https:\\\/\\\/secure.gravatar.com\\\/avatar\\\/769db425c6f465158149f1ffd6cf61ce7a8a879d11dfbef8288af36dfddd418c?s=96&d=mm&r=g\",\"caption\":\"La r\u00e9daction\"},\"sameAs\":[\"http:\\\/\\\/www.lkeria.com\\\/\"],\"url\":\"https:\\\/\\\/www.info-algerie.com\\\/actualites\\\/author\\\/chakib32\\\/\"}]}<\/script>\n<!-- \/ Yoast SEO plugin. -->","yoast_head_json":{"title":"La presse nationale traite l&#039;\u00e9valuation de la campagne \u00e9lectorale \u00e9tablie par le ministre de la Justice et le pr\u00e9sident de la HIISE - info algerie","robots":{"index":"index","follow":"follow","max-snippet":"max-snippet:-1","max-image-preview":"max-image-preview:large","max-video-preview":"max-video-preview:-1"},"canonical":"https:\/\/www.info-algerie.com\/actualites\/la-presse-nationale-traite-levaluation-de-la-campagne-electorale-etablie-par-le-ministre-de-la-justice-et-le-president-de-la-hiise\/","og_locale":"fr_FR","og_type":"article","og_title":"La presse nationale traite l&#039;\u00e9valuation de la campagne \u00e9lectorale \u00e9tablie par le ministre de la Justice et le pr\u00e9sident de la HIISE - info algerie","og_description":"ALGER &#8211; La presse nationale paraissant mardi a largement trait\u00e9 l&rsquo;\u00e9valuation \u00e9tablie par le ministre de la Justice, garde des sceaux, Tayeb Louh, et du pr\u00e9sident de la Haute instance ind\u00e9pendante de surveillance des \u00e9lections, Abdelouahab Derbal, sur le d\u00e9roulement de la campagne \u00e9lectorale des l\u00e9gislatives du 4 mai, cl\u00f4tur\u00e9e dimanche, ainsi que la d\u00e9claration","og_url":"https:\/\/www.info-algerie.com\/actualites\/la-presse-nationale-traite-levaluation-de-la-campagne-electorale-etablie-par-le-ministre-de-la-justice-et-le-president-de-la-hiise\/","og_site_name":"info algerie","article_publisher":"https:\/\/www.facebook.com\/infoalgerieactu","article_published_time":"2017-05-02T09:40:14+00:00","og_image":[{"width":280,"height":169,"url":"https:\/\/www.info-algerie.com\/actualites\/wp-content\/uploads\/2017\/05\/213f473a5cd1c97e9ee0f7bcc7d4bde7_S-1.jpg","type":"image\/jpeg"}],"author":"La r\u00e9daction","twitter_misc":{"\u00c9crit par":"La r\u00e9daction","Dur\u00e9e de lecture estim\u00e9e":"3 minutes"},"schema":{"@context":"https:\/\/schema.org","@graph":[{"@type":"Article","@id":"https:\/\/www.info-algerie.com\/actualites\/la-presse-nationale-traite-levaluation-de-la-campagne-electorale-etablie-par-le-ministre-de-la-justice-et-le-president-de-la-hiise\/#article","isPartOf":{"@id":"https:\/\/www.info-algerie.com\/actualites\/la-presse-nationale-traite-levaluation-de-la-campagne-electorale-etablie-par-le-ministre-de-la-justice-et-le-president-de-la-hiise\/"},"author":{"name":"La r\u00e9daction","@id":"https:\/\/www.info-algerie.com\/actualites\/#\/schema\/person\/847aaec44920825b843a08f30ec6aa1e"},"headline":"La presse nationale traite l&#039;\u00e9valuation de la campagne \u00e9lectorale \u00e9tablie par le ministre de la Justice et le pr\u00e9sident de la HIISE","datePublished":"2017-05-02T09:40:14+00:00","mainEntityOfPage":{"@id":"https:\/\/www.info-algerie.com\/actualites\/la-presse-nationale-traite-levaluation-de-la-campagne-electorale-etablie-par-le-ministre-de-la-justice-et-le-president-de-la-hiise\/"},"wordCount":744,"commentCount":0,"publisher":{"@id":"https:\/\/www.info-algerie.com\/actualites\/#organization"},"image":{"@id":"https:\/\/www.info-algerie.com\/actualites\/la-presse-nationale-traite-levaluation-de-la-campagne-electorale-etablie-par-le-ministre-de-la-justice-et-le-president-de-la-hiise\/#primaryimage"},"thumbnailUrl":"https:\/\/www.info-algerie.com\/actualites\/wp-content\/uploads\/2017\/05\/213f473a5cd1c97e9ee0f7bcc7d4bde7_S-1.jpg","keywords":["ONU"],"articleSection":["infos"],"inLanguage":"fr-FR","potentialAction":[{"@type":"CommentAction","name":"Comment","target":["https:\/\/www.info-algerie.com\/actualites\/la-presse-nationale-traite-levaluation-de-la-campagne-electorale-etablie-par-le-ministre-de-la-justice-et-le-president-de-la-hiise\/#respond"]}]},{"@type":"WebPage","@id":"https:\/\/www.info-algerie.com\/actualites\/la-presse-nationale-traite-levaluation-de-la-campagne-electorale-etablie-par-le-ministre-de-la-justice-et-le-president-de-la-hiise\/","url":"https:\/\/www.info-algerie.com\/actualites\/la-presse-nationale-traite-levaluation-de-la-campagne-electorale-etablie-par-le-ministre-de-la-justice-et-le-president-de-la-hiise\/","name":"La presse nationale traite l&#039;\u00e9valuation de la campagne \u00e9lectorale \u00e9tablie par le ministre de la Justice et le pr\u00e9sident de la HIISE - info algerie","isPartOf":{"@id":"https:\/\/www.info-algerie.com\/actualites\/#website"},"primaryImageOfPage":{"@id":"https:\/\/www.info-algerie.com\/actualites\/la-presse-nationale-traite-levaluation-de-la-campagne-electorale-etablie-par-le-ministre-de-la-justice-et-le-president-de-la-hiise\/#primaryimage"},"image":{"@id":"https:\/\/www.info-algerie.com\/actualites\/la-presse-nationale-traite-levaluation-de-la-campagne-electorale-etablie-par-le-ministre-de-la-justice-et-le-president-de-la-hiise\/#primaryimage"},"thumbnailUrl":"https:\/\/www.info-algerie.com\/actualites\/wp-content\/uploads\/2017\/05\/213f473a5cd1c97e9ee0f7bcc7d4bde7_S-1.jpg","datePublished":"2017-05-02T09:40:14+00:00","breadcrumb":{"@id":"https:\/\/www.info-algerie.com\/actualites\/la-presse-nationale-traite-levaluation-de-la-campagne-electorale-etablie-par-le-ministre-de-la-justice-et-le-president-de-la-hiise\/#breadcrumb"},"inLanguage":"fr-FR","potentialAction":[{"@type":"ReadAction","target":["https:\/\/www.info-algerie.com\/actualites\/la-presse-nationale-traite-levaluation-de-la-campagne-electorale-etablie-par-le-ministre-de-la-justice-et-le-president-de-la-hiise\/"]}]},{"@type":"ImageObject","inLanguage":"fr-FR","@id":"https:\/\/www.info-algerie.com\/actualites\/la-presse-nationale-traite-levaluation-de-la-campagne-electorale-etablie-par-le-ministre-de-la-justice-et-le-president-de-la-hiise\/#primaryimage","url":"https:\/\/www.info-algerie.com\/actualites\/wp-content\/uploads\/2017\/05\/213f473a5cd1c97e9ee0f7bcc7d4bde7_S-1.jpg","contentUrl":"https:\/\/www.info-algerie.com\/actualites\/wp-content\/uploads\/2017\/05\/213f473a5cd1c97e9ee0f7bcc7d4bde7_S-1.jpg","width":280,"height":169},{"@type":"BreadcrumbList","@id":"https:\/\/www.info-algerie.com\/actualites\/la-presse-nationale-traite-levaluation-de-la-campagne-electorale-etablie-par-le-ministre-de-la-justice-et-le-president-de-la-hiise\/#breadcrumb","itemListElement":[{"@type":"ListItem","position":1,"name":"Accueil","item":"https:\/\/www.info-algerie.com\/actualites\/"},{"@type":"ListItem","position":2,"name":"La presse nationale traite l&#039;\u00e9valuation de la campagne \u00e9lectorale \u00e9tablie par le ministre de la Justice et le pr\u00e9sident de la HIISE"}]},{"@type":"WebSite","@id":"https:\/\/www.info-algerie.com\/actualites\/#website","url":"https:\/\/www.info-algerie.com\/actualites\/","name":"info algerie","description":"Toutes les actualit\u00e9s","publisher":{"@id":"https:\/\/www.info-algerie.com\/actualites\/#organization"},"potentialAction":[{"@type":"SearchAction","target":{"@type":"EntryPoint","urlTemplate":"https:\/\/www.info-algerie.com\/actualites\/?s={search_term_string}"},"query-input":{"@type":"PropertyValueSpecification","valueRequired":true,"valueName":"search_term_string"}}],"inLanguage":"fr-FR"},{"@type":"Organization","@id":"https:\/\/www.info-algerie.com\/actualites\/#organization","name":"info algerie","url":"https:\/\/www.info-algerie.com\/actualites\/","logo":{"@type":"ImageObject","inLanguage":"fr-FR","@id":"https:\/\/www.info-algerie.com\/actualites\/#\/schema\/logo\/image\/","url":"https:\/\/www.info-algerie.com\/actualites\/wp-content\/uploads\/2022\/07\/logo-ia-120.png","contentUrl":"https:\/\/www.info-algerie.com\/actualites\/wp-content\/uploads\/2022\/07\/logo-ia-120.png","width":120,"height":43,"caption":"info algerie"},"image":{"@id":"https:\/\/www.info-algerie.com\/actualites\/#\/schema\/logo\/image\/"},"sameAs":["https:\/\/www.facebook.com\/infoalgerieactu","https:\/\/x.com\/infoalgerie1"]},{"@type":"Person","@id":"https:\/\/www.info-algerie.com\/actualites\/#\/schema\/person\/847aaec44920825b843a08f30ec6aa1e","name":"La r\u00e9daction","image":{"@type":"ImageObject","inLanguage":"fr-FR","@id":"https:\/\/secure.gravatar.com\/avatar\/769db425c6f465158149f1ffd6cf61ce7a8a879d11dfbef8288af36dfddd418c?s=96&d=mm&r=g","url":"https:\/\/secure.gravatar.com\/avatar\/769db425c6f465158149f1ffd6cf61ce7a8a879d11dfbef8288af36dfddd418c?s=96&d=mm&r=g","contentUrl":"https:\/\/secure.gravatar.com\/avatar\/769db425c6f465158149f1ffd6cf61ce7a8a879d11dfbef8288af36dfddd418c?s=96&d=mm&r=g","caption":"La r\u00e9daction"},"sameAs":["http:\/\/www.lkeria.com\/"],"url":"https:\/\/www.info-algerie.com\/actualites\/author\/chakib32\/"}]}},"_links":{"self":[{"href":"https:\/\/www.info-algerie.com\/actualites\/wp-json\/wp\/v2\/posts\/11316","targetHints":{"allow":["GET"]}}],"collection":[{"href":"https:\/\/www.info-algerie.com\/actualites\/wp-json\/wp\/v2\/posts"}],"about":[{"href":"https:\/\/www.info-algerie.com\/actualites\/wp-json\/wp\/v2\/types\/post"}],"author":[{"embeddable":true,"href":"https:\/\/www.info-algerie.com\/actualites\/wp-json\/wp\/v2\/users\/6"}],"replies":[{"embeddable":true,"href":"https:\/\/www.info-algerie.com\/actualites\/wp-json\/wp\/v2\/comments?post=11316"}],"version-history":[{"count":0,"href":"https:\/\/www.info-algerie.com\/actualites\/wp-json\/wp\/v2\/posts\/11316\/revisions"}],"wp:featuredmedia":[{"embeddable":true,"href":"https:\/\/www.info-algerie.com\/actualites\/wp-json\/wp\/v2\/media\/11317"}],"wp:attachment":[{"href":"https:\/\/www.info-algerie.com\/actualites\/wp-json\/wp\/v2\/media?parent=11316"}],"wp:term":[{"taxonomy":"category","embeddable":true,"href":"https:\/\/www.info-algerie.com\/actualites\/wp-json\/wp\/v2\/categories?post=11316"},{"taxonomy":"post_tag","embeddable":true,"href":"https:\/\/www.info-algerie.com\/actualites\/wp-json\/wp\/v2\/tags?post=11316"}],"curies":[{"name":"wp","href":"https:\/\/api.w.org\/{rel}","templated":true}]}}