{"id":11323,"date":"2017-05-02T11:57:12","date_gmt":"2017-05-02T10:57:12","guid":{"rendered":"http:\/\/www.info-algerie.com\/actualites\/dispositions-relatives-a-lelection-des-membres-de-lassemblee-populaire-nationale\/"},"modified":"2017-05-02T11:57:12","modified_gmt":"2017-05-02T10:57:12","slug":"dispositions-relatives-a-lelection-des-membres-de-lassemblee-populaire-nationale","status":"publish","type":"post","link":"https:\/\/www.info-algerie.com\/actualites\/dispositions-relatives-a-lelection-des-membres-de-lassemblee-populaire-nationale\/","title":{"rendered":"Dispositions relatives \u00e0 l\u2019\u00e9lection des membres de l\u2019Assembl\u00e9e populaire nationale"},"content":{"rendered":"<div class=\"K2FeedIntroText\">\n<p>ALGER &#8211; Les dispositions relatives \u00e0 l\u2019\u00e9lection des membres de l\u2019Assembl\u00e9e populaire nationale (APN) pour un mandat de cinq (5) ans au scrutin de liste proportionnel sont pr\u00e9cis\u00e9es dans la loi organique relative au r\u00e9gime \u00e9lectoral, promulgu\u00e9e le mois d\u2019ao\u00fbt 2016.<\/p>\n<p>&#013;\n<\/p><\/div>\n<div class=\"K2FeedFullText\">&#013;<\/p>\n<p>Dans l\u2019article 92 de la pr\u00e9sente loi, il est \u00e9nonc\u00e9 que le candidat \u00e0 l\u2019APN doit remplir les conditions pr\u00e9vues \u00e0 l\u2019article 3 de cette loi organique et \u00eatre inscrit dans la circonscription \u00e9lectorale dans laquelle il se pr\u00e9sente.<\/p>\n<p>&#013;<\/p>\n<p>La m\u00eame disposition stipule que le candidat doit \u00eatre \u00e2g\u00e9 de vingt cinq (25) ans au moins le jour du scrutin, \u00eatre de nationalit\u00e9 alg\u00e9rienne, avoir accompli les obligations du service national, ou en \u00eatre dispens\u00e9 ou ne pas avoir fait l\u2019objet d\u2019une condamnation d\u00e9finitive pour crimes ou d\u00e9lits privative de libert\u00e9 et non r\u00e9habilit\u00e9, \u00e0 l\u2019exception des d\u00e9lits\u00a0 involontaires.<\/p>\n<p>&#013;<\/p>\n<p>Dans son article 94, cette m\u00eame loi stipule que chaque liste de candidats pr\u00e9sent\u00e9e, soit sous l\u2019\u00e9gide d\u2019un ou de plusieurs partis politiques, soit au titre d\u2019une liste ind\u00e9pendante, doit \u00eatre express\u00e9ment parrain\u00e9e selon l\u2019une des formules pr\u00e9vues, \u00e0 savoir par les partis politiques ayant obtenu plus de quatre pour cent (4%) des suffrages exprim\u00e9s lors des \u00e9lections l\u00e9gislatives pr\u00e9c\u00e9dentes dans la circonscription \u00e9lectorale dans laquelle la candidature est pr\u00e9sent\u00e9e.<\/p>\n<p>&#013;<\/p>\n<p>Dans le cas o\u00f9 une liste de candidats est pr\u00e9sent\u00e9e au titre d\u2019un parti politique ne remplissant pas l\u2019une des deux conditions cit\u00e9es ci-dessus, ou au titre d\u2019un parti politique qui participe pour la premi\u00e8re fois aux \u00e9lections ou lorsqu\u2019une liste est pr\u00e9sent\u00e9e au titre de liste ind\u00e9pendante, elle doit \u00eatre appuy\u00e9e par, au moins, deux cent cinquante (250) signatures d\u2019\u00e9lecteurs de la circonscription \u00e9lectorale concern\u00e9e pour chaque si\u00e8ge \u00e0 pourvoir, est-il stipul\u00e9 dans le m\u00eame article de loi.<\/p>\n<p>&#013;<\/p>\n<p>Pour ce qui est des circonscriptions \u00e9lectorales \u00e0 l\u2019\u00e9tranger, la liste de candidats est pr\u00e9sent\u00e9e, soit au titre d\u2019un ou plusieurs partis politiques, soit au titre d\u2019une liste ind\u00e9pendante appuy\u00e9e d\u2019au moins, deux-cents (200) signatures pour si\u00e8ge \u00e0 pourvoir parmi les \u00e9lecteurs de la circonscription \u00e9lectorale concern\u00e9e.<\/p>\n<p>&#013;<\/p>\n<p>La m\u00eame disposition ajoute qu\u2019aucun \u00e9lecteur n\u2019est autoris\u00e9 \u00e0 signer ou \u00e0 apposer son empreinte pour plus d\u2019une liste. Dans le cas contraire, la signature est consid\u00e9r\u00e9e comme nulle et expose son auteur aux sanctions pr\u00e9vues \u00e0 l\u2019article 212 de la pr\u00e9sente loi organique, est-il encore \u00e9nonc\u00e9.<\/p>\n<p>&#013;<\/p>\n<p>Les imprim\u00e9s doivent porter une signature avec apposition de l\u2019empreinte de l\u2019index gauche et sont l\u00e9galis\u00e9s aupr\u00e8s d\u2019un officier public. Ils doivent comporter la mention des nom, pr\u00e9nom (s), adresse et de la carte nationale d\u2019identit\u00e9 ou d\u2019un autre document officiel prouvant l\u2019identit\u00e9 du signataire, ainsi que son num\u00e9ro d\u2019inscription sur la liste \u00e9lectorale.<\/p>\n<p>&#013;<\/p>\n<p>Pour ce qui est de la modification des listes, l\u2019article 96 pr\u00e9cise qu\u2019une liste de candidats d\u00e9pos\u00e9e ne peut faire l\u2019objet, ni de modification ni de retrait, sauf dans le cas de d\u00e9c\u00e8s. Dans le m\u00eame sillage l\u2019article 97 souligne que nul ne peut faire acte de candidature sur plus d\u2019une liste, ni dans plus d\u2019une circonscription \u00e9lectorale.<\/p>\n<p>&#013;<\/p>\n<p class=\"MsoNormal\">S\u2019agissant de l\u2019in\u00e9ligibilit\u00e9 des candidats, l\u2019article 91pr\u00e9cise que ceux qui sont in\u00e9ligibles, pendant l\u2019exercice de leurs fonctions et pour une dur\u00e9e d\u2019une (1) ann\u00e9e apr\u00e8s leur cessation de fonctions dans le ressort o\u00f9 ils exercent ou ont exerc\u00e9, sont : le wali, le wali d\u00e9l\u00e9gu\u00e9, le chef de da\u00efra, le secr\u00e9taire g\u00e9n\u00e9ral de wilaya, l\u2019inspecteur g\u00e9n\u00e9ral de wilaya, le membre du conseil ex\u00e9cutif de wilaya, le magistrat, le membre de l\u2019Arm\u00e9e nationale populaire, le fonctionnaire des corps de s\u00e9curit\u00e9, le comptable des deniers de wilaya, le contr\u00f4leur financier de wilaya, l\u2019ambassadeur et le consul g\u00e9n\u00e9ral.<\/p>\n<\/div>\n<p>&#013;<br \/>\nSource: <a href=\"http:\/\/www.aps.dz\/algerie\/56858-dispositions-relatives-a-l-election-des-membres-de-l-assemblee-populaire-nationale\" target=\"_blank\">Dispositions relatives \u00e0 l\u2019\u00e9lection des membres de l\u2019Assembl\u00e9e populaire nationale<\/a><\/p>\n<!--CusAds0-->\n<div style=\"font-size: 0px; height: 0px; line-height: 0px; margin: 0; padding: 0; clear: both;\"><\/div>","protected":false},"excerpt":{"rendered":"<p>ALGER &#8211; Les dispositions relatives \u00e0 l\u2019\u00e9lection des membres de l\u2019Assembl\u00e9e populaire nationale (APN) pour un mandat de cinq (5) ans au scrutin de liste proportionnel sont pr\u00e9cis\u00e9es dans la loi organique relative au r\u00e9gime \u00e9lectoral, promulgu\u00e9e le mois d\u2019ao\u00fbt 2016. &#013; &#013; Dans l\u2019article 92 de la pr\u00e9sente loi, il est \u00e9nonc\u00e9 que le<\/p>\n","protected":false},"author":6,"featured_media":0,"comment_status":"open","ping_status":"open","sticky":false,"template":"","format":"standard","meta":{"footnotes":""},"categories":[22],"tags":[93],"class_list":["post-11323","post","type-post","status-publish","format-standard","hentry","category-infos","tag-onu"],"yoast_head":"<!-- This site is optimized with the Yoast SEO plugin v27.5 - https:\/\/yoast.com\/product\/yoast-seo-wordpress\/ -->\n<title>Dispositions relatives \u00e0 l\u2019\u00e9lection des membres de l\u2019Assembl\u00e9e populaire nationale - info algerie<\/title>\n<meta name=\"robots\" content=\"index, follow, max-snippet:-1, max-image-preview:large, max-video-preview:-1\" \/>\n<link rel=\"canonical\" href=\"https:\/\/www.info-algerie.com\/actualites\/dispositions-relatives-a-lelection-des-membres-de-lassemblee-populaire-nationale\/\" \/>\n<meta property=\"og:locale\" content=\"fr_FR\" \/>\n<meta property=\"og:type\" content=\"article\" \/>\n<meta property=\"og:title\" content=\"Dispositions relatives \u00e0 l\u2019\u00e9lection des membres de l\u2019Assembl\u00e9e populaire nationale - info algerie\" \/>\n<meta property=\"og:description\" content=\"ALGER &#8211; Les dispositions relatives \u00e0 l\u2019\u00e9lection des membres de l\u2019Assembl\u00e9e populaire nationale (APN) pour un mandat de cinq (5) ans au scrutin de liste proportionnel sont pr\u00e9cis\u00e9es dans la loi organique relative au r\u00e9gime \u00e9lectoral, promulgu\u00e9e le mois d\u2019ao\u00fbt 2016. &#013; &#013; Dans l\u2019article 92 de la pr\u00e9sente loi, il est \u00e9nonc\u00e9 que le\" \/>\n<meta property=\"og:url\" content=\"https:\/\/www.info-algerie.com\/actualites\/dispositions-relatives-a-lelection-des-membres-de-lassemblee-populaire-nationale\/\" \/>\n<meta property=\"og:site_name\" content=\"info algerie\" \/>\n<meta property=\"article:publisher\" content=\"https:\/\/www.facebook.com\/infoalgerieactu\" \/>\n<meta property=\"article:published_time\" content=\"2017-05-02T10:57:12+00:00\" \/>\n<meta name=\"author\" content=\"La r\u00e9daction\" \/>\n<meta name=\"twitter:label1\" content=\"\u00c9crit par\" \/>\n\t<meta name=\"twitter:data1\" content=\"La r\u00e9daction\" \/>\n\t<meta name=\"twitter:label2\" content=\"Dur\u00e9e de lecture estim\u00e9e\" \/>\n\t<meta name=\"twitter:data2\" content=\"4 minutes\" \/>\n<script type=\"application\/ld+json\" class=\"yoast-schema-graph\">{\"@context\":\"https:\\\/\\\/schema.org\",\"@graph\":[{\"@type\":\"Article\",\"@id\":\"https:\\\/\\\/www.info-algerie.com\\\/actualites\\\/dispositions-relatives-a-lelection-des-membres-de-lassemblee-populaire-nationale\\\/#article\",\"isPartOf\":{\"@id\":\"https:\\\/\\\/www.info-algerie.com\\\/actualites\\\/dispositions-relatives-a-lelection-des-membres-de-lassemblee-populaire-nationale\\\/\"},\"author\":{\"name\":\"La r\u00e9daction\",\"@id\":\"https:\\\/\\\/www.info-algerie.com\\\/actualites\\\/#\\\/schema\\\/person\\\/847aaec44920825b843a08f30ec6aa1e\"},\"headline\":\"Dispositions relatives \u00e0 l\u2019\u00e9lection des membres de l\u2019Assembl\u00e9e populaire nationale\",\"datePublished\":\"2017-05-02T10:57:12+00:00\",\"mainEntityOfPage\":{\"@id\":\"https:\\\/\\\/www.info-algerie.com\\\/actualites\\\/dispositions-relatives-a-lelection-des-membres-de-lassemblee-populaire-nationale\\\/\"},\"wordCount\":719,\"commentCount\":0,\"publisher\":{\"@id\":\"https:\\\/\\\/www.info-algerie.com\\\/actualites\\\/#organization\"},\"keywords\":[\"ONU\"],\"articleSection\":[\"infos\"],\"inLanguage\":\"fr-FR\",\"potentialAction\":[{\"@type\":\"CommentAction\",\"name\":\"Comment\",\"target\":[\"https:\\\/\\\/www.info-algerie.com\\\/actualites\\\/dispositions-relatives-a-lelection-des-membres-de-lassemblee-populaire-nationale\\\/#respond\"]}]},{\"@type\":\"WebPage\",\"@id\":\"https:\\\/\\\/www.info-algerie.com\\\/actualites\\\/dispositions-relatives-a-lelection-des-membres-de-lassemblee-populaire-nationale\\\/\",\"url\":\"https:\\\/\\\/www.info-algerie.com\\\/actualites\\\/dispositions-relatives-a-lelection-des-membres-de-lassemblee-populaire-nationale\\\/\",\"name\":\"Dispositions relatives \u00e0 l\u2019\u00e9lection des membres de l\u2019Assembl\u00e9e populaire nationale - info algerie\",\"isPartOf\":{\"@id\":\"https:\\\/\\\/www.info-algerie.com\\\/actualites\\\/#website\"},\"datePublished\":\"2017-05-02T10:57:12+00:00\",\"breadcrumb\":{\"@id\":\"https:\\\/\\\/www.info-algerie.com\\\/actualites\\\/dispositions-relatives-a-lelection-des-membres-de-lassemblee-populaire-nationale\\\/#breadcrumb\"},\"inLanguage\":\"fr-FR\",\"potentialAction\":[{\"@type\":\"ReadAction\",\"target\":[\"https:\\\/\\\/www.info-algerie.com\\\/actualites\\\/dispositions-relatives-a-lelection-des-membres-de-lassemblee-populaire-nationale\\\/\"]}]},{\"@type\":\"BreadcrumbList\",\"@id\":\"https:\\\/\\\/www.info-algerie.com\\\/actualites\\\/dispositions-relatives-a-lelection-des-membres-de-lassemblee-populaire-nationale\\\/#breadcrumb\",\"itemListElement\":[{\"@type\":\"ListItem\",\"position\":1,\"name\":\"Accueil\",\"item\":\"https:\\\/\\\/www.info-algerie.com\\\/actualites\\\/\"},{\"@type\":\"ListItem\",\"position\":2,\"name\":\"Dispositions relatives \u00e0 l\u2019\u00e9lection des membres de l\u2019Assembl\u00e9e populaire nationale\"}]},{\"@type\":\"WebSite\",\"@id\":\"https:\\\/\\\/www.info-algerie.com\\\/actualites\\\/#website\",\"url\":\"https:\\\/\\\/www.info-algerie.com\\\/actualites\\\/\",\"name\":\"info algerie\",\"description\":\"Toutes les actualit\u00e9s\",\"publisher\":{\"@id\":\"https:\\\/\\\/www.info-algerie.com\\\/actualites\\\/#organization\"},\"potentialAction\":[{\"@type\":\"SearchAction\",\"target\":{\"@type\":\"EntryPoint\",\"urlTemplate\":\"https:\\\/\\\/www.info-algerie.com\\\/actualites\\\/?s={search_term_string}\"},\"query-input\":{\"@type\":\"PropertyValueSpecification\",\"valueRequired\":true,\"valueName\":\"search_term_string\"}}],\"inLanguage\":\"fr-FR\"},{\"@type\":\"Organization\",\"@id\":\"https:\\\/\\\/www.info-algerie.com\\\/actualites\\\/#organization\",\"name\":\"info algerie\",\"url\":\"https:\\\/\\\/www.info-algerie.com\\\/actualites\\\/\",\"logo\":{\"@type\":\"ImageObject\",\"inLanguage\":\"fr-FR\",\"@id\":\"https:\\\/\\\/www.info-algerie.com\\\/actualites\\\/#\\\/schema\\\/logo\\\/image\\\/\",\"url\":\"https:\\\/\\\/www.info-algerie.com\\\/actualites\\\/wp-content\\\/uploads\\\/2022\\\/07\\\/logo-ia-120.png\",\"contentUrl\":\"https:\\\/\\\/www.info-algerie.com\\\/actualites\\\/wp-content\\\/uploads\\\/2022\\\/07\\\/logo-ia-120.png\",\"width\":120,\"height\":43,\"caption\":\"info algerie\"},\"image\":{\"@id\":\"https:\\\/\\\/www.info-algerie.com\\\/actualites\\\/#\\\/schema\\\/logo\\\/image\\\/\"},\"sameAs\":[\"https:\\\/\\\/www.facebook.com\\\/infoalgerieactu\",\"https:\\\/\\\/x.com\\\/infoalgerie1\"]},{\"@type\":\"Person\",\"@id\":\"https:\\\/\\\/www.info-algerie.com\\\/actualites\\\/#\\\/schema\\\/person\\\/847aaec44920825b843a08f30ec6aa1e\",\"name\":\"La r\u00e9daction\",\"image\":{\"@type\":\"ImageObject\",\"inLanguage\":\"fr-FR\",\"@id\":\"https:\\\/\\\/secure.gravatar.com\\\/avatar\\\/769db425c6f465158149f1ffd6cf61ce7a8a879d11dfbef8288af36dfddd418c?s=96&d=mm&r=g\",\"url\":\"https:\\\/\\\/secure.gravatar.com\\\/avatar\\\/769db425c6f465158149f1ffd6cf61ce7a8a879d11dfbef8288af36dfddd418c?s=96&d=mm&r=g\",\"contentUrl\":\"https:\\\/\\\/secure.gravatar.com\\\/avatar\\\/769db425c6f465158149f1ffd6cf61ce7a8a879d11dfbef8288af36dfddd418c?s=96&d=mm&r=g\",\"caption\":\"La r\u00e9daction\"},\"sameAs\":[\"http:\\\/\\\/www.lkeria.com\\\/\"],\"url\":\"https:\\\/\\\/www.info-algerie.com\\\/actualites\\\/author\\\/chakib32\\\/\"}]}<\/script>\n<!-- \/ Yoast SEO plugin. -->","yoast_head_json":{"title":"Dispositions relatives \u00e0 l\u2019\u00e9lection des membres de l\u2019Assembl\u00e9e populaire nationale - info algerie","robots":{"index":"index","follow":"follow","max-snippet":"max-snippet:-1","max-image-preview":"max-image-preview:large","max-video-preview":"max-video-preview:-1"},"canonical":"https:\/\/www.info-algerie.com\/actualites\/dispositions-relatives-a-lelection-des-membres-de-lassemblee-populaire-nationale\/","og_locale":"fr_FR","og_type":"article","og_title":"Dispositions relatives \u00e0 l\u2019\u00e9lection des membres de l\u2019Assembl\u00e9e populaire nationale - info algerie","og_description":"ALGER &#8211; Les dispositions relatives \u00e0 l\u2019\u00e9lection des membres de l\u2019Assembl\u00e9e populaire nationale (APN) pour un mandat de cinq (5) ans au scrutin de liste proportionnel sont pr\u00e9cis\u00e9es dans la loi organique relative au r\u00e9gime \u00e9lectoral, promulgu\u00e9e le mois d\u2019ao\u00fbt 2016. &#013; &#013; Dans l\u2019article 92 de la pr\u00e9sente loi, il est \u00e9nonc\u00e9 que le","og_url":"https:\/\/www.info-algerie.com\/actualites\/dispositions-relatives-a-lelection-des-membres-de-lassemblee-populaire-nationale\/","og_site_name":"info algerie","article_publisher":"https:\/\/www.facebook.com\/infoalgerieactu","article_published_time":"2017-05-02T10:57:12+00:00","author":"La r\u00e9daction","twitter_misc":{"\u00c9crit par":"La r\u00e9daction","Dur\u00e9e de lecture estim\u00e9e":"4 minutes"},"schema":{"@context":"https:\/\/schema.org","@graph":[{"@type":"Article","@id":"https:\/\/www.info-algerie.com\/actualites\/dispositions-relatives-a-lelection-des-membres-de-lassemblee-populaire-nationale\/#article","isPartOf":{"@id":"https:\/\/www.info-algerie.com\/actualites\/dispositions-relatives-a-lelection-des-membres-de-lassemblee-populaire-nationale\/"},"author":{"name":"La r\u00e9daction","@id":"https:\/\/www.info-algerie.com\/actualites\/#\/schema\/person\/847aaec44920825b843a08f30ec6aa1e"},"headline":"Dispositions relatives \u00e0 l\u2019\u00e9lection des membres de l\u2019Assembl\u00e9e populaire nationale","datePublished":"2017-05-02T10:57:12+00:00","mainEntityOfPage":{"@id":"https:\/\/www.info-algerie.com\/actualites\/dispositions-relatives-a-lelection-des-membres-de-lassemblee-populaire-nationale\/"},"wordCount":719,"commentCount":0,"publisher":{"@id":"https:\/\/www.info-algerie.com\/actualites\/#organization"},"keywords":["ONU"],"articleSection":["infos"],"inLanguage":"fr-FR","potentialAction":[{"@type":"CommentAction","name":"Comment","target":["https:\/\/www.info-algerie.com\/actualites\/dispositions-relatives-a-lelection-des-membres-de-lassemblee-populaire-nationale\/#respond"]}]},{"@type":"WebPage","@id":"https:\/\/www.info-algerie.com\/actualites\/dispositions-relatives-a-lelection-des-membres-de-lassemblee-populaire-nationale\/","url":"https:\/\/www.info-algerie.com\/actualites\/dispositions-relatives-a-lelection-des-membres-de-lassemblee-populaire-nationale\/","name":"Dispositions relatives \u00e0 l\u2019\u00e9lection des membres de l\u2019Assembl\u00e9e populaire nationale - info algerie","isPartOf":{"@id":"https:\/\/www.info-algerie.com\/actualites\/#website"},"datePublished":"2017-05-02T10:57:12+00:00","breadcrumb":{"@id":"https:\/\/www.info-algerie.com\/actualites\/dispositions-relatives-a-lelection-des-membres-de-lassemblee-populaire-nationale\/#breadcrumb"},"inLanguage":"fr-FR","potentialAction":[{"@type":"ReadAction","target":["https:\/\/www.info-algerie.com\/actualites\/dispositions-relatives-a-lelection-des-membres-de-lassemblee-populaire-nationale\/"]}]},{"@type":"BreadcrumbList","@id":"https:\/\/www.info-algerie.com\/actualites\/dispositions-relatives-a-lelection-des-membres-de-lassemblee-populaire-nationale\/#breadcrumb","itemListElement":[{"@type":"ListItem","position":1,"name":"Accueil","item":"https:\/\/www.info-algerie.com\/actualites\/"},{"@type":"ListItem","position":2,"name":"Dispositions relatives \u00e0 l\u2019\u00e9lection des membres de l\u2019Assembl\u00e9e populaire nationale"}]},{"@type":"WebSite","@id":"https:\/\/www.info-algerie.com\/actualites\/#website","url":"https:\/\/www.info-algerie.com\/actualites\/","name":"info algerie","description":"Toutes les actualit\u00e9s","publisher":{"@id":"https:\/\/www.info-algerie.com\/actualites\/#organization"},"potentialAction":[{"@type":"SearchAction","target":{"@type":"EntryPoint","urlTemplate":"https:\/\/www.info-algerie.com\/actualites\/?s={search_term_string}"},"query-input":{"@type":"PropertyValueSpecification","valueRequired":true,"valueName":"search_term_string"}}],"inLanguage":"fr-FR"},{"@type":"Organization","@id":"https:\/\/www.info-algerie.com\/actualites\/#organization","name":"info algerie","url":"https:\/\/www.info-algerie.com\/actualites\/","logo":{"@type":"ImageObject","inLanguage":"fr-FR","@id":"https:\/\/www.info-algerie.com\/actualites\/#\/schema\/logo\/image\/","url":"https:\/\/www.info-algerie.com\/actualites\/wp-content\/uploads\/2022\/07\/logo-ia-120.png","contentUrl":"https:\/\/www.info-algerie.com\/actualites\/wp-content\/uploads\/2022\/07\/logo-ia-120.png","width":120,"height":43,"caption":"info algerie"},"image":{"@id":"https:\/\/www.info-algerie.com\/actualites\/#\/schema\/logo\/image\/"},"sameAs":["https:\/\/www.facebook.com\/infoalgerieactu","https:\/\/x.com\/infoalgerie1"]},{"@type":"Person","@id":"https:\/\/www.info-algerie.com\/actualites\/#\/schema\/person\/847aaec44920825b843a08f30ec6aa1e","name":"La r\u00e9daction","image":{"@type":"ImageObject","inLanguage":"fr-FR","@id":"https:\/\/secure.gravatar.com\/avatar\/769db425c6f465158149f1ffd6cf61ce7a8a879d11dfbef8288af36dfddd418c?s=96&d=mm&r=g","url":"https:\/\/secure.gravatar.com\/avatar\/769db425c6f465158149f1ffd6cf61ce7a8a879d11dfbef8288af36dfddd418c?s=96&d=mm&r=g","contentUrl":"https:\/\/secure.gravatar.com\/avatar\/769db425c6f465158149f1ffd6cf61ce7a8a879d11dfbef8288af36dfddd418c?s=96&d=mm&r=g","caption":"La r\u00e9daction"},"sameAs":["http:\/\/www.lkeria.com\/"],"url":"https:\/\/www.info-algerie.com\/actualites\/author\/chakib32\/"}]}},"_links":{"self":[{"href":"https:\/\/www.info-algerie.com\/actualites\/wp-json\/wp\/v2\/posts\/11323","targetHints":{"allow":["GET"]}}],"collection":[{"href":"https:\/\/www.info-algerie.com\/actualites\/wp-json\/wp\/v2\/posts"}],"about":[{"href":"https:\/\/www.info-algerie.com\/actualites\/wp-json\/wp\/v2\/types\/post"}],"author":[{"embeddable":true,"href":"https:\/\/www.info-algerie.com\/actualites\/wp-json\/wp\/v2\/users\/6"}],"replies":[{"embeddable":true,"href":"https:\/\/www.info-algerie.com\/actualites\/wp-json\/wp\/v2\/comments?post=11323"}],"version-history":[{"count":0,"href":"https:\/\/www.info-algerie.com\/actualites\/wp-json\/wp\/v2\/posts\/11323\/revisions"}],"wp:attachment":[{"href":"https:\/\/www.info-algerie.com\/actualites\/wp-json\/wp\/v2\/media?parent=11323"}],"wp:term":[{"taxonomy":"category","embeddable":true,"href":"https:\/\/www.info-algerie.com\/actualites\/wp-json\/wp\/v2\/categories?post=11323"},{"taxonomy":"post_tag","embeddable":true,"href":"https:\/\/www.info-algerie.com\/actualites\/wp-json\/wp\/v2\/tags?post=11323"}],"curies":[{"name":"wp","href":"https:\/\/api.w.org\/{rel}","templated":true}]}}