{"id":11333,"date":"2017-05-02T14:38:42","date_gmt":"2017-05-02T13:38:42","guid":{"rendered":"http:\/\/www.info-algerie.com\/actualites\/larav-reagit-apres-la-transgression-de-la-periode-de-silence-par-echourouk-news\/"},"modified":"2017-05-02T14:38:42","modified_gmt":"2017-05-02T13:38:42","slug":"larav-reagit-apres-la-transgression-de-la-periode-de-silence-par-echourouk-news","status":"publish","type":"post","link":"https:\/\/www.info-algerie.com\/actualites\/larav-reagit-apres-la-transgression-de-la-periode-de-silence-par-echourouk-news\/","title":{"rendered":"L&#039;ARAV r\u00e9agit apr\u00e8s la &quot;transgression&quot; de la p\u00e9riode de  silence par Echourouk News"},"content":{"rendered":"<div class=\"K2FeedIntroText\">\n<p>ALGER- L&rsquo;Autorit\u00e9 de R\u00e9gulation de l&rsquo;Audiovisuel (ARAV) a\u00a0 pris contact avec le pr\u00e9sident du groupe Echourouk pour lui faire part de\u00a0 la \u00ab\u00a0gravit\u00e9\u00a0\u00bb de l&rsquo;infraction commise par la cha\u00eene Echourouk News en\u00a0 diffusant lundi dans son journal t\u00e9l\u00e9vis\u00e9 de 19h00 en version fran\u00e7aise, un\u00a0 entretien avec un candidat aux \u00e9lections l\u00e9gislatives, en d\u00e9pit de la\u00a0 p\u00e9riode de silence impos\u00e9 par la loi durant les\u00a0 trois jours pr\u00e9c\u00e9dant le vote, indique mardi un communiqu\u00e9 de l&rsquo;ARAV.<\/p>\n<p>&#013;\n<\/p><\/div>\n<div class=\"K2FeedFullText\">&#013;<\/p>\n<p>\u00ab\u00a0La cha\u00eene Echourouk News a diffus\u00e9 lundi 1 mai 2017 dans son journal\u00a0 t\u00e9l\u00e9vis\u00e9 de 19h00 en version fran\u00e7aise, un entretien avec un candidat aux\u00a0 \u00e9lections l\u00e9gislatives, en d\u00e9pit de la p\u00e9riode de silence impos\u00e9 par la loi\u00a0 durant les trois jours pr\u00e9c\u00e9dant le vote\u00a0\u00bb, note la m\u00eame source, pr\u00e9cisant\u00a0<\/p>\n<p>&#013;<\/p>\n<p>qu'\u00a0\u00bbaussit\u00f4t, le pr\u00e9sident de l&rsquo;ARAV a pris contact avec le pr\u00e9sident du\u00a0 groupe Echourouk pour lui faire part de la gravit\u00e9 de cette infraction\u00a0\u00bb.<\/p>\n<p>&#013;<\/p>\n<p>La direction de la cha\u00eene \u00ab\u00a0a reconnu sa faute et s&rsquo;est engag\u00e9e \u00e0 r\u00e9agir\u00a0 imm\u00e9diatement. Elle a pr\u00e9sent\u00e9 ses excuses \u00e0 l&rsquo;ouverture de son journal\u00a0 t\u00e9l\u00e9vis\u00e9 principal de 20h30 et y a annonc\u00e9 des mesures qu&rsquo;elle prendra par\u00a0 la suite\u00a0\u00bb, ajoute le communiqu\u00e9.<\/p>\n<p>&#013;<\/p>\n<p>L&rsquo;ARAV \u00ab\u00a0d\u00e9plore cette transgression de la loi qui vient ternir le travail\u00a0 d&rsquo;accompagnement qu&rsquo;elle s&rsquo;est efforc\u00e9e de mener tout au long de la\u00a0 campagne \u00e9lectorale et se r\u00e9serve le droit de faire appliquer la loi dans\u00a0 toute sa rigueur\u00a0\u00bb, rel\u00e8ve la m\u00eame source.<\/p>\n<p>&#013;<\/p>\n<p>L&rsquo;ARAV avait rappel\u00e9 que les cha\u00eenes de t\u00e9l\u00e9vision et de radio, publiques\u00a0 et priv\u00e9es, \u00e9taient interdites de couvrir la campagne \u00e9lectorale des\u00a0 l\u00e9gislatives du 4 mai \u00ab\u00a0sous quelle que forme que ce soit\u00a0\u00bb au-del\u00e0 de sa\u00a0 p\u00e9riode l\u00e9gale, qui a pris fin dimanche \u00e0 minuit.<\/p>\n<p>&#013;<\/p>\n<p>Elle avait invit\u00e9, \u00e0 cet effet, tous les responsables des m\u00e9dias\u00a0 audiovisuels \u00e0 \u00ab\u00a0bannir\u00a0\u00bb, durant cette p\u00e9riode\u00a0 de silence, \u00ab\u00a0toute forme de\u00a0 propagande ou de couverture politique, toute diffusion d&rsquo;\u00e9mission directe,\u00a0 toute op\u00e9ration de sondage et toute publication de r\u00e9sultat avant la\u00a0 fermeture du dernier bureau de vote\u00a0\u00bb.<\/p>\n<\/div>\n<p>&#013;<br \/>\nSource: <a href=\"http:\/\/www.aps.dz\/algerie\/56865-l-arav-reagit-apres-la-transgression-de-la-periode-de-silence-par-echourouk-news\" target=\"_blank\">L&rsquo;ARAV r\u00e9agit apr\u00e8s la \u00ab\u00a0transgression\u00a0\u00bb de la p\u00e9riode de  silence par Echourouk News<\/a><\/p>\n<!--CusAds0-->\n<div style=\"font-size: 0px; height: 0px; line-height: 0px; margin: 0; padding: 0; clear: both;\"><\/div>","protected":false},"excerpt":{"rendered":"<p>ALGER- L&rsquo;Autorit\u00e9 de R\u00e9gulation de l&rsquo;Audiovisuel (ARAV) a\u00a0 pris contact avec le pr\u00e9sident du groupe Echourouk pour lui faire part de\u00a0 la \u00ab\u00a0gravit\u00e9\u00a0\u00bb de l&rsquo;infraction commise par la cha\u00eene Echourouk News en\u00a0 diffusant lundi dans son journal t\u00e9l\u00e9vis\u00e9 de 19h00 en version fran\u00e7aise, un\u00a0 entretien avec un candidat aux \u00e9lections l\u00e9gislatives, en d\u00e9pit de la\u00a0<\/p>\n","protected":false},"author":6,"featured_media":0,"comment_status":"open","ping_status":"open","sticky":false,"template":"","format":"standard","meta":{"footnotes":""},"categories":[22],"tags":[93],"class_list":["post-11333","post","type-post","status-publish","format-standard","hentry","category-infos","tag-onu"],"yoast_head":"<!-- This site is optimized with the Yoast SEO plugin v27.5 - https:\/\/yoast.com\/product\/yoast-seo-wordpress\/ -->\n<title>L&#039;ARAV r\u00e9agit apr\u00e8s la &quot;transgression&quot; de la p\u00e9riode de silence par Echourouk News - info algerie<\/title>\n<meta name=\"robots\" content=\"index, follow, max-snippet:-1, max-image-preview:large, max-video-preview:-1\" \/>\n<link rel=\"canonical\" href=\"https:\/\/www.info-algerie.com\/actualites\/larav-reagit-apres-la-transgression-de-la-periode-de-silence-par-echourouk-news\/\" \/>\n<meta property=\"og:locale\" content=\"fr_FR\" \/>\n<meta property=\"og:type\" content=\"article\" \/>\n<meta property=\"og:title\" content=\"L&#039;ARAV r\u00e9agit apr\u00e8s la &quot;transgression&quot; de la p\u00e9riode de silence par Echourouk News - info algerie\" \/>\n<meta property=\"og:description\" content=\"ALGER- L&rsquo;Autorit\u00e9 de R\u00e9gulation de l&rsquo;Audiovisuel (ARAV) a\u00a0 pris contact avec le pr\u00e9sident du groupe Echourouk pour lui faire part de\u00a0 la \u00ab\u00a0gravit\u00e9\u00a0\u00bb de l&rsquo;infraction commise par la cha\u00eene Echourouk News en\u00a0 diffusant lundi dans son journal t\u00e9l\u00e9vis\u00e9 de 19h00 en version fran\u00e7aise, un\u00a0 entretien avec un candidat aux \u00e9lections l\u00e9gislatives, en d\u00e9pit de la\u00a0\" \/>\n<meta property=\"og:url\" content=\"https:\/\/www.info-algerie.com\/actualites\/larav-reagit-apres-la-transgression-de-la-periode-de-silence-par-echourouk-news\/\" \/>\n<meta property=\"og:site_name\" content=\"info algerie\" \/>\n<meta property=\"article:publisher\" content=\"https:\/\/www.facebook.com\/infoalgerieactu\" \/>\n<meta property=\"article:published_time\" content=\"2017-05-02T13:38:42+00:00\" \/>\n<meta name=\"author\" content=\"La r\u00e9daction\" \/>\n<meta name=\"twitter:label1\" content=\"\u00c9crit par\" \/>\n\t<meta name=\"twitter:data1\" content=\"La r\u00e9daction\" \/>\n\t<meta name=\"twitter:label2\" content=\"Dur\u00e9e de lecture estim\u00e9e\" \/>\n\t<meta name=\"twitter:data2\" content=\"2 minutes\" \/>\n<script type=\"application\/ld+json\" class=\"yoast-schema-graph\">{\"@context\":\"https:\\\/\\\/schema.org\",\"@graph\":[{\"@type\":\"Article\",\"@id\":\"https:\\\/\\\/www.info-algerie.com\\\/actualites\\\/larav-reagit-apres-la-transgression-de-la-periode-de-silence-par-echourouk-news\\\/#article\",\"isPartOf\":{\"@id\":\"https:\\\/\\\/www.info-algerie.com\\\/actualites\\\/larav-reagit-apres-la-transgression-de-la-periode-de-silence-par-echourouk-news\\\/\"},\"author\":{\"name\":\"La r\u00e9daction\",\"@id\":\"https:\\\/\\\/www.info-algerie.com\\\/actualites\\\/#\\\/schema\\\/person\\\/847aaec44920825b843a08f30ec6aa1e\"},\"headline\":\"L&#039;ARAV r\u00e9agit apr\u00e8s la &quot;transgression&quot; de la p\u00e9riode de silence par Echourouk News\",\"datePublished\":\"2017-05-02T13:38:42+00:00\",\"mainEntityOfPage\":{\"@id\":\"https:\\\/\\\/www.info-algerie.com\\\/actualites\\\/larav-reagit-apres-la-transgression-de-la-periode-de-silence-par-echourouk-news\\\/\"},\"wordCount\":420,\"commentCount\":0,\"publisher\":{\"@id\":\"https:\\\/\\\/www.info-algerie.com\\\/actualites\\\/#organization\"},\"keywords\":[\"ONU\"],\"articleSection\":[\"infos\"],\"inLanguage\":\"fr-FR\",\"potentialAction\":[{\"@type\":\"CommentAction\",\"name\":\"Comment\",\"target\":[\"https:\\\/\\\/www.info-algerie.com\\\/actualites\\\/larav-reagit-apres-la-transgression-de-la-periode-de-silence-par-echourouk-news\\\/#respond\"]}]},{\"@type\":\"WebPage\",\"@id\":\"https:\\\/\\\/www.info-algerie.com\\\/actualites\\\/larav-reagit-apres-la-transgression-de-la-periode-de-silence-par-echourouk-news\\\/\",\"url\":\"https:\\\/\\\/www.info-algerie.com\\\/actualites\\\/larav-reagit-apres-la-transgression-de-la-periode-de-silence-par-echourouk-news\\\/\",\"name\":\"L&#039;ARAV r\u00e9agit apr\u00e8s la &quot;transgression&quot; de la p\u00e9riode de silence par Echourouk News - info algerie\",\"isPartOf\":{\"@id\":\"https:\\\/\\\/www.info-algerie.com\\\/actualites\\\/#website\"},\"datePublished\":\"2017-05-02T13:38:42+00:00\",\"breadcrumb\":{\"@id\":\"https:\\\/\\\/www.info-algerie.com\\\/actualites\\\/larav-reagit-apres-la-transgression-de-la-periode-de-silence-par-echourouk-news\\\/#breadcrumb\"},\"inLanguage\":\"fr-FR\",\"potentialAction\":[{\"@type\":\"ReadAction\",\"target\":[\"https:\\\/\\\/www.info-algerie.com\\\/actualites\\\/larav-reagit-apres-la-transgression-de-la-periode-de-silence-par-echourouk-news\\\/\"]}]},{\"@type\":\"BreadcrumbList\",\"@id\":\"https:\\\/\\\/www.info-algerie.com\\\/actualites\\\/larav-reagit-apres-la-transgression-de-la-periode-de-silence-par-echourouk-news\\\/#breadcrumb\",\"itemListElement\":[{\"@type\":\"ListItem\",\"position\":1,\"name\":\"Accueil\",\"item\":\"https:\\\/\\\/www.info-algerie.com\\\/actualites\\\/\"},{\"@type\":\"ListItem\",\"position\":2,\"name\":\"L&#039;ARAV r\u00e9agit apr\u00e8s la &quot;transgression&quot; de la p\u00e9riode de silence par Echourouk News\"}]},{\"@type\":\"WebSite\",\"@id\":\"https:\\\/\\\/www.info-algerie.com\\\/actualites\\\/#website\",\"url\":\"https:\\\/\\\/www.info-algerie.com\\\/actualites\\\/\",\"name\":\"info algerie\",\"description\":\"Toutes les actualit\u00e9s\",\"publisher\":{\"@id\":\"https:\\\/\\\/www.info-algerie.com\\\/actualites\\\/#organization\"},\"potentialAction\":[{\"@type\":\"SearchAction\",\"target\":{\"@type\":\"EntryPoint\",\"urlTemplate\":\"https:\\\/\\\/www.info-algerie.com\\\/actualites\\\/?s={search_term_string}\"},\"query-input\":{\"@type\":\"PropertyValueSpecification\",\"valueRequired\":true,\"valueName\":\"search_term_string\"}}],\"inLanguage\":\"fr-FR\"},{\"@type\":\"Organization\",\"@id\":\"https:\\\/\\\/www.info-algerie.com\\\/actualites\\\/#organization\",\"name\":\"info algerie\",\"url\":\"https:\\\/\\\/www.info-algerie.com\\\/actualites\\\/\",\"logo\":{\"@type\":\"ImageObject\",\"inLanguage\":\"fr-FR\",\"@id\":\"https:\\\/\\\/www.info-algerie.com\\\/actualites\\\/#\\\/schema\\\/logo\\\/image\\\/\",\"url\":\"https:\\\/\\\/www.info-algerie.com\\\/actualites\\\/wp-content\\\/uploads\\\/2022\\\/07\\\/logo-ia-120.png\",\"contentUrl\":\"https:\\\/\\\/www.info-algerie.com\\\/actualites\\\/wp-content\\\/uploads\\\/2022\\\/07\\\/logo-ia-120.png\",\"width\":120,\"height\":43,\"caption\":\"info algerie\"},\"image\":{\"@id\":\"https:\\\/\\\/www.info-algerie.com\\\/actualites\\\/#\\\/schema\\\/logo\\\/image\\\/\"},\"sameAs\":[\"https:\\\/\\\/www.facebook.com\\\/infoalgerieactu\",\"https:\\\/\\\/x.com\\\/infoalgerie1\"]},{\"@type\":\"Person\",\"@id\":\"https:\\\/\\\/www.info-algerie.com\\\/actualites\\\/#\\\/schema\\\/person\\\/847aaec44920825b843a08f30ec6aa1e\",\"name\":\"La r\u00e9daction\",\"image\":{\"@type\":\"ImageObject\",\"inLanguage\":\"fr-FR\",\"@id\":\"https:\\\/\\\/secure.gravatar.com\\\/avatar\\\/769db425c6f465158149f1ffd6cf61ce7a8a879d11dfbef8288af36dfddd418c?s=96&d=mm&r=g\",\"url\":\"https:\\\/\\\/secure.gravatar.com\\\/avatar\\\/769db425c6f465158149f1ffd6cf61ce7a8a879d11dfbef8288af36dfddd418c?s=96&d=mm&r=g\",\"contentUrl\":\"https:\\\/\\\/secure.gravatar.com\\\/avatar\\\/769db425c6f465158149f1ffd6cf61ce7a8a879d11dfbef8288af36dfddd418c?s=96&d=mm&r=g\",\"caption\":\"La r\u00e9daction\"},\"sameAs\":[\"http:\\\/\\\/www.lkeria.com\\\/\"],\"url\":\"https:\\\/\\\/www.info-algerie.com\\\/actualites\\\/author\\\/chakib32\\\/\"}]}<\/script>\n<!-- \/ Yoast SEO plugin. -->","yoast_head_json":{"title":"L&#039;ARAV r\u00e9agit apr\u00e8s la &quot;transgression&quot; de la p\u00e9riode de silence par Echourouk News - info algerie","robots":{"index":"index","follow":"follow","max-snippet":"max-snippet:-1","max-image-preview":"max-image-preview:large","max-video-preview":"max-video-preview:-1"},"canonical":"https:\/\/www.info-algerie.com\/actualites\/larav-reagit-apres-la-transgression-de-la-periode-de-silence-par-echourouk-news\/","og_locale":"fr_FR","og_type":"article","og_title":"L&#039;ARAV r\u00e9agit apr\u00e8s la &quot;transgression&quot; de la p\u00e9riode de silence par Echourouk News - info algerie","og_description":"ALGER- L&rsquo;Autorit\u00e9 de R\u00e9gulation de l&rsquo;Audiovisuel (ARAV) a\u00a0 pris contact avec le pr\u00e9sident du groupe Echourouk pour lui faire part de\u00a0 la \u00ab\u00a0gravit\u00e9\u00a0\u00bb de l&rsquo;infraction commise par la cha\u00eene Echourouk News en\u00a0 diffusant lundi dans son journal t\u00e9l\u00e9vis\u00e9 de 19h00 en version fran\u00e7aise, un\u00a0 entretien avec un candidat aux \u00e9lections l\u00e9gislatives, en d\u00e9pit de la\u00a0","og_url":"https:\/\/www.info-algerie.com\/actualites\/larav-reagit-apres-la-transgression-de-la-periode-de-silence-par-echourouk-news\/","og_site_name":"info algerie","article_publisher":"https:\/\/www.facebook.com\/infoalgerieactu","article_published_time":"2017-05-02T13:38:42+00:00","author":"La r\u00e9daction","twitter_misc":{"\u00c9crit par":"La r\u00e9daction","Dur\u00e9e de lecture estim\u00e9e":"2 minutes"},"schema":{"@context":"https:\/\/schema.org","@graph":[{"@type":"Article","@id":"https:\/\/www.info-algerie.com\/actualites\/larav-reagit-apres-la-transgression-de-la-periode-de-silence-par-echourouk-news\/#article","isPartOf":{"@id":"https:\/\/www.info-algerie.com\/actualites\/larav-reagit-apres-la-transgression-de-la-periode-de-silence-par-echourouk-news\/"},"author":{"name":"La r\u00e9daction","@id":"https:\/\/www.info-algerie.com\/actualites\/#\/schema\/person\/847aaec44920825b843a08f30ec6aa1e"},"headline":"L&#039;ARAV r\u00e9agit apr\u00e8s la &quot;transgression&quot; de la p\u00e9riode de silence par Echourouk News","datePublished":"2017-05-02T13:38:42+00:00","mainEntityOfPage":{"@id":"https:\/\/www.info-algerie.com\/actualites\/larav-reagit-apres-la-transgression-de-la-periode-de-silence-par-echourouk-news\/"},"wordCount":420,"commentCount":0,"publisher":{"@id":"https:\/\/www.info-algerie.com\/actualites\/#organization"},"keywords":["ONU"],"articleSection":["infos"],"inLanguage":"fr-FR","potentialAction":[{"@type":"CommentAction","name":"Comment","target":["https:\/\/www.info-algerie.com\/actualites\/larav-reagit-apres-la-transgression-de-la-periode-de-silence-par-echourouk-news\/#respond"]}]},{"@type":"WebPage","@id":"https:\/\/www.info-algerie.com\/actualites\/larav-reagit-apres-la-transgression-de-la-periode-de-silence-par-echourouk-news\/","url":"https:\/\/www.info-algerie.com\/actualites\/larav-reagit-apres-la-transgression-de-la-periode-de-silence-par-echourouk-news\/","name":"L&#039;ARAV r\u00e9agit apr\u00e8s la &quot;transgression&quot; de la p\u00e9riode de silence par Echourouk News - info algerie","isPartOf":{"@id":"https:\/\/www.info-algerie.com\/actualites\/#website"},"datePublished":"2017-05-02T13:38:42+00:00","breadcrumb":{"@id":"https:\/\/www.info-algerie.com\/actualites\/larav-reagit-apres-la-transgression-de-la-periode-de-silence-par-echourouk-news\/#breadcrumb"},"inLanguage":"fr-FR","potentialAction":[{"@type":"ReadAction","target":["https:\/\/www.info-algerie.com\/actualites\/larav-reagit-apres-la-transgression-de-la-periode-de-silence-par-echourouk-news\/"]}]},{"@type":"BreadcrumbList","@id":"https:\/\/www.info-algerie.com\/actualites\/larav-reagit-apres-la-transgression-de-la-periode-de-silence-par-echourouk-news\/#breadcrumb","itemListElement":[{"@type":"ListItem","position":1,"name":"Accueil","item":"https:\/\/www.info-algerie.com\/actualites\/"},{"@type":"ListItem","position":2,"name":"L&#039;ARAV r\u00e9agit apr\u00e8s la &quot;transgression&quot; de la p\u00e9riode de silence par Echourouk News"}]},{"@type":"WebSite","@id":"https:\/\/www.info-algerie.com\/actualites\/#website","url":"https:\/\/www.info-algerie.com\/actualites\/","name":"info algerie","description":"Toutes les actualit\u00e9s","publisher":{"@id":"https:\/\/www.info-algerie.com\/actualites\/#organization"},"potentialAction":[{"@type":"SearchAction","target":{"@type":"EntryPoint","urlTemplate":"https:\/\/www.info-algerie.com\/actualites\/?s={search_term_string}"},"query-input":{"@type":"PropertyValueSpecification","valueRequired":true,"valueName":"search_term_string"}}],"inLanguage":"fr-FR"},{"@type":"Organization","@id":"https:\/\/www.info-algerie.com\/actualites\/#organization","name":"info algerie","url":"https:\/\/www.info-algerie.com\/actualites\/","logo":{"@type":"ImageObject","inLanguage":"fr-FR","@id":"https:\/\/www.info-algerie.com\/actualites\/#\/schema\/logo\/image\/","url":"https:\/\/www.info-algerie.com\/actualites\/wp-content\/uploads\/2022\/07\/logo-ia-120.png","contentUrl":"https:\/\/www.info-algerie.com\/actualites\/wp-content\/uploads\/2022\/07\/logo-ia-120.png","width":120,"height":43,"caption":"info algerie"},"image":{"@id":"https:\/\/www.info-algerie.com\/actualites\/#\/schema\/logo\/image\/"},"sameAs":["https:\/\/www.facebook.com\/infoalgerieactu","https:\/\/x.com\/infoalgerie1"]},{"@type":"Person","@id":"https:\/\/www.info-algerie.com\/actualites\/#\/schema\/person\/847aaec44920825b843a08f30ec6aa1e","name":"La r\u00e9daction","image":{"@type":"ImageObject","inLanguage":"fr-FR","@id":"https:\/\/secure.gravatar.com\/avatar\/769db425c6f465158149f1ffd6cf61ce7a8a879d11dfbef8288af36dfddd418c?s=96&d=mm&r=g","url":"https:\/\/secure.gravatar.com\/avatar\/769db425c6f465158149f1ffd6cf61ce7a8a879d11dfbef8288af36dfddd418c?s=96&d=mm&r=g","contentUrl":"https:\/\/secure.gravatar.com\/avatar\/769db425c6f465158149f1ffd6cf61ce7a8a879d11dfbef8288af36dfddd418c?s=96&d=mm&r=g","caption":"La r\u00e9daction"},"sameAs":["http:\/\/www.lkeria.com\/"],"url":"https:\/\/www.info-algerie.com\/actualites\/author\/chakib32\/"}]}},"_links":{"self":[{"href":"https:\/\/www.info-algerie.com\/actualites\/wp-json\/wp\/v2\/posts\/11333","targetHints":{"allow":["GET"]}}],"collection":[{"href":"https:\/\/www.info-algerie.com\/actualites\/wp-json\/wp\/v2\/posts"}],"about":[{"href":"https:\/\/www.info-algerie.com\/actualites\/wp-json\/wp\/v2\/types\/post"}],"author":[{"embeddable":true,"href":"https:\/\/www.info-algerie.com\/actualites\/wp-json\/wp\/v2\/users\/6"}],"replies":[{"embeddable":true,"href":"https:\/\/www.info-algerie.com\/actualites\/wp-json\/wp\/v2\/comments?post=11333"}],"version-history":[{"count":0,"href":"https:\/\/www.info-algerie.com\/actualites\/wp-json\/wp\/v2\/posts\/11333\/revisions"}],"wp:attachment":[{"href":"https:\/\/www.info-algerie.com\/actualites\/wp-json\/wp\/v2\/media?parent=11333"}],"wp:term":[{"taxonomy":"category","embeddable":true,"href":"https:\/\/www.info-algerie.com\/actualites\/wp-json\/wp\/v2\/categories?post=11333"},{"taxonomy":"post_tag","embeddable":true,"href":"https:\/\/www.info-algerie.com\/actualites\/wp-json\/wp\/v2\/tags?post=11333"}],"curies":[{"name":"wp","href":"https:\/\/api.w.org\/{rel}","templated":true}]}}