{"id":11343,"date":"2017-05-02T16:21:16","date_gmt":"2017-05-02T15:21:16","guid":{"rendered":"http:\/\/www.info-algerie.com\/actualites\/le-ministere-de-linterieur-oeuvrera-a-remedier-rapidement-aux-lacunes-juridiques-relevees-dans-le-regime-electoral-bedoui\/"},"modified":"2017-05-02T16:21:16","modified_gmt":"2017-05-02T15:21:16","slug":"le-ministere-de-linterieur-oeuvrera-a-remedier-rapidement-aux-lacunes-juridiques-relevees-dans-le-regime-electoral-bedoui","status":"publish","type":"post","link":"https:\/\/www.info-algerie.com\/actualites\/le-ministere-de-linterieur-oeuvrera-a-remedier-rapidement-aux-lacunes-juridiques-relevees-dans-le-regime-electoral-bedoui\/","title":{"rendered":"Le minist\u00e8re de l&#039;Int\u00e9rieur oeuvrera \u00e0 rem\u00e9dier &quot;rapidement&quot; aux &quot;lacunes  juridiques&quot; relev\u00e9es dans le r\u00e9gime \u00e9lectoral (Bedoui)"},"content":{"rendered":"<div class=\"K2FeedImage\"><img decoding=\"async\" src=\"https:\/\/www.info-algerie.com\/actualites\/wp-content\/uploads\/2017\/05\/1fb2ff775132943a3dda9e8150734225_S.jpg\" \/><\/div>\n<div class=\"K2FeedIntroText\">\n<p>ALGER- Le ministre de l&rsquo;Int\u00e9rieur et des Collectivit\u00e9s\u00a0 locales, Noureddine Bedoui a affirm\u00e9 mardi \u00e0 Alger que ses services\u00a0 oeuvreraient \u00e0 \u00ab\u00a0rem\u00e9dier rapidement aux lacunes juridiques\u00a0\u00bb relev\u00e9es dans le\u00a0 r\u00e9gime \u00e9lectoral, en pr\u00e9vision des prochaines \u00e9ch\u00e9ances \u00e9lectorales.<\/p>\n<p>&#013;\n<\/p><\/div>\n<div class=\"K2FeedFullText\">&#013;<\/p>\n<p>Invit\u00e9 du Forum de la Radio nationale, M. Bedoui a affirm\u00e9 que la Haute\u00a0 instance ind\u00e9pendante de surveillance des \u00e9lections (HIISE) \u00e9tait \u00ab\u00a0une\u00a0 fiert\u00e9 pour l&rsquo;Alg\u00e9rie, au regard des missions qui lui ont \u00e9t\u00e9 confi\u00e9es et\u00a0 des objectifs qui lui ont \u00e9t\u00e9 assign\u00e9s en mati\u00e8re d&rsquo;accompagnement de la\u00a0 famille politique\u00a0\u00bb.\u00a0 <br \/>A cet \u00e9gard, \u00ab\u00a0nous avons \u00e9cout\u00e9, avec attention et s\u00e9rieux, les\u00a0 propositions de son pr\u00e9sident Abdelouahab Derbal et nous allons rem\u00e9dier\u00a0 rapidement aux lacunes juridiques relev\u00e9es dans le r\u00e9gime \u00e9lectoral\u00a0\u00bb,\u00a0 a-t-il pr\u00e9cis\u00e9, soulignant que l&rsquo;Alg\u00e9rie \u00ab\u00a0s&rsquo;appr\u00eate dans quelques mois \u00e0\u00a0 <br \/>organiser les \u00e9lections locales, qui seront suivies de l&rsquo;\u00e9lection\u00a0 pr\u00e9sidentielle pr\u00e9vue en 2019&Prime;. <br \/>Le minist\u00e8re de l&rsquo;Int\u00e9rieur \u00ab\u00a0est enti\u00e8rement dispos\u00e9 \u00e0 prendre en charge\u00a0 toutes les propositions de la HIISE et des partenaires politiques, dans le\u00a0 cadre de commissions qui travailleront en coordination avec eux\u00a0\u00bb, a affirm\u00e9\u00a0 M. Bedoui, annon\u00e7ant \u00ab\u00a0une r\u00e9organisation administrative des services en\u00a0 <br \/>charge des \u00e9lections dans les 48 wilayas et les 1.541 communes, \u00e0 travers\u00a0 la mise en place d&rsquo;instances administratives permanentes op\u00e9rationnelles\u00a0 tout au long de l&rsquo;ann\u00e9e\u00a0\u00bb. <br \/>Il a soulign\u00e9 que ces instances \u00ab\u00a0ont recours aux nouvelles technologies\u00a0 dans l&rsquo;accomplissement de leurs missions, \u00e0 l&rsquo;instar de la radiation\u00a0 syst\u00e9matique des \u00e9lecteurs d\u00e9c\u00e9d\u00e9s en reliant ses services au registre de\u00a0 l&rsquo;Etat civil\u00a0\u00bb, notant que \u00ab\u00a0la carte nationale biom\u00e9trique sera utilis\u00e9e\u00a0 dans le processus \u00e9lectoral gr\u00e2ce aux nombreuses applications qu&rsquo;elle\u00a0 renferme\u00a0\u00bb. <br \/>M. Bedoui a estim\u00e9 que les l\u00e9gislatives du 4 mai prochain constituaient\u00a0 \u00ab\u00a0un premier jalon sur la voie des r\u00e9formes politiques et constitutionnelles\u00a0 initi\u00e9es par le pr\u00e9sident de la R\u00e9publique, Abdelaziz Bouteflika, qui\u00a0 consacre les valeurs de la nouvelle Constitution qui accorde davantage\u00a0 d&rsquo;importance au citoyen, \u00e0 la soci\u00e9t\u00e9 civile et aux partenaires sociaux\u00a0\u00bb. <br \/>\u00a0 \u00ab\u00a0En application des instructions du pr\u00e9sident de la R\u00e9publique, le\u00a0 gouvernement a mobilis\u00e9 tous les moyens mat\u00e9riels et humains pour permettre\u00a0 au citoyen d&rsquo;accomplir son devoir \u00e9lectoral\u00a0\u00bb, a-t-il conclu. <\/p>\n<\/div>\n<p>&#013;<br \/>\nSource: <a href=\"http:\/\/www.aps.dz\/algerie\/56872-le-ministere-de-l-interieur-oeuvrera-a-remedier-rapidement-aux-lacunes-juridiques-relevees-dans-le-regime-electoral-bedoui\" target=\"_blank\">Le minist\u00e8re de l&rsquo;Int\u00e9rieur oeuvrera \u00e0 rem\u00e9dier \u00ab\u00a0rapidement\u00a0\u00bb aux \u00ab\u00a0lacunes  juridiques\u00a0\u00bb relev\u00e9es dans le r\u00e9gime \u00e9lectoral (Bedoui)<\/a><\/p>\n<!--CusAds0-->\n<div style=\"font-size: 0px; height: 0px; line-height: 0px; margin: 0; padding: 0; clear: both;\"><\/div>","protected":false},"excerpt":{"rendered":"<p>ALGER- Le ministre de l&rsquo;Int\u00e9rieur et des Collectivit\u00e9s\u00a0 locales, Noureddine Bedoui a affirm\u00e9 mardi \u00e0 Alger que ses services\u00a0 oeuvreraient \u00e0 \u00ab\u00a0rem\u00e9dier rapidement aux lacunes juridiques\u00a0\u00bb relev\u00e9es dans le\u00a0 r\u00e9gime \u00e9lectoral, en pr\u00e9vision des prochaines \u00e9ch\u00e9ances \u00e9lectorales. &#013; &#013; Invit\u00e9 du Forum de la Radio nationale, M. Bedoui a affirm\u00e9 que la Haute\u00a0 instance ind\u00e9pendante<\/p>\n","protected":false},"author":6,"featured_media":11344,"comment_status":"open","ping_status":"open","sticky":false,"template":"","format":"standard","meta":{"footnotes":""},"categories":[22],"tags":[93],"class_list":["post-11343","post","type-post","status-publish","format-standard","has-post-thumbnail","hentry","category-infos","tag-onu"],"yoast_head":"<!-- This site is optimized with the Yoast SEO plugin v27.5 - https:\/\/yoast.com\/product\/yoast-seo-wordpress\/ -->\n<title>Le minist\u00e8re de l&#039;Int\u00e9rieur oeuvrera \u00e0 rem\u00e9dier &quot;rapidement&quot; aux &quot;lacunes juridiques&quot; relev\u00e9es dans le r\u00e9gime \u00e9lectoral (Bedoui) - info algerie<\/title>\n<meta name=\"robots\" content=\"index, follow, max-snippet:-1, max-image-preview:large, max-video-preview:-1\" \/>\n<link rel=\"canonical\" href=\"https:\/\/www.info-algerie.com\/actualites\/le-ministere-de-linterieur-oeuvrera-a-remedier-rapidement-aux-lacunes-juridiques-relevees-dans-le-regime-electoral-bedoui\/\" \/>\n<meta property=\"og:locale\" content=\"fr_FR\" \/>\n<meta property=\"og:type\" content=\"article\" \/>\n<meta property=\"og:title\" content=\"Le minist\u00e8re de l&#039;Int\u00e9rieur oeuvrera \u00e0 rem\u00e9dier &quot;rapidement&quot; aux &quot;lacunes juridiques&quot; relev\u00e9es dans le r\u00e9gime \u00e9lectoral (Bedoui) - info algerie\" \/>\n<meta property=\"og:description\" content=\"ALGER- Le ministre de l&rsquo;Int\u00e9rieur et des Collectivit\u00e9s\u00a0 locales, Noureddine Bedoui a affirm\u00e9 mardi \u00e0 Alger que ses services\u00a0 oeuvreraient \u00e0 \u00ab\u00a0rem\u00e9dier rapidement aux lacunes juridiques\u00a0\u00bb relev\u00e9es dans le\u00a0 r\u00e9gime \u00e9lectoral, en pr\u00e9vision des prochaines \u00e9ch\u00e9ances \u00e9lectorales. &#013; &#013; Invit\u00e9 du Forum de la Radio nationale, M. Bedoui a affirm\u00e9 que la Haute\u00a0 instance ind\u00e9pendante\" \/>\n<meta property=\"og:url\" content=\"https:\/\/www.info-algerie.com\/actualites\/le-ministere-de-linterieur-oeuvrera-a-remedier-rapidement-aux-lacunes-juridiques-relevees-dans-le-regime-electoral-bedoui\/\" \/>\n<meta property=\"og:site_name\" content=\"info algerie\" \/>\n<meta property=\"article:publisher\" content=\"https:\/\/www.facebook.com\/infoalgerieactu\" \/>\n<meta property=\"article:published_time\" content=\"2017-05-02T15:21:16+00:00\" \/>\n<meta property=\"og:image\" content=\"https:\/\/www.info-algerie.com\/actualites\/wp-content\/uploads\/2017\/05\/1fb2ff775132943a3dda9e8150734225_S-1.jpg\" \/>\n\t<meta property=\"og:image:width\" content=\"280\" \/>\n\t<meta property=\"og:image:height\" content=\"185\" \/>\n\t<meta property=\"og:image:type\" content=\"image\/jpeg\" \/>\n<meta name=\"author\" content=\"La r\u00e9daction\" \/>\n<meta name=\"twitter:label1\" content=\"\u00c9crit par\" \/>\n\t<meta name=\"twitter:data1\" content=\"La r\u00e9daction\" \/>\n\t<meta name=\"twitter:label2\" content=\"Dur\u00e9e de lecture estim\u00e9e\" \/>\n\t<meta name=\"twitter:data2\" content=\"2 minutes\" \/>\n<script type=\"application\/ld+json\" class=\"yoast-schema-graph\">{\"@context\":\"https:\\\/\\\/schema.org\",\"@graph\":[{\"@type\":\"Article\",\"@id\":\"https:\\\/\\\/www.info-algerie.com\\\/actualites\\\/le-ministere-de-linterieur-oeuvrera-a-remedier-rapidement-aux-lacunes-juridiques-relevees-dans-le-regime-electoral-bedoui\\\/#article\",\"isPartOf\":{\"@id\":\"https:\\\/\\\/www.info-algerie.com\\\/actualites\\\/le-ministere-de-linterieur-oeuvrera-a-remedier-rapidement-aux-lacunes-juridiques-relevees-dans-le-regime-electoral-bedoui\\\/\"},\"author\":{\"name\":\"La r\u00e9daction\",\"@id\":\"https:\\\/\\\/www.info-algerie.com\\\/actualites\\\/#\\\/schema\\\/person\\\/847aaec44920825b843a08f30ec6aa1e\"},\"headline\":\"Le minist\u00e8re de l&#039;Int\u00e9rieur oeuvrera \u00e0 rem\u00e9dier &quot;rapidement&quot; aux &quot;lacunes juridiques&quot; relev\u00e9es dans le r\u00e9gime \u00e9lectoral (Bedoui)\",\"datePublished\":\"2017-05-02T15:21:16+00:00\",\"mainEntityOfPage\":{\"@id\":\"https:\\\/\\\/www.info-algerie.com\\\/actualites\\\/le-ministere-de-linterieur-oeuvrera-a-remedier-rapidement-aux-lacunes-juridiques-relevees-dans-le-regime-electoral-bedoui\\\/\"},\"wordCount\":442,\"commentCount\":0,\"publisher\":{\"@id\":\"https:\\\/\\\/www.info-algerie.com\\\/actualites\\\/#organization\"},\"image\":{\"@id\":\"https:\\\/\\\/www.info-algerie.com\\\/actualites\\\/le-ministere-de-linterieur-oeuvrera-a-remedier-rapidement-aux-lacunes-juridiques-relevees-dans-le-regime-electoral-bedoui\\\/#primaryimage\"},\"thumbnailUrl\":\"https:\\\/\\\/www.info-algerie.com\\\/actualites\\\/wp-content\\\/uploads\\\/2017\\\/05\\\/1fb2ff775132943a3dda9e8150734225_S-1.jpg\",\"keywords\":[\"ONU\"],\"articleSection\":[\"infos\"],\"inLanguage\":\"fr-FR\",\"potentialAction\":[{\"@type\":\"CommentAction\",\"name\":\"Comment\",\"target\":[\"https:\\\/\\\/www.info-algerie.com\\\/actualites\\\/le-ministere-de-linterieur-oeuvrera-a-remedier-rapidement-aux-lacunes-juridiques-relevees-dans-le-regime-electoral-bedoui\\\/#respond\"]}]},{\"@type\":\"WebPage\",\"@id\":\"https:\\\/\\\/www.info-algerie.com\\\/actualites\\\/le-ministere-de-linterieur-oeuvrera-a-remedier-rapidement-aux-lacunes-juridiques-relevees-dans-le-regime-electoral-bedoui\\\/\",\"url\":\"https:\\\/\\\/www.info-algerie.com\\\/actualites\\\/le-ministere-de-linterieur-oeuvrera-a-remedier-rapidement-aux-lacunes-juridiques-relevees-dans-le-regime-electoral-bedoui\\\/\",\"name\":\"Le minist\u00e8re de l&#039;Int\u00e9rieur oeuvrera \u00e0 rem\u00e9dier &quot;rapidement&quot; aux &quot;lacunes juridiques&quot; relev\u00e9es dans le r\u00e9gime \u00e9lectoral (Bedoui) - info algerie\",\"isPartOf\":{\"@id\":\"https:\\\/\\\/www.info-algerie.com\\\/actualites\\\/#website\"},\"primaryImageOfPage\":{\"@id\":\"https:\\\/\\\/www.info-algerie.com\\\/actualites\\\/le-ministere-de-linterieur-oeuvrera-a-remedier-rapidement-aux-lacunes-juridiques-relevees-dans-le-regime-electoral-bedoui\\\/#primaryimage\"},\"image\":{\"@id\":\"https:\\\/\\\/www.info-algerie.com\\\/actualites\\\/le-ministere-de-linterieur-oeuvrera-a-remedier-rapidement-aux-lacunes-juridiques-relevees-dans-le-regime-electoral-bedoui\\\/#primaryimage\"},\"thumbnailUrl\":\"https:\\\/\\\/www.info-algerie.com\\\/actualites\\\/wp-content\\\/uploads\\\/2017\\\/05\\\/1fb2ff775132943a3dda9e8150734225_S-1.jpg\",\"datePublished\":\"2017-05-02T15:21:16+00:00\",\"breadcrumb\":{\"@id\":\"https:\\\/\\\/www.info-algerie.com\\\/actualites\\\/le-ministere-de-linterieur-oeuvrera-a-remedier-rapidement-aux-lacunes-juridiques-relevees-dans-le-regime-electoral-bedoui\\\/#breadcrumb\"},\"inLanguage\":\"fr-FR\",\"potentialAction\":[{\"@type\":\"ReadAction\",\"target\":[\"https:\\\/\\\/www.info-algerie.com\\\/actualites\\\/le-ministere-de-linterieur-oeuvrera-a-remedier-rapidement-aux-lacunes-juridiques-relevees-dans-le-regime-electoral-bedoui\\\/\"]}]},{\"@type\":\"ImageObject\",\"inLanguage\":\"fr-FR\",\"@id\":\"https:\\\/\\\/www.info-algerie.com\\\/actualites\\\/le-ministere-de-linterieur-oeuvrera-a-remedier-rapidement-aux-lacunes-juridiques-relevees-dans-le-regime-electoral-bedoui\\\/#primaryimage\",\"url\":\"https:\\\/\\\/www.info-algerie.com\\\/actualites\\\/wp-content\\\/uploads\\\/2017\\\/05\\\/1fb2ff775132943a3dda9e8150734225_S-1.jpg\",\"contentUrl\":\"https:\\\/\\\/www.info-algerie.com\\\/actualites\\\/wp-content\\\/uploads\\\/2017\\\/05\\\/1fb2ff775132943a3dda9e8150734225_S-1.jpg\",\"width\":280,\"height\":185},{\"@type\":\"BreadcrumbList\",\"@id\":\"https:\\\/\\\/www.info-algerie.com\\\/actualites\\\/le-ministere-de-linterieur-oeuvrera-a-remedier-rapidement-aux-lacunes-juridiques-relevees-dans-le-regime-electoral-bedoui\\\/#breadcrumb\",\"itemListElement\":[{\"@type\":\"ListItem\",\"position\":1,\"name\":\"Accueil\",\"item\":\"https:\\\/\\\/www.info-algerie.com\\\/actualites\\\/\"},{\"@type\":\"ListItem\",\"position\":2,\"name\":\"Le minist\u00e8re de l&#039;Int\u00e9rieur oeuvrera \u00e0 rem\u00e9dier &quot;rapidement&quot; aux &quot;lacunes juridiques&quot; relev\u00e9es dans le r\u00e9gime \u00e9lectoral (Bedoui)\"}]},{\"@type\":\"WebSite\",\"@id\":\"https:\\\/\\\/www.info-algerie.com\\\/actualites\\\/#website\",\"url\":\"https:\\\/\\\/www.info-algerie.com\\\/actualites\\\/\",\"name\":\"info algerie\",\"description\":\"Toutes les actualit\u00e9s\",\"publisher\":{\"@id\":\"https:\\\/\\\/www.info-algerie.com\\\/actualites\\\/#organization\"},\"potentialAction\":[{\"@type\":\"SearchAction\",\"target\":{\"@type\":\"EntryPoint\",\"urlTemplate\":\"https:\\\/\\\/www.info-algerie.com\\\/actualites\\\/?s={search_term_string}\"},\"query-input\":{\"@type\":\"PropertyValueSpecification\",\"valueRequired\":true,\"valueName\":\"search_term_string\"}}],\"inLanguage\":\"fr-FR\"},{\"@type\":\"Organization\",\"@id\":\"https:\\\/\\\/www.info-algerie.com\\\/actualites\\\/#organization\",\"name\":\"info algerie\",\"url\":\"https:\\\/\\\/www.info-algerie.com\\\/actualites\\\/\",\"logo\":{\"@type\":\"ImageObject\",\"inLanguage\":\"fr-FR\",\"@id\":\"https:\\\/\\\/www.info-algerie.com\\\/actualites\\\/#\\\/schema\\\/logo\\\/image\\\/\",\"url\":\"https:\\\/\\\/www.info-algerie.com\\\/actualites\\\/wp-content\\\/uploads\\\/2022\\\/07\\\/logo-ia-120.png\",\"contentUrl\":\"https:\\\/\\\/www.info-algerie.com\\\/actualites\\\/wp-content\\\/uploads\\\/2022\\\/07\\\/logo-ia-120.png\",\"width\":120,\"height\":43,\"caption\":\"info algerie\"},\"image\":{\"@id\":\"https:\\\/\\\/www.info-algerie.com\\\/actualites\\\/#\\\/schema\\\/logo\\\/image\\\/\"},\"sameAs\":[\"https:\\\/\\\/www.facebook.com\\\/infoalgerieactu\",\"https:\\\/\\\/x.com\\\/infoalgerie1\"]},{\"@type\":\"Person\",\"@id\":\"https:\\\/\\\/www.info-algerie.com\\\/actualites\\\/#\\\/schema\\\/person\\\/847aaec44920825b843a08f30ec6aa1e\",\"name\":\"La r\u00e9daction\",\"image\":{\"@type\":\"ImageObject\",\"inLanguage\":\"fr-FR\",\"@id\":\"https:\\\/\\\/secure.gravatar.com\\\/avatar\\\/769db425c6f465158149f1ffd6cf61ce7a8a879d11dfbef8288af36dfddd418c?s=96&d=mm&r=g\",\"url\":\"https:\\\/\\\/secure.gravatar.com\\\/avatar\\\/769db425c6f465158149f1ffd6cf61ce7a8a879d11dfbef8288af36dfddd418c?s=96&d=mm&r=g\",\"contentUrl\":\"https:\\\/\\\/secure.gravatar.com\\\/avatar\\\/769db425c6f465158149f1ffd6cf61ce7a8a879d11dfbef8288af36dfddd418c?s=96&d=mm&r=g\",\"caption\":\"La r\u00e9daction\"},\"sameAs\":[\"http:\\\/\\\/www.lkeria.com\\\/\"],\"url\":\"https:\\\/\\\/www.info-algerie.com\\\/actualites\\\/author\\\/chakib32\\\/\"}]}<\/script>\n<!-- \/ Yoast SEO plugin. -->","yoast_head_json":{"title":"Le minist\u00e8re de l&#039;Int\u00e9rieur oeuvrera \u00e0 rem\u00e9dier &quot;rapidement&quot; aux &quot;lacunes juridiques&quot; relev\u00e9es dans le r\u00e9gime \u00e9lectoral (Bedoui) - info algerie","robots":{"index":"index","follow":"follow","max-snippet":"max-snippet:-1","max-image-preview":"max-image-preview:large","max-video-preview":"max-video-preview:-1"},"canonical":"https:\/\/www.info-algerie.com\/actualites\/le-ministere-de-linterieur-oeuvrera-a-remedier-rapidement-aux-lacunes-juridiques-relevees-dans-le-regime-electoral-bedoui\/","og_locale":"fr_FR","og_type":"article","og_title":"Le minist\u00e8re de l&#039;Int\u00e9rieur oeuvrera \u00e0 rem\u00e9dier &quot;rapidement&quot; aux &quot;lacunes juridiques&quot; relev\u00e9es dans le r\u00e9gime \u00e9lectoral (Bedoui) - info algerie","og_description":"ALGER- Le ministre de l&rsquo;Int\u00e9rieur et des Collectivit\u00e9s\u00a0 locales, Noureddine Bedoui a affirm\u00e9 mardi \u00e0 Alger que ses services\u00a0 oeuvreraient \u00e0 \u00ab\u00a0rem\u00e9dier rapidement aux lacunes juridiques\u00a0\u00bb relev\u00e9es dans le\u00a0 r\u00e9gime \u00e9lectoral, en pr\u00e9vision des prochaines \u00e9ch\u00e9ances \u00e9lectorales. &#013; &#013; Invit\u00e9 du Forum de la Radio nationale, M. Bedoui a affirm\u00e9 que la Haute\u00a0 instance ind\u00e9pendante","og_url":"https:\/\/www.info-algerie.com\/actualites\/le-ministere-de-linterieur-oeuvrera-a-remedier-rapidement-aux-lacunes-juridiques-relevees-dans-le-regime-electoral-bedoui\/","og_site_name":"info algerie","article_publisher":"https:\/\/www.facebook.com\/infoalgerieactu","article_published_time":"2017-05-02T15:21:16+00:00","og_image":[{"width":280,"height":185,"url":"https:\/\/www.info-algerie.com\/actualites\/wp-content\/uploads\/2017\/05\/1fb2ff775132943a3dda9e8150734225_S-1.jpg","type":"image\/jpeg"}],"author":"La r\u00e9daction","twitter_misc":{"\u00c9crit par":"La r\u00e9daction","Dur\u00e9e de lecture estim\u00e9e":"2 minutes"},"schema":{"@context":"https:\/\/schema.org","@graph":[{"@type":"Article","@id":"https:\/\/www.info-algerie.com\/actualites\/le-ministere-de-linterieur-oeuvrera-a-remedier-rapidement-aux-lacunes-juridiques-relevees-dans-le-regime-electoral-bedoui\/#article","isPartOf":{"@id":"https:\/\/www.info-algerie.com\/actualites\/le-ministere-de-linterieur-oeuvrera-a-remedier-rapidement-aux-lacunes-juridiques-relevees-dans-le-regime-electoral-bedoui\/"},"author":{"name":"La r\u00e9daction","@id":"https:\/\/www.info-algerie.com\/actualites\/#\/schema\/person\/847aaec44920825b843a08f30ec6aa1e"},"headline":"Le minist\u00e8re de l&#039;Int\u00e9rieur oeuvrera \u00e0 rem\u00e9dier &quot;rapidement&quot; aux &quot;lacunes juridiques&quot; relev\u00e9es dans le r\u00e9gime \u00e9lectoral (Bedoui)","datePublished":"2017-05-02T15:21:16+00:00","mainEntityOfPage":{"@id":"https:\/\/www.info-algerie.com\/actualites\/le-ministere-de-linterieur-oeuvrera-a-remedier-rapidement-aux-lacunes-juridiques-relevees-dans-le-regime-electoral-bedoui\/"},"wordCount":442,"commentCount":0,"publisher":{"@id":"https:\/\/www.info-algerie.com\/actualites\/#organization"},"image":{"@id":"https:\/\/www.info-algerie.com\/actualites\/le-ministere-de-linterieur-oeuvrera-a-remedier-rapidement-aux-lacunes-juridiques-relevees-dans-le-regime-electoral-bedoui\/#primaryimage"},"thumbnailUrl":"https:\/\/www.info-algerie.com\/actualites\/wp-content\/uploads\/2017\/05\/1fb2ff775132943a3dda9e8150734225_S-1.jpg","keywords":["ONU"],"articleSection":["infos"],"inLanguage":"fr-FR","potentialAction":[{"@type":"CommentAction","name":"Comment","target":["https:\/\/www.info-algerie.com\/actualites\/le-ministere-de-linterieur-oeuvrera-a-remedier-rapidement-aux-lacunes-juridiques-relevees-dans-le-regime-electoral-bedoui\/#respond"]}]},{"@type":"WebPage","@id":"https:\/\/www.info-algerie.com\/actualites\/le-ministere-de-linterieur-oeuvrera-a-remedier-rapidement-aux-lacunes-juridiques-relevees-dans-le-regime-electoral-bedoui\/","url":"https:\/\/www.info-algerie.com\/actualites\/le-ministere-de-linterieur-oeuvrera-a-remedier-rapidement-aux-lacunes-juridiques-relevees-dans-le-regime-electoral-bedoui\/","name":"Le minist\u00e8re de l&#039;Int\u00e9rieur oeuvrera \u00e0 rem\u00e9dier &quot;rapidement&quot; aux &quot;lacunes juridiques&quot; relev\u00e9es dans le r\u00e9gime \u00e9lectoral (Bedoui) - info algerie","isPartOf":{"@id":"https:\/\/www.info-algerie.com\/actualites\/#website"},"primaryImageOfPage":{"@id":"https:\/\/www.info-algerie.com\/actualites\/le-ministere-de-linterieur-oeuvrera-a-remedier-rapidement-aux-lacunes-juridiques-relevees-dans-le-regime-electoral-bedoui\/#primaryimage"},"image":{"@id":"https:\/\/www.info-algerie.com\/actualites\/le-ministere-de-linterieur-oeuvrera-a-remedier-rapidement-aux-lacunes-juridiques-relevees-dans-le-regime-electoral-bedoui\/#primaryimage"},"thumbnailUrl":"https:\/\/www.info-algerie.com\/actualites\/wp-content\/uploads\/2017\/05\/1fb2ff775132943a3dda9e8150734225_S-1.jpg","datePublished":"2017-05-02T15:21:16+00:00","breadcrumb":{"@id":"https:\/\/www.info-algerie.com\/actualites\/le-ministere-de-linterieur-oeuvrera-a-remedier-rapidement-aux-lacunes-juridiques-relevees-dans-le-regime-electoral-bedoui\/#breadcrumb"},"inLanguage":"fr-FR","potentialAction":[{"@type":"ReadAction","target":["https:\/\/www.info-algerie.com\/actualites\/le-ministere-de-linterieur-oeuvrera-a-remedier-rapidement-aux-lacunes-juridiques-relevees-dans-le-regime-electoral-bedoui\/"]}]},{"@type":"ImageObject","inLanguage":"fr-FR","@id":"https:\/\/www.info-algerie.com\/actualites\/le-ministere-de-linterieur-oeuvrera-a-remedier-rapidement-aux-lacunes-juridiques-relevees-dans-le-regime-electoral-bedoui\/#primaryimage","url":"https:\/\/www.info-algerie.com\/actualites\/wp-content\/uploads\/2017\/05\/1fb2ff775132943a3dda9e8150734225_S-1.jpg","contentUrl":"https:\/\/www.info-algerie.com\/actualites\/wp-content\/uploads\/2017\/05\/1fb2ff775132943a3dda9e8150734225_S-1.jpg","width":280,"height":185},{"@type":"BreadcrumbList","@id":"https:\/\/www.info-algerie.com\/actualites\/le-ministere-de-linterieur-oeuvrera-a-remedier-rapidement-aux-lacunes-juridiques-relevees-dans-le-regime-electoral-bedoui\/#breadcrumb","itemListElement":[{"@type":"ListItem","position":1,"name":"Accueil","item":"https:\/\/www.info-algerie.com\/actualites\/"},{"@type":"ListItem","position":2,"name":"Le minist\u00e8re de l&#039;Int\u00e9rieur oeuvrera \u00e0 rem\u00e9dier &quot;rapidement&quot; aux &quot;lacunes juridiques&quot; relev\u00e9es dans le r\u00e9gime \u00e9lectoral (Bedoui)"}]},{"@type":"WebSite","@id":"https:\/\/www.info-algerie.com\/actualites\/#website","url":"https:\/\/www.info-algerie.com\/actualites\/","name":"info algerie","description":"Toutes les actualit\u00e9s","publisher":{"@id":"https:\/\/www.info-algerie.com\/actualites\/#organization"},"potentialAction":[{"@type":"SearchAction","target":{"@type":"EntryPoint","urlTemplate":"https:\/\/www.info-algerie.com\/actualites\/?s={search_term_string}"},"query-input":{"@type":"PropertyValueSpecification","valueRequired":true,"valueName":"search_term_string"}}],"inLanguage":"fr-FR"},{"@type":"Organization","@id":"https:\/\/www.info-algerie.com\/actualites\/#organization","name":"info algerie","url":"https:\/\/www.info-algerie.com\/actualites\/","logo":{"@type":"ImageObject","inLanguage":"fr-FR","@id":"https:\/\/www.info-algerie.com\/actualites\/#\/schema\/logo\/image\/","url":"https:\/\/www.info-algerie.com\/actualites\/wp-content\/uploads\/2022\/07\/logo-ia-120.png","contentUrl":"https:\/\/www.info-algerie.com\/actualites\/wp-content\/uploads\/2022\/07\/logo-ia-120.png","width":120,"height":43,"caption":"info algerie"},"image":{"@id":"https:\/\/www.info-algerie.com\/actualites\/#\/schema\/logo\/image\/"},"sameAs":["https:\/\/www.facebook.com\/infoalgerieactu","https:\/\/x.com\/infoalgerie1"]},{"@type":"Person","@id":"https:\/\/www.info-algerie.com\/actualites\/#\/schema\/person\/847aaec44920825b843a08f30ec6aa1e","name":"La r\u00e9daction","image":{"@type":"ImageObject","inLanguage":"fr-FR","@id":"https:\/\/secure.gravatar.com\/avatar\/769db425c6f465158149f1ffd6cf61ce7a8a879d11dfbef8288af36dfddd418c?s=96&d=mm&r=g","url":"https:\/\/secure.gravatar.com\/avatar\/769db425c6f465158149f1ffd6cf61ce7a8a879d11dfbef8288af36dfddd418c?s=96&d=mm&r=g","contentUrl":"https:\/\/secure.gravatar.com\/avatar\/769db425c6f465158149f1ffd6cf61ce7a8a879d11dfbef8288af36dfddd418c?s=96&d=mm&r=g","caption":"La r\u00e9daction"},"sameAs":["http:\/\/www.lkeria.com\/"],"url":"https:\/\/www.info-algerie.com\/actualites\/author\/chakib32\/"}]}},"_links":{"self":[{"href":"https:\/\/www.info-algerie.com\/actualites\/wp-json\/wp\/v2\/posts\/11343","targetHints":{"allow":["GET"]}}],"collection":[{"href":"https:\/\/www.info-algerie.com\/actualites\/wp-json\/wp\/v2\/posts"}],"about":[{"href":"https:\/\/www.info-algerie.com\/actualites\/wp-json\/wp\/v2\/types\/post"}],"author":[{"embeddable":true,"href":"https:\/\/www.info-algerie.com\/actualites\/wp-json\/wp\/v2\/users\/6"}],"replies":[{"embeddable":true,"href":"https:\/\/www.info-algerie.com\/actualites\/wp-json\/wp\/v2\/comments?post=11343"}],"version-history":[{"count":0,"href":"https:\/\/www.info-algerie.com\/actualites\/wp-json\/wp\/v2\/posts\/11343\/revisions"}],"wp:featuredmedia":[{"embeddable":true,"href":"https:\/\/www.info-algerie.com\/actualites\/wp-json\/wp\/v2\/media\/11344"}],"wp:attachment":[{"href":"https:\/\/www.info-algerie.com\/actualites\/wp-json\/wp\/v2\/media?parent=11343"}],"wp:term":[{"taxonomy":"category","embeddable":true,"href":"https:\/\/www.info-algerie.com\/actualites\/wp-json\/wp\/v2\/categories?post=11343"},{"taxonomy":"post_tag","embeddable":true,"href":"https:\/\/www.info-algerie.com\/actualites\/wp-json\/wp\/v2\/tags?post=11343"}],"curies":[{"name":"wp","href":"https:\/\/api.w.org\/{rel}","templated":true}]}}