{"id":11349,"date":"2017-05-02T16:40:38","date_gmt":"2017-05-02T15:40:38","guid":{"rendered":"http:\/\/www.info-algerie.com\/actualites\/55e-anniversaire-de-lattentat-du-port-dalger-abadou-appelle-a-preserver-les-acquis-de-lindependance\/"},"modified":"2017-05-02T16:40:38","modified_gmt":"2017-05-02T15:40:38","slug":"55e-anniversaire-de-lattentat-du-port-dalger-abadou-appelle-a-preserver-les-acquis-de-lindependance","status":"publish","type":"post","link":"https:\/\/www.info-algerie.com\/actualites\/55e-anniversaire-de-lattentat-du-port-dalger-abadou-appelle-a-preserver-les-acquis-de-lindependance\/","title":{"rendered":"55e anniversaire de l&#039;attentat du Port d&#039;Alger: Abadou appelle \u00e0 pr\u00e9server les acquis de l&#039;ind\u00e9pendance"},"content":{"rendered":"<div class=\"K2FeedImage\"><img decoding=\"async\" src=\"https:\/\/www.info-algerie.com\/actualites\/wp-content\/uploads\/2017\/05\/c565646056f65a7ed3704a8408a88a29_S.jpg\" alt=\"55e anniversaire de l'attentat du Port d'Alger: Abadou appelle &#xE0; pr&#xE9;server les acquis de l'ind&#xE9;pendance\" \/><\/div>\n<div class=\"K2FeedIntroText\">\n<p class=\"MsoNormal\">ALGER- Le secr\u00e9taire g\u00e9n\u00e9ral de l&rsquo;Organisation nationale<span>\u00a0 <\/span>des moudjahidine (ONM), Sa\u00efd Abadou, a indiqu\u00e9 mardi \u00e0 Alger que la<span>\u00a0 <\/span>comm\u00e9moration du 55e anniversaire de l&rsquo;attentat \u00e0 l&rsquo;explosif perp\u00e9tr\u00e9 au<span>\u00a0 <\/span>Port d&rsquo;Alger par l&rsquo;Organisation arm\u00e9e secr\u00e8te (OAS) intervenait cette ann\u00e9e dans le contexte particulier des l\u00e9gislatives, appelant le peuple alg\u00e9rien<span>\u00a0 <\/span>\u00e0 pr\u00e9server les acquis de l&rsquo;ind\u00e9pendance en se rendant massivement aux<span>\u00a0 <\/span>urnes jeudi prochain.<\/p>\n<p>&#013;<\/p>\n<p class=\"MsoNormal\">\u00ab\u00a0Le peuple alg\u00e9rien comm\u00e9more aujourd&rsquo;hui le douloureux anniversaire<span>\u00a0 <\/span>du massacre perp\u00e9tr\u00e9 au Port d&rsquo;Alger par la France coloniale suite \u00e0 la<span>\u00a0 <\/span>d\u00e9cision de cessez-le-feu qui fait suite \u00e0 de longues ann\u00e9es de lutte\u00a0\u00bb, a<span>\u00a0 <\/span>pr\u00e9cis\u00e9 M. Abadou \u00e0 l&rsquo;APS en marge d&rsquo;une c\u00e9r\u00e9monie de recueillement \u00e0 la m\u00e9moire des victimes du massacre du 2 mai 1962, pr\u00e9sid\u00e9e par le Premier<span>\u00a0 <\/span>ministre, Abdelmalek Sellal. Cette comm\u00e9moration est l&rsquo;occasion de \u00ab\u00a0rappeler au peuple alg\u00e9rien<span>\u00a0 <\/span>l&rsquo;importance de la pr\u00e9servation des acquis de l&rsquo;ind\u00e9pendance, de la<span>\u00a0 <\/span>s\u00e9curit\u00e9 et de l&rsquo;unit\u00e9 de l&rsquo;Alg\u00e9rie\u00a0\u00bb, a-t-il ajout\u00e9.<\/p>\n<p>&#013;<\/p>\n<p class=\"MsoNormal\">Le secr\u00e9taire g\u00e9n\u00e9ral de l&rsquo;ONM a en outre estim\u00e9 que cette<span>\u00a0 <\/span>comm\u00e9moration \u00e9tait hautement symbolique en ce qu&rsquo;elle co\u00efncide avec le<span>\u00a0 <\/span>rendez-vous majeur des l\u00e9gislatives, a-t-il dit, soulignant qu'\u00a0\u00bbil est du<span>\u00a0 <\/span>devoir du peuple alg\u00e9rien de r\u00e9pondre \u00e0 l&rsquo;appel en se rendant massivement<span>\u00a0 <\/span>aux urnes le 4 mai et que chaque citoyen est libre dans son choix\u00a0\u00bb.<\/p>\n<p>&#013;<\/p>\n<p class=\"MsoNormal\">M. Abadou a \u00e9mis le voeu de \u00ab\u00a0voir ces \u00e9lections donner lieu \u00e0 un<span>\u00a0 <\/span>Parlement qui soit \u00e0 la hauteur des attentes du peuple et qui perp\u00e9tue les<span>\u00a0 <\/span>principes de la glorieuse guerre de lib\u00e9ration nationale\u00a0\u00bb. Concernant la demande d&rsquo;excuses de la France officielle pour ses<span>\u00a0 <\/span>crimes coloniaux \u00e0 la lumi\u00e8re du changement attendu \u00e0 la pr\u00e9sidence<span>\u00a0 <\/span>fran\u00e7aise, le secr\u00e9taire g\u00e9n\u00e9ral de l&rsquo;Organisation nationale des<span>\u00a0 <\/span>moudjahidine a dit esp\u00e9rer que \u00ab\u00a0le futur pr\u00e9sident fran\u00e7ais comprenne qu&rsquo;il<span>\u00a0 <\/span>est dans l&rsquo;int\u00e9r\u00eat de la France d&rsquo;acc\u00e9der \u00e0 notre demande, fond\u00e9e et<span>\u00a0 <\/span>naturelle, d&rsquo;excuses et indemnisations si elle veut que ses relations avec<span>\u00a0 <\/span>l&rsquo;Alg\u00e9rie reposent sur de bonnes bases\u00a0\u00bb.<\/p>\n<p>&#013;<\/p>\n<p class=\"MsoNormal\">Plusieurs moudjahidine et t\u00e9moins oculaires ayant v\u00e9cu il y a 55 ans<span>\u00a0 <\/span>cet attentat qui a cout\u00e9 la vie \u00e0 200 alg\u00e9riens, ont relat\u00e9 les d\u00e9tails de<span>\u00a0 <\/span>ce crime qui a cibl\u00e9 des jeunes rassembl\u00e9s devant le bureau d&#8217;embauche au<span>\u00a0 <\/span>niveau du port pour le seul objectif d&rsquo;obtenir un travail, a indiqu\u00e9 le<span>\u00a0 <\/span>moudjahid Arbadji Mahmoud, responsable du patrimoine \u00e0 l&rsquo;Organisation<span>\u00a0 <\/span>Nationale des Moudjahidine de la wilaya d&rsquo;Alger, qui a relev\u00e9 que<span>\u00a0 <\/span>l&rsquo;Organisation arm\u00e9e secr\u00e8te (OAS) a perp\u00e9tr\u00e9 le m\u00eame jour une autre<span>\u00a0 <\/span>attaque contre la prison d&rsquo;El Harrach o\u00f9 \u00e9taient d\u00e9tenus des prisonniers<span>\u00a0 <\/span>alg\u00e9riens relevant de l&rsquo;Arm\u00e9e de Lib\u00e9ration Nationale (ALN) et qui ont \u00e9t\u00e9<span>\u00a0 <\/span>lib\u00e9r\u00e9s suite \u00e0 la d\u00e9cision de cessez-le-feu. L&rsquo;OAS a \u00e9galement incendi\u00e9 le si\u00e8ge de la Biblioth\u00e8que Nationale et<span>\u00a0 <\/span>assassin\u00e9 17 alg\u00e9riens \u00e0 Bab El Oued, a-t-il fait savoir.<\/p>\n<p>&#013;<\/p>\n<p class=\"MsoNormal\">Les forces de s\u00e9curit\u00e9 fran\u00e7aises ont impos\u00e9 suite \u00e0 l&rsquo;attentat \u00e0<span>\u00a0 <\/span>l&rsquo;explosif un couvre feu \u00e0 Alger en interdisant aux Alg\u00e9riens venus des<span>\u00a0 <\/span>quartiers limitrophes d&rsquo;\u00e9vacuer les victimes et secourir les bless\u00e9s, a<span>\u00a0 <\/span>pr\u00e9cis\u00e9 pour sa part, le moudjahid Lounis Tamani, relevant que c&rsquo;est l\u00e0 un autre crime commis par le colonisateur fran\u00e7ais.<\/p>\n<\/div>\n<p>&#013;<br \/>\nSource: <a href=\"http:\/\/www.aps.dz\/algerie\/56873-55e-anniversaire-de-l-attentat-du-port-d-alger-abadou-appelle-a-preserver-les-acquis-de-l-independance\" target=\"_blank\">55e anniversaire de l&rsquo;attentat du Port d&rsquo;Alger: Abadou appelle \u00e0 pr\u00e9server les acquis de l&rsquo;ind\u00e9pendance<\/a><\/p>\n<!--CusAds0-->\n<div style=\"font-size: 0px; height: 0px; line-height: 0px; margin: 0; padding: 0; clear: both;\"><\/div>","protected":false},"excerpt":{"rendered":"<p>ALGER- Le secr\u00e9taire g\u00e9n\u00e9ral de l&rsquo;Organisation nationale\u00a0 des moudjahidine (ONM), Sa\u00efd Abadou, a indiqu\u00e9 mardi \u00e0 Alger que la\u00a0 comm\u00e9moration du 55e anniversaire de l&rsquo;attentat \u00e0 l&rsquo;explosif perp\u00e9tr\u00e9 au\u00a0 Port d&rsquo;Alger par l&rsquo;Organisation arm\u00e9e secr\u00e8te (OAS) intervenait cette ann\u00e9e dans le contexte particulier des l\u00e9gislatives, appelant le peuple alg\u00e9rien\u00a0 \u00e0 pr\u00e9server les acquis de l&rsquo;ind\u00e9pendance<\/p>\n","protected":false},"author":6,"featured_media":11350,"comment_status":"open","ping_status":"open","sticky":false,"template":"","format":"standard","meta":{"footnotes":""},"categories":[22],"tags":[93],"class_list":["post-11349","post","type-post","status-publish","format-standard","has-post-thumbnail","hentry","category-infos","tag-onu"],"yoast_head":"<!-- This site is optimized with the Yoast SEO plugin v27.5 - https:\/\/yoast.com\/product\/yoast-seo-wordpress\/ -->\n<title>55e anniversaire de l&#039;attentat du Port d&#039;Alger: Abadou appelle \u00e0 pr\u00e9server les acquis de l&#039;ind\u00e9pendance - info algerie<\/title>\n<meta name=\"robots\" content=\"index, follow, max-snippet:-1, max-image-preview:large, max-video-preview:-1\" \/>\n<link rel=\"canonical\" href=\"https:\/\/www.info-algerie.com\/actualites\/55e-anniversaire-de-lattentat-du-port-dalger-abadou-appelle-a-preserver-les-acquis-de-lindependance\/\" \/>\n<meta property=\"og:locale\" content=\"fr_FR\" \/>\n<meta property=\"og:type\" content=\"article\" \/>\n<meta property=\"og:title\" content=\"55e anniversaire de l&#039;attentat du Port d&#039;Alger: Abadou appelle \u00e0 pr\u00e9server les acquis de l&#039;ind\u00e9pendance - info algerie\" \/>\n<meta property=\"og:description\" content=\"ALGER- Le secr\u00e9taire g\u00e9n\u00e9ral de l&rsquo;Organisation nationale\u00a0 des moudjahidine (ONM), Sa\u00efd Abadou, a indiqu\u00e9 mardi \u00e0 Alger que la\u00a0 comm\u00e9moration du 55e anniversaire de l&rsquo;attentat \u00e0 l&rsquo;explosif perp\u00e9tr\u00e9 au\u00a0 Port d&rsquo;Alger par l&rsquo;Organisation arm\u00e9e secr\u00e8te (OAS) intervenait cette ann\u00e9e dans le contexte particulier des l\u00e9gislatives, appelant le peuple alg\u00e9rien\u00a0 \u00e0 pr\u00e9server les acquis de l&rsquo;ind\u00e9pendance\" \/>\n<meta property=\"og:url\" content=\"https:\/\/www.info-algerie.com\/actualites\/55e-anniversaire-de-lattentat-du-port-dalger-abadou-appelle-a-preserver-les-acquis-de-lindependance\/\" \/>\n<meta property=\"og:site_name\" content=\"info algerie\" \/>\n<meta property=\"article:publisher\" content=\"https:\/\/www.facebook.com\/infoalgerieactu\" \/>\n<meta property=\"article:published_time\" content=\"2017-05-02T15:40:38+00:00\" \/>\n<meta property=\"og:image\" content=\"https:\/\/www.info-algerie.com\/actualites\/wp-content\/uploads\/2017\/05\/c565646056f65a7ed3704a8408a88a29_S-1.jpg\" \/>\n\t<meta property=\"og:image:width\" content=\"280\" \/>\n\t<meta property=\"og:image:height\" content=\"169\" \/>\n\t<meta property=\"og:image:type\" content=\"image\/jpeg\" \/>\n<meta name=\"author\" content=\"La r\u00e9daction\" \/>\n<meta name=\"twitter:label1\" content=\"\u00c9crit par\" \/>\n\t<meta name=\"twitter:data1\" content=\"La r\u00e9daction\" \/>\n\t<meta name=\"twitter:label2\" content=\"Dur\u00e9e de lecture estim\u00e9e\" \/>\n\t<meta name=\"twitter:data2\" content=\"3 minutes\" \/>\n<script type=\"application\/ld+json\" class=\"yoast-schema-graph\">{\"@context\":\"https:\\\/\\\/schema.org\",\"@graph\":[{\"@type\":\"Article\",\"@id\":\"https:\\\/\\\/www.info-algerie.com\\\/actualites\\\/55e-anniversaire-de-lattentat-du-port-dalger-abadou-appelle-a-preserver-les-acquis-de-lindependance\\\/#article\",\"isPartOf\":{\"@id\":\"https:\\\/\\\/www.info-algerie.com\\\/actualites\\\/55e-anniversaire-de-lattentat-du-port-dalger-abadou-appelle-a-preserver-les-acquis-de-lindependance\\\/\"},\"author\":{\"name\":\"La r\u00e9daction\",\"@id\":\"https:\\\/\\\/www.info-algerie.com\\\/actualites\\\/#\\\/schema\\\/person\\\/847aaec44920825b843a08f30ec6aa1e\"},\"headline\":\"55e anniversaire de l&#039;attentat du Port d&#039;Alger: Abadou appelle \u00e0 pr\u00e9server les acquis de l&#039;ind\u00e9pendance\",\"datePublished\":\"2017-05-02T15:40:38+00:00\",\"mainEntityOfPage\":{\"@id\":\"https:\\\/\\\/www.info-algerie.com\\\/actualites\\\/55e-anniversaire-de-lattentat-du-port-dalger-abadou-appelle-a-preserver-les-acquis-de-lindependance\\\/\"},\"wordCount\":632,\"commentCount\":0,\"publisher\":{\"@id\":\"https:\\\/\\\/www.info-algerie.com\\\/actualites\\\/#organization\"},\"image\":{\"@id\":\"https:\\\/\\\/www.info-algerie.com\\\/actualites\\\/55e-anniversaire-de-lattentat-du-port-dalger-abadou-appelle-a-preserver-les-acquis-de-lindependance\\\/#primaryimage\"},\"thumbnailUrl\":\"https:\\\/\\\/www.info-algerie.com\\\/actualites\\\/wp-content\\\/uploads\\\/2017\\\/05\\\/c565646056f65a7ed3704a8408a88a29_S-1.jpg\",\"keywords\":[\"ONU\"],\"articleSection\":[\"infos\"],\"inLanguage\":\"fr-FR\",\"potentialAction\":[{\"@type\":\"CommentAction\",\"name\":\"Comment\",\"target\":[\"https:\\\/\\\/www.info-algerie.com\\\/actualites\\\/55e-anniversaire-de-lattentat-du-port-dalger-abadou-appelle-a-preserver-les-acquis-de-lindependance\\\/#respond\"]}]},{\"@type\":\"WebPage\",\"@id\":\"https:\\\/\\\/www.info-algerie.com\\\/actualites\\\/55e-anniversaire-de-lattentat-du-port-dalger-abadou-appelle-a-preserver-les-acquis-de-lindependance\\\/\",\"url\":\"https:\\\/\\\/www.info-algerie.com\\\/actualites\\\/55e-anniversaire-de-lattentat-du-port-dalger-abadou-appelle-a-preserver-les-acquis-de-lindependance\\\/\",\"name\":\"55e anniversaire de l&#039;attentat du Port d&#039;Alger: Abadou appelle \u00e0 pr\u00e9server les acquis de l&#039;ind\u00e9pendance - info algerie\",\"isPartOf\":{\"@id\":\"https:\\\/\\\/www.info-algerie.com\\\/actualites\\\/#website\"},\"primaryImageOfPage\":{\"@id\":\"https:\\\/\\\/www.info-algerie.com\\\/actualites\\\/55e-anniversaire-de-lattentat-du-port-dalger-abadou-appelle-a-preserver-les-acquis-de-lindependance\\\/#primaryimage\"},\"image\":{\"@id\":\"https:\\\/\\\/www.info-algerie.com\\\/actualites\\\/55e-anniversaire-de-lattentat-du-port-dalger-abadou-appelle-a-preserver-les-acquis-de-lindependance\\\/#primaryimage\"},\"thumbnailUrl\":\"https:\\\/\\\/www.info-algerie.com\\\/actualites\\\/wp-content\\\/uploads\\\/2017\\\/05\\\/c565646056f65a7ed3704a8408a88a29_S-1.jpg\",\"datePublished\":\"2017-05-02T15:40:38+00:00\",\"breadcrumb\":{\"@id\":\"https:\\\/\\\/www.info-algerie.com\\\/actualites\\\/55e-anniversaire-de-lattentat-du-port-dalger-abadou-appelle-a-preserver-les-acquis-de-lindependance\\\/#breadcrumb\"},\"inLanguage\":\"fr-FR\",\"potentialAction\":[{\"@type\":\"ReadAction\",\"target\":[\"https:\\\/\\\/www.info-algerie.com\\\/actualites\\\/55e-anniversaire-de-lattentat-du-port-dalger-abadou-appelle-a-preserver-les-acquis-de-lindependance\\\/\"]}]},{\"@type\":\"ImageObject\",\"inLanguage\":\"fr-FR\",\"@id\":\"https:\\\/\\\/www.info-algerie.com\\\/actualites\\\/55e-anniversaire-de-lattentat-du-port-dalger-abadou-appelle-a-preserver-les-acquis-de-lindependance\\\/#primaryimage\",\"url\":\"https:\\\/\\\/www.info-algerie.com\\\/actualites\\\/wp-content\\\/uploads\\\/2017\\\/05\\\/c565646056f65a7ed3704a8408a88a29_S-1.jpg\",\"contentUrl\":\"https:\\\/\\\/www.info-algerie.com\\\/actualites\\\/wp-content\\\/uploads\\\/2017\\\/05\\\/c565646056f65a7ed3704a8408a88a29_S-1.jpg\",\"width\":280,\"height\":169},{\"@type\":\"BreadcrumbList\",\"@id\":\"https:\\\/\\\/www.info-algerie.com\\\/actualites\\\/55e-anniversaire-de-lattentat-du-port-dalger-abadou-appelle-a-preserver-les-acquis-de-lindependance\\\/#breadcrumb\",\"itemListElement\":[{\"@type\":\"ListItem\",\"position\":1,\"name\":\"Accueil\",\"item\":\"https:\\\/\\\/www.info-algerie.com\\\/actualites\\\/\"},{\"@type\":\"ListItem\",\"position\":2,\"name\":\"55e anniversaire de l&#039;attentat du Port d&#039;Alger: Abadou appelle \u00e0 pr\u00e9server les acquis de l&#039;ind\u00e9pendance\"}]},{\"@type\":\"WebSite\",\"@id\":\"https:\\\/\\\/www.info-algerie.com\\\/actualites\\\/#website\",\"url\":\"https:\\\/\\\/www.info-algerie.com\\\/actualites\\\/\",\"name\":\"info algerie\",\"description\":\"Toutes les actualit\u00e9s\",\"publisher\":{\"@id\":\"https:\\\/\\\/www.info-algerie.com\\\/actualites\\\/#organization\"},\"potentialAction\":[{\"@type\":\"SearchAction\",\"target\":{\"@type\":\"EntryPoint\",\"urlTemplate\":\"https:\\\/\\\/www.info-algerie.com\\\/actualites\\\/?s={search_term_string}\"},\"query-input\":{\"@type\":\"PropertyValueSpecification\",\"valueRequired\":true,\"valueName\":\"search_term_string\"}}],\"inLanguage\":\"fr-FR\"},{\"@type\":\"Organization\",\"@id\":\"https:\\\/\\\/www.info-algerie.com\\\/actualites\\\/#organization\",\"name\":\"info algerie\",\"url\":\"https:\\\/\\\/www.info-algerie.com\\\/actualites\\\/\",\"logo\":{\"@type\":\"ImageObject\",\"inLanguage\":\"fr-FR\",\"@id\":\"https:\\\/\\\/www.info-algerie.com\\\/actualites\\\/#\\\/schema\\\/logo\\\/image\\\/\",\"url\":\"https:\\\/\\\/www.info-algerie.com\\\/actualites\\\/wp-content\\\/uploads\\\/2022\\\/07\\\/logo-ia-120.png\",\"contentUrl\":\"https:\\\/\\\/www.info-algerie.com\\\/actualites\\\/wp-content\\\/uploads\\\/2022\\\/07\\\/logo-ia-120.png\",\"width\":120,\"height\":43,\"caption\":\"info algerie\"},\"image\":{\"@id\":\"https:\\\/\\\/www.info-algerie.com\\\/actualites\\\/#\\\/schema\\\/logo\\\/image\\\/\"},\"sameAs\":[\"https:\\\/\\\/www.facebook.com\\\/infoalgerieactu\",\"https:\\\/\\\/x.com\\\/infoalgerie1\"]},{\"@type\":\"Person\",\"@id\":\"https:\\\/\\\/www.info-algerie.com\\\/actualites\\\/#\\\/schema\\\/person\\\/847aaec44920825b843a08f30ec6aa1e\",\"name\":\"La r\u00e9daction\",\"image\":{\"@type\":\"ImageObject\",\"inLanguage\":\"fr-FR\",\"@id\":\"https:\\\/\\\/secure.gravatar.com\\\/avatar\\\/769db425c6f465158149f1ffd6cf61ce7a8a879d11dfbef8288af36dfddd418c?s=96&d=mm&r=g\",\"url\":\"https:\\\/\\\/secure.gravatar.com\\\/avatar\\\/769db425c6f465158149f1ffd6cf61ce7a8a879d11dfbef8288af36dfddd418c?s=96&d=mm&r=g\",\"contentUrl\":\"https:\\\/\\\/secure.gravatar.com\\\/avatar\\\/769db425c6f465158149f1ffd6cf61ce7a8a879d11dfbef8288af36dfddd418c?s=96&d=mm&r=g\",\"caption\":\"La r\u00e9daction\"},\"sameAs\":[\"http:\\\/\\\/www.lkeria.com\\\/\"],\"url\":\"https:\\\/\\\/www.info-algerie.com\\\/actualites\\\/author\\\/chakib32\\\/\"}]}<\/script>\n<!-- \/ Yoast SEO plugin. -->","yoast_head_json":{"title":"55e anniversaire de l&#039;attentat du Port d&#039;Alger: Abadou appelle \u00e0 pr\u00e9server les acquis de l&#039;ind\u00e9pendance - info algerie","robots":{"index":"index","follow":"follow","max-snippet":"max-snippet:-1","max-image-preview":"max-image-preview:large","max-video-preview":"max-video-preview:-1"},"canonical":"https:\/\/www.info-algerie.com\/actualites\/55e-anniversaire-de-lattentat-du-port-dalger-abadou-appelle-a-preserver-les-acquis-de-lindependance\/","og_locale":"fr_FR","og_type":"article","og_title":"55e anniversaire de l&#039;attentat du Port d&#039;Alger: Abadou appelle \u00e0 pr\u00e9server les acquis de l&#039;ind\u00e9pendance - info algerie","og_description":"ALGER- Le secr\u00e9taire g\u00e9n\u00e9ral de l&rsquo;Organisation nationale\u00a0 des moudjahidine (ONM), Sa\u00efd Abadou, a indiqu\u00e9 mardi \u00e0 Alger que la\u00a0 comm\u00e9moration du 55e anniversaire de l&rsquo;attentat \u00e0 l&rsquo;explosif perp\u00e9tr\u00e9 au\u00a0 Port d&rsquo;Alger par l&rsquo;Organisation arm\u00e9e secr\u00e8te (OAS) intervenait cette ann\u00e9e dans le contexte particulier des l\u00e9gislatives, appelant le peuple alg\u00e9rien\u00a0 \u00e0 pr\u00e9server les acquis de l&rsquo;ind\u00e9pendance","og_url":"https:\/\/www.info-algerie.com\/actualites\/55e-anniversaire-de-lattentat-du-port-dalger-abadou-appelle-a-preserver-les-acquis-de-lindependance\/","og_site_name":"info algerie","article_publisher":"https:\/\/www.facebook.com\/infoalgerieactu","article_published_time":"2017-05-02T15:40:38+00:00","og_image":[{"width":280,"height":169,"url":"https:\/\/www.info-algerie.com\/actualites\/wp-content\/uploads\/2017\/05\/c565646056f65a7ed3704a8408a88a29_S-1.jpg","type":"image\/jpeg"}],"author":"La r\u00e9daction","twitter_misc":{"\u00c9crit par":"La r\u00e9daction","Dur\u00e9e de lecture estim\u00e9e":"3 minutes"},"schema":{"@context":"https:\/\/schema.org","@graph":[{"@type":"Article","@id":"https:\/\/www.info-algerie.com\/actualites\/55e-anniversaire-de-lattentat-du-port-dalger-abadou-appelle-a-preserver-les-acquis-de-lindependance\/#article","isPartOf":{"@id":"https:\/\/www.info-algerie.com\/actualites\/55e-anniversaire-de-lattentat-du-port-dalger-abadou-appelle-a-preserver-les-acquis-de-lindependance\/"},"author":{"name":"La r\u00e9daction","@id":"https:\/\/www.info-algerie.com\/actualites\/#\/schema\/person\/847aaec44920825b843a08f30ec6aa1e"},"headline":"55e anniversaire de l&#039;attentat du Port d&#039;Alger: Abadou appelle \u00e0 pr\u00e9server les acquis de l&#039;ind\u00e9pendance","datePublished":"2017-05-02T15:40:38+00:00","mainEntityOfPage":{"@id":"https:\/\/www.info-algerie.com\/actualites\/55e-anniversaire-de-lattentat-du-port-dalger-abadou-appelle-a-preserver-les-acquis-de-lindependance\/"},"wordCount":632,"commentCount":0,"publisher":{"@id":"https:\/\/www.info-algerie.com\/actualites\/#organization"},"image":{"@id":"https:\/\/www.info-algerie.com\/actualites\/55e-anniversaire-de-lattentat-du-port-dalger-abadou-appelle-a-preserver-les-acquis-de-lindependance\/#primaryimage"},"thumbnailUrl":"https:\/\/www.info-algerie.com\/actualites\/wp-content\/uploads\/2017\/05\/c565646056f65a7ed3704a8408a88a29_S-1.jpg","keywords":["ONU"],"articleSection":["infos"],"inLanguage":"fr-FR","potentialAction":[{"@type":"CommentAction","name":"Comment","target":["https:\/\/www.info-algerie.com\/actualites\/55e-anniversaire-de-lattentat-du-port-dalger-abadou-appelle-a-preserver-les-acquis-de-lindependance\/#respond"]}]},{"@type":"WebPage","@id":"https:\/\/www.info-algerie.com\/actualites\/55e-anniversaire-de-lattentat-du-port-dalger-abadou-appelle-a-preserver-les-acquis-de-lindependance\/","url":"https:\/\/www.info-algerie.com\/actualites\/55e-anniversaire-de-lattentat-du-port-dalger-abadou-appelle-a-preserver-les-acquis-de-lindependance\/","name":"55e anniversaire de l&#039;attentat du Port d&#039;Alger: Abadou appelle \u00e0 pr\u00e9server les acquis de l&#039;ind\u00e9pendance - info algerie","isPartOf":{"@id":"https:\/\/www.info-algerie.com\/actualites\/#website"},"primaryImageOfPage":{"@id":"https:\/\/www.info-algerie.com\/actualites\/55e-anniversaire-de-lattentat-du-port-dalger-abadou-appelle-a-preserver-les-acquis-de-lindependance\/#primaryimage"},"image":{"@id":"https:\/\/www.info-algerie.com\/actualites\/55e-anniversaire-de-lattentat-du-port-dalger-abadou-appelle-a-preserver-les-acquis-de-lindependance\/#primaryimage"},"thumbnailUrl":"https:\/\/www.info-algerie.com\/actualites\/wp-content\/uploads\/2017\/05\/c565646056f65a7ed3704a8408a88a29_S-1.jpg","datePublished":"2017-05-02T15:40:38+00:00","breadcrumb":{"@id":"https:\/\/www.info-algerie.com\/actualites\/55e-anniversaire-de-lattentat-du-port-dalger-abadou-appelle-a-preserver-les-acquis-de-lindependance\/#breadcrumb"},"inLanguage":"fr-FR","potentialAction":[{"@type":"ReadAction","target":["https:\/\/www.info-algerie.com\/actualites\/55e-anniversaire-de-lattentat-du-port-dalger-abadou-appelle-a-preserver-les-acquis-de-lindependance\/"]}]},{"@type":"ImageObject","inLanguage":"fr-FR","@id":"https:\/\/www.info-algerie.com\/actualites\/55e-anniversaire-de-lattentat-du-port-dalger-abadou-appelle-a-preserver-les-acquis-de-lindependance\/#primaryimage","url":"https:\/\/www.info-algerie.com\/actualites\/wp-content\/uploads\/2017\/05\/c565646056f65a7ed3704a8408a88a29_S-1.jpg","contentUrl":"https:\/\/www.info-algerie.com\/actualites\/wp-content\/uploads\/2017\/05\/c565646056f65a7ed3704a8408a88a29_S-1.jpg","width":280,"height":169},{"@type":"BreadcrumbList","@id":"https:\/\/www.info-algerie.com\/actualites\/55e-anniversaire-de-lattentat-du-port-dalger-abadou-appelle-a-preserver-les-acquis-de-lindependance\/#breadcrumb","itemListElement":[{"@type":"ListItem","position":1,"name":"Accueil","item":"https:\/\/www.info-algerie.com\/actualites\/"},{"@type":"ListItem","position":2,"name":"55e anniversaire de l&#039;attentat du Port d&#039;Alger: Abadou appelle \u00e0 pr\u00e9server les acquis de l&#039;ind\u00e9pendance"}]},{"@type":"WebSite","@id":"https:\/\/www.info-algerie.com\/actualites\/#website","url":"https:\/\/www.info-algerie.com\/actualites\/","name":"info algerie","description":"Toutes les actualit\u00e9s","publisher":{"@id":"https:\/\/www.info-algerie.com\/actualites\/#organization"},"potentialAction":[{"@type":"SearchAction","target":{"@type":"EntryPoint","urlTemplate":"https:\/\/www.info-algerie.com\/actualites\/?s={search_term_string}"},"query-input":{"@type":"PropertyValueSpecification","valueRequired":true,"valueName":"search_term_string"}}],"inLanguage":"fr-FR"},{"@type":"Organization","@id":"https:\/\/www.info-algerie.com\/actualites\/#organization","name":"info algerie","url":"https:\/\/www.info-algerie.com\/actualites\/","logo":{"@type":"ImageObject","inLanguage":"fr-FR","@id":"https:\/\/www.info-algerie.com\/actualites\/#\/schema\/logo\/image\/","url":"https:\/\/www.info-algerie.com\/actualites\/wp-content\/uploads\/2022\/07\/logo-ia-120.png","contentUrl":"https:\/\/www.info-algerie.com\/actualites\/wp-content\/uploads\/2022\/07\/logo-ia-120.png","width":120,"height":43,"caption":"info algerie"},"image":{"@id":"https:\/\/www.info-algerie.com\/actualites\/#\/schema\/logo\/image\/"},"sameAs":["https:\/\/www.facebook.com\/infoalgerieactu","https:\/\/x.com\/infoalgerie1"]},{"@type":"Person","@id":"https:\/\/www.info-algerie.com\/actualites\/#\/schema\/person\/847aaec44920825b843a08f30ec6aa1e","name":"La r\u00e9daction","image":{"@type":"ImageObject","inLanguage":"fr-FR","@id":"https:\/\/secure.gravatar.com\/avatar\/769db425c6f465158149f1ffd6cf61ce7a8a879d11dfbef8288af36dfddd418c?s=96&d=mm&r=g","url":"https:\/\/secure.gravatar.com\/avatar\/769db425c6f465158149f1ffd6cf61ce7a8a879d11dfbef8288af36dfddd418c?s=96&d=mm&r=g","contentUrl":"https:\/\/secure.gravatar.com\/avatar\/769db425c6f465158149f1ffd6cf61ce7a8a879d11dfbef8288af36dfddd418c?s=96&d=mm&r=g","caption":"La r\u00e9daction"},"sameAs":["http:\/\/www.lkeria.com\/"],"url":"https:\/\/www.info-algerie.com\/actualites\/author\/chakib32\/"}]}},"_links":{"self":[{"href":"https:\/\/www.info-algerie.com\/actualites\/wp-json\/wp\/v2\/posts\/11349","targetHints":{"allow":["GET"]}}],"collection":[{"href":"https:\/\/www.info-algerie.com\/actualites\/wp-json\/wp\/v2\/posts"}],"about":[{"href":"https:\/\/www.info-algerie.com\/actualites\/wp-json\/wp\/v2\/types\/post"}],"author":[{"embeddable":true,"href":"https:\/\/www.info-algerie.com\/actualites\/wp-json\/wp\/v2\/users\/6"}],"replies":[{"embeddable":true,"href":"https:\/\/www.info-algerie.com\/actualites\/wp-json\/wp\/v2\/comments?post=11349"}],"version-history":[{"count":0,"href":"https:\/\/www.info-algerie.com\/actualites\/wp-json\/wp\/v2\/posts\/11349\/revisions"}],"wp:featuredmedia":[{"embeddable":true,"href":"https:\/\/www.info-algerie.com\/actualites\/wp-json\/wp\/v2\/media\/11350"}],"wp:attachment":[{"href":"https:\/\/www.info-algerie.com\/actualites\/wp-json\/wp\/v2\/media?parent=11349"}],"wp:term":[{"taxonomy":"category","embeddable":true,"href":"https:\/\/www.info-algerie.com\/actualites\/wp-json\/wp\/v2\/categories?post=11349"},{"taxonomy":"post_tag","embeddable":true,"href":"https:\/\/www.info-algerie.com\/actualites\/wp-json\/wp\/v2\/tags?post=11349"}],"curies":[{"name":"wp","href":"https:\/\/api.w.org\/{rel}","templated":true}]}}