{"id":11353,"date":"2017-05-02T18:01:39","date_gmt":"2017-05-02T17:01:39","guid":{"rendered":"http:\/\/www.info-algerie.com\/actualites\/medelci-recoit-le-chef-de-la-delegation-dobservateurs-de-la-ligue-arabe\/"},"modified":"2017-05-02T18:01:39","modified_gmt":"2017-05-02T17:01:39","slug":"medelci-recoit-le-chef-de-la-delegation-dobservateurs-de-la-ligue-arabe","status":"publish","type":"post","link":"https:\/\/www.info-algerie.com\/actualites\/medelci-recoit-le-chef-de-la-delegation-dobservateurs-de-la-ligue-arabe\/","title":{"rendered":"Medelci re\u00e7oit le chef de la d\u00e9l\u00e9gation  d&#039;observateurs de la Ligue arabe"},"content":{"rendered":"<div class=\"K2FeedIntroText\">\n<p>ALGER- Le pr\u00e9sident du Conseil constitutionnel, Mourad\u00a0 Medelci a re\u00e7u le chef de la d\u00e9l\u00e9gation d&rsquo;observateurs de la Ligue arabe,\u00a0 Dr. Said Abderrahmane Abou Ali, d\u00e9p\u00each\u00e9e dans le cadre des \u00e9lections\u00a0 l\u00e9gislatives pr\u00e9vues le 4 mai 2017, a indiqu\u00e9 mardi un communiqu\u00e9 du\u00a0 Conseil.\u00a0<\/p>\n<p>&#013;\n<\/p><\/div>\n<div class=\"K2FeedFullText\">&#013;<\/p>\n<p>Lors de cette rencontre, les missions et le r\u00f4le du Conseil\u00a0 constitutionnel dans le processus \u00e9lectoral en ont \u00e9t\u00e9 pr\u00e9sent\u00e9s et des\u00a0 r\u00e9ponses fournies aux interrogations des membres de la d\u00e9l\u00e9gation de la Ligue arabe, conclut la m\u00eame source.<\/p>\n<\/div>\n<p>&#013;<br \/>\nSource: <a href=\"http:\/\/www.aps.dz\/algerie\/56882-medelci-recoit-le-chef-de-la-delegation-d-observateurs-de-la-ligue-arabe\" target=\"_blank\">Medelci re\u00e7oit le chef de la d\u00e9l\u00e9gation  d&rsquo;observateurs de la Ligue arabe<\/a><\/p>\n<!--CusAds0-->\n<div style=\"font-size: 0px; height: 0px; line-height: 0px; margin: 0; padding: 0; clear: both;\"><\/div>","protected":false},"excerpt":{"rendered":"<p>ALGER- Le pr\u00e9sident du Conseil constitutionnel, Mourad\u00a0 Medelci a re\u00e7u le chef de la d\u00e9l\u00e9gation d&rsquo;observateurs de la Ligue arabe,\u00a0 Dr. Said Abderrahmane Abou Ali, d\u00e9p\u00each\u00e9e dans le cadre des \u00e9lections\u00a0 l\u00e9gislatives pr\u00e9vues le 4 mai 2017, a indiqu\u00e9 mardi un communiqu\u00e9 du\u00a0 Conseil.\u00a0 &#013; &#013; Lors de cette rencontre, les missions et le r\u00f4le<\/p>\n","protected":false},"author":6,"featured_media":0,"comment_status":"open","ping_status":"open","sticky":false,"template":"","format":"standard","meta":{"footnotes":""},"categories":[22],"tags":[93],"class_list":["post-11353","post","type-post","status-publish","format-standard","hentry","category-infos","tag-onu"],"yoast_head":"<!-- This site is optimized with the Yoast SEO plugin v27.5 - https:\/\/yoast.com\/product\/yoast-seo-wordpress\/ -->\n<title>Medelci re\u00e7oit le chef de la d\u00e9l\u00e9gation d&#039;observateurs de la Ligue arabe - info algerie<\/title>\n<meta name=\"robots\" content=\"index, follow, max-snippet:-1, max-image-preview:large, max-video-preview:-1\" \/>\n<link rel=\"canonical\" href=\"https:\/\/www.info-algerie.com\/actualites\/medelci-recoit-le-chef-de-la-delegation-dobservateurs-de-la-ligue-arabe\/\" \/>\n<meta property=\"og:locale\" content=\"fr_FR\" \/>\n<meta property=\"og:type\" content=\"article\" \/>\n<meta property=\"og:title\" content=\"Medelci re\u00e7oit le chef de la d\u00e9l\u00e9gation d&#039;observateurs de la Ligue arabe - info algerie\" \/>\n<meta property=\"og:description\" content=\"ALGER- Le pr\u00e9sident du Conseil constitutionnel, Mourad\u00a0 Medelci a re\u00e7u le chef de la d\u00e9l\u00e9gation d&rsquo;observateurs de la Ligue arabe,\u00a0 Dr. Said Abderrahmane Abou Ali, d\u00e9p\u00each\u00e9e dans le cadre des \u00e9lections\u00a0 l\u00e9gislatives pr\u00e9vues le 4 mai 2017, a indiqu\u00e9 mardi un communiqu\u00e9 du\u00a0 Conseil.\u00a0 &#013; &#013; Lors de cette rencontre, les missions et le r\u00f4le\" \/>\n<meta property=\"og:url\" content=\"https:\/\/www.info-algerie.com\/actualites\/medelci-recoit-le-chef-de-la-delegation-dobservateurs-de-la-ligue-arabe\/\" \/>\n<meta property=\"og:site_name\" content=\"info algerie\" \/>\n<meta property=\"article:publisher\" content=\"https:\/\/www.facebook.com\/infoalgerieactu\" \/>\n<meta property=\"article:published_time\" content=\"2017-05-02T17:01:39+00:00\" \/>\n<meta name=\"author\" content=\"La r\u00e9daction\" \/>\n<meta name=\"twitter:label1\" content=\"\u00c9crit par\" \/>\n\t<meta name=\"twitter:data1\" content=\"La r\u00e9daction\" \/>\n\t<meta name=\"twitter:label2\" content=\"Dur\u00e9e de lecture estim\u00e9e\" \/>\n\t<meta name=\"twitter:data2\" content=\"1 minute\" \/>\n<script type=\"application\/ld+json\" class=\"yoast-schema-graph\">{\"@context\":\"https:\\\/\\\/schema.org\",\"@graph\":[{\"@type\":\"Article\",\"@id\":\"https:\\\/\\\/www.info-algerie.com\\\/actualites\\\/medelci-recoit-le-chef-de-la-delegation-dobservateurs-de-la-ligue-arabe\\\/#article\",\"isPartOf\":{\"@id\":\"https:\\\/\\\/www.info-algerie.com\\\/actualites\\\/medelci-recoit-le-chef-de-la-delegation-dobservateurs-de-la-ligue-arabe\\\/\"},\"author\":{\"name\":\"La r\u00e9daction\",\"@id\":\"https:\\\/\\\/www.info-algerie.com\\\/actualites\\\/#\\\/schema\\\/person\\\/847aaec44920825b843a08f30ec6aa1e\"},\"headline\":\"Medelci re\u00e7oit le chef de la d\u00e9l\u00e9gation d&#039;observateurs de la Ligue arabe\",\"datePublished\":\"2017-05-02T17:01:39+00:00\",\"mainEntityOfPage\":{\"@id\":\"https:\\\/\\\/www.info-algerie.com\\\/actualites\\\/medelci-recoit-le-chef-de-la-delegation-dobservateurs-de-la-ligue-arabe\\\/\"},\"wordCount\":131,\"commentCount\":0,\"publisher\":{\"@id\":\"https:\\\/\\\/www.info-algerie.com\\\/actualites\\\/#organization\"},\"keywords\":[\"ONU\"],\"articleSection\":[\"infos\"],\"inLanguage\":\"fr-FR\",\"potentialAction\":[{\"@type\":\"CommentAction\",\"name\":\"Comment\",\"target\":[\"https:\\\/\\\/www.info-algerie.com\\\/actualites\\\/medelci-recoit-le-chef-de-la-delegation-dobservateurs-de-la-ligue-arabe\\\/#respond\"]}]},{\"@type\":\"WebPage\",\"@id\":\"https:\\\/\\\/www.info-algerie.com\\\/actualites\\\/medelci-recoit-le-chef-de-la-delegation-dobservateurs-de-la-ligue-arabe\\\/\",\"url\":\"https:\\\/\\\/www.info-algerie.com\\\/actualites\\\/medelci-recoit-le-chef-de-la-delegation-dobservateurs-de-la-ligue-arabe\\\/\",\"name\":\"Medelci re\u00e7oit le chef de la d\u00e9l\u00e9gation d&#039;observateurs de la Ligue arabe - info algerie\",\"isPartOf\":{\"@id\":\"https:\\\/\\\/www.info-algerie.com\\\/actualites\\\/#website\"},\"datePublished\":\"2017-05-02T17:01:39+00:00\",\"breadcrumb\":{\"@id\":\"https:\\\/\\\/www.info-algerie.com\\\/actualites\\\/medelci-recoit-le-chef-de-la-delegation-dobservateurs-de-la-ligue-arabe\\\/#breadcrumb\"},\"inLanguage\":\"fr-FR\",\"potentialAction\":[{\"@type\":\"ReadAction\",\"target\":[\"https:\\\/\\\/www.info-algerie.com\\\/actualites\\\/medelci-recoit-le-chef-de-la-delegation-dobservateurs-de-la-ligue-arabe\\\/\"]}]},{\"@type\":\"BreadcrumbList\",\"@id\":\"https:\\\/\\\/www.info-algerie.com\\\/actualites\\\/medelci-recoit-le-chef-de-la-delegation-dobservateurs-de-la-ligue-arabe\\\/#breadcrumb\",\"itemListElement\":[{\"@type\":\"ListItem\",\"position\":1,\"name\":\"Accueil\",\"item\":\"https:\\\/\\\/www.info-algerie.com\\\/actualites\\\/\"},{\"@type\":\"ListItem\",\"position\":2,\"name\":\"Medelci re\u00e7oit le chef de la d\u00e9l\u00e9gation d&#039;observateurs de la Ligue arabe\"}]},{\"@type\":\"WebSite\",\"@id\":\"https:\\\/\\\/www.info-algerie.com\\\/actualites\\\/#website\",\"url\":\"https:\\\/\\\/www.info-algerie.com\\\/actualites\\\/\",\"name\":\"info algerie\",\"description\":\"Toutes les actualit\u00e9s\",\"publisher\":{\"@id\":\"https:\\\/\\\/www.info-algerie.com\\\/actualites\\\/#organization\"},\"potentialAction\":[{\"@type\":\"SearchAction\",\"target\":{\"@type\":\"EntryPoint\",\"urlTemplate\":\"https:\\\/\\\/www.info-algerie.com\\\/actualites\\\/?s={search_term_string}\"},\"query-input\":{\"@type\":\"PropertyValueSpecification\",\"valueRequired\":true,\"valueName\":\"search_term_string\"}}],\"inLanguage\":\"fr-FR\"},{\"@type\":\"Organization\",\"@id\":\"https:\\\/\\\/www.info-algerie.com\\\/actualites\\\/#organization\",\"name\":\"info algerie\",\"url\":\"https:\\\/\\\/www.info-algerie.com\\\/actualites\\\/\",\"logo\":{\"@type\":\"ImageObject\",\"inLanguage\":\"fr-FR\",\"@id\":\"https:\\\/\\\/www.info-algerie.com\\\/actualites\\\/#\\\/schema\\\/logo\\\/image\\\/\",\"url\":\"https:\\\/\\\/www.info-algerie.com\\\/actualites\\\/wp-content\\\/uploads\\\/2022\\\/07\\\/logo-ia-120.png\",\"contentUrl\":\"https:\\\/\\\/www.info-algerie.com\\\/actualites\\\/wp-content\\\/uploads\\\/2022\\\/07\\\/logo-ia-120.png\",\"width\":120,\"height\":43,\"caption\":\"info algerie\"},\"image\":{\"@id\":\"https:\\\/\\\/www.info-algerie.com\\\/actualites\\\/#\\\/schema\\\/logo\\\/image\\\/\"},\"sameAs\":[\"https:\\\/\\\/www.facebook.com\\\/infoalgerieactu\",\"https:\\\/\\\/x.com\\\/infoalgerie1\"]},{\"@type\":\"Person\",\"@id\":\"https:\\\/\\\/www.info-algerie.com\\\/actualites\\\/#\\\/schema\\\/person\\\/847aaec44920825b843a08f30ec6aa1e\",\"name\":\"La r\u00e9daction\",\"image\":{\"@type\":\"ImageObject\",\"inLanguage\":\"fr-FR\",\"@id\":\"https:\\\/\\\/secure.gravatar.com\\\/avatar\\\/769db425c6f465158149f1ffd6cf61ce7a8a879d11dfbef8288af36dfddd418c?s=96&d=mm&r=g\",\"url\":\"https:\\\/\\\/secure.gravatar.com\\\/avatar\\\/769db425c6f465158149f1ffd6cf61ce7a8a879d11dfbef8288af36dfddd418c?s=96&d=mm&r=g\",\"contentUrl\":\"https:\\\/\\\/secure.gravatar.com\\\/avatar\\\/769db425c6f465158149f1ffd6cf61ce7a8a879d11dfbef8288af36dfddd418c?s=96&d=mm&r=g\",\"caption\":\"La r\u00e9daction\"},\"sameAs\":[\"http:\\\/\\\/www.lkeria.com\\\/\"],\"url\":\"https:\\\/\\\/www.info-algerie.com\\\/actualites\\\/author\\\/chakib32\\\/\"}]}<\/script>\n<!-- \/ Yoast SEO plugin. -->","yoast_head_json":{"title":"Medelci re\u00e7oit le chef de la d\u00e9l\u00e9gation d&#039;observateurs de la Ligue arabe - info algerie","robots":{"index":"index","follow":"follow","max-snippet":"max-snippet:-1","max-image-preview":"max-image-preview:large","max-video-preview":"max-video-preview:-1"},"canonical":"https:\/\/www.info-algerie.com\/actualites\/medelci-recoit-le-chef-de-la-delegation-dobservateurs-de-la-ligue-arabe\/","og_locale":"fr_FR","og_type":"article","og_title":"Medelci re\u00e7oit le chef de la d\u00e9l\u00e9gation d&#039;observateurs de la Ligue arabe - info algerie","og_description":"ALGER- Le pr\u00e9sident du Conseil constitutionnel, Mourad\u00a0 Medelci a re\u00e7u le chef de la d\u00e9l\u00e9gation d&rsquo;observateurs de la Ligue arabe,\u00a0 Dr. Said Abderrahmane Abou Ali, d\u00e9p\u00each\u00e9e dans le cadre des \u00e9lections\u00a0 l\u00e9gislatives pr\u00e9vues le 4 mai 2017, a indiqu\u00e9 mardi un communiqu\u00e9 du\u00a0 Conseil.\u00a0 &#013; &#013; Lors de cette rencontre, les missions et le r\u00f4le","og_url":"https:\/\/www.info-algerie.com\/actualites\/medelci-recoit-le-chef-de-la-delegation-dobservateurs-de-la-ligue-arabe\/","og_site_name":"info algerie","article_publisher":"https:\/\/www.facebook.com\/infoalgerieactu","article_published_time":"2017-05-02T17:01:39+00:00","author":"La r\u00e9daction","twitter_misc":{"\u00c9crit par":"La r\u00e9daction","Dur\u00e9e de lecture estim\u00e9e":"1 minute"},"schema":{"@context":"https:\/\/schema.org","@graph":[{"@type":"Article","@id":"https:\/\/www.info-algerie.com\/actualites\/medelci-recoit-le-chef-de-la-delegation-dobservateurs-de-la-ligue-arabe\/#article","isPartOf":{"@id":"https:\/\/www.info-algerie.com\/actualites\/medelci-recoit-le-chef-de-la-delegation-dobservateurs-de-la-ligue-arabe\/"},"author":{"name":"La r\u00e9daction","@id":"https:\/\/www.info-algerie.com\/actualites\/#\/schema\/person\/847aaec44920825b843a08f30ec6aa1e"},"headline":"Medelci re\u00e7oit le chef de la d\u00e9l\u00e9gation d&#039;observateurs de la Ligue arabe","datePublished":"2017-05-02T17:01:39+00:00","mainEntityOfPage":{"@id":"https:\/\/www.info-algerie.com\/actualites\/medelci-recoit-le-chef-de-la-delegation-dobservateurs-de-la-ligue-arabe\/"},"wordCount":131,"commentCount":0,"publisher":{"@id":"https:\/\/www.info-algerie.com\/actualites\/#organization"},"keywords":["ONU"],"articleSection":["infos"],"inLanguage":"fr-FR","potentialAction":[{"@type":"CommentAction","name":"Comment","target":["https:\/\/www.info-algerie.com\/actualites\/medelci-recoit-le-chef-de-la-delegation-dobservateurs-de-la-ligue-arabe\/#respond"]}]},{"@type":"WebPage","@id":"https:\/\/www.info-algerie.com\/actualites\/medelci-recoit-le-chef-de-la-delegation-dobservateurs-de-la-ligue-arabe\/","url":"https:\/\/www.info-algerie.com\/actualites\/medelci-recoit-le-chef-de-la-delegation-dobservateurs-de-la-ligue-arabe\/","name":"Medelci re\u00e7oit le chef de la d\u00e9l\u00e9gation d&#039;observateurs de la Ligue arabe - info algerie","isPartOf":{"@id":"https:\/\/www.info-algerie.com\/actualites\/#website"},"datePublished":"2017-05-02T17:01:39+00:00","breadcrumb":{"@id":"https:\/\/www.info-algerie.com\/actualites\/medelci-recoit-le-chef-de-la-delegation-dobservateurs-de-la-ligue-arabe\/#breadcrumb"},"inLanguage":"fr-FR","potentialAction":[{"@type":"ReadAction","target":["https:\/\/www.info-algerie.com\/actualites\/medelci-recoit-le-chef-de-la-delegation-dobservateurs-de-la-ligue-arabe\/"]}]},{"@type":"BreadcrumbList","@id":"https:\/\/www.info-algerie.com\/actualites\/medelci-recoit-le-chef-de-la-delegation-dobservateurs-de-la-ligue-arabe\/#breadcrumb","itemListElement":[{"@type":"ListItem","position":1,"name":"Accueil","item":"https:\/\/www.info-algerie.com\/actualites\/"},{"@type":"ListItem","position":2,"name":"Medelci re\u00e7oit le chef de la d\u00e9l\u00e9gation d&#039;observateurs de la Ligue arabe"}]},{"@type":"WebSite","@id":"https:\/\/www.info-algerie.com\/actualites\/#website","url":"https:\/\/www.info-algerie.com\/actualites\/","name":"info algerie","description":"Toutes les actualit\u00e9s","publisher":{"@id":"https:\/\/www.info-algerie.com\/actualites\/#organization"},"potentialAction":[{"@type":"SearchAction","target":{"@type":"EntryPoint","urlTemplate":"https:\/\/www.info-algerie.com\/actualites\/?s={search_term_string}"},"query-input":{"@type":"PropertyValueSpecification","valueRequired":true,"valueName":"search_term_string"}}],"inLanguage":"fr-FR"},{"@type":"Organization","@id":"https:\/\/www.info-algerie.com\/actualites\/#organization","name":"info algerie","url":"https:\/\/www.info-algerie.com\/actualites\/","logo":{"@type":"ImageObject","inLanguage":"fr-FR","@id":"https:\/\/www.info-algerie.com\/actualites\/#\/schema\/logo\/image\/","url":"https:\/\/www.info-algerie.com\/actualites\/wp-content\/uploads\/2022\/07\/logo-ia-120.png","contentUrl":"https:\/\/www.info-algerie.com\/actualites\/wp-content\/uploads\/2022\/07\/logo-ia-120.png","width":120,"height":43,"caption":"info algerie"},"image":{"@id":"https:\/\/www.info-algerie.com\/actualites\/#\/schema\/logo\/image\/"},"sameAs":["https:\/\/www.facebook.com\/infoalgerieactu","https:\/\/x.com\/infoalgerie1"]},{"@type":"Person","@id":"https:\/\/www.info-algerie.com\/actualites\/#\/schema\/person\/847aaec44920825b843a08f30ec6aa1e","name":"La r\u00e9daction","image":{"@type":"ImageObject","inLanguage":"fr-FR","@id":"https:\/\/secure.gravatar.com\/avatar\/769db425c6f465158149f1ffd6cf61ce7a8a879d11dfbef8288af36dfddd418c?s=96&d=mm&r=g","url":"https:\/\/secure.gravatar.com\/avatar\/769db425c6f465158149f1ffd6cf61ce7a8a879d11dfbef8288af36dfddd418c?s=96&d=mm&r=g","contentUrl":"https:\/\/secure.gravatar.com\/avatar\/769db425c6f465158149f1ffd6cf61ce7a8a879d11dfbef8288af36dfddd418c?s=96&d=mm&r=g","caption":"La r\u00e9daction"},"sameAs":["http:\/\/www.lkeria.com\/"],"url":"https:\/\/www.info-algerie.com\/actualites\/author\/chakib32\/"}]}},"_links":{"self":[{"href":"https:\/\/www.info-algerie.com\/actualites\/wp-json\/wp\/v2\/posts\/11353","targetHints":{"allow":["GET"]}}],"collection":[{"href":"https:\/\/www.info-algerie.com\/actualites\/wp-json\/wp\/v2\/posts"}],"about":[{"href":"https:\/\/www.info-algerie.com\/actualites\/wp-json\/wp\/v2\/types\/post"}],"author":[{"embeddable":true,"href":"https:\/\/www.info-algerie.com\/actualites\/wp-json\/wp\/v2\/users\/6"}],"replies":[{"embeddable":true,"href":"https:\/\/www.info-algerie.com\/actualites\/wp-json\/wp\/v2\/comments?post=11353"}],"version-history":[{"count":0,"href":"https:\/\/www.info-algerie.com\/actualites\/wp-json\/wp\/v2\/posts\/11353\/revisions"}],"wp:attachment":[{"href":"https:\/\/www.info-algerie.com\/actualites\/wp-json\/wp\/v2\/media?parent=11353"}],"wp:term":[{"taxonomy":"category","embeddable":true,"href":"https:\/\/www.info-algerie.com\/actualites\/wp-json\/wp\/v2\/categories?post=11353"},{"taxonomy":"post_tag","embeddable":true,"href":"https:\/\/www.info-algerie.com\/actualites\/wp-json\/wp\/v2\/tags?post=11353"}],"curies":[{"name":"wp","href":"https:\/\/api.w.org\/{rel}","templated":true}]}}