{"id":11357,"date":"2017-05-02T18:54:35","date_gmt":"2017-05-02T17:54:35","guid":{"rendered":"http:\/\/www.info-algerie.com\/actualites\/la-revision-ordinaire-et-exceptionnelle-des-listes-electorales-augure-dune-augmentation-du-taux-de-participation\/"},"modified":"2017-05-02T18:54:35","modified_gmt":"2017-05-02T17:54:35","slug":"la-revision-ordinaire-et-exceptionnelle-des-listes-electorales-augure-dune-augmentation-du-taux-de-participation","status":"publish","type":"post","link":"https:\/\/www.info-algerie.com\/actualites\/la-revision-ordinaire-et-exceptionnelle-des-listes-electorales-augure-dune-augmentation-du-taux-de-participation\/","title":{"rendered":"La r\u00e9vision ordinaire et exceptionnelle des listes  \u00e9lectorales augure d&#039;une augmentation du taux de participation"},"content":{"rendered":"<div class=\"K2FeedIntroText\">\n<p>ALGER- Le ministre de l&rsquo;Int\u00e9rieur et des collectivit\u00e9s\u00a0 locales, Noureddine Bedoui, a affirm\u00e9 mardi \u00e0 Alger que la r\u00e9vision\u00a0 ordinaire et exceptionnelle des listes \u00e9lectorales \u00ab\u00a0augure d&rsquo;une \u00e9ventuelle augmentation\u00a0\u00bb du taux de participation aux l\u00e9gislatives du 4 mai, ajoutant\u00a0 que \u00ab\u00a0plus de 8.000 nouveaux \u00e9lecteurs ont \u00e9t\u00e9 inscrits dans le fichier\u00a0 \u00e9lectoral\u00a0\u00bb. <br \/>A une question sur ses pronostics au sujet du taux de participation aux\u00a0 l\u00e9gislatives du 4 mai lors du forum de la chaine I de la Radio alg\u00e9rienne,\u00a0 M. Bedoui a d\u00e9clar\u00e9 que \u00ab\u00a0la r\u00e9vision ordinaire et exceptionnelle du fichier\u00a0 \u00e9lectoral augure d&rsquo;une \u00e9ventuelle augmentation du taux de participation \u00e0 travers l&rsquo;inscription de 8.000 nouveaux \u00e9lecteurs dans le fichier\u00a0 \u00e9lectoral\u00a0\u00bb. <br \/>Le nombre d&rsquo;\u00e9lecteurs \u00e0 la faveur de la r\u00e9vision ordinaire et\u00a0 exceptionnelle du fichier \u00e9lectoral a atteint 23.251.503 \u00e9lecteurs. M. Bedoui a r\u00e9it\u00e9r\u00e9 son appel en direction de toutes les cat\u00e9gories de la soci\u00e9t\u00e9 \u00ab\u00a0pour se rendre en force aux urnes \u00e0 l&rsquo;effet de consolider les\u00a0 institutions constitutionnelles\u00a0\u00bb. <br \/>\u00ab\u00a0On ne peut concr\u00e9tiser des r\u00e9formes sur le terrain sans la participation\u00a0 du citoyen\u00a0\u00bb, a soutenu le ministre. \u00ab\u00a0Le peuple doit voter au regard du r\u00f4le\u00a0 important du Parlement et de ses responsabilit\u00e9s dans la cons\u00e9cration des\u00a0 nouvelles valeurs constitutionnelles\u00a0\u00bb, a expliqu\u00e9 le ministre qui a ajout\u00e9 que \u00ab\u00a0certains se retrouvent dans le n\u00e9ant, alors que la place de la soci\u00e9t\u00e9\u00a0 alg\u00e9rienne est d\u00e9sormais constitutionnalis\u00e9e\u00a0\u00bb. <br \/>Apr\u00e8s avoir rappel\u00e9 que certaines lois (codes communal et de wilaya) et\u00a0 projets en cours \u00ab\u00a0ont \u00e9t\u00e9 inspir\u00e9s des propositions des citoyens, des \u00e9lus\u00a0 et de la soci\u00e9t\u00e9 civile\u00a0\u00bb, M. Bedoui a indiqu\u00e9 avoir \u00ab\u00a0relev\u00e9 une\u00a0 disponibilit\u00e9 des partis politiques et de la soci\u00e9t\u00e9 civile \u00e0 accompagner\u00a0 les autorit\u00e9s publiques pour la concr\u00e9tisation des valeurs\u00a0 constitutionnelles \u00ab\u00a0. Il a annonc\u00e9 \u00e0 ce propos que \u00ab\u00a0plusieurs projets de\u00a0 lois seront pr\u00e9sent\u00e9s au nouveau Parlement, tels les codes communal et de\u00a0 wilaya et la loi sur la manifestation pacifique\u00a0\u00bb.\u00a0 <br \/>Rappelant que le Gouvernement \u00ab\u00a0a mobilis\u00e9 tous les moyens mat\u00e9riels et\u00a0 humains, conform\u00e9ment aux orientations du pr\u00e9sident de la R\u00e9publique\u00a0\u00bb, pour\u00a0 permettre aux \u00ab\u00a0citoyens d&rsquo;accomplir leur devoir \u00e9lectoral\u00a0\u00bb, le ministre a\u00a0 fait savoir que \u00ab\u00a0le transport sera gratuit pour faciliter le d\u00e9placement des citoyens aux bureaux de vote, notamment ceux r\u00e9sidant dans les\u00a0 nouvelles cit\u00e9s et les grandes communes o\u00f9 les bureaux de vote sont\u00a0 \u00e9loign\u00e9s du lieu de r\u00e9sidence de l&rsquo;\u00e9lecteur\u00a0\u00bb. <br \/>Pour ce qui est du retrait de la carte de vote pour les citoyens inscrits\u00a0 sur le fichier \u00e9lectoral, le premier responsable du secteur a pr\u00e9cis\u00e9 que\u00a0 \u00ab\u00a0les citoyens qui se sont inscrits lors de la r\u00e9vision ordinaire et\u00a0 exceptionnelles peuvent se pr\u00e9senter aupr\u00e8s des services en charge des\u00a0 \u00e9lections au niveau des APC\u00a0 pour y retirer leur carte de vote\u00a0\u00bb.<br \/>\u00a0Ils\u00a0 peuvent \u00e9galement, a-t-il ajout\u00e9, \u00ab\u00a0voter avec les documents d&rsquo;identit\u00e9\u00a0 nationale (carte d&rsquo;identit\u00e9, passeport, permis de conduire)\u00a0\u00bb. <br \/>L&rsquo;in\u00e9dit pour ces \u00e9lections, c&rsquo;est qu&rsquo;il sera possible pour l&rsquo;\u00e9lecteur de\u00a0 de retirer sa carte du centre de vote, conform\u00e9ment aux orientations du\u00a0 minist\u00e8re, a annonc\u00e9 le M. Bedoui. <br \/>Le ministre a expliqu\u00e9 que la mobilisation de ces moyens visait \u00e0\u00a0 \u00ab\u00a0permettre au citoyen, en ce 4 mai, de s&rsquo;exprimer et de\u00a0 consacrer sa\u00a0 citoyennet\u00e9, en accomplissant son devoir \u00e9lectoral\u00a0\u00bb. <br \/>Evoquant la campagne \u00e9lectorale cl\u00f4tur\u00e9e le 30 avril, M. Bedoui a qualifi\u00e9\u00a0 le discours des partis et des listes des Ind\u00e9pendants de \u00ab\u00a0responsable\u00a0\u00bb, car\u00a0 il s&rsquo;inscrit dans le cadre de la campagne \u00e9lectorale, en particulier en ce\u00a0 qui a trait \u00e0 l&rsquo;explication des programmes et \u00e0 la mise en exergue des\u00a0 points forts\u00a0\u00bb, soulignant que le minist\u00e8re n&rsquo;\u00e9tait charg\u00e9 \u00ab\u00a0que de la\u00a0 pr\u00e9paration de ce rendez-vous \u00e9lectoral et de la garantie des moyens\u00a0 mat\u00e9riels dont des salles et des \u00e9quipements\u00a0\u00bb. <br \/>\u00ab\u00a0En r\u00e9ponse aux critiques exprim\u00e9es sur les appels incessants \u00e0 la\u00a0 pr\u00e9servation de la s\u00e9curit\u00e9 et de la stabilit\u00e9 et les mises en garde contre\u00a0 la menace terroriste et les tentatives d&rsquo;infiltration de groupes\u00a0 <br \/>terroristes\u00a0\u00bb, le ministre a dit qu&rsquo;il \u00e9tait de notre devoir de diffuser ce\u00a0 message \u00ab\u00a0en raison de la trag\u00e9die endur\u00e9e par l&rsquo;Alg\u00e9rie lors de la d\u00e9cennie\u00a0 noire qu&rsquo;elle a d\u00fb affronter seule\u00a0\u00bb. \u00ab\u00a0Les craintes des Alg\u00e9riens pour\u00a0 l&rsquo;avenir de leur pays sont justifi\u00e9es et rien n&#8217;emp\u00eache de les sensibiliser\u00a0 \u00e0 cette question tout au long du processus \u00e9lectoral\u00a0\u00bb, a-t-il estim\u00e9. <br \/>Apr\u00e8s avoir rappel\u00e9 le r\u00f4le de l&rsquo;ANP et des autres corps de s\u00e9curit\u00e9 dans\u00a0 la pr\u00e9servation de la s\u00e9curit\u00e9 du pays, il a soutenu que les Alg\u00e9riens \u00ab\u00a0ont\u00a0 v\u00e9cu cette p\u00e9riode difficile, tout en \u00e9tant conscients de sa gravit\u00e9 et de\u00a0 l&rsquo;importance de l&rsquo;unit\u00e9, de la s\u00e9curit\u00e9 et de la stabilit\u00e9\u00a0\u00bb. <br \/>Le ministre qui a salu\u00e9 \u00ab\u00a0l&rsquo;utilisation positive des nouveaux moyens de\u00a0 communication et des r\u00e9seaux sociaux\u00a0\u00bb, a appel\u00e9 \u00e0 \u00ab\u00a0la vigilance lors de\u00a0 leur utilisation car leur impact d\u00e9passe les fronti\u00e8res g\u00e9ographiques\u00a0\u00bb. <br \/>L&rsquo;Alg\u00e9rie \u00ab\u00a0n&rsquo;est pas un Etat \u00e0 qui l&rsquo;on impose la pr\u00e9sence d&rsquo;observateurs\u00a0 internationaux\u00a0\u00bb lors des \u00e9ch\u00e9ances \u00e9lectorales, a-t-il affirm\u00e9, soulignant\u00a0 que leur pr\u00e9sence \u00ab\u00a0intervient \u00e0 la demande de l&rsquo;Alg\u00e9rie\u00a0\u00bb, une demande \u00e0\u00a0 laquelle toutes les organisations internationales ont r\u00e9pondu\u00a0 <br \/>favorablement\u00a0\u00bb, rappelant la mobilisation de tous les moyens n\u00e9cessaires\u00a0 aux observateurs, en coordination avec les minist\u00e8res de l&rsquo;int\u00e9rieur et des\u00a0 affaires \u00e9trang\u00e8res, pour leur assurer \u00ab\u00a0la libert\u00e9 de circuler et\u00a0 d&rsquo;accomplir leur mission dans la wilaya de leur choix\u00a0\u00bb. <br \/>Evoquant les l\u00e9gislatives et le d\u00e9but lundi de l&rsquo;op\u00e9ration de vote au\u00a0 niveau des bureaux itin\u00e9rants et ce jusqu&rsquo;\u00e0 jeudi prochain, le ministre a\u00a0 annonc\u00e9 que \u00ab\u00a0le taux de participation des nomades alg\u00e9riens aux\u00a0 l\u00e9gislatives de 2017 est en hausse de 4 points par rapport aux l\u00e9gislatives\u00a0 de 2012\u00a0\u00bb. <br \/>A l&rsquo;occasion de la journ\u00e9e mondiale de la libert\u00e9 de la presse (3 mai), M.\u00a0 Bedoui s&rsquo;est recueilli \u00e0 la m\u00e9moire des journalistes, martyrs du devoir,\u00a0 r\u00e9affirmant que le gouvernement \u00ab\u00a0oeuvre toujours \u00e0 la promotion de cette\u00a0 profession\u00a0\u00bb.<\/p>\n<\/div>\n<p>&#013;<br \/>\nSource: <a href=\"http:\/\/www.aps.dz\/algerie\/56889-la-revision-ordinaire-et-exceptionnelle-des-listes-electorales-augure-d-une-augmentation-du-taux-de-participation\" target=\"_blank\">La r\u00e9vision ordinaire et exceptionnelle des listes  \u00e9lectorales augure d&rsquo;une augmentation du taux de participation<\/a><\/p>\n<!--CusAds0-->\n<div style=\"font-size: 0px; height: 0px; line-height: 0px; margin: 0; padding: 0; clear: both;\"><\/div>","protected":false},"excerpt":{"rendered":"<p>ALGER- Le ministre de l&rsquo;Int\u00e9rieur et des collectivit\u00e9s\u00a0 locales, Noureddine Bedoui, a affirm\u00e9 mardi \u00e0 Alger que la r\u00e9vision\u00a0 ordinaire et exceptionnelle des listes \u00e9lectorales \u00ab\u00a0augure d&rsquo;une \u00e9ventuelle augmentation\u00a0\u00bb du taux de participation aux l\u00e9gislatives du 4 mai, ajoutant\u00a0 que \u00ab\u00a0plus de 8.000 nouveaux \u00e9lecteurs ont \u00e9t\u00e9 inscrits dans le fichier\u00a0 \u00e9lectoral\u00a0\u00bb. A une question<\/p>\n","protected":false},"author":6,"featured_media":0,"comment_status":"open","ping_status":"open","sticky":false,"template":"","format":"standard","meta":{"footnotes":""},"categories":[22],"tags":[93],"class_list":["post-11357","post","type-post","status-publish","format-standard","hentry","category-infos","tag-onu"],"yoast_head":"<!-- This site is optimized with the Yoast SEO plugin v27.5 - https:\/\/yoast.com\/product\/yoast-seo-wordpress\/ -->\n<title>La r\u00e9vision ordinaire et exceptionnelle des listes \u00e9lectorales augure d&#039;une augmentation du taux de participation - info algerie<\/title>\n<meta name=\"robots\" content=\"index, follow, max-snippet:-1, max-image-preview:large, max-video-preview:-1\" \/>\n<link rel=\"canonical\" href=\"https:\/\/www.info-algerie.com\/actualites\/la-revision-ordinaire-et-exceptionnelle-des-listes-electorales-augure-dune-augmentation-du-taux-de-participation\/\" \/>\n<meta property=\"og:locale\" content=\"fr_FR\" \/>\n<meta property=\"og:type\" content=\"article\" \/>\n<meta property=\"og:title\" content=\"La r\u00e9vision ordinaire et exceptionnelle des listes \u00e9lectorales augure d&#039;une augmentation du taux de participation - info algerie\" \/>\n<meta property=\"og:description\" content=\"ALGER- Le ministre de l&rsquo;Int\u00e9rieur et des collectivit\u00e9s\u00a0 locales, Noureddine Bedoui, a affirm\u00e9 mardi \u00e0 Alger que la r\u00e9vision\u00a0 ordinaire et exceptionnelle des listes \u00e9lectorales \u00ab\u00a0augure d&rsquo;une \u00e9ventuelle augmentation\u00a0\u00bb du taux de participation aux l\u00e9gislatives du 4 mai, ajoutant\u00a0 que \u00ab\u00a0plus de 8.000 nouveaux \u00e9lecteurs ont \u00e9t\u00e9 inscrits dans le fichier\u00a0 \u00e9lectoral\u00a0\u00bb. A une question\" \/>\n<meta property=\"og:url\" content=\"https:\/\/www.info-algerie.com\/actualites\/la-revision-ordinaire-et-exceptionnelle-des-listes-electorales-augure-dune-augmentation-du-taux-de-participation\/\" \/>\n<meta property=\"og:site_name\" content=\"info algerie\" \/>\n<meta property=\"article:publisher\" content=\"https:\/\/www.facebook.com\/infoalgerieactu\" \/>\n<meta property=\"article:published_time\" content=\"2017-05-02T17:54:35+00:00\" \/>\n<meta name=\"author\" content=\"La r\u00e9daction\" \/>\n<meta name=\"twitter:label1\" content=\"\u00c9crit par\" \/>\n\t<meta name=\"twitter:data1\" content=\"La r\u00e9daction\" \/>\n\t<meta name=\"twitter:label2\" content=\"Dur\u00e9e de lecture estim\u00e9e\" \/>\n\t<meta name=\"twitter:data2\" content=\"5 minutes\" \/>\n<script type=\"application\/ld+json\" class=\"yoast-schema-graph\">{\"@context\":\"https:\\\/\\\/schema.org\",\"@graph\":[{\"@type\":\"Article\",\"@id\":\"https:\\\/\\\/www.info-algerie.com\\\/actualites\\\/la-revision-ordinaire-et-exceptionnelle-des-listes-electorales-augure-dune-augmentation-du-taux-de-participation\\\/#article\",\"isPartOf\":{\"@id\":\"https:\\\/\\\/www.info-algerie.com\\\/actualites\\\/la-revision-ordinaire-et-exceptionnelle-des-listes-electorales-augure-dune-augmentation-du-taux-de-participation\\\/\"},\"author\":{\"name\":\"La r\u00e9daction\",\"@id\":\"https:\\\/\\\/www.info-algerie.com\\\/actualites\\\/#\\\/schema\\\/person\\\/847aaec44920825b843a08f30ec6aa1e\"},\"headline\":\"La r\u00e9vision ordinaire et exceptionnelle des listes \u00e9lectorales augure d&#039;une augmentation du taux de participation\",\"datePublished\":\"2017-05-02T17:54:35+00:00\",\"mainEntityOfPage\":{\"@id\":\"https:\\\/\\\/www.info-algerie.com\\\/actualites\\\/la-revision-ordinaire-et-exceptionnelle-des-listes-electorales-augure-dune-augmentation-du-taux-de-participation\\\/\"},\"wordCount\":1085,\"commentCount\":0,\"publisher\":{\"@id\":\"https:\\\/\\\/www.info-algerie.com\\\/actualites\\\/#organization\"},\"keywords\":[\"ONU\"],\"articleSection\":[\"infos\"],\"inLanguage\":\"fr-FR\",\"potentialAction\":[{\"@type\":\"CommentAction\",\"name\":\"Comment\",\"target\":[\"https:\\\/\\\/www.info-algerie.com\\\/actualites\\\/la-revision-ordinaire-et-exceptionnelle-des-listes-electorales-augure-dune-augmentation-du-taux-de-participation\\\/#respond\"]}]},{\"@type\":\"WebPage\",\"@id\":\"https:\\\/\\\/www.info-algerie.com\\\/actualites\\\/la-revision-ordinaire-et-exceptionnelle-des-listes-electorales-augure-dune-augmentation-du-taux-de-participation\\\/\",\"url\":\"https:\\\/\\\/www.info-algerie.com\\\/actualites\\\/la-revision-ordinaire-et-exceptionnelle-des-listes-electorales-augure-dune-augmentation-du-taux-de-participation\\\/\",\"name\":\"La r\u00e9vision ordinaire et exceptionnelle des listes \u00e9lectorales augure d&#039;une augmentation du taux de participation - info algerie\",\"isPartOf\":{\"@id\":\"https:\\\/\\\/www.info-algerie.com\\\/actualites\\\/#website\"},\"datePublished\":\"2017-05-02T17:54:35+00:00\",\"breadcrumb\":{\"@id\":\"https:\\\/\\\/www.info-algerie.com\\\/actualites\\\/la-revision-ordinaire-et-exceptionnelle-des-listes-electorales-augure-dune-augmentation-du-taux-de-participation\\\/#breadcrumb\"},\"inLanguage\":\"fr-FR\",\"potentialAction\":[{\"@type\":\"ReadAction\",\"target\":[\"https:\\\/\\\/www.info-algerie.com\\\/actualites\\\/la-revision-ordinaire-et-exceptionnelle-des-listes-electorales-augure-dune-augmentation-du-taux-de-participation\\\/\"]}]},{\"@type\":\"BreadcrumbList\",\"@id\":\"https:\\\/\\\/www.info-algerie.com\\\/actualites\\\/la-revision-ordinaire-et-exceptionnelle-des-listes-electorales-augure-dune-augmentation-du-taux-de-participation\\\/#breadcrumb\",\"itemListElement\":[{\"@type\":\"ListItem\",\"position\":1,\"name\":\"Accueil\",\"item\":\"https:\\\/\\\/www.info-algerie.com\\\/actualites\\\/\"},{\"@type\":\"ListItem\",\"position\":2,\"name\":\"La r\u00e9vision ordinaire et exceptionnelle des listes \u00e9lectorales augure d&#039;une augmentation du taux de participation\"}]},{\"@type\":\"WebSite\",\"@id\":\"https:\\\/\\\/www.info-algerie.com\\\/actualites\\\/#website\",\"url\":\"https:\\\/\\\/www.info-algerie.com\\\/actualites\\\/\",\"name\":\"info algerie\",\"description\":\"Toutes les actualit\u00e9s\",\"publisher\":{\"@id\":\"https:\\\/\\\/www.info-algerie.com\\\/actualites\\\/#organization\"},\"potentialAction\":[{\"@type\":\"SearchAction\",\"target\":{\"@type\":\"EntryPoint\",\"urlTemplate\":\"https:\\\/\\\/www.info-algerie.com\\\/actualites\\\/?s={search_term_string}\"},\"query-input\":{\"@type\":\"PropertyValueSpecification\",\"valueRequired\":true,\"valueName\":\"search_term_string\"}}],\"inLanguage\":\"fr-FR\"},{\"@type\":\"Organization\",\"@id\":\"https:\\\/\\\/www.info-algerie.com\\\/actualites\\\/#organization\",\"name\":\"info algerie\",\"url\":\"https:\\\/\\\/www.info-algerie.com\\\/actualites\\\/\",\"logo\":{\"@type\":\"ImageObject\",\"inLanguage\":\"fr-FR\",\"@id\":\"https:\\\/\\\/www.info-algerie.com\\\/actualites\\\/#\\\/schema\\\/logo\\\/image\\\/\",\"url\":\"https:\\\/\\\/www.info-algerie.com\\\/actualites\\\/wp-content\\\/uploads\\\/2022\\\/07\\\/logo-ia-120.png\",\"contentUrl\":\"https:\\\/\\\/www.info-algerie.com\\\/actualites\\\/wp-content\\\/uploads\\\/2022\\\/07\\\/logo-ia-120.png\",\"width\":120,\"height\":43,\"caption\":\"info algerie\"},\"image\":{\"@id\":\"https:\\\/\\\/www.info-algerie.com\\\/actualites\\\/#\\\/schema\\\/logo\\\/image\\\/\"},\"sameAs\":[\"https:\\\/\\\/www.facebook.com\\\/infoalgerieactu\",\"https:\\\/\\\/x.com\\\/infoalgerie1\"]},{\"@type\":\"Person\",\"@id\":\"https:\\\/\\\/www.info-algerie.com\\\/actualites\\\/#\\\/schema\\\/person\\\/847aaec44920825b843a08f30ec6aa1e\",\"name\":\"La r\u00e9daction\",\"image\":{\"@type\":\"ImageObject\",\"inLanguage\":\"fr-FR\",\"@id\":\"https:\\\/\\\/secure.gravatar.com\\\/avatar\\\/769db425c6f465158149f1ffd6cf61ce7a8a879d11dfbef8288af36dfddd418c?s=96&d=mm&r=g\",\"url\":\"https:\\\/\\\/secure.gravatar.com\\\/avatar\\\/769db425c6f465158149f1ffd6cf61ce7a8a879d11dfbef8288af36dfddd418c?s=96&d=mm&r=g\",\"contentUrl\":\"https:\\\/\\\/secure.gravatar.com\\\/avatar\\\/769db425c6f465158149f1ffd6cf61ce7a8a879d11dfbef8288af36dfddd418c?s=96&d=mm&r=g\",\"caption\":\"La r\u00e9daction\"},\"sameAs\":[\"http:\\\/\\\/www.lkeria.com\\\/\"],\"url\":\"https:\\\/\\\/www.info-algerie.com\\\/actualites\\\/author\\\/chakib32\\\/\"}]}<\/script>\n<!-- \/ Yoast SEO plugin. -->","yoast_head_json":{"title":"La r\u00e9vision ordinaire et exceptionnelle des listes \u00e9lectorales augure d&#039;une augmentation du taux de participation - info algerie","robots":{"index":"index","follow":"follow","max-snippet":"max-snippet:-1","max-image-preview":"max-image-preview:large","max-video-preview":"max-video-preview:-1"},"canonical":"https:\/\/www.info-algerie.com\/actualites\/la-revision-ordinaire-et-exceptionnelle-des-listes-electorales-augure-dune-augmentation-du-taux-de-participation\/","og_locale":"fr_FR","og_type":"article","og_title":"La r\u00e9vision ordinaire et exceptionnelle des listes \u00e9lectorales augure d&#039;une augmentation du taux de participation - info algerie","og_description":"ALGER- Le ministre de l&rsquo;Int\u00e9rieur et des collectivit\u00e9s\u00a0 locales, Noureddine Bedoui, a affirm\u00e9 mardi \u00e0 Alger que la r\u00e9vision\u00a0 ordinaire et exceptionnelle des listes \u00e9lectorales \u00ab\u00a0augure d&rsquo;une \u00e9ventuelle augmentation\u00a0\u00bb du taux de participation aux l\u00e9gislatives du 4 mai, ajoutant\u00a0 que \u00ab\u00a0plus de 8.000 nouveaux \u00e9lecteurs ont \u00e9t\u00e9 inscrits dans le fichier\u00a0 \u00e9lectoral\u00a0\u00bb. A une question","og_url":"https:\/\/www.info-algerie.com\/actualites\/la-revision-ordinaire-et-exceptionnelle-des-listes-electorales-augure-dune-augmentation-du-taux-de-participation\/","og_site_name":"info algerie","article_publisher":"https:\/\/www.facebook.com\/infoalgerieactu","article_published_time":"2017-05-02T17:54:35+00:00","author":"La r\u00e9daction","twitter_misc":{"\u00c9crit par":"La r\u00e9daction","Dur\u00e9e de lecture estim\u00e9e":"5 minutes"},"schema":{"@context":"https:\/\/schema.org","@graph":[{"@type":"Article","@id":"https:\/\/www.info-algerie.com\/actualites\/la-revision-ordinaire-et-exceptionnelle-des-listes-electorales-augure-dune-augmentation-du-taux-de-participation\/#article","isPartOf":{"@id":"https:\/\/www.info-algerie.com\/actualites\/la-revision-ordinaire-et-exceptionnelle-des-listes-electorales-augure-dune-augmentation-du-taux-de-participation\/"},"author":{"name":"La r\u00e9daction","@id":"https:\/\/www.info-algerie.com\/actualites\/#\/schema\/person\/847aaec44920825b843a08f30ec6aa1e"},"headline":"La r\u00e9vision ordinaire et exceptionnelle des listes \u00e9lectorales augure d&#039;une augmentation du taux de participation","datePublished":"2017-05-02T17:54:35+00:00","mainEntityOfPage":{"@id":"https:\/\/www.info-algerie.com\/actualites\/la-revision-ordinaire-et-exceptionnelle-des-listes-electorales-augure-dune-augmentation-du-taux-de-participation\/"},"wordCount":1085,"commentCount":0,"publisher":{"@id":"https:\/\/www.info-algerie.com\/actualites\/#organization"},"keywords":["ONU"],"articleSection":["infos"],"inLanguage":"fr-FR","potentialAction":[{"@type":"CommentAction","name":"Comment","target":["https:\/\/www.info-algerie.com\/actualites\/la-revision-ordinaire-et-exceptionnelle-des-listes-electorales-augure-dune-augmentation-du-taux-de-participation\/#respond"]}]},{"@type":"WebPage","@id":"https:\/\/www.info-algerie.com\/actualites\/la-revision-ordinaire-et-exceptionnelle-des-listes-electorales-augure-dune-augmentation-du-taux-de-participation\/","url":"https:\/\/www.info-algerie.com\/actualites\/la-revision-ordinaire-et-exceptionnelle-des-listes-electorales-augure-dune-augmentation-du-taux-de-participation\/","name":"La r\u00e9vision ordinaire et exceptionnelle des listes \u00e9lectorales augure d&#039;une augmentation du taux de participation - info algerie","isPartOf":{"@id":"https:\/\/www.info-algerie.com\/actualites\/#website"},"datePublished":"2017-05-02T17:54:35+00:00","breadcrumb":{"@id":"https:\/\/www.info-algerie.com\/actualites\/la-revision-ordinaire-et-exceptionnelle-des-listes-electorales-augure-dune-augmentation-du-taux-de-participation\/#breadcrumb"},"inLanguage":"fr-FR","potentialAction":[{"@type":"ReadAction","target":["https:\/\/www.info-algerie.com\/actualites\/la-revision-ordinaire-et-exceptionnelle-des-listes-electorales-augure-dune-augmentation-du-taux-de-participation\/"]}]},{"@type":"BreadcrumbList","@id":"https:\/\/www.info-algerie.com\/actualites\/la-revision-ordinaire-et-exceptionnelle-des-listes-electorales-augure-dune-augmentation-du-taux-de-participation\/#breadcrumb","itemListElement":[{"@type":"ListItem","position":1,"name":"Accueil","item":"https:\/\/www.info-algerie.com\/actualites\/"},{"@type":"ListItem","position":2,"name":"La r\u00e9vision ordinaire et exceptionnelle des listes \u00e9lectorales augure d&#039;une augmentation du taux de participation"}]},{"@type":"WebSite","@id":"https:\/\/www.info-algerie.com\/actualites\/#website","url":"https:\/\/www.info-algerie.com\/actualites\/","name":"info algerie","description":"Toutes les actualit\u00e9s","publisher":{"@id":"https:\/\/www.info-algerie.com\/actualites\/#organization"},"potentialAction":[{"@type":"SearchAction","target":{"@type":"EntryPoint","urlTemplate":"https:\/\/www.info-algerie.com\/actualites\/?s={search_term_string}"},"query-input":{"@type":"PropertyValueSpecification","valueRequired":true,"valueName":"search_term_string"}}],"inLanguage":"fr-FR"},{"@type":"Organization","@id":"https:\/\/www.info-algerie.com\/actualites\/#organization","name":"info algerie","url":"https:\/\/www.info-algerie.com\/actualites\/","logo":{"@type":"ImageObject","inLanguage":"fr-FR","@id":"https:\/\/www.info-algerie.com\/actualites\/#\/schema\/logo\/image\/","url":"https:\/\/www.info-algerie.com\/actualites\/wp-content\/uploads\/2022\/07\/logo-ia-120.png","contentUrl":"https:\/\/www.info-algerie.com\/actualites\/wp-content\/uploads\/2022\/07\/logo-ia-120.png","width":120,"height":43,"caption":"info algerie"},"image":{"@id":"https:\/\/www.info-algerie.com\/actualites\/#\/schema\/logo\/image\/"},"sameAs":["https:\/\/www.facebook.com\/infoalgerieactu","https:\/\/x.com\/infoalgerie1"]},{"@type":"Person","@id":"https:\/\/www.info-algerie.com\/actualites\/#\/schema\/person\/847aaec44920825b843a08f30ec6aa1e","name":"La r\u00e9daction","image":{"@type":"ImageObject","inLanguage":"fr-FR","@id":"https:\/\/secure.gravatar.com\/avatar\/769db425c6f465158149f1ffd6cf61ce7a8a879d11dfbef8288af36dfddd418c?s=96&d=mm&r=g","url":"https:\/\/secure.gravatar.com\/avatar\/769db425c6f465158149f1ffd6cf61ce7a8a879d11dfbef8288af36dfddd418c?s=96&d=mm&r=g","contentUrl":"https:\/\/secure.gravatar.com\/avatar\/769db425c6f465158149f1ffd6cf61ce7a8a879d11dfbef8288af36dfddd418c?s=96&d=mm&r=g","caption":"La r\u00e9daction"},"sameAs":["http:\/\/www.lkeria.com\/"],"url":"https:\/\/www.info-algerie.com\/actualites\/author\/chakib32\/"}]}},"_links":{"self":[{"href":"https:\/\/www.info-algerie.com\/actualites\/wp-json\/wp\/v2\/posts\/11357","targetHints":{"allow":["GET"]}}],"collection":[{"href":"https:\/\/www.info-algerie.com\/actualites\/wp-json\/wp\/v2\/posts"}],"about":[{"href":"https:\/\/www.info-algerie.com\/actualites\/wp-json\/wp\/v2\/types\/post"}],"author":[{"embeddable":true,"href":"https:\/\/www.info-algerie.com\/actualites\/wp-json\/wp\/v2\/users\/6"}],"replies":[{"embeddable":true,"href":"https:\/\/www.info-algerie.com\/actualites\/wp-json\/wp\/v2\/comments?post=11357"}],"version-history":[{"count":0,"href":"https:\/\/www.info-algerie.com\/actualites\/wp-json\/wp\/v2\/posts\/11357\/revisions"}],"wp:attachment":[{"href":"https:\/\/www.info-algerie.com\/actualites\/wp-json\/wp\/v2\/media?parent=11357"}],"wp:term":[{"taxonomy":"category","embeddable":true,"href":"https:\/\/www.info-algerie.com\/actualites\/wp-json\/wp\/v2\/categories?post=11357"},{"taxonomy":"post_tag","embeddable":true,"href":"https:\/\/www.info-algerie.com\/actualites\/wp-json\/wp\/v2\/tags?post=11357"}],"curies":[{"name":"wp","href":"https:\/\/api.w.org\/{rel}","templated":true}]}}