{"id":11359,"date":"2017-05-02T18:40:14","date_gmt":"2017-05-02T17:40:14","guid":{"rendered":"http:\/\/www.info-algerie.com\/actualites\/legislatives-le-president-de-larav-recoit-une-delegation-des-observateurs-de-lue\/"},"modified":"2017-05-02T18:40:14","modified_gmt":"2017-05-02T17:40:14","slug":"legislatives-le-president-de-larav-recoit-une-delegation-des-observateurs-de-lue","status":"publish","type":"post","link":"https:\/\/www.info-algerie.com\/actualites\/legislatives-le-president-de-larav-recoit-une-delegation-des-observateurs-de-lue\/","title":{"rendered":"L\u00e9gislatives: le pr\u00e9sident de l&#039;ARAV re\u00e7oit une d\u00e9l\u00e9gation des observateurs de l&#039;UE"},"content":{"rendered":"<div class=\"K2FeedIntroText\">\n<p>ALGER &#8211; Le pr\u00e9sident de l&rsquo;Autorit\u00e9 de r\u00e9gulation de\u00a0 l&rsquo;audiovisuel (ARAV), Zouaoui Benhamadi, a re\u00e7u mardi \u00e0 Alger, une\u00a0 d\u00e9l\u00e9gation des observateurs de l&rsquo;Union europ\u00e9enne (UE) conduite par son\u00a0 chef de mission, Tommaso Caprioglio, dans le cadre des \u00e9lections\u00a0 l\u00e9gislatives de jeudi.<\/p>\n<p>&#013;\n<\/p><\/div>\n<div class=\"K2FeedFullText\">&#013;<\/p>\n<p>\u00ab\u00a0Nous leur avons expliqu\u00e9 ce que nous avons fait. Nous leur avons dit, que\u00a0 d&rsquo;une mani\u00e8re g\u00e9n\u00e9rale, les choses se sont pass\u00e9es avec s\u00e9r\u00e9nit\u00e9, que ce\u00a0 soit sur le plan politique entre les partis en comp\u00e9tition ou par le\u00a0 travail informatif qu&rsquo;ont fait les m\u00e9dias publics et priv\u00e9s\u00a0\u00bb, a d\u00e9clar\u00e9 M.\u00a0 Benhamadi, \u00e0 la presse, au terme de ses entretiens avec M. Caprioglio.<br \/>Il a indiqu\u00e9 que les observateurs de l&rsquo;UE lui avaient pos\u00e9 des questions\u00a0 d&rsquo;ordre \u00ab\u00a0structurelles et strat\u00e9giques\u00a0\u00bb, ajoutant qu&rsquo;ils voulaient\u00a0 comprendre un peu le sch\u00e9ma g\u00e9n\u00e9ral et global qui a \u00e9t\u00e9 con\u00e7u et mis en\u00a0 place pour ces \u00e9lections, notamment le domaine de la communication et du\u00a0 travail men\u00e9 par l&rsquo;ARAV.<br \/>R\u00e9agissant \u00e0 la diffusion par la cha\u00eene priv\u00e9e Echourouk News d&rsquo;un\u00a0 entretien avec un candidat aux \u00e9lections l\u00e9gislatives dans son journal\u00a0 t\u00e9l\u00e9vis\u00e9 de 19h00, en version fran\u00e7aise, en d\u00e9pit de la p\u00e9riode de silence\u00a0 impos\u00e9e par la loi durant les trois jours pr\u00e9c\u00e9dant le vote, M. Benhamadi a dit \u00ab\u00a0regretter\u00a0\u00bb cet acte, pr\u00e9cisant avoir pu \u00ab\u00a0rectifier\u00a0\u00bb le tir le soir\u00a0 m\u00eame (lundi), en appelant le patron de la cha\u00eene qui a fait \u00ab\u00a0un\u00a0 rectificatif avec des excuses de la cha\u00eene\u00a0\u00bb.<br \/>\u00ab\u00a0Il y a eu de la part d&rsquo;Echourouk News un acte qui nous a pos\u00e9 probl\u00e8me,\u00a0 car durant cette p\u00e9riode de silence, un candidat s&rsquo;est exprim\u00e9. Nous ne\u00a0 jugeons pas, bien s\u00fbr, sur le fond, \u00e7a rel\u00e8ve d&rsquo;autre chose, mais sur la\u00a0 forme et le format, c&rsquo;\u00e9tait une erreur. Nous en avons profit\u00e9 aujourd&rsquo;hui pour diffuser un communiqu\u00e9, rappelant \u00e0 toutes les cha\u00eenes de se conformer\u00a0 \u00e0 ce qui existe\u00a0\u00bb, a-t-il soulign\u00e9.<br \/>Il a rappel\u00e9, dans ce cadre, qu&rsquo;en d\u00e9pit de cette \u00ab\u00a0erreur\u00a0\u00bb, les cha\u00eenes TV\u00a0 priv\u00e9es avaient accompli tout au long de la campagne \u00e9lectorale, un travail\u00a0 \u00ab\u00a0honorable\u00a0\u00bb en essayant de faire de leur \u00ab\u00a0mieux\u00a0\u00bb.<br \/>Selon la Haute instance ind\u00e9pendante de surveillance des \u00e9lections\u00a0 (HIISE), plus de 300 observateurs internationaux de diverses organisations\u00a0 r\u00e9gionales et internationales sont attendus en Alg\u00e9rie pour les\u00a0 l\u00e9gislatives du 4 mai. Cent-cinquante (150) observateurs sont issus de la\u00a0 Ligue arabe, 150 autres de l&rsquo;Union africaine (UA), une vingtaine de\u00a0 l&rsquo;Organisation de la coop\u00e9ration islamique (OCI) ainsi que des observateurs\u00a0 de l&rsquo;UE et de l&rsquo;ONU.<\/p>\n<\/div>\n<p>&#013;<br \/>\nSource: <a href=\"http:\/\/www.aps.dz\/algerie\/56887-legislatives-le-president-de-l-arav-recoit-une-delegation-des-observateurs-de-l-ue\" target=\"_blank\">L\u00e9gislatives: le pr\u00e9sident de l&rsquo;ARAV re\u00e7oit une d\u00e9l\u00e9gation des observateurs de l&rsquo;UE<\/a><\/p>\n<!--CusAds0-->\n<div style=\"font-size: 0px; height: 0px; line-height: 0px; margin: 0; padding: 0; clear: both;\"><\/div>","protected":false},"excerpt":{"rendered":"<p>ALGER &#8211; Le pr\u00e9sident de l&rsquo;Autorit\u00e9 de r\u00e9gulation de\u00a0 l&rsquo;audiovisuel (ARAV), Zouaoui Benhamadi, a re\u00e7u mardi \u00e0 Alger, une\u00a0 d\u00e9l\u00e9gation des observateurs de l&rsquo;Union europ\u00e9enne (UE) conduite par son\u00a0 chef de mission, Tommaso Caprioglio, dans le cadre des \u00e9lections\u00a0 l\u00e9gislatives de jeudi. &#013; &#013; \u00ab\u00a0Nous leur avons expliqu\u00e9 ce que nous avons fait. Nous leur<\/p>\n","protected":false},"author":6,"featured_media":0,"comment_status":"open","ping_status":"open","sticky":false,"template":"","format":"standard","meta":{"footnotes":""},"categories":[22],"tags":[93],"class_list":["post-11359","post","type-post","status-publish","format-standard","hentry","category-infos","tag-onu"],"yoast_head":"<!-- This site is optimized with the Yoast SEO plugin v27.5 - https:\/\/yoast.com\/product\/yoast-seo-wordpress\/ -->\n<title>L\u00e9gislatives: le pr\u00e9sident de l&#039;ARAV re\u00e7oit une d\u00e9l\u00e9gation des observateurs de l&#039;UE - info algerie<\/title>\n<meta name=\"robots\" content=\"index, follow, max-snippet:-1, max-image-preview:large, max-video-preview:-1\" \/>\n<link rel=\"canonical\" href=\"https:\/\/www.info-algerie.com\/actualites\/legislatives-le-president-de-larav-recoit-une-delegation-des-observateurs-de-lue\/\" \/>\n<meta property=\"og:locale\" content=\"fr_FR\" \/>\n<meta property=\"og:type\" content=\"article\" \/>\n<meta property=\"og:title\" content=\"L\u00e9gislatives: le pr\u00e9sident de l&#039;ARAV re\u00e7oit une d\u00e9l\u00e9gation des observateurs de l&#039;UE - info algerie\" \/>\n<meta property=\"og:description\" content=\"ALGER &#8211; Le pr\u00e9sident de l&rsquo;Autorit\u00e9 de r\u00e9gulation de\u00a0 l&rsquo;audiovisuel (ARAV), Zouaoui Benhamadi, a re\u00e7u mardi \u00e0 Alger, une\u00a0 d\u00e9l\u00e9gation des observateurs de l&rsquo;Union europ\u00e9enne (UE) conduite par son\u00a0 chef de mission, Tommaso Caprioglio, dans le cadre des \u00e9lections\u00a0 l\u00e9gislatives de jeudi. &#013; &#013; \u00ab\u00a0Nous leur avons expliqu\u00e9 ce que nous avons fait. Nous leur\" \/>\n<meta property=\"og:url\" content=\"https:\/\/www.info-algerie.com\/actualites\/legislatives-le-president-de-larav-recoit-une-delegation-des-observateurs-de-lue\/\" \/>\n<meta property=\"og:site_name\" content=\"info algerie\" \/>\n<meta property=\"article:publisher\" content=\"https:\/\/www.facebook.com\/infoalgerieactu\" \/>\n<meta property=\"article:published_time\" content=\"2017-05-02T17:40:14+00:00\" \/>\n<meta name=\"author\" content=\"La r\u00e9daction\" \/>\n<meta name=\"twitter:label1\" content=\"\u00c9crit par\" \/>\n\t<meta name=\"twitter:data1\" content=\"La r\u00e9daction\" \/>\n\t<meta name=\"twitter:label2\" content=\"Dur\u00e9e de lecture estim\u00e9e\" \/>\n\t<meta name=\"twitter:data2\" content=\"2 minutes\" \/>\n<script type=\"application\/ld+json\" class=\"yoast-schema-graph\">{\"@context\":\"https:\\\/\\\/schema.org\",\"@graph\":[{\"@type\":\"Article\",\"@id\":\"https:\\\/\\\/www.info-algerie.com\\\/actualites\\\/legislatives-le-president-de-larav-recoit-une-delegation-des-observateurs-de-lue\\\/#article\",\"isPartOf\":{\"@id\":\"https:\\\/\\\/www.info-algerie.com\\\/actualites\\\/legislatives-le-president-de-larav-recoit-une-delegation-des-observateurs-de-lue\\\/\"},\"author\":{\"name\":\"La r\u00e9daction\",\"@id\":\"https:\\\/\\\/www.info-algerie.com\\\/actualites\\\/#\\\/schema\\\/person\\\/847aaec44920825b843a08f30ec6aa1e\"},\"headline\":\"L\u00e9gislatives: le pr\u00e9sident de l&#039;ARAV re\u00e7oit une d\u00e9l\u00e9gation des observateurs de l&#039;UE\",\"datePublished\":\"2017-05-02T17:40:14+00:00\",\"mainEntityOfPage\":{\"@id\":\"https:\\\/\\\/www.info-algerie.com\\\/actualites\\\/legislatives-le-president-de-larav-recoit-une-delegation-des-observateurs-de-lue\\\/\"},\"wordCount\":507,\"commentCount\":0,\"publisher\":{\"@id\":\"https:\\\/\\\/www.info-algerie.com\\\/actualites\\\/#organization\"},\"keywords\":[\"ONU\"],\"articleSection\":[\"infos\"],\"inLanguage\":\"fr-FR\",\"potentialAction\":[{\"@type\":\"CommentAction\",\"name\":\"Comment\",\"target\":[\"https:\\\/\\\/www.info-algerie.com\\\/actualites\\\/legislatives-le-president-de-larav-recoit-une-delegation-des-observateurs-de-lue\\\/#respond\"]}]},{\"@type\":\"WebPage\",\"@id\":\"https:\\\/\\\/www.info-algerie.com\\\/actualites\\\/legislatives-le-president-de-larav-recoit-une-delegation-des-observateurs-de-lue\\\/\",\"url\":\"https:\\\/\\\/www.info-algerie.com\\\/actualites\\\/legislatives-le-president-de-larav-recoit-une-delegation-des-observateurs-de-lue\\\/\",\"name\":\"L\u00e9gislatives: le pr\u00e9sident de l&#039;ARAV re\u00e7oit une d\u00e9l\u00e9gation des observateurs de l&#039;UE - info algerie\",\"isPartOf\":{\"@id\":\"https:\\\/\\\/www.info-algerie.com\\\/actualites\\\/#website\"},\"datePublished\":\"2017-05-02T17:40:14+00:00\",\"breadcrumb\":{\"@id\":\"https:\\\/\\\/www.info-algerie.com\\\/actualites\\\/legislatives-le-president-de-larav-recoit-une-delegation-des-observateurs-de-lue\\\/#breadcrumb\"},\"inLanguage\":\"fr-FR\",\"potentialAction\":[{\"@type\":\"ReadAction\",\"target\":[\"https:\\\/\\\/www.info-algerie.com\\\/actualites\\\/legislatives-le-president-de-larav-recoit-une-delegation-des-observateurs-de-lue\\\/\"]}]},{\"@type\":\"BreadcrumbList\",\"@id\":\"https:\\\/\\\/www.info-algerie.com\\\/actualites\\\/legislatives-le-president-de-larav-recoit-une-delegation-des-observateurs-de-lue\\\/#breadcrumb\",\"itemListElement\":[{\"@type\":\"ListItem\",\"position\":1,\"name\":\"Accueil\",\"item\":\"https:\\\/\\\/www.info-algerie.com\\\/actualites\\\/\"},{\"@type\":\"ListItem\",\"position\":2,\"name\":\"L\u00e9gislatives: le pr\u00e9sident de l&#039;ARAV re\u00e7oit une d\u00e9l\u00e9gation des observateurs de l&#039;UE\"}]},{\"@type\":\"WebSite\",\"@id\":\"https:\\\/\\\/www.info-algerie.com\\\/actualites\\\/#website\",\"url\":\"https:\\\/\\\/www.info-algerie.com\\\/actualites\\\/\",\"name\":\"info algerie\",\"description\":\"Toutes les actualit\u00e9s\",\"publisher\":{\"@id\":\"https:\\\/\\\/www.info-algerie.com\\\/actualites\\\/#organization\"},\"potentialAction\":[{\"@type\":\"SearchAction\",\"target\":{\"@type\":\"EntryPoint\",\"urlTemplate\":\"https:\\\/\\\/www.info-algerie.com\\\/actualites\\\/?s={search_term_string}\"},\"query-input\":{\"@type\":\"PropertyValueSpecification\",\"valueRequired\":true,\"valueName\":\"search_term_string\"}}],\"inLanguage\":\"fr-FR\"},{\"@type\":\"Organization\",\"@id\":\"https:\\\/\\\/www.info-algerie.com\\\/actualites\\\/#organization\",\"name\":\"info algerie\",\"url\":\"https:\\\/\\\/www.info-algerie.com\\\/actualites\\\/\",\"logo\":{\"@type\":\"ImageObject\",\"inLanguage\":\"fr-FR\",\"@id\":\"https:\\\/\\\/www.info-algerie.com\\\/actualites\\\/#\\\/schema\\\/logo\\\/image\\\/\",\"url\":\"https:\\\/\\\/www.info-algerie.com\\\/actualites\\\/wp-content\\\/uploads\\\/2022\\\/07\\\/logo-ia-120.png\",\"contentUrl\":\"https:\\\/\\\/www.info-algerie.com\\\/actualites\\\/wp-content\\\/uploads\\\/2022\\\/07\\\/logo-ia-120.png\",\"width\":120,\"height\":43,\"caption\":\"info algerie\"},\"image\":{\"@id\":\"https:\\\/\\\/www.info-algerie.com\\\/actualites\\\/#\\\/schema\\\/logo\\\/image\\\/\"},\"sameAs\":[\"https:\\\/\\\/www.facebook.com\\\/infoalgerieactu\",\"https:\\\/\\\/x.com\\\/infoalgerie1\"]},{\"@type\":\"Person\",\"@id\":\"https:\\\/\\\/www.info-algerie.com\\\/actualites\\\/#\\\/schema\\\/person\\\/847aaec44920825b843a08f30ec6aa1e\",\"name\":\"La r\u00e9daction\",\"image\":{\"@type\":\"ImageObject\",\"inLanguage\":\"fr-FR\",\"@id\":\"https:\\\/\\\/secure.gravatar.com\\\/avatar\\\/769db425c6f465158149f1ffd6cf61ce7a8a879d11dfbef8288af36dfddd418c?s=96&d=mm&r=g\",\"url\":\"https:\\\/\\\/secure.gravatar.com\\\/avatar\\\/769db425c6f465158149f1ffd6cf61ce7a8a879d11dfbef8288af36dfddd418c?s=96&d=mm&r=g\",\"contentUrl\":\"https:\\\/\\\/secure.gravatar.com\\\/avatar\\\/769db425c6f465158149f1ffd6cf61ce7a8a879d11dfbef8288af36dfddd418c?s=96&d=mm&r=g\",\"caption\":\"La r\u00e9daction\"},\"sameAs\":[\"http:\\\/\\\/www.lkeria.com\\\/\"],\"url\":\"https:\\\/\\\/www.info-algerie.com\\\/actualites\\\/author\\\/chakib32\\\/\"}]}<\/script>\n<!-- \/ Yoast SEO plugin. -->","yoast_head_json":{"title":"L\u00e9gislatives: le pr\u00e9sident de l&#039;ARAV re\u00e7oit une d\u00e9l\u00e9gation des observateurs de l&#039;UE - info algerie","robots":{"index":"index","follow":"follow","max-snippet":"max-snippet:-1","max-image-preview":"max-image-preview:large","max-video-preview":"max-video-preview:-1"},"canonical":"https:\/\/www.info-algerie.com\/actualites\/legislatives-le-president-de-larav-recoit-une-delegation-des-observateurs-de-lue\/","og_locale":"fr_FR","og_type":"article","og_title":"L\u00e9gislatives: le pr\u00e9sident de l&#039;ARAV re\u00e7oit une d\u00e9l\u00e9gation des observateurs de l&#039;UE - info algerie","og_description":"ALGER &#8211; Le pr\u00e9sident de l&rsquo;Autorit\u00e9 de r\u00e9gulation de\u00a0 l&rsquo;audiovisuel (ARAV), Zouaoui Benhamadi, a re\u00e7u mardi \u00e0 Alger, une\u00a0 d\u00e9l\u00e9gation des observateurs de l&rsquo;Union europ\u00e9enne (UE) conduite par son\u00a0 chef de mission, Tommaso Caprioglio, dans le cadre des \u00e9lections\u00a0 l\u00e9gislatives de jeudi. &#013; &#013; \u00ab\u00a0Nous leur avons expliqu\u00e9 ce que nous avons fait. Nous leur","og_url":"https:\/\/www.info-algerie.com\/actualites\/legislatives-le-president-de-larav-recoit-une-delegation-des-observateurs-de-lue\/","og_site_name":"info algerie","article_publisher":"https:\/\/www.facebook.com\/infoalgerieactu","article_published_time":"2017-05-02T17:40:14+00:00","author":"La r\u00e9daction","twitter_misc":{"\u00c9crit par":"La r\u00e9daction","Dur\u00e9e de lecture estim\u00e9e":"2 minutes"},"schema":{"@context":"https:\/\/schema.org","@graph":[{"@type":"Article","@id":"https:\/\/www.info-algerie.com\/actualites\/legislatives-le-president-de-larav-recoit-une-delegation-des-observateurs-de-lue\/#article","isPartOf":{"@id":"https:\/\/www.info-algerie.com\/actualites\/legislatives-le-president-de-larav-recoit-une-delegation-des-observateurs-de-lue\/"},"author":{"name":"La r\u00e9daction","@id":"https:\/\/www.info-algerie.com\/actualites\/#\/schema\/person\/847aaec44920825b843a08f30ec6aa1e"},"headline":"L\u00e9gislatives: le pr\u00e9sident de l&#039;ARAV re\u00e7oit une d\u00e9l\u00e9gation des observateurs de l&#039;UE","datePublished":"2017-05-02T17:40:14+00:00","mainEntityOfPage":{"@id":"https:\/\/www.info-algerie.com\/actualites\/legislatives-le-president-de-larav-recoit-une-delegation-des-observateurs-de-lue\/"},"wordCount":507,"commentCount":0,"publisher":{"@id":"https:\/\/www.info-algerie.com\/actualites\/#organization"},"keywords":["ONU"],"articleSection":["infos"],"inLanguage":"fr-FR","potentialAction":[{"@type":"CommentAction","name":"Comment","target":["https:\/\/www.info-algerie.com\/actualites\/legislatives-le-president-de-larav-recoit-une-delegation-des-observateurs-de-lue\/#respond"]}]},{"@type":"WebPage","@id":"https:\/\/www.info-algerie.com\/actualites\/legislatives-le-president-de-larav-recoit-une-delegation-des-observateurs-de-lue\/","url":"https:\/\/www.info-algerie.com\/actualites\/legislatives-le-president-de-larav-recoit-une-delegation-des-observateurs-de-lue\/","name":"L\u00e9gislatives: le pr\u00e9sident de l&#039;ARAV re\u00e7oit une d\u00e9l\u00e9gation des observateurs de l&#039;UE - info algerie","isPartOf":{"@id":"https:\/\/www.info-algerie.com\/actualites\/#website"},"datePublished":"2017-05-02T17:40:14+00:00","breadcrumb":{"@id":"https:\/\/www.info-algerie.com\/actualites\/legislatives-le-president-de-larav-recoit-une-delegation-des-observateurs-de-lue\/#breadcrumb"},"inLanguage":"fr-FR","potentialAction":[{"@type":"ReadAction","target":["https:\/\/www.info-algerie.com\/actualites\/legislatives-le-president-de-larav-recoit-une-delegation-des-observateurs-de-lue\/"]}]},{"@type":"BreadcrumbList","@id":"https:\/\/www.info-algerie.com\/actualites\/legislatives-le-president-de-larav-recoit-une-delegation-des-observateurs-de-lue\/#breadcrumb","itemListElement":[{"@type":"ListItem","position":1,"name":"Accueil","item":"https:\/\/www.info-algerie.com\/actualites\/"},{"@type":"ListItem","position":2,"name":"L\u00e9gislatives: le pr\u00e9sident de l&#039;ARAV re\u00e7oit une d\u00e9l\u00e9gation des observateurs de l&#039;UE"}]},{"@type":"WebSite","@id":"https:\/\/www.info-algerie.com\/actualites\/#website","url":"https:\/\/www.info-algerie.com\/actualites\/","name":"info algerie","description":"Toutes les actualit\u00e9s","publisher":{"@id":"https:\/\/www.info-algerie.com\/actualites\/#organization"},"potentialAction":[{"@type":"SearchAction","target":{"@type":"EntryPoint","urlTemplate":"https:\/\/www.info-algerie.com\/actualites\/?s={search_term_string}"},"query-input":{"@type":"PropertyValueSpecification","valueRequired":true,"valueName":"search_term_string"}}],"inLanguage":"fr-FR"},{"@type":"Organization","@id":"https:\/\/www.info-algerie.com\/actualites\/#organization","name":"info algerie","url":"https:\/\/www.info-algerie.com\/actualites\/","logo":{"@type":"ImageObject","inLanguage":"fr-FR","@id":"https:\/\/www.info-algerie.com\/actualites\/#\/schema\/logo\/image\/","url":"https:\/\/www.info-algerie.com\/actualites\/wp-content\/uploads\/2022\/07\/logo-ia-120.png","contentUrl":"https:\/\/www.info-algerie.com\/actualites\/wp-content\/uploads\/2022\/07\/logo-ia-120.png","width":120,"height":43,"caption":"info algerie"},"image":{"@id":"https:\/\/www.info-algerie.com\/actualites\/#\/schema\/logo\/image\/"},"sameAs":["https:\/\/www.facebook.com\/infoalgerieactu","https:\/\/x.com\/infoalgerie1"]},{"@type":"Person","@id":"https:\/\/www.info-algerie.com\/actualites\/#\/schema\/person\/847aaec44920825b843a08f30ec6aa1e","name":"La r\u00e9daction","image":{"@type":"ImageObject","inLanguage":"fr-FR","@id":"https:\/\/secure.gravatar.com\/avatar\/769db425c6f465158149f1ffd6cf61ce7a8a879d11dfbef8288af36dfddd418c?s=96&d=mm&r=g","url":"https:\/\/secure.gravatar.com\/avatar\/769db425c6f465158149f1ffd6cf61ce7a8a879d11dfbef8288af36dfddd418c?s=96&d=mm&r=g","contentUrl":"https:\/\/secure.gravatar.com\/avatar\/769db425c6f465158149f1ffd6cf61ce7a8a879d11dfbef8288af36dfddd418c?s=96&d=mm&r=g","caption":"La r\u00e9daction"},"sameAs":["http:\/\/www.lkeria.com\/"],"url":"https:\/\/www.info-algerie.com\/actualites\/author\/chakib32\/"}]}},"_links":{"self":[{"href":"https:\/\/www.info-algerie.com\/actualites\/wp-json\/wp\/v2\/posts\/11359","targetHints":{"allow":["GET"]}}],"collection":[{"href":"https:\/\/www.info-algerie.com\/actualites\/wp-json\/wp\/v2\/posts"}],"about":[{"href":"https:\/\/www.info-algerie.com\/actualites\/wp-json\/wp\/v2\/types\/post"}],"author":[{"embeddable":true,"href":"https:\/\/www.info-algerie.com\/actualites\/wp-json\/wp\/v2\/users\/6"}],"replies":[{"embeddable":true,"href":"https:\/\/www.info-algerie.com\/actualites\/wp-json\/wp\/v2\/comments?post=11359"}],"version-history":[{"count":0,"href":"https:\/\/www.info-algerie.com\/actualites\/wp-json\/wp\/v2\/posts\/11359\/revisions"}],"wp:attachment":[{"href":"https:\/\/www.info-algerie.com\/actualites\/wp-json\/wp\/v2\/media?parent=11359"}],"wp:term":[{"taxonomy":"category","embeddable":true,"href":"https:\/\/www.info-algerie.com\/actualites\/wp-json\/wp\/v2\/categories?post=11359"},{"taxonomy":"post_tag","embeddable":true,"href":"https:\/\/www.info-algerie.com\/actualites\/wp-json\/wp\/v2\/tags?post=11359"}],"curies":[{"name":"wp","href":"https:\/\/api.w.org\/{rel}","templated":true}]}}