{"id":11361,"date":"2017-05-02T20:25:43","date_gmt":"2017-05-02T19:25:43","guid":{"rendered":"http:\/\/www.info-algerie.com\/actualites\/lalgerie-en-droit-detre-fiere-des-etapes-franchies-en-matiere-dinformation-et-de-liberte-dexpression-bouteflika\/"},"modified":"2017-05-02T20:25:43","modified_gmt":"2017-05-02T19:25:43","slug":"lalgerie-en-droit-detre-fiere-des-etapes-franchies-en-matiere-dinformation-et-de-liberte-dexpression-bouteflika","status":"publish","type":"post","link":"https:\/\/www.info-algerie.com\/actualites\/lalgerie-en-droit-detre-fiere-des-etapes-franchies-en-matiere-dinformation-et-de-liberte-dexpression-bouteflika\/","title":{"rendered":"L&#039;Alg\u00e9rie en droit d&#039;\u00eatre fi\u00e8re des \u00e9tapes franchies en mati\u00e8re d&#039;information et de libert\u00e9 d&#039;expression (Bouteflika)"},"content":{"rendered":"<div class=\"K2FeedImage\"><img decoding=\"async\" src=\"https:\/\/www.info-algerie.com\/actualites\/wp-content\/uploads\/2017\/05\/13db80b7ef6919b118f779334cf81e16_S.jpg\" alt=\"L'Alg&#xE9;rie en droit d'&#xEA;tre fi&#xE8;re des &#xE9;tapes franchies en mati&#xE8;re d'information et de libert&#xE9; d'expression (Bouteflika)\" \/><\/div>\n<div class=\"K2FeedIntroText\">\n<p>\u00a0ALGER- Le pr\u00e9sident de la R\u00e9publique, Abdelaziz\u00a0 Bouteflika, a affirm\u00e9 mardi que l&rsquo;Alg\u00e9rie est en droit d&rsquo;\u00eatre fi\u00e8re des\u00a0 \u00e9tapes franchies en mati\u00e8re d&rsquo;information et de libert\u00e9 d&rsquo;expression,\u00a0 valorisant le riche parcours de la profession qui a enregistr\u00e9 de nombreux\u00a0 martyrs du devoir national durant les ann\u00e9es du terrorisme abject.\u00a0\u00a0<\/p>\n<p>&#013;\n<\/p><\/div>\n<div class=\"K2FeedFullText\">&#013;<\/p>\n<p>Dans un message adress\u00e9 \u00e0 la famille m\u00e9diatique \u00e0 la veille de la\u00a0 c\u00e9l\u00e9bration de la journ\u00e9e mondiale de la libert\u00e9 de presse, c\u00e9l\u00e9br\u00e9 le 3\u00a0 mai, le Pr\u00e9sident Bouteflika s&rsquo;est recueilli \u00e0 la m\u00e9moire des martyrs du\u00a0 devoir national, hommes et femmes, plus de cent victimes de la barbarie du\u00a0 terrorisme abject dont le seul tort a \u00e9t\u00e9 d&rsquo;accomplir leur mission\u00a0 d&rsquo;information. <br \/>Le Chef de l&rsquo;Etat a indiqu\u00e9 que cette mission assum\u00e9e par les journalistes\u00a0 alg\u00e9riens a permis de \u00ab\u00a0d\u00e9montrer au monde entier que le peuple alg\u00e9rien, en\u00a0 d\u00e9pit de l&rsquo;isolement quasi total dans lequel il faisait face aux affres de\u00a0 la trag\u00e9die nationale, \u00e9tait attach\u00e9 \u00e0 la s\u00e9curit\u00e9 et \u00e0 la stabilit\u00e9 de son\u00a0 pays, \u00e0 sa reconstruction et \u00e0 son d\u00e9veloppement. Un peuple qui a pu, en\u00a0 effet, panser ses blessures et r\u00e9unir ses rangs, gr\u00e2ce \u00e0 Dieu et en\u00a0 privil\u00e9giant la politique de la concorde civile et de la r\u00e9conciliation\u00a0 nationale\u00a0\u00bb. <br \/>Par cons\u00e9quent, \u00ab\u00a0aujourd&rsquo;hui, l&rsquo;Alg\u00e9rie est en droit d&rsquo;\u00eatre fi\u00e8re des\u00a0 \u00e9tapes franchies en mati\u00e8re d&rsquo;information et de libert\u00e9 d&rsquo;expression\u00a0\u00bb, a\u00a0 affirm\u00e9 le Pr\u00e9sident Bouteflika, rappelant dans ce sens l&rsquo;\u00e9laboration de\u00a0 textes consacrant la libert\u00e9 d&rsquo;expression et les droits des journalistes et\u00a0 des citoyens \u00e0 une information professionnelle. La Constitution amend\u00e9e et\u00a0 approuv\u00e9e l&rsquo;ann\u00e9e derni\u00e8re est la meilleure illustration, a ajout\u00e9 le Chef\u00a0 de l&rsquo;Etat. <br \/>L&rsquo;article 50 de la Constitution amend\u00e9e dispose que \u00ab\u00a0La libert\u00e9 de la\u00a0 presse \u00e9crite, audiovisuelle et sur les r\u00e9seaux d&rsquo;information est garantie.\u00a0 Elle n&rsquo;est restreinte par aucune forme de censure pr\u00e9alable\u00a0\u00bb\u00a0 outre \u00ab\u00a0La\u00a0 diffusion des informations, des id\u00e9es, des images et des opinions en toute\u00a0 libert\u00e9 est garantie dans le cadre de la loi et du respect des constantes\u00a0 et des valeurs religieuses, morales et culturelles de la Nation\u00a0\u00bb ainsi que\u00a0 \u00ab\u00a0Le d\u00e9lit de presse ne peut \u00eatre sanctionn\u00e9 par une peine privative de\u00a0 libert\u00e9\u00a0\u00bb. <br \/>Le pr\u00e9sident de la R\u00e9publique a r\u00e9v\u00e9l\u00e9, dans le m\u00eame sillage, que la\u00a0 responsabilit\u00e9 de hisser le journalisme \u00e0 des niveaux sup\u00e9rieurs de\u00a0 professionnalisme \u00ab\u00a0n\u2019incombe pas \u00e0 l\u2019Etat seul\u00a0\u00bb et que \u00ab\u00a0les \u00e9tablissements\u00a0 publics et priv\u00e9s supervisant directement le travail des journalistes\u00a0 doivent leur offrir un climat propice loin de toute pression et oeuvrer au\u00a0 respect de toutes les lois r\u00e9gissant et r\u00e9gulant la profession tout en\u00a0 prenant en consid\u00e9ration les observations et recommandations de l\u2019Autorit\u00e9\u00a0 de R\u00e9gulation de l\u2019Audio-Visuel et de l\u2019Autorit\u00e9 de R\u00e9gulation de la Presse\u00a0 Ecrite, apr\u00e8s son installation\u00a0\u00bb.\u00a0 <br \/>Il a en outre ajout\u00e9 que ces \u00a0\u00bb deux instances sur lesquelles nous misons\u00a0 pour le suivi et l&rsquo;accompagnement du discours m\u00e9diatique afin de pr\u00e9server\u00a0 le pays de toute instrumentalisation politique et partisane et de mani\u00e8re \u00e0\u00a0 ce que les composantes de l&rsquo;identit\u00e9 du peuple alg\u00e9rien soient un legs\u00a0 socio-culturel commun \u00e0 l&rsquo;abri des luttes et diff\u00e9rends politiques\u00a0\u00bb, ce qui\u00a0 m\u00e8ne \u00e0 favoriser d&rsquo;une mani\u00e8re permanente un discours m\u00e9diatique \u00ab\u00a0empreint\u00a0 de s\u00e9r\u00e9nit\u00e9 et de pond\u00e9ration\u00a0\u00bb, notamment en cette p\u00e9riode de l\u2019histoire de\u00a0 notre pays o\u00f9 nous oeuvrons \u00e0 \u00a0\u00bb consolider davantage nos acquis\u00a0 d\u00e9mocratiques \u00e0 travers le renouvellement de la composante de l\u2019Assembl\u00e9e\u00a0 Populaire Nationale et par la suite des assembl\u00e9es populaires locales\u00a0\u00bb\u00a0 a-t-il pr\u00e9cis\u00e9. <br \/>M. Bouteflika a affirm\u00e9 que \u00ab\u00a0les Alg\u00e9riens et Alg\u00e9riennes peuvent\u00a0 s\u2019enorgueillir de la diversit\u00e9 du champ m\u00e9diatique \u00e9crit, audio-visuel et\u00a0 \u00e9lectronique, qui nous permet, en d\u00e9pit des critiques injustes \u00e9manant de\u00a0 voix tendancieuses \u00e0 l&rsquo;\u00e9tranger, d&rsquo;\u00eatre \u00e0 l\u2019avant-garde de l&rsquo;information et\u00a0 de la libert\u00e9 de presse dans notre espace islamique, arabe et africain\u00a0\u00bb. <br \/>Il a cependant soulign\u00e9 que \u00ab\u00a0le chemin que nous avons franchi en mati\u00e8re\u00a0 de libert\u00e9 de presse, quand bien m\u00eame nous en sommes fiers, ne doit pas\u00a0 nous d\u00e9tourner de la n\u00e9cessit\u00e9 de poursuivre les efforts pour acqu\u00e9rir\u00a0 davantage d&rsquo;exp\u00e9rience que seuls l&rsquo;exercice et la connaissance\u00a0 incommensurable peuvent garantir\u00a0\u00bb. <br \/>Le pr\u00e9sident de la R\u00e9publique a conclu que \u00ab\u00a0nos acquis exigent encore\u00a0 davantage de maturit\u00e9\u00a0\u00bb, ainsi que les conditions dans lesquelles travaille\u00a0 la corporation \u00a0\u00bb n\u00e9cessitent davantage d\u2019am\u00e9lioration en termes de droits\u00a0 sociaux, consacr\u00e9s par la loi\u00a0\u00bb .<\/p>\n<\/div>\n<p>&#013;<br \/>\nSource: <a href=\"http:\/\/www.aps.dz\/algerie\/56892-l-algerie-en-droit-d-etre-fiere-des-etapes-franchies-en-matiere-d-information-et-de-liberte-d-expression-bouteflika\" target=\"_blank\">L&rsquo;Alg\u00e9rie en droit d&rsquo;\u00eatre fi\u00e8re des \u00e9tapes franchies en mati\u00e8re d&rsquo;information et de libert\u00e9 d&rsquo;expression (Bouteflika)<\/a><\/p>\n<!--CusAds0-->\n<div style=\"font-size: 0px; height: 0px; line-height: 0px; margin: 0; padding: 0; clear: both;\"><\/div>","protected":false},"excerpt":{"rendered":"<p>\u00a0ALGER- Le pr\u00e9sident de la R\u00e9publique, Abdelaziz\u00a0 Bouteflika, a affirm\u00e9 mardi que l&rsquo;Alg\u00e9rie est en droit d&rsquo;\u00eatre fi\u00e8re des\u00a0 \u00e9tapes franchies en mati\u00e8re d&rsquo;information et de libert\u00e9 d&rsquo;expression,\u00a0 valorisant le riche parcours de la profession qui a enregistr\u00e9 de nombreux\u00a0 martyrs du devoir national durant les ann\u00e9es du terrorisme abject.\u00a0\u00a0 &#013; &#013; Dans un message<\/p>\n","protected":false},"author":6,"featured_media":11362,"comment_status":"open","ping_status":"open","sticky":false,"template":"","format":"standard","meta":{"footnotes":""},"categories":[22],"tags":[93],"class_list":["post-11361","post","type-post","status-publish","format-standard","has-post-thumbnail","hentry","category-infos","tag-onu"],"yoast_head":"<!-- This site is optimized with the Yoast SEO plugin v27.5 - https:\/\/yoast.com\/product\/yoast-seo-wordpress\/ -->\n<title>L&#039;Alg\u00e9rie en droit d&#039;\u00eatre fi\u00e8re des \u00e9tapes franchies en mati\u00e8re d&#039;information et de libert\u00e9 d&#039;expression (Bouteflika) - info algerie<\/title>\n<meta name=\"robots\" content=\"index, follow, max-snippet:-1, max-image-preview:large, max-video-preview:-1\" \/>\n<link rel=\"canonical\" href=\"https:\/\/www.info-algerie.com\/actualites\/lalgerie-en-droit-detre-fiere-des-etapes-franchies-en-matiere-dinformation-et-de-liberte-dexpression-bouteflika\/\" \/>\n<meta property=\"og:locale\" content=\"fr_FR\" \/>\n<meta property=\"og:type\" content=\"article\" \/>\n<meta property=\"og:title\" content=\"L&#039;Alg\u00e9rie en droit d&#039;\u00eatre fi\u00e8re des \u00e9tapes franchies en mati\u00e8re d&#039;information et de libert\u00e9 d&#039;expression (Bouteflika) - info algerie\" \/>\n<meta property=\"og:description\" content=\"\u00a0ALGER- Le pr\u00e9sident de la R\u00e9publique, Abdelaziz\u00a0 Bouteflika, a affirm\u00e9 mardi que l&rsquo;Alg\u00e9rie est en droit d&rsquo;\u00eatre fi\u00e8re des\u00a0 \u00e9tapes franchies en mati\u00e8re d&rsquo;information et de libert\u00e9 d&rsquo;expression,\u00a0 valorisant le riche parcours de la profession qui a enregistr\u00e9 de nombreux\u00a0 martyrs du devoir national durant les ann\u00e9es du terrorisme abject.\u00a0\u00a0 &#013; &#013; Dans un message\" \/>\n<meta property=\"og:url\" content=\"https:\/\/www.info-algerie.com\/actualites\/lalgerie-en-droit-detre-fiere-des-etapes-franchies-en-matiere-dinformation-et-de-liberte-dexpression-bouteflika\/\" \/>\n<meta property=\"og:site_name\" content=\"info algerie\" \/>\n<meta property=\"article:publisher\" content=\"https:\/\/www.facebook.com\/infoalgerieactu\" \/>\n<meta property=\"article:published_time\" content=\"2017-05-02T19:25:43+00:00\" \/>\n<meta property=\"og:image\" content=\"https:\/\/www.info-algerie.com\/actualites\/wp-content\/uploads\/2017\/05\/13db80b7ef6919b118f779334cf81e16_S-1.jpg\" \/>\n\t<meta property=\"og:image:width\" content=\"280\" \/>\n\t<meta property=\"og:image:height\" content=\"169\" \/>\n\t<meta property=\"og:image:type\" content=\"image\/jpeg\" \/>\n<meta name=\"author\" content=\"La r\u00e9daction\" \/>\n<meta name=\"twitter:label1\" content=\"\u00c9crit par\" \/>\n\t<meta name=\"twitter:data1\" content=\"La r\u00e9daction\" \/>\n\t<meta name=\"twitter:label2\" content=\"Dur\u00e9e de lecture estim\u00e9e\" \/>\n\t<meta name=\"twitter:data2\" content=\"4 minutes\" \/>\n<script type=\"application\/ld+json\" class=\"yoast-schema-graph\">{\"@context\":\"https:\\\/\\\/schema.org\",\"@graph\":[{\"@type\":\"Article\",\"@id\":\"https:\\\/\\\/www.info-algerie.com\\\/actualites\\\/lalgerie-en-droit-detre-fiere-des-etapes-franchies-en-matiere-dinformation-et-de-liberte-dexpression-bouteflika\\\/#article\",\"isPartOf\":{\"@id\":\"https:\\\/\\\/www.info-algerie.com\\\/actualites\\\/lalgerie-en-droit-detre-fiere-des-etapes-franchies-en-matiere-dinformation-et-de-liberte-dexpression-bouteflika\\\/\"},\"author\":{\"name\":\"La r\u00e9daction\",\"@id\":\"https:\\\/\\\/www.info-algerie.com\\\/actualites\\\/#\\\/schema\\\/person\\\/847aaec44920825b843a08f30ec6aa1e\"},\"headline\":\"L&#039;Alg\u00e9rie en droit d&#039;\u00eatre fi\u00e8re des \u00e9tapes franchies en mati\u00e8re d&#039;information et de libert\u00e9 d&#039;expression (Bouteflika)\",\"datePublished\":\"2017-05-02T19:25:43+00:00\",\"mainEntityOfPage\":{\"@id\":\"https:\\\/\\\/www.info-algerie.com\\\/actualites\\\/lalgerie-en-droit-detre-fiere-des-etapes-franchies-en-matiere-dinformation-et-de-liberte-dexpression-bouteflika\\\/\"},\"wordCount\":848,\"commentCount\":0,\"publisher\":{\"@id\":\"https:\\\/\\\/www.info-algerie.com\\\/actualites\\\/#organization\"},\"image\":{\"@id\":\"https:\\\/\\\/www.info-algerie.com\\\/actualites\\\/lalgerie-en-droit-detre-fiere-des-etapes-franchies-en-matiere-dinformation-et-de-liberte-dexpression-bouteflika\\\/#primaryimage\"},\"thumbnailUrl\":\"https:\\\/\\\/www.info-algerie.com\\\/actualites\\\/wp-content\\\/uploads\\\/2017\\\/05\\\/13db80b7ef6919b118f779334cf81e16_S-1.jpg\",\"keywords\":[\"ONU\"],\"articleSection\":[\"infos\"],\"inLanguage\":\"fr-FR\",\"potentialAction\":[{\"@type\":\"CommentAction\",\"name\":\"Comment\",\"target\":[\"https:\\\/\\\/www.info-algerie.com\\\/actualites\\\/lalgerie-en-droit-detre-fiere-des-etapes-franchies-en-matiere-dinformation-et-de-liberte-dexpression-bouteflika\\\/#respond\"]}]},{\"@type\":\"WebPage\",\"@id\":\"https:\\\/\\\/www.info-algerie.com\\\/actualites\\\/lalgerie-en-droit-detre-fiere-des-etapes-franchies-en-matiere-dinformation-et-de-liberte-dexpression-bouteflika\\\/\",\"url\":\"https:\\\/\\\/www.info-algerie.com\\\/actualites\\\/lalgerie-en-droit-detre-fiere-des-etapes-franchies-en-matiere-dinformation-et-de-liberte-dexpression-bouteflika\\\/\",\"name\":\"L&#039;Alg\u00e9rie en droit d&#039;\u00eatre fi\u00e8re des \u00e9tapes franchies en mati\u00e8re d&#039;information et de libert\u00e9 d&#039;expression (Bouteflika) - info algerie\",\"isPartOf\":{\"@id\":\"https:\\\/\\\/www.info-algerie.com\\\/actualites\\\/#website\"},\"primaryImageOfPage\":{\"@id\":\"https:\\\/\\\/www.info-algerie.com\\\/actualites\\\/lalgerie-en-droit-detre-fiere-des-etapes-franchies-en-matiere-dinformation-et-de-liberte-dexpression-bouteflika\\\/#primaryimage\"},\"image\":{\"@id\":\"https:\\\/\\\/www.info-algerie.com\\\/actualites\\\/lalgerie-en-droit-detre-fiere-des-etapes-franchies-en-matiere-dinformation-et-de-liberte-dexpression-bouteflika\\\/#primaryimage\"},\"thumbnailUrl\":\"https:\\\/\\\/www.info-algerie.com\\\/actualites\\\/wp-content\\\/uploads\\\/2017\\\/05\\\/13db80b7ef6919b118f779334cf81e16_S-1.jpg\",\"datePublished\":\"2017-05-02T19:25:43+00:00\",\"breadcrumb\":{\"@id\":\"https:\\\/\\\/www.info-algerie.com\\\/actualites\\\/lalgerie-en-droit-detre-fiere-des-etapes-franchies-en-matiere-dinformation-et-de-liberte-dexpression-bouteflika\\\/#breadcrumb\"},\"inLanguage\":\"fr-FR\",\"potentialAction\":[{\"@type\":\"ReadAction\",\"target\":[\"https:\\\/\\\/www.info-algerie.com\\\/actualites\\\/lalgerie-en-droit-detre-fiere-des-etapes-franchies-en-matiere-dinformation-et-de-liberte-dexpression-bouteflika\\\/\"]}]},{\"@type\":\"ImageObject\",\"inLanguage\":\"fr-FR\",\"@id\":\"https:\\\/\\\/www.info-algerie.com\\\/actualites\\\/lalgerie-en-droit-detre-fiere-des-etapes-franchies-en-matiere-dinformation-et-de-liberte-dexpression-bouteflika\\\/#primaryimage\",\"url\":\"https:\\\/\\\/www.info-algerie.com\\\/actualites\\\/wp-content\\\/uploads\\\/2017\\\/05\\\/13db80b7ef6919b118f779334cf81e16_S-1.jpg\",\"contentUrl\":\"https:\\\/\\\/www.info-algerie.com\\\/actualites\\\/wp-content\\\/uploads\\\/2017\\\/05\\\/13db80b7ef6919b118f779334cf81e16_S-1.jpg\",\"width\":280,\"height\":169},{\"@type\":\"BreadcrumbList\",\"@id\":\"https:\\\/\\\/www.info-algerie.com\\\/actualites\\\/lalgerie-en-droit-detre-fiere-des-etapes-franchies-en-matiere-dinformation-et-de-liberte-dexpression-bouteflika\\\/#breadcrumb\",\"itemListElement\":[{\"@type\":\"ListItem\",\"position\":1,\"name\":\"Accueil\",\"item\":\"https:\\\/\\\/www.info-algerie.com\\\/actualites\\\/\"},{\"@type\":\"ListItem\",\"position\":2,\"name\":\"L&#039;Alg\u00e9rie en droit d&#039;\u00eatre fi\u00e8re des \u00e9tapes franchies en mati\u00e8re d&#039;information et de libert\u00e9 d&#039;expression (Bouteflika)\"}]},{\"@type\":\"WebSite\",\"@id\":\"https:\\\/\\\/www.info-algerie.com\\\/actualites\\\/#website\",\"url\":\"https:\\\/\\\/www.info-algerie.com\\\/actualites\\\/\",\"name\":\"info algerie\",\"description\":\"Toutes les actualit\u00e9s\",\"publisher\":{\"@id\":\"https:\\\/\\\/www.info-algerie.com\\\/actualites\\\/#organization\"},\"potentialAction\":[{\"@type\":\"SearchAction\",\"target\":{\"@type\":\"EntryPoint\",\"urlTemplate\":\"https:\\\/\\\/www.info-algerie.com\\\/actualites\\\/?s={search_term_string}\"},\"query-input\":{\"@type\":\"PropertyValueSpecification\",\"valueRequired\":true,\"valueName\":\"search_term_string\"}}],\"inLanguage\":\"fr-FR\"},{\"@type\":\"Organization\",\"@id\":\"https:\\\/\\\/www.info-algerie.com\\\/actualites\\\/#organization\",\"name\":\"info algerie\",\"url\":\"https:\\\/\\\/www.info-algerie.com\\\/actualites\\\/\",\"logo\":{\"@type\":\"ImageObject\",\"inLanguage\":\"fr-FR\",\"@id\":\"https:\\\/\\\/www.info-algerie.com\\\/actualites\\\/#\\\/schema\\\/logo\\\/image\\\/\",\"url\":\"https:\\\/\\\/www.info-algerie.com\\\/actualites\\\/wp-content\\\/uploads\\\/2022\\\/07\\\/logo-ia-120.png\",\"contentUrl\":\"https:\\\/\\\/www.info-algerie.com\\\/actualites\\\/wp-content\\\/uploads\\\/2022\\\/07\\\/logo-ia-120.png\",\"width\":120,\"height\":43,\"caption\":\"info algerie\"},\"image\":{\"@id\":\"https:\\\/\\\/www.info-algerie.com\\\/actualites\\\/#\\\/schema\\\/logo\\\/image\\\/\"},\"sameAs\":[\"https:\\\/\\\/www.facebook.com\\\/infoalgerieactu\",\"https:\\\/\\\/x.com\\\/infoalgerie1\"]},{\"@type\":\"Person\",\"@id\":\"https:\\\/\\\/www.info-algerie.com\\\/actualites\\\/#\\\/schema\\\/person\\\/847aaec44920825b843a08f30ec6aa1e\",\"name\":\"La r\u00e9daction\",\"image\":{\"@type\":\"ImageObject\",\"inLanguage\":\"fr-FR\",\"@id\":\"https:\\\/\\\/secure.gravatar.com\\\/avatar\\\/769db425c6f465158149f1ffd6cf61ce7a8a879d11dfbef8288af36dfddd418c?s=96&d=mm&r=g\",\"url\":\"https:\\\/\\\/secure.gravatar.com\\\/avatar\\\/769db425c6f465158149f1ffd6cf61ce7a8a879d11dfbef8288af36dfddd418c?s=96&d=mm&r=g\",\"contentUrl\":\"https:\\\/\\\/secure.gravatar.com\\\/avatar\\\/769db425c6f465158149f1ffd6cf61ce7a8a879d11dfbef8288af36dfddd418c?s=96&d=mm&r=g\",\"caption\":\"La r\u00e9daction\"},\"sameAs\":[\"http:\\\/\\\/www.lkeria.com\\\/\"],\"url\":\"https:\\\/\\\/www.info-algerie.com\\\/actualites\\\/author\\\/chakib32\\\/\"}]}<\/script>\n<!-- \/ Yoast SEO plugin. -->","yoast_head_json":{"title":"L&#039;Alg\u00e9rie en droit d&#039;\u00eatre fi\u00e8re des \u00e9tapes franchies en mati\u00e8re d&#039;information et de libert\u00e9 d&#039;expression (Bouteflika) - info algerie","robots":{"index":"index","follow":"follow","max-snippet":"max-snippet:-1","max-image-preview":"max-image-preview:large","max-video-preview":"max-video-preview:-1"},"canonical":"https:\/\/www.info-algerie.com\/actualites\/lalgerie-en-droit-detre-fiere-des-etapes-franchies-en-matiere-dinformation-et-de-liberte-dexpression-bouteflika\/","og_locale":"fr_FR","og_type":"article","og_title":"L&#039;Alg\u00e9rie en droit d&#039;\u00eatre fi\u00e8re des \u00e9tapes franchies en mati\u00e8re d&#039;information et de libert\u00e9 d&#039;expression (Bouteflika) - info algerie","og_description":"\u00a0ALGER- Le pr\u00e9sident de la R\u00e9publique, Abdelaziz\u00a0 Bouteflika, a affirm\u00e9 mardi que l&rsquo;Alg\u00e9rie est en droit d&rsquo;\u00eatre fi\u00e8re des\u00a0 \u00e9tapes franchies en mati\u00e8re d&rsquo;information et de libert\u00e9 d&rsquo;expression,\u00a0 valorisant le riche parcours de la profession qui a enregistr\u00e9 de nombreux\u00a0 martyrs du devoir national durant les ann\u00e9es du terrorisme abject.\u00a0\u00a0 &#013; &#013; Dans un message","og_url":"https:\/\/www.info-algerie.com\/actualites\/lalgerie-en-droit-detre-fiere-des-etapes-franchies-en-matiere-dinformation-et-de-liberte-dexpression-bouteflika\/","og_site_name":"info algerie","article_publisher":"https:\/\/www.facebook.com\/infoalgerieactu","article_published_time":"2017-05-02T19:25:43+00:00","og_image":[{"width":280,"height":169,"url":"https:\/\/www.info-algerie.com\/actualites\/wp-content\/uploads\/2017\/05\/13db80b7ef6919b118f779334cf81e16_S-1.jpg","type":"image\/jpeg"}],"author":"La r\u00e9daction","twitter_misc":{"\u00c9crit par":"La r\u00e9daction","Dur\u00e9e de lecture estim\u00e9e":"4 minutes"},"schema":{"@context":"https:\/\/schema.org","@graph":[{"@type":"Article","@id":"https:\/\/www.info-algerie.com\/actualites\/lalgerie-en-droit-detre-fiere-des-etapes-franchies-en-matiere-dinformation-et-de-liberte-dexpression-bouteflika\/#article","isPartOf":{"@id":"https:\/\/www.info-algerie.com\/actualites\/lalgerie-en-droit-detre-fiere-des-etapes-franchies-en-matiere-dinformation-et-de-liberte-dexpression-bouteflika\/"},"author":{"name":"La r\u00e9daction","@id":"https:\/\/www.info-algerie.com\/actualites\/#\/schema\/person\/847aaec44920825b843a08f30ec6aa1e"},"headline":"L&#039;Alg\u00e9rie en droit d&#039;\u00eatre fi\u00e8re des \u00e9tapes franchies en mati\u00e8re d&#039;information et de libert\u00e9 d&#039;expression (Bouteflika)","datePublished":"2017-05-02T19:25:43+00:00","mainEntityOfPage":{"@id":"https:\/\/www.info-algerie.com\/actualites\/lalgerie-en-droit-detre-fiere-des-etapes-franchies-en-matiere-dinformation-et-de-liberte-dexpression-bouteflika\/"},"wordCount":848,"commentCount":0,"publisher":{"@id":"https:\/\/www.info-algerie.com\/actualites\/#organization"},"image":{"@id":"https:\/\/www.info-algerie.com\/actualites\/lalgerie-en-droit-detre-fiere-des-etapes-franchies-en-matiere-dinformation-et-de-liberte-dexpression-bouteflika\/#primaryimage"},"thumbnailUrl":"https:\/\/www.info-algerie.com\/actualites\/wp-content\/uploads\/2017\/05\/13db80b7ef6919b118f779334cf81e16_S-1.jpg","keywords":["ONU"],"articleSection":["infos"],"inLanguage":"fr-FR","potentialAction":[{"@type":"CommentAction","name":"Comment","target":["https:\/\/www.info-algerie.com\/actualites\/lalgerie-en-droit-detre-fiere-des-etapes-franchies-en-matiere-dinformation-et-de-liberte-dexpression-bouteflika\/#respond"]}]},{"@type":"WebPage","@id":"https:\/\/www.info-algerie.com\/actualites\/lalgerie-en-droit-detre-fiere-des-etapes-franchies-en-matiere-dinformation-et-de-liberte-dexpression-bouteflika\/","url":"https:\/\/www.info-algerie.com\/actualites\/lalgerie-en-droit-detre-fiere-des-etapes-franchies-en-matiere-dinformation-et-de-liberte-dexpression-bouteflika\/","name":"L&#039;Alg\u00e9rie en droit d&#039;\u00eatre fi\u00e8re des \u00e9tapes franchies en mati\u00e8re d&#039;information et de libert\u00e9 d&#039;expression (Bouteflika) - info algerie","isPartOf":{"@id":"https:\/\/www.info-algerie.com\/actualites\/#website"},"primaryImageOfPage":{"@id":"https:\/\/www.info-algerie.com\/actualites\/lalgerie-en-droit-detre-fiere-des-etapes-franchies-en-matiere-dinformation-et-de-liberte-dexpression-bouteflika\/#primaryimage"},"image":{"@id":"https:\/\/www.info-algerie.com\/actualites\/lalgerie-en-droit-detre-fiere-des-etapes-franchies-en-matiere-dinformation-et-de-liberte-dexpression-bouteflika\/#primaryimage"},"thumbnailUrl":"https:\/\/www.info-algerie.com\/actualites\/wp-content\/uploads\/2017\/05\/13db80b7ef6919b118f779334cf81e16_S-1.jpg","datePublished":"2017-05-02T19:25:43+00:00","breadcrumb":{"@id":"https:\/\/www.info-algerie.com\/actualites\/lalgerie-en-droit-detre-fiere-des-etapes-franchies-en-matiere-dinformation-et-de-liberte-dexpression-bouteflika\/#breadcrumb"},"inLanguage":"fr-FR","potentialAction":[{"@type":"ReadAction","target":["https:\/\/www.info-algerie.com\/actualites\/lalgerie-en-droit-detre-fiere-des-etapes-franchies-en-matiere-dinformation-et-de-liberte-dexpression-bouteflika\/"]}]},{"@type":"ImageObject","inLanguage":"fr-FR","@id":"https:\/\/www.info-algerie.com\/actualites\/lalgerie-en-droit-detre-fiere-des-etapes-franchies-en-matiere-dinformation-et-de-liberte-dexpression-bouteflika\/#primaryimage","url":"https:\/\/www.info-algerie.com\/actualites\/wp-content\/uploads\/2017\/05\/13db80b7ef6919b118f779334cf81e16_S-1.jpg","contentUrl":"https:\/\/www.info-algerie.com\/actualites\/wp-content\/uploads\/2017\/05\/13db80b7ef6919b118f779334cf81e16_S-1.jpg","width":280,"height":169},{"@type":"BreadcrumbList","@id":"https:\/\/www.info-algerie.com\/actualites\/lalgerie-en-droit-detre-fiere-des-etapes-franchies-en-matiere-dinformation-et-de-liberte-dexpression-bouteflika\/#breadcrumb","itemListElement":[{"@type":"ListItem","position":1,"name":"Accueil","item":"https:\/\/www.info-algerie.com\/actualites\/"},{"@type":"ListItem","position":2,"name":"L&#039;Alg\u00e9rie en droit d&#039;\u00eatre fi\u00e8re des \u00e9tapes franchies en mati\u00e8re d&#039;information et de libert\u00e9 d&#039;expression (Bouteflika)"}]},{"@type":"WebSite","@id":"https:\/\/www.info-algerie.com\/actualites\/#website","url":"https:\/\/www.info-algerie.com\/actualites\/","name":"info algerie","description":"Toutes les actualit\u00e9s","publisher":{"@id":"https:\/\/www.info-algerie.com\/actualites\/#organization"},"potentialAction":[{"@type":"SearchAction","target":{"@type":"EntryPoint","urlTemplate":"https:\/\/www.info-algerie.com\/actualites\/?s={search_term_string}"},"query-input":{"@type":"PropertyValueSpecification","valueRequired":true,"valueName":"search_term_string"}}],"inLanguage":"fr-FR"},{"@type":"Organization","@id":"https:\/\/www.info-algerie.com\/actualites\/#organization","name":"info algerie","url":"https:\/\/www.info-algerie.com\/actualites\/","logo":{"@type":"ImageObject","inLanguage":"fr-FR","@id":"https:\/\/www.info-algerie.com\/actualites\/#\/schema\/logo\/image\/","url":"https:\/\/www.info-algerie.com\/actualites\/wp-content\/uploads\/2022\/07\/logo-ia-120.png","contentUrl":"https:\/\/www.info-algerie.com\/actualites\/wp-content\/uploads\/2022\/07\/logo-ia-120.png","width":120,"height":43,"caption":"info algerie"},"image":{"@id":"https:\/\/www.info-algerie.com\/actualites\/#\/schema\/logo\/image\/"},"sameAs":["https:\/\/www.facebook.com\/infoalgerieactu","https:\/\/x.com\/infoalgerie1"]},{"@type":"Person","@id":"https:\/\/www.info-algerie.com\/actualites\/#\/schema\/person\/847aaec44920825b843a08f30ec6aa1e","name":"La r\u00e9daction","image":{"@type":"ImageObject","inLanguage":"fr-FR","@id":"https:\/\/secure.gravatar.com\/avatar\/769db425c6f465158149f1ffd6cf61ce7a8a879d11dfbef8288af36dfddd418c?s=96&d=mm&r=g","url":"https:\/\/secure.gravatar.com\/avatar\/769db425c6f465158149f1ffd6cf61ce7a8a879d11dfbef8288af36dfddd418c?s=96&d=mm&r=g","contentUrl":"https:\/\/secure.gravatar.com\/avatar\/769db425c6f465158149f1ffd6cf61ce7a8a879d11dfbef8288af36dfddd418c?s=96&d=mm&r=g","caption":"La r\u00e9daction"},"sameAs":["http:\/\/www.lkeria.com\/"],"url":"https:\/\/www.info-algerie.com\/actualites\/author\/chakib32\/"}]}},"_links":{"self":[{"href":"https:\/\/www.info-algerie.com\/actualites\/wp-json\/wp\/v2\/posts\/11361","targetHints":{"allow":["GET"]}}],"collection":[{"href":"https:\/\/www.info-algerie.com\/actualites\/wp-json\/wp\/v2\/posts"}],"about":[{"href":"https:\/\/www.info-algerie.com\/actualites\/wp-json\/wp\/v2\/types\/post"}],"author":[{"embeddable":true,"href":"https:\/\/www.info-algerie.com\/actualites\/wp-json\/wp\/v2\/users\/6"}],"replies":[{"embeddable":true,"href":"https:\/\/www.info-algerie.com\/actualites\/wp-json\/wp\/v2\/comments?post=11361"}],"version-history":[{"count":0,"href":"https:\/\/www.info-algerie.com\/actualites\/wp-json\/wp\/v2\/posts\/11361\/revisions"}],"wp:featuredmedia":[{"embeddable":true,"href":"https:\/\/www.info-algerie.com\/actualites\/wp-json\/wp\/v2\/media\/11362"}],"wp:attachment":[{"href":"https:\/\/www.info-algerie.com\/actualites\/wp-json\/wp\/v2\/media?parent=11361"}],"wp:term":[{"taxonomy":"category","embeddable":true,"href":"https:\/\/www.info-algerie.com\/actualites\/wp-json\/wp\/v2\/categories?post=11361"},{"taxonomy":"post_tag","embeddable":true,"href":"https:\/\/www.info-algerie.com\/actualites\/wp-json\/wp\/v2\/tags?post=11361"}],"curies":[{"name":"wp","href":"https:\/\/api.w.org\/{rel}","templated":true}]}}