{"id":11364,"date":"2017-05-02T19:46:42","date_gmt":"2017-05-02T18:46:42","guid":{"rendered":"http:\/\/www.info-algerie.com\/actualites\/le-president-de-la-republique-exhorte-la-famille-mediatique-a-contribuer-au-parachevement-de-ledification-de-lalgerie-moderne\/"},"modified":"2017-05-02T19:46:42","modified_gmt":"2017-05-02T18:46:42","slug":"le-president-de-la-republique-exhorte-la-famille-mediatique-a-contribuer-au-parachevement-de-ledification-de-lalgerie-moderne","status":"publish","type":"post","link":"https:\/\/www.info-algerie.com\/actualites\/le-president-de-la-republique-exhorte-la-famille-mediatique-a-contribuer-au-parachevement-de-ledification-de-lalgerie-moderne\/","title":{"rendered":"Le Pr\u00e9sident de la R\u00e9publique exhorte la famille m\u00e9diatique \u00e0 contribuer au  parach\u00e8vement de l&#039;\u00e9dification de l&#039;Alg\u00e9rie moderne"},"content":{"rendered":"<div class=\"K2FeedImage\"><img decoding=\"async\" src=\"https:\/\/www.info-algerie.com\/actualites\/wp-content\/uploads\/2017\/05\/83a181bcc76be362026f30ce01dc5bfd_S.jpg\" alt=\"Le Pr&#xE9;sident de la R&#xE9;publique exhorte la famille m&#xE9;diatique &#xE0; contribuer au  parach&#xE8;vement de l'&#xE9;dification de l'Alg&#xE9;rie moderne\" \/><\/div>\n<div class=\"K2FeedIntroText\">\n<p>ALGER- Le Pr\u00e9sident de la R\u00e9publique, Abdelaziz\u00a0 Bouteflika, a exhort\u00e9 mardi la famille m\u00e9diatique \u00e0 \u00ab\u00a0faire preuve de\u00a0 discernement et de vigilance\u00a0\u00bb dans sa contribution au processus de\u00a0 parach\u00e8vement de l&rsquo;\u00e9dification de l&rsquo;Alg\u00e9rie moderne et la promotion de\u00a0 l&rsquo;\u00e9difice d\u00e9mocratique.<\/p>\n<p>&#013;\n<\/p><\/div>\n<div class=\"K2FeedFullText\">&#013;<\/p>\n<p>Dans son message \u00e0 l&rsquo;occasion de la journ\u00e9e mondiale de la libert\u00e9 de la\u00a0 presse c\u00e9l\u00e9br\u00e9e le 3 mai, le Pr\u00e9sident de la R\u00e9publique a exhort\u00e9 la\u00a0 famille m\u00e9diatique \u00e0 \u00ab\u00a0faire preuve de discernement et de vigilance dans sa\u00a0 contribution au processus de parach\u00e8vement de l&rsquo;\u00e9dification de l&rsquo;Alg\u00e9rie moderne et la promotion de l&rsquo;\u00e9difice d\u00e9mocratique \u00e0 la lumi\u00e8re des valeurs,\u00a0 principes, droits et devoirs consacr\u00e9s par la Constitution amend\u00e9e\u00a0\u00bb,\u00a0 affirmant que \u00ab\u00a0l&rsquo;accompagnement m\u00e9diatique neutre, objectif et int\u00e8gre dont\u00a0 le leitmotiv est la conscience professionnelle est \u00e0 m\u00eame de consolider\u00a0 l\u2019action des institutions \u00e9lues, pierre angulaire de tout processus\u00a0 d\u00e9mocratique, sain en ses objectifs et pratiques\u00a0\u00bb.<\/p>\n<p>&#013;<\/p>\n<p>Le Pr\u00e9sident Bouteflika a appel\u00e9 les journalistes au \u00ab\u00a0respect des\u00a0 principes, valeurs et r\u00e8gles de la profession\u00a0\u00bb, soutenant que cette\u00a0 profession \u00ab\u00a0demeure, en d\u00e9pit des difficult\u00e9s, une profession noble de par\u00a0 son attachement \u00e0 faire conna\u00eetre la v\u00e9rit\u00e9 et \u00e0 la transmettre\u00a0 loyalement\u00a0\u00bb.<\/p>\n<p>&#013;<\/p>\n<p>Soulignant que les m\u00e9dias et la communication est l&rsquo;un des plus importants\u00a0 champ de concurrence et de vell\u00e9it\u00e9s de domination, le chef de l&rsquo;Etat a\u00a0 pr\u00e9cis\u00e9 que les efforts de l\u2019Alg\u00e9rie pour promouvoir ses m\u00e9dias visent \u00e0\u00a0 s&rsquo;affirmer au plan civilisationnel et politique dans un monde de\u00a0 globalisation impitoyable et \u00e0 servir son int\u00e9r\u00eat national.<\/p>\n<p>&#013;<\/p>\n<p>Aussi, l\u2019Etat alg\u00e9rien n\u2019a eu de cesse d\u2019oeuvrer pour permettre \u00e0 la\u00a0 presse d\u2019accomplir un r\u00f4le central dans notre processus de d\u00e9veloppement de\u00a0 mani\u00e8re \u00e0 \u00eatre active et r\u00e9active avec les diff\u00e9rents programmes de\u00a0 d\u00e9veloppement, a ajout\u00e9 le Pr\u00e9sident Bouteflika soulignant la d\u00e9termination\u00a0 des pouvoirs publics \u00e0 \u00ab\u00a0soutenir les efforts mat\u00e9riels et moraux pour\u00a0 promouvoir le r\u00f4le de la presse et lui permettre de contribuer au\u00a0 d\u00e9veloppement du pays\u00a0\u00bb.<\/p>\n<p>&#013;<\/p>\n<p>Le r\u00f4le des m\u00e9dias ne se limite pas \u00e0 relayer et \u00e0 diffuser l\u2019information,\u00a0 mais va bien au-del\u00e0 car ce sont eux qui fa\u00e7onnent l\u2019opinion publique en\u00a0 toute responsabilit\u00e9 et d\u00e9vouement et \u00e0 la vulgarisation du civisme et de\u00a0 la citoyennet\u00e9, a-t-il estim\u00e9.<\/p>\n<p>&#013;<\/p>\n<p>Le Pr\u00e9sident Bouteflika a affirm\u00e9, en outre, que \u00ab\u00a0la presse alg\u00e9rienne\u00a0 doit s&rsquo;ouvrir davantage et se hisser pour \u00eatre de plus en plus une presse\u00a0 citoyenne et contribuer \u00e0 la mise en place d&rsquo;un rempart face \u00e0 toute menace\u00a0 visant le pays et le citoyen et \u00e0 la pr\u00e9servation des acquis politiques et de l&rsquo;\u00e9difice d\u00e9mocratique pour lequel l\u2019Alg\u00e9rie a pay\u00e9 un lourd tribut en\u00a0 milliers de Chouhadas et de victimes\u00a0\u00bb, a ajout\u00e9 .<\/p>\n<p>&#013;<\/p>\n<p>Dans le m\u00eame contexte, le pr\u00e9sident de la R\u00e9publique a exprim\u00e9 sa\u00a0 confiance en les femmes et hommes de la presse et en leur attachement \u00e0 la\u00a0 stabilit\u00e9 et au d\u00e9veloppement du pays car, a-t-il dit, \u00ab\u00a0vous n&rsquo;avez de\u00a0 patrie autre que l\u2019Alg\u00e9rie et d&rsquo;avenir prometteur hors de l&rsquo;Alg\u00e9rie\u00a0\u00bb.<\/p>\n<p>&#013;<\/p>\n<p>\u00ab\u00a0Politiquement, vous avez pleinement le droit d\u2019\u00eatre dans le rang de la\u00a0 majorit\u00e9 ou de l\u2019opposition, un droit l\u00e9gitime consacr\u00e9 par la\u00a0 Constitution, ce droit est le fruit de notre combat pour l\u2019ind\u00e9pendance et\u00a0 notre effort pour b\u00e2tir une d\u00e9mocratie plurielle\u00a0\u00bb, a soutenu le Chef de\u00a0 l&rsquo;Etat, ajoutant qu&rsquo;\u00e0 la lumi\u00e8re de cette diversit\u00e9 d&rsquo;opinions et d&rsquo;id\u00e9es\u00a0 qui est aussi la caract\u00e9ristique des titres et sources d\u2019information dans\u00a0 notre pays, \u00ab\u00a0je fais appel \u00e0 votre nationalisme pour mettre vos comp\u00e9tences\u00a0 et votre\u00a0 professionnalisme au service d&rsquo;une information utile \u00e0 votre\u00a0 peuple et de votre pays\u00a0\u00bb.<\/p>\n<p>&#013;<\/p>\n<p>Le chef de l&rsquo;Etat a exhort\u00e9 \u00e9galement les journalistes \u00e0 \u00eatre conscients\u00a0 de leur r\u00f4le \u00ab\u00a0dans la pr\u00e9servation de la stabilit\u00e9 et l\u2019unit\u00e9 de l\u2019Alg\u00e9rie\u00a0 et la sensibilisation des citoyens aux dangers du terrorisme, aux crises\u00a0 qui nous entourent et aux man\u00a3uvres qui se trament contre notre pays\u00a0\u00bb, et \u00e0 \u00ab\u00a0contribuer \u00e0 la pr\u00e9servation de notre identit\u00e9 nationale islamique, arabe\u00a0 et amazighe\u00a0\u00bb.<\/p>\n<p>&#013;<\/p>\n<p>\u00ab\u00a0Je vous exhorte \u00e9galement \u00e0 enrichir le d\u00e9bat sur les enjeux \u00e9conomiques\u00a0 impos\u00e9s par la mondialisation sur tous les peuples\u00a0\u00bb, a ajout\u00e9 le Pr\u00e9sident\u00a0 \u00e0 l&rsquo;adresse de la corporation de la presse.<\/p>\n<\/div>\n<p>&#013;<br \/>\nSource: <a href=\"http:\/\/www.aps.dz\/algerie\/56891-le-president-de-la-republique-exhorte-la-famille-mediatique-a-contribuer-au-parachevement-de-l-edification-de-l-algerie-moderne\" target=\"_blank\">Le Pr\u00e9sident de la R\u00e9publique exhorte la famille m\u00e9diatique \u00e0 contribuer au  parach\u00e8vement de l&rsquo;\u00e9dification de l&rsquo;Alg\u00e9rie moderne<\/a><\/p>\n<!--CusAds0-->\n<div style=\"font-size: 0px; height: 0px; line-height: 0px; margin: 0; padding: 0; clear: both;\"><\/div>","protected":false},"excerpt":{"rendered":"<p>ALGER- Le Pr\u00e9sident de la R\u00e9publique, Abdelaziz\u00a0 Bouteflika, a exhort\u00e9 mardi la famille m\u00e9diatique \u00e0 \u00ab\u00a0faire preuve de\u00a0 discernement et de vigilance\u00a0\u00bb dans sa contribution au processus de\u00a0 parach\u00e8vement de l&rsquo;\u00e9dification de l&rsquo;Alg\u00e9rie moderne et la promotion de\u00a0 l&rsquo;\u00e9difice d\u00e9mocratique. &#013; &#013; Dans son message \u00e0 l&rsquo;occasion de la journ\u00e9e mondiale de la libert\u00e9 de<\/p>\n","protected":false},"author":6,"featured_media":11365,"comment_status":"open","ping_status":"open","sticky":false,"template":"","format":"standard","meta":{"footnotes":""},"categories":[22],"tags":[93],"class_list":["post-11364","post","type-post","status-publish","format-standard","has-post-thumbnail","hentry","category-infos","tag-onu"],"yoast_head":"<!-- This site is optimized with the Yoast SEO plugin v27.5 - https:\/\/yoast.com\/product\/yoast-seo-wordpress\/ -->\n<title>Le Pr\u00e9sident de la R\u00e9publique exhorte la famille m\u00e9diatique \u00e0 contribuer au parach\u00e8vement de l&#039;\u00e9dification de l&#039;Alg\u00e9rie moderne - info algerie<\/title>\n<meta name=\"robots\" content=\"index, follow, max-snippet:-1, max-image-preview:large, max-video-preview:-1\" \/>\n<link rel=\"canonical\" href=\"https:\/\/www.info-algerie.com\/actualites\/le-president-de-la-republique-exhorte-la-famille-mediatique-a-contribuer-au-parachevement-de-ledification-de-lalgerie-moderne\/\" \/>\n<meta property=\"og:locale\" content=\"fr_FR\" \/>\n<meta property=\"og:type\" content=\"article\" \/>\n<meta property=\"og:title\" content=\"Le Pr\u00e9sident de la R\u00e9publique exhorte la famille m\u00e9diatique \u00e0 contribuer au parach\u00e8vement de l&#039;\u00e9dification de l&#039;Alg\u00e9rie moderne - info algerie\" \/>\n<meta property=\"og:description\" content=\"ALGER- Le Pr\u00e9sident de la R\u00e9publique, Abdelaziz\u00a0 Bouteflika, a exhort\u00e9 mardi la famille m\u00e9diatique \u00e0 \u00ab\u00a0faire preuve de\u00a0 discernement et de vigilance\u00a0\u00bb dans sa contribution au processus de\u00a0 parach\u00e8vement de l&rsquo;\u00e9dification de l&rsquo;Alg\u00e9rie moderne et la promotion de\u00a0 l&rsquo;\u00e9difice d\u00e9mocratique. &#013; &#013; Dans son message \u00e0 l&rsquo;occasion de la journ\u00e9e mondiale de la libert\u00e9 de\" \/>\n<meta property=\"og:url\" content=\"https:\/\/www.info-algerie.com\/actualites\/le-president-de-la-republique-exhorte-la-famille-mediatique-a-contribuer-au-parachevement-de-ledification-de-lalgerie-moderne\/\" \/>\n<meta property=\"og:site_name\" content=\"info algerie\" \/>\n<meta property=\"article:publisher\" content=\"https:\/\/www.facebook.com\/infoalgerieactu\" \/>\n<meta property=\"article:published_time\" content=\"2017-05-02T18:46:42+00:00\" \/>\n<meta property=\"og:image\" content=\"https:\/\/www.info-algerie.com\/actualites\/wp-content\/uploads\/2017\/05\/83a181bcc76be362026f30ce01dc5bfd_S-1.jpg\" \/>\n\t<meta property=\"og:image:width\" content=\"280\" \/>\n\t<meta property=\"og:image:height\" content=\"169\" \/>\n\t<meta property=\"og:image:type\" content=\"image\/jpeg\" \/>\n<meta name=\"author\" content=\"La r\u00e9daction\" \/>\n<meta name=\"twitter:label1\" content=\"\u00c9crit par\" \/>\n\t<meta name=\"twitter:data1\" content=\"La r\u00e9daction\" \/>\n\t<meta name=\"twitter:label2\" content=\"Dur\u00e9e de lecture estim\u00e9e\" \/>\n\t<meta name=\"twitter:data2\" content=\"4 minutes\" \/>\n<script type=\"application\/ld+json\" class=\"yoast-schema-graph\">{\"@context\":\"https:\\\/\\\/schema.org\",\"@graph\":[{\"@type\":\"Article\",\"@id\":\"https:\\\/\\\/www.info-algerie.com\\\/actualites\\\/le-president-de-la-republique-exhorte-la-famille-mediatique-a-contribuer-au-parachevement-de-ledification-de-lalgerie-moderne\\\/#article\",\"isPartOf\":{\"@id\":\"https:\\\/\\\/www.info-algerie.com\\\/actualites\\\/le-president-de-la-republique-exhorte-la-famille-mediatique-a-contribuer-au-parachevement-de-ledification-de-lalgerie-moderne\\\/\"},\"author\":{\"name\":\"La r\u00e9daction\",\"@id\":\"https:\\\/\\\/www.info-algerie.com\\\/actualites\\\/#\\\/schema\\\/person\\\/847aaec44920825b843a08f30ec6aa1e\"},\"headline\":\"Le Pr\u00e9sident de la R\u00e9publique exhorte la famille m\u00e9diatique \u00e0 contribuer au parach\u00e8vement de l&#039;\u00e9dification de l&#039;Alg\u00e9rie moderne\",\"datePublished\":\"2017-05-02T18:46:42+00:00\",\"mainEntityOfPage\":{\"@id\":\"https:\\\/\\\/www.info-algerie.com\\\/actualites\\\/le-president-de-la-republique-exhorte-la-famille-mediatique-a-contribuer-au-parachevement-de-ledification-de-lalgerie-moderne\\\/\"},\"wordCount\":807,\"commentCount\":0,\"publisher\":{\"@id\":\"https:\\\/\\\/www.info-algerie.com\\\/actualites\\\/#organization\"},\"image\":{\"@id\":\"https:\\\/\\\/www.info-algerie.com\\\/actualites\\\/le-president-de-la-republique-exhorte-la-famille-mediatique-a-contribuer-au-parachevement-de-ledification-de-lalgerie-moderne\\\/#primaryimage\"},\"thumbnailUrl\":\"https:\\\/\\\/www.info-algerie.com\\\/actualites\\\/wp-content\\\/uploads\\\/2017\\\/05\\\/83a181bcc76be362026f30ce01dc5bfd_S-1.jpg\",\"keywords\":[\"ONU\"],\"articleSection\":[\"infos\"],\"inLanguage\":\"fr-FR\",\"potentialAction\":[{\"@type\":\"CommentAction\",\"name\":\"Comment\",\"target\":[\"https:\\\/\\\/www.info-algerie.com\\\/actualites\\\/le-president-de-la-republique-exhorte-la-famille-mediatique-a-contribuer-au-parachevement-de-ledification-de-lalgerie-moderne\\\/#respond\"]}]},{\"@type\":\"WebPage\",\"@id\":\"https:\\\/\\\/www.info-algerie.com\\\/actualites\\\/le-president-de-la-republique-exhorte-la-famille-mediatique-a-contribuer-au-parachevement-de-ledification-de-lalgerie-moderne\\\/\",\"url\":\"https:\\\/\\\/www.info-algerie.com\\\/actualites\\\/le-president-de-la-republique-exhorte-la-famille-mediatique-a-contribuer-au-parachevement-de-ledification-de-lalgerie-moderne\\\/\",\"name\":\"Le Pr\u00e9sident de la R\u00e9publique exhorte la famille m\u00e9diatique \u00e0 contribuer au parach\u00e8vement de l&#039;\u00e9dification de l&#039;Alg\u00e9rie moderne - info algerie\",\"isPartOf\":{\"@id\":\"https:\\\/\\\/www.info-algerie.com\\\/actualites\\\/#website\"},\"primaryImageOfPage\":{\"@id\":\"https:\\\/\\\/www.info-algerie.com\\\/actualites\\\/le-president-de-la-republique-exhorte-la-famille-mediatique-a-contribuer-au-parachevement-de-ledification-de-lalgerie-moderne\\\/#primaryimage\"},\"image\":{\"@id\":\"https:\\\/\\\/www.info-algerie.com\\\/actualites\\\/le-president-de-la-republique-exhorte-la-famille-mediatique-a-contribuer-au-parachevement-de-ledification-de-lalgerie-moderne\\\/#primaryimage\"},\"thumbnailUrl\":\"https:\\\/\\\/www.info-algerie.com\\\/actualites\\\/wp-content\\\/uploads\\\/2017\\\/05\\\/83a181bcc76be362026f30ce01dc5bfd_S-1.jpg\",\"datePublished\":\"2017-05-02T18:46:42+00:00\",\"breadcrumb\":{\"@id\":\"https:\\\/\\\/www.info-algerie.com\\\/actualites\\\/le-president-de-la-republique-exhorte-la-famille-mediatique-a-contribuer-au-parachevement-de-ledification-de-lalgerie-moderne\\\/#breadcrumb\"},\"inLanguage\":\"fr-FR\",\"potentialAction\":[{\"@type\":\"ReadAction\",\"target\":[\"https:\\\/\\\/www.info-algerie.com\\\/actualites\\\/le-president-de-la-republique-exhorte-la-famille-mediatique-a-contribuer-au-parachevement-de-ledification-de-lalgerie-moderne\\\/\"]}]},{\"@type\":\"ImageObject\",\"inLanguage\":\"fr-FR\",\"@id\":\"https:\\\/\\\/www.info-algerie.com\\\/actualites\\\/le-president-de-la-republique-exhorte-la-famille-mediatique-a-contribuer-au-parachevement-de-ledification-de-lalgerie-moderne\\\/#primaryimage\",\"url\":\"https:\\\/\\\/www.info-algerie.com\\\/actualites\\\/wp-content\\\/uploads\\\/2017\\\/05\\\/83a181bcc76be362026f30ce01dc5bfd_S-1.jpg\",\"contentUrl\":\"https:\\\/\\\/www.info-algerie.com\\\/actualites\\\/wp-content\\\/uploads\\\/2017\\\/05\\\/83a181bcc76be362026f30ce01dc5bfd_S-1.jpg\",\"width\":280,\"height\":169},{\"@type\":\"BreadcrumbList\",\"@id\":\"https:\\\/\\\/www.info-algerie.com\\\/actualites\\\/le-president-de-la-republique-exhorte-la-famille-mediatique-a-contribuer-au-parachevement-de-ledification-de-lalgerie-moderne\\\/#breadcrumb\",\"itemListElement\":[{\"@type\":\"ListItem\",\"position\":1,\"name\":\"Accueil\",\"item\":\"https:\\\/\\\/www.info-algerie.com\\\/actualites\\\/\"},{\"@type\":\"ListItem\",\"position\":2,\"name\":\"Le Pr\u00e9sident de la R\u00e9publique exhorte la famille m\u00e9diatique \u00e0 contribuer au parach\u00e8vement de l&#039;\u00e9dification de l&#039;Alg\u00e9rie moderne\"}]},{\"@type\":\"WebSite\",\"@id\":\"https:\\\/\\\/www.info-algerie.com\\\/actualites\\\/#website\",\"url\":\"https:\\\/\\\/www.info-algerie.com\\\/actualites\\\/\",\"name\":\"info algerie\",\"description\":\"Toutes les actualit\u00e9s\",\"publisher\":{\"@id\":\"https:\\\/\\\/www.info-algerie.com\\\/actualites\\\/#organization\"},\"potentialAction\":[{\"@type\":\"SearchAction\",\"target\":{\"@type\":\"EntryPoint\",\"urlTemplate\":\"https:\\\/\\\/www.info-algerie.com\\\/actualites\\\/?s={search_term_string}\"},\"query-input\":{\"@type\":\"PropertyValueSpecification\",\"valueRequired\":true,\"valueName\":\"search_term_string\"}}],\"inLanguage\":\"fr-FR\"},{\"@type\":\"Organization\",\"@id\":\"https:\\\/\\\/www.info-algerie.com\\\/actualites\\\/#organization\",\"name\":\"info algerie\",\"url\":\"https:\\\/\\\/www.info-algerie.com\\\/actualites\\\/\",\"logo\":{\"@type\":\"ImageObject\",\"inLanguage\":\"fr-FR\",\"@id\":\"https:\\\/\\\/www.info-algerie.com\\\/actualites\\\/#\\\/schema\\\/logo\\\/image\\\/\",\"url\":\"https:\\\/\\\/www.info-algerie.com\\\/actualites\\\/wp-content\\\/uploads\\\/2022\\\/07\\\/logo-ia-120.png\",\"contentUrl\":\"https:\\\/\\\/www.info-algerie.com\\\/actualites\\\/wp-content\\\/uploads\\\/2022\\\/07\\\/logo-ia-120.png\",\"width\":120,\"height\":43,\"caption\":\"info algerie\"},\"image\":{\"@id\":\"https:\\\/\\\/www.info-algerie.com\\\/actualites\\\/#\\\/schema\\\/logo\\\/image\\\/\"},\"sameAs\":[\"https:\\\/\\\/www.facebook.com\\\/infoalgerieactu\",\"https:\\\/\\\/x.com\\\/infoalgerie1\"]},{\"@type\":\"Person\",\"@id\":\"https:\\\/\\\/www.info-algerie.com\\\/actualites\\\/#\\\/schema\\\/person\\\/847aaec44920825b843a08f30ec6aa1e\",\"name\":\"La r\u00e9daction\",\"image\":{\"@type\":\"ImageObject\",\"inLanguage\":\"fr-FR\",\"@id\":\"https:\\\/\\\/secure.gravatar.com\\\/avatar\\\/769db425c6f465158149f1ffd6cf61ce7a8a879d11dfbef8288af36dfddd418c?s=96&d=mm&r=g\",\"url\":\"https:\\\/\\\/secure.gravatar.com\\\/avatar\\\/769db425c6f465158149f1ffd6cf61ce7a8a879d11dfbef8288af36dfddd418c?s=96&d=mm&r=g\",\"contentUrl\":\"https:\\\/\\\/secure.gravatar.com\\\/avatar\\\/769db425c6f465158149f1ffd6cf61ce7a8a879d11dfbef8288af36dfddd418c?s=96&d=mm&r=g\",\"caption\":\"La r\u00e9daction\"},\"sameAs\":[\"http:\\\/\\\/www.lkeria.com\\\/\"],\"url\":\"https:\\\/\\\/www.info-algerie.com\\\/actualites\\\/author\\\/chakib32\\\/\"}]}<\/script>\n<!-- \/ Yoast SEO plugin. -->","yoast_head_json":{"title":"Le Pr\u00e9sident de la R\u00e9publique exhorte la famille m\u00e9diatique \u00e0 contribuer au parach\u00e8vement de l&#039;\u00e9dification de l&#039;Alg\u00e9rie moderne - info algerie","robots":{"index":"index","follow":"follow","max-snippet":"max-snippet:-1","max-image-preview":"max-image-preview:large","max-video-preview":"max-video-preview:-1"},"canonical":"https:\/\/www.info-algerie.com\/actualites\/le-president-de-la-republique-exhorte-la-famille-mediatique-a-contribuer-au-parachevement-de-ledification-de-lalgerie-moderne\/","og_locale":"fr_FR","og_type":"article","og_title":"Le Pr\u00e9sident de la R\u00e9publique exhorte la famille m\u00e9diatique \u00e0 contribuer au parach\u00e8vement de l&#039;\u00e9dification de l&#039;Alg\u00e9rie moderne - info algerie","og_description":"ALGER- Le Pr\u00e9sident de la R\u00e9publique, Abdelaziz\u00a0 Bouteflika, a exhort\u00e9 mardi la famille m\u00e9diatique \u00e0 \u00ab\u00a0faire preuve de\u00a0 discernement et de vigilance\u00a0\u00bb dans sa contribution au processus de\u00a0 parach\u00e8vement de l&rsquo;\u00e9dification de l&rsquo;Alg\u00e9rie moderne et la promotion de\u00a0 l&rsquo;\u00e9difice d\u00e9mocratique. &#013; &#013; Dans son message \u00e0 l&rsquo;occasion de la journ\u00e9e mondiale de la libert\u00e9 de","og_url":"https:\/\/www.info-algerie.com\/actualites\/le-president-de-la-republique-exhorte-la-famille-mediatique-a-contribuer-au-parachevement-de-ledification-de-lalgerie-moderne\/","og_site_name":"info algerie","article_publisher":"https:\/\/www.facebook.com\/infoalgerieactu","article_published_time":"2017-05-02T18:46:42+00:00","og_image":[{"width":280,"height":169,"url":"https:\/\/www.info-algerie.com\/actualites\/wp-content\/uploads\/2017\/05\/83a181bcc76be362026f30ce01dc5bfd_S-1.jpg","type":"image\/jpeg"}],"author":"La r\u00e9daction","twitter_misc":{"\u00c9crit par":"La r\u00e9daction","Dur\u00e9e de lecture estim\u00e9e":"4 minutes"},"schema":{"@context":"https:\/\/schema.org","@graph":[{"@type":"Article","@id":"https:\/\/www.info-algerie.com\/actualites\/le-president-de-la-republique-exhorte-la-famille-mediatique-a-contribuer-au-parachevement-de-ledification-de-lalgerie-moderne\/#article","isPartOf":{"@id":"https:\/\/www.info-algerie.com\/actualites\/le-president-de-la-republique-exhorte-la-famille-mediatique-a-contribuer-au-parachevement-de-ledification-de-lalgerie-moderne\/"},"author":{"name":"La r\u00e9daction","@id":"https:\/\/www.info-algerie.com\/actualites\/#\/schema\/person\/847aaec44920825b843a08f30ec6aa1e"},"headline":"Le Pr\u00e9sident de la R\u00e9publique exhorte la famille m\u00e9diatique \u00e0 contribuer au parach\u00e8vement de l&#039;\u00e9dification de l&#039;Alg\u00e9rie moderne","datePublished":"2017-05-02T18:46:42+00:00","mainEntityOfPage":{"@id":"https:\/\/www.info-algerie.com\/actualites\/le-president-de-la-republique-exhorte-la-famille-mediatique-a-contribuer-au-parachevement-de-ledification-de-lalgerie-moderne\/"},"wordCount":807,"commentCount":0,"publisher":{"@id":"https:\/\/www.info-algerie.com\/actualites\/#organization"},"image":{"@id":"https:\/\/www.info-algerie.com\/actualites\/le-president-de-la-republique-exhorte-la-famille-mediatique-a-contribuer-au-parachevement-de-ledification-de-lalgerie-moderne\/#primaryimage"},"thumbnailUrl":"https:\/\/www.info-algerie.com\/actualites\/wp-content\/uploads\/2017\/05\/83a181bcc76be362026f30ce01dc5bfd_S-1.jpg","keywords":["ONU"],"articleSection":["infos"],"inLanguage":"fr-FR","potentialAction":[{"@type":"CommentAction","name":"Comment","target":["https:\/\/www.info-algerie.com\/actualites\/le-president-de-la-republique-exhorte-la-famille-mediatique-a-contribuer-au-parachevement-de-ledification-de-lalgerie-moderne\/#respond"]}]},{"@type":"WebPage","@id":"https:\/\/www.info-algerie.com\/actualites\/le-president-de-la-republique-exhorte-la-famille-mediatique-a-contribuer-au-parachevement-de-ledification-de-lalgerie-moderne\/","url":"https:\/\/www.info-algerie.com\/actualites\/le-president-de-la-republique-exhorte-la-famille-mediatique-a-contribuer-au-parachevement-de-ledification-de-lalgerie-moderne\/","name":"Le Pr\u00e9sident de la R\u00e9publique exhorte la famille m\u00e9diatique \u00e0 contribuer au parach\u00e8vement de l&#039;\u00e9dification de l&#039;Alg\u00e9rie moderne - info algerie","isPartOf":{"@id":"https:\/\/www.info-algerie.com\/actualites\/#website"},"primaryImageOfPage":{"@id":"https:\/\/www.info-algerie.com\/actualites\/le-president-de-la-republique-exhorte-la-famille-mediatique-a-contribuer-au-parachevement-de-ledification-de-lalgerie-moderne\/#primaryimage"},"image":{"@id":"https:\/\/www.info-algerie.com\/actualites\/le-president-de-la-republique-exhorte-la-famille-mediatique-a-contribuer-au-parachevement-de-ledification-de-lalgerie-moderne\/#primaryimage"},"thumbnailUrl":"https:\/\/www.info-algerie.com\/actualites\/wp-content\/uploads\/2017\/05\/83a181bcc76be362026f30ce01dc5bfd_S-1.jpg","datePublished":"2017-05-02T18:46:42+00:00","breadcrumb":{"@id":"https:\/\/www.info-algerie.com\/actualites\/le-president-de-la-republique-exhorte-la-famille-mediatique-a-contribuer-au-parachevement-de-ledification-de-lalgerie-moderne\/#breadcrumb"},"inLanguage":"fr-FR","potentialAction":[{"@type":"ReadAction","target":["https:\/\/www.info-algerie.com\/actualites\/le-president-de-la-republique-exhorte-la-famille-mediatique-a-contribuer-au-parachevement-de-ledification-de-lalgerie-moderne\/"]}]},{"@type":"ImageObject","inLanguage":"fr-FR","@id":"https:\/\/www.info-algerie.com\/actualites\/le-president-de-la-republique-exhorte-la-famille-mediatique-a-contribuer-au-parachevement-de-ledification-de-lalgerie-moderne\/#primaryimage","url":"https:\/\/www.info-algerie.com\/actualites\/wp-content\/uploads\/2017\/05\/83a181bcc76be362026f30ce01dc5bfd_S-1.jpg","contentUrl":"https:\/\/www.info-algerie.com\/actualites\/wp-content\/uploads\/2017\/05\/83a181bcc76be362026f30ce01dc5bfd_S-1.jpg","width":280,"height":169},{"@type":"BreadcrumbList","@id":"https:\/\/www.info-algerie.com\/actualites\/le-president-de-la-republique-exhorte-la-famille-mediatique-a-contribuer-au-parachevement-de-ledification-de-lalgerie-moderne\/#breadcrumb","itemListElement":[{"@type":"ListItem","position":1,"name":"Accueil","item":"https:\/\/www.info-algerie.com\/actualites\/"},{"@type":"ListItem","position":2,"name":"Le Pr\u00e9sident de la R\u00e9publique exhorte la famille m\u00e9diatique \u00e0 contribuer au parach\u00e8vement de l&#039;\u00e9dification de l&#039;Alg\u00e9rie moderne"}]},{"@type":"WebSite","@id":"https:\/\/www.info-algerie.com\/actualites\/#website","url":"https:\/\/www.info-algerie.com\/actualites\/","name":"info algerie","description":"Toutes les actualit\u00e9s","publisher":{"@id":"https:\/\/www.info-algerie.com\/actualites\/#organization"},"potentialAction":[{"@type":"SearchAction","target":{"@type":"EntryPoint","urlTemplate":"https:\/\/www.info-algerie.com\/actualites\/?s={search_term_string}"},"query-input":{"@type":"PropertyValueSpecification","valueRequired":true,"valueName":"search_term_string"}}],"inLanguage":"fr-FR"},{"@type":"Organization","@id":"https:\/\/www.info-algerie.com\/actualites\/#organization","name":"info algerie","url":"https:\/\/www.info-algerie.com\/actualites\/","logo":{"@type":"ImageObject","inLanguage":"fr-FR","@id":"https:\/\/www.info-algerie.com\/actualites\/#\/schema\/logo\/image\/","url":"https:\/\/www.info-algerie.com\/actualites\/wp-content\/uploads\/2022\/07\/logo-ia-120.png","contentUrl":"https:\/\/www.info-algerie.com\/actualites\/wp-content\/uploads\/2022\/07\/logo-ia-120.png","width":120,"height":43,"caption":"info algerie"},"image":{"@id":"https:\/\/www.info-algerie.com\/actualites\/#\/schema\/logo\/image\/"},"sameAs":["https:\/\/www.facebook.com\/infoalgerieactu","https:\/\/x.com\/infoalgerie1"]},{"@type":"Person","@id":"https:\/\/www.info-algerie.com\/actualites\/#\/schema\/person\/847aaec44920825b843a08f30ec6aa1e","name":"La r\u00e9daction","image":{"@type":"ImageObject","inLanguage":"fr-FR","@id":"https:\/\/secure.gravatar.com\/avatar\/769db425c6f465158149f1ffd6cf61ce7a8a879d11dfbef8288af36dfddd418c?s=96&d=mm&r=g","url":"https:\/\/secure.gravatar.com\/avatar\/769db425c6f465158149f1ffd6cf61ce7a8a879d11dfbef8288af36dfddd418c?s=96&d=mm&r=g","contentUrl":"https:\/\/secure.gravatar.com\/avatar\/769db425c6f465158149f1ffd6cf61ce7a8a879d11dfbef8288af36dfddd418c?s=96&d=mm&r=g","caption":"La r\u00e9daction"},"sameAs":["http:\/\/www.lkeria.com\/"],"url":"https:\/\/www.info-algerie.com\/actualites\/author\/chakib32\/"}]}},"_links":{"self":[{"href":"https:\/\/www.info-algerie.com\/actualites\/wp-json\/wp\/v2\/posts\/11364","targetHints":{"allow":["GET"]}}],"collection":[{"href":"https:\/\/www.info-algerie.com\/actualites\/wp-json\/wp\/v2\/posts"}],"about":[{"href":"https:\/\/www.info-algerie.com\/actualites\/wp-json\/wp\/v2\/types\/post"}],"author":[{"embeddable":true,"href":"https:\/\/www.info-algerie.com\/actualites\/wp-json\/wp\/v2\/users\/6"}],"replies":[{"embeddable":true,"href":"https:\/\/www.info-algerie.com\/actualites\/wp-json\/wp\/v2\/comments?post=11364"}],"version-history":[{"count":0,"href":"https:\/\/www.info-algerie.com\/actualites\/wp-json\/wp\/v2\/posts\/11364\/revisions"}],"wp:featuredmedia":[{"embeddable":true,"href":"https:\/\/www.info-algerie.com\/actualites\/wp-json\/wp\/v2\/media\/11365"}],"wp:attachment":[{"href":"https:\/\/www.info-algerie.com\/actualites\/wp-json\/wp\/v2\/media?parent=11364"}],"wp:term":[{"taxonomy":"category","embeddable":true,"href":"https:\/\/www.info-algerie.com\/actualites\/wp-json\/wp\/v2\/categories?post=11364"},{"taxonomy":"post_tag","embeddable":true,"href":"https:\/\/www.info-algerie.com\/actualites\/wp-json\/wp\/v2\/tags?post=11364"}],"curies":[{"name":"wp","href":"https:\/\/api.w.org\/{rel}","templated":true}]}}