{"id":11368,"date":"2017-05-02T22:27:38","date_gmt":"2017-05-02T21:27:38","guid":{"rendered":"http:\/\/www.info-algerie.com\/actualites\/message-du-president-de-la-republique-a-loccasion-de-la-journee-mondiale-de-la-liberte-de-la-presse-texte-integral\/"},"modified":"2017-05-02T22:27:38","modified_gmt":"2017-05-02T21:27:38","slug":"message-du-president-de-la-republique-a-loccasion-de-la-journee-mondiale-de-la-liberte-de-la-presse-texte-integral","status":"publish","type":"post","link":"https:\/\/www.info-algerie.com\/actualites\/message-du-president-de-la-republique-a-loccasion-de-la-journee-mondiale-de-la-liberte-de-la-presse-texte-integral\/","title":{"rendered":"Message du pr\u00e9sident de la R\u00e9publique \u00e0 l&#039;occasion de la journ\u00e9e mondiale de la libert\u00e9 de la presse (Texte int\u00e9gral)"},"content":{"rendered":"<div class=\"K2FeedImage\"><img decoding=\"async\" src=\"https:\/\/www.info-algerie.com\/actualites\/wp-content\/uploads\/2017\/05\/ce0f6af7c6ed0ad1e7cd7f203ac862af_S.jpg\" alt=\"Message du pr&#xE9;sident de la R&#xE9;publique &#xE0; l'occasion de la journ&#xE9;e mondiale de la libert&#xE9; de la presse (Texte int&#xE9;gral)\" \/><\/div>\n<div class=\"K2FeedIntroText\">\n<p>ALGER &#8211; Le pr\u00e9sident de la R\u00e9publique, Abdelaziz Bouteflika, a adress\u00e9 mardi un message \u00e0 la famille de la presse alg\u00e9rienne \u00e0 l&rsquo;occasion de la c\u00e9l\u00e9bration de la journ\u00e9e mondiale de la libert\u00e9 de la presse.<\/p>\n<p>&#013;\n<\/p><\/div>\n<div class=\"K2FeedFullText\">&#013;<\/p>\n<p>En voici la traduction APS:<\/p>\n<p>&#013;<\/p>\n<p>\u00a0<\/p>\n<p>&#013;<\/p>\n<p><strong>\u00ab\u00a0Mesdames, Messieurs ,<\/strong><\/p>\n<p>&#013;<\/p>\n<p>Je ne peux, en cette journ\u00e9e, m&rsquo;adresser \u00e0 vous sans m&rsquo;incliner avec respect et consid\u00e9ration \u00e0 la m\u00e9moire des journalistes alg\u00e9riens qui tout au long de notre glorieuse R\u00e9volution ont lutt\u00e9 par leurs plumes, leurs voix et leurs reportages exaltant l&rsquo;opini\u00e2tret\u00e9 et la d\u00e9termination de notre peuple dans son combat pour l&rsquo;ind\u00e9pendance \u00e0 travers l&rsquo;historique El Moudjahid, le journal El Moukawama et \u00ab\u00a0Sawt El Djazair\u00a0\u00bb (la voix de la r\u00e9volution alg\u00e9rienne) depuis les Radios de Tunisie, d&rsquo;Egypte et \u00a0de Nadhor, au Maroc fr\u00e8re.<\/p>\n<p>&#013;<\/p>\n<p>La contribution de ces voix, plumes et reportages \u00e0 notre guerre pour l&rsquo;ind\u00e9pendance a \u00e9t\u00e9 un instrument primordial dans le soutien et la sympathie \u00e0 notre cause nationale au-del\u00e0 des fronti\u00e8re des pays fr\u00e8res et voisins qui nous ont soutenus par tous les moyens durant notre lutte.<\/p>\n<p>&#013;<\/p>\n<p>De m\u00eame que leurs pr\u00e9d\u00e9cesseurs de la g\u00e9n\u00e9ration de la r\u00e9volution, les journalistes, hommes et femmes, de l&rsquo;Alg\u00e9rie ind\u00e9pendante m\u00e9ritent hommage et consid\u00e9ration pour leur contribution \u00e0 l&rsquo;\u00e9dification de notre Etat ind\u00e9pendant.<\/p>\n<p>&#013;<\/p>\n<p>Dans l&rsquo;Alg\u00e9rie d&rsquo;aujourd&rsquo;hui qui dispose de quelque deux cents journaux et plusieurs cha\u00eenes de t\u00e9l\u00e9vision, nous ne devons gu\u00e8re oublier ce qui \u00e9tait attendu des professionnels des m\u00e9dias, peu nombreux, apr\u00e8s le d\u00e9part du colonisateur pour faire fonctionner la radio et la t\u00e9l\u00e9vision et donner un \u00e9lan \u00e0 l&rsquo;agence Alg\u00e9rie Presse Service.<\/p>\n<p>&#013;<\/p>\n<p>Oui, nous ne devons pas oublier aujourd&rsquo;hui ce qui \u00e9tait attendu des journalistes, hommes et femmes, comme efforts et sacrifices durant les premi\u00e8res ann\u00e9es de l&rsquo;ind\u00e9pendance, en mati\u00e8re de transmission de l&rsquo;information et de mobilisation des volont\u00e9s \u00e0 travers notre vaste pays.<\/p>\n<p>&#013;<\/p>\n<p>Une contribution, qui en d\u00e9pit de peu de moyens mat\u00e9riels et humains, a eu un impact consid\u00e9rable dans la r\u00e9ussite de la reconstruction du pays sur tous les plans.<\/p>\n<p>&#013;<\/p>\n<p>\u00a0<\/p>\n<p>&#013;<\/p>\n<p><strong>Mesdames, Messieurs,<\/strong><\/p>\n<p>&#013;<\/p>\n<p>\u00a0<\/p>\n<p>&#013;<\/p>\n<p>En \u00e9voquant le parcours riche de nos m\u00e9dias, je tiens \u00e0 me recueillir \u00e0 la m\u00e9moire des martyrs du devoir national, plus de cent femmes et hommes journalistes victimes du terrorisme abject dont le seul tort a \u00e9t\u00e9 d&rsquo;accomplir leur mission. Une mission qui a permis de redonner espoir en la victoire de l&rsquo;Alg\u00e9rie debout. Une mission qui a permis de d\u00e9montrer au monde entier que le peuple alg\u00e9rien, en d\u00e9pit de l&rsquo;isolement quasi total dans lequel il faisait face aux affres de la trag\u00e9die nationale, \u00e9tait attach\u00e9 \u00e0 la s\u00e9curit\u00e9 et \u00e0 la stabilit\u00e9 de son pays, \u00e0 sa reconstruction et \u00e0 son d\u00e9veloppement. Un peuple qui a pu panser ses blessures et r\u00e9unir ses rangs, gr\u00e2ce \u00e0 Dieu et en privil\u00e9giant la politique de la concorde civile et de la r\u00e9conciliation nationale.<\/p>\n<p>&#013;<\/p>\n<p>Aujourd&rsquo;hui, l&rsquo;Alg\u00e9rie est en droit d&rsquo;\u00eatre fi\u00e8re des \u00e9tapes franchies en mati\u00e8re d&rsquo;information et de libert\u00e9 d&rsquo;expression. Un parcours jalonn\u00e9 de sorties annuelles de promotions successives dans diff\u00e9rentes sp\u00e9cialit\u00e9s m\u00e9diatiques et de l&rsquo;\u00e9laboration de textes consacrant la libert\u00e9 d&rsquo;expression et les droits des journalistes et des citoyens \u00e0 une information professionnelle. La Constitution amend\u00e9e et approuv\u00e9e l&rsquo;ann\u00e9e derni\u00e8re n&rsquo;en n&rsquo;est que la meilleure illustration outre l&rsquo;amendement du code p\u00e9nal \u00e0 travers la d\u00e9p\u00e9nalisation du d\u00e9lit de presse.<\/p>\n<p>&#013;<\/p>\n<p>Nul doute que la responsabilit\u00e9 de hisser le journalisme \u00e0 des niveaux sup\u00e9rieurs de professionnalisme n\u2019incombe pas \u00e0 l\u2019Etat seul, et partant, les \u00e9tablissements publics et priv\u00e9s supervisant directement le travail des journalistes doivent leur offrir un climat propice loin de toute pression et \u0153uvrer au respect de toutes les lois r\u00e9gissant et r\u00e9gulant la profession tout en prenant en consid\u00e9ration les observations et recommandations de l\u2019Autorit\u00e9 de R\u00e9gulation de l\u2019Audio-Visuel et de l\u2019Autorit\u00e9 de R\u00e9gulation de la Presse Ecrite, apr\u00e8s son installation. Deux instances sur lesquelles nous misons pour le suivi et l&rsquo;accompagnement du discours m\u00e9diatique afin de pr\u00e9server le pays de toute instrumentalisation politique et partisane et de mani\u00e8re \u00e0 ce que les composantes de l&rsquo;identit\u00e9 du peuple alg\u00e9rien soient un legs socio-culturel commun \u00e0 l&rsquo;abri des luttes et diff\u00e9rends politiques.<\/p>\n<p>&#013;<\/p>\n<p>\u00a0<\/p>\n<p>&#013;<\/p>\n<p>Aussi, nous n&rsquo;avons de cesse privil\u00e9gier un discours m\u00e9diatique empreint de s\u00e9r\u00e9nit\u00e9 et de pond\u00e9ration notamment en cette p\u00e9riode de l\u2019histoire de notre pays o\u00f9 nous \u0153uvrons \u00e0 consolider davantage nos acquis d\u00e9mocratiques \u00e0 travers le renouvellement de la composante de l\u2019Assembl\u00e9e Populaire Nationale et par la suite des assembl\u00e9es populaires locales.<\/p>\n<p>&#013;<\/p>\n<p>Les Alg\u00e9riens et Alg\u00e9riennes peuvent s\u2019enorgueillir de la diversit\u00e9 du champ m\u00e9diatique \u00e9crit, audio-visuel et \u00e9lectronique, qui nous permet, en d\u00e9pit des critiques injustes \u00e9manant de voix tendancieuses \u00e0 l&rsquo;\u00e9tranger, d&rsquo;\u00eatre \u00e0 l\u2019avant-garde de l&rsquo;information et de la libert\u00e9 de la presse dans notre environnement islamique, arabe et africain.<\/p>\n<p>&#013;<\/p>\n<p>Cependant, le chemin que nous avons franchi en mati\u00e8re de libert\u00e9 de presse, quand bien m\u00eame nous en sommes fiers, ne doit pas nous d\u00e9tourner de la n\u00e9cessit\u00e9 de poursuivre les efforts pour acqu\u00e9rir davantage d&rsquo;exp\u00e9rience que seuls l&rsquo;exercice et la connaissance incommensurable peuvent garantir.<\/p>\n<p>&#013;<\/p>\n<p>Nos acquis exigent encore davantage de maturit\u00e9 et les conditions de travail de la corporation n\u00e9cessitent davantage d\u2019am\u00e9lioration en termes de droits sociaux, consacr\u00e9s par la loi.<\/p>\n<p>&#013;<\/p>\n<p>\u00a0<\/p>\n<p>&#013;<\/p>\n<p><strong>Mesdames, Messieurs,<\/strong><\/p>\n<p>&#013;<\/p>\n<p>\u00a0<\/p>\n<p>&#013;<\/p>\n<p>En cette journ\u00e9e, je me dois de m\u2019adresser \u00e0 la famille m\u00e9diatique, t\u00e9moin des changements politiques et mutations d\u00e9mocratiques qu&rsquo;a connus l\u2019Alg\u00e9rie et avertie des enjeux et menaces qui nous entourent et p\u00e8sent sur notre s\u00e9curit\u00e9 et notre stabilit\u00e9 pour l\u2019exhorter \u00e0 faire preuve de discernement et de vigilance dans sa contribution au processus de parach\u00e8vement de l\u2019\u00e9dification de l\u2019Alg\u00e9rie moderne et la promotion de l&rsquo;\u00e9difice d\u00e9mocratique \u00e0 la lumi\u00e8re des valeurs, principes, droits et devoirs consacr\u00e9s par la Constitution amend\u00e9e. En effet, l&rsquo;accompagnement m\u00e9diatique neutre, objectif et int\u00e8gre dont le leitmotiv est la conscience et le sens professionnels est \u00e0 m\u00eame de consolider l\u2019action des institutions \u00e9lues, pierre angulaire de tout processus d\u00e9mocratique, sain en ses objectifs et pratiques.<\/p>\n<p>&#013;<\/p>\n<p>Le domaine des m\u00e9dias et de la communication est l&rsquo;un des plus importants champ de concurrence et de vell\u00e9it\u00e9s de domination et les efforts de l\u2019Alg\u00e9rie pour promouvoir ses m\u00e9dias visent \u00e0 s&rsquo;affirmer au plan civilisationnel et politique dans un monde de globalisation impitoyable et \u00e0 servir notre int\u00e9r\u00eat national.\u00a0<\/p>\n<p>&#013;<\/p>\n<p>Aussi, l\u2019Etat alg\u00e9rien n\u2019a eu de cesse d\u2019\u0153uvrer pour permettre \u00e0 la presse d\u2019accomplir un r\u00f4le central dans notre processus de d\u00e9veloppement et \u00eatre active et r\u00e9active avec les diff\u00e9rents programmes de d\u00e9veloppement, d&rsquo;o\u00f9 l&rsquo;imp\u00e9ratif de poursuivre les efforts mat\u00e9riels et moraux pour promouvoir le r\u00f4le de la presse et lui permettre de contribuer au d\u00e9veloppement global du pays.<\/p>\n<p>&#013;<\/p>\n<p>Le r\u00f4le des m\u00e9dias ne se limite pas \u00e0 la diffusion de l\u2019information mais va bien au-del\u00e0 car ce sont eux qui fa\u00e7onnent l\u2019opinion publique en toute responsabilit\u00e9 et d\u00e9vouement et contribuent \u00e0 la vulgarisation du civisme et de la citoyennet\u00e9.<\/p>\n<p>&#013;<\/p>\n<p>La presse alg\u00e9rienne doit s&rsquo;ouvrir davantage et se hisser pour \u00eatre de plus en plus une presse citoyenne et contribuer \u00e0 la mise en place d&rsquo;un rempart face \u00e0 toute menace visant le pays et le citoyen et \u00e0 la pr\u00e9servation des acquis politiques et de l&rsquo;\u00e9difice d\u00e9mocratique pour lequel l\u2019Alg\u00e9rie a pay\u00e9 un lourd tribut en milliers de Chouhadas et de victimes.<\/p>\n<p>&#013;<\/p>\n<p>\u00a0<\/p>\n<p>&#013;<\/p>\n<p><strong>Mesdames, Messieurs,<\/strong><\/p>\n<p>&#013;<\/p>\n<p>\u00a0<\/p>\n<p>&#013;<\/p>\n<p>Totale est ma confiance en vous, femmes et hommes de la presse, \u00e0 la diff\u00e9rence de vos ob\u00e9diences et orientations politiques quant \u00e0 votre amour \u00e0 la patrie et votre attachement \u00e0 sa stabilit\u00e9 et \u00e0 son d\u00e9veloppement car vous n&rsquo;avez de patrie autre que l\u2019Alg\u00e9rie et d&rsquo;avenir prometteur hors de l&rsquo;Alg\u00e9rie.<\/p>\n<p>&#013;<\/p>\n<p>Politiquement, vous avez pleinement le droit d\u2019\u00eatre dans le rang de la majorit\u00e9 ou de l\u2019opposition, un droit l\u00e9gitime explicitement consacr\u00e9 par la Constitution. Ce droit est le fruit de notre combat pour l\u2019ind\u00e9pendance et notre effort pour b\u00e2tir une d\u00e9mocratie plurielle.<\/p>\n<p>&#013;<\/p>\n<p>A la lumi\u00e8re de cette diversit\u00e9 d&rsquo;opinions et d&rsquo;id\u00e9es qui est aussi la caract\u00e9ristique des titres et sources d\u2019information dans notre pays, je fais appel \u00e0 votre nationalisme pour mettre vos comp\u00e9tences et votre \u00a0professionnalisme au service d&rsquo;une information utile \u00e0 votre peuple et \u00e0 votre pays.<\/p>\n<p>&#013;<\/p>\n<p>Je vous exhorte d&rsquo;\u00eatre toujours conscients de votre r\u00f4le dans la pr\u00e9servation de la stabilit\u00e9 et l\u2019unit\u00e9 de l\u2019Alg\u00e9rie et de continuer \u00e0 sensibiliser les citoyens aux dangers du terrorisme, aux crises qui nous entourent et aux man\u0153uvres qui se trament contre notre pays.<\/p>\n<p>&#013;<\/p>\n<p>De m\u00eame que je vous exhorte \u00e0 contribuer \u00e0 la pr\u00e9servation de notre identit\u00e9 nationale islamique, arabe et amazighe. Cette identit\u00e9 nous devons tous \u0153uvrer \u00e0 la mettre \u00e0 l\u2019abri de toute tentative visant \u00e0 la d\u00e9naturer ou \u00e0 l\u2019instrumentaliser contre votre patrie, l\u2019Alg\u00e9rie unie et unifi\u00e9e.<\/p>\n<p>&#013;<\/p>\n<p>Je vous exhorte \u00e9galement, honorable famille de la presse, \u00e0 enrichir le d\u00e9bat sur les enjeux \u00e9conomiques impos\u00e9s par la mondialisation \u00e0 tous les peuples. Une soci\u00e9t\u00e9 consciente des r\u00e9alit\u00e9s \u00e9conomiques et sociales du pays et au fait de celles pr\u00e9valant dans le monde est une soci\u00e9t\u00e9 qui peut se mobiliser en connaissance de cause pour \u0153uvrer \u00e0 l\u2019\u00e9dification et \u00e0 la construction en vue d&rsquo;\u00eatre au diapason des soci\u00e9t\u00e9s d\u00e9velopp\u00e9es.<\/p>\n<p>&#013;<\/p>\n<p>En cette journ\u00e9e m\u00e9morable, journ\u00e9e mondiale de la libert\u00e9 de la presse, je vous exhorte particuli\u00e8rement au respect des principes, valeurs et r\u00e8gles de votre profession qui demeure, en d\u00e9pit des difficult\u00e9s, une profession noble de par son attachement \u00e0 faire conna\u00eetre la v\u00e9rit\u00e9 et \u00e0 la transmettre loyalement pour \u00eatre, comme j&rsquo;en suis convaincu, \u00e0 la hauteur de la confiance de votre peuple.<\/p>\n<p>&#013;<\/p>\n<p>En vous adressant les meilleurs v\u0153ux \u00e0 l\u2019occasion de votre journ\u00e9e mondiale, je f\u00e9licite le peuple alg\u00e9rien pour sa presse qui aspire \u00e0 davantage de professionnalisme et \u00e0 \u00eatre au service d&rsquo;une Alg\u00e9rie dont elle fait la fiert\u00e9 parmi les nations.\u00a0<\/p>\n<\/div>\n<p>&#013;<br \/>\nSource: <a href=\"http:\/\/www.aps.dz\/algerie\/56893-message-du-president-de-la-republique-a-l-occasion-de-la-journee-mondiale-de-la-liberte-de-la-presse-texte-integral\" target=\"_blank\">Message du pr\u00e9sident de la R\u00e9publique \u00e0 l&rsquo;occasion de la journ\u00e9e mondiale de la libert\u00e9 de la presse (Texte int\u00e9gral)<\/a><\/p>\n<!--CusAds0-->\n<div style=\"font-size: 0px; height: 0px; line-height: 0px; margin: 0; padding: 0; clear: both;\"><\/div>","protected":false},"excerpt":{"rendered":"<p>ALGER &#8211; Le pr\u00e9sident de la R\u00e9publique, Abdelaziz Bouteflika, a adress\u00e9 mardi un message \u00e0 la famille de la presse alg\u00e9rienne \u00e0 l&rsquo;occasion de la c\u00e9l\u00e9bration de la journ\u00e9e mondiale de la libert\u00e9 de la presse. &#013; &#013; En voici la traduction APS: &#013; \u00a0 &#013; \u00ab\u00a0Mesdames, Messieurs , &#013; Je ne peux, en cette<\/p>\n","protected":false},"author":6,"featured_media":11369,"comment_status":"open","ping_status":"open","sticky":false,"template":"","format":"standard","meta":{"footnotes":""},"categories":[22],"tags":[93],"class_list":["post-11368","post","type-post","status-publish","format-standard","has-post-thumbnail","hentry","category-infos","tag-onu"],"yoast_head":"<!-- This site is optimized with the Yoast SEO plugin v27.5 - https:\/\/yoast.com\/product\/yoast-seo-wordpress\/ -->\n<title>Message du pr\u00e9sident de la R\u00e9publique \u00e0 l&#039;occasion de la journ\u00e9e mondiale de la libert\u00e9 de la presse (Texte int\u00e9gral) - info algerie<\/title>\n<meta name=\"robots\" content=\"index, follow, max-snippet:-1, max-image-preview:large, max-video-preview:-1\" \/>\n<link rel=\"canonical\" href=\"https:\/\/www.info-algerie.com\/actualites\/message-du-president-de-la-republique-a-loccasion-de-la-journee-mondiale-de-la-liberte-de-la-presse-texte-integral\/\" \/>\n<meta property=\"og:locale\" content=\"fr_FR\" \/>\n<meta property=\"og:type\" content=\"article\" \/>\n<meta property=\"og:title\" content=\"Message du pr\u00e9sident de la R\u00e9publique \u00e0 l&#039;occasion de la journ\u00e9e mondiale de la libert\u00e9 de la presse (Texte int\u00e9gral) - info algerie\" \/>\n<meta property=\"og:description\" content=\"ALGER &#8211; Le pr\u00e9sident de la R\u00e9publique, Abdelaziz Bouteflika, a adress\u00e9 mardi un message \u00e0 la famille de la presse alg\u00e9rienne \u00e0 l&rsquo;occasion de la c\u00e9l\u00e9bration de la journ\u00e9e mondiale de la libert\u00e9 de la presse. &#013; &#013; En voici la traduction APS: &#013; \u00a0 &#013; \u00ab\u00a0Mesdames, Messieurs , &#013; Je ne peux, en cette\" \/>\n<meta property=\"og:url\" content=\"https:\/\/www.info-algerie.com\/actualites\/message-du-president-de-la-republique-a-loccasion-de-la-journee-mondiale-de-la-liberte-de-la-presse-texte-integral\/\" \/>\n<meta property=\"og:site_name\" content=\"info algerie\" \/>\n<meta property=\"article:publisher\" content=\"https:\/\/www.facebook.com\/infoalgerieactu\" \/>\n<meta property=\"article:published_time\" content=\"2017-05-02T21:27:38+00:00\" \/>\n<meta property=\"og:image\" content=\"https:\/\/www.info-algerie.com\/actualites\/wp-content\/uploads\/2017\/05\/ce0f6af7c6ed0ad1e7cd7f203ac862af_S-1.jpg\" \/>\n\t<meta property=\"og:image:width\" content=\"280\" \/>\n\t<meta property=\"og:image:height\" content=\"169\" \/>\n\t<meta property=\"og:image:type\" content=\"image\/jpeg\" \/>\n<meta name=\"author\" content=\"La r\u00e9daction\" \/>\n<meta name=\"twitter:label1\" content=\"\u00c9crit par\" \/>\n\t<meta name=\"twitter:data1\" content=\"La r\u00e9daction\" \/>\n\t<meta name=\"twitter:label2\" content=\"Dur\u00e9e de lecture estim\u00e9e\" \/>\n\t<meta name=\"twitter:data2\" content=\"9 minutes\" \/>\n<script type=\"application\/ld+json\" class=\"yoast-schema-graph\">{\"@context\":\"https:\\\/\\\/schema.org\",\"@graph\":[{\"@type\":\"Article\",\"@id\":\"https:\\\/\\\/www.info-algerie.com\\\/actualites\\\/message-du-president-de-la-republique-a-loccasion-de-la-journee-mondiale-de-la-liberte-de-la-presse-texte-integral\\\/#article\",\"isPartOf\":{\"@id\":\"https:\\\/\\\/www.info-algerie.com\\\/actualites\\\/message-du-president-de-la-republique-a-loccasion-de-la-journee-mondiale-de-la-liberte-de-la-presse-texte-integral\\\/\"},\"author\":{\"name\":\"La r\u00e9daction\",\"@id\":\"https:\\\/\\\/www.info-algerie.com\\\/actualites\\\/#\\\/schema\\\/person\\\/847aaec44920825b843a08f30ec6aa1e\"},\"headline\":\"Message du pr\u00e9sident de la R\u00e9publique \u00e0 l&#039;occasion de la journ\u00e9e mondiale de la libert\u00e9 de la presse (Texte int\u00e9gral)\",\"datePublished\":\"2017-05-02T21:27:38+00:00\",\"mainEntityOfPage\":{\"@id\":\"https:\\\/\\\/www.info-algerie.com\\\/actualites\\\/message-du-president-de-la-republique-a-loccasion-de-la-journee-mondiale-de-la-liberte-de-la-presse-texte-integral\\\/\"},\"wordCount\":1876,\"commentCount\":0,\"publisher\":{\"@id\":\"https:\\\/\\\/www.info-algerie.com\\\/actualites\\\/#organization\"},\"image\":{\"@id\":\"https:\\\/\\\/www.info-algerie.com\\\/actualites\\\/message-du-president-de-la-republique-a-loccasion-de-la-journee-mondiale-de-la-liberte-de-la-presse-texte-integral\\\/#primaryimage\"},\"thumbnailUrl\":\"https:\\\/\\\/www.info-algerie.com\\\/actualites\\\/wp-content\\\/uploads\\\/2017\\\/05\\\/ce0f6af7c6ed0ad1e7cd7f203ac862af_S-1.jpg\",\"keywords\":[\"ONU\"],\"articleSection\":[\"infos\"],\"inLanguage\":\"fr-FR\",\"potentialAction\":[{\"@type\":\"CommentAction\",\"name\":\"Comment\",\"target\":[\"https:\\\/\\\/www.info-algerie.com\\\/actualites\\\/message-du-president-de-la-republique-a-loccasion-de-la-journee-mondiale-de-la-liberte-de-la-presse-texte-integral\\\/#respond\"]}]},{\"@type\":\"WebPage\",\"@id\":\"https:\\\/\\\/www.info-algerie.com\\\/actualites\\\/message-du-president-de-la-republique-a-loccasion-de-la-journee-mondiale-de-la-liberte-de-la-presse-texte-integral\\\/\",\"url\":\"https:\\\/\\\/www.info-algerie.com\\\/actualites\\\/message-du-president-de-la-republique-a-loccasion-de-la-journee-mondiale-de-la-liberte-de-la-presse-texte-integral\\\/\",\"name\":\"Message du pr\u00e9sident de la R\u00e9publique \u00e0 l&#039;occasion de la journ\u00e9e mondiale de la libert\u00e9 de la presse (Texte int\u00e9gral) - info algerie\",\"isPartOf\":{\"@id\":\"https:\\\/\\\/www.info-algerie.com\\\/actualites\\\/#website\"},\"primaryImageOfPage\":{\"@id\":\"https:\\\/\\\/www.info-algerie.com\\\/actualites\\\/message-du-president-de-la-republique-a-loccasion-de-la-journee-mondiale-de-la-liberte-de-la-presse-texte-integral\\\/#primaryimage\"},\"image\":{\"@id\":\"https:\\\/\\\/www.info-algerie.com\\\/actualites\\\/message-du-president-de-la-republique-a-loccasion-de-la-journee-mondiale-de-la-liberte-de-la-presse-texte-integral\\\/#primaryimage\"},\"thumbnailUrl\":\"https:\\\/\\\/www.info-algerie.com\\\/actualites\\\/wp-content\\\/uploads\\\/2017\\\/05\\\/ce0f6af7c6ed0ad1e7cd7f203ac862af_S-1.jpg\",\"datePublished\":\"2017-05-02T21:27:38+00:00\",\"breadcrumb\":{\"@id\":\"https:\\\/\\\/www.info-algerie.com\\\/actualites\\\/message-du-president-de-la-republique-a-loccasion-de-la-journee-mondiale-de-la-liberte-de-la-presse-texte-integral\\\/#breadcrumb\"},\"inLanguage\":\"fr-FR\",\"potentialAction\":[{\"@type\":\"ReadAction\",\"target\":[\"https:\\\/\\\/www.info-algerie.com\\\/actualites\\\/message-du-president-de-la-republique-a-loccasion-de-la-journee-mondiale-de-la-liberte-de-la-presse-texte-integral\\\/\"]}]},{\"@type\":\"ImageObject\",\"inLanguage\":\"fr-FR\",\"@id\":\"https:\\\/\\\/www.info-algerie.com\\\/actualites\\\/message-du-president-de-la-republique-a-loccasion-de-la-journee-mondiale-de-la-liberte-de-la-presse-texte-integral\\\/#primaryimage\",\"url\":\"https:\\\/\\\/www.info-algerie.com\\\/actualites\\\/wp-content\\\/uploads\\\/2017\\\/05\\\/ce0f6af7c6ed0ad1e7cd7f203ac862af_S-1.jpg\",\"contentUrl\":\"https:\\\/\\\/www.info-algerie.com\\\/actualites\\\/wp-content\\\/uploads\\\/2017\\\/05\\\/ce0f6af7c6ed0ad1e7cd7f203ac862af_S-1.jpg\",\"width\":280,\"height\":169},{\"@type\":\"BreadcrumbList\",\"@id\":\"https:\\\/\\\/www.info-algerie.com\\\/actualites\\\/message-du-president-de-la-republique-a-loccasion-de-la-journee-mondiale-de-la-liberte-de-la-presse-texte-integral\\\/#breadcrumb\",\"itemListElement\":[{\"@type\":\"ListItem\",\"position\":1,\"name\":\"Accueil\",\"item\":\"https:\\\/\\\/www.info-algerie.com\\\/actualites\\\/\"},{\"@type\":\"ListItem\",\"position\":2,\"name\":\"Message du pr\u00e9sident de la R\u00e9publique \u00e0 l&#039;occasion de la journ\u00e9e mondiale de la libert\u00e9 de la presse (Texte int\u00e9gral)\"}]},{\"@type\":\"WebSite\",\"@id\":\"https:\\\/\\\/www.info-algerie.com\\\/actualites\\\/#website\",\"url\":\"https:\\\/\\\/www.info-algerie.com\\\/actualites\\\/\",\"name\":\"info algerie\",\"description\":\"Toutes les actualit\u00e9s\",\"publisher\":{\"@id\":\"https:\\\/\\\/www.info-algerie.com\\\/actualites\\\/#organization\"},\"potentialAction\":[{\"@type\":\"SearchAction\",\"target\":{\"@type\":\"EntryPoint\",\"urlTemplate\":\"https:\\\/\\\/www.info-algerie.com\\\/actualites\\\/?s={search_term_string}\"},\"query-input\":{\"@type\":\"PropertyValueSpecification\",\"valueRequired\":true,\"valueName\":\"search_term_string\"}}],\"inLanguage\":\"fr-FR\"},{\"@type\":\"Organization\",\"@id\":\"https:\\\/\\\/www.info-algerie.com\\\/actualites\\\/#organization\",\"name\":\"info algerie\",\"url\":\"https:\\\/\\\/www.info-algerie.com\\\/actualites\\\/\",\"logo\":{\"@type\":\"ImageObject\",\"inLanguage\":\"fr-FR\",\"@id\":\"https:\\\/\\\/www.info-algerie.com\\\/actualites\\\/#\\\/schema\\\/logo\\\/image\\\/\",\"url\":\"https:\\\/\\\/www.info-algerie.com\\\/actualites\\\/wp-content\\\/uploads\\\/2022\\\/07\\\/logo-ia-120.png\",\"contentUrl\":\"https:\\\/\\\/www.info-algerie.com\\\/actualites\\\/wp-content\\\/uploads\\\/2022\\\/07\\\/logo-ia-120.png\",\"width\":120,\"height\":43,\"caption\":\"info algerie\"},\"image\":{\"@id\":\"https:\\\/\\\/www.info-algerie.com\\\/actualites\\\/#\\\/schema\\\/logo\\\/image\\\/\"},\"sameAs\":[\"https:\\\/\\\/www.facebook.com\\\/infoalgerieactu\",\"https:\\\/\\\/x.com\\\/infoalgerie1\"]},{\"@type\":\"Person\",\"@id\":\"https:\\\/\\\/www.info-algerie.com\\\/actualites\\\/#\\\/schema\\\/person\\\/847aaec44920825b843a08f30ec6aa1e\",\"name\":\"La r\u00e9daction\",\"image\":{\"@type\":\"ImageObject\",\"inLanguage\":\"fr-FR\",\"@id\":\"https:\\\/\\\/secure.gravatar.com\\\/avatar\\\/769db425c6f465158149f1ffd6cf61ce7a8a879d11dfbef8288af36dfddd418c?s=96&d=mm&r=g\",\"url\":\"https:\\\/\\\/secure.gravatar.com\\\/avatar\\\/769db425c6f465158149f1ffd6cf61ce7a8a879d11dfbef8288af36dfddd418c?s=96&d=mm&r=g\",\"contentUrl\":\"https:\\\/\\\/secure.gravatar.com\\\/avatar\\\/769db425c6f465158149f1ffd6cf61ce7a8a879d11dfbef8288af36dfddd418c?s=96&d=mm&r=g\",\"caption\":\"La r\u00e9daction\"},\"sameAs\":[\"http:\\\/\\\/www.lkeria.com\\\/\"],\"url\":\"https:\\\/\\\/www.info-algerie.com\\\/actualites\\\/author\\\/chakib32\\\/\"}]}<\/script>\n<!-- \/ Yoast SEO plugin. -->","yoast_head_json":{"title":"Message du pr\u00e9sident de la R\u00e9publique \u00e0 l&#039;occasion de la journ\u00e9e mondiale de la libert\u00e9 de la presse (Texte int\u00e9gral) - info algerie","robots":{"index":"index","follow":"follow","max-snippet":"max-snippet:-1","max-image-preview":"max-image-preview:large","max-video-preview":"max-video-preview:-1"},"canonical":"https:\/\/www.info-algerie.com\/actualites\/message-du-president-de-la-republique-a-loccasion-de-la-journee-mondiale-de-la-liberte-de-la-presse-texte-integral\/","og_locale":"fr_FR","og_type":"article","og_title":"Message du pr\u00e9sident de la R\u00e9publique \u00e0 l&#039;occasion de la journ\u00e9e mondiale de la libert\u00e9 de la presse (Texte int\u00e9gral) - info algerie","og_description":"ALGER &#8211; Le pr\u00e9sident de la R\u00e9publique, Abdelaziz Bouteflika, a adress\u00e9 mardi un message \u00e0 la famille de la presse alg\u00e9rienne \u00e0 l&rsquo;occasion de la c\u00e9l\u00e9bration de la journ\u00e9e mondiale de la libert\u00e9 de la presse. &#013; &#013; En voici la traduction APS: &#013; \u00a0 &#013; \u00ab\u00a0Mesdames, Messieurs , &#013; Je ne peux, en cette","og_url":"https:\/\/www.info-algerie.com\/actualites\/message-du-president-de-la-republique-a-loccasion-de-la-journee-mondiale-de-la-liberte-de-la-presse-texte-integral\/","og_site_name":"info algerie","article_publisher":"https:\/\/www.facebook.com\/infoalgerieactu","article_published_time":"2017-05-02T21:27:38+00:00","og_image":[{"width":280,"height":169,"url":"https:\/\/www.info-algerie.com\/actualites\/wp-content\/uploads\/2017\/05\/ce0f6af7c6ed0ad1e7cd7f203ac862af_S-1.jpg","type":"image\/jpeg"}],"author":"La r\u00e9daction","twitter_misc":{"\u00c9crit par":"La r\u00e9daction","Dur\u00e9e de lecture estim\u00e9e":"9 minutes"},"schema":{"@context":"https:\/\/schema.org","@graph":[{"@type":"Article","@id":"https:\/\/www.info-algerie.com\/actualites\/message-du-president-de-la-republique-a-loccasion-de-la-journee-mondiale-de-la-liberte-de-la-presse-texte-integral\/#article","isPartOf":{"@id":"https:\/\/www.info-algerie.com\/actualites\/message-du-president-de-la-republique-a-loccasion-de-la-journee-mondiale-de-la-liberte-de-la-presse-texte-integral\/"},"author":{"name":"La r\u00e9daction","@id":"https:\/\/www.info-algerie.com\/actualites\/#\/schema\/person\/847aaec44920825b843a08f30ec6aa1e"},"headline":"Message du pr\u00e9sident de la R\u00e9publique \u00e0 l&#039;occasion de la journ\u00e9e mondiale de la libert\u00e9 de la presse (Texte int\u00e9gral)","datePublished":"2017-05-02T21:27:38+00:00","mainEntityOfPage":{"@id":"https:\/\/www.info-algerie.com\/actualites\/message-du-president-de-la-republique-a-loccasion-de-la-journee-mondiale-de-la-liberte-de-la-presse-texte-integral\/"},"wordCount":1876,"commentCount":0,"publisher":{"@id":"https:\/\/www.info-algerie.com\/actualites\/#organization"},"image":{"@id":"https:\/\/www.info-algerie.com\/actualites\/message-du-president-de-la-republique-a-loccasion-de-la-journee-mondiale-de-la-liberte-de-la-presse-texte-integral\/#primaryimage"},"thumbnailUrl":"https:\/\/www.info-algerie.com\/actualites\/wp-content\/uploads\/2017\/05\/ce0f6af7c6ed0ad1e7cd7f203ac862af_S-1.jpg","keywords":["ONU"],"articleSection":["infos"],"inLanguage":"fr-FR","potentialAction":[{"@type":"CommentAction","name":"Comment","target":["https:\/\/www.info-algerie.com\/actualites\/message-du-president-de-la-republique-a-loccasion-de-la-journee-mondiale-de-la-liberte-de-la-presse-texte-integral\/#respond"]}]},{"@type":"WebPage","@id":"https:\/\/www.info-algerie.com\/actualites\/message-du-president-de-la-republique-a-loccasion-de-la-journee-mondiale-de-la-liberte-de-la-presse-texte-integral\/","url":"https:\/\/www.info-algerie.com\/actualites\/message-du-president-de-la-republique-a-loccasion-de-la-journee-mondiale-de-la-liberte-de-la-presse-texte-integral\/","name":"Message du pr\u00e9sident de la R\u00e9publique \u00e0 l&#039;occasion de la journ\u00e9e mondiale de la libert\u00e9 de la presse (Texte int\u00e9gral) - info algerie","isPartOf":{"@id":"https:\/\/www.info-algerie.com\/actualites\/#website"},"primaryImageOfPage":{"@id":"https:\/\/www.info-algerie.com\/actualites\/message-du-president-de-la-republique-a-loccasion-de-la-journee-mondiale-de-la-liberte-de-la-presse-texte-integral\/#primaryimage"},"image":{"@id":"https:\/\/www.info-algerie.com\/actualites\/message-du-president-de-la-republique-a-loccasion-de-la-journee-mondiale-de-la-liberte-de-la-presse-texte-integral\/#primaryimage"},"thumbnailUrl":"https:\/\/www.info-algerie.com\/actualites\/wp-content\/uploads\/2017\/05\/ce0f6af7c6ed0ad1e7cd7f203ac862af_S-1.jpg","datePublished":"2017-05-02T21:27:38+00:00","breadcrumb":{"@id":"https:\/\/www.info-algerie.com\/actualites\/message-du-president-de-la-republique-a-loccasion-de-la-journee-mondiale-de-la-liberte-de-la-presse-texte-integral\/#breadcrumb"},"inLanguage":"fr-FR","potentialAction":[{"@type":"ReadAction","target":["https:\/\/www.info-algerie.com\/actualites\/message-du-president-de-la-republique-a-loccasion-de-la-journee-mondiale-de-la-liberte-de-la-presse-texte-integral\/"]}]},{"@type":"ImageObject","inLanguage":"fr-FR","@id":"https:\/\/www.info-algerie.com\/actualites\/message-du-president-de-la-republique-a-loccasion-de-la-journee-mondiale-de-la-liberte-de-la-presse-texte-integral\/#primaryimage","url":"https:\/\/www.info-algerie.com\/actualites\/wp-content\/uploads\/2017\/05\/ce0f6af7c6ed0ad1e7cd7f203ac862af_S-1.jpg","contentUrl":"https:\/\/www.info-algerie.com\/actualites\/wp-content\/uploads\/2017\/05\/ce0f6af7c6ed0ad1e7cd7f203ac862af_S-1.jpg","width":280,"height":169},{"@type":"BreadcrumbList","@id":"https:\/\/www.info-algerie.com\/actualites\/message-du-president-de-la-republique-a-loccasion-de-la-journee-mondiale-de-la-liberte-de-la-presse-texte-integral\/#breadcrumb","itemListElement":[{"@type":"ListItem","position":1,"name":"Accueil","item":"https:\/\/www.info-algerie.com\/actualites\/"},{"@type":"ListItem","position":2,"name":"Message du pr\u00e9sident de la R\u00e9publique \u00e0 l&#039;occasion de la journ\u00e9e mondiale de la libert\u00e9 de la presse (Texte int\u00e9gral)"}]},{"@type":"WebSite","@id":"https:\/\/www.info-algerie.com\/actualites\/#website","url":"https:\/\/www.info-algerie.com\/actualites\/","name":"info algerie","description":"Toutes les actualit\u00e9s","publisher":{"@id":"https:\/\/www.info-algerie.com\/actualites\/#organization"},"potentialAction":[{"@type":"SearchAction","target":{"@type":"EntryPoint","urlTemplate":"https:\/\/www.info-algerie.com\/actualites\/?s={search_term_string}"},"query-input":{"@type":"PropertyValueSpecification","valueRequired":true,"valueName":"search_term_string"}}],"inLanguage":"fr-FR"},{"@type":"Organization","@id":"https:\/\/www.info-algerie.com\/actualites\/#organization","name":"info algerie","url":"https:\/\/www.info-algerie.com\/actualites\/","logo":{"@type":"ImageObject","inLanguage":"fr-FR","@id":"https:\/\/www.info-algerie.com\/actualites\/#\/schema\/logo\/image\/","url":"https:\/\/www.info-algerie.com\/actualites\/wp-content\/uploads\/2022\/07\/logo-ia-120.png","contentUrl":"https:\/\/www.info-algerie.com\/actualites\/wp-content\/uploads\/2022\/07\/logo-ia-120.png","width":120,"height":43,"caption":"info algerie"},"image":{"@id":"https:\/\/www.info-algerie.com\/actualites\/#\/schema\/logo\/image\/"},"sameAs":["https:\/\/www.facebook.com\/infoalgerieactu","https:\/\/x.com\/infoalgerie1"]},{"@type":"Person","@id":"https:\/\/www.info-algerie.com\/actualites\/#\/schema\/person\/847aaec44920825b843a08f30ec6aa1e","name":"La r\u00e9daction","image":{"@type":"ImageObject","inLanguage":"fr-FR","@id":"https:\/\/secure.gravatar.com\/avatar\/769db425c6f465158149f1ffd6cf61ce7a8a879d11dfbef8288af36dfddd418c?s=96&d=mm&r=g","url":"https:\/\/secure.gravatar.com\/avatar\/769db425c6f465158149f1ffd6cf61ce7a8a879d11dfbef8288af36dfddd418c?s=96&d=mm&r=g","contentUrl":"https:\/\/secure.gravatar.com\/avatar\/769db425c6f465158149f1ffd6cf61ce7a8a879d11dfbef8288af36dfddd418c?s=96&d=mm&r=g","caption":"La r\u00e9daction"},"sameAs":["http:\/\/www.lkeria.com\/"],"url":"https:\/\/www.info-algerie.com\/actualites\/author\/chakib32\/"}]}},"_links":{"self":[{"href":"https:\/\/www.info-algerie.com\/actualites\/wp-json\/wp\/v2\/posts\/11368","targetHints":{"allow":["GET"]}}],"collection":[{"href":"https:\/\/www.info-algerie.com\/actualites\/wp-json\/wp\/v2\/posts"}],"about":[{"href":"https:\/\/www.info-algerie.com\/actualites\/wp-json\/wp\/v2\/types\/post"}],"author":[{"embeddable":true,"href":"https:\/\/www.info-algerie.com\/actualites\/wp-json\/wp\/v2\/users\/6"}],"replies":[{"embeddable":true,"href":"https:\/\/www.info-algerie.com\/actualites\/wp-json\/wp\/v2\/comments?post=11368"}],"version-history":[{"count":0,"href":"https:\/\/www.info-algerie.com\/actualites\/wp-json\/wp\/v2\/posts\/11368\/revisions"}],"wp:featuredmedia":[{"embeddable":true,"href":"https:\/\/www.info-algerie.com\/actualites\/wp-json\/wp\/v2\/media\/11369"}],"wp:attachment":[{"href":"https:\/\/www.info-algerie.com\/actualites\/wp-json\/wp\/v2\/media?parent=11368"}],"wp:term":[{"taxonomy":"category","embeddable":true,"href":"https:\/\/www.info-algerie.com\/actualites\/wp-json\/wp\/v2\/categories?post=11368"},{"taxonomy":"post_tag","embeddable":true,"href":"https:\/\/www.info-algerie.com\/actualites\/wp-json\/wp\/v2\/tags?post=11368"}],"curies":[{"name":"wp","href":"https:\/\/api.w.org\/{rel}","templated":true}]}}