{"id":11385,"date":"2017-05-03T11:29:56","date_gmt":"2017-05-03T10:29:56","guid":{"rendered":"http:\/\/www.info-algerie.com\/actualites\/la-couverture-mediatique-etait-propre-et-a-la-hauteur\/"},"modified":"2017-05-03T11:29:56","modified_gmt":"2017-05-03T10:29:56","slug":"la-couverture-mediatique-etait-propre-et-a-la-hauteur","status":"publish","type":"post","link":"https:\/\/www.info-algerie.com\/actualites\/la-couverture-mediatique-etait-propre-et-a-la-hauteur\/","title":{"rendered":"La couverture m\u00e9diatique \u00e9tait &quot;propre et \u00e0 la hauteur&quot;"},"content":{"rendered":"<div class=\"K2FeedImage\"><img decoding=\"async\" src=\"https:\/\/www.info-algerie.com\/actualites\/wp-content\/uploads\/2017\/05\/61e5126a725dd4998545c5700b40914a_S.jpg\" \/><\/div>\n<div class=\"K2FeedIntroText\">\n<p>ALGER &#8211; Le ministre de la Communication, Hamid Grine, a affirm\u00e9 mercredi \u00e0 Alger, que la couverture m\u00e9diatique de la campagne \u00e9lectorale pour les l\u00e9gislatives du 4 mai \u00e9tait \u00ab\u00a0propre et \u00e0 la hauteur\u00a0\u00bb, hormis quelques d\u00e9passements dus au manque d&rsquo;exp\u00e9rience de certaines cha\u00eenes priv\u00e9es autoris\u00e9es \u00e0 assurer la couverture de cet \u00e9v\u00e8nement.<\/p>\n<p>&#013;\n<\/p><\/div>\n<div class=\"K2FeedFullText\">&#013;<\/p>\n<p>Invit\u00e9 de l&rsquo;\u00e9mission \u00ab\u00a0Dhayf Essabah\u00a0\u00bb (Invit\u00e9 du matin) de la cha\u00eene I de la radio nationale, M. Grine a salu\u00e9 le travail des m\u00e9dias autoris\u00e9s \u00e0 assurer la couverture de la campagne \u00e9lectorale en pr\u00e9vision des l\u00e9gislatives pr\u00e9vues jeudi 4 mai, pr\u00e9cisant que les journalistes ont exerc\u00e9 \u00ab\u00a0en toute libert\u00e9 dans le strict respect de la d\u00e9ontologie de la profession\u00a0\u00bb, hormis quelques d\u00e9passements dus au manque d&rsquo;exp\u00e9rience de certaines cha\u00eenes priv\u00e9es.<\/p>\n<p>&#013;<\/p>\n<p>Evoquant les appels de certaines parties au boycott r\u00e9percut\u00e9s par certains m\u00e9dias, il a indiqu\u00e9 que \u00ab\u00a0toute personne qui opte pour le boycott devra assumer ses responsabilit\u00e9s\u00a0\u00bb, rappelant que la charte relative \u00e0 la couverture m\u00e9diatique des l\u00e9gislatives remise aux responsables des m\u00e9dias audiovisuels autoris\u00e9s \u00e0 couvrir l&rsquo;\u00e9v\u00e8nement, souligne qu'\u00a0\u00bbil est\u00a0 pr\u00e9f\u00e9rable pour le journaliste de ne pas traiter ces positions\u00a0\u00bb.<\/p>\n<p>&#013;<\/p>\n<p>\u00ab\u00a0II est inconcevable d&rsquo;aller \u00e0 l&rsquo;encontre de la Constitution amend\u00e9e qui \u00e9nonce clairement la libert\u00e9 d&rsquo;expression absolue mais il demeure n\u00e9anmoins imp\u00e9ratif de rappeler que l&rsquo;Alg\u00e9rie traverse aujourd&rsquo;hui une \u00e9tape d\u00e9cisive qui en appelle \u00e0 la mobilisation de tout un chacun dans l&rsquo;int\u00e9r\u00eat du pays\u00a0\u00bb, a-t-il argu\u00e9.<\/p>\n<p>&#013;<\/p>\n<p>D&rsquo;autre part, M. Grine a estim\u00e9, s&rsquo;agissant de la n\u00e9cessit\u00e9 pour la presse d&rsquo;exercer le r\u00f4le qui lui incombe, que cela \u00ab\u00a0ne signifie en aucune mani\u00e8re, la focalisation sur les aspects positifs en occultant ceux n\u00e9gatifs\u00a0\u00bb, faisant remarquer que \u00ab\u00a0les m\u00e9dias nationaux sont tenus de transmettre la v\u00e9rit\u00e9 telle quelle\u00a0\u00bb.<\/p>\n<p>&#013;<\/p>\n<p>Avant le d\u00e9but de la campagne \u00e9lectorale pour les l\u00e9gislatives du 4 mai, le minist\u00e8re de la Communication avait adress\u00e9 aux responsables des m\u00e9dias audiovisuels autoris\u00e9s \u00e0 couvrir cet \u00e9v\u00e8nement \u00e0 travers une circulaire.<\/p>\n<p>&#013;<\/p>\n<p class=\"MsoNormal\">Celle-ci insiste sur la n\u00e9cessit\u00e9 de veiller au strict respect des dispositions \u00e9nonc\u00e9es par la l\u00e9gislation et la r\u00e8glementation en vigueur ainsi que les r\u00e8gles de d\u00e9ontologie outre la charte appelant \u00e0 observer une ligne \u00e9ditoriale \u00ab\u00a0neutre et objective\u00a0\u00bb tout en faisant montre de sens de responsabilit\u00e9.<\/p>\n<\/div>\n<p>&#013;<br \/>\nSource: <a href=\"http:\/\/www.aps.dz\/algerie\/56910-la-couverture-mediatique-etait-propre-et-a-la-hauteur\" target=\"_blank\">La couverture m\u00e9diatique \u00e9tait \u00ab\u00a0propre et \u00e0 la hauteur\u00a0\u00bb<\/a><\/p>\n<!--CusAds0-->\n<div style=\"font-size: 0px; height: 0px; line-height: 0px; margin: 0; padding: 0; clear: both;\"><\/div>","protected":false},"excerpt":{"rendered":"<p>ALGER &#8211; Le ministre de la Communication, Hamid Grine, a affirm\u00e9 mercredi \u00e0 Alger, que la couverture m\u00e9diatique de la campagne \u00e9lectorale pour les l\u00e9gislatives du 4 mai \u00e9tait \u00ab\u00a0propre et \u00e0 la hauteur\u00a0\u00bb, hormis quelques d\u00e9passements dus au manque d&rsquo;exp\u00e9rience de certaines cha\u00eenes priv\u00e9es autoris\u00e9es \u00e0 assurer la couverture de cet \u00e9v\u00e8nement. &#013; &#013;<\/p>\n","protected":false},"author":6,"featured_media":11386,"comment_status":"open","ping_status":"open","sticky":false,"template":"","format":"standard","meta":{"footnotes":""},"categories":[22],"tags":[93],"class_list":["post-11385","post","type-post","status-publish","format-standard","has-post-thumbnail","hentry","category-infos","tag-onu"],"yoast_head":"<!-- This site is optimized with the Yoast SEO plugin v27.5 - https:\/\/yoast.com\/product\/yoast-seo-wordpress\/ -->\n<title>La couverture m\u00e9diatique \u00e9tait &quot;propre et \u00e0 la hauteur&quot; - info algerie<\/title>\n<meta name=\"robots\" content=\"index, follow, max-snippet:-1, max-image-preview:large, max-video-preview:-1\" \/>\n<link rel=\"canonical\" href=\"https:\/\/www.info-algerie.com\/actualites\/la-couverture-mediatique-etait-propre-et-a-la-hauteur\/\" \/>\n<meta property=\"og:locale\" content=\"fr_FR\" \/>\n<meta property=\"og:type\" content=\"article\" \/>\n<meta property=\"og:title\" content=\"La couverture m\u00e9diatique \u00e9tait &quot;propre et \u00e0 la hauteur&quot; - info algerie\" \/>\n<meta property=\"og:description\" content=\"ALGER &#8211; Le ministre de la Communication, Hamid Grine, a affirm\u00e9 mercredi \u00e0 Alger, que la couverture m\u00e9diatique de la campagne \u00e9lectorale pour les l\u00e9gislatives du 4 mai \u00e9tait \u00ab\u00a0propre et \u00e0 la hauteur\u00a0\u00bb, hormis quelques d\u00e9passements dus au manque d&rsquo;exp\u00e9rience de certaines cha\u00eenes priv\u00e9es autoris\u00e9es \u00e0 assurer la couverture de cet \u00e9v\u00e8nement. &#013; &#013;\" \/>\n<meta property=\"og:url\" content=\"https:\/\/www.info-algerie.com\/actualites\/la-couverture-mediatique-etait-propre-et-a-la-hauteur\/\" \/>\n<meta property=\"og:site_name\" content=\"info algerie\" \/>\n<meta property=\"article:publisher\" content=\"https:\/\/www.facebook.com\/infoalgerieactu\" \/>\n<meta property=\"article:published_time\" content=\"2017-05-03T10:29:56+00:00\" \/>\n<meta property=\"og:image\" content=\"https:\/\/www.info-algerie.com\/actualites\/wp-content\/uploads\/2017\/05\/61e5126a725dd4998545c5700b40914a_S-1.jpg\" \/>\n\t<meta property=\"og:image:width\" content=\"280\" \/>\n\t<meta property=\"og:image:height\" content=\"169\" \/>\n\t<meta property=\"og:image:type\" content=\"image\/jpeg\" \/>\n<meta name=\"author\" content=\"La r\u00e9daction\" \/>\n<meta name=\"twitter:label1\" content=\"\u00c9crit par\" \/>\n\t<meta name=\"twitter:data1\" content=\"La r\u00e9daction\" \/>\n\t<meta name=\"twitter:label2\" content=\"Dur\u00e9e de lecture estim\u00e9e\" \/>\n\t<meta name=\"twitter:data2\" content=\"2 minutes\" \/>\n<script type=\"application\/ld+json\" class=\"yoast-schema-graph\">{\"@context\":\"https:\\\/\\\/schema.org\",\"@graph\":[{\"@type\":\"Article\",\"@id\":\"https:\\\/\\\/www.info-algerie.com\\\/actualites\\\/la-couverture-mediatique-etait-propre-et-a-la-hauteur\\\/#article\",\"isPartOf\":{\"@id\":\"https:\\\/\\\/www.info-algerie.com\\\/actualites\\\/la-couverture-mediatique-etait-propre-et-a-la-hauteur\\\/\"},\"author\":{\"name\":\"La r\u00e9daction\",\"@id\":\"https:\\\/\\\/www.info-algerie.com\\\/actualites\\\/#\\\/schema\\\/person\\\/847aaec44920825b843a08f30ec6aa1e\"},\"headline\":\"La couverture m\u00e9diatique \u00e9tait &quot;propre et \u00e0 la hauteur&quot;\",\"datePublished\":\"2017-05-03T10:29:56+00:00\",\"mainEntityOfPage\":{\"@id\":\"https:\\\/\\\/www.info-algerie.com\\\/actualites\\\/la-couverture-mediatique-etait-propre-et-a-la-hauteur\\\/\"},\"wordCount\":440,\"commentCount\":0,\"publisher\":{\"@id\":\"https:\\\/\\\/www.info-algerie.com\\\/actualites\\\/#organization\"},\"image\":{\"@id\":\"https:\\\/\\\/www.info-algerie.com\\\/actualites\\\/la-couverture-mediatique-etait-propre-et-a-la-hauteur\\\/#primaryimage\"},\"thumbnailUrl\":\"https:\\\/\\\/www.info-algerie.com\\\/actualites\\\/wp-content\\\/uploads\\\/2017\\\/05\\\/61e5126a725dd4998545c5700b40914a_S-1.jpg\",\"keywords\":[\"ONU\"],\"articleSection\":[\"infos\"],\"inLanguage\":\"fr-FR\",\"potentialAction\":[{\"@type\":\"CommentAction\",\"name\":\"Comment\",\"target\":[\"https:\\\/\\\/www.info-algerie.com\\\/actualites\\\/la-couverture-mediatique-etait-propre-et-a-la-hauteur\\\/#respond\"]}]},{\"@type\":\"WebPage\",\"@id\":\"https:\\\/\\\/www.info-algerie.com\\\/actualites\\\/la-couverture-mediatique-etait-propre-et-a-la-hauteur\\\/\",\"url\":\"https:\\\/\\\/www.info-algerie.com\\\/actualites\\\/la-couverture-mediatique-etait-propre-et-a-la-hauteur\\\/\",\"name\":\"La couverture m\u00e9diatique \u00e9tait &quot;propre et \u00e0 la hauteur&quot; - info algerie\",\"isPartOf\":{\"@id\":\"https:\\\/\\\/www.info-algerie.com\\\/actualites\\\/#website\"},\"primaryImageOfPage\":{\"@id\":\"https:\\\/\\\/www.info-algerie.com\\\/actualites\\\/la-couverture-mediatique-etait-propre-et-a-la-hauteur\\\/#primaryimage\"},\"image\":{\"@id\":\"https:\\\/\\\/www.info-algerie.com\\\/actualites\\\/la-couverture-mediatique-etait-propre-et-a-la-hauteur\\\/#primaryimage\"},\"thumbnailUrl\":\"https:\\\/\\\/www.info-algerie.com\\\/actualites\\\/wp-content\\\/uploads\\\/2017\\\/05\\\/61e5126a725dd4998545c5700b40914a_S-1.jpg\",\"datePublished\":\"2017-05-03T10:29:56+00:00\",\"breadcrumb\":{\"@id\":\"https:\\\/\\\/www.info-algerie.com\\\/actualites\\\/la-couverture-mediatique-etait-propre-et-a-la-hauteur\\\/#breadcrumb\"},\"inLanguage\":\"fr-FR\",\"potentialAction\":[{\"@type\":\"ReadAction\",\"target\":[\"https:\\\/\\\/www.info-algerie.com\\\/actualites\\\/la-couverture-mediatique-etait-propre-et-a-la-hauteur\\\/\"]}]},{\"@type\":\"ImageObject\",\"inLanguage\":\"fr-FR\",\"@id\":\"https:\\\/\\\/www.info-algerie.com\\\/actualites\\\/la-couverture-mediatique-etait-propre-et-a-la-hauteur\\\/#primaryimage\",\"url\":\"https:\\\/\\\/www.info-algerie.com\\\/actualites\\\/wp-content\\\/uploads\\\/2017\\\/05\\\/61e5126a725dd4998545c5700b40914a_S-1.jpg\",\"contentUrl\":\"https:\\\/\\\/www.info-algerie.com\\\/actualites\\\/wp-content\\\/uploads\\\/2017\\\/05\\\/61e5126a725dd4998545c5700b40914a_S-1.jpg\",\"width\":280,\"height\":169},{\"@type\":\"BreadcrumbList\",\"@id\":\"https:\\\/\\\/www.info-algerie.com\\\/actualites\\\/la-couverture-mediatique-etait-propre-et-a-la-hauteur\\\/#breadcrumb\",\"itemListElement\":[{\"@type\":\"ListItem\",\"position\":1,\"name\":\"Accueil\",\"item\":\"https:\\\/\\\/www.info-algerie.com\\\/actualites\\\/\"},{\"@type\":\"ListItem\",\"position\":2,\"name\":\"La couverture m\u00e9diatique \u00e9tait &quot;propre et \u00e0 la hauteur&quot;\"}]},{\"@type\":\"WebSite\",\"@id\":\"https:\\\/\\\/www.info-algerie.com\\\/actualites\\\/#website\",\"url\":\"https:\\\/\\\/www.info-algerie.com\\\/actualites\\\/\",\"name\":\"info algerie\",\"description\":\"Toutes les actualit\u00e9s\",\"publisher\":{\"@id\":\"https:\\\/\\\/www.info-algerie.com\\\/actualites\\\/#organization\"},\"potentialAction\":[{\"@type\":\"SearchAction\",\"target\":{\"@type\":\"EntryPoint\",\"urlTemplate\":\"https:\\\/\\\/www.info-algerie.com\\\/actualites\\\/?s={search_term_string}\"},\"query-input\":{\"@type\":\"PropertyValueSpecification\",\"valueRequired\":true,\"valueName\":\"search_term_string\"}}],\"inLanguage\":\"fr-FR\"},{\"@type\":\"Organization\",\"@id\":\"https:\\\/\\\/www.info-algerie.com\\\/actualites\\\/#organization\",\"name\":\"info algerie\",\"url\":\"https:\\\/\\\/www.info-algerie.com\\\/actualites\\\/\",\"logo\":{\"@type\":\"ImageObject\",\"inLanguage\":\"fr-FR\",\"@id\":\"https:\\\/\\\/www.info-algerie.com\\\/actualites\\\/#\\\/schema\\\/logo\\\/image\\\/\",\"url\":\"https:\\\/\\\/www.info-algerie.com\\\/actualites\\\/wp-content\\\/uploads\\\/2022\\\/07\\\/logo-ia-120.png\",\"contentUrl\":\"https:\\\/\\\/www.info-algerie.com\\\/actualites\\\/wp-content\\\/uploads\\\/2022\\\/07\\\/logo-ia-120.png\",\"width\":120,\"height\":43,\"caption\":\"info algerie\"},\"image\":{\"@id\":\"https:\\\/\\\/www.info-algerie.com\\\/actualites\\\/#\\\/schema\\\/logo\\\/image\\\/\"},\"sameAs\":[\"https:\\\/\\\/www.facebook.com\\\/infoalgerieactu\",\"https:\\\/\\\/x.com\\\/infoalgerie1\"]},{\"@type\":\"Person\",\"@id\":\"https:\\\/\\\/www.info-algerie.com\\\/actualites\\\/#\\\/schema\\\/person\\\/847aaec44920825b843a08f30ec6aa1e\",\"name\":\"La r\u00e9daction\",\"image\":{\"@type\":\"ImageObject\",\"inLanguage\":\"fr-FR\",\"@id\":\"https:\\\/\\\/secure.gravatar.com\\\/avatar\\\/769db425c6f465158149f1ffd6cf61ce7a8a879d11dfbef8288af36dfddd418c?s=96&d=mm&r=g\",\"url\":\"https:\\\/\\\/secure.gravatar.com\\\/avatar\\\/769db425c6f465158149f1ffd6cf61ce7a8a879d11dfbef8288af36dfddd418c?s=96&d=mm&r=g\",\"contentUrl\":\"https:\\\/\\\/secure.gravatar.com\\\/avatar\\\/769db425c6f465158149f1ffd6cf61ce7a8a879d11dfbef8288af36dfddd418c?s=96&d=mm&r=g\",\"caption\":\"La r\u00e9daction\"},\"sameAs\":[\"http:\\\/\\\/www.lkeria.com\\\/\"],\"url\":\"https:\\\/\\\/www.info-algerie.com\\\/actualites\\\/author\\\/chakib32\\\/\"}]}<\/script>\n<!-- \/ Yoast SEO plugin. -->","yoast_head_json":{"title":"La couverture m\u00e9diatique \u00e9tait &quot;propre et \u00e0 la hauteur&quot; - info algerie","robots":{"index":"index","follow":"follow","max-snippet":"max-snippet:-1","max-image-preview":"max-image-preview:large","max-video-preview":"max-video-preview:-1"},"canonical":"https:\/\/www.info-algerie.com\/actualites\/la-couverture-mediatique-etait-propre-et-a-la-hauteur\/","og_locale":"fr_FR","og_type":"article","og_title":"La couverture m\u00e9diatique \u00e9tait &quot;propre et \u00e0 la hauteur&quot; - info algerie","og_description":"ALGER &#8211; Le ministre de la Communication, Hamid Grine, a affirm\u00e9 mercredi \u00e0 Alger, que la couverture m\u00e9diatique de la campagne \u00e9lectorale pour les l\u00e9gislatives du 4 mai \u00e9tait \u00ab\u00a0propre et \u00e0 la hauteur\u00a0\u00bb, hormis quelques d\u00e9passements dus au manque d&rsquo;exp\u00e9rience de certaines cha\u00eenes priv\u00e9es autoris\u00e9es \u00e0 assurer la couverture de cet \u00e9v\u00e8nement. &#013; &#013;","og_url":"https:\/\/www.info-algerie.com\/actualites\/la-couverture-mediatique-etait-propre-et-a-la-hauteur\/","og_site_name":"info algerie","article_publisher":"https:\/\/www.facebook.com\/infoalgerieactu","article_published_time":"2017-05-03T10:29:56+00:00","og_image":[{"width":280,"height":169,"url":"https:\/\/www.info-algerie.com\/actualites\/wp-content\/uploads\/2017\/05\/61e5126a725dd4998545c5700b40914a_S-1.jpg","type":"image\/jpeg"}],"author":"La r\u00e9daction","twitter_misc":{"\u00c9crit par":"La r\u00e9daction","Dur\u00e9e de lecture estim\u00e9e":"2 minutes"},"schema":{"@context":"https:\/\/schema.org","@graph":[{"@type":"Article","@id":"https:\/\/www.info-algerie.com\/actualites\/la-couverture-mediatique-etait-propre-et-a-la-hauteur\/#article","isPartOf":{"@id":"https:\/\/www.info-algerie.com\/actualites\/la-couverture-mediatique-etait-propre-et-a-la-hauteur\/"},"author":{"name":"La r\u00e9daction","@id":"https:\/\/www.info-algerie.com\/actualites\/#\/schema\/person\/847aaec44920825b843a08f30ec6aa1e"},"headline":"La couverture m\u00e9diatique \u00e9tait &quot;propre et \u00e0 la hauteur&quot;","datePublished":"2017-05-03T10:29:56+00:00","mainEntityOfPage":{"@id":"https:\/\/www.info-algerie.com\/actualites\/la-couverture-mediatique-etait-propre-et-a-la-hauteur\/"},"wordCount":440,"commentCount":0,"publisher":{"@id":"https:\/\/www.info-algerie.com\/actualites\/#organization"},"image":{"@id":"https:\/\/www.info-algerie.com\/actualites\/la-couverture-mediatique-etait-propre-et-a-la-hauteur\/#primaryimage"},"thumbnailUrl":"https:\/\/www.info-algerie.com\/actualites\/wp-content\/uploads\/2017\/05\/61e5126a725dd4998545c5700b40914a_S-1.jpg","keywords":["ONU"],"articleSection":["infos"],"inLanguage":"fr-FR","potentialAction":[{"@type":"CommentAction","name":"Comment","target":["https:\/\/www.info-algerie.com\/actualites\/la-couverture-mediatique-etait-propre-et-a-la-hauteur\/#respond"]}]},{"@type":"WebPage","@id":"https:\/\/www.info-algerie.com\/actualites\/la-couverture-mediatique-etait-propre-et-a-la-hauteur\/","url":"https:\/\/www.info-algerie.com\/actualites\/la-couverture-mediatique-etait-propre-et-a-la-hauteur\/","name":"La couverture m\u00e9diatique \u00e9tait &quot;propre et \u00e0 la hauteur&quot; - info algerie","isPartOf":{"@id":"https:\/\/www.info-algerie.com\/actualites\/#website"},"primaryImageOfPage":{"@id":"https:\/\/www.info-algerie.com\/actualites\/la-couverture-mediatique-etait-propre-et-a-la-hauteur\/#primaryimage"},"image":{"@id":"https:\/\/www.info-algerie.com\/actualites\/la-couverture-mediatique-etait-propre-et-a-la-hauteur\/#primaryimage"},"thumbnailUrl":"https:\/\/www.info-algerie.com\/actualites\/wp-content\/uploads\/2017\/05\/61e5126a725dd4998545c5700b40914a_S-1.jpg","datePublished":"2017-05-03T10:29:56+00:00","breadcrumb":{"@id":"https:\/\/www.info-algerie.com\/actualites\/la-couverture-mediatique-etait-propre-et-a-la-hauteur\/#breadcrumb"},"inLanguage":"fr-FR","potentialAction":[{"@type":"ReadAction","target":["https:\/\/www.info-algerie.com\/actualites\/la-couverture-mediatique-etait-propre-et-a-la-hauteur\/"]}]},{"@type":"ImageObject","inLanguage":"fr-FR","@id":"https:\/\/www.info-algerie.com\/actualites\/la-couverture-mediatique-etait-propre-et-a-la-hauteur\/#primaryimage","url":"https:\/\/www.info-algerie.com\/actualites\/wp-content\/uploads\/2017\/05\/61e5126a725dd4998545c5700b40914a_S-1.jpg","contentUrl":"https:\/\/www.info-algerie.com\/actualites\/wp-content\/uploads\/2017\/05\/61e5126a725dd4998545c5700b40914a_S-1.jpg","width":280,"height":169},{"@type":"BreadcrumbList","@id":"https:\/\/www.info-algerie.com\/actualites\/la-couverture-mediatique-etait-propre-et-a-la-hauteur\/#breadcrumb","itemListElement":[{"@type":"ListItem","position":1,"name":"Accueil","item":"https:\/\/www.info-algerie.com\/actualites\/"},{"@type":"ListItem","position":2,"name":"La couverture m\u00e9diatique \u00e9tait &quot;propre et \u00e0 la hauteur&quot;"}]},{"@type":"WebSite","@id":"https:\/\/www.info-algerie.com\/actualites\/#website","url":"https:\/\/www.info-algerie.com\/actualites\/","name":"info algerie","description":"Toutes les actualit\u00e9s","publisher":{"@id":"https:\/\/www.info-algerie.com\/actualites\/#organization"},"potentialAction":[{"@type":"SearchAction","target":{"@type":"EntryPoint","urlTemplate":"https:\/\/www.info-algerie.com\/actualites\/?s={search_term_string}"},"query-input":{"@type":"PropertyValueSpecification","valueRequired":true,"valueName":"search_term_string"}}],"inLanguage":"fr-FR"},{"@type":"Organization","@id":"https:\/\/www.info-algerie.com\/actualites\/#organization","name":"info algerie","url":"https:\/\/www.info-algerie.com\/actualites\/","logo":{"@type":"ImageObject","inLanguage":"fr-FR","@id":"https:\/\/www.info-algerie.com\/actualites\/#\/schema\/logo\/image\/","url":"https:\/\/www.info-algerie.com\/actualites\/wp-content\/uploads\/2022\/07\/logo-ia-120.png","contentUrl":"https:\/\/www.info-algerie.com\/actualites\/wp-content\/uploads\/2022\/07\/logo-ia-120.png","width":120,"height":43,"caption":"info algerie"},"image":{"@id":"https:\/\/www.info-algerie.com\/actualites\/#\/schema\/logo\/image\/"},"sameAs":["https:\/\/www.facebook.com\/infoalgerieactu","https:\/\/x.com\/infoalgerie1"]},{"@type":"Person","@id":"https:\/\/www.info-algerie.com\/actualites\/#\/schema\/person\/847aaec44920825b843a08f30ec6aa1e","name":"La r\u00e9daction","image":{"@type":"ImageObject","inLanguage":"fr-FR","@id":"https:\/\/secure.gravatar.com\/avatar\/769db425c6f465158149f1ffd6cf61ce7a8a879d11dfbef8288af36dfddd418c?s=96&d=mm&r=g","url":"https:\/\/secure.gravatar.com\/avatar\/769db425c6f465158149f1ffd6cf61ce7a8a879d11dfbef8288af36dfddd418c?s=96&d=mm&r=g","contentUrl":"https:\/\/secure.gravatar.com\/avatar\/769db425c6f465158149f1ffd6cf61ce7a8a879d11dfbef8288af36dfddd418c?s=96&d=mm&r=g","caption":"La r\u00e9daction"},"sameAs":["http:\/\/www.lkeria.com\/"],"url":"https:\/\/www.info-algerie.com\/actualites\/author\/chakib32\/"}]}},"_links":{"self":[{"href":"https:\/\/www.info-algerie.com\/actualites\/wp-json\/wp\/v2\/posts\/11385","targetHints":{"allow":["GET"]}}],"collection":[{"href":"https:\/\/www.info-algerie.com\/actualites\/wp-json\/wp\/v2\/posts"}],"about":[{"href":"https:\/\/www.info-algerie.com\/actualites\/wp-json\/wp\/v2\/types\/post"}],"author":[{"embeddable":true,"href":"https:\/\/www.info-algerie.com\/actualites\/wp-json\/wp\/v2\/users\/6"}],"replies":[{"embeddable":true,"href":"https:\/\/www.info-algerie.com\/actualites\/wp-json\/wp\/v2\/comments?post=11385"}],"version-history":[{"count":0,"href":"https:\/\/www.info-algerie.com\/actualites\/wp-json\/wp\/v2\/posts\/11385\/revisions"}],"wp:featuredmedia":[{"embeddable":true,"href":"https:\/\/www.info-algerie.com\/actualites\/wp-json\/wp\/v2\/media\/11386"}],"wp:attachment":[{"href":"https:\/\/www.info-algerie.com\/actualites\/wp-json\/wp\/v2\/media?parent=11385"}],"wp:term":[{"taxonomy":"category","embeddable":true,"href":"https:\/\/www.info-algerie.com\/actualites\/wp-json\/wp\/v2\/categories?post=11385"},{"taxonomy":"post_tag","embeddable":true,"href":"https:\/\/www.info-algerie.com\/actualites\/wp-json\/wp\/v2\/tags?post=11385"}],"curies":[{"name":"wp","href":"https:\/\/api.w.org\/{rel}","templated":true}]}}