{"id":11388,"date":"2017-05-03T13:09:26","date_gmt":"2017-05-03T12:09:26","guid":{"rendered":"http:\/\/www.info-algerie.com\/actualites\/laps-a-mobilise-un-nombre-appreciable-de-journalistes-pour-une-couverture-optimale\/"},"modified":"2017-05-03T13:09:26","modified_gmt":"2017-05-03T12:09:26","slug":"laps-a-mobilise-un-nombre-appreciable-de-journalistes-pour-une-couverture-optimale","status":"publish","type":"post","link":"https:\/\/www.info-algerie.com\/actualites\/laps-a-mobilise-un-nombre-appreciable-de-journalistes-pour-une-couverture-optimale\/","title":{"rendered":"L&#039;APS a mobilis\u00e9 un nombre appr\u00e9ciable de journalistes pour une couverture &quot;optimale&quot;"},"content":{"rendered":"<div class=\"K2FeedImage\"><img decoding=\"async\" src=\"https:\/\/www.info-algerie.com\/actualites\/wp-content\/uploads\/2017\/05\/2695338908ff81dbc178fc4ea9b59bc2_S.jpg\" \/><\/div>\n<div class=\"K2FeedIntroText\">\n<p>ALGER &#8211; L&rsquo;agence Alg\u00e9rie presse service (APS) a mobilis\u00e9 un nombre appr\u00e9ciable de son personnel r\u00e9dactionnel pour les \u00e9lections l\u00e9gislatives du 4 mai, notamment la campagne \u00e9lectorale afin d&rsquo;assurer une couverture \u00ab\u00a0optimale\u00a0\u00bb des activit\u00e9s des partis et des candidats en lice pour cette joute \u00e9lectorale.<\/p>\n<p>&#013;\n<\/p><\/div>\n<div class=\"K2FeedFullText\">&#013;<\/p>\n<p>Plus de 150 journalistes, entre ceux de la r\u00e9daction centrale, des correspondants r\u00e9gionaux et des bureaux \u00e0 l&rsquo;\u00e9tranger ainsi que des traducteurs et photographes ont \u00e9t\u00e9 mobilis\u00e9s pour couvrir les activit\u00e9s des diff\u00e9rentes formations politiques et des ind\u00e9pendants, avec une moyenne de 60 d\u00e9p\u00eaches quotidienne dans les deux langues et pr\u00e8s de 1.300 d\u00e9p\u00eaches durant la campagne \u00e9lectorale de 22 jours ayant pris fin dimanche dernier.<\/p>\n<p>&#013;<\/p>\n<p>En plus de la couverture quotidienne de la campagne, l&rsquo;APS a diffus\u00e9 une s\u00e9rie de papiers \u00e9clairages et d&rsquo;analyse, notamment sur les th\u00e8mes abord\u00e9s par les partis politiques, leurs programmes, les textes fondamentaux, la\u00a0 r\u00e9glementation de l&rsquo;APN, la formation du gouvernement, \u00e0 la lumi\u00e8re de la Constitution amend\u00e9e en 2016.<\/p>\n<p>&#013;<\/p>\n<p>L&rsquo;APS a mis en place, \u00e0 cette occasion, un dispositif sp\u00e9cifique \u00e0 cette \u00e9ch\u00e9ance, tant sur le plan de l&rsquo;organisation que sur le plan des programmes, en mobilisant les effectifs en charge d&rsquo;assurer une couverture \u00ab\u00a0exhaustive\u00a0\u00bb de cet \u00e9v\u00e8nement. Pour ce faire un \u00ab\u00a0Desk \u00e9lections\u00a0\u00bb centralis\u00e9 au si\u00e8ge de l&rsquo;agence a \u00e9t\u00e9 mis en place. Celui-ci est consacr\u00e9 au suivi des couvertures m\u00e9diatiques sur le terrain en provenance des bureaux r\u00e9gionaux et des bureaux \u00e0 l&rsquo;\u00e9tranger, outre celles des journalistes d\u00e9ploy\u00e9s dans la capitale.<\/p>\n<p>&#013;<\/p>\n<p>Le programme de travail a consist\u00e9 \u00e0 diffuser une revue de presse, une synth\u00e8se des programmes des partis, des synth\u00e8ses quotidiennes, une synth\u00e8se th\u00e9matique sur la base des th\u00e8mes dominants abord\u00e9s par les repr\u00e9sentants des parties en lice (formations politiques, listes ind\u00e9pendantes)<\/p>\n<p>&#013;<\/p>\n<p>L&rsquo;APS a rendu compte des meeting et activit\u00e9s des responsables de partis, a entretenu un journal de campagne, sous la forme de br\u00e8ves informatives sur la base des envois des \u00e9quipes sur le terrain. Elle a, par ailleurs, suivi d&rsquo;autres activit\u00e9s notamment du minist\u00e8re de l&rsquo;Int\u00e9rieur et des Collectivit\u00e9s locales, de la Haute instance ind\u00e9pendante de la surveillance des \u00e9lections (HIISE), de l&rsquo;Autorit\u00e9 de r\u00e9gulation de l&rsquo;audiovisuel (ARAV) et des sites des partis et des r\u00e9seaux sociaux.<\/p>\n<p>&#013;<\/p>\n<p>L&rsquo;agence sera, en outre, \u00ab\u00a0fortement mobilis\u00e9e\u00a0\u00bb le jour du scrutin, avec l&rsquo;\u00e9laboration d&rsquo;un programme sp\u00e9cial pour assurer une couverture \u00ab\u00a0globale et exhaustive\u00a0\u00bb de cet important \u00e9v\u00e8nement avec l&rsquo;envoi des journalistes aux si\u00e8ges du minist\u00e8re de l&rsquo;Int\u00e9rieur, de la HIISE, de l&rsquo;ARAV, du CIP, des partis politiques pour un compte-rendu des r\u00e9sultats et diffus\u00e9 diff\u00e9rentes r\u00e9actions \u00e0 ce rendez-vous \u00e9lectoral.<\/p>\n<p>&#013;<\/p>\n<p>Le service audiovisuel de l&rsquo;APS n&rsquo;a pas \u00e9t\u00e9 en reste, en mobilisant ses \u00e9quipes pour le jour J, et ce, d\u00e8s l&rsquo;ouverture des bureaux de vote avec des comptes rendus et la r\u00e9action notamment des partis politiques. Le jour d&rsquo;apr\u00e8s, l&rsquo;APS pr\u00e9voit de diffuser une \u00e9dition sp\u00e9ciale consacr\u00e9e aux r\u00e9sultats du scrutin, avec un invit\u00e9 sur le plateau afin d&rsquo;apporter son\u00a0 commentaire et son analyse.<\/p>\n<p>&#013;<\/p>\n<p>Le site de l&rsquo;APS (www.aps.dz) a subi un lifting, avec un habillage sp\u00e9cial et une mise en page nouvelle, plus attractive, pour donner plus de visibilit\u00e9 au contenu de ces l\u00e9gislatives.<\/p>\n<p>&#013;<\/p>\n<p class=\"MsoNormal\">Enfin, un magazine num\u00e9rique a \u00e9t\u00e9 \u00e9labor\u00e9 par le service web de l&rsquo;APS, comprenant texte, photos et vid\u00e9os retra\u00e7ant toutes les activit\u00e9s de la campagne des candidats \u00e0 ces \u00e9lections.<\/p>\n<\/div>\n<p>&#013;<br \/>\nSource: <a href=\"http:\/\/www.aps.dz\/algerie\/56921-l-aps-a-mobilise-un-nombre-appreciable-de-journalistes-pour-une-couverture-optimale\" target=\"_blank\">L&rsquo;APS a mobilis\u00e9 un nombre appr\u00e9ciable de journalistes pour une couverture \u00ab\u00a0optimale\u00a0\u00bb<\/a><\/p>\n<!--CusAds0-->\n<div style=\"font-size: 0px; height: 0px; line-height: 0px; margin: 0; padding: 0; clear: both;\"><\/div>","protected":false},"excerpt":{"rendered":"<p>ALGER &#8211; L&rsquo;agence Alg\u00e9rie presse service (APS) a mobilis\u00e9 un nombre appr\u00e9ciable de son personnel r\u00e9dactionnel pour les \u00e9lections l\u00e9gislatives du 4 mai, notamment la campagne \u00e9lectorale afin d&rsquo;assurer une couverture \u00ab\u00a0optimale\u00a0\u00bb des activit\u00e9s des partis et des candidats en lice pour cette joute \u00e9lectorale. &#013; &#013; Plus de 150 journalistes, entre ceux de la<\/p>\n","protected":false},"author":6,"featured_media":11389,"comment_status":"open","ping_status":"open","sticky":false,"template":"","format":"standard","meta":{"footnotes":""},"categories":[22],"tags":[93],"class_list":["post-11388","post","type-post","status-publish","format-standard","has-post-thumbnail","hentry","category-infos","tag-onu"],"yoast_head":"<!-- This site is optimized with the Yoast SEO plugin v27.5 - https:\/\/yoast.com\/product\/yoast-seo-wordpress\/ -->\n<title>L&#039;APS a mobilis\u00e9 un nombre appr\u00e9ciable de journalistes pour une couverture &quot;optimale&quot; - info algerie<\/title>\n<meta name=\"robots\" content=\"index, follow, max-snippet:-1, max-image-preview:large, max-video-preview:-1\" \/>\n<link rel=\"canonical\" href=\"https:\/\/www.info-algerie.com\/actualites\/laps-a-mobilise-un-nombre-appreciable-de-journalistes-pour-une-couverture-optimale\/\" \/>\n<meta property=\"og:locale\" content=\"fr_FR\" \/>\n<meta property=\"og:type\" content=\"article\" \/>\n<meta property=\"og:title\" content=\"L&#039;APS a mobilis\u00e9 un nombre appr\u00e9ciable de journalistes pour une couverture &quot;optimale&quot; - info algerie\" \/>\n<meta property=\"og:description\" content=\"ALGER &#8211; L&rsquo;agence Alg\u00e9rie presse service (APS) a mobilis\u00e9 un nombre appr\u00e9ciable de son personnel r\u00e9dactionnel pour les \u00e9lections l\u00e9gislatives du 4 mai, notamment la campagne \u00e9lectorale afin d&rsquo;assurer une couverture \u00ab\u00a0optimale\u00a0\u00bb des activit\u00e9s des partis et des candidats en lice pour cette joute \u00e9lectorale. &#013; &#013; Plus de 150 journalistes, entre ceux de la\" \/>\n<meta property=\"og:url\" content=\"https:\/\/www.info-algerie.com\/actualites\/laps-a-mobilise-un-nombre-appreciable-de-journalistes-pour-une-couverture-optimale\/\" \/>\n<meta property=\"og:site_name\" content=\"info algerie\" \/>\n<meta property=\"article:publisher\" content=\"https:\/\/www.facebook.com\/infoalgerieactu\" \/>\n<meta property=\"article:published_time\" content=\"2017-05-03T12:09:26+00:00\" \/>\n<meta property=\"og:image\" content=\"https:\/\/www.info-algerie.com\/actualites\/wp-content\/uploads\/2017\/05\/2695338908ff81dbc178fc4ea9b59bc2_S-1.jpg\" \/>\n\t<meta property=\"og:image:width\" content=\"280\" \/>\n\t<meta property=\"og:image:height\" content=\"169\" \/>\n\t<meta property=\"og:image:type\" content=\"image\/jpeg\" \/>\n<meta name=\"author\" content=\"La r\u00e9daction\" \/>\n<meta name=\"twitter:label1\" content=\"\u00c9crit par\" \/>\n\t<meta name=\"twitter:data1\" content=\"La r\u00e9daction\" \/>\n\t<meta name=\"twitter:label2\" content=\"Dur\u00e9e de lecture estim\u00e9e\" \/>\n\t<meta name=\"twitter:data2\" content=\"3 minutes\" \/>\n<script type=\"application\/ld+json\" class=\"yoast-schema-graph\">{\"@context\":\"https:\\\/\\\/schema.org\",\"@graph\":[{\"@type\":\"Article\",\"@id\":\"https:\\\/\\\/www.info-algerie.com\\\/actualites\\\/laps-a-mobilise-un-nombre-appreciable-de-journalistes-pour-une-couverture-optimale\\\/#article\",\"isPartOf\":{\"@id\":\"https:\\\/\\\/www.info-algerie.com\\\/actualites\\\/laps-a-mobilise-un-nombre-appreciable-de-journalistes-pour-une-couverture-optimale\\\/\"},\"author\":{\"name\":\"La r\u00e9daction\",\"@id\":\"https:\\\/\\\/www.info-algerie.com\\\/actualites\\\/#\\\/schema\\\/person\\\/847aaec44920825b843a08f30ec6aa1e\"},\"headline\":\"L&#039;APS a mobilis\u00e9 un nombre appr\u00e9ciable de journalistes pour une couverture &quot;optimale&quot;\",\"datePublished\":\"2017-05-03T12:09:26+00:00\",\"mainEntityOfPage\":{\"@id\":\"https:\\\/\\\/www.info-algerie.com\\\/actualites\\\/laps-a-mobilise-un-nombre-appreciable-de-journalistes-pour-une-couverture-optimale\\\/\"},\"wordCount\":667,\"commentCount\":0,\"publisher\":{\"@id\":\"https:\\\/\\\/www.info-algerie.com\\\/actualites\\\/#organization\"},\"image\":{\"@id\":\"https:\\\/\\\/www.info-algerie.com\\\/actualites\\\/laps-a-mobilise-un-nombre-appreciable-de-journalistes-pour-une-couverture-optimale\\\/#primaryimage\"},\"thumbnailUrl\":\"https:\\\/\\\/www.info-algerie.com\\\/actualites\\\/wp-content\\\/uploads\\\/2017\\\/05\\\/2695338908ff81dbc178fc4ea9b59bc2_S-1.jpg\",\"keywords\":[\"ONU\"],\"articleSection\":[\"infos\"],\"inLanguage\":\"fr-FR\",\"potentialAction\":[{\"@type\":\"CommentAction\",\"name\":\"Comment\",\"target\":[\"https:\\\/\\\/www.info-algerie.com\\\/actualites\\\/laps-a-mobilise-un-nombre-appreciable-de-journalistes-pour-une-couverture-optimale\\\/#respond\"]}]},{\"@type\":\"WebPage\",\"@id\":\"https:\\\/\\\/www.info-algerie.com\\\/actualites\\\/laps-a-mobilise-un-nombre-appreciable-de-journalistes-pour-une-couverture-optimale\\\/\",\"url\":\"https:\\\/\\\/www.info-algerie.com\\\/actualites\\\/laps-a-mobilise-un-nombre-appreciable-de-journalistes-pour-une-couverture-optimale\\\/\",\"name\":\"L&#039;APS a mobilis\u00e9 un nombre appr\u00e9ciable de journalistes pour une couverture &quot;optimale&quot; - info algerie\",\"isPartOf\":{\"@id\":\"https:\\\/\\\/www.info-algerie.com\\\/actualites\\\/#website\"},\"primaryImageOfPage\":{\"@id\":\"https:\\\/\\\/www.info-algerie.com\\\/actualites\\\/laps-a-mobilise-un-nombre-appreciable-de-journalistes-pour-une-couverture-optimale\\\/#primaryimage\"},\"image\":{\"@id\":\"https:\\\/\\\/www.info-algerie.com\\\/actualites\\\/laps-a-mobilise-un-nombre-appreciable-de-journalistes-pour-une-couverture-optimale\\\/#primaryimage\"},\"thumbnailUrl\":\"https:\\\/\\\/www.info-algerie.com\\\/actualites\\\/wp-content\\\/uploads\\\/2017\\\/05\\\/2695338908ff81dbc178fc4ea9b59bc2_S-1.jpg\",\"datePublished\":\"2017-05-03T12:09:26+00:00\",\"breadcrumb\":{\"@id\":\"https:\\\/\\\/www.info-algerie.com\\\/actualites\\\/laps-a-mobilise-un-nombre-appreciable-de-journalistes-pour-une-couverture-optimale\\\/#breadcrumb\"},\"inLanguage\":\"fr-FR\",\"potentialAction\":[{\"@type\":\"ReadAction\",\"target\":[\"https:\\\/\\\/www.info-algerie.com\\\/actualites\\\/laps-a-mobilise-un-nombre-appreciable-de-journalistes-pour-une-couverture-optimale\\\/\"]}]},{\"@type\":\"ImageObject\",\"inLanguage\":\"fr-FR\",\"@id\":\"https:\\\/\\\/www.info-algerie.com\\\/actualites\\\/laps-a-mobilise-un-nombre-appreciable-de-journalistes-pour-une-couverture-optimale\\\/#primaryimage\",\"url\":\"https:\\\/\\\/www.info-algerie.com\\\/actualites\\\/wp-content\\\/uploads\\\/2017\\\/05\\\/2695338908ff81dbc178fc4ea9b59bc2_S-1.jpg\",\"contentUrl\":\"https:\\\/\\\/www.info-algerie.com\\\/actualites\\\/wp-content\\\/uploads\\\/2017\\\/05\\\/2695338908ff81dbc178fc4ea9b59bc2_S-1.jpg\",\"width\":280,\"height\":169},{\"@type\":\"BreadcrumbList\",\"@id\":\"https:\\\/\\\/www.info-algerie.com\\\/actualites\\\/laps-a-mobilise-un-nombre-appreciable-de-journalistes-pour-une-couverture-optimale\\\/#breadcrumb\",\"itemListElement\":[{\"@type\":\"ListItem\",\"position\":1,\"name\":\"Accueil\",\"item\":\"https:\\\/\\\/www.info-algerie.com\\\/actualites\\\/\"},{\"@type\":\"ListItem\",\"position\":2,\"name\":\"L&#039;APS a mobilis\u00e9 un nombre appr\u00e9ciable de journalistes pour une couverture &quot;optimale&quot;\"}]},{\"@type\":\"WebSite\",\"@id\":\"https:\\\/\\\/www.info-algerie.com\\\/actualites\\\/#website\",\"url\":\"https:\\\/\\\/www.info-algerie.com\\\/actualites\\\/\",\"name\":\"info algerie\",\"description\":\"Toutes les actualit\u00e9s\",\"publisher\":{\"@id\":\"https:\\\/\\\/www.info-algerie.com\\\/actualites\\\/#organization\"},\"potentialAction\":[{\"@type\":\"SearchAction\",\"target\":{\"@type\":\"EntryPoint\",\"urlTemplate\":\"https:\\\/\\\/www.info-algerie.com\\\/actualites\\\/?s={search_term_string}\"},\"query-input\":{\"@type\":\"PropertyValueSpecification\",\"valueRequired\":true,\"valueName\":\"search_term_string\"}}],\"inLanguage\":\"fr-FR\"},{\"@type\":\"Organization\",\"@id\":\"https:\\\/\\\/www.info-algerie.com\\\/actualites\\\/#organization\",\"name\":\"info algerie\",\"url\":\"https:\\\/\\\/www.info-algerie.com\\\/actualites\\\/\",\"logo\":{\"@type\":\"ImageObject\",\"inLanguage\":\"fr-FR\",\"@id\":\"https:\\\/\\\/www.info-algerie.com\\\/actualites\\\/#\\\/schema\\\/logo\\\/image\\\/\",\"url\":\"https:\\\/\\\/www.info-algerie.com\\\/actualites\\\/wp-content\\\/uploads\\\/2022\\\/07\\\/logo-ia-120.png\",\"contentUrl\":\"https:\\\/\\\/www.info-algerie.com\\\/actualites\\\/wp-content\\\/uploads\\\/2022\\\/07\\\/logo-ia-120.png\",\"width\":120,\"height\":43,\"caption\":\"info algerie\"},\"image\":{\"@id\":\"https:\\\/\\\/www.info-algerie.com\\\/actualites\\\/#\\\/schema\\\/logo\\\/image\\\/\"},\"sameAs\":[\"https:\\\/\\\/www.facebook.com\\\/infoalgerieactu\",\"https:\\\/\\\/x.com\\\/infoalgerie1\"]},{\"@type\":\"Person\",\"@id\":\"https:\\\/\\\/www.info-algerie.com\\\/actualites\\\/#\\\/schema\\\/person\\\/847aaec44920825b843a08f30ec6aa1e\",\"name\":\"La r\u00e9daction\",\"image\":{\"@type\":\"ImageObject\",\"inLanguage\":\"fr-FR\",\"@id\":\"https:\\\/\\\/secure.gravatar.com\\\/avatar\\\/769db425c6f465158149f1ffd6cf61ce7a8a879d11dfbef8288af36dfddd418c?s=96&d=mm&r=g\",\"url\":\"https:\\\/\\\/secure.gravatar.com\\\/avatar\\\/769db425c6f465158149f1ffd6cf61ce7a8a879d11dfbef8288af36dfddd418c?s=96&d=mm&r=g\",\"contentUrl\":\"https:\\\/\\\/secure.gravatar.com\\\/avatar\\\/769db425c6f465158149f1ffd6cf61ce7a8a879d11dfbef8288af36dfddd418c?s=96&d=mm&r=g\",\"caption\":\"La r\u00e9daction\"},\"sameAs\":[\"http:\\\/\\\/www.lkeria.com\\\/\"],\"url\":\"https:\\\/\\\/www.info-algerie.com\\\/actualites\\\/author\\\/chakib32\\\/\"}]}<\/script>\n<!-- \/ Yoast SEO plugin. -->","yoast_head_json":{"title":"L&#039;APS a mobilis\u00e9 un nombre appr\u00e9ciable de journalistes pour une couverture &quot;optimale&quot; - info algerie","robots":{"index":"index","follow":"follow","max-snippet":"max-snippet:-1","max-image-preview":"max-image-preview:large","max-video-preview":"max-video-preview:-1"},"canonical":"https:\/\/www.info-algerie.com\/actualites\/laps-a-mobilise-un-nombre-appreciable-de-journalistes-pour-une-couverture-optimale\/","og_locale":"fr_FR","og_type":"article","og_title":"L&#039;APS a mobilis\u00e9 un nombre appr\u00e9ciable de journalistes pour une couverture &quot;optimale&quot; - info algerie","og_description":"ALGER &#8211; L&rsquo;agence Alg\u00e9rie presse service (APS) a mobilis\u00e9 un nombre appr\u00e9ciable de son personnel r\u00e9dactionnel pour les \u00e9lections l\u00e9gislatives du 4 mai, notamment la campagne \u00e9lectorale afin d&rsquo;assurer une couverture \u00ab\u00a0optimale\u00a0\u00bb des activit\u00e9s des partis et des candidats en lice pour cette joute \u00e9lectorale. &#013; &#013; Plus de 150 journalistes, entre ceux de la","og_url":"https:\/\/www.info-algerie.com\/actualites\/laps-a-mobilise-un-nombre-appreciable-de-journalistes-pour-une-couverture-optimale\/","og_site_name":"info algerie","article_publisher":"https:\/\/www.facebook.com\/infoalgerieactu","article_published_time":"2017-05-03T12:09:26+00:00","og_image":[{"width":280,"height":169,"url":"https:\/\/www.info-algerie.com\/actualites\/wp-content\/uploads\/2017\/05\/2695338908ff81dbc178fc4ea9b59bc2_S-1.jpg","type":"image\/jpeg"}],"author":"La r\u00e9daction","twitter_misc":{"\u00c9crit par":"La r\u00e9daction","Dur\u00e9e de lecture estim\u00e9e":"3 minutes"},"schema":{"@context":"https:\/\/schema.org","@graph":[{"@type":"Article","@id":"https:\/\/www.info-algerie.com\/actualites\/laps-a-mobilise-un-nombre-appreciable-de-journalistes-pour-une-couverture-optimale\/#article","isPartOf":{"@id":"https:\/\/www.info-algerie.com\/actualites\/laps-a-mobilise-un-nombre-appreciable-de-journalistes-pour-une-couverture-optimale\/"},"author":{"name":"La r\u00e9daction","@id":"https:\/\/www.info-algerie.com\/actualites\/#\/schema\/person\/847aaec44920825b843a08f30ec6aa1e"},"headline":"L&#039;APS a mobilis\u00e9 un nombre appr\u00e9ciable de journalistes pour une couverture &quot;optimale&quot;","datePublished":"2017-05-03T12:09:26+00:00","mainEntityOfPage":{"@id":"https:\/\/www.info-algerie.com\/actualites\/laps-a-mobilise-un-nombre-appreciable-de-journalistes-pour-une-couverture-optimale\/"},"wordCount":667,"commentCount":0,"publisher":{"@id":"https:\/\/www.info-algerie.com\/actualites\/#organization"},"image":{"@id":"https:\/\/www.info-algerie.com\/actualites\/laps-a-mobilise-un-nombre-appreciable-de-journalistes-pour-une-couverture-optimale\/#primaryimage"},"thumbnailUrl":"https:\/\/www.info-algerie.com\/actualites\/wp-content\/uploads\/2017\/05\/2695338908ff81dbc178fc4ea9b59bc2_S-1.jpg","keywords":["ONU"],"articleSection":["infos"],"inLanguage":"fr-FR","potentialAction":[{"@type":"CommentAction","name":"Comment","target":["https:\/\/www.info-algerie.com\/actualites\/laps-a-mobilise-un-nombre-appreciable-de-journalistes-pour-une-couverture-optimale\/#respond"]}]},{"@type":"WebPage","@id":"https:\/\/www.info-algerie.com\/actualites\/laps-a-mobilise-un-nombre-appreciable-de-journalistes-pour-une-couverture-optimale\/","url":"https:\/\/www.info-algerie.com\/actualites\/laps-a-mobilise-un-nombre-appreciable-de-journalistes-pour-une-couverture-optimale\/","name":"L&#039;APS a mobilis\u00e9 un nombre appr\u00e9ciable de journalistes pour une couverture &quot;optimale&quot; - info algerie","isPartOf":{"@id":"https:\/\/www.info-algerie.com\/actualites\/#website"},"primaryImageOfPage":{"@id":"https:\/\/www.info-algerie.com\/actualites\/laps-a-mobilise-un-nombre-appreciable-de-journalistes-pour-une-couverture-optimale\/#primaryimage"},"image":{"@id":"https:\/\/www.info-algerie.com\/actualites\/laps-a-mobilise-un-nombre-appreciable-de-journalistes-pour-une-couverture-optimale\/#primaryimage"},"thumbnailUrl":"https:\/\/www.info-algerie.com\/actualites\/wp-content\/uploads\/2017\/05\/2695338908ff81dbc178fc4ea9b59bc2_S-1.jpg","datePublished":"2017-05-03T12:09:26+00:00","breadcrumb":{"@id":"https:\/\/www.info-algerie.com\/actualites\/laps-a-mobilise-un-nombre-appreciable-de-journalistes-pour-une-couverture-optimale\/#breadcrumb"},"inLanguage":"fr-FR","potentialAction":[{"@type":"ReadAction","target":["https:\/\/www.info-algerie.com\/actualites\/laps-a-mobilise-un-nombre-appreciable-de-journalistes-pour-une-couverture-optimale\/"]}]},{"@type":"ImageObject","inLanguage":"fr-FR","@id":"https:\/\/www.info-algerie.com\/actualites\/laps-a-mobilise-un-nombre-appreciable-de-journalistes-pour-une-couverture-optimale\/#primaryimage","url":"https:\/\/www.info-algerie.com\/actualites\/wp-content\/uploads\/2017\/05\/2695338908ff81dbc178fc4ea9b59bc2_S-1.jpg","contentUrl":"https:\/\/www.info-algerie.com\/actualites\/wp-content\/uploads\/2017\/05\/2695338908ff81dbc178fc4ea9b59bc2_S-1.jpg","width":280,"height":169},{"@type":"BreadcrumbList","@id":"https:\/\/www.info-algerie.com\/actualites\/laps-a-mobilise-un-nombre-appreciable-de-journalistes-pour-une-couverture-optimale\/#breadcrumb","itemListElement":[{"@type":"ListItem","position":1,"name":"Accueil","item":"https:\/\/www.info-algerie.com\/actualites\/"},{"@type":"ListItem","position":2,"name":"L&#039;APS a mobilis\u00e9 un nombre appr\u00e9ciable de journalistes pour une couverture &quot;optimale&quot;"}]},{"@type":"WebSite","@id":"https:\/\/www.info-algerie.com\/actualites\/#website","url":"https:\/\/www.info-algerie.com\/actualites\/","name":"info algerie","description":"Toutes les actualit\u00e9s","publisher":{"@id":"https:\/\/www.info-algerie.com\/actualites\/#organization"},"potentialAction":[{"@type":"SearchAction","target":{"@type":"EntryPoint","urlTemplate":"https:\/\/www.info-algerie.com\/actualites\/?s={search_term_string}"},"query-input":{"@type":"PropertyValueSpecification","valueRequired":true,"valueName":"search_term_string"}}],"inLanguage":"fr-FR"},{"@type":"Organization","@id":"https:\/\/www.info-algerie.com\/actualites\/#organization","name":"info algerie","url":"https:\/\/www.info-algerie.com\/actualites\/","logo":{"@type":"ImageObject","inLanguage":"fr-FR","@id":"https:\/\/www.info-algerie.com\/actualites\/#\/schema\/logo\/image\/","url":"https:\/\/www.info-algerie.com\/actualites\/wp-content\/uploads\/2022\/07\/logo-ia-120.png","contentUrl":"https:\/\/www.info-algerie.com\/actualites\/wp-content\/uploads\/2022\/07\/logo-ia-120.png","width":120,"height":43,"caption":"info algerie"},"image":{"@id":"https:\/\/www.info-algerie.com\/actualites\/#\/schema\/logo\/image\/"},"sameAs":["https:\/\/www.facebook.com\/infoalgerieactu","https:\/\/x.com\/infoalgerie1"]},{"@type":"Person","@id":"https:\/\/www.info-algerie.com\/actualites\/#\/schema\/person\/847aaec44920825b843a08f30ec6aa1e","name":"La r\u00e9daction","image":{"@type":"ImageObject","inLanguage":"fr-FR","@id":"https:\/\/secure.gravatar.com\/avatar\/769db425c6f465158149f1ffd6cf61ce7a8a879d11dfbef8288af36dfddd418c?s=96&d=mm&r=g","url":"https:\/\/secure.gravatar.com\/avatar\/769db425c6f465158149f1ffd6cf61ce7a8a879d11dfbef8288af36dfddd418c?s=96&d=mm&r=g","contentUrl":"https:\/\/secure.gravatar.com\/avatar\/769db425c6f465158149f1ffd6cf61ce7a8a879d11dfbef8288af36dfddd418c?s=96&d=mm&r=g","caption":"La r\u00e9daction"},"sameAs":["http:\/\/www.lkeria.com\/"],"url":"https:\/\/www.info-algerie.com\/actualites\/author\/chakib32\/"}]}},"_links":{"self":[{"href":"https:\/\/www.info-algerie.com\/actualites\/wp-json\/wp\/v2\/posts\/11388","targetHints":{"allow":["GET"]}}],"collection":[{"href":"https:\/\/www.info-algerie.com\/actualites\/wp-json\/wp\/v2\/posts"}],"about":[{"href":"https:\/\/www.info-algerie.com\/actualites\/wp-json\/wp\/v2\/types\/post"}],"author":[{"embeddable":true,"href":"https:\/\/www.info-algerie.com\/actualites\/wp-json\/wp\/v2\/users\/6"}],"replies":[{"embeddable":true,"href":"https:\/\/www.info-algerie.com\/actualites\/wp-json\/wp\/v2\/comments?post=11388"}],"version-history":[{"count":0,"href":"https:\/\/www.info-algerie.com\/actualites\/wp-json\/wp\/v2\/posts\/11388\/revisions"}],"wp:featuredmedia":[{"embeddable":true,"href":"https:\/\/www.info-algerie.com\/actualites\/wp-json\/wp\/v2\/media\/11389"}],"wp:attachment":[{"href":"https:\/\/www.info-algerie.com\/actualites\/wp-json\/wp\/v2\/media?parent=11388"}],"wp:term":[{"taxonomy":"category","embeddable":true,"href":"https:\/\/www.info-algerie.com\/actualites\/wp-json\/wp\/v2\/categories?post=11388"},{"taxonomy":"post_tag","embeddable":true,"href":"https:\/\/www.info-algerie.com\/actualites\/wp-json\/wp\/v2\/tags?post=11388"}],"curies":[{"name":"wp","href":"https:\/\/api.w.org\/{rel}","templated":true}]}}