{"id":11391,"date":"2017-05-03T12:43:47","date_gmt":"2017-05-03T11:43:47","guid":{"rendered":"http:\/\/www.info-algerie.com\/actualites\/la-liberte-dexpression-a-atteint-en-algerie-un-niveau-sans-equivalent-dans-la-region\/"},"modified":"2017-05-03T12:43:47","modified_gmt":"2017-05-03T11:43:47","slug":"la-liberte-dexpression-a-atteint-en-algerie-un-niveau-sans-equivalent-dans-la-region","status":"publish","type":"post","link":"https:\/\/www.info-algerie.com\/actualites\/la-liberte-dexpression-a-atteint-en-algerie-un-niveau-sans-equivalent-dans-la-region\/","title":{"rendered":"La libert\u00e9 d&#039;expression a atteint en Alg\u00e9rie un niveau &quot;sans \u00e9quivalent dans la r\u00e9gion&quot;"},"content":{"rendered":"<div class=\"K2FeedImage\"><img decoding=\"async\" src=\"https:\/\/www.info-algerie.com\/actualites\/wp-content\/uploads\/2017\/05\/f59ba9b8465e9e1b14c52560a2c67fd3_S.jpg\" \/><\/div>\n<div class=\"K2FeedIntroText\">\n<p>\u00a0ALGER &#8211; La libert\u00e9 d&rsquo;expression, consacr\u00e9e par la Constitution amend\u00e9e de 2016, a atteint en Alg\u00e9rie un niveau \u00ab\u00a0sans\u00a0 \u00e9quivalent dans la r\u00e9gion\u00a0\u00bb, a assur\u00e9 mercredi \u00e0 Alger le ministre de la Communication, Hamid Grine.<\/p>\n<p>&#013;\n<\/p><\/div>\n<div class=\"K2FeedFullText\">&#013;<\/p>\n<p>\u00ab\u00a0La libert\u00e9 d&rsquo;expression a \u00e9t\u00e9 consacr\u00e9e par la Constitution amend\u00e9e de 2016. Cette libert\u00e9 est absolue, sans \u00e9quivalent dans la r\u00e9gion. J&rsquo;ai eu \u00e0 recevoir des ministres \u00e9trangers, notamment fran\u00e7ais et am\u00e9ricains et ils ont \u00e9t\u00e9 impressionn\u00e9s par le niveau atteint en terme de libert\u00e9 d&rsquo;expression\u00a0\u00bb, a-t-il dit dans une d\u00e9claration \u00e0 la presse, en marge d&rsquo;une\u00a0 c\u00e9r\u00e9monie de recueillement \u00e0 la m\u00e9moire des journalistes assassin\u00e9s \u00e0 la place de la libert\u00e9 de la presse, \u00e0 l&rsquo;occasion de la journ\u00e9e internationale de la libert\u00e9 de la presse.<\/p>\n<p>&#013;<\/p>\n<p>M. Grine a indiqu\u00e9 qu&rsquo;il \u00e9tait \u00ab\u00a0confiant\u00a0\u00bb en la presse en Alg\u00e9rie et en la libert\u00e9 de la presse, appelant les journalistes \u00e0 \u00eatre \u00ab\u00a0professionnels\u00a0\u00bb et \u00e0 dire \u00ab\u00a0la stricte v\u00e9rit\u00e9\u00a0\u00bb.<\/p>\n<p>&#013;<\/p>\n<p>Evoquant le message du pr\u00e9sident de la R\u00e9publique, Abdelaziz Bouteflika, \u00e0 l&rsquo;occasion de cette journ\u00e9e internationale,\u00a0 M. Grine a indiqu\u00e9 que ce dernier s&rsquo;\u00e9tait f\u00e9licit\u00e9 de la libert\u00e9 d&rsquo;expression, et appel\u00e9 au respect de l&rsquo;\u00e9thique et de la d\u00e9ontologie, en insistant sur l&rsquo;amour du pays.<\/p>\n<p>&#013;<\/p>\n<p>\u00ab\u00a0C&rsquo;\u00e9tait une lettre pour tous les responsables du secteur des m\u00e9dias leur disant de veiller \u00e0 assurer toute l&rsquo;attention n\u00e9cessaire aux journalistes, en leur offrant notamment les bonnes conditions de travail pour qu&rsquo;ils exercent leur m\u00e9tier en toute s\u00e9r\u00e9nit\u00e9 et en toute libert\u00e9\u00a0\u00bb, a-t-il dit.<\/p>\n<p>&#013;<\/p>\n<p>Abordant les \u00e9lections l\u00e9gislatives de demain jeudi, le ministre a appel\u00e9 \u00e0 faire \u00ab\u00a0preuve d&rsquo;un haut sens de nationalisme\u00a0\u00bb en allant voter pour exprimer son amour envers le pays.<\/p>\n<p>&#013;<\/p>\n<p>S&rsquo;agissant de la couverture m\u00e9diatique de ces l\u00e9gislatives, le ministre a indiqu\u00e9 que 20 journalistes \u00e9trangers avaient \u00e9t\u00e9 accr\u00e9dit\u00e9s.<\/p>\n<p>&#013;<\/p>\n<p>\u00ab\u00a0Vous allez me dire qu&rsquo;une vingtaine, ce n&rsquo;est pas beaucoup (concernant les journalistes \u00e9trangers), que ce n&rsquo;est pas suffisant, d\u00e8s lors qu&rsquo;ils viennent en masse quand c&rsquo;est les pr\u00e9sidentielles, mais les plus grands journaux sont repr\u00e9sent\u00e9s\u00a0\u00bb, a-t-il ajout\u00e9, relevant qu&rsquo;il n&rsquo;y avait pas un quelconque refus d&rsquo;accr\u00e9ditation.<\/p>\n<p>&#013;<\/p>\n<p>Evaluant le travail fait par les m\u00e9dias durant cette campagne des l\u00e9gislatives, M. Grine a indiqu\u00e9 que \u00ab\u00a0globalement la presse a \u00e9t\u00e9 \u00e0 la hauteur des attentes\u00a0\u00bb.<\/p>\n<p>&#013;<\/p>\n<p>\u00ab\u00a0Ici et l\u00e0 j&rsquo;ai constat\u00e9 qu&rsquo;il y avait quelques petits d\u00e9rapages. Mais globalement la presse a \u00e9t\u00e9 bonne, le reste, c&rsquo;est tout \u00e0 fait normal qu&rsquo;il y ait quelques petits soucis\u00a0\u00bb.<\/p>\n<p>&#013;<\/p>\n<p>M. Grine, s`est recueilli \u00e0 la place de la libert\u00e9 de la presse, sise \u00e0 la rue Hassiba Benbouali (Alger), \u00e0 la m\u00e9moire des journalistes alg\u00e9riens assassin\u00e9s par le terrorisme durant la d\u00e9cennie noire.<\/p>\n<p>&#013;<\/p>\n<p class=\"MsoNormal\">Accompagn\u00e9 des autorit\u00e9s locales de la wilaya d`Alger et des responsable de m\u00e9dias, le ministre a d\u00e9pos\u00e9 une gerbe de fleurs et r\u00e9cit\u00e9 la Fatiha du Saint Coran \u00e0 la m\u00e9moire de ces journalistes, \u00e0 l`occasion de la c\u00e9l\u00e9bration de la Journ\u00e9e internationale de la libert\u00e9 de la presse.<\/p>\n<\/div>\n<p>&#013;<br \/>\nSource: <a href=\"http:\/\/www.aps.dz\/algerie\/56920-la-liberte-d-expression-a-atteint-en-algerie-un-niveau-sans-equivalent-dans-la-region\" target=\"_blank\">La libert\u00e9 d&rsquo;expression a atteint en Alg\u00e9rie un niveau \u00ab\u00a0sans \u00e9quivalent dans la r\u00e9gion\u00a0\u00bb<\/a><\/p>\n<!--CusAds0-->\n<div style=\"font-size: 0px; height: 0px; line-height: 0px; margin: 0; padding: 0; clear: both;\"><\/div>","protected":false},"excerpt":{"rendered":"<p>\u00a0ALGER &#8211; La libert\u00e9 d&rsquo;expression, consacr\u00e9e par la Constitution amend\u00e9e de 2016, a atteint en Alg\u00e9rie un niveau \u00ab\u00a0sans\u00a0 \u00e9quivalent dans la r\u00e9gion\u00a0\u00bb, a assur\u00e9 mercredi \u00e0 Alger le ministre de la Communication, Hamid Grine. &#013; &#013; \u00ab\u00a0La libert\u00e9 d&rsquo;expression a \u00e9t\u00e9 consacr\u00e9e par la Constitution amend\u00e9e de 2016. Cette libert\u00e9 est absolue, sans \u00e9quivalent<\/p>\n","protected":false},"author":6,"featured_media":11392,"comment_status":"open","ping_status":"open","sticky":false,"template":"","format":"standard","meta":{"footnotes":""},"categories":[22],"tags":[93],"class_list":["post-11391","post","type-post","status-publish","format-standard","has-post-thumbnail","hentry","category-infos","tag-onu"],"yoast_head":"<!-- This site is optimized with the Yoast SEO plugin v27.5 - https:\/\/yoast.com\/product\/yoast-seo-wordpress\/ -->\n<title>La libert\u00e9 d&#039;expression a atteint en Alg\u00e9rie un niveau &quot;sans \u00e9quivalent dans la r\u00e9gion&quot; - info algerie<\/title>\n<meta name=\"robots\" content=\"index, follow, max-snippet:-1, max-image-preview:large, max-video-preview:-1\" \/>\n<link rel=\"canonical\" href=\"https:\/\/www.info-algerie.com\/actualites\/la-liberte-dexpression-a-atteint-en-algerie-un-niveau-sans-equivalent-dans-la-region\/\" \/>\n<meta property=\"og:locale\" content=\"fr_FR\" \/>\n<meta property=\"og:type\" content=\"article\" \/>\n<meta property=\"og:title\" content=\"La libert\u00e9 d&#039;expression a atteint en Alg\u00e9rie un niveau &quot;sans \u00e9quivalent dans la r\u00e9gion&quot; - info algerie\" \/>\n<meta property=\"og:description\" content=\"\u00a0ALGER &#8211; La libert\u00e9 d&rsquo;expression, consacr\u00e9e par la Constitution amend\u00e9e de 2016, a atteint en Alg\u00e9rie un niveau \u00ab\u00a0sans\u00a0 \u00e9quivalent dans la r\u00e9gion\u00a0\u00bb, a assur\u00e9 mercredi \u00e0 Alger le ministre de la Communication, Hamid Grine. &#013; &#013; \u00ab\u00a0La libert\u00e9 d&rsquo;expression a \u00e9t\u00e9 consacr\u00e9e par la Constitution amend\u00e9e de 2016. Cette libert\u00e9 est absolue, sans \u00e9quivalent\" \/>\n<meta property=\"og:url\" content=\"https:\/\/www.info-algerie.com\/actualites\/la-liberte-dexpression-a-atteint-en-algerie-un-niveau-sans-equivalent-dans-la-region\/\" \/>\n<meta property=\"og:site_name\" content=\"info algerie\" \/>\n<meta property=\"article:publisher\" content=\"https:\/\/www.facebook.com\/infoalgerieactu\" \/>\n<meta property=\"article:published_time\" content=\"2017-05-03T11:43:47+00:00\" \/>\n<meta property=\"og:image\" content=\"https:\/\/www.info-algerie.com\/actualites\/wp-content\/uploads\/2017\/05\/f59ba9b8465e9e1b14c52560a2c67fd3_S-1.jpg\" \/>\n\t<meta property=\"og:image:width\" content=\"280\" \/>\n\t<meta property=\"og:image:height\" content=\"169\" \/>\n\t<meta property=\"og:image:type\" content=\"image\/jpeg\" \/>\n<meta name=\"author\" content=\"La r\u00e9daction\" \/>\n<meta name=\"twitter:label1\" content=\"\u00c9crit par\" \/>\n\t<meta name=\"twitter:data1\" content=\"La r\u00e9daction\" \/>\n\t<meta name=\"twitter:label2\" content=\"Dur\u00e9e de lecture estim\u00e9e\" \/>\n\t<meta name=\"twitter:data2\" content=\"3 minutes\" \/>\n<script type=\"application\/ld+json\" class=\"yoast-schema-graph\">{\"@context\":\"https:\\\/\\\/schema.org\",\"@graph\":[{\"@type\":\"Article\",\"@id\":\"https:\\\/\\\/www.info-algerie.com\\\/actualites\\\/la-liberte-dexpression-a-atteint-en-algerie-un-niveau-sans-equivalent-dans-la-region\\\/#article\",\"isPartOf\":{\"@id\":\"https:\\\/\\\/www.info-algerie.com\\\/actualites\\\/la-liberte-dexpression-a-atteint-en-algerie-un-niveau-sans-equivalent-dans-la-region\\\/\"},\"author\":{\"name\":\"La r\u00e9daction\",\"@id\":\"https:\\\/\\\/www.info-algerie.com\\\/actualites\\\/#\\\/schema\\\/person\\\/847aaec44920825b843a08f30ec6aa1e\"},\"headline\":\"La libert\u00e9 d&#039;expression a atteint en Alg\u00e9rie un niveau &quot;sans \u00e9quivalent dans la r\u00e9gion&quot;\",\"datePublished\":\"2017-05-03T11:43:47+00:00\",\"mainEntityOfPage\":{\"@id\":\"https:\\\/\\\/www.info-algerie.com\\\/actualites\\\/la-liberte-dexpression-a-atteint-en-algerie-un-niveau-sans-equivalent-dans-la-region\\\/\"},\"wordCount\":580,\"commentCount\":0,\"publisher\":{\"@id\":\"https:\\\/\\\/www.info-algerie.com\\\/actualites\\\/#organization\"},\"image\":{\"@id\":\"https:\\\/\\\/www.info-algerie.com\\\/actualites\\\/la-liberte-dexpression-a-atteint-en-algerie-un-niveau-sans-equivalent-dans-la-region\\\/#primaryimage\"},\"thumbnailUrl\":\"https:\\\/\\\/www.info-algerie.com\\\/actualites\\\/wp-content\\\/uploads\\\/2017\\\/05\\\/f59ba9b8465e9e1b14c52560a2c67fd3_S-1.jpg\",\"keywords\":[\"ONU\"],\"articleSection\":[\"infos\"],\"inLanguage\":\"fr-FR\",\"potentialAction\":[{\"@type\":\"CommentAction\",\"name\":\"Comment\",\"target\":[\"https:\\\/\\\/www.info-algerie.com\\\/actualites\\\/la-liberte-dexpression-a-atteint-en-algerie-un-niveau-sans-equivalent-dans-la-region\\\/#respond\"]}]},{\"@type\":\"WebPage\",\"@id\":\"https:\\\/\\\/www.info-algerie.com\\\/actualites\\\/la-liberte-dexpression-a-atteint-en-algerie-un-niveau-sans-equivalent-dans-la-region\\\/\",\"url\":\"https:\\\/\\\/www.info-algerie.com\\\/actualites\\\/la-liberte-dexpression-a-atteint-en-algerie-un-niveau-sans-equivalent-dans-la-region\\\/\",\"name\":\"La libert\u00e9 d&#039;expression a atteint en Alg\u00e9rie un niveau &quot;sans \u00e9quivalent dans la r\u00e9gion&quot; - info algerie\",\"isPartOf\":{\"@id\":\"https:\\\/\\\/www.info-algerie.com\\\/actualites\\\/#website\"},\"primaryImageOfPage\":{\"@id\":\"https:\\\/\\\/www.info-algerie.com\\\/actualites\\\/la-liberte-dexpression-a-atteint-en-algerie-un-niveau-sans-equivalent-dans-la-region\\\/#primaryimage\"},\"image\":{\"@id\":\"https:\\\/\\\/www.info-algerie.com\\\/actualites\\\/la-liberte-dexpression-a-atteint-en-algerie-un-niveau-sans-equivalent-dans-la-region\\\/#primaryimage\"},\"thumbnailUrl\":\"https:\\\/\\\/www.info-algerie.com\\\/actualites\\\/wp-content\\\/uploads\\\/2017\\\/05\\\/f59ba9b8465e9e1b14c52560a2c67fd3_S-1.jpg\",\"datePublished\":\"2017-05-03T11:43:47+00:00\",\"breadcrumb\":{\"@id\":\"https:\\\/\\\/www.info-algerie.com\\\/actualites\\\/la-liberte-dexpression-a-atteint-en-algerie-un-niveau-sans-equivalent-dans-la-region\\\/#breadcrumb\"},\"inLanguage\":\"fr-FR\",\"potentialAction\":[{\"@type\":\"ReadAction\",\"target\":[\"https:\\\/\\\/www.info-algerie.com\\\/actualites\\\/la-liberte-dexpression-a-atteint-en-algerie-un-niveau-sans-equivalent-dans-la-region\\\/\"]}]},{\"@type\":\"ImageObject\",\"inLanguage\":\"fr-FR\",\"@id\":\"https:\\\/\\\/www.info-algerie.com\\\/actualites\\\/la-liberte-dexpression-a-atteint-en-algerie-un-niveau-sans-equivalent-dans-la-region\\\/#primaryimage\",\"url\":\"https:\\\/\\\/www.info-algerie.com\\\/actualites\\\/wp-content\\\/uploads\\\/2017\\\/05\\\/f59ba9b8465e9e1b14c52560a2c67fd3_S-1.jpg\",\"contentUrl\":\"https:\\\/\\\/www.info-algerie.com\\\/actualites\\\/wp-content\\\/uploads\\\/2017\\\/05\\\/f59ba9b8465e9e1b14c52560a2c67fd3_S-1.jpg\",\"width\":280,\"height\":169},{\"@type\":\"BreadcrumbList\",\"@id\":\"https:\\\/\\\/www.info-algerie.com\\\/actualites\\\/la-liberte-dexpression-a-atteint-en-algerie-un-niveau-sans-equivalent-dans-la-region\\\/#breadcrumb\",\"itemListElement\":[{\"@type\":\"ListItem\",\"position\":1,\"name\":\"Accueil\",\"item\":\"https:\\\/\\\/www.info-algerie.com\\\/actualites\\\/\"},{\"@type\":\"ListItem\",\"position\":2,\"name\":\"La libert\u00e9 d&#039;expression a atteint en Alg\u00e9rie un niveau &quot;sans \u00e9quivalent dans la r\u00e9gion&quot;\"}]},{\"@type\":\"WebSite\",\"@id\":\"https:\\\/\\\/www.info-algerie.com\\\/actualites\\\/#website\",\"url\":\"https:\\\/\\\/www.info-algerie.com\\\/actualites\\\/\",\"name\":\"info algerie\",\"description\":\"Toutes les actualit\u00e9s\",\"publisher\":{\"@id\":\"https:\\\/\\\/www.info-algerie.com\\\/actualites\\\/#organization\"},\"potentialAction\":[{\"@type\":\"SearchAction\",\"target\":{\"@type\":\"EntryPoint\",\"urlTemplate\":\"https:\\\/\\\/www.info-algerie.com\\\/actualites\\\/?s={search_term_string}\"},\"query-input\":{\"@type\":\"PropertyValueSpecification\",\"valueRequired\":true,\"valueName\":\"search_term_string\"}}],\"inLanguage\":\"fr-FR\"},{\"@type\":\"Organization\",\"@id\":\"https:\\\/\\\/www.info-algerie.com\\\/actualites\\\/#organization\",\"name\":\"info algerie\",\"url\":\"https:\\\/\\\/www.info-algerie.com\\\/actualites\\\/\",\"logo\":{\"@type\":\"ImageObject\",\"inLanguage\":\"fr-FR\",\"@id\":\"https:\\\/\\\/www.info-algerie.com\\\/actualites\\\/#\\\/schema\\\/logo\\\/image\\\/\",\"url\":\"https:\\\/\\\/www.info-algerie.com\\\/actualites\\\/wp-content\\\/uploads\\\/2022\\\/07\\\/logo-ia-120.png\",\"contentUrl\":\"https:\\\/\\\/www.info-algerie.com\\\/actualites\\\/wp-content\\\/uploads\\\/2022\\\/07\\\/logo-ia-120.png\",\"width\":120,\"height\":43,\"caption\":\"info algerie\"},\"image\":{\"@id\":\"https:\\\/\\\/www.info-algerie.com\\\/actualites\\\/#\\\/schema\\\/logo\\\/image\\\/\"},\"sameAs\":[\"https:\\\/\\\/www.facebook.com\\\/infoalgerieactu\",\"https:\\\/\\\/x.com\\\/infoalgerie1\"]},{\"@type\":\"Person\",\"@id\":\"https:\\\/\\\/www.info-algerie.com\\\/actualites\\\/#\\\/schema\\\/person\\\/847aaec44920825b843a08f30ec6aa1e\",\"name\":\"La r\u00e9daction\",\"image\":{\"@type\":\"ImageObject\",\"inLanguage\":\"fr-FR\",\"@id\":\"https:\\\/\\\/secure.gravatar.com\\\/avatar\\\/769db425c6f465158149f1ffd6cf61ce7a8a879d11dfbef8288af36dfddd418c?s=96&d=mm&r=g\",\"url\":\"https:\\\/\\\/secure.gravatar.com\\\/avatar\\\/769db425c6f465158149f1ffd6cf61ce7a8a879d11dfbef8288af36dfddd418c?s=96&d=mm&r=g\",\"contentUrl\":\"https:\\\/\\\/secure.gravatar.com\\\/avatar\\\/769db425c6f465158149f1ffd6cf61ce7a8a879d11dfbef8288af36dfddd418c?s=96&d=mm&r=g\",\"caption\":\"La r\u00e9daction\"},\"sameAs\":[\"http:\\\/\\\/www.lkeria.com\\\/\"],\"url\":\"https:\\\/\\\/www.info-algerie.com\\\/actualites\\\/author\\\/chakib32\\\/\"}]}<\/script>\n<!-- \/ Yoast SEO plugin. -->","yoast_head_json":{"title":"La libert\u00e9 d&#039;expression a atteint en Alg\u00e9rie un niveau &quot;sans \u00e9quivalent dans la r\u00e9gion&quot; - info algerie","robots":{"index":"index","follow":"follow","max-snippet":"max-snippet:-1","max-image-preview":"max-image-preview:large","max-video-preview":"max-video-preview:-1"},"canonical":"https:\/\/www.info-algerie.com\/actualites\/la-liberte-dexpression-a-atteint-en-algerie-un-niveau-sans-equivalent-dans-la-region\/","og_locale":"fr_FR","og_type":"article","og_title":"La libert\u00e9 d&#039;expression a atteint en Alg\u00e9rie un niveau &quot;sans \u00e9quivalent dans la r\u00e9gion&quot; - info algerie","og_description":"\u00a0ALGER &#8211; La libert\u00e9 d&rsquo;expression, consacr\u00e9e par la Constitution amend\u00e9e de 2016, a atteint en Alg\u00e9rie un niveau \u00ab\u00a0sans\u00a0 \u00e9quivalent dans la r\u00e9gion\u00a0\u00bb, a assur\u00e9 mercredi \u00e0 Alger le ministre de la Communication, Hamid Grine. &#013; &#013; \u00ab\u00a0La libert\u00e9 d&rsquo;expression a \u00e9t\u00e9 consacr\u00e9e par la Constitution amend\u00e9e de 2016. Cette libert\u00e9 est absolue, sans \u00e9quivalent","og_url":"https:\/\/www.info-algerie.com\/actualites\/la-liberte-dexpression-a-atteint-en-algerie-un-niveau-sans-equivalent-dans-la-region\/","og_site_name":"info algerie","article_publisher":"https:\/\/www.facebook.com\/infoalgerieactu","article_published_time":"2017-05-03T11:43:47+00:00","og_image":[{"width":280,"height":169,"url":"https:\/\/www.info-algerie.com\/actualites\/wp-content\/uploads\/2017\/05\/f59ba9b8465e9e1b14c52560a2c67fd3_S-1.jpg","type":"image\/jpeg"}],"author":"La r\u00e9daction","twitter_misc":{"\u00c9crit par":"La r\u00e9daction","Dur\u00e9e de lecture estim\u00e9e":"3 minutes"},"schema":{"@context":"https:\/\/schema.org","@graph":[{"@type":"Article","@id":"https:\/\/www.info-algerie.com\/actualites\/la-liberte-dexpression-a-atteint-en-algerie-un-niveau-sans-equivalent-dans-la-region\/#article","isPartOf":{"@id":"https:\/\/www.info-algerie.com\/actualites\/la-liberte-dexpression-a-atteint-en-algerie-un-niveau-sans-equivalent-dans-la-region\/"},"author":{"name":"La r\u00e9daction","@id":"https:\/\/www.info-algerie.com\/actualites\/#\/schema\/person\/847aaec44920825b843a08f30ec6aa1e"},"headline":"La libert\u00e9 d&#039;expression a atteint en Alg\u00e9rie un niveau &quot;sans \u00e9quivalent dans la r\u00e9gion&quot;","datePublished":"2017-05-03T11:43:47+00:00","mainEntityOfPage":{"@id":"https:\/\/www.info-algerie.com\/actualites\/la-liberte-dexpression-a-atteint-en-algerie-un-niveau-sans-equivalent-dans-la-region\/"},"wordCount":580,"commentCount":0,"publisher":{"@id":"https:\/\/www.info-algerie.com\/actualites\/#organization"},"image":{"@id":"https:\/\/www.info-algerie.com\/actualites\/la-liberte-dexpression-a-atteint-en-algerie-un-niveau-sans-equivalent-dans-la-region\/#primaryimage"},"thumbnailUrl":"https:\/\/www.info-algerie.com\/actualites\/wp-content\/uploads\/2017\/05\/f59ba9b8465e9e1b14c52560a2c67fd3_S-1.jpg","keywords":["ONU"],"articleSection":["infos"],"inLanguage":"fr-FR","potentialAction":[{"@type":"CommentAction","name":"Comment","target":["https:\/\/www.info-algerie.com\/actualites\/la-liberte-dexpression-a-atteint-en-algerie-un-niveau-sans-equivalent-dans-la-region\/#respond"]}]},{"@type":"WebPage","@id":"https:\/\/www.info-algerie.com\/actualites\/la-liberte-dexpression-a-atteint-en-algerie-un-niveau-sans-equivalent-dans-la-region\/","url":"https:\/\/www.info-algerie.com\/actualites\/la-liberte-dexpression-a-atteint-en-algerie-un-niveau-sans-equivalent-dans-la-region\/","name":"La libert\u00e9 d&#039;expression a atteint en Alg\u00e9rie un niveau &quot;sans \u00e9quivalent dans la r\u00e9gion&quot; - info algerie","isPartOf":{"@id":"https:\/\/www.info-algerie.com\/actualites\/#website"},"primaryImageOfPage":{"@id":"https:\/\/www.info-algerie.com\/actualites\/la-liberte-dexpression-a-atteint-en-algerie-un-niveau-sans-equivalent-dans-la-region\/#primaryimage"},"image":{"@id":"https:\/\/www.info-algerie.com\/actualites\/la-liberte-dexpression-a-atteint-en-algerie-un-niveau-sans-equivalent-dans-la-region\/#primaryimage"},"thumbnailUrl":"https:\/\/www.info-algerie.com\/actualites\/wp-content\/uploads\/2017\/05\/f59ba9b8465e9e1b14c52560a2c67fd3_S-1.jpg","datePublished":"2017-05-03T11:43:47+00:00","breadcrumb":{"@id":"https:\/\/www.info-algerie.com\/actualites\/la-liberte-dexpression-a-atteint-en-algerie-un-niveau-sans-equivalent-dans-la-region\/#breadcrumb"},"inLanguage":"fr-FR","potentialAction":[{"@type":"ReadAction","target":["https:\/\/www.info-algerie.com\/actualites\/la-liberte-dexpression-a-atteint-en-algerie-un-niveau-sans-equivalent-dans-la-region\/"]}]},{"@type":"ImageObject","inLanguage":"fr-FR","@id":"https:\/\/www.info-algerie.com\/actualites\/la-liberte-dexpression-a-atteint-en-algerie-un-niveau-sans-equivalent-dans-la-region\/#primaryimage","url":"https:\/\/www.info-algerie.com\/actualites\/wp-content\/uploads\/2017\/05\/f59ba9b8465e9e1b14c52560a2c67fd3_S-1.jpg","contentUrl":"https:\/\/www.info-algerie.com\/actualites\/wp-content\/uploads\/2017\/05\/f59ba9b8465e9e1b14c52560a2c67fd3_S-1.jpg","width":280,"height":169},{"@type":"BreadcrumbList","@id":"https:\/\/www.info-algerie.com\/actualites\/la-liberte-dexpression-a-atteint-en-algerie-un-niveau-sans-equivalent-dans-la-region\/#breadcrumb","itemListElement":[{"@type":"ListItem","position":1,"name":"Accueil","item":"https:\/\/www.info-algerie.com\/actualites\/"},{"@type":"ListItem","position":2,"name":"La libert\u00e9 d&#039;expression a atteint en Alg\u00e9rie un niveau &quot;sans \u00e9quivalent dans la r\u00e9gion&quot;"}]},{"@type":"WebSite","@id":"https:\/\/www.info-algerie.com\/actualites\/#website","url":"https:\/\/www.info-algerie.com\/actualites\/","name":"info algerie","description":"Toutes les actualit\u00e9s","publisher":{"@id":"https:\/\/www.info-algerie.com\/actualites\/#organization"},"potentialAction":[{"@type":"SearchAction","target":{"@type":"EntryPoint","urlTemplate":"https:\/\/www.info-algerie.com\/actualites\/?s={search_term_string}"},"query-input":{"@type":"PropertyValueSpecification","valueRequired":true,"valueName":"search_term_string"}}],"inLanguage":"fr-FR"},{"@type":"Organization","@id":"https:\/\/www.info-algerie.com\/actualites\/#organization","name":"info algerie","url":"https:\/\/www.info-algerie.com\/actualites\/","logo":{"@type":"ImageObject","inLanguage":"fr-FR","@id":"https:\/\/www.info-algerie.com\/actualites\/#\/schema\/logo\/image\/","url":"https:\/\/www.info-algerie.com\/actualites\/wp-content\/uploads\/2022\/07\/logo-ia-120.png","contentUrl":"https:\/\/www.info-algerie.com\/actualites\/wp-content\/uploads\/2022\/07\/logo-ia-120.png","width":120,"height":43,"caption":"info algerie"},"image":{"@id":"https:\/\/www.info-algerie.com\/actualites\/#\/schema\/logo\/image\/"},"sameAs":["https:\/\/www.facebook.com\/infoalgerieactu","https:\/\/x.com\/infoalgerie1"]},{"@type":"Person","@id":"https:\/\/www.info-algerie.com\/actualites\/#\/schema\/person\/847aaec44920825b843a08f30ec6aa1e","name":"La r\u00e9daction","image":{"@type":"ImageObject","inLanguage":"fr-FR","@id":"https:\/\/secure.gravatar.com\/avatar\/769db425c6f465158149f1ffd6cf61ce7a8a879d11dfbef8288af36dfddd418c?s=96&d=mm&r=g","url":"https:\/\/secure.gravatar.com\/avatar\/769db425c6f465158149f1ffd6cf61ce7a8a879d11dfbef8288af36dfddd418c?s=96&d=mm&r=g","contentUrl":"https:\/\/secure.gravatar.com\/avatar\/769db425c6f465158149f1ffd6cf61ce7a8a879d11dfbef8288af36dfddd418c?s=96&d=mm&r=g","caption":"La r\u00e9daction"},"sameAs":["http:\/\/www.lkeria.com\/"],"url":"https:\/\/www.info-algerie.com\/actualites\/author\/chakib32\/"}]}},"_links":{"self":[{"href":"https:\/\/www.info-algerie.com\/actualites\/wp-json\/wp\/v2\/posts\/11391","targetHints":{"allow":["GET"]}}],"collection":[{"href":"https:\/\/www.info-algerie.com\/actualites\/wp-json\/wp\/v2\/posts"}],"about":[{"href":"https:\/\/www.info-algerie.com\/actualites\/wp-json\/wp\/v2\/types\/post"}],"author":[{"embeddable":true,"href":"https:\/\/www.info-algerie.com\/actualites\/wp-json\/wp\/v2\/users\/6"}],"replies":[{"embeddable":true,"href":"https:\/\/www.info-algerie.com\/actualites\/wp-json\/wp\/v2\/comments?post=11391"}],"version-history":[{"count":0,"href":"https:\/\/www.info-algerie.com\/actualites\/wp-json\/wp\/v2\/posts\/11391\/revisions"}],"wp:featuredmedia":[{"embeddable":true,"href":"https:\/\/www.info-algerie.com\/actualites\/wp-json\/wp\/v2\/media\/11392"}],"wp:attachment":[{"href":"https:\/\/www.info-algerie.com\/actualites\/wp-json\/wp\/v2\/media?parent=11391"}],"wp:term":[{"taxonomy":"category","embeddable":true,"href":"https:\/\/www.info-algerie.com\/actualites\/wp-json\/wp\/v2\/categories?post=11391"},{"taxonomy":"post_tag","embeddable":true,"href":"https:\/\/www.info-algerie.com\/actualites\/wp-json\/wp\/v2\/tags?post=11391"}],"curies":[{"name":"wp","href":"https:\/\/api.w.org\/{rel}","templated":true}]}}