{"id":11397,"date":"2017-05-03T12:04:54","date_gmt":"2017-05-03T11:04:54","guid":{"rendered":"http:\/\/www.info-algerie.com\/actualites\/massacres-du-8-mai-1945-appel-a-louverture-dun-chantier-juridique-pour-que-la-france-reconnaisse-ces-crimes-coloniaux\/"},"modified":"2017-05-03T12:04:54","modified_gmt":"2017-05-03T11:04:54","slug":"massacres-du-8-mai-1945-appel-a-louverture-dun-chantier-juridique-pour-que-la-france-reconnaisse-ces-crimes-coloniaux","status":"publish","type":"post","link":"https:\/\/www.info-algerie.com\/actualites\/massacres-du-8-mai-1945-appel-a-louverture-dun-chantier-juridique-pour-que-la-france-reconnaisse-ces-crimes-coloniaux\/","title":{"rendered":"Massacres du 8 mai 1945: appel \u00e0 l\u2019ouverture d&#039;un chantier juridique pour que la France reconnaisse ces crimes coloniaux"},"content":{"rendered":"<div class=\"K2FeedImage\"><img decoding=\"async\" src=\"https:\/\/www.info-algerie.com\/actualites\/wp-content\/uploads\/2017\/05\/18089a41170681e86a68ab5363f78983_S.jpg\" alt=\"Massacres du 8 mai 1945: appel &#xE0; l&#x2019;ouverture d'un chantier juridique pour que la France reconnaisse ces crimes coloniaux\" \/><\/div>\n<div class=\"K2FeedIntroText\">\n<p>PARIS &#8211; Des historiens, universitaires et membres de la soci\u00e9t\u00e9 civile ont appel\u00e9 \u00e0 l\u2019ouverture d\u2019un chantier juridique pour que l\u2019Etat fran\u00e7ais, auteur des massacres du 8 mai 1945 en Alg\u00e9rie, reconnaisse les crimes coloniaux, voire d\u2019Etat.<\/p>\n<p>&#013;\n<\/p><\/div>\n<div class=\"K2FeedFullText\">&#013;<\/p>\n<p>\u00ab\u00a0Il faut ouvrir un d\u00e9bat sur le chantier juridique sur les massacres du 8 mai 1945 \u00e0 S\u00e9tif, Guelma et Kherrata (est d\u2019Alg\u00e9rie). Ce sont des crimes d\u2019Etat qui ont \u00e9t\u00e9 perp\u00e9tr\u00e9s et la France en est responsable\u00a0\u00bb , a affirm\u00e9 l\u2019historien Gilles Manceron lors d\u2019un colloque\u00a0 \u00ab\u00a0l\u2019Autre 8 mai 1945 et sa reconnaissance par la France\u00a0\u00bb, organis\u00e9 mardi \u00e0 Paris par les collectifs l\u2019Autre 8 mai 1945 et Sortir du colonialisme en partenariat avec M\u00e9diapart et El Watan.<\/p>\n<p>&#013;<\/p>\n<p>Pour l\u2019historien, il faut que \u00ab\u00a0ces massacres soient reconnus pour en finir avec les crimes coloniaux. C\u2019est l\u2019essence m\u00eame de cette rencontre qui fait suite, depuis 2005, \u00e0 une s\u00e9rie de mobilisations pour remettre, dans le d\u00e9bat public, la question de la reconnaissance par l\u2019Etat fran\u00e7ais des massacres commis en son nom dans l\u2019est alg\u00e9rien\u00a0\u00bb.<\/p>\n<p>&#013;<\/p>\n<p>Gilles Manceron consid\u00e8re que c\u2019est une question\u00a0 importante\u00a0 pour les relations entre la France et l\u2019Alg\u00e9rie car, a-t-il expliqu\u00e9, \u00ab\u00a0la reconnaissance par la France des crimes de sa colonisation et une condition au d\u00e9passement du pass\u00e9 colonial et au r\u00e9tablissement de la relation apais\u00e9e entre les deux pays\u00a0\u00bb.<\/p>\n<p>&#013;<\/p>\n<p>Ce qui a fait dire \u00e0 Louis-Georges Tin, universitaire connu en tant que militant contre l&rsquo;homophobie et le racisme, que\u00a0 tout crime appelle \u00e0 r\u00e9paration. Pour le porte-parole du Conseil repr\u00e9sentatif des associations noires de France (CRAN), il faut aller vers la reconnaissance des crimes coloniaux, puis vers la r\u00e9paration pour pouvoir arriver \u00e0 une\u00a0 r\u00e9conciliation.<\/p>\n<p>&#013;<\/p>\n<p>Citant des actions prises par des anciens pays colonisateurs dans le sens de la reconnaissance des crimes coloniaux, dont l\u2019Allemagne, de nombreux intervenants ont relev\u00e9 le retard de la France en la mati\u00e8re. C\u2019est le point de vue, exprim\u00e9 de fa\u00e7on tr\u00e8s br\u00e8ve, d\u2019Olivier Le Cour Grandmaison, ma\u00eetre de conf\u00e9rence en sciences politiques, dans son analyse des discours politiques de la classe politique fran\u00e7aise.<\/p>\n<p>&#013;<\/p>\n<p>\u00a0<\/p>\n<p>&#013;<\/p>\n<p style=\"text-align: center\"><strong>Crispation de la France<\/strong><\/p>\n<p>&#013;<\/p>\n<p>\u00a0<\/p>\n<p>&#013;<\/p>\n<p>Par ailleurs, d\u2019autres historiens, comme Catherine Coquery-Vidrovitch, professeur \u00e9m\u00e9rite d\u2019histoire \u00e0 l\u2019Universit\u00e9 Diderot Paris 7 ou Emmanuelle Sibeud, professeur d\u2019histoire contemporaine \u00e0 l\u2019Universit\u00e9 Paris 8, ont relev\u00e9 que, de fa\u00e7on g\u00e9n\u00e9rale, les r\u00e9pressions coloniales volontaires, totalement \u00e9touff\u00e9es, ne sont pas connues par les Fran\u00e7ais, d\u00e9sorient\u00e9s par des\u00a0 id\u00e9es fausses sur la colonisation. Emmanuelle Sibeud a point\u00e9 du doigt ce blocage et cette crispation de la France qui ne veut, a-t-elle dit, reconna\u00eetre ses crimes coloniaux.<\/p>\n<p>&#013;<\/p>\n<p>Revenant aux massacres du 8 mai 1945, la sp\u00e9cialiste de Ferhat Abbas et chercheuse au Centre national de la recherche scientifique(CNRS), Malika Rahal, a expliqu\u00e9 que les autorit\u00e9s fran\u00e7aises, \u00e0 travers ces massacres, ont voulu neutraliser la mont\u00e9e en puissance de l\u2019activit\u00e9 politique des Alg\u00e9riens en vue de l\u2019ind\u00e9pendance.<\/p>\n<p>&#013;<\/p>\n<p>Abdelmadjid Merdaci, professeur \u00e0 l\u2019Universit\u00e9 de Constantine, a insist\u00e9 pour sa part \u00e0 mettre en relief que ces massacres\u00a0 proc\u00e8dent \u00e0 d\u00e9voiler la nature de l\u2019entreprise coloniale. Il partage le m\u00eame point de vue avec Malika Rahal lorsqu\u2019il affirme qu\u2019ordonn\u00e9s par l\u2019Etat fran\u00e7ais, ces massacres ont \u00e9t\u00e9 perp\u00e9tr\u00e9s pour casser la mont\u00e9e en puissance de la revendication de l\u2019ind\u00e9pendance.<\/p>\n<p>&#013;<\/p>\n<p>\u00a0<\/p>\n<p>&#013;<\/p>\n<p style=\"text-align: center\"><strong>La partialit\u00e9 des m\u00e9dias fran\u00e7ais de l\u2019\u00e9poque<\/strong><\/p>\n<p>&#013;<\/p>\n<p>\u00a0<\/p>\n<p>&#013;<\/p>\n<p>Le journaliste d\u2019El Watan, Kamel Beniaiche, auteur du livre \u00ab\u00a0S\u00e9tif, la fosse commune : massacres du 8 Mai 1945\u00a0\u00bb, a expliqu\u00e9 que son ouvrage de 344 pages est le r\u00e9sultat d\u2019une enqu\u00eate journalistique, dans la r\u00e9gion de S\u00e9tif, qui a pris 11 ans de recherche et de recueil de t\u00e9moignages qui confirment l\u2019existence de fosses communes que les autorit\u00e9s coloniales ont toujours ni\u00e9es.<\/p>\n<p>&#013;<\/p>\n<p>Relevant la partialit\u00e9 des m\u00e9dias fran\u00e7ais de l\u2019\u00e9poque, il a soulign\u00e9 que les Alg\u00e9riens massacr\u00e9s n\u2019ont pas eu de s\u00e9pulture.<\/p>\n<p>&#013;<\/p>\n<p>Dans son intervention, le directeur de M\u00e9diapart, Edwin Plenel, a estim\u00e9 que le temps est venu afin que des mots soient dits\u00a0 au sujet des crimes coloniaux, relevant que l\u2019Alg\u00e9rie concerne des millions de Fran\u00e7ais.<\/p>\n<p>&#013;<\/p>\n<p class=\"MsoNormal\">Au d\u00e9but de la soir\u00e9e, le documentaire (60 mn) M\u00e9moire du 8 mai 1945\u00a0 de Mariem Hamidat a \u00e9t\u00e9 projet\u00e9, en pr\u00e9sence de la r\u00e9alisatrice, qui fait d\u00e9filer des personnes ayant v\u00e9cu ce drame collectif dans plusieurs localit\u00e9s de S\u00e9tif et de B\u00e9ja\u00efa.<\/p>\n<\/div>\n<p>&#013;<br \/>\nSource: <a href=\"http:\/\/www.aps.dz\/algerie\/56914-massacres-du-8-mai-1945-appel-a-l-ouverture-d-un-chantier-juridique-pour-que-la-france-reconnaisse-ces-crimes-coloniaux\" target=\"_blank\">Massacres du 8 mai 1945: appel \u00e0 l\u2019ouverture d&rsquo;un chantier juridique pour que la France reconnaisse ces crimes coloniaux<\/a><\/p>\n<!--CusAds0-->\n<div style=\"font-size: 0px; height: 0px; line-height: 0px; margin: 0; padding: 0; clear: both;\"><\/div>","protected":false},"excerpt":{"rendered":"<p>PARIS &#8211; Des historiens, universitaires et membres de la soci\u00e9t\u00e9 civile ont appel\u00e9 \u00e0 l\u2019ouverture d\u2019un chantier juridique pour que l\u2019Etat fran\u00e7ais, auteur des massacres du 8 mai 1945 en Alg\u00e9rie, reconnaisse les crimes coloniaux, voire d\u2019Etat. &#013; &#013; \u00ab\u00a0Il faut ouvrir un d\u00e9bat sur le chantier juridique sur les massacres du 8 mai 1945<\/p>\n","protected":false},"author":6,"featured_media":11398,"comment_status":"open","ping_status":"open","sticky":false,"template":"","format":"standard","meta":{"footnotes":""},"categories":[22],"tags":[93],"class_list":["post-11397","post","type-post","status-publish","format-standard","has-post-thumbnail","hentry","category-infos","tag-onu"],"yoast_head":"<!-- This site is optimized with the Yoast SEO plugin v27.5 - https:\/\/yoast.com\/product\/yoast-seo-wordpress\/ -->\n<title>Massacres du 8 mai 1945: appel \u00e0 l\u2019ouverture d&#039;un chantier juridique pour que la France reconnaisse ces crimes coloniaux - info algerie<\/title>\n<meta name=\"robots\" content=\"index, follow, max-snippet:-1, max-image-preview:large, max-video-preview:-1\" \/>\n<link rel=\"canonical\" href=\"https:\/\/www.info-algerie.com\/actualites\/massacres-du-8-mai-1945-appel-a-louverture-dun-chantier-juridique-pour-que-la-france-reconnaisse-ces-crimes-coloniaux\/\" \/>\n<meta property=\"og:locale\" content=\"fr_FR\" \/>\n<meta property=\"og:type\" content=\"article\" \/>\n<meta property=\"og:title\" content=\"Massacres du 8 mai 1945: appel \u00e0 l\u2019ouverture d&#039;un chantier juridique pour que la France reconnaisse ces crimes coloniaux - info algerie\" \/>\n<meta property=\"og:description\" content=\"PARIS &#8211; Des historiens, universitaires et membres de la soci\u00e9t\u00e9 civile ont appel\u00e9 \u00e0 l\u2019ouverture d\u2019un chantier juridique pour que l\u2019Etat fran\u00e7ais, auteur des massacres du 8 mai 1945 en Alg\u00e9rie, reconnaisse les crimes coloniaux, voire d\u2019Etat. &#013; &#013; \u00ab\u00a0Il faut ouvrir un d\u00e9bat sur le chantier juridique sur les massacres du 8 mai 1945\" \/>\n<meta property=\"og:url\" content=\"https:\/\/www.info-algerie.com\/actualites\/massacres-du-8-mai-1945-appel-a-louverture-dun-chantier-juridique-pour-que-la-france-reconnaisse-ces-crimes-coloniaux\/\" \/>\n<meta property=\"og:site_name\" content=\"info algerie\" \/>\n<meta property=\"article:publisher\" content=\"https:\/\/www.facebook.com\/infoalgerieactu\" \/>\n<meta property=\"article:published_time\" content=\"2017-05-03T11:04:54+00:00\" \/>\n<meta property=\"og:image\" content=\"https:\/\/www.info-algerie.com\/actualites\/wp-content\/uploads\/2017\/05\/18089a41170681e86a68ab5363f78983_S-1.jpg\" \/>\n\t<meta property=\"og:image:width\" content=\"280\" \/>\n\t<meta property=\"og:image:height\" content=\"169\" \/>\n\t<meta property=\"og:image:type\" content=\"image\/jpeg\" \/>\n<meta name=\"author\" content=\"La r\u00e9daction\" \/>\n<meta name=\"twitter:label1\" content=\"\u00c9crit par\" \/>\n\t<meta name=\"twitter:data1\" content=\"La r\u00e9daction\" \/>\n\t<meta name=\"twitter:label2\" content=\"Dur\u00e9e de lecture estim\u00e9e\" \/>\n\t<meta name=\"twitter:data2\" content=\"4 minutes\" \/>\n<script type=\"application\/ld+json\" class=\"yoast-schema-graph\">{\"@context\":\"https:\\\/\\\/schema.org\",\"@graph\":[{\"@type\":\"Article\",\"@id\":\"https:\\\/\\\/www.info-algerie.com\\\/actualites\\\/massacres-du-8-mai-1945-appel-a-louverture-dun-chantier-juridique-pour-que-la-france-reconnaisse-ces-crimes-coloniaux\\\/#article\",\"isPartOf\":{\"@id\":\"https:\\\/\\\/www.info-algerie.com\\\/actualites\\\/massacres-du-8-mai-1945-appel-a-louverture-dun-chantier-juridique-pour-que-la-france-reconnaisse-ces-crimes-coloniaux\\\/\"},\"author\":{\"name\":\"La r\u00e9daction\",\"@id\":\"https:\\\/\\\/www.info-algerie.com\\\/actualites\\\/#\\\/schema\\\/person\\\/847aaec44920825b843a08f30ec6aa1e\"},\"headline\":\"Massacres du 8 mai 1945: appel \u00e0 l\u2019ouverture d&#039;un chantier juridique pour que la France reconnaisse ces crimes coloniaux\",\"datePublished\":\"2017-05-03T11:04:54+00:00\",\"mainEntityOfPage\":{\"@id\":\"https:\\\/\\\/www.info-algerie.com\\\/actualites\\\/massacres-du-8-mai-1945-appel-a-louverture-dun-chantier-juridique-pour-que-la-france-reconnaisse-ces-crimes-coloniaux\\\/\"},\"wordCount\":823,\"commentCount\":0,\"publisher\":{\"@id\":\"https:\\\/\\\/www.info-algerie.com\\\/actualites\\\/#organization\"},\"image\":{\"@id\":\"https:\\\/\\\/www.info-algerie.com\\\/actualites\\\/massacres-du-8-mai-1945-appel-a-louverture-dun-chantier-juridique-pour-que-la-france-reconnaisse-ces-crimes-coloniaux\\\/#primaryimage\"},\"thumbnailUrl\":\"https:\\\/\\\/www.info-algerie.com\\\/actualites\\\/wp-content\\\/uploads\\\/2017\\\/05\\\/18089a41170681e86a68ab5363f78983_S-1.jpg\",\"keywords\":[\"ONU\"],\"articleSection\":[\"infos\"],\"inLanguage\":\"fr-FR\",\"potentialAction\":[{\"@type\":\"CommentAction\",\"name\":\"Comment\",\"target\":[\"https:\\\/\\\/www.info-algerie.com\\\/actualites\\\/massacres-du-8-mai-1945-appel-a-louverture-dun-chantier-juridique-pour-que-la-france-reconnaisse-ces-crimes-coloniaux\\\/#respond\"]}]},{\"@type\":\"WebPage\",\"@id\":\"https:\\\/\\\/www.info-algerie.com\\\/actualites\\\/massacres-du-8-mai-1945-appel-a-louverture-dun-chantier-juridique-pour-que-la-france-reconnaisse-ces-crimes-coloniaux\\\/\",\"url\":\"https:\\\/\\\/www.info-algerie.com\\\/actualites\\\/massacres-du-8-mai-1945-appel-a-louverture-dun-chantier-juridique-pour-que-la-france-reconnaisse-ces-crimes-coloniaux\\\/\",\"name\":\"Massacres du 8 mai 1945: appel \u00e0 l\u2019ouverture d&#039;un chantier juridique pour que la France reconnaisse ces crimes coloniaux - info algerie\",\"isPartOf\":{\"@id\":\"https:\\\/\\\/www.info-algerie.com\\\/actualites\\\/#website\"},\"primaryImageOfPage\":{\"@id\":\"https:\\\/\\\/www.info-algerie.com\\\/actualites\\\/massacres-du-8-mai-1945-appel-a-louverture-dun-chantier-juridique-pour-que-la-france-reconnaisse-ces-crimes-coloniaux\\\/#primaryimage\"},\"image\":{\"@id\":\"https:\\\/\\\/www.info-algerie.com\\\/actualites\\\/massacres-du-8-mai-1945-appel-a-louverture-dun-chantier-juridique-pour-que-la-france-reconnaisse-ces-crimes-coloniaux\\\/#primaryimage\"},\"thumbnailUrl\":\"https:\\\/\\\/www.info-algerie.com\\\/actualites\\\/wp-content\\\/uploads\\\/2017\\\/05\\\/18089a41170681e86a68ab5363f78983_S-1.jpg\",\"datePublished\":\"2017-05-03T11:04:54+00:00\",\"breadcrumb\":{\"@id\":\"https:\\\/\\\/www.info-algerie.com\\\/actualites\\\/massacres-du-8-mai-1945-appel-a-louverture-dun-chantier-juridique-pour-que-la-france-reconnaisse-ces-crimes-coloniaux\\\/#breadcrumb\"},\"inLanguage\":\"fr-FR\",\"potentialAction\":[{\"@type\":\"ReadAction\",\"target\":[\"https:\\\/\\\/www.info-algerie.com\\\/actualites\\\/massacres-du-8-mai-1945-appel-a-louverture-dun-chantier-juridique-pour-que-la-france-reconnaisse-ces-crimes-coloniaux\\\/\"]}]},{\"@type\":\"ImageObject\",\"inLanguage\":\"fr-FR\",\"@id\":\"https:\\\/\\\/www.info-algerie.com\\\/actualites\\\/massacres-du-8-mai-1945-appel-a-louverture-dun-chantier-juridique-pour-que-la-france-reconnaisse-ces-crimes-coloniaux\\\/#primaryimage\",\"url\":\"https:\\\/\\\/www.info-algerie.com\\\/actualites\\\/wp-content\\\/uploads\\\/2017\\\/05\\\/18089a41170681e86a68ab5363f78983_S-1.jpg\",\"contentUrl\":\"https:\\\/\\\/www.info-algerie.com\\\/actualites\\\/wp-content\\\/uploads\\\/2017\\\/05\\\/18089a41170681e86a68ab5363f78983_S-1.jpg\",\"width\":280,\"height\":169},{\"@type\":\"BreadcrumbList\",\"@id\":\"https:\\\/\\\/www.info-algerie.com\\\/actualites\\\/massacres-du-8-mai-1945-appel-a-louverture-dun-chantier-juridique-pour-que-la-france-reconnaisse-ces-crimes-coloniaux\\\/#breadcrumb\",\"itemListElement\":[{\"@type\":\"ListItem\",\"position\":1,\"name\":\"Accueil\",\"item\":\"https:\\\/\\\/www.info-algerie.com\\\/actualites\\\/\"},{\"@type\":\"ListItem\",\"position\":2,\"name\":\"Massacres du 8 mai 1945: appel \u00e0 l\u2019ouverture d&#039;un chantier juridique pour que la France reconnaisse ces crimes coloniaux\"}]},{\"@type\":\"WebSite\",\"@id\":\"https:\\\/\\\/www.info-algerie.com\\\/actualites\\\/#website\",\"url\":\"https:\\\/\\\/www.info-algerie.com\\\/actualites\\\/\",\"name\":\"info algerie\",\"description\":\"Toutes les actualit\u00e9s\",\"publisher\":{\"@id\":\"https:\\\/\\\/www.info-algerie.com\\\/actualites\\\/#organization\"},\"potentialAction\":[{\"@type\":\"SearchAction\",\"target\":{\"@type\":\"EntryPoint\",\"urlTemplate\":\"https:\\\/\\\/www.info-algerie.com\\\/actualites\\\/?s={search_term_string}\"},\"query-input\":{\"@type\":\"PropertyValueSpecification\",\"valueRequired\":true,\"valueName\":\"search_term_string\"}}],\"inLanguage\":\"fr-FR\"},{\"@type\":\"Organization\",\"@id\":\"https:\\\/\\\/www.info-algerie.com\\\/actualites\\\/#organization\",\"name\":\"info algerie\",\"url\":\"https:\\\/\\\/www.info-algerie.com\\\/actualites\\\/\",\"logo\":{\"@type\":\"ImageObject\",\"inLanguage\":\"fr-FR\",\"@id\":\"https:\\\/\\\/www.info-algerie.com\\\/actualites\\\/#\\\/schema\\\/logo\\\/image\\\/\",\"url\":\"https:\\\/\\\/www.info-algerie.com\\\/actualites\\\/wp-content\\\/uploads\\\/2022\\\/07\\\/logo-ia-120.png\",\"contentUrl\":\"https:\\\/\\\/www.info-algerie.com\\\/actualites\\\/wp-content\\\/uploads\\\/2022\\\/07\\\/logo-ia-120.png\",\"width\":120,\"height\":43,\"caption\":\"info algerie\"},\"image\":{\"@id\":\"https:\\\/\\\/www.info-algerie.com\\\/actualites\\\/#\\\/schema\\\/logo\\\/image\\\/\"},\"sameAs\":[\"https:\\\/\\\/www.facebook.com\\\/infoalgerieactu\",\"https:\\\/\\\/x.com\\\/infoalgerie1\"]},{\"@type\":\"Person\",\"@id\":\"https:\\\/\\\/www.info-algerie.com\\\/actualites\\\/#\\\/schema\\\/person\\\/847aaec44920825b843a08f30ec6aa1e\",\"name\":\"La r\u00e9daction\",\"image\":{\"@type\":\"ImageObject\",\"inLanguage\":\"fr-FR\",\"@id\":\"https:\\\/\\\/secure.gravatar.com\\\/avatar\\\/769db425c6f465158149f1ffd6cf61ce7a8a879d11dfbef8288af36dfddd418c?s=96&d=mm&r=g\",\"url\":\"https:\\\/\\\/secure.gravatar.com\\\/avatar\\\/769db425c6f465158149f1ffd6cf61ce7a8a879d11dfbef8288af36dfddd418c?s=96&d=mm&r=g\",\"contentUrl\":\"https:\\\/\\\/secure.gravatar.com\\\/avatar\\\/769db425c6f465158149f1ffd6cf61ce7a8a879d11dfbef8288af36dfddd418c?s=96&d=mm&r=g\",\"caption\":\"La r\u00e9daction\"},\"sameAs\":[\"http:\\\/\\\/www.lkeria.com\\\/\"],\"url\":\"https:\\\/\\\/www.info-algerie.com\\\/actualites\\\/author\\\/chakib32\\\/\"}]}<\/script>\n<!-- \/ Yoast SEO plugin. -->","yoast_head_json":{"title":"Massacres du 8 mai 1945: appel \u00e0 l\u2019ouverture d&#039;un chantier juridique pour que la France reconnaisse ces crimes coloniaux - info algerie","robots":{"index":"index","follow":"follow","max-snippet":"max-snippet:-1","max-image-preview":"max-image-preview:large","max-video-preview":"max-video-preview:-1"},"canonical":"https:\/\/www.info-algerie.com\/actualites\/massacres-du-8-mai-1945-appel-a-louverture-dun-chantier-juridique-pour-que-la-france-reconnaisse-ces-crimes-coloniaux\/","og_locale":"fr_FR","og_type":"article","og_title":"Massacres du 8 mai 1945: appel \u00e0 l\u2019ouverture d&#039;un chantier juridique pour que la France reconnaisse ces crimes coloniaux - info algerie","og_description":"PARIS &#8211; Des historiens, universitaires et membres de la soci\u00e9t\u00e9 civile ont appel\u00e9 \u00e0 l\u2019ouverture d\u2019un chantier juridique pour que l\u2019Etat fran\u00e7ais, auteur des massacres du 8 mai 1945 en Alg\u00e9rie, reconnaisse les crimes coloniaux, voire d\u2019Etat. &#013; &#013; \u00ab\u00a0Il faut ouvrir un d\u00e9bat sur le chantier juridique sur les massacres du 8 mai 1945","og_url":"https:\/\/www.info-algerie.com\/actualites\/massacres-du-8-mai-1945-appel-a-louverture-dun-chantier-juridique-pour-que-la-france-reconnaisse-ces-crimes-coloniaux\/","og_site_name":"info algerie","article_publisher":"https:\/\/www.facebook.com\/infoalgerieactu","article_published_time":"2017-05-03T11:04:54+00:00","og_image":[{"width":280,"height":169,"url":"https:\/\/www.info-algerie.com\/actualites\/wp-content\/uploads\/2017\/05\/18089a41170681e86a68ab5363f78983_S-1.jpg","type":"image\/jpeg"}],"author":"La r\u00e9daction","twitter_misc":{"\u00c9crit par":"La r\u00e9daction","Dur\u00e9e de lecture estim\u00e9e":"4 minutes"},"schema":{"@context":"https:\/\/schema.org","@graph":[{"@type":"Article","@id":"https:\/\/www.info-algerie.com\/actualites\/massacres-du-8-mai-1945-appel-a-louverture-dun-chantier-juridique-pour-que-la-france-reconnaisse-ces-crimes-coloniaux\/#article","isPartOf":{"@id":"https:\/\/www.info-algerie.com\/actualites\/massacres-du-8-mai-1945-appel-a-louverture-dun-chantier-juridique-pour-que-la-france-reconnaisse-ces-crimes-coloniaux\/"},"author":{"name":"La r\u00e9daction","@id":"https:\/\/www.info-algerie.com\/actualites\/#\/schema\/person\/847aaec44920825b843a08f30ec6aa1e"},"headline":"Massacres du 8 mai 1945: appel \u00e0 l\u2019ouverture d&#039;un chantier juridique pour que la France reconnaisse ces crimes coloniaux","datePublished":"2017-05-03T11:04:54+00:00","mainEntityOfPage":{"@id":"https:\/\/www.info-algerie.com\/actualites\/massacres-du-8-mai-1945-appel-a-louverture-dun-chantier-juridique-pour-que-la-france-reconnaisse-ces-crimes-coloniaux\/"},"wordCount":823,"commentCount":0,"publisher":{"@id":"https:\/\/www.info-algerie.com\/actualites\/#organization"},"image":{"@id":"https:\/\/www.info-algerie.com\/actualites\/massacres-du-8-mai-1945-appel-a-louverture-dun-chantier-juridique-pour-que-la-france-reconnaisse-ces-crimes-coloniaux\/#primaryimage"},"thumbnailUrl":"https:\/\/www.info-algerie.com\/actualites\/wp-content\/uploads\/2017\/05\/18089a41170681e86a68ab5363f78983_S-1.jpg","keywords":["ONU"],"articleSection":["infos"],"inLanguage":"fr-FR","potentialAction":[{"@type":"CommentAction","name":"Comment","target":["https:\/\/www.info-algerie.com\/actualites\/massacres-du-8-mai-1945-appel-a-louverture-dun-chantier-juridique-pour-que-la-france-reconnaisse-ces-crimes-coloniaux\/#respond"]}]},{"@type":"WebPage","@id":"https:\/\/www.info-algerie.com\/actualites\/massacres-du-8-mai-1945-appel-a-louverture-dun-chantier-juridique-pour-que-la-france-reconnaisse-ces-crimes-coloniaux\/","url":"https:\/\/www.info-algerie.com\/actualites\/massacres-du-8-mai-1945-appel-a-louverture-dun-chantier-juridique-pour-que-la-france-reconnaisse-ces-crimes-coloniaux\/","name":"Massacres du 8 mai 1945: appel \u00e0 l\u2019ouverture d&#039;un chantier juridique pour que la France reconnaisse ces crimes coloniaux - info algerie","isPartOf":{"@id":"https:\/\/www.info-algerie.com\/actualites\/#website"},"primaryImageOfPage":{"@id":"https:\/\/www.info-algerie.com\/actualites\/massacres-du-8-mai-1945-appel-a-louverture-dun-chantier-juridique-pour-que-la-france-reconnaisse-ces-crimes-coloniaux\/#primaryimage"},"image":{"@id":"https:\/\/www.info-algerie.com\/actualites\/massacres-du-8-mai-1945-appel-a-louverture-dun-chantier-juridique-pour-que-la-france-reconnaisse-ces-crimes-coloniaux\/#primaryimage"},"thumbnailUrl":"https:\/\/www.info-algerie.com\/actualites\/wp-content\/uploads\/2017\/05\/18089a41170681e86a68ab5363f78983_S-1.jpg","datePublished":"2017-05-03T11:04:54+00:00","breadcrumb":{"@id":"https:\/\/www.info-algerie.com\/actualites\/massacres-du-8-mai-1945-appel-a-louverture-dun-chantier-juridique-pour-que-la-france-reconnaisse-ces-crimes-coloniaux\/#breadcrumb"},"inLanguage":"fr-FR","potentialAction":[{"@type":"ReadAction","target":["https:\/\/www.info-algerie.com\/actualites\/massacres-du-8-mai-1945-appel-a-louverture-dun-chantier-juridique-pour-que-la-france-reconnaisse-ces-crimes-coloniaux\/"]}]},{"@type":"ImageObject","inLanguage":"fr-FR","@id":"https:\/\/www.info-algerie.com\/actualites\/massacres-du-8-mai-1945-appel-a-louverture-dun-chantier-juridique-pour-que-la-france-reconnaisse-ces-crimes-coloniaux\/#primaryimage","url":"https:\/\/www.info-algerie.com\/actualites\/wp-content\/uploads\/2017\/05\/18089a41170681e86a68ab5363f78983_S-1.jpg","contentUrl":"https:\/\/www.info-algerie.com\/actualites\/wp-content\/uploads\/2017\/05\/18089a41170681e86a68ab5363f78983_S-1.jpg","width":280,"height":169},{"@type":"BreadcrumbList","@id":"https:\/\/www.info-algerie.com\/actualites\/massacres-du-8-mai-1945-appel-a-louverture-dun-chantier-juridique-pour-que-la-france-reconnaisse-ces-crimes-coloniaux\/#breadcrumb","itemListElement":[{"@type":"ListItem","position":1,"name":"Accueil","item":"https:\/\/www.info-algerie.com\/actualites\/"},{"@type":"ListItem","position":2,"name":"Massacres du 8 mai 1945: appel \u00e0 l\u2019ouverture d&#039;un chantier juridique pour que la France reconnaisse ces crimes coloniaux"}]},{"@type":"WebSite","@id":"https:\/\/www.info-algerie.com\/actualites\/#website","url":"https:\/\/www.info-algerie.com\/actualites\/","name":"info algerie","description":"Toutes les actualit\u00e9s","publisher":{"@id":"https:\/\/www.info-algerie.com\/actualites\/#organization"},"potentialAction":[{"@type":"SearchAction","target":{"@type":"EntryPoint","urlTemplate":"https:\/\/www.info-algerie.com\/actualites\/?s={search_term_string}"},"query-input":{"@type":"PropertyValueSpecification","valueRequired":true,"valueName":"search_term_string"}}],"inLanguage":"fr-FR"},{"@type":"Organization","@id":"https:\/\/www.info-algerie.com\/actualites\/#organization","name":"info algerie","url":"https:\/\/www.info-algerie.com\/actualites\/","logo":{"@type":"ImageObject","inLanguage":"fr-FR","@id":"https:\/\/www.info-algerie.com\/actualites\/#\/schema\/logo\/image\/","url":"https:\/\/www.info-algerie.com\/actualites\/wp-content\/uploads\/2022\/07\/logo-ia-120.png","contentUrl":"https:\/\/www.info-algerie.com\/actualites\/wp-content\/uploads\/2022\/07\/logo-ia-120.png","width":120,"height":43,"caption":"info algerie"},"image":{"@id":"https:\/\/www.info-algerie.com\/actualites\/#\/schema\/logo\/image\/"},"sameAs":["https:\/\/www.facebook.com\/infoalgerieactu","https:\/\/x.com\/infoalgerie1"]},{"@type":"Person","@id":"https:\/\/www.info-algerie.com\/actualites\/#\/schema\/person\/847aaec44920825b843a08f30ec6aa1e","name":"La r\u00e9daction","image":{"@type":"ImageObject","inLanguage":"fr-FR","@id":"https:\/\/secure.gravatar.com\/avatar\/769db425c6f465158149f1ffd6cf61ce7a8a879d11dfbef8288af36dfddd418c?s=96&d=mm&r=g","url":"https:\/\/secure.gravatar.com\/avatar\/769db425c6f465158149f1ffd6cf61ce7a8a879d11dfbef8288af36dfddd418c?s=96&d=mm&r=g","contentUrl":"https:\/\/secure.gravatar.com\/avatar\/769db425c6f465158149f1ffd6cf61ce7a8a879d11dfbef8288af36dfddd418c?s=96&d=mm&r=g","caption":"La r\u00e9daction"},"sameAs":["http:\/\/www.lkeria.com\/"],"url":"https:\/\/www.info-algerie.com\/actualites\/author\/chakib32\/"}]}},"_links":{"self":[{"href":"https:\/\/www.info-algerie.com\/actualites\/wp-json\/wp\/v2\/posts\/11397","targetHints":{"allow":["GET"]}}],"collection":[{"href":"https:\/\/www.info-algerie.com\/actualites\/wp-json\/wp\/v2\/posts"}],"about":[{"href":"https:\/\/www.info-algerie.com\/actualites\/wp-json\/wp\/v2\/types\/post"}],"author":[{"embeddable":true,"href":"https:\/\/www.info-algerie.com\/actualites\/wp-json\/wp\/v2\/users\/6"}],"replies":[{"embeddable":true,"href":"https:\/\/www.info-algerie.com\/actualites\/wp-json\/wp\/v2\/comments?post=11397"}],"version-history":[{"count":0,"href":"https:\/\/www.info-algerie.com\/actualites\/wp-json\/wp\/v2\/posts\/11397\/revisions"}],"wp:featuredmedia":[{"embeddable":true,"href":"https:\/\/www.info-algerie.com\/actualites\/wp-json\/wp\/v2\/media\/11398"}],"wp:attachment":[{"href":"https:\/\/www.info-algerie.com\/actualites\/wp-json\/wp\/v2\/media?parent=11397"}],"wp:term":[{"taxonomy":"category","embeddable":true,"href":"https:\/\/www.info-algerie.com\/actualites\/wp-json\/wp\/v2\/categories?post=11397"},{"taxonomy":"post_tag","embeddable":true,"href":"https:\/\/www.info-algerie.com\/actualites\/wp-json\/wp\/v2\/tags?post=11397"}],"curies":[{"name":"wp","href":"https:\/\/api.w.org\/{rel}","templated":true}]}}