{"id":11400,"date":"2017-05-03T13:58:52","date_gmt":"2017-05-03T12:58:52","guid":{"rendered":"http:\/\/www.info-algerie.com\/actualites\/liberte-de-la-presse-le-message-du-president-de-la-republique-une-feuille-de-route-pour-le-secteur\/"},"modified":"2017-05-03T13:58:52","modified_gmt":"2017-05-03T12:58:52","slug":"liberte-de-la-presse-le-message-du-president-de-la-republique-une-feuille-de-route-pour-le-secteur","status":"publish","type":"post","link":"https:\/\/www.info-algerie.com\/actualites\/liberte-de-la-presse-le-message-du-president-de-la-republique-une-feuille-de-route-pour-le-secteur\/","title":{"rendered":"Libert\u00e9 de la presse: le message du pr\u00e9sident de la R\u00e9publique, une &quot;feuille de route&quot; pour le secteur"},"content":{"rendered":"<div class=\"K2FeedImage\"><img decoding=\"async\" src=\"https:\/\/www.info-algerie.com\/actualites\/wp-content\/uploads\/2017\/05\/98b477d603f440583dec74df55a122de_S.jpg\" \/><\/div>\n<div class=\"K2FeedIntroText\">\n<p>ALGER &#8211; Le ministre de la Communication, Hamid Grine, a qualifi\u00e9 le message adress\u00e9 par le pr\u00e9sident de la R\u00e9publique \u00e0 la famille de la presse alg\u00e9rienne \u00e0 l&rsquo;occasion de la c\u00e9l\u00e9bration de la journ\u00e9e mondiale de la libert\u00e9 de la presse de \u00ab\u00a0feuille de route\u00a0\u00bb pour le secteur de la communication.<\/p>\n<p>&#013;\n<\/p><\/div>\n<div class=\"K2FeedFullText\">&#013;<\/p>\n<p>\u00ab\u00a0<strong><a href=\"http:\/\/www.aps.dz\/algerie\/56893-message-du-president-de-la-republique-a-l-occasion-de-la-journee-mondiale-de-la-liberte-de-la-presse-texte-integral\">Le message du pr\u00e9sident de la R\u00e9publique<\/a><\/strong> est une feuille de route pour le secteur de la communication. C\u2019est aussi un appel aux journalistes de mettre l&rsquo;Alg\u00e9rie au-dessus de toute consid\u00e9ration et de l\u2019aimer car on n\u2019a pas d\u2019autre pays de rechange\u00a0\u00bb, a affirm\u00e9 M. Grine qui \u00e9tait l&rsquo;invit\u00e9 de la cha\u00eene III de la Radio nationale.<\/p>\n<p>&#013;<\/p>\n<p>Le ministre a indiqu\u00e9 que le message du pr\u00e9sident Bouteflika est aussi un appel \u00ab\u00a0au respect des r\u00e8gles de la profession\u00a0\u00bb, ajoutant que le chef de l&rsquo;Etat a adress\u00e9 en m\u00eame temps un \u00ab\u00a0message aux \u00e9diteurs, publics et priv\u00e9s, afin qu\u2019ils offrent aux journalistes les meilleures conditions de travail\u00a0\u00bb.<\/p>\n<p>&#013;<\/p>\n<p>Sur le m\u00eame sujet, il a r\u00e9v\u00e9l\u00e9 avoir saisi le ministre du Travail, de l&rsquo;Emploi et de la S\u00e9curit\u00e9 sociale dans le but de \u00ab\u00a0d\u00e9p\u00eacher des \u00e9quipes d&rsquo;inspection\u00a0\u00bb au niveau des journaux de la presse \u00e9crite afin, a-t-il dit, de \u00ab\u00a0s&rsquo;enqu\u00e9rir de la situation des journalistes qui exercent depuis un certain temps sans b\u00e9n\u00e9ficier d\u2019un contrat de travail ou d\u2019une couverture sociale\u00a0\u00bb.<\/p>\n<p>&#013;<\/p>\n<p>\u00ab\u00a0Je demande aux journaux priv\u00e9s de remplir leur fonction sociale, notamment les journaux qui b\u00e9n\u00e9ficient de publicit\u00e9, laquelle ne doit pas profiter aux employeurs et \u00e9diteurs uniquement\u00a0\u00bb, a ass\u00e9n\u00e9 le ministre.<\/p>\n<p>&#013;<\/p>\n<p>A une question relative \u00e0 la couverture m\u00e9diatique par les m\u00e9dias publics de la campagne \u00e9lectorale pour les l\u00e9gislatives, le ministre a indiqu\u00e9 que \u00ab\u00a0le travail effectu\u00e9 par la t\u00e9l\u00e9vision, la radio et la presse publiques est excellent\u00a0\u00bb.<\/p>\n<p>&#013;<\/p>\n<p>\u00ab\u00a0Je ne tiens pas ce langage car il s&rsquo;agit de m\u00e9dias publics, mais j\u2019ai suivi le travail effectu\u00e9 durant toute la campagne et j&rsquo;avoue qu&rsquo;il a \u00e9t\u00e9 excellent et sans aucun d\u00e9rapage\u00a0\u00bb, a soulign\u00e9 M. Grine.<\/p>\n<p>&#013;<\/p>\n<p>Pour ce qui est de la presse priv\u00e9e, il a estim\u00e9 qu&rsquo;elle a \u00e9t\u00e9 \u00ab\u00a0globalement \u00e0 la hauteur des attentes, malgr\u00e9 quelques d\u00e9rapages, notamment des chaines de t\u00e9l\u00e9vision qui sont \u00e0 leurs premiers pas en mati\u00e8re de couverture m\u00e9diatique des \u00e9lections\u00a0\u00bb.<\/p>\n<p>&#013;<\/p>\n<p>A ce propos, il a cit\u00e9 le cas de la cha\u00eene Echourouk TV qui \u00ab\u00a0a donn\u00e9 la parole \u00e0 une candidate aux l\u00e9gislatives, alors que la loi exige un silence \u00e9lectoral durant cette p\u00e9riode\u00a0\u00bb, faisant observer cependant que \u00ab\u00a0la non-parution du quotidien Echourouk n\u2019a rien \u00e0 voir avec l&rsquo;incident de la cha\u00eene Echourouk TV\u00a0\u00bb.<\/p>\n<p>&#013;<\/p>\n<p>\u00ab\u00a0Il s\u2019agit d\u2019une affaire purement commerciale, ce journal \u00e9tant endett\u00e9 vis-\u00e0-vis des imprimeries de l\u2019Etat, dont certaines d\u2019entre elles sont au bord du d\u00e9p\u00f4t de bilan\u00a0\u00bb, a ajout\u00e9 M. Grine, estimant que \u00ab\u00a0ces imprimeries ont \u00e9t\u00e9 tol\u00e9rantes\u00a0\u00bb.<\/p>\n<p>&#013;<\/p>\n<p>Il a fait savoir que les dettes financi\u00e8res de ce journal envers des imprimeries se chiffrent \u00e0 quelque 60 milliards de centimes, relevant qu&rsquo;il en avait parl\u00e9 au directeur g\u00e9n\u00e9ral de cette publication.<\/p>\n<p>&#013;<\/p>\n<p>\u00ab\u00a0Je lui ai recondamn\u00e9 d\u2019\u00e9tablir un \u00e9ch\u00e9ancier et de le respecter\u00a0\u00bb, a-t-il dit, renouvelant son appel \u00e0 la direction de ce journal de\u00a0\u00bb trouver une solution avec les imprimeries\u00a0\u00bb.<\/p>\n<p>&#013;<\/p>\n<p>A une question relative \u00e0 l&rsquo;agr\u00e9ment des cha\u00eenes radiophoniques en Alg\u00e9rie, M. Grine a fait savoir que \u00ab\u00a0cela se fera dans moins de deux ans\u00a0\u00bb, car, a-t-il expliqu\u00e9, \u00ab\u00a0il faudrait d&rsquo;abord disposer de fr\u00e9quences\u00a0\u00bb.<\/p>\n<p>&#013;<\/p>\n<p class=\"MsoNormal\">Pour ce qui est des cha\u00eenes de t\u00e9l\u00e9vision, il a rappel\u00e9 que d&rsquo;autres agr\u00e9ments seront d\u00e9livr\u00e9s apr\u00e8s les \u00e9lections l\u00e9gislatives du 4 mai, estimant qu&rsquo;il y a \u00ab\u00a0une libert\u00e9 totale dans l\u2019audiovisuel\u00a0\u00bb.<\/p>\n<\/div>\n<p>&#013;<br \/>\nSource: <a href=\"http:\/\/www.aps.dz\/algerie\/56928-liberte-de-la-presse-le-message-du-president-de-la-republique-une-feuille-de-route-pour-le-secteur\" target=\"_blank\">Libert\u00e9 de la presse: le message du pr\u00e9sident de la R\u00e9publique, une \u00ab\u00a0feuille de route\u00a0\u00bb pour le secteur<\/a><\/p>\n<!--CusAds0-->\n<div style=\"font-size: 0px; height: 0px; line-height: 0px; margin: 0; padding: 0; clear: both;\"><\/div>","protected":false},"excerpt":{"rendered":"<p>ALGER &#8211; Le ministre de la Communication, Hamid Grine, a qualifi\u00e9 le message adress\u00e9 par le pr\u00e9sident de la R\u00e9publique \u00e0 la famille de la presse alg\u00e9rienne \u00e0 l&rsquo;occasion de la c\u00e9l\u00e9bration de la journ\u00e9e mondiale de la libert\u00e9 de la presse de \u00ab\u00a0feuille de route\u00a0\u00bb pour le secteur de la communication. &#013; &#013; \u00ab\u00a0Le<\/p>\n","protected":false},"author":6,"featured_media":11401,"comment_status":"open","ping_status":"open","sticky":false,"template":"","format":"standard","meta":{"footnotes":""},"categories":[22],"tags":[93],"class_list":["post-11400","post","type-post","status-publish","format-standard","has-post-thumbnail","hentry","category-infos","tag-onu"],"yoast_head":"<!-- This site is optimized with the Yoast SEO plugin v27.5 - https:\/\/yoast.com\/product\/yoast-seo-wordpress\/ -->\n<title>Libert\u00e9 de la presse: le message du pr\u00e9sident de la R\u00e9publique, une &quot;feuille de route&quot; pour le secteur - info algerie<\/title>\n<meta name=\"robots\" content=\"index, follow, max-snippet:-1, max-image-preview:large, max-video-preview:-1\" \/>\n<link rel=\"canonical\" href=\"https:\/\/www.info-algerie.com\/actualites\/liberte-de-la-presse-le-message-du-president-de-la-republique-une-feuille-de-route-pour-le-secteur\/\" \/>\n<meta property=\"og:locale\" content=\"fr_FR\" \/>\n<meta property=\"og:type\" content=\"article\" \/>\n<meta property=\"og:title\" content=\"Libert\u00e9 de la presse: le message du pr\u00e9sident de la R\u00e9publique, une &quot;feuille de route&quot; pour le secteur - info algerie\" \/>\n<meta property=\"og:description\" content=\"ALGER &#8211; Le ministre de la Communication, Hamid Grine, a qualifi\u00e9 le message adress\u00e9 par le pr\u00e9sident de la R\u00e9publique \u00e0 la famille de la presse alg\u00e9rienne \u00e0 l&rsquo;occasion de la c\u00e9l\u00e9bration de la journ\u00e9e mondiale de la libert\u00e9 de la presse de \u00ab\u00a0feuille de route\u00a0\u00bb pour le secteur de la communication. &#013; &#013; \u00ab\u00a0Le\" \/>\n<meta property=\"og:url\" content=\"https:\/\/www.info-algerie.com\/actualites\/liberte-de-la-presse-le-message-du-president-de-la-republique-une-feuille-de-route-pour-le-secteur\/\" \/>\n<meta property=\"og:site_name\" content=\"info algerie\" \/>\n<meta property=\"article:publisher\" content=\"https:\/\/www.facebook.com\/infoalgerieactu\" \/>\n<meta property=\"article:published_time\" content=\"2017-05-03T12:58:52+00:00\" \/>\n<meta property=\"og:image\" content=\"https:\/\/www.info-algerie.com\/actualites\/wp-content\/uploads\/2017\/05\/98b477d603f440583dec74df55a122de_S-1.jpg\" \/>\n\t<meta property=\"og:image:width\" content=\"280\" \/>\n\t<meta property=\"og:image:height\" content=\"169\" \/>\n\t<meta property=\"og:image:type\" content=\"image\/jpeg\" \/>\n<meta name=\"author\" content=\"La r\u00e9daction\" \/>\n<meta name=\"twitter:label1\" content=\"\u00c9crit par\" \/>\n\t<meta name=\"twitter:data1\" content=\"La r\u00e9daction\" \/>\n\t<meta name=\"twitter:label2\" content=\"Dur\u00e9e de lecture estim\u00e9e\" \/>\n\t<meta name=\"twitter:data2\" content=\"3 minutes\" \/>\n<script type=\"application\/ld+json\" class=\"yoast-schema-graph\">{\"@context\":\"https:\\\/\\\/schema.org\",\"@graph\":[{\"@type\":\"Article\",\"@id\":\"https:\\\/\\\/www.info-algerie.com\\\/actualites\\\/liberte-de-la-presse-le-message-du-president-de-la-republique-une-feuille-de-route-pour-le-secteur\\\/#article\",\"isPartOf\":{\"@id\":\"https:\\\/\\\/www.info-algerie.com\\\/actualites\\\/liberte-de-la-presse-le-message-du-president-de-la-republique-une-feuille-de-route-pour-le-secteur\\\/\"},\"author\":{\"name\":\"La r\u00e9daction\",\"@id\":\"https:\\\/\\\/www.info-algerie.com\\\/actualites\\\/#\\\/schema\\\/person\\\/847aaec44920825b843a08f30ec6aa1e\"},\"headline\":\"Libert\u00e9 de la presse: le message du pr\u00e9sident de la R\u00e9publique, une &quot;feuille de route&quot; pour le secteur\",\"datePublished\":\"2017-05-03T12:58:52+00:00\",\"mainEntityOfPage\":{\"@id\":\"https:\\\/\\\/www.info-algerie.com\\\/actualites\\\/liberte-de-la-presse-le-message-du-president-de-la-republique-une-feuille-de-route-pour-le-secteur\\\/\"},\"wordCount\":713,\"commentCount\":0,\"publisher\":{\"@id\":\"https:\\\/\\\/www.info-algerie.com\\\/actualites\\\/#organization\"},\"image\":{\"@id\":\"https:\\\/\\\/www.info-algerie.com\\\/actualites\\\/liberte-de-la-presse-le-message-du-president-de-la-republique-une-feuille-de-route-pour-le-secteur\\\/#primaryimage\"},\"thumbnailUrl\":\"https:\\\/\\\/www.info-algerie.com\\\/actualites\\\/wp-content\\\/uploads\\\/2017\\\/05\\\/98b477d603f440583dec74df55a122de_S-1.jpg\",\"keywords\":[\"ONU\"],\"articleSection\":[\"infos\"],\"inLanguage\":\"fr-FR\",\"potentialAction\":[{\"@type\":\"CommentAction\",\"name\":\"Comment\",\"target\":[\"https:\\\/\\\/www.info-algerie.com\\\/actualites\\\/liberte-de-la-presse-le-message-du-president-de-la-republique-une-feuille-de-route-pour-le-secteur\\\/#respond\"]}]},{\"@type\":\"WebPage\",\"@id\":\"https:\\\/\\\/www.info-algerie.com\\\/actualites\\\/liberte-de-la-presse-le-message-du-president-de-la-republique-une-feuille-de-route-pour-le-secteur\\\/\",\"url\":\"https:\\\/\\\/www.info-algerie.com\\\/actualites\\\/liberte-de-la-presse-le-message-du-president-de-la-republique-une-feuille-de-route-pour-le-secteur\\\/\",\"name\":\"Libert\u00e9 de la presse: le message du pr\u00e9sident de la R\u00e9publique, une &quot;feuille de route&quot; pour le secteur - info algerie\",\"isPartOf\":{\"@id\":\"https:\\\/\\\/www.info-algerie.com\\\/actualites\\\/#website\"},\"primaryImageOfPage\":{\"@id\":\"https:\\\/\\\/www.info-algerie.com\\\/actualites\\\/liberte-de-la-presse-le-message-du-president-de-la-republique-une-feuille-de-route-pour-le-secteur\\\/#primaryimage\"},\"image\":{\"@id\":\"https:\\\/\\\/www.info-algerie.com\\\/actualites\\\/liberte-de-la-presse-le-message-du-president-de-la-republique-une-feuille-de-route-pour-le-secteur\\\/#primaryimage\"},\"thumbnailUrl\":\"https:\\\/\\\/www.info-algerie.com\\\/actualites\\\/wp-content\\\/uploads\\\/2017\\\/05\\\/98b477d603f440583dec74df55a122de_S-1.jpg\",\"datePublished\":\"2017-05-03T12:58:52+00:00\",\"breadcrumb\":{\"@id\":\"https:\\\/\\\/www.info-algerie.com\\\/actualites\\\/liberte-de-la-presse-le-message-du-president-de-la-republique-une-feuille-de-route-pour-le-secteur\\\/#breadcrumb\"},\"inLanguage\":\"fr-FR\",\"potentialAction\":[{\"@type\":\"ReadAction\",\"target\":[\"https:\\\/\\\/www.info-algerie.com\\\/actualites\\\/liberte-de-la-presse-le-message-du-president-de-la-republique-une-feuille-de-route-pour-le-secteur\\\/\"]}]},{\"@type\":\"ImageObject\",\"inLanguage\":\"fr-FR\",\"@id\":\"https:\\\/\\\/www.info-algerie.com\\\/actualites\\\/liberte-de-la-presse-le-message-du-president-de-la-republique-une-feuille-de-route-pour-le-secteur\\\/#primaryimage\",\"url\":\"https:\\\/\\\/www.info-algerie.com\\\/actualites\\\/wp-content\\\/uploads\\\/2017\\\/05\\\/98b477d603f440583dec74df55a122de_S-1.jpg\",\"contentUrl\":\"https:\\\/\\\/www.info-algerie.com\\\/actualites\\\/wp-content\\\/uploads\\\/2017\\\/05\\\/98b477d603f440583dec74df55a122de_S-1.jpg\",\"width\":280,\"height\":169},{\"@type\":\"BreadcrumbList\",\"@id\":\"https:\\\/\\\/www.info-algerie.com\\\/actualites\\\/liberte-de-la-presse-le-message-du-president-de-la-republique-une-feuille-de-route-pour-le-secteur\\\/#breadcrumb\",\"itemListElement\":[{\"@type\":\"ListItem\",\"position\":1,\"name\":\"Accueil\",\"item\":\"https:\\\/\\\/www.info-algerie.com\\\/actualites\\\/\"},{\"@type\":\"ListItem\",\"position\":2,\"name\":\"Libert\u00e9 de la presse: le message du pr\u00e9sident de la R\u00e9publique, une &quot;feuille de route&quot; pour le secteur\"}]},{\"@type\":\"WebSite\",\"@id\":\"https:\\\/\\\/www.info-algerie.com\\\/actualites\\\/#website\",\"url\":\"https:\\\/\\\/www.info-algerie.com\\\/actualites\\\/\",\"name\":\"info algerie\",\"description\":\"Toutes les actualit\u00e9s\",\"publisher\":{\"@id\":\"https:\\\/\\\/www.info-algerie.com\\\/actualites\\\/#organization\"},\"potentialAction\":[{\"@type\":\"SearchAction\",\"target\":{\"@type\":\"EntryPoint\",\"urlTemplate\":\"https:\\\/\\\/www.info-algerie.com\\\/actualites\\\/?s={search_term_string}\"},\"query-input\":{\"@type\":\"PropertyValueSpecification\",\"valueRequired\":true,\"valueName\":\"search_term_string\"}}],\"inLanguage\":\"fr-FR\"},{\"@type\":\"Organization\",\"@id\":\"https:\\\/\\\/www.info-algerie.com\\\/actualites\\\/#organization\",\"name\":\"info algerie\",\"url\":\"https:\\\/\\\/www.info-algerie.com\\\/actualites\\\/\",\"logo\":{\"@type\":\"ImageObject\",\"inLanguage\":\"fr-FR\",\"@id\":\"https:\\\/\\\/www.info-algerie.com\\\/actualites\\\/#\\\/schema\\\/logo\\\/image\\\/\",\"url\":\"https:\\\/\\\/www.info-algerie.com\\\/actualites\\\/wp-content\\\/uploads\\\/2022\\\/07\\\/logo-ia-120.png\",\"contentUrl\":\"https:\\\/\\\/www.info-algerie.com\\\/actualites\\\/wp-content\\\/uploads\\\/2022\\\/07\\\/logo-ia-120.png\",\"width\":120,\"height\":43,\"caption\":\"info algerie\"},\"image\":{\"@id\":\"https:\\\/\\\/www.info-algerie.com\\\/actualites\\\/#\\\/schema\\\/logo\\\/image\\\/\"},\"sameAs\":[\"https:\\\/\\\/www.facebook.com\\\/infoalgerieactu\",\"https:\\\/\\\/x.com\\\/infoalgerie1\"]},{\"@type\":\"Person\",\"@id\":\"https:\\\/\\\/www.info-algerie.com\\\/actualites\\\/#\\\/schema\\\/person\\\/847aaec44920825b843a08f30ec6aa1e\",\"name\":\"La r\u00e9daction\",\"image\":{\"@type\":\"ImageObject\",\"inLanguage\":\"fr-FR\",\"@id\":\"https:\\\/\\\/secure.gravatar.com\\\/avatar\\\/769db425c6f465158149f1ffd6cf61ce7a8a879d11dfbef8288af36dfddd418c?s=96&d=mm&r=g\",\"url\":\"https:\\\/\\\/secure.gravatar.com\\\/avatar\\\/769db425c6f465158149f1ffd6cf61ce7a8a879d11dfbef8288af36dfddd418c?s=96&d=mm&r=g\",\"contentUrl\":\"https:\\\/\\\/secure.gravatar.com\\\/avatar\\\/769db425c6f465158149f1ffd6cf61ce7a8a879d11dfbef8288af36dfddd418c?s=96&d=mm&r=g\",\"caption\":\"La r\u00e9daction\"},\"sameAs\":[\"http:\\\/\\\/www.lkeria.com\\\/\"],\"url\":\"https:\\\/\\\/www.info-algerie.com\\\/actualites\\\/author\\\/chakib32\\\/\"}]}<\/script>\n<!-- \/ Yoast SEO plugin. -->","yoast_head_json":{"title":"Libert\u00e9 de la presse: le message du pr\u00e9sident de la R\u00e9publique, une &quot;feuille de route&quot; pour le secteur - info algerie","robots":{"index":"index","follow":"follow","max-snippet":"max-snippet:-1","max-image-preview":"max-image-preview:large","max-video-preview":"max-video-preview:-1"},"canonical":"https:\/\/www.info-algerie.com\/actualites\/liberte-de-la-presse-le-message-du-president-de-la-republique-une-feuille-de-route-pour-le-secteur\/","og_locale":"fr_FR","og_type":"article","og_title":"Libert\u00e9 de la presse: le message du pr\u00e9sident de la R\u00e9publique, une &quot;feuille de route&quot; pour le secteur - info algerie","og_description":"ALGER &#8211; Le ministre de la Communication, Hamid Grine, a qualifi\u00e9 le message adress\u00e9 par le pr\u00e9sident de la R\u00e9publique \u00e0 la famille de la presse alg\u00e9rienne \u00e0 l&rsquo;occasion de la c\u00e9l\u00e9bration de la journ\u00e9e mondiale de la libert\u00e9 de la presse de \u00ab\u00a0feuille de route\u00a0\u00bb pour le secteur de la communication. &#013; &#013; \u00ab\u00a0Le","og_url":"https:\/\/www.info-algerie.com\/actualites\/liberte-de-la-presse-le-message-du-president-de-la-republique-une-feuille-de-route-pour-le-secteur\/","og_site_name":"info algerie","article_publisher":"https:\/\/www.facebook.com\/infoalgerieactu","article_published_time":"2017-05-03T12:58:52+00:00","og_image":[{"width":280,"height":169,"url":"https:\/\/www.info-algerie.com\/actualites\/wp-content\/uploads\/2017\/05\/98b477d603f440583dec74df55a122de_S-1.jpg","type":"image\/jpeg"}],"author":"La r\u00e9daction","twitter_misc":{"\u00c9crit par":"La r\u00e9daction","Dur\u00e9e de lecture estim\u00e9e":"3 minutes"},"schema":{"@context":"https:\/\/schema.org","@graph":[{"@type":"Article","@id":"https:\/\/www.info-algerie.com\/actualites\/liberte-de-la-presse-le-message-du-president-de-la-republique-une-feuille-de-route-pour-le-secteur\/#article","isPartOf":{"@id":"https:\/\/www.info-algerie.com\/actualites\/liberte-de-la-presse-le-message-du-president-de-la-republique-une-feuille-de-route-pour-le-secteur\/"},"author":{"name":"La r\u00e9daction","@id":"https:\/\/www.info-algerie.com\/actualites\/#\/schema\/person\/847aaec44920825b843a08f30ec6aa1e"},"headline":"Libert\u00e9 de la presse: le message du pr\u00e9sident de la R\u00e9publique, une &quot;feuille de route&quot; pour le secteur","datePublished":"2017-05-03T12:58:52+00:00","mainEntityOfPage":{"@id":"https:\/\/www.info-algerie.com\/actualites\/liberte-de-la-presse-le-message-du-president-de-la-republique-une-feuille-de-route-pour-le-secteur\/"},"wordCount":713,"commentCount":0,"publisher":{"@id":"https:\/\/www.info-algerie.com\/actualites\/#organization"},"image":{"@id":"https:\/\/www.info-algerie.com\/actualites\/liberte-de-la-presse-le-message-du-president-de-la-republique-une-feuille-de-route-pour-le-secteur\/#primaryimage"},"thumbnailUrl":"https:\/\/www.info-algerie.com\/actualites\/wp-content\/uploads\/2017\/05\/98b477d603f440583dec74df55a122de_S-1.jpg","keywords":["ONU"],"articleSection":["infos"],"inLanguage":"fr-FR","potentialAction":[{"@type":"CommentAction","name":"Comment","target":["https:\/\/www.info-algerie.com\/actualites\/liberte-de-la-presse-le-message-du-president-de-la-republique-une-feuille-de-route-pour-le-secteur\/#respond"]}]},{"@type":"WebPage","@id":"https:\/\/www.info-algerie.com\/actualites\/liberte-de-la-presse-le-message-du-president-de-la-republique-une-feuille-de-route-pour-le-secteur\/","url":"https:\/\/www.info-algerie.com\/actualites\/liberte-de-la-presse-le-message-du-president-de-la-republique-une-feuille-de-route-pour-le-secteur\/","name":"Libert\u00e9 de la presse: le message du pr\u00e9sident de la R\u00e9publique, une &quot;feuille de route&quot; pour le secteur - info algerie","isPartOf":{"@id":"https:\/\/www.info-algerie.com\/actualites\/#website"},"primaryImageOfPage":{"@id":"https:\/\/www.info-algerie.com\/actualites\/liberte-de-la-presse-le-message-du-president-de-la-republique-une-feuille-de-route-pour-le-secteur\/#primaryimage"},"image":{"@id":"https:\/\/www.info-algerie.com\/actualites\/liberte-de-la-presse-le-message-du-president-de-la-republique-une-feuille-de-route-pour-le-secteur\/#primaryimage"},"thumbnailUrl":"https:\/\/www.info-algerie.com\/actualites\/wp-content\/uploads\/2017\/05\/98b477d603f440583dec74df55a122de_S-1.jpg","datePublished":"2017-05-03T12:58:52+00:00","breadcrumb":{"@id":"https:\/\/www.info-algerie.com\/actualites\/liberte-de-la-presse-le-message-du-president-de-la-republique-une-feuille-de-route-pour-le-secteur\/#breadcrumb"},"inLanguage":"fr-FR","potentialAction":[{"@type":"ReadAction","target":["https:\/\/www.info-algerie.com\/actualites\/liberte-de-la-presse-le-message-du-president-de-la-republique-une-feuille-de-route-pour-le-secteur\/"]}]},{"@type":"ImageObject","inLanguage":"fr-FR","@id":"https:\/\/www.info-algerie.com\/actualites\/liberte-de-la-presse-le-message-du-president-de-la-republique-une-feuille-de-route-pour-le-secteur\/#primaryimage","url":"https:\/\/www.info-algerie.com\/actualites\/wp-content\/uploads\/2017\/05\/98b477d603f440583dec74df55a122de_S-1.jpg","contentUrl":"https:\/\/www.info-algerie.com\/actualites\/wp-content\/uploads\/2017\/05\/98b477d603f440583dec74df55a122de_S-1.jpg","width":280,"height":169},{"@type":"BreadcrumbList","@id":"https:\/\/www.info-algerie.com\/actualites\/liberte-de-la-presse-le-message-du-president-de-la-republique-une-feuille-de-route-pour-le-secteur\/#breadcrumb","itemListElement":[{"@type":"ListItem","position":1,"name":"Accueil","item":"https:\/\/www.info-algerie.com\/actualites\/"},{"@type":"ListItem","position":2,"name":"Libert\u00e9 de la presse: le message du pr\u00e9sident de la R\u00e9publique, une &quot;feuille de route&quot; pour le secteur"}]},{"@type":"WebSite","@id":"https:\/\/www.info-algerie.com\/actualites\/#website","url":"https:\/\/www.info-algerie.com\/actualites\/","name":"info algerie","description":"Toutes les actualit\u00e9s","publisher":{"@id":"https:\/\/www.info-algerie.com\/actualites\/#organization"},"potentialAction":[{"@type":"SearchAction","target":{"@type":"EntryPoint","urlTemplate":"https:\/\/www.info-algerie.com\/actualites\/?s={search_term_string}"},"query-input":{"@type":"PropertyValueSpecification","valueRequired":true,"valueName":"search_term_string"}}],"inLanguage":"fr-FR"},{"@type":"Organization","@id":"https:\/\/www.info-algerie.com\/actualites\/#organization","name":"info algerie","url":"https:\/\/www.info-algerie.com\/actualites\/","logo":{"@type":"ImageObject","inLanguage":"fr-FR","@id":"https:\/\/www.info-algerie.com\/actualites\/#\/schema\/logo\/image\/","url":"https:\/\/www.info-algerie.com\/actualites\/wp-content\/uploads\/2022\/07\/logo-ia-120.png","contentUrl":"https:\/\/www.info-algerie.com\/actualites\/wp-content\/uploads\/2022\/07\/logo-ia-120.png","width":120,"height":43,"caption":"info algerie"},"image":{"@id":"https:\/\/www.info-algerie.com\/actualites\/#\/schema\/logo\/image\/"},"sameAs":["https:\/\/www.facebook.com\/infoalgerieactu","https:\/\/x.com\/infoalgerie1"]},{"@type":"Person","@id":"https:\/\/www.info-algerie.com\/actualites\/#\/schema\/person\/847aaec44920825b843a08f30ec6aa1e","name":"La r\u00e9daction","image":{"@type":"ImageObject","inLanguage":"fr-FR","@id":"https:\/\/secure.gravatar.com\/avatar\/769db425c6f465158149f1ffd6cf61ce7a8a879d11dfbef8288af36dfddd418c?s=96&d=mm&r=g","url":"https:\/\/secure.gravatar.com\/avatar\/769db425c6f465158149f1ffd6cf61ce7a8a879d11dfbef8288af36dfddd418c?s=96&d=mm&r=g","contentUrl":"https:\/\/secure.gravatar.com\/avatar\/769db425c6f465158149f1ffd6cf61ce7a8a879d11dfbef8288af36dfddd418c?s=96&d=mm&r=g","caption":"La r\u00e9daction"},"sameAs":["http:\/\/www.lkeria.com\/"],"url":"https:\/\/www.info-algerie.com\/actualites\/author\/chakib32\/"}]}},"_links":{"self":[{"href":"https:\/\/www.info-algerie.com\/actualites\/wp-json\/wp\/v2\/posts\/11400","targetHints":{"allow":["GET"]}}],"collection":[{"href":"https:\/\/www.info-algerie.com\/actualites\/wp-json\/wp\/v2\/posts"}],"about":[{"href":"https:\/\/www.info-algerie.com\/actualites\/wp-json\/wp\/v2\/types\/post"}],"author":[{"embeddable":true,"href":"https:\/\/www.info-algerie.com\/actualites\/wp-json\/wp\/v2\/users\/6"}],"replies":[{"embeddable":true,"href":"https:\/\/www.info-algerie.com\/actualites\/wp-json\/wp\/v2\/comments?post=11400"}],"version-history":[{"count":0,"href":"https:\/\/www.info-algerie.com\/actualites\/wp-json\/wp\/v2\/posts\/11400\/revisions"}],"wp:featuredmedia":[{"embeddable":true,"href":"https:\/\/www.info-algerie.com\/actualites\/wp-json\/wp\/v2\/media\/11401"}],"wp:attachment":[{"href":"https:\/\/www.info-algerie.com\/actualites\/wp-json\/wp\/v2\/media?parent=11400"}],"wp:term":[{"taxonomy":"category","embeddable":true,"href":"https:\/\/www.info-algerie.com\/actualites\/wp-json\/wp\/v2\/categories?post=11400"},{"taxonomy":"post_tag","embeddable":true,"href":"https:\/\/www.info-algerie.com\/actualites\/wp-json\/wp\/v2\/tags?post=11400"}],"curies":[{"name":"wp","href":"https:\/\/api.w.org\/{rel}","templated":true}]}}