{"id":11412,"date":"2017-05-03T17:11:24","date_gmt":"2017-05-03T16:11:24","guid":{"rendered":"http:\/\/www.info-algerie.com\/actualites\/couverture-mediatique-des-legislativesdes-journalistes-des-plus-grands-journaux-etrangers-accredites\/"},"modified":"2017-05-03T17:11:24","modified_gmt":"2017-05-03T16:11:24","slug":"couverture-mediatique-des-legislativesdes-journalistes-des-plus-grands-journaux-etrangers-accredites","status":"publish","type":"post","link":"https:\/\/www.info-algerie.com\/actualites\/couverture-mediatique-des-legislativesdes-journalistes-des-plus-grands-journaux-etrangers-accredites\/","title":{"rendered":"Couverture m\u00e9diatique des l\u00e9gislatives:des journalistes des plus grands journaux \u00e9trangers accr\u00e9dit\u00e9s"},"content":{"rendered":"<div class=\"K2FeedImage\"><img decoding=\"async\" src=\"https:\/\/www.info-algerie.com\/actualites\/wp-content\/uploads\/2017\/05\/4f1c565e815b0fe55ef9f5217c466d0c_S.jpg\" alt=\"Couverture m&#xE9;diatique des l&#xE9;gislatives:des journalistes des plus grands journaux &#xE9;trangers accr&#xE9;dit&#xE9;s\" \/><\/div>\n<div class=\"K2FeedIntroText\">\n<p>ALGER- Des journalistes repr\u00e9sentant notamment de grands\u00a0 journaux \u00e9trangers ont \u00e9t\u00e9 accr\u00e9dit\u00e9s pour couvrir les \u00e9lections\u00a0 l\u00e9gislatives, a indiqu\u00e9 mercredi \u00e0 Alger le ministre de la Communication,<br \/>Hamid Grine, affirmant qu&rsquo;il n&rsquo;y avait aucun refus d&rsquo;accr\u00e9ditation.<\/p>\n<p>&#013;\n<\/p><\/div>\n<div class=\"K2FeedFullText\">&#013;<\/p>\n<p>S&rsquo;exprimant dans une d\u00e9claration \u00e0 la presse en marge d&rsquo;une\u00a0 c\u00e9r\u00e9monie de recueillement \u00e0 la m\u00e9moire des journalistes assassin\u00e9s \u00e0 la\u00a0 place de la libert\u00e9 de la presse, \u00e0 l&rsquo;occasion de la journ\u00e9e internationale\u00a0 de la libert\u00e9 de la presse, M. Grine a pr\u00e9cis\u00e9 que 20 journalistes\u00a0 \u00e9trangers avaient \u00e9t\u00e9 accr\u00e9dit\u00e9s pour couvrir les \u00e9lections l\u00e9gislatives de\u00a0 jeudi.<br \/>Apr\u00e8s avoir fait remarquer que les journalistes sont plus int\u00e9ress\u00e9s par\u00a0 la couverture des \u00e9lections pr\u00e9sidentielles que autres, le ministre a\u00a0 relev\u00e9, pour que ces l\u00e9gislatives, les plus grands journaux de la presse\u00a0 internationale seront pr\u00e9sents.<br \/>Par ailleurs, M. Grine a affirm\u00e9 que la libert\u00e9 d&rsquo;expression avait atteint\u00a0 en Alg\u00e9rie un niveau \u00ab\u00a0sans \u00e9quivalent dans la r\u00e9gion\u00a0\u00bb. \u00ab\u00a0La libert\u00e9 d&rsquo;expression a \u00e9t\u00e9 consacr\u00e9e par la Constitution amend\u00e9e de\u00a0 2016. Cette libert\u00e9 est absolue, sans \u00e9quivalent dans la r\u00e9gion. J&rsquo;ai eu \u00e0\u00a0 recevoir des ministres \u00e9trangers, notamment fran\u00e7ais et am\u00e9ricains et ils\u00a0 ont \u00e9t\u00e9 impressionn\u00e9s par le niveau atteint en terme de libert\u00e9\u00a0 d&rsquo;expression\u00a0\u00bb, a-t-il dit.<br \/>Evoquant le message du pr\u00e9sident de la R\u00e9publique, Abdelaziz Bouteflika, \u00e0\u00a0 l&rsquo;occasion de cette journ\u00e9e internationale, M. Grine a indiqu\u00e9 que le chef de l&rsquo;Etat s&rsquo;\u00e9tait f\u00e9licit\u00e9 de la libert\u00e9\u00a0 d&rsquo;expression, et appel\u00e9 au respect de l&rsquo;\u00e9thique et de la d\u00e9ontologie.<br \/>\u00ab\u00a0C&rsquo;\u00e9tait un message pour tous les responsables du secteur des m\u00e9dias leur\u00a0 disant de veiller \u00e0 assurer toute l&rsquo;attention n\u00e9cessaire aux journalistes,\u00a0 en leur offrant notamment les bonnes conditions de travail pour qu&rsquo;ils\u00a0 exercent leur m\u00e9tier en toute s\u00e9r\u00e9nit\u00e9 et en toute libert\u00e9\u00a0\u00bb, a-t-il\u00a0 poursuivi. Abordant les \u00e9lections l\u00e9gislatives de jeudi, le ministre a appel\u00e9 \u00e0 faire\u00a0 \u00ab\u00a0preuve d&rsquo;un haut sens de nationalisme\u00a0\u00bb en allant voter pour exprimer son\u00a0 amour envers le pays. Concernant la couverture m\u00e9diatique de la campagne \u00e9lectorale, M. Grine a\u00a0 estim\u00e9 que \u00ab\u00a0globalement la presse a \u00e9t\u00e9 \u00e0 la hauteur des attentes\u00a0\u00bb.<\/p>\n<\/div>\n<p>&#013;<br \/>\nSource: <a href=\"http:\/\/www.aps.dz\/algerie\/56940-couverture-mediatique-des-legislatives-des-journalistes-des-plus-grands-journaux-etrangers-accredites\" target=\"_blank\">Couverture m\u00e9diatique des l\u00e9gislatives:des journalistes des plus grands journaux \u00e9trangers accr\u00e9dit\u00e9s<\/a><\/p>\n<!--CusAds0-->\n<div style=\"font-size: 0px; height: 0px; line-height: 0px; margin: 0; padding: 0; clear: both;\"><\/div>","protected":false},"excerpt":{"rendered":"<p>ALGER- Des journalistes repr\u00e9sentant notamment de grands\u00a0 journaux \u00e9trangers ont \u00e9t\u00e9 accr\u00e9dit\u00e9s pour couvrir les \u00e9lections\u00a0 l\u00e9gislatives, a indiqu\u00e9 mercredi \u00e0 Alger le ministre de la Communication,Hamid Grine, affirmant qu&rsquo;il n&rsquo;y avait aucun refus d&rsquo;accr\u00e9ditation. &#013; &#013; S&rsquo;exprimant dans une d\u00e9claration \u00e0 la presse en marge d&rsquo;une\u00a0 c\u00e9r\u00e9monie de recueillement \u00e0 la m\u00e9moire des journalistes<\/p>\n","protected":false},"author":6,"featured_media":11413,"comment_status":"open","ping_status":"open","sticky":false,"template":"","format":"standard","meta":{"footnotes":""},"categories":[22],"tags":[93],"class_list":["post-11412","post","type-post","status-publish","format-standard","has-post-thumbnail","hentry","category-infos","tag-onu"],"yoast_head":"<!-- This site is optimized with the Yoast SEO plugin v27.5 - https:\/\/yoast.com\/product\/yoast-seo-wordpress\/ -->\n<title>Couverture m\u00e9diatique des l\u00e9gislatives:des journalistes des plus grands journaux \u00e9trangers accr\u00e9dit\u00e9s - info algerie<\/title>\n<meta name=\"robots\" content=\"index, follow, max-snippet:-1, max-image-preview:large, max-video-preview:-1\" \/>\n<link rel=\"canonical\" href=\"https:\/\/www.info-algerie.com\/actualites\/couverture-mediatique-des-legislativesdes-journalistes-des-plus-grands-journaux-etrangers-accredites\/\" \/>\n<meta property=\"og:locale\" content=\"fr_FR\" \/>\n<meta property=\"og:type\" content=\"article\" \/>\n<meta property=\"og:title\" content=\"Couverture m\u00e9diatique des l\u00e9gislatives:des journalistes des plus grands journaux \u00e9trangers accr\u00e9dit\u00e9s - info algerie\" \/>\n<meta property=\"og:description\" content=\"ALGER- Des journalistes repr\u00e9sentant notamment de grands\u00a0 journaux \u00e9trangers ont \u00e9t\u00e9 accr\u00e9dit\u00e9s pour couvrir les \u00e9lections\u00a0 l\u00e9gislatives, a indiqu\u00e9 mercredi \u00e0 Alger le ministre de la Communication,Hamid Grine, affirmant qu&rsquo;il n&rsquo;y avait aucun refus d&rsquo;accr\u00e9ditation. &#013; &#013; S&rsquo;exprimant dans une d\u00e9claration \u00e0 la presse en marge d&rsquo;une\u00a0 c\u00e9r\u00e9monie de recueillement \u00e0 la m\u00e9moire des journalistes\" \/>\n<meta property=\"og:url\" content=\"https:\/\/www.info-algerie.com\/actualites\/couverture-mediatique-des-legislativesdes-journalistes-des-plus-grands-journaux-etrangers-accredites\/\" \/>\n<meta property=\"og:site_name\" content=\"info algerie\" \/>\n<meta property=\"article:publisher\" content=\"https:\/\/www.facebook.com\/infoalgerieactu\" \/>\n<meta property=\"article:published_time\" content=\"2017-05-03T16:11:24+00:00\" \/>\n<meta property=\"og:image\" content=\"https:\/\/www.info-algerie.com\/actualites\/wp-content\/uploads\/2017\/05\/4f1c565e815b0fe55ef9f5217c466d0c_S-1.jpg\" \/>\n\t<meta property=\"og:image:width\" content=\"280\" \/>\n\t<meta property=\"og:image:height\" content=\"186\" \/>\n\t<meta property=\"og:image:type\" content=\"image\/jpeg\" \/>\n<meta name=\"author\" content=\"La r\u00e9daction\" \/>\n<meta name=\"twitter:label1\" content=\"\u00c9crit par\" \/>\n\t<meta name=\"twitter:data1\" content=\"La r\u00e9daction\" \/>\n\t<meta name=\"twitter:label2\" content=\"Dur\u00e9e de lecture estim\u00e9e\" \/>\n\t<meta name=\"twitter:data2\" content=\"2 minutes\" \/>\n<script type=\"application\/ld+json\" class=\"yoast-schema-graph\">{\"@context\":\"https:\\\/\\\/schema.org\",\"@graph\":[{\"@type\":\"Article\",\"@id\":\"https:\\\/\\\/www.info-algerie.com\\\/actualites\\\/couverture-mediatique-des-legislativesdes-journalistes-des-plus-grands-journaux-etrangers-accredites\\\/#article\",\"isPartOf\":{\"@id\":\"https:\\\/\\\/www.info-algerie.com\\\/actualites\\\/couverture-mediatique-des-legislativesdes-journalistes-des-plus-grands-journaux-etrangers-accredites\\\/\"},\"author\":{\"name\":\"La r\u00e9daction\",\"@id\":\"https:\\\/\\\/www.info-algerie.com\\\/actualites\\\/#\\\/schema\\\/person\\\/847aaec44920825b843a08f30ec6aa1e\"},\"headline\":\"Couverture m\u00e9diatique des l\u00e9gislatives:des journalistes des plus grands journaux \u00e9trangers accr\u00e9dit\u00e9s\",\"datePublished\":\"2017-05-03T16:11:24+00:00\",\"mainEntityOfPage\":{\"@id\":\"https:\\\/\\\/www.info-algerie.com\\\/actualites\\\/couverture-mediatique-des-legislativesdes-journalistes-des-plus-grands-journaux-etrangers-accredites\\\/\"},\"wordCount\":417,\"commentCount\":0,\"publisher\":{\"@id\":\"https:\\\/\\\/www.info-algerie.com\\\/actualites\\\/#organization\"},\"image\":{\"@id\":\"https:\\\/\\\/www.info-algerie.com\\\/actualites\\\/couverture-mediatique-des-legislativesdes-journalistes-des-plus-grands-journaux-etrangers-accredites\\\/#primaryimage\"},\"thumbnailUrl\":\"https:\\\/\\\/www.info-algerie.com\\\/actualites\\\/wp-content\\\/uploads\\\/2017\\\/05\\\/4f1c565e815b0fe55ef9f5217c466d0c_S-1.jpg\",\"keywords\":[\"ONU\"],\"articleSection\":[\"infos\"],\"inLanguage\":\"fr-FR\",\"potentialAction\":[{\"@type\":\"CommentAction\",\"name\":\"Comment\",\"target\":[\"https:\\\/\\\/www.info-algerie.com\\\/actualites\\\/couverture-mediatique-des-legislativesdes-journalistes-des-plus-grands-journaux-etrangers-accredites\\\/#respond\"]}]},{\"@type\":\"WebPage\",\"@id\":\"https:\\\/\\\/www.info-algerie.com\\\/actualites\\\/couverture-mediatique-des-legislativesdes-journalistes-des-plus-grands-journaux-etrangers-accredites\\\/\",\"url\":\"https:\\\/\\\/www.info-algerie.com\\\/actualites\\\/couverture-mediatique-des-legislativesdes-journalistes-des-plus-grands-journaux-etrangers-accredites\\\/\",\"name\":\"Couverture m\u00e9diatique des l\u00e9gislatives:des journalistes des plus grands journaux \u00e9trangers accr\u00e9dit\u00e9s - info algerie\",\"isPartOf\":{\"@id\":\"https:\\\/\\\/www.info-algerie.com\\\/actualites\\\/#website\"},\"primaryImageOfPage\":{\"@id\":\"https:\\\/\\\/www.info-algerie.com\\\/actualites\\\/couverture-mediatique-des-legislativesdes-journalistes-des-plus-grands-journaux-etrangers-accredites\\\/#primaryimage\"},\"image\":{\"@id\":\"https:\\\/\\\/www.info-algerie.com\\\/actualites\\\/couverture-mediatique-des-legislativesdes-journalistes-des-plus-grands-journaux-etrangers-accredites\\\/#primaryimage\"},\"thumbnailUrl\":\"https:\\\/\\\/www.info-algerie.com\\\/actualites\\\/wp-content\\\/uploads\\\/2017\\\/05\\\/4f1c565e815b0fe55ef9f5217c466d0c_S-1.jpg\",\"datePublished\":\"2017-05-03T16:11:24+00:00\",\"breadcrumb\":{\"@id\":\"https:\\\/\\\/www.info-algerie.com\\\/actualites\\\/couverture-mediatique-des-legislativesdes-journalistes-des-plus-grands-journaux-etrangers-accredites\\\/#breadcrumb\"},\"inLanguage\":\"fr-FR\",\"potentialAction\":[{\"@type\":\"ReadAction\",\"target\":[\"https:\\\/\\\/www.info-algerie.com\\\/actualites\\\/couverture-mediatique-des-legislativesdes-journalistes-des-plus-grands-journaux-etrangers-accredites\\\/\"]}]},{\"@type\":\"ImageObject\",\"inLanguage\":\"fr-FR\",\"@id\":\"https:\\\/\\\/www.info-algerie.com\\\/actualites\\\/couverture-mediatique-des-legislativesdes-journalistes-des-plus-grands-journaux-etrangers-accredites\\\/#primaryimage\",\"url\":\"https:\\\/\\\/www.info-algerie.com\\\/actualites\\\/wp-content\\\/uploads\\\/2017\\\/05\\\/4f1c565e815b0fe55ef9f5217c466d0c_S-1.jpg\",\"contentUrl\":\"https:\\\/\\\/www.info-algerie.com\\\/actualites\\\/wp-content\\\/uploads\\\/2017\\\/05\\\/4f1c565e815b0fe55ef9f5217c466d0c_S-1.jpg\",\"width\":280,\"height\":186},{\"@type\":\"BreadcrumbList\",\"@id\":\"https:\\\/\\\/www.info-algerie.com\\\/actualites\\\/couverture-mediatique-des-legislativesdes-journalistes-des-plus-grands-journaux-etrangers-accredites\\\/#breadcrumb\",\"itemListElement\":[{\"@type\":\"ListItem\",\"position\":1,\"name\":\"Accueil\",\"item\":\"https:\\\/\\\/www.info-algerie.com\\\/actualites\\\/\"},{\"@type\":\"ListItem\",\"position\":2,\"name\":\"Couverture m\u00e9diatique des l\u00e9gislatives:des journalistes des plus grands journaux \u00e9trangers accr\u00e9dit\u00e9s\"}]},{\"@type\":\"WebSite\",\"@id\":\"https:\\\/\\\/www.info-algerie.com\\\/actualites\\\/#website\",\"url\":\"https:\\\/\\\/www.info-algerie.com\\\/actualites\\\/\",\"name\":\"info algerie\",\"description\":\"Toutes les actualit\u00e9s\",\"publisher\":{\"@id\":\"https:\\\/\\\/www.info-algerie.com\\\/actualites\\\/#organization\"},\"potentialAction\":[{\"@type\":\"SearchAction\",\"target\":{\"@type\":\"EntryPoint\",\"urlTemplate\":\"https:\\\/\\\/www.info-algerie.com\\\/actualites\\\/?s={search_term_string}\"},\"query-input\":{\"@type\":\"PropertyValueSpecification\",\"valueRequired\":true,\"valueName\":\"search_term_string\"}}],\"inLanguage\":\"fr-FR\"},{\"@type\":\"Organization\",\"@id\":\"https:\\\/\\\/www.info-algerie.com\\\/actualites\\\/#organization\",\"name\":\"info algerie\",\"url\":\"https:\\\/\\\/www.info-algerie.com\\\/actualites\\\/\",\"logo\":{\"@type\":\"ImageObject\",\"inLanguage\":\"fr-FR\",\"@id\":\"https:\\\/\\\/www.info-algerie.com\\\/actualites\\\/#\\\/schema\\\/logo\\\/image\\\/\",\"url\":\"https:\\\/\\\/www.info-algerie.com\\\/actualites\\\/wp-content\\\/uploads\\\/2022\\\/07\\\/logo-ia-120.png\",\"contentUrl\":\"https:\\\/\\\/www.info-algerie.com\\\/actualites\\\/wp-content\\\/uploads\\\/2022\\\/07\\\/logo-ia-120.png\",\"width\":120,\"height\":43,\"caption\":\"info algerie\"},\"image\":{\"@id\":\"https:\\\/\\\/www.info-algerie.com\\\/actualites\\\/#\\\/schema\\\/logo\\\/image\\\/\"},\"sameAs\":[\"https:\\\/\\\/www.facebook.com\\\/infoalgerieactu\",\"https:\\\/\\\/x.com\\\/infoalgerie1\"]},{\"@type\":\"Person\",\"@id\":\"https:\\\/\\\/www.info-algerie.com\\\/actualites\\\/#\\\/schema\\\/person\\\/847aaec44920825b843a08f30ec6aa1e\",\"name\":\"La r\u00e9daction\",\"image\":{\"@type\":\"ImageObject\",\"inLanguage\":\"fr-FR\",\"@id\":\"https:\\\/\\\/secure.gravatar.com\\\/avatar\\\/769db425c6f465158149f1ffd6cf61ce7a8a879d11dfbef8288af36dfddd418c?s=96&d=mm&r=g\",\"url\":\"https:\\\/\\\/secure.gravatar.com\\\/avatar\\\/769db425c6f465158149f1ffd6cf61ce7a8a879d11dfbef8288af36dfddd418c?s=96&d=mm&r=g\",\"contentUrl\":\"https:\\\/\\\/secure.gravatar.com\\\/avatar\\\/769db425c6f465158149f1ffd6cf61ce7a8a879d11dfbef8288af36dfddd418c?s=96&d=mm&r=g\",\"caption\":\"La r\u00e9daction\"},\"sameAs\":[\"http:\\\/\\\/www.lkeria.com\\\/\"],\"url\":\"https:\\\/\\\/www.info-algerie.com\\\/actualites\\\/author\\\/chakib32\\\/\"}]}<\/script>\n<!-- \/ Yoast SEO plugin. -->","yoast_head_json":{"title":"Couverture m\u00e9diatique des l\u00e9gislatives:des journalistes des plus grands journaux \u00e9trangers accr\u00e9dit\u00e9s - info algerie","robots":{"index":"index","follow":"follow","max-snippet":"max-snippet:-1","max-image-preview":"max-image-preview:large","max-video-preview":"max-video-preview:-1"},"canonical":"https:\/\/www.info-algerie.com\/actualites\/couverture-mediatique-des-legislativesdes-journalistes-des-plus-grands-journaux-etrangers-accredites\/","og_locale":"fr_FR","og_type":"article","og_title":"Couverture m\u00e9diatique des l\u00e9gislatives:des journalistes des plus grands journaux \u00e9trangers accr\u00e9dit\u00e9s - info algerie","og_description":"ALGER- Des journalistes repr\u00e9sentant notamment de grands\u00a0 journaux \u00e9trangers ont \u00e9t\u00e9 accr\u00e9dit\u00e9s pour couvrir les \u00e9lections\u00a0 l\u00e9gislatives, a indiqu\u00e9 mercredi \u00e0 Alger le ministre de la Communication,Hamid Grine, affirmant qu&rsquo;il n&rsquo;y avait aucun refus d&rsquo;accr\u00e9ditation. &#013; &#013; S&rsquo;exprimant dans une d\u00e9claration \u00e0 la presse en marge d&rsquo;une\u00a0 c\u00e9r\u00e9monie de recueillement \u00e0 la m\u00e9moire des journalistes","og_url":"https:\/\/www.info-algerie.com\/actualites\/couverture-mediatique-des-legislativesdes-journalistes-des-plus-grands-journaux-etrangers-accredites\/","og_site_name":"info algerie","article_publisher":"https:\/\/www.facebook.com\/infoalgerieactu","article_published_time":"2017-05-03T16:11:24+00:00","og_image":[{"width":280,"height":186,"url":"https:\/\/www.info-algerie.com\/actualites\/wp-content\/uploads\/2017\/05\/4f1c565e815b0fe55ef9f5217c466d0c_S-1.jpg","type":"image\/jpeg"}],"author":"La r\u00e9daction","twitter_misc":{"\u00c9crit par":"La r\u00e9daction","Dur\u00e9e de lecture estim\u00e9e":"2 minutes"},"schema":{"@context":"https:\/\/schema.org","@graph":[{"@type":"Article","@id":"https:\/\/www.info-algerie.com\/actualites\/couverture-mediatique-des-legislativesdes-journalistes-des-plus-grands-journaux-etrangers-accredites\/#article","isPartOf":{"@id":"https:\/\/www.info-algerie.com\/actualites\/couverture-mediatique-des-legislativesdes-journalistes-des-plus-grands-journaux-etrangers-accredites\/"},"author":{"name":"La r\u00e9daction","@id":"https:\/\/www.info-algerie.com\/actualites\/#\/schema\/person\/847aaec44920825b843a08f30ec6aa1e"},"headline":"Couverture m\u00e9diatique des l\u00e9gislatives:des journalistes des plus grands journaux \u00e9trangers accr\u00e9dit\u00e9s","datePublished":"2017-05-03T16:11:24+00:00","mainEntityOfPage":{"@id":"https:\/\/www.info-algerie.com\/actualites\/couverture-mediatique-des-legislativesdes-journalistes-des-plus-grands-journaux-etrangers-accredites\/"},"wordCount":417,"commentCount":0,"publisher":{"@id":"https:\/\/www.info-algerie.com\/actualites\/#organization"},"image":{"@id":"https:\/\/www.info-algerie.com\/actualites\/couverture-mediatique-des-legislativesdes-journalistes-des-plus-grands-journaux-etrangers-accredites\/#primaryimage"},"thumbnailUrl":"https:\/\/www.info-algerie.com\/actualites\/wp-content\/uploads\/2017\/05\/4f1c565e815b0fe55ef9f5217c466d0c_S-1.jpg","keywords":["ONU"],"articleSection":["infos"],"inLanguage":"fr-FR","potentialAction":[{"@type":"CommentAction","name":"Comment","target":["https:\/\/www.info-algerie.com\/actualites\/couverture-mediatique-des-legislativesdes-journalistes-des-plus-grands-journaux-etrangers-accredites\/#respond"]}]},{"@type":"WebPage","@id":"https:\/\/www.info-algerie.com\/actualites\/couverture-mediatique-des-legislativesdes-journalistes-des-plus-grands-journaux-etrangers-accredites\/","url":"https:\/\/www.info-algerie.com\/actualites\/couverture-mediatique-des-legislativesdes-journalistes-des-plus-grands-journaux-etrangers-accredites\/","name":"Couverture m\u00e9diatique des l\u00e9gislatives:des journalistes des plus grands journaux \u00e9trangers accr\u00e9dit\u00e9s - info algerie","isPartOf":{"@id":"https:\/\/www.info-algerie.com\/actualites\/#website"},"primaryImageOfPage":{"@id":"https:\/\/www.info-algerie.com\/actualites\/couverture-mediatique-des-legislativesdes-journalistes-des-plus-grands-journaux-etrangers-accredites\/#primaryimage"},"image":{"@id":"https:\/\/www.info-algerie.com\/actualites\/couverture-mediatique-des-legislativesdes-journalistes-des-plus-grands-journaux-etrangers-accredites\/#primaryimage"},"thumbnailUrl":"https:\/\/www.info-algerie.com\/actualites\/wp-content\/uploads\/2017\/05\/4f1c565e815b0fe55ef9f5217c466d0c_S-1.jpg","datePublished":"2017-05-03T16:11:24+00:00","breadcrumb":{"@id":"https:\/\/www.info-algerie.com\/actualites\/couverture-mediatique-des-legislativesdes-journalistes-des-plus-grands-journaux-etrangers-accredites\/#breadcrumb"},"inLanguage":"fr-FR","potentialAction":[{"@type":"ReadAction","target":["https:\/\/www.info-algerie.com\/actualites\/couverture-mediatique-des-legislativesdes-journalistes-des-plus-grands-journaux-etrangers-accredites\/"]}]},{"@type":"ImageObject","inLanguage":"fr-FR","@id":"https:\/\/www.info-algerie.com\/actualites\/couverture-mediatique-des-legislativesdes-journalistes-des-plus-grands-journaux-etrangers-accredites\/#primaryimage","url":"https:\/\/www.info-algerie.com\/actualites\/wp-content\/uploads\/2017\/05\/4f1c565e815b0fe55ef9f5217c466d0c_S-1.jpg","contentUrl":"https:\/\/www.info-algerie.com\/actualites\/wp-content\/uploads\/2017\/05\/4f1c565e815b0fe55ef9f5217c466d0c_S-1.jpg","width":280,"height":186},{"@type":"BreadcrumbList","@id":"https:\/\/www.info-algerie.com\/actualites\/couverture-mediatique-des-legislativesdes-journalistes-des-plus-grands-journaux-etrangers-accredites\/#breadcrumb","itemListElement":[{"@type":"ListItem","position":1,"name":"Accueil","item":"https:\/\/www.info-algerie.com\/actualites\/"},{"@type":"ListItem","position":2,"name":"Couverture m\u00e9diatique des l\u00e9gislatives:des journalistes des plus grands journaux \u00e9trangers accr\u00e9dit\u00e9s"}]},{"@type":"WebSite","@id":"https:\/\/www.info-algerie.com\/actualites\/#website","url":"https:\/\/www.info-algerie.com\/actualites\/","name":"info algerie","description":"Toutes les actualit\u00e9s","publisher":{"@id":"https:\/\/www.info-algerie.com\/actualites\/#organization"},"potentialAction":[{"@type":"SearchAction","target":{"@type":"EntryPoint","urlTemplate":"https:\/\/www.info-algerie.com\/actualites\/?s={search_term_string}"},"query-input":{"@type":"PropertyValueSpecification","valueRequired":true,"valueName":"search_term_string"}}],"inLanguage":"fr-FR"},{"@type":"Organization","@id":"https:\/\/www.info-algerie.com\/actualites\/#organization","name":"info algerie","url":"https:\/\/www.info-algerie.com\/actualites\/","logo":{"@type":"ImageObject","inLanguage":"fr-FR","@id":"https:\/\/www.info-algerie.com\/actualites\/#\/schema\/logo\/image\/","url":"https:\/\/www.info-algerie.com\/actualites\/wp-content\/uploads\/2022\/07\/logo-ia-120.png","contentUrl":"https:\/\/www.info-algerie.com\/actualites\/wp-content\/uploads\/2022\/07\/logo-ia-120.png","width":120,"height":43,"caption":"info algerie"},"image":{"@id":"https:\/\/www.info-algerie.com\/actualites\/#\/schema\/logo\/image\/"},"sameAs":["https:\/\/www.facebook.com\/infoalgerieactu","https:\/\/x.com\/infoalgerie1"]},{"@type":"Person","@id":"https:\/\/www.info-algerie.com\/actualites\/#\/schema\/person\/847aaec44920825b843a08f30ec6aa1e","name":"La r\u00e9daction","image":{"@type":"ImageObject","inLanguage":"fr-FR","@id":"https:\/\/secure.gravatar.com\/avatar\/769db425c6f465158149f1ffd6cf61ce7a8a879d11dfbef8288af36dfddd418c?s=96&d=mm&r=g","url":"https:\/\/secure.gravatar.com\/avatar\/769db425c6f465158149f1ffd6cf61ce7a8a879d11dfbef8288af36dfddd418c?s=96&d=mm&r=g","contentUrl":"https:\/\/secure.gravatar.com\/avatar\/769db425c6f465158149f1ffd6cf61ce7a8a879d11dfbef8288af36dfddd418c?s=96&d=mm&r=g","caption":"La r\u00e9daction"},"sameAs":["http:\/\/www.lkeria.com\/"],"url":"https:\/\/www.info-algerie.com\/actualites\/author\/chakib32\/"}]}},"_links":{"self":[{"href":"https:\/\/www.info-algerie.com\/actualites\/wp-json\/wp\/v2\/posts\/11412","targetHints":{"allow":["GET"]}}],"collection":[{"href":"https:\/\/www.info-algerie.com\/actualites\/wp-json\/wp\/v2\/posts"}],"about":[{"href":"https:\/\/www.info-algerie.com\/actualites\/wp-json\/wp\/v2\/types\/post"}],"author":[{"embeddable":true,"href":"https:\/\/www.info-algerie.com\/actualites\/wp-json\/wp\/v2\/users\/6"}],"replies":[{"embeddable":true,"href":"https:\/\/www.info-algerie.com\/actualites\/wp-json\/wp\/v2\/comments?post=11412"}],"version-history":[{"count":0,"href":"https:\/\/www.info-algerie.com\/actualites\/wp-json\/wp\/v2\/posts\/11412\/revisions"}],"wp:featuredmedia":[{"embeddable":true,"href":"https:\/\/www.info-algerie.com\/actualites\/wp-json\/wp\/v2\/media\/11413"}],"wp:attachment":[{"href":"https:\/\/www.info-algerie.com\/actualites\/wp-json\/wp\/v2\/media?parent=11412"}],"wp:term":[{"taxonomy":"category","embeddable":true,"href":"https:\/\/www.info-algerie.com\/actualites\/wp-json\/wp\/v2\/categories?post=11412"},{"taxonomy":"post_tag","embeddable":true,"href":"https:\/\/www.info-algerie.com\/actualites\/wp-json\/wp\/v2\/tags?post=11412"}],"curies":[{"name":"wp","href":"https:\/\/api.w.org\/{rel}","templated":true}]}}