{"id":11420,"date":"2017-05-03T18:17:58","date_gmt":"2017-05-03T17:17:58","guid":{"rendered":"http:\/\/www.info-algerie.com\/actualites\/le-ministre-de-la-communication-hamid-grine-effectue-une-visite-au-cip\/"},"modified":"2017-05-03T18:17:58","modified_gmt":"2017-05-03T17:17:58","slug":"le-ministre-de-la-communication-hamid-grine-effectue-une-visite-au-cip","status":"publish","type":"post","link":"https:\/\/www.info-algerie.com\/actualites\/le-ministre-de-la-communication-hamid-grine-effectue-une-visite-au-cip\/","title":{"rendered":"Le ministre de la Communication Hamid Grine effectue une visite au CIP"},"content":{"rendered":"<div class=\"K2FeedImage\"><img decoding=\"async\" src=\"https:\/\/www.info-algerie.com\/actualites\/wp-content\/uploads\/2017\/05\/78a3acd3e7757dafcb1aff620ed9d068_S.jpg\" alt=\"Le ministre de la Communication Hamid Grine effectue une visite au CIP\" \/><\/div>\n<div class=\"K2FeedIntroText\">\n<p>ALGER- Le ministre de la Communication, Hamid Grine, a\u00a0 visit\u00e9 mercredi \u00e0 l&rsquo;occasion de la journ\u00e9e mondiale de la libert\u00e9 de la\u00a0 presse et \u00e0 la veille des \u00e9lections l\u00e9gislatives, le Centre international\u00a0 de presse (CIP) \u00e0 l&rsquo;H\u00f4tel El Aurassi o\u00f9 il s&rsquo;est enquis des diff\u00e9rents\u00a0 espaces et \u00e9quipements mis \u00e0 la disposition des journalistes pour assurer\u00a0 une couverture optimale des \u00e9lections l\u00e9gislatives.<\/p>\n<p>&#013;\n<\/p><\/div>\n<div class=\"K2FeedFullText\">&#013;<\/p>\n<p>\u00ab\u00a0Pr\u00e8s de 80 journalistes et correspondants \u00e9trangers ont \u00e9t\u00e9 accr\u00e9dit\u00e9s\u00a0 pour couvrir les \u00e9lections l\u00e9gislatives, dont plus de 20 journalistes\u00a0 \u00e9trangers et 50 correspondants\u00a0\u00bb, a affirm\u00e9 le ministre de la Communication\u00a0 dans une d\u00e9claration \u00e0 la presse.\u00a0\u00a0 <br \/>Toutes les mesures n\u00e9cessaires \u00e0 la couverture des l\u00e9gislatives \u00ab\u00a0ont \u00e9t\u00e9\u00a0 prises\u00a0\u00bb, a affirm\u00e9 le ministre, ajoutant que la couverture m\u00e9diatique de la\u00a0 campagne \u00ab\u00a0s&rsquo;est d\u00e9roul\u00e9e dans les meilleures conditions\u00a0\u00bb, \u00e0 l&rsquo;exception de\u00a0 certains d\u00e9passements dus au \u00ab\u00a0manque d&rsquo;exp\u00e9rience\u00a0\u00bb. <br \/>\u00ab\u00a0Seules les chaines de t\u00e9l\u00e9vision alg\u00e9riennes accr\u00e9dit\u00e9es sont autoris\u00e9es\u00a0 \u00e0 assurer la couverture des l\u00e9gislatives\u00a0\u00bb, a r\u00e9affirm\u00e9 le ministre. <br \/>Le CIP a affect\u00e9 une salle de r\u00e9daction pouvant accueillir jusqu&rsquo;\u00e0 250\u00a0 personnes, \u00e9quip\u00e9e en outils informatiques pour le traitement des textes et\u00a0 les transmissions, outre un espace multim\u00e9dia (internet haut d\u00e9bit) et un\u00a0 studio TV avec r\u00e9gie num\u00e9rique et cellule de montage. Le centre a consacr\u00e9 d&rsquo;autres espaces aux chaines de t\u00e9l\u00e9vision pour la\u00a0 transmission directe et des liaisons aux fils d&rsquo;agences de presse (APS, AFP et autres).\u00a0 <\/p>\n<p><\/p>\n<\/div>\n<p>&#013;<br \/>\nSource: <a href=\"http:\/\/www.aps.dz\/algerie\/56944-le-ministre-de-la-communication-hamid-grine-effectue-une-visite-au-cip\" target=\"_blank\">Le ministre de la Communication Hamid Grine effectue une visite au CIP<\/a><\/p>\n<!--CusAds0-->\n<div style=\"font-size: 0px; height: 0px; line-height: 0px; margin: 0; padding: 0; clear: both;\"><\/div>","protected":false},"excerpt":{"rendered":"<p>ALGER- Le ministre de la Communication, Hamid Grine, a\u00a0 visit\u00e9 mercredi \u00e0 l&rsquo;occasion de la journ\u00e9e mondiale de la libert\u00e9 de la\u00a0 presse et \u00e0 la veille des \u00e9lections l\u00e9gislatives, le Centre international\u00a0 de presse (CIP) \u00e0 l&rsquo;H\u00f4tel El Aurassi o\u00f9 il s&rsquo;est enquis des diff\u00e9rents\u00a0 espaces et \u00e9quipements mis \u00e0 la disposition des journalistes<\/p>\n","protected":false},"author":6,"featured_media":11421,"comment_status":"open","ping_status":"open","sticky":false,"template":"","format":"standard","meta":{"footnotes":""},"categories":[22],"tags":[93],"class_list":["post-11420","post","type-post","status-publish","format-standard","has-post-thumbnail","hentry","category-infos","tag-onu"],"yoast_head":"<!-- This site is optimized with the Yoast SEO plugin v27.5 - https:\/\/yoast.com\/product\/yoast-seo-wordpress\/ -->\n<title>Le ministre de la Communication Hamid Grine effectue une visite au CIP - info algerie<\/title>\n<meta name=\"robots\" content=\"index, follow, max-snippet:-1, max-image-preview:large, max-video-preview:-1\" \/>\n<link rel=\"canonical\" href=\"https:\/\/www.info-algerie.com\/actualites\/le-ministre-de-la-communication-hamid-grine-effectue-une-visite-au-cip\/\" \/>\n<meta property=\"og:locale\" content=\"fr_FR\" \/>\n<meta property=\"og:type\" content=\"article\" \/>\n<meta property=\"og:title\" content=\"Le ministre de la Communication Hamid Grine effectue une visite au CIP - info algerie\" \/>\n<meta property=\"og:description\" content=\"ALGER- Le ministre de la Communication, Hamid Grine, a\u00a0 visit\u00e9 mercredi \u00e0 l&rsquo;occasion de la journ\u00e9e mondiale de la libert\u00e9 de la\u00a0 presse et \u00e0 la veille des \u00e9lections l\u00e9gislatives, le Centre international\u00a0 de presse (CIP) \u00e0 l&rsquo;H\u00f4tel El Aurassi o\u00f9 il s&rsquo;est enquis des diff\u00e9rents\u00a0 espaces et \u00e9quipements mis \u00e0 la disposition des journalistes\" \/>\n<meta property=\"og:url\" content=\"https:\/\/www.info-algerie.com\/actualites\/le-ministre-de-la-communication-hamid-grine-effectue-une-visite-au-cip\/\" \/>\n<meta property=\"og:site_name\" content=\"info algerie\" \/>\n<meta property=\"article:publisher\" content=\"https:\/\/www.facebook.com\/infoalgerieactu\" \/>\n<meta property=\"article:published_time\" content=\"2017-05-03T17:17:58+00:00\" \/>\n<meta property=\"og:image\" content=\"https:\/\/www.info-algerie.com\/actualites\/wp-content\/uploads\/2017\/05\/78a3acd3e7757dafcb1aff620ed9d068_S-1.jpg\" \/>\n\t<meta property=\"og:image:width\" content=\"280\" \/>\n\t<meta property=\"og:image:height\" content=\"186\" \/>\n\t<meta property=\"og:image:type\" content=\"image\/jpeg\" \/>\n<meta name=\"author\" content=\"La r\u00e9daction\" \/>\n<meta name=\"twitter:label1\" content=\"\u00c9crit par\" \/>\n\t<meta name=\"twitter:data1\" content=\"La r\u00e9daction\" \/>\n\t<meta name=\"twitter:label2\" content=\"Dur\u00e9e de lecture estim\u00e9e\" \/>\n\t<meta name=\"twitter:data2\" content=\"1 minute\" \/>\n<script type=\"application\/ld+json\" class=\"yoast-schema-graph\">{\"@context\":\"https:\\\/\\\/schema.org\",\"@graph\":[{\"@type\":\"Article\",\"@id\":\"https:\\\/\\\/www.info-algerie.com\\\/actualites\\\/le-ministre-de-la-communication-hamid-grine-effectue-une-visite-au-cip\\\/#article\",\"isPartOf\":{\"@id\":\"https:\\\/\\\/www.info-algerie.com\\\/actualites\\\/le-ministre-de-la-communication-hamid-grine-effectue-une-visite-au-cip\\\/\"},\"author\":{\"name\":\"La r\u00e9daction\",\"@id\":\"https:\\\/\\\/www.info-algerie.com\\\/actualites\\\/#\\\/schema\\\/person\\\/847aaec44920825b843a08f30ec6aa1e\"},\"headline\":\"Le ministre de la Communication Hamid Grine effectue une visite au CIP\",\"datePublished\":\"2017-05-03T17:17:58+00:00\",\"mainEntityOfPage\":{\"@id\":\"https:\\\/\\\/www.info-algerie.com\\\/actualites\\\/le-ministre-de-la-communication-hamid-grine-effectue-une-visite-au-cip\\\/\"},\"wordCount\":281,\"commentCount\":0,\"publisher\":{\"@id\":\"https:\\\/\\\/www.info-algerie.com\\\/actualites\\\/#organization\"},\"image\":{\"@id\":\"https:\\\/\\\/www.info-algerie.com\\\/actualites\\\/le-ministre-de-la-communication-hamid-grine-effectue-une-visite-au-cip\\\/#primaryimage\"},\"thumbnailUrl\":\"https:\\\/\\\/www.info-algerie.com\\\/actualites\\\/wp-content\\\/uploads\\\/2017\\\/05\\\/78a3acd3e7757dafcb1aff620ed9d068_S-1.jpg\",\"keywords\":[\"ONU\"],\"articleSection\":[\"infos\"],\"inLanguage\":\"fr-FR\",\"potentialAction\":[{\"@type\":\"CommentAction\",\"name\":\"Comment\",\"target\":[\"https:\\\/\\\/www.info-algerie.com\\\/actualites\\\/le-ministre-de-la-communication-hamid-grine-effectue-une-visite-au-cip\\\/#respond\"]}]},{\"@type\":\"WebPage\",\"@id\":\"https:\\\/\\\/www.info-algerie.com\\\/actualites\\\/le-ministre-de-la-communication-hamid-grine-effectue-une-visite-au-cip\\\/\",\"url\":\"https:\\\/\\\/www.info-algerie.com\\\/actualites\\\/le-ministre-de-la-communication-hamid-grine-effectue-une-visite-au-cip\\\/\",\"name\":\"Le ministre de la Communication Hamid Grine effectue une visite au CIP - info algerie\",\"isPartOf\":{\"@id\":\"https:\\\/\\\/www.info-algerie.com\\\/actualites\\\/#website\"},\"primaryImageOfPage\":{\"@id\":\"https:\\\/\\\/www.info-algerie.com\\\/actualites\\\/le-ministre-de-la-communication-hamid-grine-effectue-une-visite-au-cip\\\/#primaryimage\"},\"image\":{\"@id\":\"https:\\\/\\\/www.info-algerie.com\\\/actualites\\\/le-ministre-de-la-communication-hamid-grine-effectue-une-visite-au-cip\\\/#primaryimage\"},\"thumbnailUrl\":\"https:\\\/\\\/www.info-algerie.com\\\/actualites\\\/wp-content\\\/uploads\\\/2017\\\/05\\\/78a3acd3e7757dafcb1aff620ed9d068_S-1.jpg\",\"datePublished\":\"2017-05-03T17:17:58+00:00\",\"breadcrumb\":{\"@id\":\"https:\\\/\\\/www.info-algerie.com\\\/actualites\\\/le-ministre-de-la-communication-hamid-grine-effectue-une-visite-au-cip\\\/#breadcrumb\"},\"inLanguage\":\"fr-FR\",\"potentialAction\":[{\"@type\":\"ReadAction\",\"target\":[\"https:\\\/\\\/www.info-algerie.com\\\/actualites\\\/le-ministre-de-la-communication-hamid-grine-effectue-une-visite-au-cip\\\/\"]}]},{\"@type\":\"ImageObject\",\"inLanguage\":\"fr-FR\",\"@id\":\"https:\\\/\\\/www.info-algerie.com\\\/actualites\\\/le-ministre-de-la-communication-hamid-grine-effectue-une-visite-au-cip\\\/#primaryimage\",\"url\":\"https:\\\/\\\/www.info-algerie.com\\\/actualites\\\/wp-content\\\/uploads\\\/2017\\\/05\\\/78a3acd3e7757dafcb1aff620ed9d068_S-1.jpg\",\"contentUrl\":\"https:\\\/\\\/www.info-algerie.com\\\/actualites\\\/wp-content\\\/uploads\\\/2017\\\/05\\\/78a3acd3e7757dafcb1aff620ed9d068_S-1.jpg\",\"width\":280,\"height\":186},{\"@type\":\"BreadcrumbList\",\"@id\":\"https:\\\/\\\/www.info-algerie.com\\\/actualites\\\/le-ministre-de-la-communication-hamid-grine-effectue-une-visite-au-cip\\\/#breadcrumb\",\"itemListElement\":[{\"@type\":\"ListItem\",\"position\":1,\"name\":\"Accueil\",\"item\":\"https:\\\/\\\/www.info-algerie.com\\\/actualites\\\/\"},{\"@type\":\"ListItem\",\"position\":2,\"name\":\"Le ministre de la Communication Hamid Grine effectue une visite au CIP\"}]},{\"@type\":\"WebSite\",\"@id\":\"https:\\\/\\\/www.info-algerie.com\\\/actualites\\\/#website\",\"url\":\"https:\\\/\\\/www.info-algerie.com\\\/actualites\\\/\",\"name\":\"info algerie\",\"description\":\"Toutes les actualit\u00e9s\",\"publisher\":{\"@id\":\"https:\\\/\\\/www.info-algerie.com\\\/actualites\\\/#organization\"},\"potentialAction\":[{\"@type\":\"SearchAction\",\"target\":{\"@type\":\"EntryPoint\",\"urlTemplate\":\"https:\\\/\\\/www.info-algerie.com\\\/actualites\\\/?s={search_term_string}\"},\"query-input\":{\"@type\":\"PropertyValueSpecification\",\"valueRequired\":true,\"valueName\":\"search_term_string\"}}],\"inLanguage\":\"fr-FR\"},{\"@type\":\"Organization\",\"@id\":\"https:\\\/\\\/www.info-algerie.com\\\/actualites\\\/#organization\",\"name\":\"info algerie\",\"url\":\"https:\\\/\\\/www.info-algerie.com\\\/actualites\\\/\",\"logo\":{\"@type\":\"ImageObject\",\"inLanguage\":\"fr-FR\",\"@id\":\"https:\\\/\\\/www.info-algerie.com\\\/actualites\\\/#\\\/schema\\\/logo\\\/image\\\/\",\"url\":\"https:\\\/\\\/www.info-algerie.com\\\/actualites\\\/wp-content\\\/uploads\\\/2022\\\/07\\\/logo-ia-120.png\",\"contentUrl\":\"https:\\\/\\\/www.info-algerie.com\\\/actualites\\\/wp-content\\\/uploads\\\/2022\\\/07\\\/logo-ia-120.png\",\"width\":120,\"height\":43,\"caption\":\"info algerie\"},\"image\":{\"@id\":\"https:\\\/\\\/www.info-algerie.com\\\/actualites\\\/#\\\/schema\\\/logo\\\/image\\\/\"},\"sameAs\":[\"https:\\\/\\\/www.facebook.com\\\/infoalgerieactu\",\"https:\\\/\\\/x.com\\\/infoalgerie1\"]},{\"@type\":\"Person\",\"@id\":\"https:\\\/\\\/www.info-algerie.com\\\/actualites\\\/#\\\/schema\\\/person\\\/847aaec44920825b843a08f30ec6aa1e\",\"name\":\"La r\u00e9daction\",\"image\":{\"@type\":\"ImageObject\",\"inLanguage\":\"fr-FR\",\"@id\":\"https:\\\/\\\/secure.gravatar.com\\\/avatar\\\/769db425c6f465158149f1ffd6cf61ce7a8a879d11dfbef8288af36dfddd418c?s=96&d=mm&r=g\",\"url\":\"https:\\\/\\\/secure.gravatar.com\\\/avatar\\\/769db425c6f465158149f1ffd6cf61ce7a8a879d11dfbef8288af36dfddd418c?s=96&d=mm&r=g\",\"contentUrl\":\"https:\\\/\\\/secure.gravatar.com\\\/avatar\\\/769db425c6f465158149f1ffd6cf61ce7a8a879d11dfbef8288af36dfddd418c?s=96&d=mm&r=g\",\"caption\":\"La r\u00e9daction\"},\"sameAs\":[\"http:\\\/\\\/www.lkeria.com\\\/\"],\"url\":\"https:\\\/\\\/www.info-algerie.com\\\/actualites\\\/author\\\/chakib32\\\/\"}]}<\/script>\n<!-- \/ Yoast SEO plugin. -->","yoast_head_json":{"title":"Le ministre de la Communication Hamid Grine effectue une visite au CIP - info algerie","robots":{"index":"index","follow":"follow","max-snippet":"max-snippet:-1","max-image-preview":"max-image-preview:large","max-video-preview":"max-video-preview:-1"},"canonical":"https:\/\/www.info-algerie.com\/actualites\/le-ministre-de-la-communication-hamid-grine-effectue-une-visite-au-cip\/","og_locale":"fr_FR","og_type":"article","og_title":"Le ministre de la Communication Hamid Grine effectue une visite au CIP - info algerie","og_description":"ALGER- Le ministre de la Communication, Hamid Grine, a\u00a0 visit\u00e9 mercredi \u00e0 l&rsquo;occasion de la journ\u00e9e mondiale de la libert\u00e9 de la\u00a0 presse et \u00e0 la veille des \u00e9lections l\u00e9gislatives, le Centre international\u00a0 de presse (CIP) \u00e0 l&rsquo;H\u00f4tel El Aurassi o\u00f9 il s&rsquo;est enquis des diff\u00e9rents\u00a0 espaces et \u00e9quipements mis \u00e0 la disposition des journalistes","og_url":"https:\/\/www.info-algerie.com\/actualites\/le-ministre-de-la-communication-hamid-grine-effectue-une-visite-au-cip\/","og_site_name":"info algerie","article_publisher":"https:\/\/www.facebook.com\/infoalgerieactu","article_published_time":"2017-05-03T17:17:58+00:00","og_image":[{"width":280,"height":186,"url":"https:\/\/www.info-algerie.com\/actualites\/wp-content\/uploads\/2017\/05\/78a3acd3e7757dafcb1aff620ed9d068_S-1.jpg","type":"image\/jpeg"}],"author":"La r\u00e9daction","twitter_misc":{"\u00c9crit par":"La r\u00e9daction","Dur\u00e9e de lecture estim\u00e9e":"1 minute"},"schema":{"@context":"https:\/\/schema.org","@graph":[{"@type":"Article","@id":"https:\/\/www.info-algerie.com\/actualites\/le-ministre-de-la-communication-hamid-grine-effectue-une-visite-au-cip\/#article","isPartOf":{"@id":"https:\/\/www.info-algerie.com\/actualites\/le-ministre-de-la-communication-hamid-grine-effectue-une-visite-au-cip\/"},"author":{"name":"La r\u00e9daction","@id":"https:\/\/www.info-algerie.com\/actualites\/#\/schema\/person\/847aaec44920825b843a08f30ec6aa1e"},"headline":"Le ministre de la Communication Hamid Grine effectue une visite au CIP","datePublished":"2017-05-03T17:17:58+00:00","mainEntityOfPage":{"@id":"https:\/\/www.info-algerie.com\/actualites\/le-ministre-de-la-communication-hamid-grine-effectue-une-visite-au-cip\/"},"wordCount":281,"commentCount":0,"publisher":{"@id":"https:\/\/www.info-algerie.com\/actualites\/#organization"},"image":{"@id":"https:\/\/www.info-algerie.com\/actualites\/le-ministre-de-la-communication-hamid-grine-effectue-une-visite-au-cip\/#primaryimage"},"thumbnailUrl":"https:\/\/www.info-algerie.com\/actualites\/wp-content\/uploads\/2017\/05\/78a3acd3e7757dafcb1aff620ed9d068_S-1.jpg","keywords":["ONU"],"articleSection":["infos"],"inLanguage":"fr-FR","potentialAction":[{"@type":"CommentAction","name":"Comment","target":["https:\/\/www.info-algerie.com\/actualites\/le-ministre-de-la-communication-hamid-grine-effectue-une-visite-au-cip\/#respond"]}]},{"@type":"WebPage","@id":"https:\/\/www.info-algerie.com\/actualites\/le-ministre-de-la-communication-hamid-grine-effectue-une-visite-au-cip\/","url":"https:\/\/www.info-algerie.com\/actualites\/le-ministre-de-la-communication-hamid-grine-effectue-une-visite-au-cip\/","name":"Le ministre de la Communication Hamid Grine effectue une visite au CIP - info algerie","isPartOf":{"@id":"https:\/\/www.info-algerie.com\/actualites\/#website"},"primaryImageOfPage":{"@id":"https:\/\/www.info-algerie.com\/actualites\/le-ministre-de-la-communication-hamid-grine-effectue-une-visite-au-cip\/#primaryimage"},"image":{"@id":"https:\/\/www.info-algerie.com\/actualites\/le-ministre-de-la-communication-hamid-grine-effectue-une-visite-au-cip\/#primaryimage"},"thumbnailUrl":"https:\/\/www.info-algerie.com\/actualites\/wp-content\/uploads\/2017\/05\/78a3acd3e7757dafcb1aff620ed9d068_S-1.jpg","datePublished":"2017-05-03T17:17:58+00:00","breadcrumb":{"@id":"https:\/\/www.info-algerie.com\/actualites\/le-ministre-de-la-communication-hamid-grine-effectue-une-visite-au-cip\/#breadcrumb"},"inLanguage":"fr-FR","potentialAction":[{"@type":"ReadAction","target":["https:\/\/www.info-algerie.com\/actualites\/le-ministre-de-la-communication-hamid-grine-effectue-une-visite-au-cip\/"]}]},{"@type":"ImageObject","inLanguage":"fr-FR","@id":"https:\/\/www.info-algerie.com\/actualites\/le-ministre-de-la-communication-hamid-grine-effectue-une-visite-au-cip\/#primaryimage","url":"https:\/\/www.info-algerie.com\/actualites\/wp-content\/uploads\/2017\/05\/78a3acd3e7757dafcb1aff620ed9d068_S-1.jpg","contentUrl":"https:\/\/www.info-algerie.com\/actualites\/wp-content\/uploads\/2017\/05\/78a3acd3e7757dafcb1aff620ed9d068_S-1.jpg","width":280,"height":186},{"@type":"BreadcrumbList","@id":"https:\/\/www.info-algerie.com\/actualites\/le-ministre-de-la-communication-hamid-grine-effectue-une-visite-au-cip\/#breadcrumb","itemListElement":[{"@type":"ListItem","position":1,"name":"Accueil","item":"https:\/\/www.info-algerie.com\/actualites\/"},{"@type":"ListItem","position":2,"name":"Le ministre de la Communication Hamid Grine effectue une visite au CIP"}]},{"@type":"WebSite","@id":"https:\/\/www.info-algerie.com\/actualites\/#website","url":"https:\/\/www.info-algerie.com\/actualites\/","name":"info algerie","description":"Toutes les actualit\u00e9s","publisher":{"@id":"https:\/\/www.info-algerie.com\/actualites\/#organization"},"potentialAction":[{"@type":"SearchAction","target":{"@type":"EntryPoint","urlTemplate":"https:\/\/www.info-algerie.com\/actualites\/?s={search_term_string}"},"query-input":{"@type":"PropertyValueSpecification","valueRequired":true,"valueName":"search_term_string"}}],"inLanguage":"fr-FR"},{"@type":"Organization","@id":"https:\/\/www.info-algerie.com\/actualites\/#organization","name":"info algerie","url":"https:\/\/www.info-algerie.com\/actualites\/","logo":{"@type":"ImageObject","inLanguage":"fr-FR","@id":"https:\/\/www.info-algerie.com\/actualites\/#\/schema\/logo\/image\/","url":"https:\/\/www.info-algerie.com\/actualites\/wp-content\/uploads\/2022\/07\/logo-ia-120.png","contentUrl":"https:\/\/www.info-algerie.com\/actualites\/wp-content\/uploads\/2022\/07\/logo-ia-120.png","width":120,"height":43,"caption":"info algerie"},"image":{"@id":"https:\/\/www.info-algerie.com\/actualites\/#\/schema\/logo\/image\/"},"sameAs":["https:\/\/www.facebook.com\/infoalgerieactu","https:\/\/x.com\/infoalgerie1"]},{"@type":"Person","@id":"https:\/\/www.info-algerie.com\/actualites\/#\/schema\/person\/847aaec44920825b843a08f30ec6aa1e","name":"La r\u00e9daction","image":{"@type":"ImageObject","inLanguage":"fr-FR","@id":"https:\/\/secure.gravatar.com\/avatar\/769db425c6f465158149f1ffd6cf61ce7a8a879d11dfbef8288af36dfddd418c?s=96&d=mm&r=g","url":"https:\/\/secure.gravatar.com\/avatar\/769db425c6f465158149f1ffd6cf61ce7a8a879d11dfbef8288af36dfddd418c?s=96&d=mm&r=g","contentUrl":"https:\/\/secure.gravatar.com\/avatar\/769db425c6f465158149f1ffd6cf61ce7a8a879d11dfbef8288af36dfddd418c?s=96&d=mm&r=g","caption":"La r\u00e9daction"},"sameAs":["http:\/\/www.lkeria.com\/"],"url":"https:\/\/www.info-algerie.com\/actualites\/author\/chakib32\/"}]}},"_links":{"self":[{"href":"https:\/\/www.info-algerie.com\/actualites\/wp-json\/wp\/v2\/posts\/11420","targetHints":{"allow":["GET"]}}],"collection":[{"href":"https:\/\/www.info-algerie.com\/actualites\/wp-json\/wp\/v2\/posts"}],"about":[{"href":"https:\/\/www.info-algerie.com\/actualites\/wp-json\/wp\/v2\/types\/post"}],"author":[{"embeddable":true,"href":"https:\/\/www.info-algerie.com\/actualites\/wp-json\/wp\/v2\/users\/6"}],"replies":[{"embeddable":true,"href":"https:\/\/www.info-algerie.com\/actualites\/wp-json\/wp\/v2\/comments?post=11420"}],"version-history":[{"count":0,"href":"https:\/\/www.info-algerie.com\/actualites\/wp-json\/wp\/v2\/posts\/11420\/revisions"}],"wp:featuredmedia":[{"embeddable":true,"href":"https:\/\/www.info-algerie.com\/actualites\/wp-json\/wp\/v2\/media\/11421"}],"wp:attachment":[{"href":"https:\/\/www.info-algerie.com\/actualites\/wp-json\/wp\/v2\/media?parent=11420"}],"wp:term":[{"taxonomy":"category","embeddable":true,"href":"https:\/\/www.info-algerie.com\/actualites\/wp-json\/wp\/v2\/categories?post=11420"},{"taxonomy":"post_tag","embeddable":true,"href":"https:\/\/www.info-algerie.com\/actualites\/wp-json\/wp\/v2\/tags?post=11420"}],"curies":[{"name":"wp","href":"https:\/\/api.w.org\/{rel}","templated":true}]}}