{"id":11425,"date":"2017-05-03T19:28:19","date_gmt":"2017-05-03T18:28:19","guid":{"rendered":"http:\/\/www.info-algerie.com\/actualites\/accreditation-de-pres-de-700-journalistes-dont-80-representant-la-presse-etrangere-pour-la-couverture-des-legislatives\/"},"modified":"2017-05-03T19:28:19","modified_gmt":"2017-05-03T18:28:19","slug":"accreditation-de-pres-de-700-journalistes-dont-80-representant-la-presse-etrangere-pour-la-couverture-des-legislatives","status":"publish","type":"post","link":"https:\/\/www.info-algerie.com\/actualites\/accreditation-de-pres-de-700-journalistes-dont-80-representant-la-presse-etrangere-pour-la-couverture-des-legislatives\/","title":{"rendered":"Accr\u00e9ditation de pr\u00e8s de 700 journalistes dont 80 repr\u00e9sentant la presse  \u00e9trang\u00e8re pour la couverture des l\u00e9gislatives"},"content":{"rendered":"<div class=\"K2FeedImage\"><img decoding=\"async\" src=\"https:\/\/www.info-algerie.com\/actualites\/wp-content\/uploads\/2017\/05\/879feb131652e0f6b3e3d7017fa32142_S.jpg\" alt=\"Accr&#xE9;ditation de pr&#xE8;s de 700 journalistes dont 80 repr&#xE9;sentant la presse  &#xE9;trang&#xE8;re pour la couverture des l&#xE9;gislatives\" \/><\/div>\n<div class=\"K2FeedIntroText\">\n<p>ALGER &#8211; Pr\u00e8s de 700 journalistes dont 80 repr\u00e9sentant la\u00a0 presse \u00e9trang\u00e8re ont \u00e9t\u00e9 accr\u00e9dit\u00e9s pour assurer la couverture des\u00a0 \u00e9lections l\u00e9gislatives pr\u00e9vu jeudi, a-t-on appris mercredi aupr\u00e8s du<br \/>minist\u00e8re de la Communication.<\/p>\n<p>&#013;\n<\/p><\/div>\n<div class=\"K2FeedFullText\">&#013;<\/p>\n<p>Dans une d\u00e9claration \u00e0 l&rsquo;APS, la Directrice des m\u00e9dias au minist\u00e8re de la\u00a0 Communication, Fatima Zahra Zeghaimi, a pr\u00e9cis\u00e9 que \u00ab\u00a0pr\u00e8s de 80\u00a0 journalistes repr\u00e9sentant de grands m\u00e9dias arabes et \u00e9trangers dont 20\u00a0 envoy\u00e9s sp\u00e9ciaux et plus de 600 journalistes alg\u00e9riens des diff\u00e9rents m\u00e9dias \u00e9crits et audiovisuels\u00a0\u00bb ont \u00e9t\u00e9 accr\u00e9dit\u00e9s pour assurer la\u00a0 couverture des \u00e9lections.<br \/>Mme Zeghaimi a fait savoir que \u00ab\u00a0toutes les mesures n\u00e9cessaires ont \u00e9t\u00e9\u00a0 prises pour couvrir cet \u00e9v\u00e8nement \u00e9lectoral\u00a0\u00bb, ajoutant qu&rsquo;un bureau sp\u00e9cial\u00a0 avait \u00e9t\u00e9 install\u00e9 pour l&rsquo;accr\u00e9ditation des journalistes alg\u00e9riens et\u00a0 \u00e9trangers au Centre international de presse (CIP), dot\u00e9 de tous les moyens n\u00e9cessaires pour permettre aux journalistes d&rsquo;accomplir leur mission dans\u00a0 de bonnes conditions\u00a0\u00bb.<\/p>\n<\/div>\n<p>&#013;<br \/>\nSource: <a href=\"http:\/\/www.aps.dz\/algerie\/56948-accreditation-de-pres-de-700-journalistes-dont-80-representant-la-presse-etrangere-pour-la-couverture-des-legislatives\" target=\"_blank\">Accr\u00e9ditation de pr\u00e8s de 700 journalistes dont 80 repr\u00e9sentant la presse  \u00e9trang\u00e8re pour la couverture des l\u00e9gislatives<\/a><\/p>\n<!--CusAds0-->\n<div style=\"font-size: 0px; height: 0px; line-height: 0px; margin: 0; padding: 0; clear: both;\"><\/div>","protected":false},"excerpt":{"rendered":"<p>ALGER &#8211; Pr\u00e8s de 700 journalistes dont 80 repr\u00e9sentant la\u00a0 presse \u00e9trang\u00e8re ont \u00e9t\u00e9 accr\u00e9dit\u00e9s pour assurer la couverture des\u00a0 \u00e9lections l\u00e9gislatives pr\u00e9vu jeudi, a-t-on appris mercredi aupr\u00e8s duminist\u00e8re de la Communication. &#013; &#013; Dans une d\u00e9claration \u00e0 l&rsquo;APS, la Directrice des m\u00e9dias au minist\u00e8re de la\u00a0 Communication, Fatima Zahra Zeghaimi, a pr\u00e9cis\u00e9 que \u00ab\u00a0pr\u00e8s<\/p>\n","protected":false},"author":6,"featured_media":11426,"comment_status":"open","ping_status":"open","sticky":false,"template":"","format":"standard","meta":{"footnotes":""},"categories":[22],"tags":[93],"class_list":["post-11425","post","type-post","status-publish","format-standard","has-post-thumbnail","hentry","category-infos","tag-onu"],"yoast_head":"<!-- This site is optimized with the Yoast SEO plugin v27.5 - https:\/\/yoast.com\/product\/yoast-seo-wordpress\/ -->\n<title>Accr\u00e9ditation de pr\u00e8s de 700 journalistes dont 80 repr\u00e9sentant la presse \u00e9trang\u00e8re pour la couverture des l\u00e9gislatives - info algerie<\/title>\n<meta name=\"robots\" content=\"index, follow, max-snippet:-1, max-image-preview:large, max-video-preview:-1\" \/>\n<link rel=\"canonical\" href=\"https:\/\/www.info-algerie.com\/actualites\/accreditation-de-pres-de-700-journalistes-dont-80-representant-la-presse-etrangere-pour-la-couverture-des-legislatives\/\" \/>\n<meta property=\"og:locale\" content=\"fr_FR\" \/>\n<meta property=\"og:type\" content=\"article\" \/>\n<meta property=\"og:title\" content=\"Accr\u00e9ditation de pr\u00e8s de 700 journalistes dont 80 repr\u00e9sentant la presse \u00e9trang\u00e8re pour la couverture des l\u00e9gislatives - info algerie\" \/>\n<meta property=\"og:description\" content=\"ALGER &#8211; Pr\u00e8s de 700 journalistes dont 80 repr\u00e9sentant la\u00a0 presse \u00e9trang\u00e8re ont \u00e9t\u00e9 accr\u00e9dit\u00e9s pour assurer la couverture des\u00a0 \u00e9lections l\u00e9gislatives pr\u00e9vu jeudi, a-t-on appris mercredi aupr\u00e8s duminist\u00e8re de la Communication. &#013; &#013; Dans une d\u00e9claration \u00e0 l&rsquo;APS, la Directrice des m\u00e9dias au minist\u00e8re de la\u00a0 Communication, Fatima Zahra Zeghaimi, a pr\u00e9cis\u00e9 que \u00ab\u00a0pr\u00e8s\" \/>\n<meta property=\"og:url\" content=\"https:\/\/www.info-algerie.com\/actualites\/accreditation-de-pres-de-700-journalistes-dont-80-representant-la-presse-etrangere-pour-la-couverture-des-legislatives\/\" \/>\n<meta property=\"og:site_name\" content=\"info algerie\" \/>\n<meta property=\"article:publisher\" content=\"https:\/\/www.facebook.com\/infoalgerieactu\" \/>\n<meta property=\"article:published_time\" content=\"2017-05-03T18:28:19+00:00\" \/>\n<meta property=\"og:image\" content=\"https:\/\/www.info-algerie.com\/actualites\/wp-content\/uploads\/2017\/05\/879feb131652e0f6b3e3d7017fa32142_S-1.jpg\" \/>\n\t<meta property=\"og:image:width\" content=\"280\" \/>\n\t<meta property=\"og:image:height\" content=\"190\" \/>\n\t<meta property=\"og:image:type\" content=\"image\/jpeg\" \/>\n<meta name=\"author\" content=\"La r\u00e9daction\" \/>\n<meta name=\"twitter:label1\" content=\"\u00c9crit par\" \/>\n\t<meta name=\"twitter:data1\" content=\"La r\u00e9daction\" \/>\n\t<meta name=\"twitter:label2\" content=\"Dur\u00e9e de lecture estim\u00e9e\" \/>\n\t<meta name=\"twitter:data2\" content=\"1 minute\" \/>\n<script type=\"application\/ld+json\" class=\"yoast-schema-graph\">{\"@context\":\"https:\\\/\\\/schema.org\",\"@graph\":[{\"@type\":\"Article\",\"@id\":\"https:\\\/\\\/www.info-algerie.com\\\/actualites\\\/accreditation-de-pres-de-700-journalistes-dont-80-representant-la-presse-etrangere-pour-la-couverture-des-legislatives\\\/#article\",\"isPartOf\":{\"@id\":\"https:\\\/\\\/www.info-algerie.com\\\/actualites\\\/accreditation-de-pres-de-700-journalistes-dont-80-representant-la-presse-etrangere-pour-la-couverture-des-legislatives\\\/\"},\"author\":{\"name\":\"La r\u00e9daction\",\"@id\":\"https:\\\/\\\/www.info-algerie.com\\\/actualites\\\/#\\\/schema\\\/person\\\/847aaec44920825b843a08f30ec6aa1e\"},\"headline\":\"Accr\u00e9ditation de pr\u00e8s de 700 journalistes dont 80 repr\u00e9sentant la presse \u00e9trang\u00e8re pour la couverture des l\u00e9gislatives\",\"datePublished\":\"2017-05-03T18:28:19+00:00\",\"mainEntityOfPage\":{\"@id\":\"https:\\\/\\\/www.info-algerie.com\\\/actualites\\\/accreditation-de-pres-de-700-journalistes-dont-80-representant-la-presse-etrangere-pour-la-couverture-des-legislatives\\\/\"},\"wordCount\":211,\"commentCount\":0,\"publisher\":{\"@id\":\"https:\\\/\\\/www.info-algerie.com\\\/actualites\\\/#organization\"},\"image\":{\"@id\":\"https:\\\/\\\/www.info-algerie.com\\\/actualites\\\/accreditation-de-pres-de-700-journalistes-dont-80-representant-la-presse-etrangere-pour-la-couverture-des-legislatives\\\/#primaryimage\"},\"thumbnailUrl\":\"https:\\\/\\\/www.info-algerie.com\\\/actualites\\\/wp-content\\\/uploads\\\/2017\\\/05\\\/879feb131652e0f6b3e3d7017fa32142_S-1.jpg\",\"keywords\":[\"ONU\"],\"articleSection\":[\"infos\"],\"inLanguage\":\"fr-FR\",\"potentialAction\":[{\"@type\":\"CommentAction\",\"name\":\"Comment\",\"target\":[\"https:\\\/\\\/www.info-algerie.com\\\/actualites\\\/accreditation-de-pres-de-700-journalistes-dont-80-representant-la-presse-etrangere-pour-la-couverture-des-legislatives\\\/#respond\"]}]},{\"@type\":\"WebPage\",\"@id\":\"https:\\\/\\\/www.info-algerie.com\\\/actualites\\\/accreditation-de-pres-de-700-journalistes-dont-80-representant-la-presse-etrangere-pour-la-couverture-des-legislatives\\\/\",\"url\":\"https:\\\/\\\/www.info-algerie.com\\\/actualites\\\/accreditation-de-pres-de-700-journalistes-dont-80-representant-la-presse-etrangere-pour-la-couverture-des-legislatives\\\/\",\"name\":\"Accr\u00e9ditation de pr\u00e8s de 700 journalistes dont 80 repr\u00e9sentant la presse \u00e9trang\u00e8re pour la couverture des l\u00e9gislatives - info algerie\",\"isPartOf\":{\"@id\":\"https:\\\/\\\/www.info-algerie.com\\\/actualites\\\/#website\"},\"primaryImageOfPage\":{\"@id\":\"https:\\\/\\\/www.info-algerie.com\\\/actualites\\\/accreditation-de-pres-de-700-journalistes-dont-80-representant-la-presse-etrangere-pour-la-couverture-des-legislatives\\\/#primaryimage\"},\"image\":{\"@id\":\"https:\\\/\\\/www.info-algerie.com\\\/actualites\\\/accreditation-de-pres-de-700-journalistes-dont-80-representant-la-presse-etrangere-pour-la-couverture-des-legislatives\\\/#primaryimage\"},\"thumbnailUrl\":\"https:\\\/\\\/www.info-algerie.com\\\/actualites\\\/wp-content\\\/uploads\\\/2017\\\/05\\\/879feb131652e0f6b3e3d7017fa32142_S-1.jpg\",\"datePublished\":\"2017-05-03T18:28:19+00:00\",\"breadcrumb\":{\"@id\":\"https:\\\/\\\/www.info-algerie.com\\\/actualites\\\/accreditation-de-pres-de-700-journalistes-dont-80-representant-la-presse-etrangere-pour-la-couverture-des-legislatives\\\/#breadcrumb\"},\"inLanguage\":\"fr-FR\",\"potentialAction\":[{\"@type\":\"ReadAction\",\"target\":[\"https:\\\/\\\/www.info-algerie.com\\\/actualites\\\/accreditation-de-pres-de-700-journalistes-dont-80-representant-la-presse-etrangere-pour-la-couverture-des-legislatives\\\/\"]}]},{\"@type\":\"ImageObject\",\"inLanguage\":\"fr-FR\",\"@id\":\"https:\\\/\\\/www.info-algerie.com\\\/actualites\\\/accreditation-de-pres-de-700-journalistes-dont-80-representant-la-presse-etrangere-pour-la-couverture-des-legislatives\\\/#primaryimage\",\"url\":\"https:\\\/\\\/www.info-algerie.com\\\/actualites\\\/wp-content\\\/uploads\\\/2017\\\/05\\\/879feb131652e0f6b3e3d7017fa32142_S-1.jpg\",\"contentUrl\":\"https:\\\/\\\/www.info-algerie.com\\\/actualites\\\/wp-content\\\/uploads\\\/2017\\\/05\\\/879feb131652e0f6b3e3d7017fa32142_S-1.jpg\",\"width\":280,\"height\":190},{\"@type\":\"BreadcrumbList\",\"@id\":\"https:\\\/\\\/www.info-algerie.com\\\/actualites\\\/accreditation-de-pres-de-700-journalistes-dont-80-representant-la-presse-etrangere-pour-la-couverture-des-legislatives\\\/#breadcrumb\",\"itemListElement\":[{\"@type\":\"ListItem\",\"position\":1,\"name\":\"Accueil\",\"item\":\"https:\\\/\\\/www.info-algerie.com\\\/actualites\\\/\"},{\"@type\":\"ListItem\",\"position\":2,\"name\":\"Accr\u00e9ditation de pr\u00e8s de 700 journalistes dont 80 repr\u00e9sentant la presse \u00e9trang\u00e8re pour la couverture des l\u00e9gislatives\"}]},{\"@type\":\"WebSite\",\"@id\":\"https:\\\/\\\/www.info-algerie.com\\\/actualites\\\/#website\",\"url\":\"https:\\\/\\\/www.info-algerie.com\\\/actualites\\\/\",\"name\":\"info algerie\",\"description\":\"Toutes les actualit\u00e9s\",\"publisher\":{\"@id\":\"https:\\\/\\\/www.info-algerie.com\\\/actualites\\\/#organization\"},\"potentialAction\":[{\"@type\":\"SearchAction\",\"target\":{\"@type\":\"EntryPoint\",\"urlTemplate\":\"https:\\\/\\\/www.info-algerie.com\\\/actualites\\\/?s={search_term_string}\"},\"query-input\":{\"@type\":\"PropertyValueSpecification\",\"valueRequired\":true,\"valueName\":\"search_term_string\"}}],\"inLanguage\":\"fr-FR\"},{\"@type\":\"Organization\",\"@id\":\"https:\\\/\\\/www.info-algerie.com\\\/actualites\\\/#organization\",\"name\":\"info algerie\",\"url\":\"https:\\\/\\\/www.info-algerie.com\\\/actualites\\\/\",\"logo\":{\"@type\":\"ImageObject\",\"inLanguage\":\"fr-FR\",\"@id\":\"https:\\\/\\\/www.info-algerie.com\\\/actualites\\\/#\\\/schema\\\/logo\\\/image\\\/\",\"url\":\"https:\\\/\\\/www.info-algerie.com\\\/actualites\\\/wp-content\\\/uploads\\\/2022\\\/07\\\/logo-ia-120.png\",\"contentUrl\":\"https:\\\/\\\/www.info-algerie.com\\\/actualites\\\/wp-content\\\/uploads\\\/2022\\\/07\\\/logo-ia-120.png\",\"width\":120,\"height\":43,\"caption\":\"info algerie\"},\"image\":{\"@id\":\"https:\\\/\\\/www.info-algerie.com\\\/actualites\\\/#\\\/schema\\\/logo\\\/image\\\/\"},\"sameAs\":[\"https:\\\/\\\/www.facebook.com\\\/infoalgerieactu\",\"https:\\\/\\\/x.com\\\/infoalgerie1\"]},{\"@type\":\"Person\",\"@id\":\"https:\\\/\\\/www.info-algerie.com\\\/actualites\\\/#\\\/schema\\\/person\\\/847aaec44920825b843a08f30ec6aa1e\",\"name\":\"La r\u00e9daction\",\"image\":{\"@type\":\"ImageObject\",\"inLanguage\":\"fr-FR\",\"@id\":\"https:\\\/\\\/secure.gravatar.com\\\/avatar\\\/769db425c6f465158149f1ffd6cf61ce7a8a879d11dfbef8288af36dfddd418c?s=96&d=mm&r=g\",\"url\":\"https:\\\/\\\/secure.gravatar.com\\\/avatar\\\/769db425c6f465158149f1ffd6cf61ce7a8a879d11dfbef8288af36dfddd418c?s=96&d=mm&r=g\",\"contentUrl\":\"https:\\\/\\\/secure.gravatar.com\\\/avatar\\\/769db425c6f465158149f1ffd6cf61ce7a8a879d11dfbef8288af36dfddd418c?s=96&d=mm&r=g\",\"caption\":\"La r\u00e9daction\"},\"sameAs\":[\"http:\\\/\\\/www.lkeria.com\\\/\"],\"url\":\"https:\\\/\\\/www.info-algerie.com\\\/actualites\\\/author\\\/chakib32\\\/\"}]}<\/script>\n<!-- \/ Yoast SEO plugin. -->","yoast_head_json":{"title":"Accr\u00e9ditation de pr\u00e8s de 700 journalistes dont 80 repr\u00e9sentant la presse \u00e9trang\u00e8re pour la couverture des l\u00e9gislatives - info algerie","robots":{"index":"index","follow":"follow","max-snippet":"max-snippet:-1","max-image-preview":"max-image-preview:large","max-video-preview":"max-video-preview:-1"},"canonical":"https:\/\/www.info-algerie.com\/actualites\/accreditation-de-pres-de-700-journalistes-dont-80-representant-la-presse-etrangere-pour-la-couverture-des-legislatives\/","og_locale":"fr_FR","og_type":"article","og_title":"Accr\u00e9ditation de pr\u00e8s de 700 journalistes dont 80 repr\u00e9sentant la presse \u00e9trang\u00e8re pour la couverture des l\u00e9gislatives - info algerie","og_description":"ALGER &#8211; Pr\u00e8s de 700 journalistes dont 80 repr\u00e9sentant la\u00a0 presse \u00e9trang\u00e8re ont \u00e9t\u00e9 accr\u00e9dit\u00e9s pour assurer la couverture des\u00a0 \u00e9lections l\u00e9gislatives pr\u00e9vu jeudi, a-t-on appris mercredi aupr\u00e8s duminist\u00e8re de la Communication. &#013; &#013; Dans une d\u00e9claration \u00e0 l&rsquo;APS, la Directrice des m\u00e9dias au minist\u00e8re de la\u00a0 Communication, Fatima Zahra Zeghaimi, a pr\u00e9cis\u00e9 que \u00ab\u00a0pr\u00e8s","og_url":"https:\/\/www.info-algerie.com\/actualites\/accreditation-de-pres-de-700-journalistes-dont-80-representant-la-presse-etrangere-pour-la-couverture-des-legislatives\/","og_site_name":"info algerie","article_publisher":"https:\/\/www.facebook.com\/infoalgerieactu","article_published_time":"2017-05-03T18:28:19+00:00","og_image":[{"width":280,"height":190,"url":"https:\/\/www.info-algerie.com\/actualites\/wp-content\/uploads\/2017\/05\/879feb131652e0f6b3e3d7017fa32142_S-1.jpg","type":"image\/jpeg"}],"author":"La r\u00e9daction","twitter_misc":{"\u00c9crit par":"La r\u00e9daction","Dur\u00e9e de lecture estim\u00e9e":"1 minute"},"schema":{"@context":"https:\/\/schema.org","@graph":[{"@type":"Article","@id":"https:\/\/www.info-algerie.com\/actualites\/accreditation-de-pres-de-700-journalistes-dont-80-representant-la-presse-etrangere-pour-la-couverture-des-legislatives\/#article","isPartOf":{"@id":"https:\/\/www.info-algerie.com\/actualites\/accreditation-de-pres-de-700-journalistes-dont-80-representant-la-presse-etrangere-pour-la-couverture-des-legislatives\/"},"author":{"name":"La r\u00e9daction","@id":"https:\/\/www.info-algerie.com\/actualites\/#\/schema\/person\/847aaec44920825b843a08f30ec6aa1e"},"headline":"Accr\u00e9ditation de pr\u00e8s de 700 journalistes dont 80 repr\u00e9sentant la presse \u00e9trang\u00e8re pour la couverture des l\u00e9gislatives","datePublished":"2017-05-03T18:28:19+00:00","mainEntityOfPage":{"@id":"https:\/\/www.info-algerie.com\/actualites\/accreditation-de-pres-de-700-journalistes-dont-80-representant-la-presse-etrangere-pour-la-couverture-des-legislatives\/"},"wordCount":211,"commentCount":0,"publisher":{"@id":"https:\/\/www.info-algerie.com\/actualites\/#organization"},"image":{"@id":"https:\/\/www.info-algerie.com\/actualites\/accreditation-de-pres-de-700-journalistes-dont-80-representant-la-presse-etrangere-pour-la-couverture-des-legislatives\/#primaryimage"},"thumbnailUrl":"https:\/\/www.info-algerie.com\/actualites\/wp-content\/uploads\/2017\/05\/879feb131652e0f6b3e3d7017fa32142_S-1.jpg","keywords":["ONU"],"articleSection":["infos"],"inLanguage":"fr-FR","potentialAction":[{"@type":"CommentAction","name":"Comment","target":["https:\/\/www.info-algerie.com\/actualites\/accreditation-de-pres-de-700-journalistes-dont-80-representant-la-presse-etrangere-pour-la-couverture-des-legislatives\/#respond"]}]},{"@type":"WebPage","@id":"https:\/\/www.info-algerie.com\/actualites\/accreditation-de-pres-de-700-journalistes-dont-80-representant-la-presse-etrangere-pour-la-couverture-des-legislatives\/","url":"https:\/\/www.info-algerie.com\/actualites\/accreditation-de-pres-de-700-journalistes-dont-80-representant-la-presse-etrangere-pour-la-couverture-des-legislatives\/","name":"Accr\u00e9ditation de pr\u00e8s de 700 journalistes dont 80 repr\u00e9sentant la presse \u00e9trang\u00e8re pour la couverture des l\u00e9gislatives - info algerie","isPartOf":{"@id":"https:\/\/www.info-algerie.com\/actualites\/#website"},"primaryImageOfPage":{"@id":"https:\/\/www.info-algerie.com\/actualites\/accreditation-de-pres-de-700-journalistes-dont-80-representant-la-presse-etrangere-pour-la-couverture-des-legislatives\/#primaryimage"},"image":{"@id":"https:\/\/www.info-algerie.com\/actualites\/accreditation-de-pres-de-700-journalistes-dont-80-representant-la-presse-etrangere-pour-la-couverture-des-legislatives\/#primaryimage"},"thumbnailUrl":"https:\/\/www.info-algerie.com\/actualites\/wp-content\/uploads\/2017\/05\/879feb131652e0f6b3e3d7017fa32142_S-1.jpg","datePublished":"2017-05-03T18:28:19+00:00","breadcrumb":{"@id":"https:\/\/www.info-algerie.com\/actualites\/accreditation-de-pres-de-700-journalistes-dont-80-representant-la-presse-etrangere-pour-la-couverture-des-legislatives\/#breadcrumb"},"inLanguage":"fr-FR","potentialAction":[{"@type":"ReadAction","target":["https:\/\/www.info-algerie.com\/actualites\/accreditation-de-pres-de-700-journalistes-dont-80-representant-la-presse-etrangere-pour-la-couverture-des-legislatives\/"]}]},{"@type":"ImageObject","inLanguage":"fr-FR","@id":"https:\/\/www.info-algerie.com\/actualites\/accreditation-de-pres-de-700-journalistes-dont-80-representant-la-presse-etrangere-pour-la-couverture-des-legislatives\/#primaryimage","url":"https:\/\/www.info-algerie.com\/actualites\/wp-content\/uploads\/2017\/05\/879feb131652e0f6b3e3d7017fa32142_S-1.jpg","contentUrl":"https:\/\/www.info-algerie.com\/actualites\/wp-content\/uploads\/2017\/05\/879feb131652e0f6b3e3d7017fa32142_S-1.jpg","width":280,"height":190},{"@type":"BreadcrumbList","@id":"https:\/\/www.info-algerie.com\/actualites\/accreditation-de-pres-de-700-journalistes-dont-80-representant-la-presse-etrangere-pour-la-couverture-des-legislatives\/#breadcrumb","itemListElement":[{"@type":"ListItem","position":1,"name":"Accueil","item":"https:\/\/www.info-algerie.com\/actualites\/"},{"@type":"ListItem","position":2,"name":"Accr\u00e9ditation de pr\u00e8s de 700 journalistes dont 80 repr\u00e9sentant la presse \u00e9trang\u00e8re pour la couverture des l\u00e9gislatives"}]},{"@type":"WebSite","@id":"https:\/\/www.info-algerie.com\/actualites\/#website","url":"https:\/\/www.info-algerie.com\/actualites\/","name":"info algerie","description":"Toutes les actualit\u00e9s","publisher":{"@id":"https:\/\/www.info-algerie.com\/actualites\/#organization"},"potentialAction":[{"@type":"SearchAction","target":{"@type":"EntryPoint","urlTemplate":"https:\/\/www.info-algerie.com\/actualites\/?s={search_term_string}"},"query-input":{"@type":"PropertyValueSpecification","valueRequired":true,"valueName":"search_term_string"}}],"inLanguage":"fr-FR"},{"@type":"Organization","@id":"https:\/\/www.info-algerie.com\/actualites\/#organization","name":"info algerie","url":"https:\/\/www.info-algerie.com\/actualites\/","logo":{"@type":"ImageObject","inLanguage":"fr-FR","@id":"https:\/\/www.info-algerie.com\/actualites\/#\/schema\/logo\/image\/","url":"https:\/\/www.info-algerie.com\/actualites\/wp-content\/uploads\/2022\/07\/logo-ia-120.png","contentUrl":"https:\/\/www.info-algerie.com\/actualites\/wp-content\/uploads\/2022\/07\/logo-ia-120.png","width":120,"height":43,"caption":"info algerie"},"image":{"@id":"https:\/\/www.info-algerie.com\/actualites\/#\/schema\/logo\/image\/"},"sameAs":["https:\/\/www.facebook.com\/infoalgerieactu","https:\/\/x.com\/infoalgerie1"]},{"@type":"Person","@id":"https:\/\/www.info-algerie.com\/actualites\/#\/schema\/person\/847aaec44920825b843a08f30ec6aa1e","name":"La r\u00e9daction","image":{"@type":"ImageObject","inLanguage":"fr-FR","@id":"https:\/\/secure.gravatar.com\/avatar\/769db425c6f465158149f1ffd6cf61ce7a8a879d11dfbef8288af36dfddd418c?s=96&d=mm&r=g","url":"https:\/\/secure.gravatar.com\/avatar\/769db425c6f465158149f1ffd6cf61ce7a8a879d11dfbef8288af36dfddd418c?s=96&d=mm&r=g","contentUrl":"https:\/\/secure.gravatar.com\/avatar\/769db425c6f465158149f1ffd6cf61ce7a8a879d11dfbef8288af36dfddd418c?s=96&d=mm&r=g","caption":"La r\u00e9daction"},"sameAs":["http:\/\/www.lkeria.com\/"],"url":"https:\/\/www.info-algerie.com\/actualites\/author\/chakib32\/"}]}},"_links":{"self":[{"href":"https:\/\/www.info-algerie.com\/actualites\/wp-json\/wp\/v2\/posts\/11425","targetHints":{"allow":["GET"]}}],"collection":[{"href":"https:\/\/www.info-algerie.com\/actualites\/wp-json\/wp\/v2\/posts"}],"about":[{"href":"https:\/\/www.info-algerie.com\/actualites\/wp-json\/wp\/v2\/types\/post"}],"author":[{"embeddable":true,"href":"https:\/\/www.info-algerie.com\/actualites\/wp-json\/wp\/v2\/users\/6"}],"replies":[{"embeddable":true,"href":"https:\/\/www.info-algerie.com\/actualites\/wp-json\/wp\/v2\/comments?post=11425"}],"version-history":[{"count":0,"href":"https:\/\/www.info-algerie.com\/actualites\/wp-json\/wp\/v2\/posts\/11425\/revisions"}],"wp:featuredmedia":[{"embeddable":true,"href":"https:\/\/www.info-algerie.com\/actualites\/wp-json\/wp\/v2\/media\/11426"}],"wp:attachment":[{"href":"https:\/\/www.info-algerie.com\/actualites\/wp-json\/wp\/v2\/media?parent=11425"}],"wp:term":[{"taxonomy":"category","embeddable":true,"href":"https:\/\/www.info-algerie.com\/actualites\/wp-json\/wp\/v2\/categories?post=11425"},{"taxonomy":"post_tag","embeddable":true,"href":"https:\/\/www.info-algerie.com\/actualites\/wp-json\/wp\/v2\/tags?post=11425"}],"curies":[{"name":"wp","href":"https:\/\/api.w.org\/{rel}","templated":true}]}}