{"id":11441,"date":"2017-05-04T09:38:05","date_gmt":"2017-05-04T08:38:05","guid":{"rendered":"http:\/\/www.info-algerie.com\/actualites\/la-cjca-approuve-la-decision-de-baptiser-son-siege-du-nom-du-defunt-boualem-bessaih\/"},"modified":"2017-05-04T09:38:05","modified_gmt":"2017-05-04T08:38:05","slug":"la-cjca-approuve-la-decision-de-baptiser-son-siege-du-nom-du-defunt-boualem-bessaih","status":"publish","type":"post","link":"https:\/\/www.info-algerie.com\/actualites\/la-cjca-approuve-la-decision-de-baptiser-son-siege-du-nom-du-defunt-boualem-bessaih\/","title":{"rendered":"La CJCA approuve la d\u00e9cision de baptiser son si\u00e8ge du nom du d\u00e9funt Boualem Bessaih"},"content":{"rendered":"<div class=\"K2FeedImage\"><img decoding=\"async\" src=\"https:\/\/www.info-algerie.com\/actualites\/wp-content\/uploads\/2017\/05\/bab0adfc298d6f8393123961849e92fa_S.jpg\" alt=\"Boualem Bessaih, ancien pr&#xE9;sident du Conseil Constitutionnel (CC) et ancien pr&#xE9;sident honoraire de la CJCA\" \/><\/div>\n<div class=\"K2FeedIntroText\">\n<p>ALGER &#8211; L&rsquo;Assembl\u00e9e g\u00e9n\u00e9rale du 4\u00e8me Congr\u00e8s de la Conf\u00e9rence des juridictions constitutionnelles africaines (CJCA), tenue r\u00e9cemment \u00e0 Cape Town (Afrique du Sud) a approuv\u00e9 de baptiser le si\u00e8ge de cette institution continentale situ\u00e9 \u00e0 Alger du nom du d\u00e9funt Boualem Bessaih, ancien pr\u00e9sident du Conseil Constitutionnel (CC) et ancien pr\u00e9sident honoraire de la CJCA, a indiqu\u00e9 mercredi un communiqu\u00e9 du Conseil constitutionnel.<\/p>\n<p>&#013;\n<\/p><\/div>\n<div class=\"K2FeedFullText\">&#013;<\/p>\n<p>Cette initiative qui \u00ab\u00a0est un hommage au d\u00e9funt\u00a0\u00bb vient en reconnaissance de ses r\u00e9alisations et de ses efforts\u00a0\u00bb pour la cr\u00e9ation et le d\u00e9veloppement de cette organisation, pr\u00e9cise le communiqu\u00e9.<\/p>\n<p>&#013;<\/p>\n<p>Une d\u00e9l\u00e9gation du Conseil constitutionnel a pris part \u00e0 cette r\u00e9union, aux c\u00f4t\u00e9s de 32 juridictions constitutionnelles africaines, ainsi qu&rsquo;aux travaux de la conf\u00e9rence scientifique intitul\u00e9e \u00ab\u00a0promotion de l&rsquo;ind\u00e9pendance du pouvoir judiciaire et de la supr\u00e9matie de la constitution\u00a0\u00bb, sachant que l&rsquo;Alg\u00e9rie avait pr\u00e9sid\u00e9 la session scientifique sur \u00ab\u00a0le r\u00f4le de la modernisation des tribunaux dans le d\u00e9veloppement de l&rsquo;efficience du pouvoir judiciaire et le respect de la supr\u00e9matie de la loi\u00a0\u00bb.<\/p>\n<p>&#013;<\/p>\n<p>Lors de cette conf\u00e9rence, le pr\u00e9sident d&rsquo;honneur de la CJCA, Robert Dossou (Benin) a prononc\u00e9 une allocution dans laquelle il a pass\u00e9 en revue les principales \u00e9tapes du parcours militant, politique, diplomatique et culturel\u00a0 de Boualem Bessaih, saluant \u00ab\u00a0ses efforts appr\u00e9ciables pour la promotion de l&rsquo;action africaine commune dans le domaine du droit\u00a0 constitutionnel\u00a0\u00bb.<\/p>\n<p>&#013;<\/p>\n<p>La CJCA a \u00e9t\u00e9 cr\u00e9\u00e9e sur proposition du pr\u00e9sident de la R\u00e9publique, Abdelaziz Bouteflika qui a charg\u00e9 le d\u00e9funt Boualem Bessaih de la transformer en initiative au nom de l&rsquo;Alg\u00e9rie, adopt\u00e9e lors de la 15e session ordinaire de la Conf\u00e9rence des chefs d&rsquo;Etats et de gouvernements africains, tenue en juillet 2010 \u00e0 Kampala (Ouganda).<\/p>\n<p>&#013;<\/p>\n<p>L&rsquo;initiative a \u00e9t\u00e9 concr\u00e9tis\u00e9e par la tenue de la Conf\u00e9rence constitutive \u00e0 Alger puis l&rsquo;annonce de la naissance de la CJCA le 8 mai 2011 et le choix d&rsquo;Alger pour abriter son si\u00e8ge permanent.<\/p>\n<p>&#013;<\/p>\n<p>A sa cr\u00e9ation, la CJCA comptait 25 juridictions constitutionnelles africaines puis s&rsquo;est \u00e9largie \u00e0 42 apr\u00e8s l&rsquo;adh\u00e9sion de neuf nouvelles juridictions lors de la r\u00e9union de Cape Town.<\/p>\n<p>&#013;<\/p>\n<p class=\"MsoNormal\">La Cour Constitutionnelle d&rsquo;Afrique du Sud assure actuellement la pr\u00e9sidence de la CJCA, pendant deux ans, jusqu&rsquo;\u00e0 la tenue de la prochaine conf\u00e9rence en 2019 \u00e0 Angola.<\/p>\n<\/div>\n<p>&#013;<br \/>\nSource: <a href=\"http:\/\/www.aps.dz\/algerie\/56959-la-cjca-approuve-la-decision-de-baptiser-son-siege-du-nom-du-defunt-boualem-bessaih\" target=\"_blank\">La CJCA approuve la d\u00e9cision de baptiser son si\u00e8ge du nom du d\u00e9funt Boualem Bessaih<\/a><\/p>\n<!--CusAds0-->\n<div style=\"font-size: 0px; height: 0px; line-height: 0px; margin: 0; padding: 0; clear: both;\"><\/div>","protected":false},"excerpt":{"rendered":"<p>ALGER &#8211; L&rsquo;Assembl\u00e9e g\u00e9n\u00e9rale du 4\u00e8me Congr\u00e8s de la Conf\u00e9rence des juridictions constitutionnelles africaines (CJCA), tenue r\u00e9cemment \u00e0 Cape Town (Afrique du Sud) a approuv\u00e9 de baptiser le si\u00e8ge de cette institution continentale situ\u00e9 \u00e0 Alger du nom du d\u00e9funt Boualem Bessaih, ancien pr\u00e9sident du Conseil Constitutionnel (CC) et ancien pr\u00e9sident honoraire de la CJCA,<\/p>\n","protected":false},"author":6,"featured_media":11442,"comment_status":"open","ping_status":"open","sticky":false,"template":"","format":"standard","meta":{"footnotes":""},"categories":[22],"tags":[93],"class_list":["post-11441","post","type-post","status-publish","format-standard","has-post-thumbnail","hentry","category-infos","tag-onu"],"yoast_head":"<!-- This site is optimized with the Yoast SEO plugin v27.5 - https:\/\/yoast.com\/product\/yoast-seo-wordpress\/ -->\n<title>La CJCA approuve la d\u00e9cision de baptiser son si\u00e8ge du nom du d\u00e9funt Boualem Bessaih - info algerie<\/title>\n<meta name=\"robots\" content=\"index, follow, max-snippet:-1, max-image-preview:large, max-video-preview:-1\" \/>\n<link rel=\"canonical\" href=\"https:\/\/www.info-algerie.com\/actualites\/la-cjca-approuve-la-decision-de-baptiser-son-siege-du-nom-du-defunt-boualem-bessaih\/\" \/>\n<meta property=\"og:locale\" content=\"fr_FR\" \/>\n<meta property=\"og:type\" content=\"article\" \/>\n<meta property=\"og:title\" content=\"La CJCA approuve la d\u00e9cision de baptiser son si\u00e8ge du nom du d\u00e9funt Boualem Bessaih - info algerie\" \/>\n<meta property=\"og:description\" content=\"ALGER &#8211; L&rsquo;Assembl\u00e9e g\u00e9n\u00e9rale du 4\u00e8me Congr\u00e8s de la Conf\u00e9rence des juridictions constitutionnelles africaines (CJCA), tenue r\u00e9cemment \u00e0 Cape Town (Afrique du Sud) a approuv\u00e9 de baptiser le si\u00e8ge de cette institution continentale situ\u00e9 \u00e0 Alger du nom du d\u00e9funt Boualem Bessaih, ancien pr\u00e9sident du Conseil Constitutionnel (CC) et ancien pr\u00e9sident honoraire de la CJCA,\" \/>\n<meta property=\"og:url\" content=\"https:\/\/www.info-algerie.com\/actualites\/la-cjca-approuve-la-decision-de-baptiser-son-siege-du-nom-du-defunt-boualem-bessaih\/\" \/>\n<meta property=\"og:site_name\" content=\"info algerie\" \/>\n<meta property=\"article:publisher\" content=\"https:\/\/www.facebook.com\/infoalgerieactu\" \/>\n<meta property=\"article:published_time\" content=\"2017-05-04T08:38:05+00:00\" \/>\n<meta property=\"og:image\" content=\"https:\/\/www.info-algerie.com\/actualites\/wp-content\/uploads\/2017\/05\/bab0adfc298d6f8393123961849e92fa_S-1.jpg\" \/>\n\t<meta property=\"og:image:width\" content=\"280\" \/>\n\t<meta property=\"og:image:height\" content=\"169\" \/>\n\t<meta property=\"og:image:type\" content=\"image\/jpeg\" \/>\n<meta name=\"author\" content=\"La r\u00e9daction\" \/>\n<meta name=\"twitter:label1\" content=\"\u00c9crit par\" \/>\n\t<meta name=\"twitter:data1\" content=\"La r\u00e9daction\" \/>\n\t<meta name=\"twitter:label2\" content=\"Dur\u00e9e de lecture estim\u00e9e\" \/>\n\t<meta name=\"twitter:data2\" content=\"2 minutes\" \/>\n<script type=\"application\/ld+json\" class=\"yoast-schema-graph\">{\"@context\":\"https:\\\/\\\/schema.org\",\"@graph\":[{\"@type\":\"Article\",\"@id\":\"https:\\\/\\\/www.info-algerie.com\\\/actualites\\\/la-cjca-approuve-la-decision-de-baptiser-son-siege-du-nom-du-defunt-boualem-bessaih\\\/#article\",\"isPartOf\":{\"@id\":\"https:\\\/\\\/www.info-algerie.com\\\/actualites\\\/la-cjca-approuve-la-decision-de-baptiser-son-siege-du-nom-du-defunt-boualem-bessaih\\\/\"},\"author\":{\"name\":\"La r\u00e9daction\",\"@id\":\"https:\\\/\\\/www.info-algerie.com\\\/actualites\\\/#\\\/schema\\\/person\\\/847aaec44920825b843a08f30ec6aa1e\"},\"headline\":\"La CJCA approuve la d\u00e9cision de baptiser son si\u00e8ge du nom du d\u00e9funt Boualem Bessaih\",\"datePublished\":\"2017-05-04T08:38:05+00:00\",\"mainEntityOfPage\":{\"@id\":\"https:\\\/\\\/www.info-algerie.com\\\/actualites\\\/la-cjca-approuve-la-decision-de-baptiser-son-siege-du-nom-du-defunt-boualem-bessaih\\\/\"},\"wordCount\":449,\"commentCount\":0,\"publisher\":{\"@id\":\"https:\\\/\\\/www.info-algerie.com\\\/actualites\\\/#organization\"},\"image\":{\"@id\":\"https:\\\/\\\/www.info-algerie.com\\\/actualites\\\/la-cjca-approuve-la-decision-de-baptiser-son-siege-du-nom-du-defunt-boualem-bessaih\\\/#primaryimage\"},\"thumbnailUrl\":\"https:\\\/\\\/www.info-algerie.com\\\/actualites\\\/wp-content\\\/uploads\\\/2017\\\/05\\\/bab0adfc298d6f8393123961849e92fa_S-1.jpg\",\"keywords\":[\"ONU\"],\"articleSection\":[\"infos\"],\"inLanguage\":\"fr-FR\",\"potentialAction\":[{\"@type\":\"CommentAction\",\"name\":\"Comment\",\"target\":[\"https:\\\/\\\/www.info-algerie.com\\\/actualites\\\/la-cjca-approuve-la-decision-de-baptiser-son-siege-du-nom-du-defunt-boualem-bessaih\\\/#respond\"]}]},{\"@type\":\"WebPage\",\"@id\":\"https:\\\/\\\/www.info-algerie.com\\\/actualites\\\/la-cjca-approuve-la-decision-de-baptiser-son-siege-du-nom-du-defunt-boualem-bessaih\\\/\",\"url\":\"https:\\\/\\\/www.info-algerie.com\\\/actualites\\\/la-cjca-approuve-la-decision-de-baptiser-son-siege-du-nom-du-defunt-boualem-bessaih\\\/\",\"name\":\"La CJCA approuve la d\u00e9cision de baptiser son si\u00e8ge du nom du d\u00e9funt Boualem Bessaih - info algerie\",\"isPartOf\":{\"@id\":\"https:\\\/\\\/www.info-algerie.com\\\/actualites\\\/#website\"},\"primaryImageOfPage\":{\"@id\":\"https:\\\/\\\/www.info-algerie.com\\\/actualites\\\/la-cjca-approuve-la-decision-de-baptiser-son-siege-du-nom-du-defunt-boualem-bessaih\\\/#primaryimage\"},\"image\":{\"@id\":\"https:\\\/\\\/www.info-algerie.com\\\/actualites\\\/la-cjca-approuve-la-decision-de-baptiser-son-siege-du-nom-du-defunt-boualem-bessaih\\\/#primaryimage\"},\"thumbnailUrl\":\"https:\\\/\\\/www.info-algerie.com\\\/actualites\\\/wp-content\\\/uploads\\\/2017\\\/05\\\/bab0adfc298d6f8393123961849e92fa_S-1.jpg\",\"datePublished\":\"2017-05-04T08:38:05+00:00\",\"breadcrumb\":{\"@id\":\"https:\\\/\\\/www.info-algerie.com\\\/actualites\\\/la-cjca-approuve-la-decision-de-baptiser-son-siege-du-nom-du-defunt-boualem-bessaih\\\/#breadcrumb\"},\"inLanguage\":\"fr-FR\",\"potentialAction\":[{\"@type\":\"ReadAction\",\"target\":[\"https:\\\/\\\/www.info-algerie.com\\\/actualites\\\/la-cjca-approuve-la-decision-de-baptiser-son-siege-du-nom-du-defunt-boualem-bessaih\\\/\"]}]},{\"@type\":\"ImageObject\",\"inLanguage\":\"fr-FR\",\"@id\":\"https:\\\/\\\/www.info-algerie.com\\\/actualites\\\/la-cjca-approuve-la-decision-de-baptiser-son-siege-du-nom-du-defunt-boualem-bessaih\\\/#primaryimage\",\"url\":\"https:\\\/\\\/www.info-algerie.com\\\/actualites\\\/wp-content\\\/uploads\\\/2017\\\/05\\\/bab0adfc298d6f8393123961849e92fa_S-1.jpg\",\"contentUrl\":\"https:\\\/\\\/www.info-algerie.com\\\/actualites\\\/wp-content\\\/uploads\\\/2017\\\/05\\\/bab0adfc298d6f8393123961849e92fa_S-1.jpg\",\"width\":280,\"height\":169},{\"@type\":\"BreadcrumbList\",\"@id\":\"https:\\\/\\\/www.info-algerie.com\\\/actualites\\\/la-cjca-approuve-la-decision-de-baptiser-son-siege-du-nom-du-defunt-boualem-bessaih\\\/#breadcrumb\",\"itemListElement\":[{\"@type\":\"ListItem\",\"position\":1,\"name\":\"Accueil\",\"item\":\"https:\\\/\\\/www.info-algerie.com\\\/actualites\\\/\"},{\"@type\":\"ListItem\",\"position\":2,\"name\":\"La CJCA approuve la d\u00e9cision de baptiser son si\u00e8ge du nom du d\u00e9funt Boualem Bessaih\"}]},{\"@type\":\"WebSite\",\"@id\":\"https:\\\/\\\/www.info-algerie.com\\\/actualites\\\/#website\",\"url\":\"https:\\\/\\\/www.info-algerie.com\\\/actualites\\\/\",\"name\":\"info algerie\",\"description\":\"Toutes les actualit\u00e9s\",\"publisher\":{\"@id\":\"https:\\\/\\\/www.info-algerie.com\\\/actualites\\\/#organization\"},\"potentialAction\":[{\"@type\":\"SearchAction\",\"target\":{\"@type\":\"EntryPoint\",\"urlTemplate\":\"https:\\\/\\\/www.info-algerie.com\\\/actualites\\\/?s={search_term_string}\"},\"query-input\":{\"@type\":\"PropertyValueSpecification\",\"valueRequired\":true,\"valueName\":\"search_term_string\"}}],\"inLanguage\":\"fr-FR\"},{\"@type\":\"Organization\",\"@id\":\"https:\\\/\\\/www.info-algerie.com\\\/actualites\\\/#organization\",\"name\":\"info algerie\",\"url\":\"https:\\\/\\\/www.info-algerie.com\\\/actualites\\\/\",\"logo\":{\"@type\":\"ImageObject\",\"inLanguage\":\"fr-FR\",\"@id\":\"https:\\\/\\\/www.info-algerie.com\\\/actualites\\\/#\\\/schema\\\/logo\\\/image\\\/\",\"url\":\"https:\\\/\\\/www.info-algerie.com\\\/actualites\\\/wp-content\\\/uploads\\\/2022\\\/07\\\/logo-ia-120.png\",\"contentUrl\":\"https:\\\/\\\/www.info-algerie.com\\\/actualites\\\/wp-content\\\/uploads\\\/2022\\\/07\\\/logo-ia-120.png\",\"width\":120,\"height\":43,\"caption\":\"info algerie\"},\"image\":{\"@id\":\"https:\\\/\\\/www.info-algerie.com\\\/actualites\\\/#\\\/schema\\\/logo\\\/image\\\/\"},\"sameAs\":[\"https:\\\/\\\/www.facebook.com\\\/infoalgerieactu\",\"https:\\\/\\\/x.com\\\/infoalgerie1\"]},{\"@type\":\"Person\",\"@id\":\"https:\\\/\\\/www.info-algerie.com\\\/actualites\\\/#\\\/schema\\\/person\\\/847aaec44920825b843a08f30ec6aa1e\",\"name\":\"La r\u00e9daction\",\"image\":{\"@type\":\"ImageObject\",\"inLanguage\":\"fr-FR\",\"@id\":\"https:\\\/\\\/secure.gravatar.com\\\/avatar\\\/769db425c6f465158149f1ffd6cf61ce7a8a879d11dfbef8288af36dfddd418c?s=96&d=mm&r=g\",\"url\":\"https:\\\/\\\/secure.gravatar.com\\\/avatar\\\/769db425c6f465158149f1ffd6cf61ce7a8a879d11dfbef8288af36dfddd418c?s=96&d=mm&r=g\",\"contentUrl\":\"https:\\\/\\\/secure.gravatar.com\\\/avatar\\\/769db425c6f465158149f1ffd6cf61ce7a8a879d11dfbef8288af36dfddd418c?s=96&d=mm&r=g\",\"caption\":\"La r\u00e9daction\"},\"sameAs\":[\"http:\\\/\\\/www.lkeria.com\\\/\"],\"url\":\"https:\\\/\\\/www.info-algerie.com\\\/actualites\\\/author\\\/chakib32\\\/\"}]}<\/script>\n<!-- \/ Yoast SEO plugin. -->","yoast_head_json":{"title":"La CJCA approuve la d\u00e9cision de baptiser son si\u00e8ge du nom du d\u00e9funt Boualem Bessaih - info algerie","robots":{"index":"index","follow":"follow","max-snippet":"max-snippet:-1","max-image-preview":"max-image-preview:large","max-video-preview":"max-video-preview:-1"},"canonical":"https:\/\/www.info-algerie.com\/actualites\/la-cjca-approuve-la-decision-de-baptiser-son-siege-du-nom-du-defunt-boualem-bessaih\/","og_locale":"fr_FR","og_type":"article","og_title":"La CJCA approuve la d\u00e9cision de baptiser son si\u00e8ge du nom du d\u00e9funt Boualem Bessaih - info algerie","og_description":"ALGER &#8211; L&rsquo;Assembl\u00e9e g\u00e9n\u00e9rale du 4\u00e8me Congr\u00e8s de la Conf\u00e9rence des juridictions constitutionnelles africaines (CJCA), tenue r\u00e9cemment \u00e0 Cape Town (Afrique du Sud) a approuv\u00e9 de baptiser le si\u00e8ge de cette institution continentale situ\u00e9 \u00e0 Alger du nom du d\u00e9funt Boualem Bessaih, ancien pr\u00e9sident du Conseil Constitutionnel (CC) et ancien pr\u00e9sident honoraire de la CJCA,","og_url":"https:\/\/www.info-algerie.com\/actualites\/la-cjca-approuve-la-decision-de-baptiser-son-siege-du-nom-du-defunt-boualem-bessaih\/","og_site_name":"info algerie","article_publisher":"https:\/\/www.facebook.com\/infoalgerieactu","article_published_time":"2017-05-04T08:38:05+00:00","og_image":[{"width":280,"height":169,"url":"https:\/\/www.info-algerie.com\/actualites\/wp-content\/uploads\/2017\/05\/bab0adfc298d6f8393123961849e92fa_S-1.jpg","type":"image\/jpeg"}],"author":"La r\u00e9daction","twitter_misc":{"\u00c9crit par":"La r\u00e9daction","Dur\u00e9e de lecture estim\u00e9e":"2 minutes"},"schema":{"@context":"https:\/\/schema.org","@graph":[{"@type":"Article","@id":"https:\/\/www.info-algerie.com\/actualites\/la-cjca-approuve-la-decision-de-baptiser-son-siege-du-nom-du-defunt-boualem-bessaih\/#article","isPartOf":{"@id":"https:\/\/www.info-algerie.com\/actualites\/la-cjca-approuve-la-decision-de-baptiser-son-siege-du-nom-du-defunt-boualem-bessaih\/"},"author":{"name":"La r\u00e9daction","@id":"https:\/\/www.info-algerie.com\/actualites\/#\/schema\/person\/847aaec44920825b843a08f30ec6aa1e"},"headline":"La CJCA approuve la d\u00e9cision de baptiser son si\u00e8ge du nom du d\u00e9funt Boualem Bessaih","datePublished":"2017-05-04T08:38:05+00:00","mainEntityOfPage":{"@id":"https:\/\/www.info-algerie.com\/actualites\/la-cjca-approuve-la-decision-de-baptiser-son-siege-du-nom-du-defunt-boualem-bessaih\/"},"wordCount":449,"commentCount":0,"publisher":{"@id":"https:\/\/www.info-algerie.com\/actualites\/#organization"},"image":{"@id":"https:\/\/www.info-algerie.com\/actualites\/la-cjca-approuve-la-decision-de-baptiser-son-siege-du-nom-du-defunt-boualem-bessaih\/#primaryimage"},"thumbnailUrl":"https:\/\/www.info-algerie.com\/actualites\/wp-content\/uploads\/2017\/05\/bab0adfc298d6f8393123961849e92fa_S-1.jpg","keywords":["ONU"],"articleSection":["infos"],"inLanguage":"fr-FR","potentialAction":[{"@type":"CommentAction","name":"Comment","target":["https:\/\/www.info-algerie.com\/actualites\/la-cjca-approuve-la-decision-de-baptiser-son-siege-du-nom-du-defunt-boualem-bessaih\/#respond"]}]},{"@type":"WebPage","@id":"https:\/\/www.info-algerie.com\/actualites\/la-cjca-approuve-la-decision-de-baptiser-son-siege-du-nom-du-defunt-boualem-bessaih\/","url":"https:\/\/www.info-algerie.com\/actualites\/la-cjca-approuve-la-decision-de-baptiser-son-siege-du-nom-du-defunt-boualem-bessaih\/","name":"La CJCA approuve la d\u00e9cision de baptiser son si\u00e8ge du nom du d\u00e9funt Boualem Bessaih - info algerie","isPartOf":{"@id":"https:\/\/www.info-algerie.com\/actualites\/#website"},"primaryImageOfPage":{"@id":"https:\/\/www.info-algerie.com\/actualites\/la-cjca-approuve-la-decision-de-baptiser-son-siege-du-nom-du-defunt-boualem-bessaih\/#primaryimage"},"image":{"@id":"https:\/\/www.info-algerie.com\/actualites\/la-cjca-approuve-la-decision-de-baptiser-son-siege-du-nom-du-defunt-boualem-bessaih\/#primaryimage"},"thumbnailUrl":"https:\/\/www.info-algerie.com\/actualites\/wp-content\/uploads\/2017\/05\/bab0adfc298d6f8393123961849e92fa_S-1.jpg","datePublished":"2017-05-04T08:38:05+00:00","breadcrumb":{"@id":"https:\/\/www.info-algerie.com\/actualites\/la-cjca-approuve-la-decision-de-baptiser-son-siege-du-nom-du-defunt-boualem-bessaih\/#breadcrumb"},"inLanguage":"fr-FR","potentialAction":[{"@type":"ReadAction","target":["https:\/\/www.info-algerie.com\/actualites\/la-cjca-approuve-la-decision-de-baptiser-son-siege-du-nom-du-defunt-boualem-bessaih\/"]}]},{"@type":"ImageObject","inLanguage":"fr-FR","@id":"https:\/\/www.info-algerie.com\/actualites\/la-cjca-approuve-la-decision-de-baptiser-son-siege-du-nom-du-defunt-boualem-bessaih\/#primaryimage","url":"https:\/\/www.info-algerie.com\/actualites\/wp-content\/uploads\/2017\/05\/bab0adfc298d6f8393123961849e92fa_S-1.jpg","contentUrl":"https:\/\/www.info-algerie.com\/actualites\/wp-content\/uploads\/2017\/05\/bab0adfc298d6f8393123961849e92fa_S-1.jpg","width":280,"height":169},{"@type":"BreadcrumbList","@id":"https:\/\/www.info-algerie.com\/actualites\/la-cjca-approuve-la-decision-de-baptiser-son-siege-du-nom-du-defunt-boualem-bessaih\/#breadcrumb","itemListElement":[{"@type":"ListItem","position":1,"name":"Accueil","item":"https:\/\/www.info-algerie.com\/actualites\/"},{"@type":"ListItem","position":2,"name":"La CJCA approuve la d\u00e9cision de baptiser son si\u00e8ge du nom du d\u00e9funt Boualem Bessaih"}]},{"@type":"WebSite","@id":"https:\/\/www.info-algerie.com\/actualites\/#website","url":"https:\/\/www.info-algerie.com\/actualites\/","name":"info algerie","description":"Toutes les actualit\u00e9s","publisher":{"@id":"https:\/\/www.info-algerie.com\/actualites\/#organization"},"potentialAction":[{"@type":"SearchAction","target":{"@type":"EntryPoint","urlTemplate":"https:\/\/www.info-algerie.com\/actualites\/?s={search_term_string}"},"query-input":{"@type":"PropertyValueSpecification","valueRequired":true,"valueName":"search_term_string"}}],"inLanguage":"fr-FR"},{"@type":"Organization","@id":"https:\/\/www.info-algerie.com\/actualites\/#organization","name":"info algerie","url":"https:\/\/www.info-algerie.com\/actualites\/","logo":{"@type":"ImageObject","inLanguage":"fr-FR","@id":"https:\/\/www.info-algerie.com\/actualites\/#\/schema\/logo\/image\/","url":"https:\/\/www.info-algerie.com\/actualites\/wp-content\/uploads\/2022\/07\/logo-ia-120.png","contentUrl":"https:\/\/www.info-algerie.com\/actualites\/wp-content\/uploads\/2022\/07\/logo-ia-120.png","width":120,"height":43,"caption":"info algerie"},"image":{"@id":"https:\/\/www.info-algerie.com\/actualites\/#\/schema\/logo\/image\/"},"sameAs":["https:\/\/www.facebook.com\/infoalgerieactu","https:\/\/x.com\/infoalgerie1"]},{"@type":"Person","@id":"https:\/\/www.info-algerie.com\/actualites\/#\/schema\/person\/847aaec44920825b843a08f30ec6aa1e","name":"La r\u00e9daction","image":{"@type":"ImageObject","inLanguage":"fr-FR","@id":"https:\/\/secure.gravatar.com\/avatar\/769db425c6f465158149f1ffd6cf61ce7a8a879d11dfbef8288af36dfddd418c?s=96&d=mm&r=g","url":"https:\/\/secure.gravatar.com\/avatar\/769db425c6f465158149f1ffd6cf61ce7a8a879d11dfbef8288af36dfddd418c?s=96&d=mm&r=g","contentUrl":"https:\/\/secure.gravatar.com\/avatar\/769db425c6f465158149f1ffd6cf61ce7a8a879d11dfbef8288af36dfddd418c?s=96&d=mm&r=g","caption":"La r\u00e9daction"},"sameAs":["http:\/\/www.lkeria.com\/"],"url":"https:\/\/www.info-algerie.com\/actualites\/author\/chakib32\/"}]}},"_links":{"self":[{"href":"https:\/\/www.info-algerie.com\/actualites\/wp-json\/wp\/v2\/posts\/11441","targetHints":{"allow":["GET"]}}],"collection":[{"href":"https:\/\/www.info-algerie.com\/actualites\/wp-json\/wp\/v2\/posts"}],"about":[{"href":"https:\/\/www.info-algerie.com\/actualites\/wp-json\/wp\/v2\/types\/post"}],"author":[{"embeddable":true,"href":"https:\/\/www.info-algerie.com\/actualites\/wp-json\/wp\/v2\/users\/6"}],"replies":[{"embeddable":true,"href":"https:\/\/www.info-algerie.com\/actualites\/wp-json\/wp\/v2\/comments?post=11441"}],"version-history":[{"count":0,"href":"https:\/\/www.info-algerie.com\/actualites\/wp-json\/wp\/v2\/posts\/11441\/revisions"}],"wp:featuredmedia":[{"embeddable":true,"href":"https:\/\/www.info-algerie.com\/actualites\/wp-json\/wp\/v2\/media\/11442"}],"wp:attachment":[{"href":"https:\/\/www.info-algerie.com\/actualites\/wp-json\/wp\/v2\/media?parent=11441"}],"wp:term":[{"taxonomy":"category","embeddable":true,"href":"https:\/\/www.info-algerie.com\/actualites\/wp-json\/wp\/v2\/categories?post=11441"},{"taxonomy":"post_tag","embeddable":true,"href":"https:\/\/www.info-algerie.com\/actualites\/wp-json\/wp\/v2\/tags?post=11441"}],"curies":[{"name":"wp","href":"https:\/\/api.w.org\/{rel}","templated":true}]}}