{"id":11468,"date":"2017-05-04T10:57:40","date_gmt":"2017-05-04T09:57:40","guid":{"rendered":"http:\/\/www.info-algerie.com\/actualites\/ceux-qui-ont-appele-au-boycott-veulent-la-demission-du-peuple-et-sa-demobilisation-face-aux-defis\/"},"modified":"2017-05-04T10:57:40","modified_gmt":"2017-05-04T09:57:40","slug":"ceux-qui-ont-appele-au-boycott-veulent-la-demission-du-peuple-et-sa-demobilisation-face-aux-defis","status":"publish","type":"post","link":"https:\/\/www.info-algerie.com\/actualites\/ceux-qui-ont-appele-au-boycott-veulent-la-demission-du-peuple-et-sa-demobilisation-face-aux-defis\/","title":{"rendered":"Ceux qui ont appel\u00e9 au boycott veulent la d\u00e9mission du peuple et sa d\u00e9mobilisation face aux d\u00e9fis"},"content":{"rendered":"<div class=\"K2FeedImage\"><img decoding=\"async\" src=\"https:\/\/www.info-algerie.com\/actualites\/wp-content\/uploads\/2017\/05\/cac6fb60db34cdc020b33c9b700124cc_S.jpg\" alt=\"Ceux qui ont appel&#xE9; au boycott veulent la d&#xE9;mission du peuple et sa d&#xE9;mobilisation face aux d&#xE9;fis\" \/><\/div>\n<div class=\"K2FeedIntroText\">\n<p>MEDEA &#8211; Le pr\u00e9sident du Front national alg\u00e9rien (FNA), Moussa Touati, a indiqu\u00e9 jeudi \u00e0 M\u00e9d\u00e9a, que ceux qui ont appel\u00e9 au boycott des \u00e9lections l\u00e9gislatives veulent la \u00ab\u00a0d\u00e9mission du peuple et sa d\u00e9mobilisation\u00a0\u00bb face aux d\u00e9fis et aux enjeux auxquels fait face l\u2019Alg\u00e9rie.<\/p>\n<p>&#013;\n<\/p><\/div>\n<div class=\"K2FeedFullText\">&#013;<\/p>\n<p>\u00ab\u00a0L\u2019appel au boycott n\u2019a d\u2019autre objectif qu\u2019encourager la d\u00e9mission du peuple alg\u00e9rien et \u00e0 le d\u00e9mobiliser afin qu\u2019il reste \u00e0 l\u2019\u00e9cart de la vie politique\u00a0\u00bb, a indiqu\u00e9 Moussa Touati, qui a accompli son devoir \u00e9lectoral pour le renouvellement de l&rsquo;Assembl\u00e9es populaire nationale (APN), \u00e0 l`\u00e9cole 24 f\u00e9vrier de M\u00e9d\u00e9a, ajoutant que cette tentative d\u2019isoler le peuple a tendance \u00e0 faire perdurer la p\u00e9riode de transition actuelle et retarder la mise en place d\u2019institutions \u00e9lues de fa\u00e7on d\u00e9mocratique et cr\u00e9dibles, au servir du citoyen\u00a0\u00bb.<\/p>\n<p>&#013;<\/p>\n<p>\u00ab\u00a0Une faible participation \u00e0 ce scrutin serait le pr\u00e9lude \u00e0 une longue p\u00e9riode d\u2019incertitude qui viendrait aggraver la situation actuelle du pays\u00a0\u00bb, a-t-il soulign\u00e9 \u00e0 sa sortie des urnes.<\/p>\n<p>&#013;<\/p>\n<p class=\"MsoNormal\">Le Front national alg\u00e9rien participe aux l\u00e9gislatives du 4 mai 2017 avec 34 listes et un total de 443 candidats.<\/p>\n<\/div>\n<p>&#013;<br \/>\nSource: <a href=\"http:\/\/www.aps.dz\/algerie\/56970-ceux-qui-ont-appele-au-boycott-veulent-la-demission-du-peuple-et-sa-demobilisation-face-aux-defis-touati\" target=\"_blank\">Ceux qui ont appel\u00e9 au boycott veulent la d\u00e9mission du peuple et sa d\u00e9mobilisation face aux d\u00e9fis<\/a><\/p>\n<!--CusAds0-->\n<div style=\"font-size: 0px; height: 0px; line-height: 0px; margin: 0; padding: 0; clear: both;\"><\/div>","protected":false},"excerpt":{"rendered":"<p>MEDEA &#8211; Le pr\u00e9sident du Front national alg\u00e9rien (FNA), Moussa Touati, a indiqu\u00e9 jeudi \u00e0 M\u00e9d\u00e9a, que ceux qui ont appel\u00e9 au boycott des \u00e9lections l\u00e9gislatives veulent la \u00ab\u00a0d\u00e9mission du peuple et sa d\u00e9mobilisation\u00a0\u00bb face aux d\u00e9fis et aux enjeux auxquels fait face l\u2019Alg\u00e9rie. &#013; &#013; \u00ab\u00a0L\u2019appel au boycott n\u2019a d\u2019autre objectif qu\u2019encourager la d\u00e9mission<\/p>\n","protected":false},"author":6,"featured_media":11469,"comment_status":"open","ping_status":"open","sticky":false,"template":"","format":"standard","meta":{"footnotes":""},"categories":[22],"tags":[93],"class_list":["post-11468","post","type-post","status-publish","format-standard","has-post-thumbnail","hentry","category-infos","tag-onu"],"yoast_head":"<!-- This site is optimized with the Yoast SEO plugin v27.5 - https:\/\/yoast.com\/product\/yoast-seo-wordpress\/ -->\n<title>Ceux qui ont appel\u00e9 au boycott veulent la d\u00e9mission du peuple et sa d\u00e9mobilisation face aux d\u00e9fis - info algerie<\/title>\n<meta name=\"robots\" content=\"index, follow, max-snippet:-1, max-image-preview:large, max-video-preview:-1\" \/>\n<link rel=\"canonical\" href=\"https:\/\/www.info-algerie.com\/actualites\/ceux-qui-ont-appele-au-boycott-veulent-la-demission-du-peuple-et-sa-demobilisation-face-aux-defis\/\" \/>\n<meta property=\"og:locale\" content=\"fr_FR\" \/>\n<meta property=\"og:type\" content=\"article\" \/>\n<meta property=\"og:title\" content=\"Ceux qui ont appel\u00e9 au boycott veulent la d\u00e9mission du peuple et sa d\u00e9mobilisation face aux d\u00e9fis - info algerie\" \/>\n<meta property=\"og:description\" content=\"MEDEA &#8211; Le pr\u00e9sident du Front national alg\u00e9rien (FNA), Moussa Touati, a indiqu\u00e9 jeudi \u00e0 M\u00e9d\u00e9a, que ceux qui ont appel\u00e9 au boycott des \u00e9lections l\u00e9gislatives veulent la \u00ab\u00a0d\u00e9mission du peuple et sa d\u00e9mobilisation\u00a0\u00bb face aux d\u00e9fis et aux enjeux auxquels fait face l\u2019Alg\u00e9rie. &#013; &#013; \u00ab\u00a0L\u2019appel au boycott n\u2019a d\u2019autre objectif qu\u2019encourager la d\u00e9mission\" \/>\n<meta property=\"og:url\" content=\"https:\/\/www.info-algerie.com\/actualites\/ceux-qui-ont-appele-au-boycott-veulent-la-demission-du-peuple-et-sa-demobilisation-face-aux-defis\/\" \/>\n<meta property=\"og:site_name\" content=\"info algerie\" \/>\n<meta property=\"article:publisher\" content=\"https:\/\/www.facebook.com\/infoalgerieactu\" \/>\n<meta property=\"article:published_time\" content=\"2017-05-04T09:57:40+00:00\" \/>\n<meta property=\"og:image\" content=\"https:\/\/www.info-algerie.com\/actualites\/wp-content\/uploads\/2017\/05\/cac6fb60db34cdc020b33c9b700124cc_S-1.jpg\" \/>\n\t<meta property=\"og:image:width\" content=\"280\" \/>\n\t<meta property=\"og:image:height\" content=\"169\" \/>\n\t<meta property=\"og:image:type\" content=\"image\/jpeg\" \/>\n<meta name=\"author\" content=\"La r\u00e9daction\" \/>\n<meta name=\"twitter:label1\" content=\"\u00c9crit par\" \/>\n\t<meta name=\"twitter:data1\" content=\"La r\u00e9daction\" \/>\n\t<meta name=\"twitter:label2\" content=\"Dur\u00e9e de lecture estim\u00e9e\" \/>\n\t<meta name=\"twitter:data2\" content=\"1 minute\" \/>\n<script type=\"application\/ld+json\" class=\"yoast-schema-graph\">{\"@context\":\"https:\\\/\\\/schema.org\",\"@graph\":[{\"@type\":\"Article\",\"@id\":\"https:\\\/\\\/www.info-algerie.com\\\/actualites\\\/ceux-qui-ont-appele-au-boycott-veulent-la-demission-du-peuple-et-sa-demobilisation-face-aux-defis\\\/#article\",\"isPartOf\":{\"@id\":\"https:\\\/\\\/www.info-algerie.com\\\/actualites\\\/ceux-qui-ont-appele-au-boycott-veulent-la-demission-du-peuple-et-sa-demobilisation-face-aux-defis\\\/\"},\"author\":{\"name\":\"La r\u00e9daction\",\"@id\":\"https:\\\/\\\/www.info-algerie.com\\\/actualites\\\/#\\\/schema\\\/person\\\/847aaec44920825b843a08f30ec6aa1e\"},\"headline\":\"Ceux qui ont appel\u00e9 au boycott veulent la d\u00e9mission du peuple et sa d\u00e9mobilisation face aux d\u00e9fis\",\"datePublished\":\"2017-05-04T09:57:40+00:00\",\"mainEntityOfPage\":{\"@id\":\"https:\\\/\\\/www.info-algerie.com\\\/actualites\\\/ceux-qui-ont-appele-au-boycott-veulent-la-demission-du-peuple-et-sa-demobilisation-face-aux-defis\\\/\"},\"wordCount\":240,\"commentCount\":0,\"publisher\":{\"@id\":\"https:\\\/\\\/www.info-algerie.com\\\/actualites\\\/#organization\"},\"image\":{\"@id\":\"https:\\\/\\\/www.info-algerie.com\\\/actualites\\\/ceux-qui-ont-appele-au-boycott-veulent-la-demission-du-peuple-et-sa-demobilisation-face-aux-defis\\\/#primaryimage\"},\"thumbnailUrl\":\"https:\\\/\\\/www.info-algerie.com\\\/actualites\\\/wp-content\\\/uploads\\\/2017\\\/05\\\/cac6fb60db34cdc020b33c9b700124cc_S-1.jpg\",\"keywords\":[\"ONU\"],\"articleSection\":[\"infos\"],\"inLanguage\":\"fr-FR\",\"potentialAction\":[{\"@type\":\"CommentAction\",\"name\":\"Comment\",\"target\":[\"https:\\\/\\\/www.info-algerie.com\\\/actualites\\\/ceux-qui-ont-appele-au-boycott-veulent-la-demission-du-peuple-et-sa-demobilisation-face-aux-defis\\\/#respond\"]}]},{\"@type\":\"WebPage\",\"@id\":\"https:\\\/\\\/www.info-algerie.com\\\/actualites\\\/ceux-qui-ont-appele-au-boycott-veulent-la-demission-du-peuple-et-sa-demobilisation-face-aux-defis\\\/\",\"url\":\"https:\\\/\\\/www.info-algerie.com\\\/actualites\\\/ceux-qui-ont-appele-au-boycott-veulent-la-demission-du-peuple-et-sa-demobilisation-face-aux-defis\\\/\",\"name\":\"Ceux qui ont appel\u00e9 au boycott veulent la d\u00e9mission du peuple et sa d\u00e9mobilisation face aux d\u00e9fis - info algerie\",\"isPartOf\":{\"@id\":\"https:\\\/\\\/www.info-algerie.com\\\/actualites\\\/#website\"},\"primaryImageOfPage\":{\"@id\":\"https:\\\/\\\/www.info-algerie.com\\\/actualites\\\/ceux-qui-ont-appele-au-boycott-veulent-la-demission-du-peuple-et-sa-demobilisation-face-aux-defis\\\/#primaryimage\"},\"image\":{\"@id\":\"https:\\\/\\\/www.info-algerie.com\\\/actualites\\\/ceux-qui-ont-appele-au-boycott-veulent-la-demission-du-peuple-et-sa-demobilisation-face-aux-defis\\\/#primaryimage\"},\"thumbnailUrl\":\"https:\\\/\\\/www.info-algerie.com\\\/actualites\\\/wp-content\\\/uploads\\\/2017\\\/05\\\/cac6fb60db34cdc020b33c9b700124cc_S-1.jpg\",\"datePublished\":\"2017-05-04T09:57:40+00:00\",\"breadcrumb\":{\"@id\":\"https:\\\/\\\/www.info-algerie.com\\\/actualites\\\/ceux-qui-ont-appele-au-boycott-veulent-la-demission-du-peuple-et-sa-demobilisation-face-aux-defis\\\/#breadcrumb\"},\"inLanguage\":\"fr-FR\",\"potentialAction\":[{\"@type\":\"ReadAction\",\"target\":[\"https:\\\/\\\/www.info-algerie.com\\\/actualites\\\/ceux-qui-ont-appele-au-boycott-veulent-la-demission-du-peuple-et-sa-demobilisation-face-aux-defis\\\/\"]}]},{\"@type\":\"ImageObject\",\"inLanguage\":\"fr-FR\",\"@id\":\"https:\\\/\\\/www.info-algerie.com\\\/actualites\\\/ceux-qui-ont-appele-au-boycott-veulent-la-demission-du-peuple-et-sa-demobilisation-face-aux-defis\\\/#primaryimage\",\"url\":\"https:\\\/\\\/www.info-algerie.com\\\/actualites\\\/wp-content\\\/uploads\\\/2017\\\/05\\\/cac6fb60db34cdc020b33c9b700124cc_S-1.jpg\",\"contentUrl\":\"https:\\\/\\\/www.info-algerie.com\\\/actualites\\\/wp-content\\\/uploads\\\/2017\\\/05\\\/cac6fb60db34cdc020b33c9b700124cc_S-1.jpg\",\"width\":280,\"height\":169},{\"@type\":\"BreadcrumbList\",\"@id\":\"https:\\\/\\\/www.info-algerie.com\\\/actualites\\\/ceux-qui-ont-appele-au-boycott-veulent-la-demission-du-peuple-et-sa-demobilisation-face-aux-defis\\\/#breadcrumb\",\"itemListElement\":[{\"@type\":\"ListItem\",\"position\":1,\"name\":\"Accueil\",\"item\":\"https:\\\/\\\/www.info-algerie.com\\\/actualites\\\/\"},{\"@type\":\"ListItem\",\"position\":2,\"name\":\"Ceux qui ont appel\u00e9 au boycott veulent la d\u00e9mission du peuple et sa d\u00e9mobilisation face aux d\u00e9fis\"}]},{\"@type\":\"WebSite\",\"@id\":\"https:\\\/\\\/www.info-algerie.com\\\/actualites\\\/#website\",\"url\":\"https:\\\/\\\/www.info-algerie.com\\\/actualites\\\/\",\"name\":\"info algerie\",\"description\":\"Toutes les actualit\u00e9s\",\"publisher\":{\"@id\":\"https:\\\/\\\/www.info-algerie.com\\\/actualites\\\/#organization\"},\"potentialAction\":[{\"@type\":\"SearchAction\",\"target\":{\"@type\":\"EntryPoint\",\"urlTemplate\":\"https:\\\/\\\/www.info-algerie.com\\\/actualites\\\/?s={search_term_string}\"},\"query-input\":{\"@type\":\"PropertyValueSpecification\",\"valueRequired\":true,\"valueName\":\"search_term_string\"}}],\"inLanguage\":\"fr-FR\"},{\"@type\":\"Organization\",\"@id\":\"https:\\\/\\\/www.info-algerie.com\\\/actualites\\\/#organization\",\"name\":\"info algerie\",\"url\":\"https:\\\/\\\/www.info-algerie.com\\\/actualites\\\/\",\"logo\":{\"@type\":\"ImageObject\",\"inLanguage\":\"fr-FR\",\"@id\":\"https:\\\/\\\/www.info-algerie.com\\\/actualites\\\/#\\\/schema\\\/logo\\\/image\\\/\",\"url\":\"https:\\\/\\\/www.info-algerie.com\\\/actualites\\\/wp-content\\\/uploads\\\/2022\\\/07\\\/logo-ia-120.png\",\"contentUrl\":\"https:\\\/\\\/www.info-algerie.com\\\/actualites\\\/wp-content\\\/uploads\\\/2022\\\/07\\\/logo-ia-120.png\",\"width\":120,\"height\":43,\"caption\":\"info algerie\"},\"image\":{\"@id\":\"https:\\\/\\\/www.info-algerie.com\\\/actualites\\\/#\\\/schema\\\/logo\\\/image\\\/\"},\"sameAs\":[\"https:\\\/\\\/www.facebook.com\\\/infoalgerieactu\",\"https:\\\/\\\/x.com\\\/infoalgerie1\"]},{\"@type\":\"Person\",\"@id\":\"https:\\\/\\\/www.info-algerie.com\\\/actualites\\\/#\\\/schema\\\/person\\\/847aaec44920825b843a08f30ec6aa1e\",\"name\":\"La r\u00e9daction\",\"image\":{\"@type\":\"ImageObject\",\"inLanguage\":\"fr-FR\",\"@id\":\"https:\\\/\\\/secure.gravatar.com\\\/avatar\\\/769db425c6f465158149f1ffd6cf61ce7a8a879d11dfbef8288af36dfddd418c?s=96&d=mm&r=g\",\"url\":\"https:\\\/\\\/secure.gravatar.com\\\/avatar\\\/769db425c6f465158149f1ffd6cf61ce7a8a879d11dfbef8288af36dfddd418c?s=96&d=mm&r=g\",\"contentUrl\":\"https:\\\/\\\/secure.gravatar.com\\\/avatar\\\/769db425c6f465158149f1ffd6cf61ce7a8a879d11dfbef8288af36dfddd418c?s=96&d=mm&r=g\",\"caption\":\"La r\u00e9daction\"},\"sameAs\":[\"http:\\\/\\\/www.lkeria.com\\\/\"],\"url\":\"https:\\\/\\\/www.info-algerie.com\\\/actualites\\\/author\\\/chakib32\\\/\"}]}<\/script>\n<!-- \/ Yoast SEO plugin. -->","yoast_head_json":{"title":"Ceux qui ont appel\u00e9 au boycott veulent la d\u00e9mission du peuple et sa d\u00e9mobilisation face aux d\u00e9fis - info algerie","robots":{"index":"index","follow":"follow","max-snippet":"max-snippet:-1","max-image-preview":"max-image-preview:large","max-video-preview":"max-video-preview:-1"},"canonical":"https:\/\/www.info-algerie.com\/actualites\/ceux-qui-ont-appele-au-boycott-veulent-la-demission-du-peuple-et-sa-demobilisation-face-aux-defis\/","og_locale":"fr_FR","og_type":"article","og_title":"Ceux qui ont appel\u00e9 au boycott veulent la d\u00e9mission du peuple et sa d\u00e9mobilisation face aux d\u00e9fis - info algerie","og_description":"MEDEA &#8211; Le pr\u00e9sident du Front national alg\u00e9rien (FNA), Moussa Touati, a indiqu\u00e9 jeudi \u00e0 M\u00e9d\u00e9a, que ceux qui ont appel\u00e9 au boycott des \u00e9lections l\u00e9gislatives veulent la \u00ab\u00a0d\u00e9mission du peuple et sa d\u00e9mobilisation\u00a0\u00bb face aux d\u00e9fis et aux enjeux auxquels fait face l\u2019Alg\u00e9rie. &#013; &#013; \u00ab\u00a0L\u2019appel au boycott n\u2019a d\u2019autre objectif qu\u2019encourager la d\u00e9mission","og_url":"https:\/\/www.info-algerie.com\/actualites\/ceux-qui-ont-appele-au-boycott-veulent-la-demission-du-peuple-et-sa-demobilisation-face-aux-defis\/","og_site_name":"info algerie","article_publisher":"https:\/\/www.facebook.com\/infoalgerieactu","article_published_time":"2017-05-04T09:57:40+00:00","og_image":[{"width":280,"height":169,"url":"https:\/\/www.info-algerie.com\/actualites\/wp-content\/uploads\/2017\/05\/cac6fb60db34cdc020b33c9b700124cc_S-1.jpg","type":"image\/jpeg"}],"author":"La r\u00e9daction","twitter_misc":{"\u00c9crit par":"La r\u00e9daction","Dur\u00e9e de lecture estim\u00e9e":"1 minute"},"schema":{"@context":"https:\/\/schema.org","@graph":[{"@type":"Article","@id":"https:\/\/www.info-algerie.com\/actualites\/ceux-qui-ont-appele-au-boycott-veulent-la-demission-du-peuple-et-sa-demobilisation-face-aux-defis\/#article","isPartOf":{"@id":"https:\/\/www.info-algerie.com\/actualites\/ceux-qui-ont-appele-au-boycott-veulent-la-demission-du-peuple-et-sa-demobilisation-face-aux-defis\/"},"author":{"name":"La r\u00e9daction","@id":"https:\/\/www.info-algerie.com\/actualites\/#\/schema\/person\/847aaec44920825b843a08f30ec6aa1e"},"headline":"Ceux qui ont appel\u00e9 au boycott veulent la d\u00e9mission du peuple et sa d\u00e9mobilisation face aux d\u00e9fis","datePublished":"2017-05-04T09:57:40+00:00","mainEntityOfPage":{"@id":"https:\/\/www.info-algerie.com\/actualites\/ceux-qui-ont-appele-au-boycott-veulent-la-demission-du-peuple-et-sa-demobilisation-face-aux-defis\/"},"wordCount":240,"commentCount":0,"publisher":{"@id":"https:\/\/www.info-algerie.com\/actualites\/#organization"},"image":{"@id":"https:\/\/www.info-algerie.com\/actualites\/ceux-qui-ont-appele-au-boycott-veulent-la-demission-du-peuple-et-sa-demobilisation-face-aux-defis\/#primaryimage"},"thumbnailUrl":"https:\/\/www.info-algerie.com\/actualites\/wp-content\/uploads\/2017\/05\/cac6fb60db34cdc020b33c9b700124cc_S-1.jpg","keywords":["ONU"],"articleSection":["infos"],"inLanguage":"fr-FR","potentialAction":[{"@type":"CommentAction","name":"Comment","target":["https:\/\/www.info-algerie.com\/actualites\/ceux-qui-ont-appele-au-boycott-veulent-la-demission-du-peuple-et-sa-demobilisation-face-aux-defis\/#respond"]}]},{"@type":"WebPage","@id":"https:\/\/www.info-algerie.com\/actualites\/ceux-qui-ont-appele-au-boycott-veulent-la-demission-du-peuple-et-sa-demobilisation-face-aux-defis\/","url":"https:\/\/www.info-algerie.com\/actualites\/ceux-qui-ont-appele-au-boycott-veulent-la-demission-du-peuple-et-sa-demobilisation-face-aux-defis\/","name":"Ceux qui ont appel\u00e9 au boycott veulent la d\u00e9mission du peuple et sa d\u00e9mobilisation face aux d\u00e9fis - info algerie","isPartOf":{"@id":"https:\/\/www.info-algerie.com\/actualites\/#website"},"primaryImageOfPage":{"@id":"https:\/\/www.info-algerie.com\/actualites\/ceux-qui-ont-appele-au-boycott-veulent-la-demission-du-peuple-et-sa-demobilisation-face-aux-defis\/#primaryimage"},"image":{"@id":"https:\/\/www.info-algerie.com\/actualites\/ceux-qui-ont-appele-au-boycott-veulent-la-demission-du-peuple-et-sa-demobilisation-face-aux-defis\/#primaryimage"},"thumbnailUrl":"https:\/\/www.info-algerie.com\/actualites\/wp-content\/uploads\/2017\/05\/cac6fb60db34cdc020b33c9b700124cc_S-1.jpg","datePublished":"2017-05-04T09:57:40+00:00","breadcrumb":{"@id":"https:\/\/www.info-algerie.com\/actualites\/ceux-qui-ont-appele-au-boycott-veulent-la-demission-du-peuple-et-sa-demobilisation-face-aux-defis\/#breadcrumb"},"inLanguage":"fr-FR","potentialAction":[{"@type":"ReadAction","target":["https:\/\/www.info-algerie.com\/actualites\/ceux-qui-ont-appele-au-boycott-veulent-la-demission-du-peuple-et-sa-demobilisation-face-aux-defis\/"]}]},{"@type":"ImageObject","inLanguage":"fr-FR","@id":"https:\/\/www.info-algerie.com\/actualites\/ceux-qui-ont-appele-au-boycott-veulent-la-demission-du-peuple-et-sa-demobilisation-face-aux-defis\/#primaryimage","url":"https:\/\/www.info-algerie.com\/actualites\/wp-content\/uploads\/2017\/05\/cac6fb60db34cdc020b33c9b700124cc_S-1.jpg","contentUrl":"https:\/\/www.info-algerie.com\/actualites\/wp-content\/uploads\/2017\/05\/cac6fb60db34cdc020b33c9b700124cc_S-1.jpg","width":280,"height":169},{"@type":"BreadcrumbList","@id":"https:\/\/www.info-algerie.com\/actualites\/ceux-qui-ont-appele-au-boycott-veulent-la-demission-du-peuple-et-sa-demobilisation-face-aux-defis\/#breadcrumb","itemListElement":[{"@type":"ListItem","position":1,"name":"Accueil","item":"https:\/\/www.info-algerie.com\/actualites\/"},{"@type":"ListItem","position":2,"name":"Ceux qui ont appel\u00e9 au boycott veulent la d\u00e9mission du peuple et sa d\u00e9mobilisation face aux d\u00e9fis"}]},{"@type":"WebSite","@id":"https:\/\/www.info-algerie.com\/actualites\/#website","url":"https:\/\/www.info-algerie.com\/actualites\/","name":"info algerie","description":"Toutes les actualit\u00e9s","publisher":{"@id":"https:\/\/www.info-algerie.com\/actualites\/#organization"},"potentialAction":[{"@type":"SearchAction","target":{"@type":"EntryPoint","urlTemplate":"https:\/\/www.info-algerie.com\/actualites\/?s={search_term_string}"},"query-input":{"@type":"PropertyValueSpecification","valueRequired":true,"valueName":"search_term_string"}}],"inLanguage":"fr-FR"},{"@type":"Organization","@id":"https:\/\/www.info-algerie.com\/actualites\/#organization","name":"info algerie","url":"https:\/\/www.info-algerie.com\/actualites\/","logo":{"@type":"ImageObject","inLanguage":"fr-FR","@id":"https:\/\/www.info-algerie.com\/actualites\/#\/schema\/logo\/image\/","url":"https:\/\/www.info-algerie.com\/actualites\/wp-content\/uploads\/2022\/07\/logo-ia-120.png","contentUrl":"https:\/\/www.info-algerie.com\/actualites\/wp-content\/uploads\/2022\/07\/logo-ia-120.png","width":120,"height":43,"caption":"info algerie"},"image":{"@id":"https:\/\/www.info-algerie.com\/actualites\/#\/schema\/logo\/image\/"},"sameAs":["https:\/\/www.facebook.com\/infoalgerieactu","https:\/\/x.com\/infoalgerie1"]},{"@type":"Person","@id":"https:\/\/www.info-algerie.com\/actualites\/#\/schema\/person\/847aaec44920825b843a08f30ec6aa1e","name":"La r\u00e9daction","image":{"@type":"ImageObject","inLanguage":"fr-FR","@id":"https:\/\/secure.gravatar.com\/avatar\/769db425c6f465158149f1ffd6cf61ce7a8a879d11dfbef8288af36dfddd418c?s=96&d=mm&r=g","url":"https:\/\/secure.gravatar.com\/avatar\/769db425c6f465158149f1ffd6cf61ce7a8a879d11dfbef8288af36dfddd418c?s=96&d=mm&r=g","contentUrl":"https:\/\/secure.gravatar.com\/avatar\/769db425c6f465158149f1ffd6cf61ce7a8a879d11dfbef8288af36dfddd418c?s=96&d=mm&r=g","caption":"La r\u00e9daction"},"sameAs":["http:\/\/www.lkeria.com\/"],"url":"https:\/\/www.info-algerie.com\/actualites\/author\/chakib32\/"}]}},"_links":{"self":[{"href":"https:\/\/www.info-algerie.com\/actualites\/wp-json\/wp\/v2\/posts\/11468","targetHints":{"allow":["GET"]}}],"collection":[{"href":"https:\/\/www.info-algerie.com\/actualites\/wp-json\/wp\/v2\/posts"}],"about":[{"href":"https:\/\/www.info-algerie.com\/actualites\/wp-json\/wp\/v2\/types\/post"}],"author":[{"embeddable":true,"href":"https:\/\/www.info-algerie.com\/actualites\/wp-json\/wp\/v2\/users\/6"}],"replies":[{"embeddable":true,"href":"https:\/\/www.info-algerie.com\/actualites\/wp-json\/wp\/v2\/comments?post=11468"}],"version-history":[{"count":0,"href":"https:\/\/www.info-algerie.com\/actualites\/wp-json\/wp\/v2\/posts\/11468\/revisions"}],"wp:featuredmedia":[{"embeddable":true,"href":"https:\/\/www.info-algerie.com\/actualites\/wp-json\/wp\/v2\/media\/11469"}],"wp:attachment":[{"href":"https:\/\/www.info-algerie.com\/actualites\/wp-json\/wp\/v2\/media?parent=11468"}],"wp:term":[{"taxonomy":"category","embeddable":true,"href":"https:\/\/www.info-algerie.com\/actualites\/wp-json\/wp\/v2\/categories?post=11468"},{"taxonomy":"post_tag","embeddable":true,"href":"https:\/\/www.info-algerie.com\/actualites\/wp-json\/wp\/v2\/tags?post=11468"}],"curies":[{"name":"wp","href":"https:\/\/api.w.org\/{rel}","templated":true}]}}