{"id":11494,"date":"2017-05-04T13:16:44","date_gmt":"2017-05-04T12:16:44","guid":{"rendered":"http:\/\/www.info-algerie.com\/actualites\/les-electeurs-ont-commence-a-voter-dans-le-calme-et-la-serenite\/"},"modified":"2017-05-04T13:16:44","modified_gmt":"2017-05-04T12:16:44","slug":"les-electeurs-ont-commence-a-voter-dans-le-calme-et-la-serenite","status":"publish","type":"post","link":"https:\/\/www.info-algerie.com\/actualites\/les-electeurs-ont-commence-a-voter-dans-le-calme-et-la-serenite\/","title":{"rendered":"Les \u00e9lecteurs ont commenc\u00e9 \u00e0 voter dans le calme et la s\u00e9r\u00e9nit\u00e9"},"content":{"rendered":"<div class=\"K2FeedImage\"><img decoding=\"async\" src=\"https:\/\/www.info-algerie.com\/actualites\/wp-content\/uploads\/2017\/05\/dcdd722bc53904dba16d06c21d494df4_S.jpg\" alt=\"Les &#xE9;lecteurs ont commenc&#xE9; &#xE0; voter dans le calme et la s&#xE9;r&#xE9;nit&#xE9;\" \/><\/div>\n<div class=\"K2FeedIntroText\">\n<p>ALGER &#8211; Les \u00e9lectrices et les \u00e9lecteurs ont commenc\u00e9 jeudi matin \u00e0 se rendre aux urnes, \u00e0 travers l&rsquo;ensemble du territoire national et \u00e0 l&rsquo;\u00e9tranger, pour accomplir leur devoir \u00e9lectoral et choisir leurs 462 repr\u00e9sentants \u00e0 l&rsquo;Assembl\u00e9e populaire nationale (APN) pour les cinq prochaines ann\u00e9es, dans une ambiance empreinte de calme et de s\u00e9r\u00e9nit\u00e9.<\/p>\n<p>&#013;\n<\/p><\/div>\n<div class=\"K2FeedFullText\">&#013;<\/p>\n<p>Le pr\u00e9sident de la R\u00e9publique, Abdelaziz Bouteflika, s&rsquo;est acquitt\u00e9 de son devoir \u00e9lectoral \u00e0 Alger, \u00e0 l&rsquo;\u00e9cole Mohamed El-Bachir El-Ibrahimi \u00e0 El Biar.<\/p>\n<p>&#013;<\/p>\n<p>Le chef de l&rsquo;Etat est arriv\u00e9 aux environs de midi au centre de vote, accompagn\u00e9 de ses deux fr\u00e8res et neveux.<\/p>\n<p>&#013;<\/p>\n<p>Au niveau du bureau de vote num\u00e9ro 34, le pr\u00e9sident Bouteflika a pris toutes les listes de candidats en lice avant d&rsquo;entrer dans l&rsquo;isoloir et effectuer son choix parmi les candidats \u00e0 ces l\u00e9gislatives.<\/p>\n<p>&#013;<\/p>\n<p>Le pr\u00e9sident du Conseil de la Nation, Abdelkader Bensalah, le pr\u00e9sident de l&rsquo;APN, Mohamed Larbi Ould Khelifa, le Premier ministre, Abdelmalek Sellal, et le pr\u00e9sident du Conseil constitutionnel, Mourad Medelci, ont \u00e9galement vot\u00e9 dans des centres \u00e0 Alger.<\/p>\n<p>&#013;<\/p>\n<p>Dans une d\u00e9claration en fin de matin\u00e9e, le ministre de l&rsquo;Int\u00e9rieur et des Collectivit\u00e9s locales, Noureddine Bedoui, a indiqu\u00e9 que la participation, \u00e0 10h00, avait atteint 4,13%, qualifiant ce taux de \u00ab\u00a0d\u00e9but encourageant\u00a0\u00bb. Il a rappel\u00e9 que le taux de participation lors des l\u00e9gislatives de 2012, \u00e0 la m\u00eame heure, \u00e9tait de 4,11%.<\/p>\n<p>&#013;<\/p>\n<p>M. Bedoui a relev\u00e9, aussi, une \u00ab\u00a0bonne organisation\u00a0\u00bb des op\u00e9rations de vote qui se d\u00e9roulent dans le \u00ab\u00a0calme\u00a0\u00bb.<\/p>\n<p>&#013;<\/p>\n<p>Dans les wilayas du Sud, les \u00e9lecteurs votaient jeudi matin dans la s\u00e9r\u00e9nit\u00e9 pour \u00e9lire leurs repr\u00e9sentants \u00e0 la future l&rsquo;Assembl\u00e9e.<\/p>\n<p>&#013;<\/p>\n<p>L&rsquo;affluence en milieu de matin\u00e9e \u00e9taient disparate entre les neuf wilayas du Sud (Adrar, Laghouat, B\u00e9char, Tamanrasset, Ouargla, Illizi, Tindouf, El-Oued et Gharda\u00efa). Une affluence relativement plus \u00ab\u00a0importante\u00a0\u00bb \u00e9tait\u00a0 remarqu\u00e9e, dans certaines wilayas \u00e0 l&rsquo;instar de Tindouf et Illizi, comparativement \u00e0 d&rsquo;autres telles que Ouargla et El-Oued, par exemple. Une tendance qui se reproduit presque de la m\u00eame mani\u00e8re lors de chaque \u00e9lection.<\/p>\n<p>&#013;<\/p>\n<p>Le scrutin se poursuivait \u00e9galement \u00e0 l&rsquo;\u00e9tranger. Six bureaux de vote ont ouvert jeudi matin au Royaume-Uni de la Grande-Bretagne et de l&rsquo;Irlande du Nord, ainsi qu&rsquo;en R\u00e9publique d&rsquo;Irlande, pour permettre \u00e0 21.247 inscrits sur les listes \u00e9lectorales de choisir leurs repr\u00e9sentants \u00e0 l&rsquo;APN parmi 12 listes.<\/p>\n<p>&#013;<\/p>\n<p>Le scrutin a commenc\u00e9 samedi dernier au Royaume-Uni, au si\u00e8ge du consulat \u00e0 Londres.<\/p>\n<p>&#013;<\/p>\n<p>Apr\u00e8s un d\u00e9but timide, la participation de la communaut\u00e9 alg\u00e9rienne \u00e9tablie au Canada \u00e9tait en hausse constante au dernier jour du scrutin, a-t-on constat\u00e9.<\/p>\n<p>&#013;<\/p>\n<p>Le chef de la mission des observateurs de l&rsquo;Union africaine (UA), Dileita Mohamed Dileita, qui a assist\u00e9 \u00e0 l&rsquo;ouverture d&rsquo;un bureau de vote dans la capitale, a d\u00e9clar\u00e9, qu&rsquo;\u00e0 l&rsquo;instar de la campagne \u00e9lectorale, le vote pour les l\u00e9gislatives se d\u00e9roulait dans de \u00ab\u00a0bonnes conditions\u00a0\u00bb, soulignant que l&rsquo;Alg\u00e9rie demeure toujours une \u00ab\u00a0source d&rsquo;inspiration\u00a0\u00bb pour les pays africains en mati\u00e8re de consultations populaires.<\/p>\n<p>&#013;<\/p>\n<p>Le ministre d&rsquo;Etat, ministre des Affaires \u00e9trang\u00e8res et de la Coop\u00e9ration internationale, Ramtane Lamamra, a estim\u00e9, au sortir d&rsquo;un bureau de vote, que la participation aux \u00e9lections l\u00e9gislatives \u00e9tait un \u00ab\u00a0\u00e9l\u00e9ment essentiel de la citoyennet\u00e9\u00a0\u00bb.<\/p>\n<p>&#013;<\/p>\n<p>Les chefs des partis politiques ont saisi l&rsquo;occasion du d\u00e9but du scrutin pour renouveler leurs appels \u00e0 un vote massif des \u00e9lecteurs.<\/p>\n<p>&#013;<\/p>\n<p>Le nombre d&rsquo;\u00e9lecteurs aux \u00e9lections l\u00e9gislatives s&rsquo;\u00e9l\u00e8ve \u00e0 23.251.503, dont 45,82% de femmes, alors que le nombre d&rsquo;inscrits pour la communaut\u00e9 nationale \u00e0 l&rsquo;\u00e9tranger est estim\u00e9 \u00e0 955.426 \u00e9lecteurs et \u00e9lectrices, devant choisir leurs 8 repr\u00e9sentants \u00e0 l&rsquo;Assembl\u00e9e.<\/p>\n<p>&#013;<\/p>\n<p>Les op\u00e9rations de vote ont d\u00e9but\u00e9 \u00e0 8h00 du matin et prendront fin \u00e0 19h00, conform\u00e9ment \u00e0 la loi organique du 25 ao\u00fbt 2016 relative au r\u00e9gime \u00e9lectoral.<\/p>\n<p>&#013;<\/p>\n<p>Toutefois, pour faciliter aux \u00e9lecteurs l&rsquo;exercice de leur droit de vote, le wali peut, selon la m\u00eame loi, le cas \u00e9ch\u00e9ant, prendre, apr\u00e8s autorisation du ministre charg\u00e9 de l&rsquo;Int\u00e9rieur, des arr\u00eat\u00e9s \u00e0 l&rsquo;effet d&rsquo;avancer l&rsquo;heure d&rsquo;ouverture du scrutin ou de retarder l&rsquo;heure de cl\u00f4ture, dans certaines communes ou dans l&rsquo;ensemble d&rsquo;une m\u00eame circonscription \u00e9lectorale\u00a0\u00bb.<\/p>\n<p>&#013;<\/p>\n<p>Le vote pour la communaut\u00e9 nationale \u00e0 l&rsquo;\u00e9tranger et dans les zones \u00e9parses (bureaux de vote itin\u00e9rants) a commenc\u00e9 le 29 avril, comme le pr\u00e9voit la loi.<\/p>\n<p>&#013;<\/p>\n<p>Plus de 11.300 candidats port\u00e9s sur 938 listes, dont 716 appartenant \u00e0 63 partis politiques et le reste pr\u00e9sent\u00e9 par 3 alliances de partis et des ind\u00e9pendants, sont en lice pour ce scrutin.<\/p>\n<p>&#013;<\/p>\n<p>Quelque 500.000 agents encadrant plus de 65.000 centres et bureaux de vote, r\u00e9partis \u00e0 travers les 48 wilayas du pays et les 4 zones g\u00e9ographiques \u00e0 l&rsquo;\u00e9tranger, sont mobilis\u00e9s pour assurer le bon d\u00e9roulement de ce rendez-vous \u00e9lectoral.<\/p>\n<p>&#013;<\/p>\n<p>Les corps de s\u00e9curit\u00e9 sont eux aussi mobilis\u00e9s pour un d\u00e9roulement dans la qui\u00e9tude et la s\u00e9r\u00e9nit\u00e9 du scrutin.<\/p>\n<p>&#013;<\/p>\n<p class=\"MsoNormal\">Les r\u00e9sultats des \u00e9lections l\u00e9gislatives seront annonc\u00e9s par le ministre de l&rsquo;Int\u00e9rieur et des Collectivit\u00e9s locales, Noureddine Bedoui, vendredi \u00e0 parti de 11heures, au Centre international des conf\u00e9rences.<\/p>\n<\/div>\n<p>&#013;<br \/>\nSource: <a href=\"http:\/\/www.aps.dz\/algerie\/56989-les-electeurs-ont-commence-a-voter-dans-le-calme-et-la-serenite\" target=\"_blank\">Les \u00e9lecteurs ont commenc\u00e9 \u00e0 voter dans le calme et la s\u00e9r\u00e9nit\u00e9<\/a><\/p>\n<!--CusAds0-->\n<div style=\"font-size: 0px; height: 0px; line-height: 0px; margin: 0; padding: 0; clear: both;\"><\/div>","protected":false},"excerpt":{"rendered":"<p>ALGER &#8211; Les \u00e9lectrices et les \u00e9lecteurs ont commenc\u00e9 jeudi matin \u00e0 se rendre aux urnes, \u00e0 travers l&rsquo;ensemble du territoire national et \u00e0 l&rsquo;\u00e9tranger, pour accomplir leur devoir \u00e9lectoral et choisir leurs 462 repr\u00e9sentants \u00e0 l&rsquo;Assembl\u00e9e populaire nationale (APN) pour les cinq prochaines ann\u00e9es, dans une ambiance empreinte de calme et de s\u00e9r\u00e9nit\u00e9. &#013;<\/p>\n","protected":false},"author":6,"featured_media":11495,"comment_status":"open","ping_status":"open","sticky":false,"template":"","format":"standard","meta":{"footnotes":""},"categories":[22],"tags":[93],"class_list":["post-11494","post","type-post","status-publish","format-standard","has-post-thumbnail","hentry","category-infos","tag-onu"],"yoast_head":"<!-- This site is optimized with the Yoast SEO plugin v27.5 - https:\/\/yoast.com\/product\/yoast-seo-wordpress\/ -->\n<title>Les \u00e9lecteurs ont commenc\u00e9 \u00e0 voter dans le calme et la s\u00e9r\u00e9nit\u00e9 - info algerie<\/title>\n<meta name=\"robots\" content=\"index, follow, max-snippet:-1, max-image-preview:large, max-video-preview:-1\" \/>\n<link rel=\"canonical\" href=\"https:\/\/www.info-algerie.com\/actualites\/les-electeurs-ont-commence-a-voter-dans-le-calme-et-la-serenite\/\" \/>\n<meta property=\"og:locale\" content=\"fr_FR\" \/>\n<meta property=\"og:type\" content=\"article\" \/>\n<meta property=\"og:title\" content=\"Les \u00e9lecteurs ont commenc\u00e9 \u00e0 voter dans le calme et la s\u00e9r\u00e9nit\u00e9 - info algerie\" \/>\n<meta property=\"og:description\" content=\"ALGER &#8211; Les \u00e9lectrices et les \u00e9lecteurs ont commenc\u00e9 jeudi matin \u00e0 se rendre aux urnes, \u00e0 travers l&rsquo;ensemble du territoire national et \u00e0 l&rsquo;\u00e9tranger, pour accomplir leur devoir \u00e9lectoral et choisir leurs 462 repr\u00e9sentants \u00e0 l&rsquo;Assembl\u00e9e populaire nationale (APN) pour les cinq prochaines ann\u00e9es, dans une ambiance empreinte de calme et de s\u00e9r\u00e9nit\u00e9. &#013;\" \/>\n<meta property=\"og:url\" content=\"https:\/\/www.info-algerie.com\/actualites\/les-electeurs-ont-commence-a-voter-dans-le-calme-et-la-serenite\/\" \/>\n<meta property=\"og:site_name\" content=\"info algerie\" \/>\n<meta property=\"article:publisher\" content=\"https:\/\/www.facebook.com\/infoalgerieactu\" \/>\n<meta property=\"article:published_time\" content=\"2017-05-04T12:16:44+00:00\" \/>\n<meta property=\"og:image\" content=\"https:\/\/www.info-algerie.com\/actualites\/wp-content\/uploads\/2017\/05\/dcdd722bc53904dba16d06c21d494df4_S-1.jpg\" \/>\n\t<meta property=\"og:image:width\" content=\"280\" \/>\n\t<meta property=\"og:image:height\" content=\"169\" \/>\n\t<meta property=\"og:image:type\" content=\"image\/jpeg\" \/>\n<meta name=\"author\" content=\"La r\u00e9daction\" \/>\n<meta name=\"twitter:label1\" content=\"\u00c9crit par\" \/>\n\t<meta name=\"twitter:data1\" content=\"La r\u00e9daction\" \/>\n\t<meta name=\"twitter:label2\" content=\"Dur\u00e9e de lecture estim\u00e9e\" \/>\n\t<meta name=\"twitter:data2\" content=\"4 minutes\" \/>\n<script type=\"application\/ld+json\" class=\"yoast-schema-graph\">{\"@context\":\"https:\\\/\\\/schema.org\",\"@graph\":[{\"@type\":\"Article\",\"@id\":\"https:\\\/\\\/www.info-algerie.com\\\/actualites\\\/les-electeurs-ont-commence-a-voter-dans-le-calme-et-la-serenite\\\/#article\",\"isPartOf\":{\"@id\":\"https:\\\/\\\/www.info-algerie.com\\\/actualites\\\/les-electeurs-ont-commence-a-voter-dans-le-calme-et-la-serenite\\\/\"},\"author\":{\"name\":\"La r\u00e9daction\",\"@id\":\"https:\\\/\\\/www.info-algerie.com\\\/actualites\\\/#\\\/schema\\\/person\\\/847aaec44920825b843a08f30ec6aa1e\"},\"headline\":\"Les \u00e9lecteurs ont commenc\u00e9 \u00e0 voter dans le calme et la s\u00e9r\u00e9nit\u00e9\",\"datePublished\":\"2017-05-04T12:16:44+00:00\",\"mainEntityOfPage\":{\"@id\":\"https:\\\/\\\/www.info-algerie.com\\\/actualites\\\/les-electeurs-ont-commence-a-voter-dans-le-calme-et-la-serenite\\\/\"},\"wordCount\":897,\"commentCount\":0,\"publisher\":{\"@id\":\"https:\\\/\\\/www.info-algerie.com\\\/actualites\\\/#organization\"},\"image\":{\"@id\":\"https:\\\/\\\/www.info-algerie.com\\\/actualites\\\/les-electeurs-ont-commence-a-voter-dans-le-calme-et-la-serenite\\\/#primaryimage\"},\"thumbnailUrl\":\"https:\\\/\\\/www.info-algerie.com\\\/actualites\\\/wp-content\\\/uploads\\\/2017\\\/05\\\/dcdd722bc53904dba16d06c21d494df4_S-1.jpg\",\"keywords\":[\"ONU\"],\"articleSection\":[\"infos\"],\"inLanguage\":\"fr-FR\",\"potentialAction\":[{\"@type\":\"CommentAction\",\"name\":\"Comment\",\"target\":[\"https:\\\/\\\/www.info-algerie.com\\\/actualites\\\/les-electeurs-ont-commence-a-voter-dans-le-calme-et-la-serenite\\\/#respond\"]}]},{\"@type\":\"WebPage\",\"@id\":\"https:\\\/\\\/www.info-algerie.com\\\/actualites\\\/les-electeurs-ont-commence-a-voter-dans-le-calme-et-la-serenite\\\/\",\"url\":\"https:\\\/\\\/www.info-algerie.com\\\/actualites\\\/les-electeurs-ont-commence-a-voter-dans-le-calme-et-la-serenite\\\/\",\"name\":\"Les \u00e9lecteurs ont commenc\u00e9 \u00e0 voter dans le calme et la s\u00e9r\u00e9nit\u00e9 - info algerie\",\"isPartOf\":{\"@id\":\"https:\\\/\\\/www.info-algerie.com\\\/actualites\\\/#website\"},\"primaryImageOfPage\":{\"@id\":\"https:\\\/\\\/www.info-algerie.com\\\/actualites\\\/les-electeurs-ont-commence-a-voter-dans-le-calme-et-la-serenite\\\/#primaryimage\"},\"image\":{\"@id\":\"https:\\\/\\\/www.info-algerie.com\\\/actualites\\\/les-electeurs-ont-commence-a-voter-dans-le-calme-et-la-serenite\\\/#primaryimage\"},\"thumbnailUrl\":\"https:\\\/\\\/www.info-algerie.com\\\/actualites\\\/wp-content\\\/uploads\\\/2017\\\/05\\\/dcdd722bc53904dba16d06c21d494df4_S-1.jpg\",\"datePublished\":\"2017-05-04T12:16:44+00:00\",\"breadcrumb\":{\"@id\":\"https:\\\/\\\/www.info-algerie.com\\\/actualites\\\/les-electeurs-ont-commence-a-voter-dans-le-calme-et-la-serenite\\\/#breadcrumb\"},\"inLanguage\":\"fr-FR\",\"potentialAction\":[{\"@type\":\"ReadAction\",\"target\":[\"https:\\\/\\\/www.info-algerie.com\\\/actualites\\\/les-electeurs-ont-commence-a-voter-dans-le-calme-et-la-serenite\\\/\"]}]},{\"@type\":\"ImageObject\",\"inLanguage\":\"fr-FR\",\"@id\":\"https:\\\/\\\/www.info-algerie.com\\\/actualites\\\/les-electeurs-ont-commence-a-voter-dans-le-calme-et-la-serenite\\\/#primaryimage\",\"url\":\"https:\\\/\\\/www.info-algerie.com\\\/actualites\\\/wp-content\\\/uploads\\\/2017\\\/05\\\/dcdd722bc53904dba16d06c21d494df4_S-1.jpg\",\"contentUrl\":\"https:\\\/\\\/www.info-algerie.com\\\/actualites\\\/wp-content\\\/uploads\\\/2017\\\/05\\\/dcdd722bc53904dba16d06c21d494df4_S-1.jpg\",\"width\":280,\"height\":169},{\"@type\":\"BreadcrumbList\",\"@id\":\"https:\\\/\\\/www.info-algerie.com\\\/actualites\\\/les-electeurs-ont-commence-a-voter-dans-le-calme-et-la-serenite\\\/#breadcrumb\",\"itemListElement\":[{\"@type\":\"ListItem\",\"position\":1,\"name\":\"Accueil\",\"item\":\"https:\\\/\\\/www.info-algerie.com\\\/actualites\\\/\"},{\"@type\":\"ListItem\",\"position\":2,\"name\":\"Les \u00e9lecteurs ont commenc\u00e9 \u00e0 voter dans le calme et la s\u00e9r\u00e9nit\u00e9\"}]},{\"@type\":\"WebSite\",\"@id\":\"https:\\\/\\\/www.info-algerie.com\\\/actualites\\\/#website\",\"url\":\"https:\\\/\\\/www.info-algerie.com\\\/actualites\\\/\",\"name\":\"info algerie\",\"description\":\"Toutes les actualit\u00e9s\",\"publisher\":{\"@id\":\"https:\\\/\\\/www.info-algerie.com\\\/actualites\\\/#organization\"},\"potentialAction\":[{\"@type\":\"SearchAction\",\"target\":{\"@type\":\"EntryPoint\",\"urlTemplate\":\"https:\\\/\\\/www.info-algerie.com\\\/actualites\\\/?s={search_term_string}\"},\"query-input\":{\"@type\":\"PropertyValueSpecification\",\"valueRequired\":true,\"valueName\":\"search_term_string\"}}],\"inLanguage\":\"fr-FR\"},{\"@type\":\"Organization\",\"@id\":\"https:\\\/\\\/www.info-algerie.com\\\/actualites\\\/#organization\",\"name\":\"info algerie\",\"url\":\"https:\\\/\\\/www.info-algerie.com\\\/actualites\\\/\",\"logo\":{\"@type\":\"ImageObject\",\"inLanguage\":\"fr-FR\",\"@id\":\"https:\\\/\\\/www.info-algerie.com\\\/actualites\\\/#\\\/schema\\\/logo\\\/image\\\/\",\"url\":\"https:\\\/\\\/www.info-algerie.com\\\/actualites\\\/wp-content\\\/uploads\\\/2022\\\/07\\\/logo-ia-120.png\",\"contentUrl\":\"https:\\\/\\\/www.info-algerie.com\\\/actualites\\\/wp-content\\\/uploads\\\/2022\\\/07\\\/logo-ia-120.png\",\"width\":120,\"height\":43,\"caption\":\"info algerie\"},\"image\":{\"@id\":\"https:\\\/\\\/www.info-algerie.com\\\/actualites\\\/#\\\/schema\\\/logo\\\/image\\\/\"},\"sameAs\":[\"https:\\\/\\\/www.facebook.com\\\/infoalgerieactu\",\"https:\\\/\\\/x.com\\\/infoalgerie1\"]},{\"@type\":\"Person\",\"@id\":\"https:\\\/\\\/www.info-algerie.com\\\/actualites\\\/#\\\/schema\\\/person\\\/847aaec44920825b843a08f30ec6aa1e\",\"name\":\"La r\u00e9daction\",\"image\":{\"@type\":\"ImageObject\",\"inLanguage\":\"fr-FR\",\"@id\":\"https:\\\/\\\/secure.gravatar.com\\\/avatar\\\/769db425c6f465158149f1ffd6cf61ce7a8a879d11dfbef8288af36dfddd418c?s=96&d=mm&r=g\",\"url\":\"https:\\\/\\\/secure.gravatar.com\\\/avatar\\\/769db425c6f465158149f1ffd6cf61ce7a8a879d11dfbef8288af36dfddd418c?s=96&d=mm&r=g\",\"contentUrl\":\"https:\\\/\\\/secure.gravatar.com\\\/avatar\\\/769db425c6f465158149f1ffd6cf61ce7a8a879d11dfbef8288af36dfddd418c?s=96&d=mm&r=g\",\"caption\":\"La r\u00e9daction\"},\"sameAs\":[\"http:\\\/\\\/www.lkeria.com\\\/\"],\"url\":\"https:\\\/\\\/www.info-algerie.com\\\/actualites\\\/author\\\/chakib32\\\/\"}]}<\/script>\n<!-- \/ Yoast SEO plugin. -->","yoast_head_json":{"title":"Les \u00e9lecteurs ont commenc\u00e9 \u00e0 voter dans le calme et la s\u00e9r\u00e9nit\u00e9 - info algerie","robots":{"index":"index","follow":"follow","max-snippet":"max-snippet:-1","max-image-preview":"max-image-preview:large","max-video-preview":"max-video-preview:-1"},"canonical":"https:\/\/www.info-algerie.com\/actualites\/les-electeurs-ont-commence-a-voter-dans-le-calme-et-la-serenite\/","og_locale":"fr_FR","og_type":"article","og_title":"Les \u00e9lecteurs ont commenc\u00e9 \u00e0 voter dans le calme et la s\u00e9r\u00e9nit\u00e9 - info algerie","og_description":"ALGER &#8211; Les \u00e9lectrices et les \u00e9lecteurs ont commenc\u00e9 jeudi matin \u00e0 se rendre aux urnes, \u00e0 travers l&rsquo;ensemble du territoire national et \u00e0 l&rsquo;\u00e9tranger, pour accomplir leur devoir \u00e9lectoral et choisir leurs 462 repr\u00e9sentants \u00e0 l&rsquo;Assembl\u00e9e populaire nationale (APN) pour les cinq prochaines ann\u00e9es, dans une ambiance empreinte de calme et de s\u00e9r\u00e9nit\u00e9. &#013;","og_url":"https:\/\/www.info-algerie.com\/actualites\/les-electeurs-ont-commence-a-voter-dans-le-calme-et-la-serenite\/","og_site_name":"info algerie","article_publisher":"https:\/\/www.facebook.com\/infoalgerieactu","article_published_time":"2017-05-04T12:16:44+00:00","og_image":[{"width":280,"height":169,"url":"https:\/\/www.info-algerie.com\/actualites\/wp-content\/uploads\/2017\/05\/dcdd722bc53904dba16d06c21d494df4_S-1.jpg","type":"image\/jpeg"}],"author":"La r\u00e9daction","twitter_misc":{"\u00c9crit par":"La r\u00e9daction","Dur\u00e9e de lecture estim\u00e9e":"4 minutes"},"schema":{"@context":"https:\/\/schema.org","@graph":[{"@type":"Article","@id":"https:\/\/www.info-algerie.com\/actualites\/les-electeurs-ont-commence-a-voter-dans-le-calme-et-la-serenite\/#article","isPartOf":{"@id":"https:\/\/www.info-algerie.com\/actualites\/les-electeurs-ont-commence-a-voter-dans-le-calme-et-la-serenite\/"},"author":{"name":"La r\u00e9daction","@id":"https:\/\/www.info-algerie.com\/actualites\/#\/schema\/person\/847aaec44920825b843a08f30ec6aa1e"},"headline":"Les \u00e9lecteurs ont commenc\u00e9 \u00e0 voter dans le calme et la s\u00e9r\u00e9nit\u00e9","datePublished":"2017-05-04T12:16:44+00:00","mainEntityOfPage":{"@id":"https:\/\/www.info-algerie.com\/actualites\/les-electeurs-ont-commence-a-voter-dans-le-calme-et-la-serenite\/"},"wordCount":897,"commentCount":0,"publisher":{"@id":"https:\/\/www.info-algerie.com\/actualites\/#organization"},"image":{"@id":"https:\/\/www.info-algerie.com\/actualites\/les-electeurs-ont-commence-a-voter-dans-le-calme-et-la-serenite\/#primaryimage"},"thumbnailUrl":"https:\/\/www.info-algerie.com\/actualites\/wp-content\/uploads\/2017\/05\/dcdd722bc53904dba16d06c21d494df4_S-1.jpg","keywords":["ONU"],"articleSection":["infos"],"inLanguage":"fr-FR","potentialAction":[{"@type":"CommentAction","name":"Comment","target":["https:\/\/www.info-algerie.com\/actualites\/les-electeurs-ont-commence-a-voter-dans-le-calme-et-la-serenite\/#respond"]}]},{"@type":"WebPage","@id":"https:\/\/www.info-algerie.com\/actualites\/les-electeurs-ont-commence-a-voter-dans-le-calme-et-la-serenite\/","url":"https:\/\/www.info-algerie.com\/actualites\/les-electeurs-ont-commence-a-voter-dans-le-calme-et-la-serenite\/","name":"Les \u00e9lecteurs ont commenc\u00e9 \u00e0 voter dans le calme et la s\u00e9r\u00e9nit\u00e9 - info algerie","isPartOf":{"@id":"https:\/\/www.info-algerie.com\/actualites\/#website"},"primaryImageOfPage":{"@id":"https:\/\/www.info-algerie.com\/actualites\/les-electeurs-ont-commence-a-voter-dans-le-calme-et-la-serenite\/#primaryimage"},"image":{"@id":"https:\/\/www.info-algerie.com\/actualites\/les-electeurs-ont-commence-a-voter-dans-le-calme-et-la-serenite\/#primaryimage"},"thumbnailUrl":"https:\/\/www.info-algerie.com\/actualites\/wp-content\/uploads\/2017\/05\/dcdd722bc53904dba16d06c21d494df4_S-1.jpg","datePublished":"2017-05-04T12:16:44+00:00","breadcrumb":{"@id":"https:\/\/www.info-algerie.com\/actualites\/les-electeurs-ont-commence-a-voter-dans-le-calme-et-la-serenite\/#breadcrumb"},"inLanguage":"fr-FR","potentialAction":[{"@type":"ReadAction","target":["https:\/\/www.info-algerie.com\/actualites\/les-electeurs-ont-commence-a-voter-dans-le-calme-et-la-serenite\/"]}]},{"@type":"ImageObject","inLanguage":"fr-FR","@id":"https:\/\/www.info-algerie.com\/actualites\/les-electeurs-ont-commence-a-voter-dans-le-calme-et-la-serenite\/#primaryimage","url":"https:\/\/www.info-algerie.com\/actualites\/wp-content\/uploads\/2017\/05\/dcdd722bc53904dba16d06c21d494df4_S-1.jpg","contentUrl":"https:\/\/www.info-algerie.com\/actualites\/wp-content\/uploads\/2017\/05\/dcdd722bc53904dba16d06c21d494df4_S-1.jpg","width":280,"height":169},{"@type":"BreadcrumbList","@id":"https:\/\/www.info-algerie.com\/actualites\/les-electeurs-ont-commence-a-voter-dans-le-calme-et-la-serenite\/#breadcrumb","itemListElement":[{"@type":"ListItem","position":1,"name":"Accueil","item":"https:\/\/www.info-algerie.com\/actualites\/"},{"@type":"ListItem","position":2,"name":"Les \u00e9lecteurs ont commenc\u00e9 \u00e0 voter dans le calme et la s\u00e9r\u00e9nit\u00e9"}]},{"@type":"WebSite","@id":"https:\/\/www.info-algerie.com\/actualites\/#website","url":"https:\/\/www.info-algerie.com\/actualites\/","name":"info algerie","description":"Toutes les actualit\u00e9s","publisher":{"@id":"https:\/\/www.info-algerie.com\/actualites\/#organization"},"potentialAction":[{"@type":"SearchAction","target":{"@type":"EntryPoint","urlTemplate":"https:\/\/www.info-algerie.com\/actualites\/?s={search_term_string}"},"query-input":{"@type":"PropertyValueSpecification","valueRequired":true,"valueName":"search_term_string"}}],"inLanguage":"fr-FR"},{"@type":"Organization","@id":"https:\/\/www.info-algerie.com\/actualites\/#organization","name":"info algerie","url":"https:\/\/www.info-algerie.com\/actualites\/","logo":{"@type":"ImageObject","inLanguage":"fr-FR","@id":"https:\/\/www.info-algerie.com\/actualites\/#\/schema\/logo\/image\/","url":"https:\/\/www.info-algerie.com\/actualites\/wp-content\/uploads\/2022\/07\/logo-ia-120.png","contentUrl":"https:\/\/www.info-algerie.com\/actualites\/wp-content\/uploads\/2022\/07\/logo-ia-120.png","width":120,"height":43,"caption":"info algerie"},"image":{"@id":"https:\/\/www.info-algerie.com\/actualites\/#\/schema\/logo\/image\/"},"sameAs":["https:\/\/www.facebook.com\/infoalgerieactu","https:\/\/x.com\/infoalgerie1"]},{"@type":"Person","@id":"https:\/\/www.info-algerie.com\/actualites\/#\/schema\/person\/847aaec44920825b843a08f30ec6aa1e","name":"La r\u00e9daction","image":{"@type":"ImageObject","inLanguage":"fr-FR","@id":"https:\/\/secure.gravatar.com\/avatar\/769db425c6f465158149f1ffd6cf61ce7a8a879d11dfbef8288af36dfddd418c?s=96&d=mm&r=g","url":"https:\/\/secure.gravatar.com\/avatar\/769db425c6f465158149f1ffd6cf61ce7a8a879d11dfbef8288af36dfddd418c?s=96&d=mm&r=g","contentUrl":"https:\/\/secure.gravatar.com\/avatar\/769db425c6f465158149f1ffd6cf61ce7a8a879d11dfbef8288af36dfddd418c?s=96&d=mm&r=g","caption":"La r\u00e9daction"},"sameAs":["http:\/\/www.lkeria.com\/"],"url":"https:\/\/www.info-algerie.com\/actualites\/author\/chakib32\/"}]}},"_links":{"self":[{"href":"https:\/\/www.info-algerie.com\/actualites\/wp-json\/wp\/v2\/posts\/11494","targetHints":{"allow":["GET"]}}],"collection":[{"href":"https:\/\/www.info-algerie.com\/actualites\/wp-json\/wp\/v2\/posts"}],"about":[{"href":"https:\/\/www.info-algerie.com\/actualites\/wp-json\/wp\/v2\/types\/post"}],"author":[{"embeddable":true,"href":"https:\/\/www.info-algerie.com\/actualites\/wp-json\/wp\/v2\/users\/6"}],"replies":[{"embeddable":true,"href":"https:\/\/www.info-algerie.com\/actualites\/wp-json\/wp\/v2\/comments?post=11494"}],"version-history":[{"count":0,"href":"https:\/\/www.info-algerie.com\/actualites\/wp-json\/wp\/v2\/posts\/11494\/revisions"}],"wp:featuredmedia":[{"embeddable":true,"href":"https:\/\/www.info-algerie.com\/actualites\/wp-json\/wp\/v2\/media\/11495"}],"wp:attachment":[{"href":"https:\/\/www.info-algerie.com\/actualites\/wp-json\/wp\/v2\/media?parent=11494"}],"wp:term":[{"taxonomy":"category","embeddable":true,"href":"https:\/\/www.info-algerie.com\/actualites\/wp-json\/wp\/v2\/categories?post=11494"},{"taxonomy":"post_tag","embeddable":true,"href":"https:\/\/www.info-algerie.com\/actualites\/wp-json\/wp\/v2\/tags?post=11494"}],"curies":[{"name":"wp","href":"https:\/\/api.w.org\/{rel}","templated":true}]}}