{"id":11518,"date":"2017-05-04T16:00:15","date_gmt":"2017-05-04T15:00:15","guid":{"rendered":"http:\/\/www.info-algerie.com\/actualites\/legislatives-satisfaction-quant-a-la-bonne-organisation-de-la-couverture-mediatique-au-niveau-du-cip\/"},"modified":"2017-05-04T16:00:15","modified_gmt":"2017-05-04T15:00:15","slug":"legislatives-satisfaction-quant-a-la-bonne-organisation-de-la-couverture-mediatique-au-niveau-du-cip","status":"publish","type":"post","link":"https:\/\/www.info-algerie.com\/actualites\/legislatives-satisfaction-quant-a-la-bonne-organisation-de-la-couverture-mediatique-au-niveau-du-cip\/","title":{"rendered":"L\u00e9gislatives: satisfaction quant \u00e0 la bonne organisation de la couverture m\u00e9diatique au niveau du CIP"},"content":{"rendered":"<div class=\"K2FeedImage\"><img decoding=\"async\" src=\"https:\/\/www.info-algerie.com\/actualites\/wp-content\/uploads\/2017\/05\/5e302e27ffdc95685a553b416eafe8f3_S.jpg\" alt=\"L&#xE9;gislatives: satisfaction quant &#xE0; la bonne organisation de la couverture m&#xE9;diatique au niveau du CIP\" \/><\/div>\n<div class=\"K2FeedIntroText\">\n<p>ALGER &#8211; Un climat de bonne organisation r\u00e8gne au Centre international de presse (CIP) \u00e0 Alger o\u00f9 le nombre des journalistes locaux, photographes et techniciens compris, avoisine les 1000 en plus de quelque 70 journalistes \u00e9trangers, selon les chiffres avanc\u00e9s par la directrice des m\u00e9dias au minist\u00e8re de la Communication, Zerimi Fatma Zahra.<\/p>\n<p>&#013;\n<\/p><\/div>\n<div class=\"K2FeedFullText\">&#013;<\/p>\n<p>Parmi la presse \u00e9trang\u00e8re, Mme Zerimi a cit\u00e9 l&rsquo;agence Reuters, AFP, l&rsquo;agence am\u00e9ricaine \u00ab\u00a0Associated Press\u00a0\u00bb, l&rsquo;agence chinoise \u00ab\u00a0Chine Nouvelle\u00a0\u00bb ainsi que l&rsquo;Agence publique turque, l&rsquo;Agence de presse syrienne (SANA) et l&rsquo;agence de presse du Moyen Orient (MENA), la cha\u00eene de radio et de t\u00e9l\u00e9vision BBC, les cha\u00eenes MBC, El Arabiya et France 2.<\/p>\n<p>&#013;<\/p>\n<p>De son c\u00f4t\u00e9, le directeur g\u00e9n\u00e9ral du CIP, Tahar Beddiar a affirm\u00e9 que \u00ab\u00a0tous les moyens mat\u00e9riels et techniques ont \u00e9t\u00e9 mobilis\u00e9s pour faciliter la mission des journalistes aussi bien alg\u00e9riens qu&rsquo;\u00e9trangers, citant notamment la salle de r\u00e9daction et les \u00e9quipements techniques mis en place pour une couverture optimale de cet importante rendez-vous\u00a0\u00bb.<\/p>\n<p>&#013;<\/p>\n<p class=\"MsoNormal\">Les correspondants \u00e9trangers et les journalistes alg\u00e9riens ont \u00e9t\u00e9 unanimes \u00e0 exprimer leur satisfaction quant aux moyens et \u00e9quipements mis \u00e0 leur disposition et aux conditions r\u00e9unies pour leur faciliter la couverture de cet \u00e9v\u00e8nement important.<\/p>\n<\/div>\n<p>&#013;<br \/>\nSource: <a href=\"http:\/\/www.aps.dz\/algerie\/57022-legislatives-satisfaction-quant-a-la-bonne-organisation-de-la-couverture-mediatique-au-niveau-du-cip\" target=\"_blank\">L\u00e9gislatives: satisfaction quant \u00e0 la bonne organisation de la couverture m\u00e9diatique au niveau du CIP<\/a><\/p>\n<!--CusAds0-->\n<div style=\"font-size: 0px; height: 0px; line-height: 0px; margin: 0; padding: 0; clear: both;\"><\/div>","protected":false},"excerpt":{"rendered":"<p>ALGER &#8211; Un climat de bonne organisation r\u00e8gne au Centre international de presse (CIP) \u00e0 Alger o\u00f9 le nombre des journalistes locaux, photographes et techniciens compris, avoisine les 1000 en plus de quelque 70 journalistes \u00e9trangers, selon les chiffres avanc\u00e9s par la directrice des m\u00e9dias au minist\u00e8re de la Communication, Zerimi Fatma Zahra. &#013; &#013;<\/p>\n","protected":false},"author":6,"featured_media":11519,"comment_status":"open","ping_status":"open","sticky":false,"template":"","format":"standard","meta":{"footnotes":""},"categories":[22],"tags":[93],"class_list":["post-11518","post","type-post","status-publish","format-standard","has-post-thumbnail","hentry","category-infos","tag-onu"],"yoast_head":"<!-- This site is optimized with the Yoast SEO plugin v27.5 - https:\/\/yoast.com\/product\/yoast-seo-wordpress\/ -->\n<title>L\u00e9gislatives: satisfaction quant \u00e0 la bonne organisation de la couverture m\u00e9diatique au niveau du CIP - info algerie<\/title>\n<meta name=\"robots\" content=\"index, follow, max-snippet:-1, max-image-preview:large, max-video-preview:-1\" \/>\n<link rel=\"canonical\" href=\"https:\/\/www.info-algerie.com\/actualites\/legislatives-satisfaction-quant-a-la-bonne-organisation-de-la-couverture-mediatique-au-niveau-du-cip\/\" \/>\n<meta property=\"og:locale\" content=\"fr_FR\" \/>\n<meta property=\"og:type\" content=\"article\" \/>\n<meta property=\"og:title\" content=\"L\u00e9gislatives: satisfaction quant \u00e0 la bonne organisation de la couverture m\u00e9diatique au niveau du CIP - info algerie\" \/>\n<meta property=\"og:description\" content=\"ALGER &#8211; Un climat de bonne organisation r\u00e8gne au Centre international de presse (CIP) \u00e0 Alger o\u00f9 le nombre des journalistes locaux, photographes et techniciens compris, avoisine les 1000 en plus de quelque 70 journalistes \u00e9trangers, selon les chiffres avanc\u00e9s par la directrice des m\u00e9dias au minist\u00e8re de la Communication, Zerimi Fatma Zahra. &#013; &#013;\" \/>\n<meta property=\"og:url\" content=\"https:\/\/www.info-algerie.com\/actualites\/legislatives-satisfaction-quant-a-la-bonne-organisation-de-la-couverture-mediatique-au-niveau-du-cip\/\" \/>\n<meta property=\"og:site_name\" content=\"info algerie\" \/>\n<meta property=\"article:publisher\" content=\"https:\/\/www.facebook.com\/infoalgerieactu\" \/>\n<meta property=\"article:published_time\" content=\"2017-05-04T15:00:15+00:00\" \/>\n<meta property=\"og:image\" content=\"https:\/\/www.info-algerie.com\/actualites\/wp-content\/uploads\/2017\/05\/5e302e27ffdc95685a553b416eafe8f3_S-1.jpg\" \/>\n\t<meta property=\"og:image:width\" content=\"280\" \/>\n\t<meta property=\"og:image:height\" content=\"169\" \/>\n\t<meta property=\"og:image:type\" content=\"image\/jpeg\" \/>\n<meta name=\"author\" content=\"La r\u00e9daction\" \/>\n<meta name=\"twitter:label1\" content=\"\u00c9crit par\" \/>\n\t<meta name=\"twitter:data1\" content=\"La r\u00e9daction\" \/>\n\t<meta name=\"twitter:label2\" content=\"Dur\u00e9e de lecture estim\u00e9e\" \/>\n\t<meta name=\"twitter:data2\" content=\"1 minute\" \/>\n<script type=\"application\/ld+json\" class=\"yoast-schema-graph\">{\"@context\":\"https:\\\/\\\/schema.org\",\"@graph\":[{\"@type\":\"Article\",\"@id\":\"https:\\\/\\\/www.info-algerie.com\\\/actualites\\\/legislatives-satisfaction-quant-a-la-bonne-organisation-de-la-couverture-mediatique-au-niveau-du-cip\\\/#article\",\"isPartOf\":{\"@id\":\"https:\\\/\\\/www.info-algerie.com\\\/actualites\\\/legislatives-satisfaction-quant-a-la-bonne-organisation-de-la-couverture-mediatique-au-niveau-du-cip\\\/\"},\"author\":{\"name\":\"La r\u00e9daction\",\"@id\":\"https:\\\/\\\/www.info-algerie.com\\\/actualites\\\/#\\\/schema\\\/person\\\/847aaec44920825b843a08f30ec6aa1e\"},\"headline\":\"L\u00e9gislatives: satisfaction quant \u00e0 la bonne organisation de la couverture m\u00e9diatique au niveau du CIP\",\"datePublished\":\"2017-05-04T15:00:15+00:00\",\"mainEntityOfPage\":{\"@id\":\"https:\\\/\\\/www.info-algerie.com\\\/actualites\\\/legislatives-satisfaction-quant-a-la-bonne-organisation-de-la-couverture-mediatique-au-niveau-du-cip\\\/\"},\"wordCount\":249,\"commentCount\":0,\"publisher\":{\"@id\":\"https:\\\/\\\/www.info-algerie.com\\\/actualites\\\/#organization\"},\"image\":{\"@id\":\"https:\\\/\\\/www.info-algerie.com\\\/actualites\\\/legislatives-satisfaction-quant-a-la-bonne-organisation-de-la-couverture-mediatique-au-niveau-du-cip\\\/#primaryimage\"},\"thumbnailUrl\":\"https:\\\/\\\/www.info-algerie.com\\\/actualites\\\/wp-content\\\/uploads\\\/2017\\\/05\\\/5e302e27ffdc95685a553b416eafe8f3_S-1.jpg\",\"keywords\":[\"ONU\"],\"articleSection\":[\"infos\"],\"inLanguage\":\"fr-FR\",\"potentialAction\":[{\"@type\":\"CommentAction\",\"name\":\"Comment\",\"target\":[\"https:\\\/\\\/www.info-algerie.com\\\/actualites\\\/legislatives-satisfaction-quant-a-la-bonne-organisation-de-la-couverture-mediatique-au-niveau-du-cip\\\/#respond\"]}]},{\"@type\":\"WebPage\",\"@id\":\"https:\\\/\\\/www.info-algerie.com\\\/actualites\\\/legislatives-satisfaction-quant-a-la-bonne-organisation-de-la-couverture-mediatique-au-niveau-du-cip\\\/\",\"url\":\"https:\\\/\\\/www.info-algerie.com\\\/actualites\\\/legislatives-satisfaction-quant-a-la-bonne-organisation-de-la-couverture-mediatique-au-niveau-du-cip\\\/\",\"name\":\"L\u00e9gislatives: satisfaction quant \u00e0 la bonne organisation de la couverture m\u00e9diatique au niveau du CIP - info algerie\",\"isPartOf\":{\"@id\":\"https:\\\/\\\/www.info-algerie.com\\\/actualites\\\/#website\"},\"primaryImageOfPage\":{\"@id\":\"https:\\\/\\\/www.info-algerie.com\\\/actualites\\\/legislatives-satisfaction-quant-a-la-bonne-organisation-de-la-couverture-mediatique-au-niveau-du-cip\\\/#primaryimage\"},\"image\":{\"@id\":\"https:\\\/\\\/www.info-algerie.com\\\/actualites\\\/legislatives-satisfaction-quant-a-la-bonne-organisation-de-la-couverture-mediatique-au-niveau-du-cip\\\/#primaryimage\"},\"thumbnailUrl\":\"https:\\\/\\\/www.info-algerie.com\\\/actualites\\\/wp-content\\\/uploads\\\/2017\\\/05\\\/5e302e27ffdc95685a553b416eafe8f3_S-1.jpg\",\"datePublished\":\"2017-05-04T15:00:15+00:00\",\"breadcrumb\":{\"@id\":\"https:\\\/\\\/www.info-algerie.com\\\/actualites\\\/legislatives-satisfaction-quant-a-la-bonne-organisation-de-la-couverture-mediatique-au-niveau-du-cip\\\/#breadcrumb\"},\"inLanguage\":\"fr-FR\",\"potentialAction\":[{\"@type\":\"ReadAction\",\"target\":[\"https:\\\/\\\/www.info-algerie.com\\\/actualites\\\/legislatives-satisfaction-quant-a-la-bonne-organisation-de-la-couverture-mediatique-au-niveau-du-cip\\\/\"]}]},{\"@type\":\"ImageObject\",\"inLanguage\":\"fr-FR\",\"@id\":\"https:\\\/\\\/www.info-algerie.com\\\/actualites\\\/legislatives-satisfaction-quant-a-la-bonne-organisation-de-la-couverture-mediatique-au-niveau-du-cip\\\/#primaryimage\",\"url\":\"https:\\\/\\\/www.info-algerie.com\\\/actualites\\\/wp-content\\\/uploads\\\/2017\\\/05\\\/5e302e27ffdc95685a553b416eafe8f3_S-1.jpg\",\"contentUrl\":\"https:\\\/\\\/www.info-algerie.com\\\/actualites\\\/wp-content\\\/uploads\\\/2017\\\/05\\\/5e302e27ffdc95685a553b416eafe8f3_S-1.jpg\",\"width\":280,\"height\":169},{\"@type\":\"BreadcrumbList\",\"@id\":\"https:\\\/\\\/www.info-algerie.com\\\/actualites\\\/legislatives-satisfaction-quant-a-la-bonne-organisation-de-la-couverture-mediatique-au-niveau-du-cip\\\/#breadcrumb\",\"itemListElement\":[{\"@type\":\"ListItem\",\"position\":1,\"name\":\"Accueil\",\"item\":\"https:\\\/\\\/www.info-algerie.com\\\/actualites\\\/\"},{\"@type\":\"ListItem\",\"position\":2,\"name\":\"L\u00e9gislatives: satisfaction quant \u00e0 la bonne organisation de la couverture m\u00e9diatique au niveau du CIP\"}]},{\"@type\":\"WebSite\",\"@id\":\"https:\\\/\\\/www.info-algerie.com\\\/actualites\\\/#website\",\"url\":\"https:\\\/\\\/www.info-algerie.com\\\/actualites\\\/\",\"name\":\"info algerie\",\"description\":\"Toutes les actualit\u00e9s\",\"publisher\":{\"@id\":\"https:\\\/\\\/www.info-algerie.com\\\/actualites\\\/#organization\"},\"potentialAction\":[{\"@type\":\"SearchAction\",\"target\":{\"@type\":\"EntryPoint\",\"urlTemplate\":\"https:\\\/\\\/www.info-algerie.com\\\/actualites\\\/?s={search_term_string}\"},\"query-input\":{\"@type\":\"PropertyValueSpecification\",\"valueRequired\":true,\"valueName\":\"search_term_string\"}}],\"inLanguage\":\"fr-FR\"},{\"@type\":\"Organization\",\"@id\":\"https:\\\/\\\/www.info-algerie.com\\\/actualites\\\/#organization\",\"name\":\"info algerie\",\"url\":\"https:\\\/\\\/www.info-algerie.com\\\/actualites\\\/\",\"logo\":{\"@type\":\"ImageObject\",\"inLanguage\":\"fr-FR\",\"@id\":\"https:\\\/\\\/www.info-algerie.com\\\/actualites\\\/#\\\/schema\\\/logo\\\/image\\\/\",\"url\":\"https:\\\/\\\/www.info-algerie.com\\\/actualites\\\/wp-content\\\/uploads\\\/2022\\\/07\\\/logo-ia-120.png\",\"contentUrl\":\"https:\\\/\\\/www.info-algerie.com\\\/actualites\\\/wp-content\\\/uploads\\\/2022\\\/07\\\/logo-ia-120.png\",\"width\":120,\"height\":43,\"caption\":\"info algerie\"},\"image\":{\"@id\":\"https:\\\/\\\/www.info-algerie.com\\\/actualites\\\/#\\\/schema\\\/logo\\\/image\\\/\"},\"sameAs\":[\"https:\\\/\\\/www.facebook.com\\\/infoalgerieactu\",\"https:\\\/\\\/x.com\\\/infoalgerie1\"]},{\"@type\":\"Person\",\"@id\":\"https:\\\/\\\/www.info-algerie.com\\\/actualites\\\/#\\\/schema\\\/person\\\/847aaec44920825b843a08f30ec6aa1e\",\"name\":\"La r\u00e9daction\",\"image\":{\"@type\":\"ImageObject\",\"inLanguage\":\"fr-FR\",\"@id\":\"https:\\\/\\\/secure.gravatar.com\\\/avatar\\\/769db425c6f465158149f1ffd6cf61ce7a8a879d11dfbef8288af36dfddd418c?s=96&d=mm&r=g\",\"url\":\"https:\\\/\\\/secure.gravatar.com\\\/avatar\\\/769db425c6f465158149f1ffd6cf61ce7a8a879d11dfbef8288af36dfddd418c?s=96&d=mm&r=g\",\"contentUrl\":\"https:\\\/\\\/secure.gravatar.com\\\/avatar\\\/769db425c6f465158149f1ffd6cf61ce7a8a879d11dfbef8288af36dfddd418c?s=96&d=mm&r=g\",\"caption\":\"La r\u00e9daction\"},\"sameAs\":[\"http:\\\/\\\/www.lkeria.com\\\/\"],\"url\":\"https:\\\/\\\/www.info-algerie.com\\\/actualites\\\/author\\\/chakib32\\\/\"}]}<\/script>\n<!-- \/ Yoast SEO plugin. -->","yoast_head_json":{"title":"L\u00e9gislatives: satisfaction quant \u00e0 la bonne organisation de la couverture m\u00e9diatique au niveau du CIP - info algerie","robots":{"index":"index","follow":"follow","max-snippet":"max-snippet:-1","max-image-preview":"max-image-preview:large","max-video-preview":"max-video-preview:-1"},"canonical":"https:\/\/www.info-algerie.com\/actualites\/legislatives-satisfaction-quant-a-la-bonne-organisation-de-la-couverture-mediatique-au-niveau-du-cip\/","og_locale":"fr_FR","og_type":"article","og_title":"L\u00e9gislatives: satisfaction quant \u00e0 la bonne organisation de la couverture m\u00e9diatique au niveau du CIP - info algerie","og_description":"ALGER &#8211; Un climat de bonne organisation r\u00e8gne au Centre international de presse (CIP) \u00e0 Alger o\u00f9 le nombre des journalistes locaux, photographes et techniciens compris, avoisine les 1000 en plus de quelque 70 journalistes \u00e9trangers, selon les chiffres avanc\u00e9s par la directrice des m\u00e9dias au minist\u00e8re de la Communication, Zerimi Fatma Zahra. &#013; &#013;","og_url":"https:\/\/www.info-algerie.com\/actualites\/legislatives-satisfaction-quant-a-la-bonne-organisation-de-la-couverture-mediatique-au-niveau-du-cip\/","og_site_name":"info algerie","article_publisher":"https:\/\/www.facebook.com\/infoalgerieactu","article_published_time":"2017-05-04T15:00:15+00:00","og_image":[{"width":280,"height":169,"url":"https:\/\/www.info-algerie.com\/actualites\/wp-content\/uploads\/2017\/05\/5e302e27ffdc95685a553b416eafe8f3_S-1.jpg","type":"image\/jpeg"}],"author":"La r\u00e9daction","twitter_misc":{"\u00c9crit par":"La r\u00e9daction","Dur\u00e9e de lecture estim\u00e9e":"1 minute"},"schema":{"@context":"https:\/\/schema.org","@graph":[{"@type":"Article","@id":"https:\/\/www.info-algerie.com\/actualites\/legislatives-satisfaction-quant-a-la-bonne-organisation-de-la-couverture-mediatique-au-niveau-du-cip\/#article","isPartOf":{"@id":"https:\/\/www.info-algerie.com\/actualites\/legislatives-satisfaction-quant-a-la-bonne-organisation-de-la-couverture-mediatique-au-niveau-du-cip\/"},"author":{"name":"La r\u00e9daction","@id":"https:\/\/www.info-algerie.com\/actualites\/#\/schema\/person\/847aaec44920825b843a08f30ec6aa1e"},"headline":"L\u00e9gislatives: satisfaction quant \u00e0 la bonne organisation de la couverture m\u00e9diatique au niveau du CIP","datePublished":"2017-05-04T15:00:15+00:00","mainEntityOfPage":{"@id":"https:\/\/www.info-algerie.com\/actualites\/legislatives-satisfaction-quant-a-la-bonne-organisation-de-la-couverture-mediatique-au-niveau-du-cip\/"},"wordCount":249,"commentCount":0,"publisher":{"@id":"https:\/\/www.info-algerie.com\/actualites\/#organization"},"image":{"@id":"https:\/\/www.info-algerie.com\/actualites\/legislatives-satisfaction-quant-a-la-bonne-organisation-de-la-couverture-mediatique-au-niveau-du-cip\/#primaryimage"},"thumbnailUrl":"https:\/\/www.info-algerie.com\/actualites\/wp-content\/uploads\/2017\/05\/5e302e27ffdc95685a553b416eafe8f3_S-1.jpg","keywords":["ONU"],"articleSection":["infos"],"inLanguage":"fr-FR","potentialAction":[{"@type":"CommentAction","name":"Comment","target":["https:\/\/www.info-algerie.com\/actualites\/legislatives-satisfaction-quant-a-la-bonne-organisation-de-la-couverture-mediatique-au-niveau-du-cip\/#respond"]}]},{"@type":"WebPage","@id":"https:\/\/www.info-algerie.com\/actualites\/legislatives-satisfaction-quant-a-la-bonne-organisation-de-la-couverture-mediatique-au-niveau-du-cip\/","url":"https:\/\/www.info-algerie.com\/actualites\/legislatives-satisfaction-quant-a-la-bonne-organisation-de-la-couverture-mediatique-au-niveau-du-cip\/","name":"L\u00e9gislatives: satisfaction quant \u00e0 la bonne organisation de la couverture m\u00e9diatique au niveau du CIP - info algerie","isPartOf":{"@id":"https:\/\/www.info-algerie.com\/actualites\/#website"},"primaryImageOfPage":{"@id":"https:\/\/www.info-algerie.com\/actualites\/legislatives-satisfaction-quant-a-la-bonne-organisation-de-la-couverture-mediatique-au-niveau-du-cip\/#primaryimage"},"image":{"@id":"https:\/\/www.info-algerie.com\/actualites\/legislatives-satisfaction-quant-a-la-bonne-organisation-de-la-couverture-mediatique-au-niveau-du-cip\/#primaryimage"},"thumbnailUrl":"https:\/\/www.info-algerie.com\/actualites\/wp-content\/uploads\/2017\/05\/5e302e27ffdc95685a553b416eafe8f3_S-1.jpg","datePublished":"2017-05-04T15:00:15+00:00","breadcrumb":{"@id":"https:\/\/www.info-algerie.com\/actualites\/legislatives-satisfaction-quant-a-la-bonne-organisation-de-la-couverture-mediatique-au-niveau-du-cip\/#breadcrumb"},"inLanguage":"fr-FR","potentialAction":[{"@type":"ReadAction","target":["https:\/\/www.info-algerie.com\/actualites\/legislatives-satisfaction-quant-a-la-bonne-organisation-de-la-couverture-mediatique-au-niveau-du-cip\/"]}]},{"@type":"ImageObject","inLanguage":"fr-FR","@id":"https:\/\/www.info-algerie.com\/actualites\/legislatives-satisfaction-quant-a-la-bonne-organisation-de-la-couverture-mediatique-au-niveau-du-cip\/#primaryimage","url":"https:\/\/www.info-algerie.com\/actualites\/wp-content\/uploads\/2017\/05\/5e302e27ffdc95685a553b416eafe8f3_S-1.jpg","contentUrl":"https:\/\/www.info-algerie.com\/actualites\/wp-content\/uploads\/2017\/05\/5e302e27ffdc95685a553b416eafe8f3_S-1.jpg","width":280,"height":169},{"@type":"BreadcrumbList","@id":"https:\/\/www.info-algerie.com\/actualites\/legislatives-satisfaction-quant-a-la-bonne-organisation-de-la-couverture-mediatique-au-niveau-du-cip\/#breadcrumb","itemListElement":[{"@type":"ListItem","position":1,"name":"Accueil","item":"https:\/\/www.info-algerie.com\/actualites\/"},{"@type":"ListItem","position":2,"name":"L\u00e9gislatives: satisfaction quant \u00e0 la bonne organisation de la couverture m\u00e9diatique au niveau du CIP"}]},{"@type":"WebSite","@id":"https:\/\/www.info-algerie.com\/actualites\/#website","url":"https:\/\/www.info-algerie.com\/actualites\/","name":"info algerie","description":"Toutes les actualit\u00e9s","publisher":{"@id":"https:\/\/www.info-algerie.com\/actualites\/#organization"},"potentialAction":[{"@type":"SearchAction","target":{"@type":"EntryPoint","urlTemplate":"https:\/\/www.info-algerie.com\/actualites\/?s={search_term_string}"},"query-input":{"@type":"PropertyValueSpecification","valueRequired":true,"valueName":"search_term_string"}}],"inLanguage":"fr-FR"},{"@type":"Organization","@id":"https:\/\/www.info-algerie.com\/actualites\/#organization","name":"info algerie","url":"https:\/\/www.info-algerie.com\/actualites\/","logo":{"@type":"ImageObject","inLanguage":"fr-FR","@id":"https:\/\/www.info-algerie.com\/actualites\/#\/schema\/logo\/image\/","url":"https:\/\/www.info-algerie.com\/actualites\/wp-content\/uploads\/2022\/07\/logo-ia-120.png","contentUrl":"https:\/\/www.info-algerie.com\/actualites\/wp-content\/uploads\/2022\/07\/logo-ia-120.png","width":120,"height":43,"caption":"info algerie"},"image":{"@id":"https:\/\/www.info-algerie.com\/actualites\/#\/schema\/logo\/image\/"},"sameAs":["https:\/\/www.facebook.com\/infoalgerieactu","https:\/\/x.com\/infoalgerie1"]},{"@type":"Person","@id":"https:\/\/www.info-algerie.com\/actualites\/#\/schema\/person\/847aaec44920825b843a08f30ec6aa1e","name":"La r\u00e9daction","image":{"@type":"ImageObject","inLanguage":"fr-FR","@id":"https:\/\/secure.gravatar.com\/avatar\/769db425c6f465158149f1ffd6cf61ce7a8a879d11dfbef8288af36dfddd418c?s=96&d=mm&r=g","url":"https:\/\/secure.gravatar.com\/avatar\/769db425c6f465158149f1ffd6cf61ce7a8a879d11dfbef8288af36dfddd418c?s=96&d=mm&r=g","contentUrl":"https:\/\/secure.gravatar.com\/avatar\/769db425c6f465158149f1ffd6cf61ce7a8a879d11dfbef8288af36dfddd418c?s=96&d=mm&r=g","caption":"La r\u00e9daction"},"sameAs":["http:\/\/www.lkeria.com\/"],"url":"https:\/\/www.info-algerie.com\/actualites\/author\/chakib32\/"}]}},"_links":{"self":[{"href":"https:\/\/www.info-algerie.com\/actualites\/wp-json\/wp\/v2\/posts\/11518","targetHints":{"allow":["GET"]}}],"collection":[{"href":"https:\/\/www.info-algerie.com\/actualites\/wp-json\/wp\/v2\/posts"}],"about":[{"href":"https:\/\/www.info-algerie.com\/actualites\/wp-json\/wp\/v2\/types\/post"}],"author":[{"embeddable":true,"href":"https:\/\/www.info-algerie.com\/actualites\/wp-json\/wp\/v2\/users\/6"}],"replies":[{"embeddable":true,"href":"https:\/\/www.info-algerie.com\/actualites\/wp-json\/wp\/v2\/comments?post=11518"}],"version-history":[{"count":0,"href":"https:\/\/www.info-algerie.com\/actualites\/wp-json\/wp\/v2\/posts\/11518\/revisions"}],"wp:featuredmedia":[{"embeddable":true,"href":"https:\/\/www.info-algerie.com\/actualites\/wp-json\/wp\/v2\/media\/11519"}],"wp:attachment":[{"href":"https:\/\/www.info-algerie.com\/actualites\/wp-json\/wp\/v2\/media?parent=11518"}],"wp:term":[{"taxonomy":"category","embeddable":true,"href":"https:\/\/www.info-algerie.com\/actualites\/wp-json\/wp\/v2\/categories?post=11518"},{"taxonomy":"post_tag","embeddable":true,"href":"https:\/\/www.info-algerie.com\/actualites\/wp-json\/wp\/v2\/tags?post=11518"}],"curies":[{"name":"wp","href":"https:\/\/api.w.org\/{rel}","templated":true}]}}